{"id":34914,"date":"2012-02-09T23:45:33","date_gmt":"2012-02-09T22:45:33","guid":{"rendered":"http:\/\/www.bellunopress.it\/?p=34914"},"modified":"2012-02-08T20:46:23","modified_gmt":"2012-02-08T19:46:23","slug":"presaggio-ovvero-ripensare-i-modelli-di-sviluppo-domenica-a-lentiai","status":"publish","type":"post","link":"https:\/\/www.bellunopress.it\/fr\/2012\/02\/09\/presaggio-ovvero-ripensare-i-modelli-di-sviluppo-domenica-a-lentiai\/","title":{"rendered":"\u201cPresaggio\u201d, ovvero ripensare i modelli di sviluppo. Domenica a Lentiai"},"content":{"rendered":"<p>Domenica 12 febbraio con inizio alle ore 16.30 si terr\u00e0 presso la \u201cSociet\u00e0 Operaia\u201d a Lentiai (BL) un incontro, convegno, chiacchierata sulla questione \u201cPaesaggio\u201d Un tema centrale soprattutto in un territorio come il nostro, straordinariamente bello e non ancora totalmente deturpato.<\/p>\n<p>L&#8217; evento \u00e8 organizzato dal Gruppo Coltivare Condividendo che da qualche anno si occupa di agricoltura sostenibile, strettamente legata a biodiversit\u00e0, tecniche di coltivazione biologiche, salubrit\u00e0, auto produzioni, turismo sostenibile, relazioni.. tutte questioni che centrano, eccome, con il paesaggio<\/p>\n<p>\u201cPresaggio\u201d (un mix tra presagio e paesaggio) \u00e8 questo il titolo scelto per una giornata che vuole evidenziare quanto sia vitale ripensare certo modelli di cosidetto \u201csviluppo\u201d che hanno gi\u00e0 devastato ampie aree del nostro Paese e che comportano il deturpamento del territorio, lo sfruttamento intensivo delle sue risorse, la cementificazione selvaggia, lo stravolgimento del paesaggio rurale Una giornata che vuole sottolineare che si puo&#8217; fare altro e di meglio, non solo per tutelare il nostro paesaggio ma anche per creare una nuova e diversa economia incentrata su produzioni locali sane e genuine, biodiversit\u00e0, turismo sostenibile, filiera corta.<\/p>\n<p>Il convegno prevede la presenza di Emiliano Oddone (geologo e grande conoscitore del nostro territorio) che ci accompagner\u00e0 in una visita (fatta di parole, immagini suggestioni) davvero molto particolare. Sar\u00e0 poi la volta dell&#8217;architetto Andrea Bona che unir\u00e0 nozioni tecniche e considerazioni e riflessioni sul paesaggio bellunese. Il tutto condito da una intensa performance di Giuliano Tremea che musicher\u00e0 brani e poesie legate al paesaggio Con un inevitabile omaggio al grande poeta Andrea Zanzotto Non mancheranno considerazioni e visioni sul paesaggio rurale<\/p>\n<p>Verranno inoltre segnalate e proposte due interessantissime iniziative: La prima \u00e8 legata al progetto \u201cSalviamo il paesaggio \u2013 difendiamo il territorio\u201d che ha gi\u00e0 portato a una forte mobilitazione in tutta Italia. Se ci saranno le condizioni e le persone interessate verr\u00e0 proposta la costituzione di un gruppo locale. La seconda \u00e8 invece un forte appello lanciato da molte associazioni contadine per lo stop alla vendita delle terre demaniali<\/p>\n<p>Invitiamo tutti a partecipare portando anche loro foto, poesie, scritti, suggestioni legati al suo, nostro vivere il e nel territorio.<\/p>\n<p>Ricordiamo che questo sar\u00e0 il primo di tre appuntamenti che si terranno presso la Societ\u00e0 Operaia a Lentiai. I prossimi riguarderanno le sementi (come auto produrle selezionarle.. il 26\/2) e le tecniche di coltivazione dolci (l&#8217; 11\/3) Per informazioni: <a href=\"http:\/\/www.coltivarcondividendo.blogspot.com\">www.coltivarcondividendo.blogspot.com<\/a><\/p>","protected":false},"excerpt":{"rendered":"<p>Domenica 12 febbraio con inizio alle ore 16.30 si terr\u00e0 presso la \u201cSociet\u00e0 Operaia\u201d a Lentiai (BL) un incontro, convegno, chiacchierata sulla questione \u201cPaesaggio\u201d Un tema centrale soprattutto in un territorio come il nostro, straordinariamente bello e non ancora totalmente deturpato. L&#8217; evento \u00e8 organizzato dal Gruppo Coltivare Condividendo che da qualche anno si occupa [&hellip;]<\/p>\n","protected":false},"author":2,"featured_media":0,"comment_status":"closed","ping_status":"open","sticky":false,"template":"","format":"standard","meta":{"footnotes":""},"categories":[27,25],"tags":[],"class_list":["post-34914","post","type-post","status-publish","format-standard","category-appuntamenti","category-pausa-caffe"],"yoast_head":"<!-- This site is optimized with the Yoast SEO plugin v28.4 - https:\/\/yoast.com\/product\/yoast-seo-wordpress\/ -->\n<title>\u201cPresaggio\u201d, ovvero ripensare i modelli di sviluppo. Domenica a Lentiai - Bellunopress - Dolomiti<\/title>\n<meta name=\"robots\" content=\"index, follow, max-snippet:-1, max-image-preview:large, max-video-preview:-1\" \/>\n<link rel=\"canonical\" href=\"https:\/\/www.bellunopress.it\/fr\/2012\/02\/09\/presaggio-ovvero-ripensare-i-modelli-di-sviluppo-domenica-a-lentiai\/\" \/>\n<meta property=\"og:locale\" content=\"fr_FR\" \/>\n<meta property=\"og:type\" content=\"article\" \/>\n<meta property=\"og:title\" content=\"\u201cPresaggio\u201d, ovvero ripensare i modelli di sviluppo. Domenica a Lentiai - Bellunopress - Dolomiti\" \/>\n<meta property=\"og:description\" content=\"Domenica 12 febbraio con inizio alle ore 16.30 si terr\u00e0 presso la \u201cSociet\u00e0 Operaia\u201d a Lentiai (BL) un incontro, convegno, chiacchierata sulla questione \u201cPaesaggio\u201d Un tema centrale soprattutto in un territorio come il nostro, straordinariamente bello e non ancora totalmente deturpato. L&#8217; evento \u00e8 organizzato dal Gruppo Coltivare Condividendo che da qualche anno si occupa [&hellip;]\" \/>\n<meta property=\"og:url\" content=\"https:\/\/www.bellunopress.it\/fr\/2012\/02\/09\/presaggio-ovvero-ripensare-i-modelli-di-sviluppo-domenica-a-lentiai\/\" \/>\n<meta property=\"og:site_name\" content=\"Bellunopress - Dolomiti\" \/>\n<meta property=\"article:publisher\" content=\"https:\/\/www.facebook.com\/profile.php?id=100008943462799\" \/>\n<meta property=\"article:published_time\" content=\"2012-02-09T22:45:33+00:00\" \/>\n<meta property=\"og:image\" content=\"http:\/\/www.bellunopress.it\/wp-content\/uploads\/2012\/07\/logo-bellunopress-250x250-2012.jpg\" \/>\n<meta name=\"author\" content=\"redazione\" \/>\n<meta name=\"twitter:card\" content=\"summary_large_image\" \/>\n<meta name=\"twitter:creator\" content=\"@bellunopress\" \/>\n<meta name=\"twitter:site\" content=\"@bellunopress\" \/>\n<meta name=\"twitter:label1\" content=\"\u00c9crit par\" \/>\n\t<meta name=\"twitter:data1\" content=\"redazione\" \/>\n\t<meta name=\"twitter:label2\" content=\"Dur\u00e9e de lecture estim\u00e9e\" \/>\n\t<meta name=\"twitter:data2\" content=\"2 minutes\" \/>\n<script type=\"application\/ld+json\" class=\"yoast-schema-graph\">{\"@context\":\"https:\\\/\\\/schema.org\",\"@graph\":[{\"@type\":\"Article\",\"@id\":\"https:\\\/\\\/www.bellunopress.it\\\/2012\\\/02\\\/09\\\/presaggio-ovvero-ripensare-i-modelli-di-sviluppo-domenica-a-lentiai\\\/#article\",\"isPartOf\":{\"@id\":\"https:\\\/\\\/www.bellunopress.it\\\/2012\\\/02\\\/09\\\/presaggio-ovvero-ripensare-i-modelli-di-sviluppo-domenica-a-lentiai\\\/\"},\"author\":{\"name\":\"redazione\",\"@id\":\"https:\\\/\\\/www.bellunopress.it\\\/#\\\/schema\\\/person\\\/79bb06722b37ece1c03d3e94beb30d73\"},\"headline\":\"\u201cPresaggio\u201d, ovvero ripensare i modelli di sviluppo. Domenica a Lentiai\",\"datePublished\":\"2012-02-09T22:45:33+00:00\",\"mainEntityOfPage\":{\"@id\":\"https:\\\/\\\/www.bellunopress.it\\\/2012\\\/02\\\/09\\\/presaggio-ovvero-ripensare-i-modelli-di-sviluppo-domenica-a-lentiai\\\/\"},\"wordCount\":394,\"publisher\":{\"@id\":\"https:\\\/\\\/www.bellunopress.it\\\/#organization\"},\"articleSection\":[\"Appuntamenti, Eventi\",\"Pausa Caff\u00e8\"],\"inLanguage\":\"fr-FR\"},{\"@type\":\"WebPage\",\"@id\":\"https:\\\/\\\/www.bellunopress.it\\\/2012\\\/02\\\/09\\\/presaggio-ovvero-ripensare-i-modelli-di-sviluppo-domenica-a-lentiai\\\/\",\"url\":\"https:\\\/\\\/www.bellunopress.it\\\/2012\\\/02\\\/09\\\/presaggio-ovvero-ripensare-i-modelli-di-sviluppo-domenica-a-lentiai\\\/\",\"name\":\"\u201cPresaggio\u201d, ovvero ripensare i modelli di sviluppo. Domenica a Lentiai - Bellunopress - Dolomiti\",\"isPartOf\":{\"@id\":\"https:\\\/\\\/www.bellunopress.it\\\/#website\"},\"datePublished\":\"2012-02-09T22:45:33+00:00\",\"breadcrumb\":{\"@id\":\"https:\\\/\\\/www.bellunopress.it\\\/2012\\\/02\\\/09\\\/presaggio-ovvero-ripensare-i-modelli-di-sviluppo-domenica-a-lentiai\\\/#breadcrumb\"},\"inLanguage\":\"fr-FR\",\"potentialAction\":[{\"@type\":\"ReadAction\",\"target\":[\"https:\\\/\\\/www.bellunopress.it\\\/2012\\\/02\\\/09\\\/presaggio-ovvero-ripensare-i-modelli-di-sviluppo-domenica-a-lentiai\\\/\"]}]},{\"@type\":\"BreadcrumbList\",\"@id\":\"https:\\\/\\\/www.bellunopress.it\\\/2012\\\/02\\\/09\\\/presaggio-ovvero-ripensare-i-modelli-di-sviluppo-domenica-a-lentiai\\\/#breadcrumb\",\"itemListElement\":[{\"@type\":\"ListItem\",\"position\":1,\"name\":\"Home\",\"item\":\"https:\\\/\\\/www.bellunopress.it\\\/\"},{\"@type\":\"ListItem\",\"position\":2,\"name\":\"\u201cPresaggio\u201d, ovvero ripensare i modelli di sviluppo. Domenica a Lentiai\"}]},{\"@type\":\"WebSite\",\"@id\":\"https:\\\/\\\/www.bellunopress.it\\\/#website\",\"url\":\"https:\\\/\\\/www.bellunopress.it\\\/\",\"name\":\"Bellunopress - Dolomiti\",\"description\":\"e-mail: redazione@bellunopress.it\",\"publisher\":{\"@id\":\"https:\\\/\\\/www.bellunopress.it\\\/#organization\"},\"potentialAction\":[{\"@type\":\"SearchAction\",\"target\":{\"@type\":\"EntryPoint\",\"urlTemplate\":\"https:\\\/\\\/www.bellunopress.it\\\/?s={search_term_string}\"},\"query-input\":{\"@type\":\"PropertyValueSpecification\",\"valueRequired\":true,\"valueName\":\"search_term_string\"}}],\"inLanguage\":\"fr-FR\"},{\"@type\":\"Organization\",\"@id\":\"https:\\\/\\\/www.bellunopress.it\\\/#organization\",\"name\":\"Bellunopress\",\"url\":\"https:\\\/\\\/www.bellunopress.it\\\/\",\"logo\":{\"@type\":\"ImageObject\",\"inLanguage\":\"fr-FR\",\"@id\":\"https:\\\/\\\/www.bellunopress.it\\\/#\\\/schema\\\/logo\\\/image\\\/\",\"url\":\"https:\\\/\\\/www.bellunopress.it\\\/wp-content\\\/uploads\\\/2011\\\/05\\\/cropped-logo-bellunopress-.jpg\",\"contentUrl\":\"https:\\\/\\\/www.bellunopress.it\\\/wp-content\\\/uploads\\\/2011\\\/05\\\/cropped-logo-bellunopress-.jpg\",\"width\":512,\"height\":512,\"caption\":\"Bellunopress\"},\"image\":{\"@id\":\"https:\\\/\\\/www.bellunopress.it\\\/#\\\/schema\\\/logo\\\/image\\\/\"},\"sameAs\":[\"https:\\\/\\\/www.facebook.com\\\/profile.php?id=100008943462799\",\"https:\\\/\\\/x.com\\\/bellunopress\",\"https:\\\/\\\/www.linkedin.com\\\/hp\\\/?dnr=JBzUWaJfMUw8vbXJJ2tVW5-I3jZKvC4wsoxE&amp;amp;amp;amp;amp;amp;trk=nav_responsive_tab_home\",\"https:\\\/\\\/www.youtube.com\\\/channel\\\/UCxL0wu1uN0_3_7hGG0306cw\"]},{\"@type\":\"Person\",\"@id\":\"https:\\\/\\\/www.bellunopress.it\\\/#\\\/schema\\\/person\\\/79bb06722b37ece1c03d3e94beb30d73\",\"name\":\"redazione\",\"image\":{\"@type\":\"ImageObject\",\"inLanguage\":\"fr-FR\",\"@id\":\"https:\\\/\\\/secure.gravatar.com\\\/avatar\\\/37d968a2e67a6fd04c169c4bdef102d0bc5d31b2546345219e348575eb80e9a0?s=96&d=mm&r=g\",\"url\":\"https:\\\/\\\/secure.gravatar.com\\\/avatar\\\/37d968a2e67a6fd04c169c4bdef102d0bc5d31b2546345219e348575eb80e9a0?s=96&d=mm&r=g\",\"contentUrl\":\"https:\\\/\\\/secure.gravatar.com\\\/avatar\\\/37d968a2e67a6fd04c169c4bdef102d0bc5d31b2546345219e348575eb80e9a0?s=96&d=mm&r=g\",\"caption\":\"redazione\"},\"sameAs\":[\"http:\\\/\\\/www.bellunopress.it\",\"https:\\\/\\\/x.com\\\/bellunopress\"],\"url\":\"https:\\\/\\\/www.bellunopress.it\\\/fr\\\/author\\\/redazione\\\/\"}]}<\/script>\n<!-- \/ Yoast SEO plugin. -->","yoast_head_json":{"title":"\u201cPresaggio\u201d, ovvero ripensare i modelli di sviluppo. Domenica a Lentiai - Bellunopress - Dolomiti","robots":{"index":"index","follow":"follow","max-snippet":"max-snippet:-1","max-image-preview":"max-image-preview:large","max-video-preview":"max-video-preview:-1"},"canonical":"https:\/\/www.bellunopress.it\/fr\/2012\/02\/09\/presaggio-ovvero-ripensare-i-modelli-di-sviluppo-domenica-a-lentiai\/","og_locale":"fr_FR","og_type":"article","og_title":"\u201cPresaggio\u201d, ovvero ripensare i modelli di sviluppo. Domenica a Lentiai - Bellunopress - Dolomiti","og_description":"Domenica 12 febbraio con inizio alle ore 16.30 si terr\u00e0 presso la \u201cSociet\u00e0 Operaia\u201d a Lentiai (BL) un incontro, convegno, chiacchierata sulla questione \u201cPaesaggio\u201d Un tema centrale soprattutto in un territorio come il nostro, straordinariamente bello e non ancora totalmente deturpato. L&#8217; evento \u00e8 organizzato dal Gruppo Coltivare Condividendo che da qualche anno si occupa [&hellip;]","og_url":"https:\/\/www.bellunopress.it\/fr\/2012\/02\/09\/presaggio-ovvero-ripensare-i-modelli-di-sviluppo-domenica-a-lentiai\/","og_site_name":"Bellunopress - Dolomiti","article_publisher":"https:\/\/www.facebook.com\/profile.php?id=100008943462799","article_published_time":"2012-02-09T22:45:33+00:00","og_image":[{"url":"http:\/\/www.bellunopress.it\/wp-content\/uploads\/2012\/07\/logo-bellunopress-250x250-2012.jpg","type":"","width":"","height":""}],"author":"redazione","twitter_card":"summary_large_image","twitter_creator":"@bellunopress","twitter_site":"@bellunopress","twitter_misc":{"\u00c9crit par":"redazione","Dur\u00e9e de lecture estim\u00e9e":"2 minutes"},"schema":{"@context":"https:\/\/schema.org","@graph":[{"@type":"Article","@id":"https:\/\/www.bellunopress.it\/2012\/02\/09\/presaggio-ovvero-ripensare-i-modelli-di-sviluppo-domenica-a-lentiai\/#article","isPartOf":{"@id":"https:\/\/www.bellunopress.it\/2012\/02\/09\/presaggio-ovvero-ripensare-i-modelli-di-sviluppo-domenica-a-lentiai\/"},"author":{"name":"redazione","@id":"https:\/\/www.bellunopress.it\/#\/schema\/person\/79bb06722b37ece1c03d3e94beb30d73"},"headline":"\u201cPresaggio\u201d, ovvero ripensare i modelli di sviluppo. Domenica a Lentiai","datePublished":"2012-02-09T22:45:33+00:00","mainEntityOfPage":{"@id":"https:\/\/www.bellunopress.it\/2012\/02\/09\/presaggio-ovvero-ripensare-i-modelli-di-sviluppo-domenica-a-lentiai\/"},"wordCount":394,"publisher":{"@id":"https:\/\/www.bellunopress.it\/#organization"},"articleSection":["Appuntamenti, Eventi","Pausa Caff\u00e8"],"inLanguage":"fr-FR"},{"@type":"WebPage","@id":"https:\/\/www.bellunopress.it\/2012\/02\/09\/presaggio-ovvero-ripensare-i-modelli-di-sviluppo-domenica-a-lentiai\/","url":"https:\/\/www.bellunopress.it\/2012\/02\/09\/presaggio-ovvero-ripensare-i-modelli-di-sviluppo-domenica-a-lentiai\/","name":"\u201cPresaggio\u201d, ovvero ripensare i modelli di sviluppo. Domenica a Lentiai - Bellunopress - Dolomiti","isPartOf":{"@id":"https:\/\/www.bellunopress.it\/#website"},"datePublished":"2012-02-09T22:45:33+00:00","breadcrumb":{"@id":"https:\/\/www.bellunopress.it\/2012\/02\/09\/presaggio-ovvero-ripensare-i-modelli-di-sviluppo-domenica-a-lentiai\/#breadcrumb"},"inLanguage":"fr-FR","potentialAction":[{"@type":"ReadAction","target":["https:\/\/www.bellunopress.it\/2012\/02\/09\/presaggio-ovvero-ripensare-i-modelli-di-sviluppo-domenica-a-lentiai\/"]}]},{"@type":"BreadcrumbList","@id":"https:\/\/www.bellunopress.it\/2012\/02\/09\/presaggio-ovvero-ripensare-i-modelli-di-sviluppo-domenica-a-lentiai\/#breadcrumb","itemListElement":[{"@type":"ListItem","position":1,"name":"Home","item":"https:\/\/www.bellunopress.it\/"},{"@type":"ListItem","position":2,"name":"\u201cPresaggio\u201d, ovvero ripensare i modelli di sviluppo. Domenica a Lentiai"}]},{"@type":"WebSite","@id":"https:\/\/www.bellunopress.it\/#website","url":"https:\/\/www.bellunopress.it\/","name":"Bellunopress - Dolomiti","description":"e-mail: redazione@bellunopress.it","publisher":{"@id":"https:\/\/www.bellunopress.it\/#organization"},"potentialAction":[{"@type":"SearchAction","target":{"@type":"EntryPoint","urlTemplate":"https:\/\/www.bellunopress.it\/?s={search_term_string}"},"query-input":{"@type":"PropertyValueSpecification","valueRequired":true,"valueName":"search_term_string"}}],"inLanguage":"fr-FR"},{"@type":"Organization","@id":"https:\/\/www.bellunopress.it\/#organization","name":"Bellunopress","url":"https:\/\/www.bellunopress.it\/","logo":{"@type":"ImageObject","inLanguage":"fr-FR","@id":"https:\/\/www.bellunopress.it\/#\/schema\/logo\/image\/","url":"https:\/\/www.bellunopress.it\/wp-content\/uploads\/2011\/05\/cropped-logo-bellunopress-.jpg","contentUrl":"https:\/\/www.bellunopress.it\/wp-content\/uploads\/2011\/05\/cropped-logo-bellunopress-.jpg","width":512,"height":512,"caption":"Bellunopress"},"image":{"@id":"https:\/\/www.bellunopress.it\/#\/schema\/logo\/image\/"},"sameAs":["https:\/\/www.facebook.com\/profile.php?id=100008943462799","https:\/\/x.com\/bellunopress","https:\/\/www.linkedin.com\/hp\/?dnr=JBzUWaJfMUw8vbXJJ2tVW5-I3jZKvC4wsoxE&amp;amp;amp;amp;amp;amp;trk=nav_responsive_tab_home","https:\/\/www.youtube.com\/channel\/UCxL0wu1uN0_3_7hGG0306cw"]},{"@type":"Person","@id":"https:\/\/www.bellunopress.it\/#\/schema\/person\/79bb06722b37ece1c03d3e94beb30d73","name":"r\u00e9daction","image":{"@type":"ImageObject","inLanguage":"fr-FR","@id":"https:\/\/secure.gravatar.com\/avatar\/37d968a2e67a6fd04c169c4bdef102d0bc5d31b2546345219e348575eb80e9a0?s=96&d=mm&r=g","url":"https:\/\/secure.gravatar.com\/avatar\/37d968a2e67a6fd04c169c4bdef102d0bc5d31b2546345219e348575eb80e9a0?s=96&d=mm&r=g","contentUrl":"https:\/\/secure.gravatar.com\/avatar\/37d968a2e67a6fd04c169c4bdef102d0bc5d31b2546345219e348575eb80e9a0?s=96&d=mm&r=g","caption":"redazione"},"sameAs":["http:\/\/www.bellunopress.it","https:\/\/x.com\/bellunopress"],"url":"https:\/\/www.bellunopress.it\/fr\/author\/redazione\/"}]}},"_links":{"self":[{"href":"https:\/\/www.bellunopress.it\/fr\/wp-json\/wp\/v2\/posts\/34914","targetHints":{"allow":["GET"]}}],"collection":[{"href":"https:\/\/www.bellunopress.it\/fr\/wp-json\/wp\/v2\/posts"}],"about":[{"href":"https:\/\/www.bellunopress.it\/fr\/wp-json\/wp\/v2\/types\/post"}],"author":[{"embeddable":true,"href":"https:\/\/www.bellunopress.it\/fr\/wp-json\/wp\/v2\/users\/2"}],"replies":[{"embeddable":true,"href":"https:\/\/www.bellunopress.it\/fr\/wp-json\/wp\/v2\/comments?post=34914"}],"version-history":[{"count":1,"href":"https:\/\/www.bellunopress.it\/fr\/wp-json\/wp\/v2\/posts\/34914\/revisions"}],"predecessor-version":[{"id":34915,"href":"https:\/\/www.bellunopress.it\/fr\/wp-json\/wp\/v2\/posts\/34914\/revisions\/34915"}],"wp:attachment":[{"href":"https:\/\/www.bellunopress.it\/fr\/wp-json\/wp\/v2\/media?parent=34914"}],"wp:term":[{"taxonomy":"category","embeddable":true,"href":"https:\/\/www.bellunopress.it\/fr\/wp-json\/wp\/v2\/categories?post=34914"},{"taxonomy":"post_tag","embeddable":true,"href":"https:\/\/www.bellunopress.it\/fr\/wp-json\/wp\/v2\/tags?post=34914"}],"curies":[{"name":"wp","href":"https:\/\/api.w.org\/{rel}","templated":true}]}}