{"id":34908,"date":"2012-02-08T18:53:01","date_gmt":"2012-02-08T17:53:01","guid":{"rendered":"http:\/\/www.bellunopress.it\/?p=34908"},"modified":"2012-02-08T18:53:01","modified_gmt":"2012-02-08T17:53:01","slug":"statuto-veneto-puppato-e-reolon-le-bugie-di-zaia-hanno-le-gambe-corte-si-torna-in-aula-per-la-modifica-come-da-noi-richiesto","status":"publish","type":"post","link":"https:\/\/www.bellunopress.it\/fr\/2012\/02\/08\/statuto-veneto-puppato-e-reolon-le-bugie-di-zaia-hanno-le-gambe-corte-si-torna-in-aula-per-la-modifica-come-da-noi-richiesto\/","title":{"rendered":"Statuto veneto. Puppato e Reolon: &#8220;Le bugie di Zaia hanno le gambe corte.Si torna in aula per la modifica come da noi richiesto&#8221;"},"content":{"rendered":"<p>&nbsp;<\/p>\n<figure id=\"attachment_26646\" aria-describedby=\"caption-attachment-26646\" style=\"width: 270px\" class=\"wp-caption alignleft\"><a href=\"http:\/\/www.bellunopress.it\/wp-content\/uploads\/2011\/05\/reolon-puppato.jpg\"><img loading=\"lazy\" decoding=\"async\" class=\"size-full wp-image-26646\" title=\"reolon puppato\" src=\"http:\/\/www.bellunopress.it\/wp-content\/uploads\/2011\/05\/reolon-puppato.jpg\" alt=\"\" width=\"270\" height=\"213\" \/><\/a><figcaption id=\"caption-attachment-26646\" class=\"wp-caption-text\">Sergio Reolon e Laura Puppato<\/figcaption><\/figure>\n<p>\u201cLa verit\u00e0 \u00e8 che il governo non ha mai impugnato lo Statuto della Regione Veneto. Le bugie di Zaia hanno le gambe corte\u201d. Il commento \u00e8 della capogruppo del Pd in Consiglio regionale, Laura Puppato e di Sergio Reolon, vice presidente della commissione Statuto, dopo l\u2019incontro di oggi tra il presidente del Veneto Luca Zaia e il Premier Mario Monti, e la comunicazione di Palazzo Chigi con la quale annuncia di aver \u2018ricevuto la deliberazione della Giunta Regionale n. 210 del 7 febbraio 2012 avente per oggetto &#8216;Statuto della Regione del Veneto-Controllo ai sensi dell&#8217;art. 123, comma 2, della Costituzione&#8217;, con la quale la Regione delibera di ribadire che con la norma di cui all&#8217;art. 30, comma 4, del nuovo Statuto, rubricato &#8216;Autonomia finanziaria&#8217;, la Regione non viola i principi di coordinamento della finanza pubblica e del sistema tributario e non intende procedere ad alcuna elusione di tali vincoli, e in particolare di quelli relativi al rispetto del patto di stabilit\u00e0 interno e dei limiti di indebitamento\u2019. \u201cC\u2019\u00e8 dunque l\u2019impegno a modificare lo Statuto alla prima seduta utile, passaggio auspicato dal Pd fin dal primo istante. E\u2019 evidente che c\u2019era da parte del governo un approfondimento in atto che qualcuno, in primis Zaia, ha voluto strumentalizzare in salsa anti romana per poi apparire come salvatore della patria. Non siamo stati di certo noi\u00a0 &#8211; concludono Puppato e Reolon &#8211; a parlare di marce su Roma o ad unirsi al coro delle proteste che si sono rivelate per quel che erano: un p\u00f2 di fumo per farsi propaganda gratuita\u201d.<\/p>","protected":false},"excerpt":{"rendered":"<p>&nbsp; \u201cLa verit\u00e0 \u00e8 che il governo non ha mai impugnato lo Statuto della Regione Veneto. Le bugie di Zaia hanno le gambe corte\u201d. Il commento \u00e8 della capogruppo del Pd in Consiglio regionale, Laura Puppato e di Sergio Reolon, vice presidente della commissione Statuto, dopo l\u2019incontro di oggi tra il presidente del Veneto Luca [&hellip;]<\/p>\n","protected":false},"author":2,"featured_media":0,"comment_status":"closed","ping_status":"open","sticky":false,"template":"","format":"standard","meta":{"footnotes":""},"categories":[5,26],"tags":[],"class_list":["post-34908","post","type-post","status-publish","format-standard","category-cronaca","category-prima-pagina"],"yoast_head":"<!-- This site is optimized with the Yoast SEO plugin v28.4 - https:\/\/yoast.com\/product\/yoast-seo-wordpress\/ -->\n<title>Statuto veneto. Puppato e Reolon: &quot;Le bugie di Zaia hanno le gambe corte.Si torna in aula per la modifica come da noi richiesto&quot;  - Bellunopress - Dolomiti<\/title>\n<meta name=\"robots\" content=\"index, follow, max-snippet:-1, max-image-preview:large, max-video-preview:-1\" \/>\n<link rel=\"canonical\" href=\"https:\/\/www.bellunopress.it\/fr\/2012\/02\/08\/statuto-veneto-puppato-e-reolon-le-bugie-di-zaia-hanno-le-gambe-corte-si-torna-in-aula-per-la-modifica-come-da-noi-richiesto\/\" \/>\n<meta property=\"og:locale\" content=\"fr_FR\" \/>\n<meta property=\"og:type\" content=\"article\" \/>\n<meta property=\"og:title\" content=\"Statuto veneto. Puppato e Reolon: &quot;Le bugie di Zaia hanno le gambe corte.Si torna in aula per la modifica come da noi richiesto&quot;  - Bellunopress - Dolomiti\" \/>\n<meta property=\"og:description\" content=\"&nbsp; \u201cLa verit\u00e0 \u00e8 che il governo non ha mai impugnato lo Statuto della Regione Veneto. Le bugie di Zaia hanno le gambe corte\u201d. Il commento \u00e8 della capogruppo del Pd in Consiglio regionale, Laura Puppato e di Sergio Reolon, vice presidente della commissione Statuto, dopo l\u2019incontro di oggi tra il presidente del Veneto Luca [&hellip;]\" \/>\n<meta property=\"og:url\" content=\"https:\/\/www.bellunopress.it\/fr\/2012\/02\/08\/statuto-veneto-puppato-e-reolon-le-bugie-di-zaia-hanno-le-gambe-corte-si-torna-in-aula-per-la-modifica-come-da-noi-richiesto\/\" \/>\n<meta property=\"og:site_name\" content=\"Bellunopress - Dolomiti\" \/>\n<meta property=\"article:publisher\" content=\"https:\/\/www.facebook.com\/profile.php?id=100008943462799\" \/>\n<meta property=\"article:published_time\" content=\"2012-02-08T17:53:01+00:00\" \/>\n<meta property=\"og:image\" content=\"http:\/\/www.bellunopress.it\/wp-content\/uploads\/2011\/05\/reolon-puppato.jpg\" \/>\n<meta name=\"author\" content=\"redazione\" \/>\n<meta name=\"twitter:card\" content=\"summary_large_image\" \/>\n<meta name=\"twitter:creator\" content=\"@bellunopress\" \/>\n<meta name=\"twitter:site\" content=\"@bellunopress\" \/>\n<meta name=\"twitter:label1\" content=\"\u00c9crit par\" \/>\n\t<meta name=\"twitter:data1\" content=\"redazione\" \/>\n\t<meta name=\"twitter:label2\" content=\"Dur\u00e9e de lecture estim\u00e9e\" \/>\n\t<meta name=\"twitter:data2\" content=\"1 minute\" \/>\n<script type=\"application\/ld+json\" class=\"yoast-schema-graph\">{\"@context\":\"https:\\\/\\\/schema.org\",\"@graph\":[{\"@type\":\"Article\",\"@id\":\"https:\\\/\\\/www.bellunopress.it\\\/2012\\\/02\\\/08\\\/statuto-veneto-puppato-e-reolon-le-bugie-di-zaia-hanno-le-gambe-corte-si-torna-in-aula-per-la-modifica-come-da-noi-richiesto\\\/#article\",\"isPartOf\":{\"@id\":\"https:\\\/\\\/www.bellunopress.it\\\/2012\\\/02\\\/08\\\/statuto-veneto-puppato-e-reolon-le-bugie-di-zaia-hanno-le-gambe-corte-si-torna-in-aula-per-la-modifica-come-da-noi-richiesto\\\/\"},\"author\":{\"name\":\"redazione\",\"@id\":\"https:\\\/\\\/www.bellunopress.it\\\/#\\\/schema\\\/person\\\/79bb06722b37ece1c03d3e94beb30d73\"},\"headline\":\"Statuto veneto. Puppato e Reolon: &#8220;Le bugie di Zaia hanno le gambe corte.Si torna in aula per la modifica come da noi richiesto&#8221;\",\"datePublished\":\"2012-02-08T17:53:01+00:00\",\"mainEntityOfPage\":{\"@id\":\"https:\\\/\\\/www.bellunopress.it\\\/2012\\\/02\\\/08\\\/statuto-veneto-puppato-e-reolon-le-bugie-di-zaia-hanno-le-gambe-corte-si-torna-in-aula-per-la-modifica-come-da-noi-richiesto\\\/\"},\"wordCount\":292,\"publisher\":{\"@id\":\"https:\\\/\\\/www.bellunopress.it\\\/#organization\"},\"image\":{\"@id\":\"https:\\\/\\\/www.bellunopress.it\\\/2012\\\/02\\\/08\\\/statuto-veneto-puppato-e-reolon-le-bugie-di-zaia-hanno-le-gambe-corte-si-torna-in-aula-per-la-modifica-come-da-noi-richiesto\\\/#primaryimage\"},\"thumbnailUrl\":\"http:\\\/\\\/www.bellunopress.it\\\/wp-content\\\/uploads\\\/2011\\\/05\\\/reolon-puppato.jpg\",\"articleSection\":[\"Cronaca\\\/Politica\",\"Prima Pagina\"],\"inLanguage\":\"fr-FR\"},{\"@type\":\"WebPage\",\"@id\":\"https:\\\/\\\/www.bellunopress.it\\\/2012\\\/02\\\/08\\\/statuto-veneto-puppato-e-reolon-le-bugie-di-zaia-hanno-le-gambe-corte-si-torna-in-aula-per-la-modifica-come-da-noi-richiesto\\\/\",\"url\":\"https:\\\/\\\/www.bellunopress.it\\\/2012\\\/02\\\/08\\\/statuto-veneto-puppato-e-reolon-le-bugie-di-zaia-hanno-le-gambe-corte-si-torna-in-aula-per-la-modifica-come-da-noi-richiesto\\\/\",\"name\":\"Statuto veneto. Puppato e Reolon: \\\"Le bugie di Zaia hanno le gambe corte.Si torna in aula per la modifica come da noi richiesto\\\" - Bellunopress - Dolomiti\",\"isPartOf\":{\"@id\":\"https:\\\/\\\/www.bellunopress.it\\\/#website\"},\"primaryImageOfPage\":{\"@id\":\"https:\\\/\\\/www.bellunopress.it\\\/2012\\\/02\\\/08\\\/statuto-veneto-puppato-e-reolon-le-bugie-di-zaia-hanno-le-gambe-corte-si-torna-in-aula-per-la-modifica-come-da-noi-richiesto\\\/#primaryimage\"},\"image\":{\"@id\":\"https:\\\/\\\/www.bellunopress.it\\\/2012\\\/02\\\/08\\\/statuto-veneto-puppato-e-reolon-le-bugie-di-zaia-hanno-le-gambe-corte-si-torna-in-aula-per-la-modifica-come-da-noi-richiesto\\\/#primaryimage\"},\"thumbnailUrl\":\"http:\\\/\\\/www.bellunopress.it\\\/wp-content\\\/uploads\\\/2011\\\/05\\\/reolon-puppato.jpg\",\"datePublished\":\"2012-02-08T17:53:01+00:00\",\"breadcrumb\":{\"@id\":\"https:\\\/\\\/www.bellunopress.it\\\/2012\\\/02\\\/08\\\/statuto-veneto-puppato-e-reolon-le-bugie-di-zaia-hanno-le-gambe-corte-si-torna-in-aula-per-la-modifica-come-da-noi-richiesto\\\/#breadcrumb\"},\"inLanguage\":\"fr-FR\",\"potentialAction\":[{\"@type\":\"ReadAction\",\"target\":[\"https:\\\/\\\/www.bellunopress.it\\\/2012\\\/02\\\/08\\\/statuto-veneto-puppato-e-reolon-le-bugie-di-zaia-hanno-le-gambe-corte-si-torna-in-aula-per-la-modifica-come-da-noi-richiesto\\\/\"]}]},{\"@type\":\"ImageObject\",\"inLanguage\":\"fr-FR\",\"@id\":\"https:\\\/\\\/www.bellunopress.it\\\/2012\\\/02\\\/08\\\/statuto-veneto-puppato-e-reolon-le-bugie-di-zaia-hanno-le-gambe-corte-si-torna-in-aula-per-la-modifica-come-da-noi-richiesto\\\/#primaryimage\",\"url\":\"http:\\\/\\\/www.bellunopress.it\\\/wp-content\\\/uploads\\\/2011\\\/05\\\/reolon-puppato.jpg\",\"contentUrl\":\"http:\\\/\\\/www.bellunopress.it\\\/wp-content\\\/uploads\\\/2011\\\/05\\\/reolon-puppato.jpg\"},{\"@type\":\"BreadcrumbList\",\"@id\":\"https:\\\/\\\/www.bellunopress.it\\\/2012\\\/02\\\/08\\\/statuto-veneto-puppato-e-reolon-le-bugie-di-zaia-hanno-le-gambe-corte-si-torna-in-aula-per-la-modifica-come-da-noi-richiesto\\\/#breadcrumb\",\"itemListElement\":[{\"@type\":\"ListItem\",\"position\":1,\"name\":\"Home\",\"item\":\"https:\\\/\\\/www.bellunopress.it\\\/\"},{\"@type\":\"ListItem\",\"position\":2,\"name\":\"Statuto veneto. Puppato e Reolon: &#8220;Le bugie di Zaia hanno le gambe corte.Si torna in aula per la modifica come da noi richiesto&#8221;\"}]},{\"@type\":\"WebSite\",\"@id\":\"https:\\\/\\\/www.bellunopress.it\\\/#website\",\"url\":\"https:\\\/\\\/www.bellunopress.it\\\/\",\"name\":\"Bellunopress - Dolomiti\",\"description\":\"e-mail: redazione@bellunopress.it\",\"publisher\":{\"@id\":\"https:\\\/\\\/www.bellunopress.it\\\/#organization\"},\"potentialAction\":[{\"@type\":\"SearchAction\",\"target\":{\"@type\":\"EntryPoint\",\"urlTemplate\":\"https:\\\/\\\/www.bellunopress.it\\\/?s={search_term_string}\"},\"query-input\":{\"@type\":\"PropertyValueSpecification\",\"valueRequired\":true,\"valueName\":\"search_term_string\"}}],\"inLanguage\":\"fr-FR\"},{\"@type\":\"Organization\",\"@id\":\"https:\\\/\\\/www.bellunopress.it\\\/#organization\",\"name\":\"Bellunopress\",\"url\":\"https:\\\/\\\/www.bellunopress.it\\\/\",\"logo\":{\"@type\":\"ImageObject\",\"inLanguage\":\"fr-FR\",\"@id\":\"https:\\\/\\\/www.bellunopress.it\\\/#\\\/schema\\\/logo\\\/image\\\/\",\"url\":\"https:\\\/\\\/www.bellunopress.it\\\/wp-content\\\/uploads\\\/2011\\\/05\\\/cropped-logo-bellunopress-.jpg\",\"contentUrl\":\"https:\\\/\\\/www.bellunopress.it\\\/wp-content\\\/uploads\\\/2011\\\/05\\\/cropped-logo-bellunopress-.jpg\",\"width\":512,\"height\":512,\"caption\":\"Bellunopress\"},\"image\":{\"@id\":\"https:\\\/\\\/www.bellunopress.it\\\/#\\\/schema\\\/logo\\\/image\\\/\"},\"sameAs\":[\"https:\\\/\\\/www.facebook.com\\\/profile.php?id=100008943462799\",\"https:\\\/\\\/x.com\\\/bellunopress\",\"https:\\\/\\\/www.linkedin.com\\\/hp\\\/?dnr=JBzUWaJfMUw8vbXJJ2tVW5-I3jZKvC4wsoxE&amp;amp;amp;amp;amp;amp;trk=nav_responsive_tab_home\",\"https:\\\/\\\/www.youtube.com\\\/channel\\\/UCxL0wu1uN0_3_7hGG0306cw\"]},{\"@type\":\"Person\",\"@id\":\"https:\\\/\\\/www.bellunopress.it\\\/#\\\/schema\\\/person\\\/79bb06722b37ece1c03d3e94beb30d73\",\"name\":\"redazione\",\"image\":{\"@type\":\"ImageObject\",\"inLanguage\":\"fr-FR\",\"@id\":\"https:\\\/\\\/secure.gravatar.com\\\/avatar\\\/37d968a2e67a6fd04c169c4bdef102d0bc5d31b2546345219e348575eb80e9a0?s=96&d=mm&r=g\",\"url\":\"https:\\\/\\\/secure.gravatar.com\\\/avatar\\\/37d968a2e67a6fd04c169c4bdef102d0bc5d31b2546345219e348575eb80e9a0?s=96&d=mm&r=g\",\"contentUrl\":\"https:\\\/\\\/secure.gravatar.com\\\/avatar\\\/37d968a2e67a6fd04c169c4bdef102d0bc5d31b2546345219e348575eb80e9a0?s=96&d=mm&r=g\",\"caption\":\"redazione\"},\"sameAs\":[\"http:\\\/\\\/www.bellunopress.it\",\"https:\\\/\\\/x.com\\\/bellunopress\"],\"url\":\"https:\\\/\\\/www.bellunopress.it\\\/fr\\\/author\\\/redazione\\\/\"}]}<\/script>\n<!-- \/ Yoast SEO plugin. -->","yoast_head_json":{"title":"Statuto veneto. Puppato e Reolon: \"Le bugie di Zaia hanno le gambe corte.Si torna in aula per la modifica come da noi richiesto\"  - Bellunopress - Dolomiti","robots":{"index":"index","follow":"follow","max-snippet":"max-snippet:-1","max-image-preview":"max-image-preview:large","max-video-preview":"max-video-preview:-1"},"canonical":"https:\/\/www.bellunopress.it\/fr\/2012\/02\/08\/statuto-veneto-puppato-e-reolon-le-bugie-di-zaia-hanno-le-gambe-corte-si-torna-in-aula-per-la-modifica-come-da-noi-richiesto\/","og_locale":"fr_FR","og_type":"article","og_title":"Statuto veneto. Puppato e Reolon: \"Le bugie di Zaia hanno le gambe corte.Si torna in aula per la modifica come da noi richiesto\"  - Bellunopress - Dolomiti","og_description":"&nbsp; \u201cLa verit\u00e0 \u00e8 che il governo non ha mai impugnato lo Statuto della Regione Veneto. Le bugie di Zaia hanno le gambe corte\u201d. Il commento \u00e8 della capogruppo del Pd in Consiglio regionale, Laura Puppato e di Sergio Reolon, vice presidente della commissione Statuto, dopo l\u2019incontro di oggi tra il presidente del Veneto Luca [&hellip;]","og_url":"https:\/\/www.bellunopress.it\/fr\/2012\/02\/08\/statuto-veneto-puppato-e-reolon-le-bugie-di-zaia-hanno-le-gambe-corte-si-torna-in-aula-per-la-modifica-come-da-noi-richiesto\/","og_site_name":"Bellunopress - Dolomiti","article_publisher":"https:\/\/www.facebook.com\/profile.php?id=100008943462799","article_published_time":"2012-02-08T17:53:01+00:00","og_image":[{"url":"http:\/\/www.bellunopress.it\/wp-content\/uploads\/2011\/05\/reolon-puppato.jpg","type":"","width":"","height":""}],"author":"redazione","twitter_card":"summary_large_image","twitter_creator":"@bellunopress","twitter_site":"@bellunopress","twitter_misc":{"\u00c9crit par":"redazione","Dur\u00e9e de lecture estim\u00e9e":"1 minute"},"schema":{"@context":"https:\/\/schema.org","@graph":[{"@type":"Article","@id":"https:\/\/www.bellunopress.it\/2012\/02\/08\/statuto-veneto-puppato-e-reolon-le-bugie-di-zaia-hanno-le-gambe-corte-si-torna-in-aula-per-la-modifica-come-da-noi-richiesto\/#article","isPartOf":{"@id":"https:\/\/www.bellunopress.it\/2012\/02\/08\/statuto-veneto-puppato-e-reolon-le-bugie-di-zaia-hanno-le-gambe-corte-si-torna-in-aula-per-la-modifica-come-da-noi-richiesto\/"},"author":{"name":"redazione","@id":"https:\/\/www.bellunopress.it\/#\/schema\/person\/79bb06722b37ece1c03d3e94beb30d73"},"headline":"Statuto veneto. Puppato e Reolon: &#8220;Le bugie di Zaia hanno le gambe corte.Si torna in aula per la modifica come da noi richiesto&#8221;","datePublished":"2012-02-08T17:53:01+00:00","mainEntityOfPage":{"@id":"https:\/\/www.bellunopress.it\/2012\/02\/08\/statuto-veneto-puppato-e-reolon-le-bugie-di-zaia-hanno-le-gambe-corte-si-torna-in-aula-per-la-modifica-come-da-noi-richiesto\/"},"wordCount":292,"publisher":{"@id":"https:\/\/www.bellunopress.it\/#organization"},"image":{"@id":"https:\/\/www.bellunopress.it\/2012\/02\/08\/statuto-veneto-puppato-e-reolon-le-bugie-di-zaia-hanno-le-gambe-corte-si-torna-in-aula-per-la-modifica-come-da-noi-richiesto\/#primaryimage"},"thumbnailUrl":"http:\/\/www.bellunopress.it\/wp-content\/uploads\/2011\/05\/reolon-puppato.jpg","articleSection":["Cronaca\/Politica","Prima Pagina"],"inLanguage":"fr-FR"},{"@type":"WebPage","@id":"https:\/\/www.bellunopress.it\/2012\/02\/08\/statuto-veneto-puppato-e-reolon-le-bugie-di-zaia-hanno-le-gambe-corte-si-torna-in-aula-per-la-modifica-come-da-noi-richiesto\/","url":"https:\/\/www.bellunopress.it\/2012\/02\/08\/statuto-veneto-puppato-e-reolon-le-bugie-di-zaia-hanno-le-gambe-corte-si-torna-in-aula-per-la-modifica-come-da-noi-richiesto\/","name":"Statuto veneto. Puppato e Reolon: \"Le bugie di Zaia hanno le gambe corte.Si torna in aula per la modifica come da noi richiesto\" - Bellunopress - Dolomiti","isPartOf":{"@id":"https:\/\/www.bellunopress.it\/#website"},"primaryImageOfPage":{"@id":"https:\/\/www.bellunopress.it\/2012\/02\/08\/statuto-veneto-puppato-e-reolon-le-bugie-di-zaia-hanno-le-gambe-corte-si-torna-in-aula-per-la-modifica-come-da-noi-richiesto\/#primaryimage"},"image":{"@id":"https:\/\/www.bellunopress.it\/2012\/02\/08\/statuto-veneto-puppato-e-reolon-le-bugie-di-zaia-hanno-le-gambe-corte-si-torna-in-aula-per-la-modifica-come-da-noi-richiesto\/#primaryimage"},"thumbnailUrl":"http:\/\/www.bellunopress.it\/wp-content\/uploads\/2011\/05\/reolon-puppato.jpg","datePublished":"2012-02-08T17:53:01+00:00","breadcrumb":{"@id":"https:\/\/www.bellunopress.it\/2012\/02\/08\/statuto-veneto-puppato-e-reolon-le-bugie-di-zaia-hanno-le-gambe-corte-si-torna-in-aula-per-la-modifica-come-da-noi-richiesto\/#breadcrumb"},"inLanguage":"fr-FR","potentialAction":[{"@type":"ReadAction","target":["https:\/\/www.bellunopress.it\/2012\/02\/08\/statuto-veneto-puppato-e-reolon-le-bugie-di-zaia-hanno-le-gambe-corte-si-torna-in-aula-per-la-modifica-come-da-noi-richiesto\/"]}]},{"@type":"ImageObject","inLanguage":"fr-FR","@id":"https:\/\/www.bellunopress.it\/2012\/02\/08\/statuto-veneto-puppato-e-reolon-le-bugie-di-zaia-hanno-le-gambe-corte-si-torna-in-aula-per-la-modifica-come-da-noi-richiesto\/#primaryimage","url":"http:\/\/www.bellunopress.it\/wp-content\/uploads\/2011\/05\/reolon-puppato.jpg","contentUrl":"http:\/\/www.bellunopress.it\/wp-content\/uploads\/2011\/05\/reolon-puppato.jpg"},{"@type":"BreadcrumbList","@id":"https:\/\/www.bellunopress.it\/2012\/02\/08\/statuto-veneto-puppato-e-reolon-le-bugie-di-zaia-hanno-le-gambe-corte-si-torna-in-aula-per-la-modifica-come-da-noi-richiesto\/#breadcrumb","itemListElement":[{"@type":"ListItem","position":1,"name":"Home","item":"https:\/\/www.bellunopress.it\/"},{"@type":"ListItem","position":2,"name":"Statuto veneto. Puppato e Reolon: &#8220;Le bugie di Zaia hanno le gambe corte.Si torna in aula per la modifica come da noi richiesto&#8221;"}]},{"@type":"WebSite","@id":"https:\/\/www.bellunopress.it\/#website","url":"https:\/\/www.bellunopress.it\/","name":"Bellunopress - Dolomiti","description":"e-mail: redazione@bellunopress.it","publisher":{"@id":"https:\/\/www.bellunopress.it\/#organization"},"potentialAction":[{"@type":"SearchAction","target":{"@type":"EntryPoint","urlTemplate":"https:\/\/www.bellunopress.it\/?s={search_term_string}"},"query-input":{"@type":"PropertyValueSpecification","valueRequired":true,"valueName":"search_term_string"}}],"inLanguage":"fr-FR"},{"@type":"Organization","@id":"https:\/\/www.bellunopress.it\/#organization","name":"Bellunopress","url":"https:\/\/www.bellunopress.it\/","logo":{"@type":"ImageObject","inLanguage":"fr-FR","@id":"https:\/\/www.bellunopress.it\/#\/schema\/logo\/image\/","url":"https:\/\/www.bellunopress.it\/wp-content\/uploads\/2011\/05\/cropped-logo-bellunopress-.jpg","contentUrl":"https:\/\/www.bellunopress.it\/wp-content\/uploads\/2011\/05\/cropped-logo-bellunopress-.jpg","width":512,"height":512,"caption":"Bellunopress"},"image":{"@id":"https:\/\/www.bellunopress.it\/#\/schema\/logo\/image\/"},"sameAs":["https:\/\/www.facebook.com\/profile.php?id=100008943462799","https:\/\/x.com\/bellunopress","https:\/\/www.linkedin.com\/hp\/?dnr=JBzUWaJfMUw8vbXJJ2tVW5-I3jZKvC4wsoxE&amp;amp;amp;amp;amp;amp;trk=nav_responsive_tab_home","https:\/\/www.youtube.com\/channel\/UCxL0wu1uN0_3_7hGG0306cw"]},{"@type":"Person","@id":"https:\/\/www.bellunopress.it\/#\/schema\/person\/79bb06722b37ece1c03d3e94beb30d73","name":"r\u00e9daction","image":{"@type":"ImageObject","inLanguage":"fr-FR","@id":"https:\/\/secure.gravatar.com\/avatar\/37d968a2e67a6fd04c169c4bdef102d0bc5d31b2546345219e348575eb80e9a0?s=96&d=mm&r=g","url":"https:\/\/secure.gravatar.com\/avatar\/37d968a2e67a6fd04c169c4bdef102d0bc5d31b2546345219e348575eb80e9a0?s=96&d=mm&r=g","contentUrl":"https:\/\/secure.gravatar.com\/avatar\/37d968a2e67a6fd04c169c4bdef102d0bc5d31b2546345219e348575eb80e9a0?s=96&d=mm&r=g","caption":"redazione"},"sameAs":["http:\/\/www.bellunopress.it","https:\/\/x.com\/bellunopress"],"url":"https:\/\/www.bellunopress.it\/fr\/author\/redazione\/"}]}},"_links":{"self":[{"href":"https:\/\/www.bellunopress.it\/fr\/wp-json\/wp\/v2\/posts\/34908","targetHints":{"allow":["GET"]}}],"collection":[{"href":"https:\/\/www.bellunopress.it\/fr\/wp-json\/wp\/v2\/posts"}],"about":[{"href":"https:\/\/www.bellunopress.it\/fr\/wp-json\/wp\/v2\/types\/post"}],"author":[{"embeddable":true,"href":"https:\/\/www.bellunopress.it\/fr\/wp-json\/wp\/v2\/users\/2"}],"replies":[{"embeddable":true,"href":"https:\/\/www.bellunopress.it\/fr\/wp-json\/wp\/v2\/comments?post=34908"}],"version-history":[{"count":1,"href":"https:\/\/www.bellunopress.it\/fr\/wp-json\/wp\/v2\/posts\/34908\/revisions"}],"predecessor-version":[{"id":34909,"href":"https:\/\/www.bellunopress.it\/fr\/wp-json\/wp\/v2\/posts\/34908\/revisions\/34909"}],"wp:attachment":[{"href":"https:\/\/www.bellunopress.it\/fr\/wp-json\/wp\/v2\/media?parent=34908"}],"wp:term":[{"taxonomy":"category","embeddable":true,"href":"https:\/\/www.bellunopress.it\/fr\/wp-json\/wp\/v2\/categories?post=34908"},{"taxonomy":"post_tag","embeddable":true,"href":"https:\/\/www.bellunopress.it\/fr\/wp-json\/wp\/v2\/tags?post=34908"}],"curies":[{"name":"wp","href":"https:\/\/api.w.org\/{rel}","templated":true}]}}