{"id":34859,"date":"2012-02-07T11:24:02","date_gmt":"2012-02-07T10:24:02","guid":{"rendered":"http:\/\/www.bellunopress.it\/?p=34859"},"modified":"2012-02-07T11:24:02","modified_gmt":"2012-02-07T10:24:02","slug":"cortina-a-regola-darte-si-allarga-la-collezione-del-museo-rimoldi-con-opere-di-sironi-picasso-de-chirico-e-guttuso","status":"publish","type":"post","link":"https:\/\/www.bellunopress.it\/fr\/2012\/02\/07\/cortina-a-regola-darte-si-allarga-la-collezione-del-museo-rimoldi-con-opere-di-sironi-picasso-de-chirico-e-guttuso\/","title":{"rendered":"Cortina a regola d&#8217;arte. Si allarga la collezione del Museo Rimoldi con opere di Sironi, Picasso, de Chirico e Guttuso"},"content":{"rendered":"<p><a href=\"http:\/\/www.bellunopress.it\/wp-content\/uploads\/2012\/02\/de-pisis.jpg\"><img loading=\"lazy\" decoding=\"async\" class=\"alignleft size-full wp-image-34860\" title=\"de pisis\" src=\"http:\/\/www.bellunopress.it\/wp-content\/uploads\/2012\/02\/de-pisis.jpg\" alt=\"\" width=\"77\" height=\"93\" \/><\/a>Si fa sempre pi\u00f9 stretta l\u2019unione che lega la Regina delle Dolomiti al mondo dell&#8217;arte contemporanea italiana.<br \/>\nAd arricchire il Museo d\u2019Arte Moderna Mario Rimoldi delle Regole d\u2019Ampezzo<br \/>\n\u00a0\u2013 gi\u00e0 una delle pi\u00f9 corpose raccolte di de Pisis a livello nazionale \u2013,<br \/>\narriva una nuova donazione di 90 opere con nomi del calibro di de Chirico, Guttuso e Morandi, Picasso.<br \/>\n70 lavori appartengono a Mario Sironi,<br \/>\ned \u00e8 cos\u00ec che, nelle sale del museo ampezzano, prende forma un corpus unico per qualit\u00e0 e quantit\u00e0<br \/>\ndel Maestro, presente con circa 100 lavori.<\/p>\n<p>Lasciarsi cullare, ad alta quota, dall\u2019intima emozione della pittura. Il 2012, per il Museo d\u2019Arte Moderna Mario Rimoldi delle Regole d\u2019Ampezzo, si \u00e8 aperto con un regalo speciale: Alessandra Allaria, figlia del collezionista e professore Antonio Allaria (1915-1990) ha concesso in comodato 90 opere al museo ampezzano, di cui oltre 70 appartenenti a Mario Sironi \u2013 tra cui tre preziosissime tele di grandi dimensioni e quattro rari mosaici. Ex primario dell&#8217;Istituto Rizzoli di Bologna, Antonio arriv\u00f2 nel 1946 a Cortina, dove si sarebbe dovuto fermare per poco tempo. Ci rest\u00f2, invece, tutta la vita, come primario dell&#8217;Ospedale Codivilla. Proprio a Cortina cominci\u00f2 a collezionare opere del Novecento italiano, diventando amico &#8211; oltre che medico &#8211; di diversi artisti dell&#8217;epoca, tra cui Sironi, de Pisis, de Chirico, Music e Capogrossi. Molte di tali amicizie e la comune passione per l&#8217;arte, furono condivise con Mario Rimoldi, a cui il professore fu legato da stima e affetto per quasi trent&#8217;anni.<\/p>\n<p>L\u2019unione delle due collezioni rende oggi possibile ricostruire un importante tassello della storia dell\u2019arte moderna e del grande collezionismo di cui furono protagonisti Mario Rimoldi e Antonio Allaria. Basti pensare che, oltre a ospitare una delle maggiori collezioni a livello nazionale di de Pisis, il Museo Rimoldi, grazie alla nuova raccolta, ospiter\u00e0 anche un corpus unico per qualit\u00e0 e quantit\u00e0 del lavoro di Mario Sironi. Insieme a lui, sono \u201csbarcati\u201d tra le Dolomiti anche Picasso, de Pisis, De Chirico, Guttuso e Morandi, facendo del museo ampezzano un punto di riferimento fondamentale per lo studio e la comprensione dell\u2019arte moderna italiana, non solo per gli addetti ai lavori, ma per tutti coloro che vogliono unire vacanza, sport, relax e cultura in un contesto, come quello Dolomitico, davvero unico al mondo.<\/p>\n<p>Toccano cos\u00ec quota 100, le opere di Mario Sironi ospitate nelle sale del Museo. I lavori risalgono tutti agli anni \u201940 e \u201950, un periodo particolarmente duro per il Maestro: deluso dalla deriva totalitaria e dal successivo crollo dell\u2019ideologia fascista, straziato dalla morte della figlia, i dipinti di questi anni, fortemente ispirati dal paesaggio montano di Cortina, sono intensi e duri, di grande forza espressiva.<br \/>\n\u00a0\u00abSperiamo davvero che dopo tante burrasche, tante tempeste, tanto bestiale soffrire [\u2026] si arrivi lo stesso in un porto dove per questo misero cuore ci sia pace e silenzio\u00bb, scrive Sironi nel 1961. Dopo quarant\u2019anni, la sua arte, trova, a Cortina, quel luogo ideale di cui parlava; un luogo dove farsi apprezzare dal pubblico e farlo riflettere.<br \/>\nIl Museo d&#8217;Arte Moderna Mario Rimoldi<br \/>\nIl Museo \u00e8 stato inaugurato nel 1974 a seguito della cospicua donazione pervenuta alle Regole d&#8217;Ampezzo da parte di Rosa Braun, vedova di Mario Rimoldi, collezionista di Cortina d&#8217;Ampezzo. Artisti come de Pisis, de Chirico, Sironi, Campigli e Music, frequentatori della conca ampezzana, instaurano con il collezionista una fruttuosa amicizia.<br \/>\nNel 1941, quando si apre a Cortina la prima Mostra Internazionale del Collezionista, la collezione di Mario Rimoldi \u00e8 gi\u00e0 delineata: spiccano gli splendidi de Pisis, i Morandi, i Semeghini, i Rosai, i Campigli, i Sironi, il Garbari, il Severini, il Tosi e il Guidi. Nel dopoguerra entrano nella collezione le opere sperimentali di artisti gi\u00e0 rappresentati con quadri figurativi. Il collezionista s&#8217;interessa ad artisti legati al filone figurativo e all&#8217;ambiente veneto, come Cadorin, Cesetti, Saetti, Tomea e Depero, con aperture anche verso nuovi movimenti che si vanno formando fuori dal Veneto. La collezione si arricchisce de La Zolfara di Guttuso e di opere dei protagonisti della nuova sperimentazione, come Corpora, Crippa, Dova, Morlotti, Music, Santomaso, Vedova. Scopre anche artisti stranieri, come Kokoschka, Leger, Villon, Zadkine, e si accosta ai protagonisti delle neoavanguardie, agli astratti degli anni Cinquanta.<br \/>\nIl Ministero per i Beni e le Attivit\u00e0 Culturali ha dichiarato la collezione di interesse culturale per essere l&#8217;esito di un&#8217;attivit\u00e0 collezionistica sviluppatasi in un cinquantennio e tale da costituire uno degli insiemi pi\u00f9 significativi in Italia per l&#8217;arte del xx secolo.<br \/>\nFino al 15 aprile 2012, \u00e8 allestita nelle sale del Museo, Figure Maschili nel Museo Mario Rimoldi. Un percorso tematico alla scoperta delle diverse rappresentazioni della figura maschile nell\u2019arte: padri, figli, soldati, vecchi e gli autoritratti degli stessi artisti. Numerose le opere di de Pisis, tra cui il Moro di Haarlem e il Soldatino francese, dipinti a Parigi, oltre a rappresentazioni a tema biblico come Il Sacrificio di Isacco. Degli altri artisti spiccano I pensionati di Rosai, il Ritratto del Figlio di Pirandello e Gli archeologi di de Chirico.<br \/>\nInfo: <a href=\"http:\/\/www.musei.regole.it\/\">www.musei.regole.it<\/a><\/p>\n<p>&nbsp;<\/p>\n<p>&nbsp;<\/p>\n<p>&nbsp;<\/p>\n","protected":false},"excerpt":{"rendered":"<p>Si fa sempre pi\u00f9 stretta l\u2019unione che lega la Regina delle Dolomiti al mondo dell&#8217;arte contemporanea italiana. Ad arricchire il Museo d\u2019Arte Moderna Mario Rimoldi delle Regole d\u2019Ampezzo \u00a0\u2013 gi\u00e0 una delle pi\u00f9 corpose raccolte di de Pisis a livello nazionale \u2013, arriva una nuova donazione di 90 opere con nomi del calibro di de [&hellip;]<\/p>\n","protected":false},"author":2,"featured_media":0,"comment_status":"closed","ping_status":"open","sticky":false,"template":"","format":"standard","meta":{"footnotes":""},"categories":[3,26],"tags":[],"class_list":["post-34859","post","type-post","status-publish","format-standard","category-arte-cultura-spettacoli-scienza-archivi","category-prima-pagina"],"yoast_head":"<!-- This site is optimized with the Yoast SEO plugin v28.4 - https:\/\/yoast.com\/product\/yoast-seo-wordpress\/ -->\n<title>Cortina a regola d&#039;arte. Si allarga la collezione del Museo Rimoldi con opere di Sironi, Picasso, de Chirico e Guttuso - Bellunopress - Dolomiti<\/title>\n<meta name=\"robots\" content=\"index, follow, max-snippet:-1, max-image-preview:large, max-video-preview:-1\" \/>\n<link rel=\"canonical\" href=\"https:\/\/www.bellunopress.it\/fr\/2012\/02\/07\/cortina-a-regola-darte-si-allarga-la-collezione-del-museo-rimoldi-con-opere-di-sironi-picasso-de-chirico-e-guttuso\/\" \/>\n<meta property=\"og:locale\" content=\"fr_FR\" \/>\n<meta property=\"og:type\" content=\"article\" \/>\n<meta property=\"og:title\" content=\"Cortina a regola d&#039;arte. Si allarga la collezione del Museo Rimoldi con opere di Sironi, Picasso, de Chirico e Guttuso - Bellunopress - Dolomiti\" \/>\n<meta property=\"og:description\" content=\"Si fa sempre pi\u00f9 stretta l\u2019unione che lega la Regina delle Dolomiti al mondo dell&#8217;arte contemporanea italiana. Ad arricchire il Museo d\u2019Arte Moderna Mario Rimoldi delle Regole d\u2019Ampezzo \u00a0\u2013 gi\u00e0 una delle pi\u00f9 corpose raccolte di de Pisis a livello nazionale \u2013, arriva una nuova donazione di 90 opere con nomi del calibro di de [&hellip;]\" \/>\n<meta property=\"og:url\" content=\"https:\/\/www.bellunopress.it\/fr\/2012\/02\/07\/cortina-a-regola-darte-si-allarga-la-collezione-del-museo-rimoldi-con-opere-di-sironi-picasso-de-chirico-e-guttuso\/\" \/>\n<meta property=\"og:site_name\" content=\"Bellunopress - Dolomiti\" \/>\n<meta property=\"article:publisher\" content=\"https:\/\/www.facebook.com\/profile.php?id=100008943462799\" \/>\n<meta property=\"article:published_time\" content=\"2012-02-07T10:24:02+00:00\" \/>\n<meta property=\"og:image\" content=\"http:\/\/www.bellunopress.it\/wp-content\/uploads\/2012\/02\/de-pisis.jpg\" \/>\n<meta name=\"author\" content=\"redazione\" \/>\n<meta name=\"twitter:card\" content=\"summary_large_image\" \/>\n<meta name=\"twitter:creator\" content=\"@bellunopress\" \/>\n<meta name=\"twitter:site\" content=\"@bellunopress\" \/>\n<meta name=\"twitter:label1\" content=\"\u00c9crit par\" \/>\n\t<meta name=\"twitter:data1\" content=\"redazione\" \/>\n\t<meta name=\"twitter:label2\" content=\"Dur\u00e9e de lecture estim\u00e9e\" \/>\n\t<meta name=\"twitter:data2\" content=\"4 minutes\" \/>\n<script type=\"application\/ld+json\" class=\"yoast-schema-graph\">{\"@context\":\"https:\\\/\\\/schema.org\",\"@graph\":[{\"@type\":\"Article\",\"@id\":\"https:\\\/\\\/www.bellunopress.it\\\/2012\\\/02\\\/07\\\/cortina-a-regola-darte-si-allarga-la-collezione-del-museo-rimoldi-con-opere-di-sironi-picasso-de-chirico-e-guttuso\\\/#article\",\"isPartOf\":{\"@id\":\"https:\\\/\\\/www.bellunopress.it\\\/2012\\\/02\\\/07\\\/cortina-a-regola-darte-si-allarga-la-collezione-del-museo-rimoldi-con-opere-di-sironi-picasso-de-chirico-e-guttuso\\\/\"},\"author\":{\"name\":\"redazione\",\"@id\":\"https:\\\/\\\/www.bellunopress.it\\\/#\\\/schema\\\/person\\\/79bb06722b37ece1c03d3e94beb30d73\"},\"headline\":\"Cortina a regola d&#8217;arte. Si allarga la collezione del Museo Rimoldi con opere di Sironi, Picasso, de Chirico e Guttuso\",\"datePublished\":\"2012-02-07T10:24:02+00:00\",\"mainEntityOfPage\":{\"@id\":\"https:\\\/\\\/www.bellunopress.it\\\/2012\\\/02\\\/07\\\/cortina-a-regola-darte-si-allarga-la-collezione-del-museo-rimoldi-con-opere-di-sironi-picasso-de-chirico-e-guttuso\\\/\"},\"wordCount\":855,\"publisher\":{\"@id\":\"https:\\\/\\\/www.bellunopress.it\\\/#organization\"},\"image\":{\"@id\":\"https:\\\/\\\/www.bellunopress.it\\\/2012\\\/02\\\/07\\\/cortina-a-regola-darte-si-allarga-la-collezione-del-museo-rimoldi-con-opere-di-sironi-picasso-de-chirico-e-guttuso\\\/#primaryimage\"},\"thumbnailUrl\":\"http:\\\/\\\/www.bellunopress.it\\\/wp-content\\\/uploads\\\/2012\\\/02\\\/de-pisis.jpg\",\"articleSection\":[\"Arte, Cultura, Spettacoli, Scienza\",\"Prima Pagina\"],\"inLanguage\":\"fr-FR\"},{\"@type\":\"WebPage\",\"@id\":\"https:\\\/\\\/www.bellunopress.it\\\/2012\\\/02\\\/07\\\/cortina-a-regola-darte-si-allarga-la-collezione-del-museo-rimoldi-con-opere-di-sironi-picasso-de-chirico-e-guttuso\\\/\",\"url\":\"https:\\\/\\\/www.bellunopress.it\\\/2012\\\/02\\\/07\\\/cortina-a-regola-darte-si-allarga-la-collezione-del-museo-rimoldi-con-opere-di-sironi-picasso-de-chirico-e-guttuso\\\/\",\"name\":\"Cortina a regola d'arte. Si allarga la collezione del Museo Rimoldi con opere di Sironi, Picasso, de Chirico e Guttuso - Bellunopress - Dolomiti\",\"isPartOf\":{\"@id\":\"https:\\\/\\\/www.bellunopress.it\\\/#website\"},\"primaryImageOfPage\":{\"@id\":\"https:\\\/\\\/www.bellunopress.it\\\/2012\\\/02\\\/07\\\/cortina-a-regola-darte-si-allarga-la-collezione-del-museo-rimoldi-con-opere-di-sironi-picasso-de-chirico-e-guttuso\\\/#primaryimage\"},\"image\":{\"@id\":\"https:\\\/\\\/www.bellunopress.it\\\/2012\\\/02\\\/07\\\/cortina-a-regola-darte-si-allarga-la-collezione-del-museo-rimoldi-con-opere-di-sironi-picasso-de-chirico-e-guttuso\\\/#primaryimage\"},\"thumbnailUrl\":\"http:\\\/\\\/www.bellunopress.it\\\/wp-content\\\/uploads\\\/2012\\\/02\\\/de-pisis.jpg\",\"datePublished\":\"2012-02-07T10:24:02+00:00\",\"breadcrumb\":{\"@id\":\"https:\\\/\\\/www.bellunopress.it\\\/2012\\\/02\\\/07\\\/cortina-a-regola-darte-si-allarga-la-collezione-del-museo-rimoldi-con-opere-di-sironi-picasso-de-chirico-e-guttuso\\\/#breadcrumb\"},\"inLanguage\":\"fr-FR\",\"potentialAction\":[{\"@type\":\"ReadAction\",\"target\":[\"https:\\\/\\\/www.bellunopress.it\\\/2012\\\/02\\\/07\\\/cortina-a-regola-darte-si-allarga-la-collezione-del-museo-rimoldi-con-opere-di-sironi-picasso-de-chirico-e-guttuso\\\/\"]}]},{\"@type\":\"ImageObject\",\"inLanguage\":\"fr-FR\",\"@id\":\"https:\\\/\\\/www.bellunopress.it\\\/2012\\\/02\\\/07\\\/cortina-a-regola-darte-si-allarga-la-collezione-del-museo-rimoldi-con-opere-di-sironi-picasso-de-chirico-e-guttuso\\\/#primaryimage\",\"url\":\"http:\\\/\\\/www.bellunopress.it\\\/wp-content\\\/uploads\\\/2012\\\/02\\\/de-pisis.jpg\",\"contentUrl\":\"http:\\\/\\\/www.bellunopress.it\\\/wp-content\\\/uploads\\\/2012\\\/02\\\/de-pisis.jpg\"},{\"@type\":\"BreadcrumbList\",\"@id\":\"https:\\\/\\\/www.bellunopress.it\\\/2012\\\/02\\\/07\\\/cortina-a-regola-darte-si-allarga-la-collezione-del-museo-rimoldi-con-opere-di-sironi-picasso-de-chirico-e-guttuso\\\/#breadcrumb\",\"itemListElement\":[{\"@type\":\"ListItem\",\"position\":1,\"name\":\"Home\",\"item\":\"https:\\\/\\\/www.bellunopress.it\\\/\"},{\"@type\":\"ListItem\",\"position\":2,\"name\":\"Cortina a regola d&#8217;arte. Si allarga la collezione del Museo Rimoldi con opere di Sironi, Picasso, de Chirico e Guttuso\"}]},{\"@type\":\"WebSite\",\"@id\":\"https:\\\/\\\/www.bellunopress.it\\\/#website\",\"url\":\"https:\\\/\\\/www.bellunopress.it\\\/\",\"name\":\"Bellunopress - Dolomiti\",\"description\":\"e-mail: redazione@bellunopress.it\",\"publisher\":{\"@id\":\"https:\\\/\\\/www.bellunopress.it\\\/#organization\"},\"potentialAction\":[{\"@type\":\"SearchAction\",\"target\":{\"@type\":\"EntryPoint\",\"urlTemplate\":\"https:\\\/\\\/www.bellunopress.it\\\/?s={search_term_string}\"},\"query-input\":{\"@type\":\"PropertyValueSpecification\",\"valueRequired\":true,\"valueName\":\"search_term_string\"}}],\"inLanguage\":\"fr-FR\"},{\"@type\":\"Organization\",\"@id\":\"https:\\\/\\\/www.bellunopress.it\\\/#organization\",\"name\":\"Bellunopress\",\"url\":\"https:\\\/\\\/www.bellunopress.it\\\/\",\"logo\":{\"@type\":\"ImageObject\",\"inLanguage\":\"fr-FR\",\"@id\":\"https:\\\/\\\/www.bellunopress.it\\\/#\\\/schema\\\/logo\\\/image\\\/\",\"url\":\"https:\\\/\\\/www.bellunopress.it\\\/wp-content\\\/uploads\\\/2011\\\/05\\\/cropped-logo-bellunopress-.jpg\",\"contentUrl\":\"https:\\\/\\\/www.bellunopress.it\\\/wp-content\\\/uploads\\\/2011\\\/05\\\/cropped-logo-bellunopress-.jpg\",\"width\":512,\"height\":512,\"caption\":\"Bellunopress\"},\"image\":{\"@id\":\"https:\\\/\\\/www.bellunopress.it\\\/#\\\/schema\\\/logo\\\/image\\\/\"},\"sameAs\":[\"https:\\\/\\\/www.facebook.com\\\/profile.php?id=100008943462799\",\"https:\\\/\\\/x.com\\\/bellunopress\",\"https:\\\/\\\/www.linkedin.com\\\/hp\\\/?dnr=JBzUWaJfMUw8vbXJJ2tVW5-I3jZKvC4wsoxE&amp;amp;amp;amp;amp;amp;trk=nav_responsive_tab_home\",\"https:\\\/\\\/www.youtube.com\\\/channel\\\/UCxL0wu1uN0_3_7hGG0306cw\"]},{\"@type\":\"Person\",\"@id\":\"https:\\\/\\\/www.bellunopress.it\\\/#\\\/schema\\\/person\\\/79bb06722b37ece1c03d3e94beb30d73\",\"name\":\"redazione\",\"image\":{\"@type\":\"ImageObject\",\"inLanguage\":\"fr-FR\",\"@id\":\"https:\\\/\\\/secure.gravatar.com\\\/avatar\\\/37d968a2e67a6fd04c169c4bdef102d0bc5d31b2546345219e348575eb80e9a0?s=96&d=mm&r=g\",\"url\":\"https:\\\/\\\/secure.gravatar.com\\\/avatar\\\/37d968a2e67a6fd04c169c4bdef102d0bc5d31b2546345219e348575eb80e9a0?s=96&d=mm&r=g\",\"contentUrl\":\"https:\\\/\\\/secure.gravatar.com\\\/avatar\\\/37d968a2e67a6fd04c169c4bdef102d0bc5d31b2546345219e348575eb80e9a0?s=96&d=mm&r=g\",\"caption\":\"redazione\"},\"sameAs\":[\"http:\\\/\\\/www.bellunopress.it\",\"https:\\\/\\\/x.com\\\/bellunopress\"],\"url\":\"https:\\\/\\\/www.bellunopress.it\\\/fr\\\/author\\\/redazione\\\/\"}]}<\/script>\n<!-- \/ Yoast SEO plugin. -->","yoast_head_json":{"title":"Cortina a regola d'arte. Si allarga la collezione del Museo Rimoldi con opere di Sironi, Picasso, de Chirico e Guttuso - Bellunopress - Dolomiti","robots":{"index":"index","follow":"follow","max-snippet":"max-snippet:-1","max-image-preview":"max-image-preview:large","max-video-preview":"max-video-preview:-1"},"canonical":"https:\/\/www.bellunopress.it\/fr\/2012\/02\/07\/cortina-a-regola-darte-si-allarga-la-collezione-del-museo-rimoldi-con-opere-di-sironi-picasso-de-chirico-e-guttuso\/","og_locale":"fr_FR","og_type":"article","og_title":"Cortina a regola d'arte. Si allarga la collezione del Museo Rimoldi con opere di Sironi, Picasso, de Chirico e Guttuso - Bellunopress - Dolomiti","og_description":"Si fa sempre pi\u00f9 stretta l\u2019unione che lega la Regina delle Dolomiti al mondo dell&#8217;arte contemporanea italiana. Ad arricchire il Museo d\u2019Arte Moderna Mario Rimoldi delle Regole d\u2019Ampezzo \u00a0\u2013 gi\u00e0 una delle pi\u00f9 corpose raccolte di de Pisis a livello nazionale \u2013, arriva una nuova donazione di 90 opere con nomi del calibro di de [&hellip;]","og_url":"https:\/\/www.bellunopress.it\/fr\/2012\/02\/07\/cortina-a-regola-darte-si-allarga-la-collezione-del-museo-rimoldi-con-opere-di-sironi-picasso-de-chirico-e-guttuso\/","og_site_name":"Bellunopress - Dolomiti","article_publisher":"https:\/\/www.facebook.com\/profile.php?id=100008943462799","article_published_time":"2012-02-07T10:24:02+00:00","og_image":[{"url":"http:\/\/www.bellunopress.it\/wp-content\/uploads\/2012\/02\/de-pisis.jpg","type":"","width":"","height":""}],"author":"redazione","twitter_card":"summary_large_image","twitter_creator":"@bellunopress","twitter_site":"@bellunopress","twitter_misc":{"\u00c9crit par":"redazione","Dur\u00e9e de lecture estim\u00e9e":"4 minutes"},"schema":{"@context":"https:\/\/schema.org","@graph":[{"@type":"Article","@id":"https:\/\/www.bellunopress.it\/2012\/02\/07\/cortina-a-regola-darte-si-allarga-la-collezione-del-museo-rimoldi-con-opere-di-sironi-picasso-de-chirico-e-guttuso\/#article","isPartOf":{"@id":"https:\/\/www.bellunopress.it\/2012\/02\/07\/cortina-a-regola-darte-si-allarga-la-collezione-del-museo-rimoldi-con-opere-di-sironi-picasso-de-chirico-e-guttuso\/"},"author":{"name":"redazione","@id":"https:\/\/www.bellunopress.it\/#\/schema\/person\/79bb06722b37ece1c03d3e94beb30d73"},"headline":"Cortina a regola d&#8217;arte. Si allarga la collezione del Museo Rimoldi con opere di Sironi, Picasso, de Chirico e Guttuso","datePublished":"2012-02-07T10:24:02+00:00","mainEntityOfPage":{"@id":"https:\/\/www.bellunopress.it\/2012\/02\/07\/cortina-a-regola-darte-si-allarga-la-collezione-del-museo-rimoldi-con-opere-di-sironi-picasso-de-chirico-e-guttuso\/"},"wordCount":855,"publisher":{"@id":"https:\/\/www.bellunopress.it\/#organization"},"image":{"@id":"https:\/\/www.bellunopress.it\/2012\/02\/07\/cortina-a-regola-darte-si-allarga-la-collezione-del-museo-rimoldi-con-opere-di-sironi-picasso-de-chirico-e-guttuso\/#primaryimage"},"thumbnailUrl":"http:\/\/www.bellunopress.it\/wp-content\/uploads\/2012\/02\/de-pisis.jpg","articleSection":["Arte, Cultura, Spettacoli, Scienza","Prima Pagina"],"inLanguage":"fr-FR"},{"@type":"WebPage","@id":"https:\/\/www.bellunopress.it\/2012\/02\/07\/cortina-a-regola-darte-si-allarga-la-collezione-del-museo-rimoldi-con-opere-di-sironi-picasso-de-chirico-e-guttuso\/","url":"https:\/\/www.bellunopress.it\/2012\/02\/07\/cortina-a-regola-darte-si-allarga-la-collezione-del-museo-rimoldi-con-opere-di-sironi-picasso-de-chirico-e-guttuso\/","name":"Cortina a regola d'arte. Si allarga la collezione del Museo Rimoldi con opere di Sironi, Picasso, de Chirico e Guttuso - Bellunopress - Dolomiti","isPartOf":{"@id":"https:\/\/www.bellunopress.it\/#website"},"primaryImageOfPage":{"@id":"https:\/\/www.bellunopress.it\/2012\/02\/07\/cortina-a-regola-darte-si-allarga-la-collezione-del-museo-rimoldi-con-opere-di-sironi-picasso-de-chirico-e-guttuso\/#primaryimage"},"image":{"@id":"https:\/\/www.bellunopress.it\/2012\/02\/07\/cortina-a-regola-darte-si-allarga-la-collezione-del-museo-rimoldi-con-opere-di-sironi-picasso-de-chirico-e-guttuso\/#primaryimage"},"thumbnailUrl":"http:\/\/www.bellunopress.it\/wp-content\/uploads\/2012\/02\/de-pisis.jpg","datePublished":"2012-02-07T10:24:02+00:00","breadcrumb":{"@id":"https:\/\/www.bellunopress.it\/2012\/02\/07\/cortina-a-regola-darte-si-allarga-la-collezione-del-museo-rimoldi-con-opere-di-sironi-picasso-de-chirico-e-guttuso\/#breadcrumb"},"inLanguage":"fr-FR","potentialAction":[{"@type":"ReadAction","target":["https:\/\/www.bellunopress.it\/2012\/02\/07\/cortina-a-regola-darte-si-allarga-la-collezione-del-museo-rimoldi-con-opere-di-sironi-picasso-de-chirico-e-guttuso\/"]}]},{"@type":"ImageObject","inLanguage":"fr-FR","@id":"https:\/\/www.bellunopress.it\/2012\/02\/07\/cortina-a-regola-darte-si-allarga-la-collezione-del-museo-rimoldi-con-opere-di-sironi-picasso-de-chirico-e-guttuso\/#primaryimage","url":"http:\/\/www.bellunopress.it\/wp-content\/uploads\/2012\/02\/de-pisis.jpg","contentUrl":"http:\/\/www.bellunopress.it\/wp-content\/uploads\/2012\/02\/de-pisis.jpg"},{"@type":"BreadcrumbList","@id":"https:\/\/www.bellunopress.it\/2012\/02\/07\/cortina-a-regola-darte-si-allarga-la-collezione-del-museo-rimoldi-con-opere-di-sironi-picasso-de-chirico-e-guttuso\/#breadcrumb","itemListElement":[{"@type":"ListItem","position":1,"name":"Home","item":"https:\/\/www.bellunopress.it\/"},{"@type":"ListItem","position":2,"name":"Cortina a regola d&#8217;arte. Si allarga la collezione del Museo Rimoldi con opere di Sironi, Picasso, de Chirico e Guttuso"}]},{"@type":"WebSite","@id":"https:\/\/www.bellunopress.it\/#website","url":"https:\/\/www.bellunopress.it\/","name":"Bellunopress - Dolomiti","description":"e-mail: redazione@bellunopress.it","publisher":{"@id":"https:\/\/www.bellunopress.it\/#organization"},"potentialAction":[{"@type":"SearchAction","target":{"@type":"EntryPoint","urlTemplate":"https:\/\/www.bellunopress.it\/?s={search_term_string}"},"query-input":{"@type":"PropertyValueSpecification","valueRequired":true,"valueName":"search_term_string"}}],"inLanguage":"fr-FR"},{"@type":"Organization","@id":"https:\/\/www.bellunopress.it\/#organization","name":"Bellunopress","url":"https:\/\/www.bellunopress.it\/","logo":{"@type":"ImageObject","inLanguage":"fr-FR","@id":"https:\/\/www.bellunopress.it\/#\/schema\/logo\/image\/","url":"https:\/\/www.bellunopress.it\/wp-content\/uploads\/2011\/05\/cropped-logo-bellunopress-.jpg","contentUrl":"https:\/\/www.bellunopress.it\/wp-content\/uploads\/2011\/05\/cropped-logo-bellunopress-.jpg","width":512,"height":512,"caption":"Bellunopress"},"image":{"@id":"https:\/\/www.bellunopress.it\/#\/schema\/logo\/image\/"},"sameAs":["https:\/\/www.facebook.com\/profile.php?id=100008943462799","https:\/\/x.com\/bellunopress","https:\/\/www.linkedin.com\/hp\/?dnr=JBzUWaJfMUw8vbXJJ2tVW5-I3jZKvC4wsoxE&amp;amp;amp;amp;amp;amp;trk=nav_responsive_tab_home","https:\/\/www.youtube.com\/channel\/UCxL0wu1uN0_3_7hGG0306cw"]},{"@type":"Person","@id":"https:\/\/www.bellunopress.it\/#\/schema\/person\/79bb06722b37ece1c03d3e94beb30d73","name":"r\u00e9daction","image":{"@type":"ImageObject","inLanguage":"fr-FR","@id":"https:\/\/secure.gravatar.com\/avatar\/37d968a2e67a6fd04c169c4bdef102d0bc5d31b2546345219e348575eb80e9a0?s=96&d=mm&r=g","url":"https:\/\/secure.gravatar.com\/avatar\/37d968a2e67a6fd04c169c4bdef102d0bc5d31b2546345219e348575eb80e9a0?s=96&d=mm&r=g","contentUrl":"https:\/\/secure.gravatar.com\/avatar\/37d968a2e67a6fd04c169c4bdef102d0bc5d31b2546345219e348575eb80e9a0?s=96&d=mm&r=g","caption":"redazione"},"sameAs":["http:\/\/www.bellunopress.it","https:\/\/x.com\/bellunopress"],"url":"https:\/\/www.bellunopress.it\/fr\/author\/redazione\/"}]}},"_links":{"self":[{"href":"https:\/\/www.bellunopress.it\/fr\/wp-json\/wp\/v2\/posts\/34859","targetHints":{"allow":["GET"]}}],"collection":[{"href":"https:\/\/www.bellunopress.it\/fr\/wp-json\/wp\/v2\/posts"}],"about":[{"href":"https:\/\/www.bellunopress.it\/fr\/wp-json\/wp\/v2\/types\/post"}],"author":[{"embeddable":true,"href":"https:\/\/www.bellunopress.it\/fr\/wp-json\/wp\/v2\/users\/2"}],"replies":[{"embeddable":true,"href":"https:\/\/www.bellunopress.it\/fr\/wp-json\/wp\/v2\/comments?post=34859"}],"version-history":[{"count":1,"href":"https:\/\/www.bellunopress.it\/fr\/wp-json\/wp\/v2\/posts\/34859\/revisions"}],"predecessor-version":[{"id":34861,"href":"https:\/\/www.bellunopress.it\/fr\/wp-json\/wp\/v2\/posts\/34859\/revisions\/34861"}],"wp:attachment":[{"href":"https:\/\/www.bellunopress.it\/fr\/wp-json\/wp\/v2\/media?parent=34859"}],"wp:term":[{"taxonomy":"category","embeddable":true,"href":"https:\/\/www.bellunopress.it\/fr\/wp-json\/wp\/v2\/categories?post=34859"},{"taxonomy":"post_tag","embeddable":true,"href":"https:\/\/www.bellunopress.it\/fr\/wp-json\/wp\/v2\/tags?post=34859"}],"curies":[{"name":"wp","href":"https:\/\/api.w.org\/{rel}","templated":true}]}}