{"id":34856,"date":"2012-02-07T08:23:36","date_gmt":"2012-02-07T07:23:36","guid":{"rendered":"http:\/\/www.bellunopress.it\/?p=34856"},"modified":"2012-02-07T08:23:36","modified_gmt":"2012-02-07T07:23:36","slug":"il-centrosinistra-conferma-claudia-bettiol-candidato-sindaco-ma-sel-e-ipb-si-staccano","status":"publish","type":"post","link":"https:\/\/www.bellunopress.it\/fr\/2012\/02\/07\/il-centrosinistra-conferma-claudia-bettiol-candidato-sindaco-ma-sel-e-ipb-si-staccano\/","title":{"rendered":"Il centrosinistra conferma Claudia Bettiol candidato sindaco, ma Sel e IpB si staccano"},"content":{"rendered":"<figure id=\"attachment_30362\" aria-describedby=\"caption-attachment-30362\" style=\"width: 121px\" class=\"wp-caption alignleft\"><a href=\"http:\/\/www.bellunopress.it\/wp-content\/uploads\/2011\/09\/Claudia-Bettiol-150x120.jpg\"><img loading=\"lazy\" decoding=\"async\" class=\"size-full wp-image-30362\" title=\"Claudia Bettiol 150x120\" src=\"http:\/\/www.bellunopress.it\/wp-content\/uploads\/2011\/09\/Claudia-Bettiol-150x120.jpg\" alt=\"\" width=\"121\" height=\"150\" \/><\/a><figcaption id=\"caption-attachment-30362\" class=\"wp-caption-text\">Claudia Bettiol<\/figcaption><\/figure>\n<p>Com&#8217;era nell&#8217;aria da giorni, la coalizione di centrosinistra perde il Sel (Sinistra Ecologia e Libert\u00e0) e la lista civica IpB (Insieme per Belluno), che non condividono la scelta di Claudia Bettiol candidato sindaco. E sulla quale, comunque, convergono le altre forze: Partito Democratico, Italia dei Valori, Partito Socialista, Lista Alternativa Civica per Belluno, Federazione della Sinistra. &#8220;Si \u00e8 deciso che da domani si dovr\u00e0 cominciare a parlare con i cittadini dei temi importanti per il futuro di Belluno&#8221; &#8211; scrive in una nota la coalizione che sostiene la Bettiol &#8211; indicando i temi portanti della campagna elettorale: sviluppo, lavoro, occupazione, sociale, autogoverno del territorio, democrazia diretta, tutela e promozione della famiglia e prospettive per i giovani.<br \/>\n&#8220;Su queste tematiche &#8211; prosegue la nota &#8211;\u00a0 si dar\u00e0 vita ad una conferenza programmatica aperta a tutte le forze sociali ed economiche che costituiscono le migliori energie e potenzialit\u00e0 della nostra citt\u00e0.<br \/>\nNaturalmente auspichiamo che su questa prospettiva ci sia la massima convergenza&#8221;.<\/p>\n<p>&nbsp;<\/p>","protected":false},"excerpt":{"rendered":"<p>Com&#8217;era nell&#8217;aria da giorni, la coalizione di centrosinistra perde il Sel (Sinistra Ecologia e Libert\u00e0) e la lista civica IpB (Insieme per Belluno), che non condividono la scelta di Claudia Bettiol candidato sindaco. E sulla quale, comunque, convergono le altre forze: Partito Democratico, Italia dei Valori, Partito Socialista, Lista Alternativa Civica per Belluno, Federazione della [&hellip;]<\/p>\n","protected":false},"author":2,"featured_media":0,"comment_status":"closed","ping_status":"open","sticky":false,"template":"","format":"standard","meta":{"footnotes":""},"categories":[5,26],"tags":[],"class_list":["post-34856","post","type-post","status-publish","format-standard","category-cronaca","category-prima-pagina"],"yoast_head":"<!-- This site is optimized with the Yoast SEO plugin v28.4 - https:\/\/yoast.com\/product\/yoast-seo-wordpress\/ -->\n<title>Il centrosinistra conferma Claudia Bettiol candidato sindaco, ma Sel e IpB si staccano - Bellunopress - Dolomiti<\/title>\n<meta name=\"robots\" content=\"index, follow, max-snippet:-1, max-image-preview:large, max-video-preview:-1\" \/>\n<link rel=\"canonical\" href=\"https:\/\/www.bellunopress.it\/fr\/2012\/02\/07\/il-centrosinistra-conferma-claudia-bettiol-candidato-sindaco-ma-sel-e-ipb-si-staccano\/\" \/>\n<meta property=\"og:locale\" content=\"fr_FR\" \/>\n<meta property=\"og:type\" content=\"article\" \/>\n<meta property=\"og:title\" content=\"Il centrosinistra conferma Claudia Bettiol candidato sindaco, ma Sel e IpB si staccano - Bellunopress - Dolomiti\" \/>\n<meta property=\"og:description\" content=\"Com&#8217;era nell&#8217;aria da giorni, la coalizione di centrosinistra perde il Sel (Sinistra Ecologia e Libert\u00e0) e la lista civica IpB (Insieme per Belluno), che non condividono la scelta di Claudia Bettiol candidato sindaco. E sulla quale, comunque, convergono le altre forze: Partito Democratico, Italia dei Valori, Partito Socialista, Lista Alternativa Civica per Belluno, Federazione della [&hellip;]\" \/>\n<meta property=\"og:url\" content=\"https:\/\/www.bellunopress.it\/fr\/2012\/02\/07\/il-centrosinistra-conferma-claudia-bettiol-candidato-sindaco-ma-sel-e-ipb-si-staccano\/\" \/>\n<meta property=\"og:site_name\" content=\"Bellunopress - Dolomiti\" \/>\n<meta property=\"article:publisher\" content=\"https:\/\/www.facebook.com\/profile.php?id=100008943462799\" \/>\n<meta property=\"article:published_time\" content=\"2012-02-07T07:23:36+00:00\" \/>\n<meta property=\"og:image\" content=\"http:\/\/www.bellunopress.it\/wp-content\/uploads\/2011\/09\/Claudia-Bettiol-150x120.jpg\" \/>\n<meta name=\"author\" content=\"redazione\" \/>\n<meta name=\"twitter:card\" content=\"summary_large_image\" \/>\n<meta name=\"twitter:creator\" content=\"@bellunopress\" \/>\n<meta name=\"twitter:site\" content=\"@bellunopress\" \/>\n<meta name=\"twitter:label1\" content=\"\u00c9crit par\" \/>\n\t<meta name=\"twitter:data1\" content=\"redazione\" \/>\n\t<meta name=\"twitter:label2\" content=\"Dur\u00e9e de lecture estim\u00e9e\" \/>\n\t<meta name=\"twitter:data2\" content=\"1 minute\" \/>\n<script type=\"application\/ld+json\" class=\"yoast-schema-graph\">{\"@context\":\"https:\\\/\\\/schema.org\",\"@graph\":[{\"@type\":\"Article\",\"@id\":\"https:\\\/\\\/www.bellunopress.it\\\/2012\\\/02\\\/07\\\/il-centrosinistra-conferma-claudia-bettiol-candidato-sindaco-ma-sel-e-ipb-si-staccano\\\/#article\",\"isPartOf\":{\"@id\":\"https:\\\/\\\/www.bellunopress.it\\\/2012\\\/02\\\/07\\\/il-centrosinistra-conferma-claudia-bettiol-candidato-sindaco-ma-sel-e-ipb-si-staccano\\\/\"},\"author\":{\"name\":\"redazione\",\"@id\":\"https:\\\/\\\/www.bellunopress.it\\\/#\\\/schema\\\/person\\\/79bb06722b37ece1c03d3e94beb30d73\"},\"headline\":\"Il centrosinistra conferma Claudia Bettiol candidato sindaco, ma Sel e IpB si staccano\",\"datePublished\":\"2012-02-07T07:23:36+00:00\",\"mainEntityOfPage\":{\"@id\":\"https:\\\/\\\/www.bellunopress.it\\\/2012\\\/02\\\/07\\\/il-centrosinistra-conferma-claudia-bettiol-candidato-sindaco-ma-sel-e-ipb-si-staccano\\\/\"},\"wordCount\":185,\"publisher\":{\"@id\":\"https:\\\/\\\/www.bellunopress.it\\\/#organization\"},\"image\":{\"@id\":\"https:\\\/\\\/www.bellunopress.it\\\/2012\\\/02\\\/07\\\/il-centrosinistra-conferma-claudia-bettiol-candidato-sindaco-ma-sel-e-ipb-si-staccano\\\/#primaryimage\"},\"thumbnailUrl\":\"http:\\\/\\\/www.bellunopress.it\\\/wp-content\\\/uploads\\\/2011\\\/09\\\/Claudia-Bettiol-150x120.jpg\",\"articleSection\":[\"Cronaca\\\/Politica\",\"Prima Pagina\"],\"inLanguage\":\"fr-FR\"},{\"@type\":\"WebPage\",\"@id\":\"https:\\\/\\\/www.bellunopress.it\\\/2012\\\/02\\\/07\\\/il-centrosinistra-conferma-claudia-bettiol-candidato-sindaco-ma-sel-e-ipb-si-staccano\\\/\",\"url\":\"https:\\\/\\\/www.bellunopress.it\\\/2012\\\/02\\\/07\\\/il-centrosinistra-conferma-claudia-bettiol-candidato-sindaco-ma-sel-e-ipb-si-staccano\\\/\",\"name\":\"Il centrosinistra conferma Claudia Bettiol candidato sindaco, ma Sel e IpB si staccano - Bellunopress - Dolomiti\",\"isPartOf\":{\"@id\":\"https:\\\/\\\/www.bellunopress.it\\\/#website\"},\"primaryImageOfPage\":{\"@id\":\"https:\\\/\\\/www.bellunopress.it\\\/2012\\\/02\\\/07\\\/il-centrosinistra-conferma-claudia-bettiol-candidato-sindaco-ma-sel-e-ipb-si-staccano\\\/#primaryimage\"},\"image\":{\"@id\":\"https:\\\/\\\/www.bellunopress.it\\\/2012\\\/02\\\/07\\\/il-centrosinistra-conferma-claudia-bettiol-candidato-sindaco-ma-sel-e-ipb-si-staccano\\\/#primaryimage\"},\"thumbnailUrl\":\"http:\\\/\\\/www.bellunopress.it\\\/wp-content\\\/uploads\\\/2011\\\/09\\\/Claudia-Bettiol-150x120.jpg\",\"datePublished\":\"2012-02-07T07:23:36+00:00\",\"breadcrumb\":{\"@id\":\"https:\\\/\\\/www.bellunopress.it\\\/2012\\\/02\\\/07\\\/il-centrosinistra-conferma-claudia-bettiol-candidato-sindaco-ma-sel-e-ipb-si-staccano\\\/#breadcrumb\"},\"inLanguage\":\"fr-FR\",\"potentialAction\":[{\"@type\":\"ReadAction\",\"target\":[\"https:\\\/\\\/www.bellunopress.it\\\/2012\\\/02\\\/07\\\/il-centrosinistra-conferma-claudia-bettiol-candidato-sindaco-ma-sel-e-ipb-si-staccano\\\/\"]}]},{\"@type\":\"ImageObject\",\"inLanguage\":\"fr-FR\",\"@id\":\"https:\\\/\\\/www.bellunopress.it\\\/2012\\\/02\\\/07\\\/il-centrosinistra-conferma-claudia-bettiol-candidato-sindaco-ma-sel-e-ipb-si-staccano\\\/#primaryimage\",\"url\":\"http:\\\/\\\/www.bellunopress.it\\\/wp-content\\\/uploads\\\/2011\\\/09\\\/Claudia-Bettiol-150x120.jpg\",\"contentUrl\":\"http:\\\/\\\/www.bellunopress.it\\\/wp-content\\\/uploads\\\/2011\\\/09\\\/Claudia-Bettiol-150x120.jpg\"},{\"@type\":\"BreadcrumbList\",\"@id\":\"https:\\\/\\\/www.bellunopress.it\\\/2012\\\/02\\\/07\\\/il-centrosinistra-conferma-claudia-bettiol-candidato-sindaco-ma-sel-e-ipb-si-staccano\\\/#breadcrumb\",\"itemListElement\":[{\"@type\":\"ListItem\",\"position\":1,\"name\":\"Home\",\"item\":\"https:\\\/\\\/www.bellunopress.it\\\/\"},{\"@type\":\"ListItem\",\"position\":2,\"name\":\"Il centrosinistra conferma Claudia Bettiol candidato sindaco, ma Sel e IpB si staccano\"}]},{\"@type\":\"WebSite\",\"@id\":\"https:\\\/\\\/www.bellunopress.it\\\/#website\",\"url\":\"https:\\\/\\\/www.bellunopress.it\\\/\",\"name\":\"Bellunopress - Dolomiti\",\"description\":\"e-mail: redazione@bellunopress.it\",\"publisher\":{\"@id\":\"https:\\\/\\\/www.bellunopress.it\\\/#organization\"},\"potentialAction\":[{\"@type\":\"SearchAction\",\"target\":{\"@type\":\"EntryPoint\",\"urlTemplate\":\"https:\\\/\\\/www.bellunopress.it\\\/?s={search_term_string}\"},\"query-input\":{\"@type\":\"PropertyValueSpecification\",\"valueRequired\":true,\"valueName\":\"search_term_string\"}}],\"inLanguage\":\"fr-FR\"},{\"@type\":\"Organization\",\"@id\":\"https:\\\/\\\/www.bellunopress.it\\\/#organization\",\"name\":\"Bellunopress\",\"url\":\"https:\\\/\\\/www.bellunopress.it\\\/\",\"logo\":{\"@type\":\"ImageObject\",\"inLanguage\":\"fr-FR\",\"@id\":\"https:\\\/\\\/www.bellunopress.it\\\/#\\\/schema\\\/logo\\\/image\\\/\",\"url\":\"https:\\\/\\\/www.bellunopress.it\\\/wp-content\\\/uploads\\\/2011\\\/05\\\/cropped-logo-bellunopress-.jpg\",\"contentUrl\":\"https:\\\/\\\/www.bellunopress.it\\\/wp-content\\\/uploads\\\/2011\\\/05\\\/cropped-logo-bellunopress-.jpg\",\"width\":512,\"height\":512,\"caption\":\"Bellunopress\"},\"image\":{\"@id\":\"https:\\\/\\\/www.bellunopress.it\\\/#\\\/schema\\\/logo\\\/image\\\/\"},\"sameAs\":[\"https:\\\/\\\/www.facebook.com\\\/profile.php?id=100008943462799\",\"https:\\\/\\\/x.com\\\/bellunopress\",\"https:\\\/\\\/www.linkedin.com\\\/hp\\\/?dnr=JBzUWaJfMUw8vbXJJ2tVW5-I3jZKvC4wsoxE&amp;amp;amp;amp;amp;amp;trk=nav_responsive_tab_home\",\"https:\\\/\\\/www.youtube.com\\\/channel\\\/UCxL0wu1uN0_3_7hGG0306cw\"]},{\"@type\":\"Person\",\"@id\":\"https:\\\/\\\/www.bellunopress.it\\\/#\\\/schema\\\/person\\\/79bb06722b37ece1c03d3e94beb30d73\",\"name\":\"redazione\",\"image\":{\"@type\":\"ImageObject\",\"inLanguage\":\"fr-FR\",\"@id\":\"https:\\\/\\\/secure.gravatar.com\\\/avatar\\\/37d968a2e67a6fd04c169c4bdef102d0bc5d31b2546345219e348575eb80e9a0?s=96&d=mm&r=g\",\"url\":\"https:\\\/\\\/secure.gravatar.com\\\/avatar\\\/37d968a2e67a6fd04c169c4bdef102d0bc5d31b2546345219e348575eb80e9a0?s=96&d=mm&r=g\",\"contentUrl\":\"https:\\\/\\\/secure.gravatar.com\\\/avatar\\\/37d968a2e67a6fd04c169c4bdef102d0bc5d31b2546345219e348575eb80e9a0?s=96&d=mm&r=g\",\"caption\":\"redazione\"},\"sameAs\":[\"http:\\\/\\\/www.bellunopress.it\",\"https:\\\/\\\/x.com\\\/bellunopress\"],\"url\":\"https:\\\/\\\/www.bellunopress.it\\\/fr\\\/author\\\/redazione\\\/\"}]}<\/script>\n<!-- \/ Yoast SEO plugin. -->","yoast_head_json":{"title":"Il centrosinistra conferma Claudia Bettiol candidato sindaco, ma Sel e IpB si staccano - Bellunopress - Dolomiti","robots":{"index":"index","follow":"follow","max-snippet":"max-snippet:-1","max-image-preview":"max-image-preview:large","max-video-preview":"max-video-preview:-1"},"canonical":"https:\/\/www.bellunopress.it\/fr\/2012\/02\/07\/il-centrosinistra-conferma-claudia-bettiol-candidato-sindaco-ma-sel-e-ipb-si-staccano\/","og_locale":"fr_FR","og_type":"article","og_title":"Il centrosinistra conferma Claudia Bettiol candidato sindaco, ma Sel e IpB si staccano - Bellunopress - Dolomiti","og_description":"Com&#8217;era nell&#8217;aria da giorni, la coalizione di centrosinistra perde il Sel (Sinistra Ecologia e Libert\u00e0) e la lista civica IpB (Insieme per Belluno), che non condividono la scelta di Claudia Bettiol candidato sindaco. E sulla quale, comunque, convergono le altre forze: Partito Democratico, Italia dei Valori, Partito Socialista, Lista Alternativa Civica per Belluno, Federazione della [&hellip;]","og_url":"https:\/\/www.bellunopress.it\/fr\/2012\/02\/07\/il-centrosinistra-conferma-claudia-bettiol-candidato-sindaco-ma-sel-e-ipb-si-staccano\/","og_site_name":"Bellunopress - Dolomiti","article_publisher":"https:\/\/www.facebook.com\/profile.php?id=100008943462799","article_published_time":"2012-02-07T07:23:36+00:00","og_image":[{"url":"http:\/\/www.bellunopress.it\/wp-content\/uploads\/2011\/09\/Claudia-Bettiol-150x120.jpg","type":"","width":"","height":""}],"author":"redazione","twitter_card":"summary_large_image","twitter_creator":"@bellunopress","twitter_site":"@bellunopress","twitter_misc":{"\u00c9crit par":"redazione","Dur\u00e9e de lecture estim\u00e9e":"1 minute"},"schema":{"@context":"https:\/\/schema.org","@graph":[{"@type":"Article","@id":"https:\/\/www.bellunopress.it\/2012\/02\/07\/il-centrosinistra-conferma-claudia-bettiol-candidato-sindaco-ma-sel-e-ipb-si-staccano\/#article","isPartOf":{"@id":"https:\/\/www.bellunopress.it\/2012\/02\/07\/il-centrosinistra-conferma-claudia-bettiol-candidato-sindaco-ma-sel-e-ipb-si-staccano\/"},"author":{"name":"redazione","@id":"https:\/\/www.bellunopress.it\/#\/schema\/person\/79bb06722b37ece1c03d3e94beb30d73"},"headline":"Il centrosinistra conferma Claudia Bettiol candidato sindaco, ma Sel e IpB si staccano","datePublished":"2012-02-07T07:23:36+00:00","mainEntityOfPage":{"@id":"https:\/\/www.bellunopress.it\/2012\/02\/07\/il-centrosinistra-conferma-claudia-bettiol-candidato-sindaco-ma-sel-e-ipb-si-staccano\/"},"wordCount":185,"publisher":{"@id":"https:\/\/www.bellunopress.it\/#organization"},"image":{"@id":"https:\/\/www.bellunopress.it\/2012\/02\/07\/il-centrosinistra-conferma-claudia-bettiol-candidato-sindaco-ma-sel-e-ipb-si-staccano\/#primaryimage"},"thumbnailUrl":"http:\/\/www.bellunopress.it\/wp-content\/uploads\/2011\/09\/Claudia-Bettiol-150x120.jpg","articleSection":["Cronaca\/Politica","Prima Pagina"],"inLanguage":"fr-FR"},{"@type":"WebPage","@id":"https:\/\/www.bellunopress.it\/2012\/02\/07\/il-centrosinistra-conferma-claudia-bettiol-candidato-sindaco-ma-sel-e-ipb-si-staccano\/","url":"https:\/\/www.bellunopress.it\/2012\/02\/07\/il-centrosinistra-conferma-claudia-bettiol-candidato-sindaco-ma-sel-e-ipb-si-staccano\/","name":"Il centrosinistra conferma Claudia Bettiol candidato sindaco, ma Sel e IpB si staccano - Bellunopress - Dolomiti","isPartOf":{"@id":"https:\/\/www.bellunopress.it\/#website"},"primaryImageOfPage":{"@id":"https:\/\/www.bellunopress.it\/2012\/02\/07\/il-centrosinistra-conferma-claudia-bettiol-candidato-sindaco-ma-sel-e-ipb-si-staccano\/#primaryimage"},"image":{"@id":"https:\/\/www.bellunopress.it\/2012\/02\/07\/il-centrosinistra-conferma-claudia-bettiol-candidato-sindaco-ma-sel-e-ipb-si-staccano\/#primaryimage"},"thumbnailUrl":"http:\/\/www.bellunopress.it\/wp-content\/uploads\/2011\/09\/Claudia-Bettiol-150x120.jpg","datePublished":"2012-02-07T07:23:36+00:00","breadcrumb":{"@id":"https:\/\/www.bellunopress.it\/2012\/02\/07\/il-centrosinistra-conferma-claudia-bettiol-candidato-sindaco-ma-sel-e-ipb-si-staccano\/#breadcrumb"},"inLanguage":"fr-FR","potentialAction":[{"@type":"ReadAction","target":["https:\/\/www.bellunopress.it\/2012\/02\/07\/il-centrosinistra-conferma-claudia-bettiol-candidato-sindaco-ma-sel-e-ipb-si-staccano\/"]}]},{"@type":"ImageObject","inLanguage":"fr-FR","@id":"https:\/\/www.bellunopress.it\/2012\/02\/07\/il-centrosinistra-conferma-claudia-bettiol-candidato-sindaco-ma-sel-e-ipb-si-staccano\/#primaryimage","url":"http:\/\/www.bellunopress.it\/wp-content\/uploads\/2011\/09\/Claudia-Bettiol-150x120.jpg","contentUrl":"http:\/\/www.bellunopress.it\/wp-content\/uploads\/2011\/09\/Claudia-Bettiol-150x120.jpg"},{"@type":"BreadcrumbList","@id":"https:\/\/www.bellunopress.it\/2012\/02\/07\/il-centrosinistra-conferma-claudia-bettiol-candidato-sindaco-ma-sel-e-ipb-si-staccano\/#breadcrumb","itemListElement":[{"@type":"ListItem","position":1,"name":"Home","item":"https:\/\/www.bellunopress.it\/"},{"@type":"ListItem","position":2,"name":"Il centrosinistra conferma Claudia Bettiol candidato sindaco, ma Sel e IpB si staccano"}]},{"@type":"WebSite","@id":"https:\/\/www.bellunopress.it\/#website","url":"https:\/\/www.bellunopress.it\/","name":"Bellunopress - Dolomiti","description":"e-mail: redazione@bellunopress.it","publisher":{"@id":"https:\/\/www.bellunopress.it\/#organization"},"potentialAction":[{"@type":"SearchAction","target":{"@type":"EntryPoint","urlTemplate":"https:\/\/www.bellunopress.it\/?s={search_term_string}"},"query-input":{"@type":"PropertyValueSpecification","valueRequired":true,"valueName":"search_term_string"}}],"inLanguage":"fr-FR"},{"@type":"Organization","@id":"https:\/\/www.bellunopress.it\/#organization","name":"Bellunopress","url":"https:\/\/www.bellunopress.it\/","logo":{"@type":"ImageObject","inLanguage":"fr-FR","@id":"https:\/\/www.bellunopress.it\/#\/schema\/logo\/image\/","url":"https:\/\/www.bellunopress.it\/wp-content\/uploads\/2011\/05\/cropped-logo-bellunopress-.jpg","contentUrl":"https:\/\/www.bellunopress.it\/wp-content\/uploads\/2011\/05\/cropped-logo-bellunopress-.jpg","width":512,"height":512,"caption":"Bellunopress"},"image":{"@id":"https:\/\/www.bellunopress.it\/#\/schema\/logo\/image\/"},"sameAs":["https:\/\/www.facebook.com\/profile.php?id=100008943462799","https:\/\/x.com\/bellunopress","https:\/\/www.linkedin.com\/hp\/?dnr=JBzUWaJfMUw8vbXJJ2tVW5-I3jZKvC4wsoxE&amp;amp;amp;amp;amp;amp;trk=nav_responsive_tab_home","https:\/\/www.youtube.com\/channel\/UCxL0wu1uN0_3_7hGG0306cw"]},{"@type":"Person","@id":"https:\/\/www.bellunopress.it\/#\/schema\/person\/79bb06722b37ece1c03d3e94beb30d73","name":"r\u00e9daction","image":{"@type":"ImageObject","inLanguage":"fr-FR","@id":"https:\/\/secure.gravatar.com\/avatar\/37d968a2e67a6fd04c169c4bdef102d0bc5d31b2546345219e348575eb80e9a0?s=96&d=mm&r=g","url":"https:\/\/secure.gravatar.com\/avatar\/37d968a2e67a6fd04c169c4bdef102d0bc5d31b2546345219e348575eb80e9a0?s=96&d=mm&r=g","contentUrl":"https:\/\/secure.gravatar.com\/avatar\/37d968a2e67a6fd04c169c4bdef102d0bc5d31b2546345219e348575eb80e9a0?s=96&d=mm&r=g","caption":"redazione"},"sameAs":["http:\/\/www.bellunopress.it","https:\/\/x.com\/bellunopress"],"url":"https:\/\/www.bellunopress.it\/fr\/author\/redazione\/"}]}},"_links":{"self":[{"href":"https:\/\/www.bellunopress.it\/fr\/wp-json\/wp\/v2\/posts\/34856","targetHints":{"allow":["GET"]}}],"collection":[{"href":"https:\/\/www.bellunopress.it\/fr\/wp-json\/wp\/v2\/posts"}],"about":[{"href":"https:\/\/www.bellunopress.it\/fr\/wp-json\/wp\/v2\/types\/post"}],"author":[{"embeddable":true,"href":"https:\/\/www.bellunopress.it\/fr\/wp-json\/wp\/v2\/users\/2"}],"replies":[{"embeddable":true,"href":"https:\/\/www.bellunopress.it\/fr\/wp-json\/wp\/v2\/comments?post=34856"}],"version-history":[{"count":2,"href":"https:\/\/www.bellunopress.it\/fr\/wp-json\/wp\/v2\/posts\/34856\/revisions"}],"predecessor-version":[{"id":34858,"href":"https:\/\/www.bellunopress.it\/fr\/wp-json\/wp\/v2\/posts\/34856\/revisions\/34858"}],"wp:attachment":[{"href":"https:\/\/www.bellunopress.it\/fr\/wp-json\/wp\/v2\/media?parent=34856"}],"wp:term":[{"taxonomy":"category","embeddable":true,"href":"https:\/\/www.bellunopress.it\/fr\/wp-json\/wp\/v2\/categories?post=34856"},{"taxonomy":"post_tag","embeddable":true,"href":"https:\/\/www.bellunopress.it\/fr\/wp-json\/wp\/v2\/tags?post=34856"}],"curies":[{"name":"wp","href":"https:\/\/api.w.org\/{rel}","templated":true}]}}