{"id":34854,"date":"2012-02-07T07:08:31","date_gmt":"2012-02-07T06:08:31","guid":{"rendered":"http:\/\/www.bellunopress.it\/?p=34854"},"modified":"2012-02-07T07:08:31","modified_gmt":"2012-02-07T06:08:31","slug":"la-legge-si-interpreta-con-gli-amici-e-si-applica-con-gli-altri-di-francesco-masut","status":"publish","type":"post","link":"https:\/\/www.bellunopress.it\/fr\/2012\/02\/07\/la-legge-si-interpreta-con-gli-amici-e-si-applica-con-gli-altri-di-francesco-masut\/","title":{"rendered":"La legge si interpreta con gli amici e si applica con gli altri * di Francesco Masut"},"content":{"rendered":"<p>La Lega e PDL, dopo aver negato l\u2019arresto di Cosentino, comprando il suo silenzio, ora propongono e fanno passare l\u2019emendamento sulla responsabilit\u00e0 civile diretta dei magistrati. Il concetto che potremmo tradurre in soldoni in \u201cchi sbaglia deve pagare\u201d. Un concetto giusto, ma che va articolato nella sua complessit\u00e0. Il lavoro del magistrato non risponde a regole razionali, si basa su prove, analisi, intercettazioni, lavoro di ricostruzione, di verifica delle tesi. Gli errori possono essere dovuti ad inesperienza, a testimonianze che emergono in tempi successivi, a negligenza o superficialit\u00e0 ed \u00e8 necessario capire la tipologia di errore Va detto che la responsabilit\u00e0 civile dei magistrati \u00e8 gi\u00e0 operativa, ma \u00e8 indiretta: chi viene ingiustamente danneggiato dall\u2019errore giudiziario pu\u00f2 fare causa allo Stato e sar\u00e0 lo Stato che, perdendo la causa, risarcir\u00e0 il cittadino e si rivarr\u00e0 sul magistrato chiedendogli i danni in funzione della tipologia e della gravit\u00e0 dell\u2019errore. Anche l\u2019esperienza dei paesi pi\u00f9 civili si pone in questa linea. Ora invece l\u2019emendamento passato prevede che sar\u00e0 direttamente il magistrato a risarcire l\u2019imputato in caso di ingiusto danneggiamento. La responsabilit\u00e0 diretta, pone una questione che potenzialmente sfiora un principio costituzionale, l\u2019indipendenza della magistratura, astratto in apparenza, indispensabile nei fatti a che la legge sia davvero uguale per tutti. Sono evidenti i pericoli intimidatori\u00a0 quando dall\u2019altra parte ci sono poteri forti economicamente, politicamente o sul piano criminale. Non abbiamo bisogno di magistrati terrorizzati nell&#8217;interpretare la legge o che scrivono sentenze con mano tremolanti. Se il giudice sbaglia, il cittadino o\u00a0 l&#8217;ente danneggiato pu\u00f2 impugnare la decisione, ma la migliore garanzia sta nella rapidit\u00e0 della giustizia, verso la quale bisogna muovere senza indugi e nel rafforzamento degli organi di controllo disciplinare. Stando ai dati forniti qualche giorno fa dal ministro Severino, al momento risultano in servizio 8.834 magistrati ma ne occorrerebbero 1.317 in pi\u00f9 per coprire tutti i posti previsti. L\u2019arretrato da smaltire fa paura: al 30 giugno 2011 erano circa 9 milioni i processi da chiudere, 5,5 milioni per il civile e 3,4 per il penale. Le carceri, infine, rigurgitano di persone, i detenuti sono poco meno di 67 mila, un\u2019enormit\u00e0 rispetto alla capienza degli istituti di pena. Sembra che si faccia di tutto per far si che la giustizia non funzioni. Se poi i nostri cari politici (soprattutto la maggioranza che ha governato negli ultimi anni, ma non solo) volessero applicare a loro il concetto di responsabilit\u00e0 diretta per i circa a 60 Mld all\u2019anno di soldi pubblici usati per corruzione, per le menzogne dette rispetto alla crisi, per la questione Alitalia (5000 licenziamenti in pi\u00f9 rispetto all\u2019accordo con Air France e maggiori costi per i cittadini), per l\u2019aumento delle spese per nuovi ministeri e sottosegretari per mantenere in piedi il governo, per il salvataggio di parlamentari coinvolti in traffici illegali o con la criminalit\u00e0 organizzata e molte altre questioni, tutti gli italiani potrebbero diventare milionari.<\/p>\n<p>Francesco Masut<\/p>\n<p>&nbsp;<\/p>","protected":false},"excerpt":{"rendered":"<p>La Lega e PDL, dopo aver negato l\u2019arresto di Cosentino, comprando il suo silenzio, ora propongono e fanno passare l\u2019emendamento sulla responsabilit\u00e0 civile diretta dei magistrati. Il concetto che potremmo tradurre in soldoni in \u201cchi sbaglia deve pagare\u201d. Un concetto giusto, ma che va articolato nella sua complessit\u00e0. Il lavoro del magistrato non risponde a [&hellip;]<\/p>\n","protected":false},"author":2,"featured_media":0,"comment_status":"closed","ping_status":"open","sticky":false,"template":"","format":"standard","meta":{"footnotes":""},"categories":[1,26],"tags":[],"class_list":["post-34854","post","type-post","status-publish","format-standard","category-leo","category-prima-pagina"],"yoast_head":"<!-- This site is optimized with the Yoast SEO plugin v28.4 - https:\/\/yoast.com\/product\/yoast-seo-wordpress\/ -->\n<title>La legge si interpreta con gli amici e si applica con gli altri * di Francesco Masut - Bellunopress - Dolomiti<\/title>\n<meta name=\"robots\" content=\"index, follow, max-snippet:-1, max-image-preview:large, max-video-preview:-1\" \/>\n<link rel=\"canonical\" href=\"https:\/\/www.bellunopress.it\/fr\/2012\/02\/07\/la-legge-si-interpreta-con-gli-amici-e-si-applica-con-gli-altri-di-francesco-masut\/\" \/>\n<meta property=\"og:locale\" content=\"fr_FR\" \/>\n<meta property=\"og:type\" content=\"article\" \/>\n<meta property=\"og:title\" content=\"La legge si interpreta con gli amici e si applica con gli altri * di Francesco Masut - Bellunopress - Dolomiti\" \/>\n<meta property=\"og:description\" content=\"La Lega e PDL, dopo aver negato l\u2019arresto di Cosentino, comprando il suo silenzio, ora propongono e fanno passare l\u2019emendamento sulla responsabilit\u00e0 civile diretta dei magistrati. Il concetto che potremmo tradurre in soldoni in \u201cchi sbaglia deve pagare\u201d. Un concetto giusto, ma che va articolato nella sua complessit\u00e0. Il lavoro del magistrato non risponde a [&hellip;]\" \/>\n<meta property=\"og:url\" content=\"https:\/\/www.bellunopress.it\/fr\/2012\/02\/07\/la-legge-si-interpreta-con-gli-amici-e-si-applica-con-gli-altri-di-francesco-masut\/\" \/>\n<meta property=\"og:site_name\" content=\"Bellunopress - Dolomiti\" \/>\n<meta property=\"article:publisher\" content=\"https:\/\/www.facebook.com\/profile.php?id=100008943462799\" \/>\n<meta property=\"article:published_time\" content=\"2012-02-07T06:08:31+00:00\" \/>\n<meta property=\"og:image\" content=\"http:\/\/www.bellunopress.it\/wp-content\/uploads\/2012\/07\/logo-bellunopress-250x250-2012.jpg\" \/>\n<meta name=\"author\" content=\"redazione\" \/>\n<meta name=\"twitter:card\" content=\"summary_large_image\" \/>\n<meta name=\"twitter:creator\" content=\"@bellunopress\" \/>\n<meta name=\"twitter:site\" content=\"@bellunopress\" \/>\n<meta name=\"twitter:label1\" content=\"\u00c9crit par\" \/>\n\t<meta name=\"twitter:data1\" content=\"redazione\" \/>\n\t<meta name=\"twitter:label2\" content=\"Dur\u00e9e de lecture estim\u00e9e\" \/>\n\t<meta name=\"twitter:data2\" content=\"2 minutes\" \/>\n<script type=\"application\/ld+json\" class=\"yoast-schema-graph\">{\"@context\":\"https:\\\/\\\/schema.org\",\"@graph\":[{\"@type\":\"Article\",\"@id\":\"https:\\\/\\\/www.bellunopress.it\\\/2012\\\/02\\\/07\\\/la-legge-si-interpreta-con-gli-amici-e-si-applica-con-gli-altri-di-francesco-masut\\\/#article\",\"isPartOf\":{\"@id\":\"https:\\\/\\\/www.bellunopress.it\\\/2012\\\/02\\\/07\\\/la-legge-si-interpreta-con-gli-amici-e-si-applica-con-gli-altri-di-francesco-masut\\\/\"},\"author\":{\"name\":\"redazione\",\"@id\":\"https:\\\/\\\/www.bellunopress.it\\\/#\\\/schema\\\/person\\\/79bb06722b37ece1c03d3e94beb30d73\"},\"headline\":\"La legge si interpreta con gli amici e si applica con gli altri * di Francesco Masut\",\"datePublished\":\"2012-02-07T06:08:31+00:00\",\"mainEntityOfPage\":{\"@id\":\"https:\\\/\\\/www.bellunopress.it\\\/2012\\\/02\\\/07\\\/la-legge-si-interpreta-con-gli-amici-e-si-applica-con-gli-altri-di-francesco-masut\\\/\"},\"wordCount\":497,\"publisher\":{\"@id\":\"https:\\\/\\\/www.bellunopress.it\\\/#organization\"},\"articleSection\":[\"Lettere Opinioni\",\"Prima Pagina\"],\"inLanguage\":\"fr-FR\"},{\"@type\":\"WebPage\",\"@id\":\"https:\\\/\\\/www.bellunopress.it\\\/2012\\\/02\\\/07\\\/la-legge-si-interpreta-con-gli-amici-e-si-applica-con-gli-altri-di-francesco-masut\\\/\",\"url\":\"https:\\\/\\\/www.bellunopress.it\\\/2012\\\/02\\\/07\\\/la-legge-si-interpreta-con-gli-amici-e-si-applica-con-gli-altri-di-francesco-masut\\\/\",\"name\":\"La legge si interpreta con gli amici e si applica con gli altri * di Francesco Masut - Bellunopress - Dolomiti\",\"isPartOf\":{\"@id\":\"https:\\\/\\\/www.bellunopress.it\\\/#website\"},\"datePublished\":\"2012-02-07T06:08:31+00:00\",\"breadcrumb\":{\"@id\":\"https:\\\/\\\/www.bellunopress.it\\\/2012\\\/02\\\/07\\\/la-legge-si-interpreta-con-gli-amici-e-si-applica-con-gli-altri-di-francesco-masut\\\/#breadcrumb\"},\"inLanguage\":\"fr-FR\",\"potentialAction\":[{\"@type\":\"ReadAction\",\"target\":[\"https:\\\/\\\/www.bellunopress.it\\\/2012\\\/02\\\/07\\\/la-legge-si-interpreta-con-gli-amici-e-si-applica-con-gli-altri-di-francesco-masut\\\/\"]}]},{\"@type\":\"BreadcrumbList\",\"@id\":\"https:\\\/\\\/www.bellunopress.it\\\/2012\\\/02\\\/07\\\/la-legge-si-interpreta-con-gli-amici-e-si-applica-con-gli-altri-di-francesco-masut\\\/#breadcrumb\",\"itemListElement\":[{\"@type\":\"ListItem\",\"position\":1,\"name\":\"Home\",\"item\":\"https:\\\/\\\/www.bellunopress.it\\\/\"},{\"@type\":\"ListItem\",\"position\":2,\"name\":\"La legge si interpreta con gli amici e si applica con gli altri * di Francesco Masut\"}]},{\"@type\":\"WebSite\",\"@id\":\"https:\\\/\\\/www.bellunopress.it\\\/#website\",\"url\":\"https:\\\/\\\/www.bellunopress.it\\\/\",\"name\":\"Bellunopress - Dolomiti\",\"description\":\"e-mail: redazione@bellunopress.it\",\"publisher\":{\"@id\":\"https:\\\/\\\/www.bellunopress.it\\\/#organization\"},\"potentialAction\":[{\"@type\":\"SearchAction\",\"target\":{\"@type\":\"EntryPoint\",\"urlTemplate\":\"https:\\\/\\\/www.bellunopress.it\\\/?s={search_term_string}\"},\"query-input\":{\"@type\":\"PropertyValueSpecification\",\"valueRequired\":true,\"valueName\":\"search_term_string\"}}],\"inLanguage\":\"fr-FR\"},{\"@type\":\"Organization\",\"@id\":\"https:\\\/\\\/www.bellunopress.it\\\/#organization\",\"name\":\"Bellunopress\",\"url\":\"https:\\\/\\\/www.bellunopress.it\\\/\",\"logo\":{\"@type\":\"ImageObject\",\"inLanguage\":\"fr-FR\",\"@id\":\"https:\\\/\\\/www.bellunopress.it\\\/#\\\/schema\\\/logo\\\/image\\\/\",\"url\":\"https:\\\/\\\/www.bellunopress.it\\\/wp-content\\\/uploads\\\/2011\\\/05\\\/cropped-logo-bellunopress-.jpg\",\"contentUrl\":\"https:\\\/\\\/www.bellunopress.it\\\/wp-content\\\/uploads\\\/2011\\\/05\\\/cropped-logo-bellunopress-.jpg\",\"width\":512,\"height\":512,\"caption\":\"Bellunopress\"},\"image\":{\"@id\":\"https:\\\/\\\/www.bellunopress.it\\\/#\\\/schema\\\/logo\\\/image\\\/\"},\"sameAs\":[\"https:\\\/\\\/www.facebook.com\\\/profile.php?id=100008943462799\",\"https:\\\/\\\/x.com\\\/bellunopress\",\"https:\\\/\\\/www.linkedin.com\\\/hp\\\/?dnr=JBzUWaJfMUw8vbXJJ2tVW5-I3jZKvC4wsoxE&amp;amp;amp;amp;amp;amp;trk=nav_responsive_tab_home\",\"https:\\\/\\\/www.youtube.com\\\/channel\\\/UCxL0wu1uN0_3_7hGG0306cw\"]},{\"@type\":\"Person\",\"@id\":\"https:\\\/\\\/www.bellunopress.it\\\/#\\\/schema\\\/person\\\/79bb06722b37ece1c03d3e94beb30d73\",\"name\":\"redazione\",\"image\":{\"@type\":\"ImageObject\",\"inLanguage\":\"fr-FR\",\"@id\":\"https:\\\/\\\/secure.gravatar.com\\\/avatar\\\/37d968a2e67a6fd04c169c4bdef102d0bc5d31b2546345219e348575eb80e9a0?s=96&d=mm&r=g\",\"url\":\"https:\\\/\\\/secure.gravatar.com\\\/avatar\\\/37d968a2e67a6fd04c169c4bdef102d0bc5d31b2546345219e348575eb80e9a0?s=96&d=mm&r=g\",\"contentUrl\":\"https:\\\/\\\/secure.gravatar.com\\\/avatar\\\/37d968a2e67a6fd04c169c4bdef102d0bc5d31b2546345219e348575eb80e9a0?s=96&d=mm&r=g\",\"caption\":\"redazione\"},\"sameAs\":[\"http:\\\/\\\/www.bellunopress.it\",\"https:\\\/\\\/x.com\\\/bellunopress\"],\"url\":\"https:\\\/\\\/www.bellunopress.it\\\/fr\\\/author\\\/redazione\\\/\"}]}<\/script>\n<!-- \/ Yoast SEO plugin. -->","yoast_head_json":{"title":"La legge si interpreta con gli amici e si applica con gli altri * di Francesco Masut - Bellunopress - Dolomiti","robots":{"index":"index","follow":"follow","max-snippet":"max-snippet:-1","max-image-preview":"max-image-preview:large","max-video-preview":"max-video-preview:-1"},"canonical":"https:\/\/www.bellunopress.it\/fr\/2012\/02\/07\/la-legge-si-interpreta-con-gli-amici-e-si-applica-con-gli-altri-di-francesco-masut\/","og_locale":"fr_FR","og_type":"article","og_title":"La legge si interpreta con gli amici e si applica con gli altri * di Francesco Masut - Bellunopress - Dolomiti","og_description":"La Lega e PDL, dopo aver negato l\u2019arresto di Cosentino, comprando il suo silenzio, ora propongono e fanno passare l\u2019emendamento sulla responsabilit\u00e0 civile diretta dei magistrati. Il concetto che potremmo tradurre in soldoni in \u201cchi sbaglia deve pagare\u201d. Un concetto giusto, ma che va articolato nella sua complessit\u00e0. Il lavoro del magistrato non risponde a [&hellip;]","og_url":"https:\/\/www.bellunopress.it\/fr\/2012\/02\/07\/la-legge-si-interpreta-con-gli-amici-e-si-applica-con-gli-altri-di-francesco-masut\/","og_site_name":"Bellunopress - Dolomiti","article_publisher":"https:\/\/www.facebook.com\/profile.php?id=100008943462799","article_published_time":"2012-02-07T06:08:31+00:00","og_image":[{"url":"http:\/\/www.bellunopress.it\/wp-content\/uploads\/2012\/07\/logo-bellunopress-250x250-2012.jpg","type":"","width":"","height":""}],"author":"redazione","twitter_card":"summary_large_image","twitter_creator":"@bellunopress","twitter_site":"@bellunopress","twitter_misc":{"\u00c9crit par":"redazione","Dur\u00e9e de lecture estim\u00e9e":"2 minutes"},"schema":{"@context":"https:\/\/schema.org","@graph":[{"@type":"Article","@id":"https:\/\/www.bellunopress.it\/2012\/02\/07\/la-legge-si-interpreta-con-gli-amici-e-si-applica-con-gli-altri-di-francesco-masut\/#article","isPartOf":{"@id":"https:\/\/www.bellunopress.it\/2012\/02\/07\/la-legge-si-interpreta-con-gli-amici-e-si-applica-con-gli-altri-di-francesco-masut\/"},"author":{"name":"redazione","@id":"https:\/\/www.bellunopress.it\/#\/schema\/person\/79bb06722b37ece1c03d3e94beb30d73"},"headline":"La legge si interpreta con gli amici e si applica con gli altri * di Francesco Masut","datePublished":"2012-02-07T06:08:31+00:00","mainEntityOfPage":{"@id":"https:\/\/www.bellunopress.it\/2012\/02\/07\/la-legge-si-interpreta-con-gli-amici-e-si-applica-con-gli-altri-di-francesco-masut\/"},"wordCount":497,"publisher":{"@id":"https:\/\/www.bellunopress.it\/#organization"},"articleSection":["Lettere Opinioni","Prima Pagina"],"inLanguage":"fr-FR"},{"@type":"WebPage","@id":"https:\/\/www.bellunopress.it\/2012\/02\/07\/la-legge-si-interpreta-con-gli-amici-e-si-applica-con-gli-altri-di-francesco-masut\/","url":"https:\/\/www.bellunopress.it\/2012\/02\/07\/la-legge-si-interpreta-con-gli-amici-e-si-applica-con-gli-altri-di-francesco-masut\/","name":"La legge si interpreta con gli amici e si applica con gli altri * di Francesco Masut - Bellunopress - Dolomiti","isPartOf":{"@id":"https:\/\/www.bellunopress.it\/#website"},"datePublished":"2012-02-07T06:08:31+00:00","breadcrumb":{"@id":"https:\/\/www.bellunopress.it\/2012\/02\/07\/la-legge-si-interpreta-con-gli-amici-e-si-applica-con-gli-altri-di-francesco-masut\/#breadcrumb"},"inLanguage":"fr-FR","potentialAction":[{"@type":"ReadAction","target":["https:\/\/www.bellunopress.it\/2012\/02\/07\/la-legge-si-interpreta-con-gli-amici-e-si-applica-con-gli-altri-di-francesco-masut\/"]}]},{"@type":"BreadcrumbList","@id":"https:\/\/www.bellunopress.it\/2012\/02\/07\/la-legge-si-interpreta-con-gli-amici-e-si-applica-con-gli-altri-di-francesco-masut\/#breadcrumb","itemListElement":[{"@type":"ListItem","position":1,"name":"Home","item":"https:\/\/www.bellunopress.it\/"},{"@type":"ListItem","position":2,"name":"La legge si interpreta con gli amici e si applica con gli altri * di Francesco Masut"}]},{"@type":"WebSite","@id":"https:\/\/www.bellunopress.it\/#website","url":"https:\/\/www.bellunopress.it\/","name":"Bellunopress - Dolomiti","description":"e-mail: redazione@bellunopress.it","publisher":{"@id":"https:\/\/www.bellunopress.it\/#organization"},"potentialAction":[{"@type":"SearchAction","target":{"@type":"EntryPoint","urlTemplate":"https:\/\/www.bellunopress.it\/?s={search_term_string}"},"query-input":{"@type":"PropertyValueSpecification","valueRequired":true,"valueName":"search_term_string"}}],"inLanguage":"fr-FR"},{"@type":"Organization","@id":"https:\/\/www.bellunopress.it\/#organization","name":"Bellunopress","url":"https:\/\/www.bellunopress.it\/","logo":{"@type":"ImageObject","inLanguage":"fr-FR","@id":"https:\/\/www.bellunopress.it\/#\/schema\/logo\/image\/","url":"https:\/\/www.bellunopress.it\/wp-content\/uploads\/2011\/05\/cropped-logo-bellunopress-.jpg","contentUrl":"https:\/\/www.bellunopress.it\/wp-content\/uploads\/2011\/05\/cropped-logo-bellunopress-.jpg","width":512,"height":512,"caption":"Bellunopress"},"image":{"@id":"https:\/\/www.bellunopress.it\/#\/schema\/logo\/image\/"},"sameAs":["https:\/\/www.facebook.com\/profile.php?id=100008943462799","https:\/\/x.com\/bellunopress","https:\/\/www.linkedin.com\/hp\/?dnr=JBzUWaJfMUw8vbXJJ2tVW5-I3jZKvC4wsoxE&amp;amp;amp;amp;amp;amp;trk=nav_responsive_tab_home","https:\/\/www.youtube.com\/channel\/UCxL0wu1uN0_3_7hGG0306cw"]},{"@type":"Person","@id":"https:\/\/www.bellunopress.it\/#\/schema\/person\/79bb06722b37ece1c03d3e94beb30d73","name":"r\u00e9daction","image":{"@type":"ImageObject","inLanguage":"fr-FR","@id":"https:\/\/secure.gravatar.com\/avatar\/37d968a2e67a6fd04c169c4bdef102d0bc5d31b2546345219e348575eb80e9a0?s=96&d=mm&r=g","url":"https:\/\/secure.gravatar.com\/avatar\/37d968a2e67a6fd04c169c4bdef102d0bc5d31b2546345219e348575eb80e9a0?s=96&d=mm&r=g","contentUrl":"https:\/\/secure.gravatar.com\/avatar\/37d968a2e67a6fd04c169c4bdef102d0bc5d31b2546345219e348575eb80e9a0?s=96&d=mm&r=g","caption":"redazione"},"sameAs":["http:\/\/www.bellunopress.it","https:\/\/x.com\/bellunopress"],"url":"https:\/\/www.bellunopress.it\/fr\/author\/redazione\/"}]}},"_links":{"self":[{"href":"https:\/\/www.bellunopress.it\/fr\/wp-json\/wp\/v2\/posts\/34854","targetHints":{"allow":["GET"]}}],"collection":[{"href":"https:\/\/www.bellunopress.it\/fr\/wp-json\/wp\/v2\/posts"}],"about":[{"href":"https:\/\/www.bellunopress.it\/fr\/wp-json\/wp\/v2\/types\/post"}],"author":[{"embeddable":true,"href":"https:\/\/www.bellunopress.it\/fr\/wp-json\/wp\/v2\/users\/2"}],"replies":[{"embeddable":true,"href":"https:\/\/www.bellunopress.it\/fr\/wp-json\/wp\/v2\/comments?post=34854"}],"version-history":[{"count":1,"href":"https:\/\/www.bellunopress.it\/fr\/wp-json\/wp\/v2\/posts\/34854\/revisions"}],"predecessor-version":[{"id":34855,"href":"https:\/\/www.bellunopress.it\/fr\/wp-json\/wp\/v2\/posts\/34854\/revisions\/34855"}],"wp:attachment":[{"href":"https:\/\/www.bellunopress.it\/fr\/wp-json\/wp\/v2\/media?parent=34854"}],"wp:term":[{"taxonomy":"category","embeddable":true,"href":"https:\/\/www.bellunopress.it\/fr\/wp-json\/wp\/v2\/categories?post=34854"},{"taxonomy":"post_tag","embeddable":true,"href":"https:\/\/www.bellunopress.it\/fr\/wp-json\/wp\/v2\/tags?post=34854"}],"curies":[{"name":"wp","href":"https:\/\/api.w.org\/{rel}","templated":true}]}}