{"id":34813,"date":"2012-02-06T08:25:28","date_gmt":"2012-02-06T07:25:28","guid":{"rendered":"http:\/\/www.bellunopress.it\/?p=34813"},"modified":"2012-02-06T08:25:28","modified_gmt":"2012-02-06T07:25:28","slug":"carrozzieri-l8-febbraio-a-roma-contro-il-decreto-crescitalia-furlin-costi-piu-alti-per-i-clienti-e-meno-concorrenza-tra-imprese","status":"publish","type":"post","link":"https:\/\/www.bellunopress.it\/fr\/2012\/02\/06\/carrozzieri-l8-febbraio-a-roma-contro-il-decreto-crescitalia-furlin-costi-piu-alti-per-i-clienti-e-meno-concorrenza-tra-imprese\/","title":{"rendered":"Carrozzieri l&#8217;8 febbraio a Roma contro il decreto Crescitalia. Furlin: &#8220;costi pi\u00f9 alti per i clienti e meno concorrenza tra imprese&#8221;"},"content":{"rendered":"<p><a href=\"http:\/\/www.bellunopress.it\/wp-content\/uploads\/2009\/07\/unione-artigiani-e-piccola-industria-belluno.jpg\"><img loading=\"lazy\" decoding=\"async\" class=\"alignright size-full wp-image-6417\" title=\"uapi unione-artigiani-e-piccola-industria-belluno\" src=\"http:\/\/www.bellunopress.it\/wp-content\/uploads\/2009\/07\/unione-artigiani-e-piccola-industria-belluno.jpg\" alt=\"\" width=\"120\" height=\"120\" \/><\/a>E\u2019 allarme per la manovra \u201cCrescitalia\u201d, approvata nei giorni scorsi alla Camera, perch\u00e9 penalizza consumatori e autoriparatori. \u201cLa categoria \u00e8 mobilitata \u2013 spiega il presidente provinciale dei Carrozzieri dell\u2019UAPI di Belluno, Gianluigi Furlin &#8211; per tutelare il principio della libera concorrenza, che il decreto, invece, ha cancellato, in violazione anche di una sentenza della Corte costituzionale (n. 180\/2009), che sancisce il libero risarcimento diretto\u201d. \u201cSaremo a Roma mercoled\u00ec 8 febbraio in piazza di Montecitorio \u2013 aggiunge Furlin \u2013 e ci sar\u00e0 anche un gruppo bellunese assieme alla rappresentanza del Veneto e delle altre regioni, scenderemo in massa nella citt\u00e0 capitolina, per sensibilizzare Governo, Parlamento e cittadini sull\u2019opportunit\u00e0 di scongiurare tale eventualit\u00e0, in sede di conversione in legge del provvedimento\u201d. I fatti sono questi. L\u2019applicazione della norma contenuta nel decreto differenzia in modo discriminante il cliente che si rivolge alle cosiddette \u201cofficine convenzionate con le compagnie di assicurazione\u201d e le officine libere. \u201cLa nuova norma inquina il mercato \u2013 denuncia il presidente Furlin \u2013 perch\u00e9 prevede una maggiorazione (+30%) per coloro che, in caso di sinistro, scelgono di far riparare il danno all\u2019auto dal proprio carrozziere di fiducia, anzich\u00e9 presso officine convenzionate con la compagnia di assicurazione\u201d. Un vero boomerang per i clienti: in pratica costi pi\u00f9 alti per i clienti e meno concorrenza per le imprese. \u201cLa categoria \u2013 \u00e8 chiaro il presidente Furlin \u2013 non accetta la decisione, imposta dal provvedimento di legge in corso di discussione, perch\u00e9 palese violazione del libero mercato e della libera scelta delle persone, rompendo il rapporto fiduciario esistente tra cliente e carrozziere\u201d. \u201cSiamo davvero perplessi, poi \u2013 aggiunge Gianluigi Furlin \u2013 sulla qualit\u00e0 dei lavori fatti dalle officine convenzionate a costi ridotti del 30% quando ormai, sappiamo, che i margini di guadagno sono all\u2019osso\u201d. La scelta introdotta dal decreto del Governo sorprende particolarmente, inoltre, per la conoscenza e competenza del presidente Monti in ambito europeo, visto che nel resto dell\u2019Europa la riparazione in forma specifica \u00e8 inserita nella polizza assicurativa con tanto di sconto del 45%. In Italia, invece, dovrebbe avvenire l\u2019esatto contrario! Per coloro che intendano aderire alla manifestazione a Roma possono contattare l\u2019Ufficio Categorie dell\u2019UAPI di Belluno (tel 0437 933241) per i dettagli del viaggio<\/p>","protected":false},"excerpt":{"rendered":"<p>E\u2019 allarme per la manovra \u201cCrescitalia\u201d, approvata nei giorni scorsi alla Camera, perch\u00e9 penalizza consumatori e autoriparatori. \u201cLa categoria \u00e8 mobilitata \u2013 spiega il presidente provinciale dei Carrozzieri dell\u2019UAPI di Belluno, Gianluigi Furlin &#8211; per tutelare il principio della libera concorrenza, che il decreto, invece, ha cancellato, in violazione anche di una sentenza della Corte [&hellip;]<\/p>\n","protected":false},"author":2,"featured_media":0,"comment_status":"closed","ping_status":"open","sticky":false,"template":"","format":"standard","meta":{"footnotes":""},"categories":[36,26],"tags":[],"class_list":["post-34813","post","type-post","status-publish","format-standard","category-lavoro-economia","category-prima-pagina"],"yoast_head":"<!-- This site is optimized with the Yoast SEO plugin v28.4 - https:\/\/yoast.com\/product\/yoast-seo-wordpress\/ -->\n<title>Carrozzieri l&#039;8 febbraio a Roma contro il decreto Crescitalia. Furlin: &quot;costi pi\u00f9 alti per i clienti e meno concorrenza tra imprese&quot;  - Bellunopress - Dolomiti<\/title>\n<meta name=\"robots\" content=\"index, follow, max-snippet:-1, max-image-preview:large, max-video-preview:-1\" \/>\n<link rel=\"canonical\" href=\"https:\/\/www.bellunopress.it\/fr\/2012\/02\/06\/carrozzieri-l8-febbraio-a-roma-contro-il-decreto-crescitalia-furlin-costi-piu-alti-per-i-clienti-e-meno-concorrenza-tra-imprese\/\" \/>\n<meta property=\"og:locale\" content=\"fr_FR\" \/>\n<meta property=\"og:type\" content=\"article\" \/>\n<meta property=\"og:title\" content=\"Carrozzieri l&#039;8 febbraio a Roma contro il decreto Crescitalia. Furlin: &quot;costi pi\u00f9 alti per i clienti e meno concorrenza tra imprese&quot;  - Bellunopress - Dolomiti\" \/>\n<meta property=\"og:description\" content=\"E\u2019 allarme per la manovra \u201cCrescitalia\u201d, approvata nei giorni scorsi alla Camera, perch\u00e9 penalizza consumatori e autoriparatori. \u201cLa categoria \u00e8 mobilitata \u2013 spiega il presidente provinciale dei Carrozzieri dell\u2019UAPI di Belluno, Gianluigi Furlin &#8211; per tutelare il principio della libera concorrenza, che il decreto, invece, ha cancellato, in violazione anche di una sentenza della Corte [&hellip;]\" \/>\n<meta property=\"og:url\" content=\"https:\/\/www.bellunopress.it\/fr\/2012\/02\/06\/carrozzieri-l8-febbraio-a-roma-contro-il-decreto-crescitalia-furlin-costi-piu-alti-per-i-clienti-e-meno-concorrenza-tra-imprese\/\" \/>\n<meta property=\"og:site_name\" content=\"Bellunopress - Dolomiti\" \/>\n<meta property=\"article:publisher\" content=\"https:\/\/www.facebook.com\/profile.php?id=100008943462799\" \/>\n<meta property=\"article:published_time\" content=\"2012-02-06T07:25:28+00:00\" \/>\n<meta property=\"og:image\" content=\"http:\/\/www.bellunopress.it\/wp-content\/uploads\/2009\/07\/unione-artigiani-e-piccola-industria-belluno.jpg\" \/>\n<meta name=\"author\" content=\"redazione\" \/>\n<meta name=\"twitter:card\" content=\"summary_large_image\" \/>\n<meta name=\"twitter:creator\" content=\"@bellunopress\" \/>\n<meta name=\"twitter:site\" content=\"@bellunopress\" \/>\n<meta name=\"twitter:label1\" content=\"\u00c9crit par\" \/>\n\t<meta name=\"twitter:data1\" content=\"redazione\" \/>\n\t<meta name=\"twitter:label2\" content=\"Dur\u00e9e de lecture estim\u00e9e\" \/>\n\t<meta name=\"twitter:data2\" content=\"2 minutes\" \/>\n<script type=\"application\/ld+json\" class=\"yoast-schema-graph\">{\"@context\":\"https:\\\/\\\/schema.org\",\"@graph\":[{\"@type\":\"Article\",\"@id\":\"https:\\\/\\\/www.bellunopress.it\\\/2012\\\/02\\\/06\\\/carrozzieri-l8-febbraio-a-roma-contro-il-decreto-crescitalia-furlin-costi-piu-alti-per-i-clienti-e-meno-concorrenza-tra-imprese\\\/#article\",\"isPartOf\":{\"@id\":\"https:\\\/\\\/www.bellunopress.it\\\/2012\\\/02\\\/06\\\/carrozzieri-l8-febbraio-a-roma-contro-il-decreto-crescitalia-furlin-costi-piu-alti-per-i-clienti-e-meno-concorrenza-tra-imprese\\\/\"},\"author\":{\"name\":\"redazione\",\"@id\":\"https:\\\/\\\/www.bellunopress.it\\\/#\\\/schema\\\/person\\\/79bb06722b37ece1c03d3e94beb30d73\"},\"headline\":\"Carrozzieri l&#8217;8 febbraio a Roma contro il decreto Crescitalia. Furlin: &#8220;costi pi\u00f9 alti per i clienti e meno concorrenza tra imprese&#8221;\",\"datePublished\":\"2012-02-06T07:25:28+00:00\",\"mainEntityOfPage\":{\"@id\":\"https:\\\/\\\/www.bellunopress.it\\\/2012\\\/02\\\/06\\\/carrozzieri-l8-febbraio-a-roma-contro-il-decreto-crescitalia-furlin-costi-piu-alti-per-i-clienti-e-meno-concorrenza-tra-imprese\\\/\"},\"wordCount\":375,\"publisher\":{\"@id\":\"https:\\\/\\\/www.bellunopress.it\\\/#organization\"},\"image\":{\"@id\":\"https:\\\/\\\/www.bellunopress.it\\\/2012\\\/02\\\/06\\\/carrozzieri-l8-febbraio-a-roma-contro-il-decreto-crescitalia-furlin-costi-piu-alti-per-i-clienti-e-meno-concorrenza-tra-imprese\\\/#primaryimage\"},\"thumbnailUrl\":\"http:\\\/\\\/www.bellunopress.it\\\/wp-content\\\/uploads\\\/2009\\\/07\\\/unione-artigiani-e-piccola-industria-belluno.jpg\",\"articleSection\":[\"Lavoro, Economia, Turismo\",\"Prima Pagina\"],\"inLanguage\":\"fr-FR\"},{\"@type\":\"WebPage\",\"@id\":\"https:\\\/\\\/www.bellunopress.it\\\/2012\\\/02\\\/06\\\/carrozzieri-l8-febbraio-a-roma-contro-il-decreto-crescitalia-furlin-costi-piu-alti-per-i-clienti-e-meno-concorrenza-tra-imprese\\\/\",\"url\":\"https:\\\/\\\/www.bellunopress.it\\\/2012\\\/02\\\/06\\\/carrozzieri-l8-febbraio-a-roma-contro-il-decreto-crescitalia-furlin-costi-piu-alti-per-i-clienti-e-meno-concorrenza-tra-imprese\\\/\",\"name\":\"Carrozzieri l'8 febbraio a Roma contro il decreto Crescitalia. Furlin: \\\"costi pi\u00f9 alti per i clienti e meno concorrenza tra imprese\\\" - Bellunopress - Dolomiti\",\"isPartOf\":{\"@id\":\"https:\\\/\\\/www.bellunopress.it\\\/#website\"},\"primaryImageOfPage\":{\"@id\":\"https:\\\/\\\/www.bellunopress.it\\\/2012\\\/02\\\/06\\\/carrozzieri-l8-febbraio-a-roma-contro-il-decreto-crescitalia-furlin-costi-piu-alti-per-i-clienti-e-meno-concorrenza-tra-imprese\\\/#primaryimage\"},\"image\":{\"@id\":\"https:\\\/\\\/www.bellunopress.it\\\/2012\\\/02\\\/06\\\/carrozzieri-l8-febbraio-a-roma-contro-il-decreto-crescitalia-furlin-costi-piu-alti-per-i-clienti-e-meno-concorrenza-tra-imprese\\\/#primaryimage\"},\"thumbnailUrl\":\"http:\\\/\\\/www.bellunopress.it\\\/wp-content\\\/uploads\\\/2009\\\/07\\\/unione-artigiani-e-piccola-industria-belluno.jpg\",\"datePublished\":\"2012-02-06T07:25:28+00:00\",\"breadcrumb\":{\"@id\":\"https:\\\/\\\/www.bellunopress.it\\\/2012\\\/02\\\/06\\\/carrozzieri-l8-febbraio-a-roma-contro-il-decreto-crescitalia-furlin-costi-piu-alti-per-i-clienti-e-meno-concorrenza-tra-imprese\\\/#breadcrumb\"},\"inLanguage\":\"fr-FR\",\"potentialAction\":[{\"@type\":\"ReadAction\",\"target\":[\"https:\\\/\\\/www.bellunopress.it\\\/2012\\\/02\\\/06\\\/carrozzieri-l8-febbraio-a-roma-contro-il-decreto-crescitalia-furlin-costi-piu-alti-per-i-clienti-e-meno-concorrenza-tra-imprese\\\/\"]}]},{\"@type\":\"ImageObject\",\"inLanguage\":\"fr-FR\",\"@id\":\"https:\\\/\\\/www.bellunopress.it\\\/2012\\\/02\\\/06\\\/carrozzieri-l8-febbraio-a-roma-contro-il-decreto-crescitalia-furlin-costi-piu-alti-per-i-clienti-e-meno-concorrenza-tra-imprese\\\/#primaryimage\",\"url\":\"http:\\\/\\\/www.bellunopress.it\\\/wp-content\\\/uploads\\\/2009\\\/07\\\/unione-artigiani-e-piccola-industria-belluno.jpg\",\"contentUrl\":\"http:\\\/\\\/www.bellunopress.it\\\/wp-content\\\/uploads\\\/2009\\\/07\\\/unione-artigiani-e-piccola-industria-belluno.jpg\"},{\"@type\":\"BreadcrumbList\",\"@id\":\"https:\\\/\\\/www.bellunopress.it\\\/2012\\\/02\\\/06\\\/carrozzieri-l8-febbraio-a-roma-contro-il-decreto-crescitalia-furlin-costi-piu-alti-per-i-clienti-e-meno-concorrenza-tra-imprese\\\/#breadcrumb\",\"itemListElement\":[{\"@type\":\"ListItem\",\"position\":1,\"name\":\"Home\",\"item\":\"https:\\\/\\\/www.bellunopress.it\\\/\"},{\"@type\":\"ListItem\",\"position\":2,\"name\":\"Carrozzieri l&#8217;8 febbraio a Roma contro il decreto Crescitalia. Furlin: &#8220;costi pi\u00f9 alti per i clienti e meno concorrenza tra imprese&#8221;\"}]},{\"@type\":\"WebSite\",\"@id\":\"https:\\\/\\\/www.bellunopress.it\\\/#website\",\"url\":\"https:\\\/\\\/www.bellunopress.it\\\/\",\"name\":\"Bellunopress - Dolomiti\",\"description\":\"e-mail: redazione@bellunopress.it\",\"publisher\":{\"@id\":\"https:\\\/\\\/www.bellunopress.it\\\/#organization\"},\"potentialAction\":[{\"@type\":\"SearchAction\",\"target\":{\"@type\":\"EntryPoint\",\"urlTemplate\":\"https:\\\/\\\/www.bellunopress.it\\\/?s={search_term_string}\"},\"query-input\":{\"@type\":\"PropertyValueSpecification\",\"valueRequired\":true,\"valueName\":\"search_term_string\"}}],\"inLanguage\":\"fr-FR\"},{\"@type\":\"Organization\",\"@id\":\"https:\\\/\\\/www.bellunopress.it\\\/#organization\",\"name\":\"Bellunopress\",\"url\":\"https:\\\/\\\/www.bellunopress.it\\\/\",\"logo\":{\"@type\":\"ImageObject\",\"inLanguage\":\"fr-FR\",\"@id\":\"https:\\\/\\\/www.bellunopress.it\\\/#\\\/schema\\\/logo\\\/image\\\/\",\"url\":\"https:\\\/\\\/www.bellunopress.it\\\/wp-content\\\/uploads\\\/2011\\\/05\\\/cropped-logo-bellunopress-.jpg\",\"contentUrl\":\"https:\\\/\\\/www.bellunopress.it\\\/wp-content\\\/uploads\\\/2011\\\/05\\\/cropped-logo-bellunopress-.jpg\",\"width\":512,\"height\":512,\"caption\":\"Bellunopress\"},\"image\":{\"@id\":\"https:\\\/\\\/www.bellunopress.it\\\/#\\\/schema\\\/logo\\\/image\\\/\"},\"sameAs\":[\"https:\\\/\\\/www.facebook.com\\\/profile.php?id=100008943462799\",\"https:\\\/\\\/x.com\\\/bellunopress\",\"https:\\\/\\\/www.linkedin.com\\\/hp\\\/?dnr=JBzUWaJfMUw8vbXJJ2tVW5-I3jZKvC4wsoxE&amp;amp;amp;amp;amp;amp;trk=nav_responsive_tab_home\",\"https:\\\/\\\/www.youtube.com\\\/channel\\\/UCxL0wu1uN0_3_7hGG0306cw\"]},{\"@type\":\"Person\",\"@id\":\"https:\\\/\\\/www.bellunopress.it\\\/#\\\/schema\\\/person\\\/79bb06722b37ece1c03d3e94beb30d73\",\"name\":\"redazione\",\"image\":{\"@type\":\"ImageObject\",\"inLanguage\":\"fr-FR\",\"@id\":\"https:\\\/\\\/secure.gravatar.com\\\/avatar\\\/37d968a2e67a6fd04c169c4bdef102d0bc5d31b2546345219e348575eb80e9a0?s=96&d=mm&r=g\",\"url\":\"https:\\\/\\\/secure.gravatar.com\\\/avatar\\\/37d968a2e67a6fd04c169c4bdef102d0bc5d31b2546345219e348575eb80e9a0?s=96&d=mm&r=g\",\"contentUrl\":\"https:\\\/\\\/secure.gravatar.com\\\/avatar\\\/37d968a2e67a6fd04c169c4bdef102d0bc5d31b2546345219e348575eb80e9a0?s=96&d=mm&r=g\",\"caption\":\"redazione\"},\"sameAs\":[\"http:\\\/\\\/www.bellunopress.it\",\"https:\\\/\\\/x.com\\\/bellunopress\"],\"url\":\"https:\\\/\\\/www.bellunopress.it\\\/fr\\\/author\\\/redazione\\\/\"}]}<\/script>\n<!-- \/ Yoast SEO plugin. -->","yoast_head_json":{"title":"Carrozzieri l'8 febbraio a Roma contro il decreto Crescitalia. Furlin: \"costi pi\u00f9 alti per i clienti e meno concorrenza tra imprese\"  - Bellunopress - Dolomiti","robots":{"index":"index","follow":"follow","max-snippet":"max-snippet:-1","max-image-preview":"max-image-preview:large","max-video-preview":"max-video-preview:-1"},"canonical":"https:\/\/www.bellunopress.it\/fr\/2012\/02\/06\/carrozzieri-l8-febbraio-a-roma-contro-il-decreto-crescitalia-furlin-costi-piu-alti-per-i-clienti-e-meno-concorrenza-tra-imprese\/","og_locale":"fr_FR","og_type":"article","og_title":"Carrozzieri l'8 febbraio a Roma contro il decreto Crescitalia. Furlin: \"costi pi\u00f9 alti per i clienti e meno concorrenza tra imprese\"  - Bellunopress - Dolomiti","og_description":"E\u2019 allarme per la manovra \u201cCrescitalia\u201d, approvata nei giorni scorsi alla Camera, perch\u00e9 penalizza consumatori e autoriparatori. \u201cLa categoria \u00e8 mobilitata \u2013 spiega il presidente provinciale dei Carrozzieri dell\u2019UAPI di Belluno, Gianluigi Furlin &#8211; per tutelare il principio della libera concorrenza, che il decreto, invece, ha cancellato, in violazione anche di una sentenza della Corte [&hellip;]","og_url":"https:\/\/www.bellunopress.it\/fr\/2012\/02\/06\/carrozzieri-l8-febbraio-a-roma-contro-il-decreto-crescitalia-furlin-costi-piu-alti-per-i-clienti-e-meno-concorrenza-tra-imprese\/","og_site_name":"Bellunopress - Dolomiti","article_publisher":"https:\/\/www.facebook.com\/profile.php?id=100008943462799","article_published_time":"2012-02-06T07:25:28+00:00","og_image":[{"url":"http:\/\/www.bellunopress.it\/wp-content\/uploads\/2009\/07\/unione-artigiani-e-piccola-industria-belluno.jpg","type":"","width":"","height":""}],"author":"redazione","twitter_card":"summary_large_image","twitter_creator":"@bellunopress","twitter_site":"@bellunopress","twitter_misc":{"\u00c9crit par":"redazione","Dur\u00e9e de lecture estim\u00e9e":"2 minutes"},"schema":{"@context":"https:\/\/schema.org","@graph":[{"@type":"Article","@id":"https:\/\/www.bellunopress.it\/2012\/02\/06\/carrozzieri-l8-febbraio-a-roma-contro-il-decreto-crescitalia-furlin-costi-piu-alti-per-i-clienti-e-meno-concorrenza-tra-imprese\/#article","isPartOf":{"@id":"https:\/\/www.bellunopress.it\/2012\/02\/06\/carrozzieri-l8-febbraio-a-roma-contro-il-decreto-crescitalia-furlin-costi-piu-alti-per-i-clienti-e-meno-concorrenza-tra-imprese\/"},"author":{"name":"redazione","@id":"https:\/\/www.bellunopress.it\/#\/schema\/person\/79bb06722b37ece1c03d3e94beb30d73"},"headline":"Carrozzieri l&#8217;8 febbraio a Roma contro il decreto Crescitalia. Furlin: &#8220;costi pi\u00f9 alti per i clienti e meno concorrenza tra imprese&#8221;","datePublished":"2012-02-06T07:25:28+00:00","mainEntityOfPage":{"@id":"https:\/\/www.bellunopress.it\/2012\/02\/06\/carrozzieri-l8-febbraio-a-roma-contro-il-decreto-crescitalia-furlin-costi-piu-alti-per-i-clienti-e-meno-concorrenza-tra-imprese\/"},"wordCount":375,"publisher":{"@id":"https:\/\/www.bellunopress.it\/#organization"},"image":{"@id":"https:\/\/www.bellunopress.it\/2012\/02\/06\/carrozzieri-l8-febbraio-a-roma-contro-il-decreto-crescitalia-furlin-costi-piu-alti-per-i-clienti-e-meno-concorrenza-tra-imprese\/#primaryimage"},"thumbnailUrl":"http:\/\/www.bellunopress.it\/wp-content\/uploads\/2009\/07\/unione-artigiani-e-piccola-industria-belluno.jpg","articleSection":["Lavoro, Economia, Turismo","Prima Pagina"],"inLanguage":"fr-FR"},{"@type":"WebPage","@id":"https:\/\/www.bellunopress.it\/2012\/02\/06\/carrozzieri-l8-febbraio-a-roma-contro-il-decreto-crescitalia-furlin-costi-piu-alti-per-i-clienti-e-meno-concorrenza-tra-imprese\/","url":"https:\/\/www.bellunopress.it\/2012\/02\/06\/carrozzieri-l8-febbraio-a-roma-contro-il-decreto-crescitalia-furlin-costi-piu-alti-per-i-clienti-e-meno-concorrenza-tra-imprese\/","name":"Carrozzieri l'8 febbraio a Roma contro il decreto Crescitalia. Furlin: \"costi pi\u00f9 alti per i clienti e meno concorrenza tra imprese\" - Bellunopress - Dolomiti","isPartOf":{"@id":"https:\/\/www.bellunopress.it\/#website"},"primaryImageOfPage":{"@id":"https:\/\/www.bellunopress.it\/2012\/02\/06\/carrozzieri-l8-febbraio-a-roma-contro-il-decreto-crescitalia-furlin-costi-piu-alti-per-i-clienti-e-meno-concorrenza-tra-imprese\/#primaryimage"},"image":{"@id":"https:\/\/www.bellunopress.it\/2012\/02\/06\/carrozzieri-l8-febbraio-a-roma-contro-il-decreto-crescitalia-furlin-costi-piu-alti-per-i-clienti-e-meno-concorrenza-tra-imprese\/#primaryimage"},"thumbnailUrl":"http:\/\/www.bellunopress.it\/wp-content\/uploads\/2009\/07\/unione-artigiani-e-piccola-industria-belluno.jpg","datePublished":"2012-02-06T07:25:28+00:00","breadcrumb":{"@id":"https:\/\/www.bellunopress.it\/2012\/02\/06\/carrozzieri-l8-febbraio-a-roma-contro-il-decreto-crescitalia-furlin-costi-piu-alti-per-i-clienti-e-meno-concorrenza-tra-imprese\/#breadcrumb"},"inLanguage":"fr-FR","potentialAction":[{"@type":"ReadAction","target":["https:\/\/www.bellunopress.it\/2012\/02\/06\/carrozzieri-l8-febbraio-a-roma-contro-il-decreto-crescitalia-furlin-costi-piu-alti-per-i-clienti-e-meno-concorrenza-tra-imprese\/"]}]},{"@type":"ImageObject","inLanguage":"fr-FR","@id":"https:\/\/www.bellunopress.it\/2012\/02\/06\/carrozzieri-l8-febbraio-a-roma-contro-il-decreto-crescitalia-furlin-costi-piu-alti-per-i-clienti-e-meno-concorrenza-tra-imprese\/#primaryimage","url":"http:\/\/www.bellunopress.it\/wp-content\/uploads\/2009\/07\/unione-artigiani-e-piccola-industria-belluno.jpg","contentUrl":"http:\/\/www.bellunopress.it\/wp-content\/uploads\/2009\/07\/unione-artigiani-e-piccola-industria-belluno.jpg"},{"@type":"BreadcrumbList","@id":"https:\/\/www.bellunopress.it\/2012\/02\/06\/carrozzieri-l8-febbraio-a-roma-contro-il-decreto-crescitalia-furlin-costi-piu-alti-per-i-clienti-e-meno-concorrenza-tra-imprese\/#breadcrumb","itemListElement":[{"@type":"ListItem","position":1,"name":"Home","item":"https:\/\/www.bellunopress.it\/"},{"@type":"ListItem","position":2,"name":"Carrozzieri l&#8217;8 febbraio a Roma contro il decreto Crescitalia. Furlin: &#8220;costi pi\u00f9 alti per i clienti e meno concorrenza tra imprese&#8221;"}]},{"@type":"WebSite","@id":"https:\/\/www.bellunopress.it\/#website","url":"https:\/\/www.bellunopress.it\/","name":"Bellunopress - Dolomiti","description":"e-mail: redazione@bellunopress.it","publisher":{"@id":"https:\/\/www.bellunopress.it\/#organization"},"potentialAction":[{"@type":"SearchAction","target":{"@type":"EntryPoint","urlTemplate":"https:\/\/www.bellunopress.it\/?s={search_term_string}"},"query-input":{"@type":"PropertyValueSpecification","valueRequired":true,"valueName":"search_term_string"}}],"inLanguage":"fr-FR"},{"@type":"Organization","@id":"https:\/\/www.bellunopress.it\/#organization","name":"Bellunopress","url":"https:\/\/www.bellunopress.it\/","logo":{"@type":"ImageObject","inLanguage":"fr-FR","@id":"https:\/\/www.bellunopress.it\/#\/schema\/logo\/image\/","url":"https:\/\/www.bellunopress.it\/wp-content\/uploads\/2011\/05\/cropped-logo-bellunopress-.jpg","contentUrl":"https:\/\/www.bellunopress.it\/wp-content\/uploads\/2011\/05\/cropped-logo-bellunopress-.jpg","width":512,"height":512,"caption":"Bellunopress"},"image":{"@id":"https:\/\/www.bellunopress.it\/#\/schema\/logo\/image\/"},"sameAs":["https:\/\/www.facebook.com\/profile.php?id=100008943462799","https:\/\/x.com\/bellunopress","https:\/\/www.linkedin.com\/hp\/?dnr=JBzUWaJfMUw8vbXJJ2tVW5-I3jZKvC4wsoxE&amp;amp;amp;amp;amp;amp;trk=nav_responsive_tab_home","https:\/\/www.youtube.com\/channel\/UCxL0wu1uN0_3_7hGG0306cw"]},{"@type":"Person","@id":"https:\/\/www.bellunopress.it\/#\/schema\/person\/79bb06722b37ece1c03d3e94beb30d73","name":"r\u00e9daction","image":{"@type":"ImageObject","inLanguage":"fr-FR","@id":"https:\/\/secure.gravatar.com\/avatar\/37d968a2e67a6fd04c169c4bdef102d0bc5d31b2546345219e348575eb80e9a0?s=96&d=mm&r=g","url":"https:\/\/secure.gravatar.com\/avatar\/37d968a2e67a6fd04c169c4bdef102d0bc5d31b2546345219e348575eb80e9a0?s=96&d=mm&r=g","contentUrl":"https:\/\/secure.gravatar.com\/avatar\/37d968a2e67a6fd04c169c4bdef102d0bc5d31b2546345219e348575eb80e9a0?s=96&d=mm&r=g","caption":"redazione"},"sameAs":["http:\/\/www.bellunopress.it","https:\/\/x.com\/bellunopress"],"url":"https:\/\/www.bellunopress.it\/fr\/author\/redazione\/"}]}},"_links":{"self":[{"href":"https:\/\/www.bellunopress.it\/fr\/wp-json\/wp\/v2\/posts\/34813","targetHints":{"allow":["GET"]}}],"collection":[{"href":"https:\/\/www.bellunopress.it\/fr\/wp-json\/wp\/v2\/posts"}],"about":[{"href":"https:\/\/www.bellunopress.it\/fr\/wp-json\/wp\/v2\/types\/post"}],"author":[{"embeddable":true,"href":"https:\/\/www.bellunopress.it\/fr\/wp-json\/wp\/v2\/users\/2"}],"replies":[{"embeddable":true,"href":"https:\/\/www.bellunopress.it\/fr\/wp-json\/wp\/v2\/comments?post=34813"}],"version-history":[{"count":1,"href":"https:\/\/www.bellunopress.it\/fr\/wp-json\/wp\/v2\/posts\/34813\/revisions"}],"predecessor-version":[{"id":34814,"href":"https:\/\/www.bellunopress.it\/fr\/wp-json\/wp\/v2\/posts\/34813\/revisions\/34814"}],"wp:attachment":[{"href":"https:\/\/www.bellunopress.it\/fr\/wp-json\/wp\/v2\/media?parent=34813"}],"wp:term":[{"taxonomy":"category","embeddable":true,"href":"https:\/\/www.bellunopress.it\/fr\/wp-json\/wp\/v2\/categories?post=34813"},{"taxonomy":"post_tag","embeddable":true,"href":"https:\/\/www.bellunopress.it\/fr\/wp-json\/wp\/v2\/tags?post=34813"}],"curies":[{"name":"wp","href":"https:\/\/api.w.org\/{rel}","templated":true}]}}