{"id":34804,"date":"2012-02-05T23:31:42","date_gmt":"2012-02-05T22:31:42","guid":{"rendered":"http:\/\/www.bellunopress.it\/?p=34804"},"modified":"2012-02-05T23:32:34","modified_gmt":"2012-02-05T22:32:34","slug":"case-di-riposo-bampo-basterebbe-un-emendamento-per-tutelare-le-strutture-di-montagna-ma-i-paqrlamentari-bellunesi-debbono-curare-gli-interessi-dei-partiti-nazionali","status":"publish","type":"post","link":"https:\/\/www.bellunopress.it\/fr\/2012\/02\/05\/case-di-riposo-bampo-basterebbe-un-emendamento-per-tutelare-le-strutture-di-montagna-ma-i-paqrlamentari-bellunesi-debbono-curare-gli-interessi-dei-partiti-nazionali\/","title":{"rendered":"Case di riposo. Bampo: &#8220;basterebbe un emendamento per tutelare le strutture di montagna. Ma i parlamentari bellunesi debbono curare gli interessi dei partiti nazionali&#8221;"},"content":{"rendered":"<figure id=\"attachment_1403\" aria-describedby=\"caption-attachment-1403\" style=\"width: 240px\" class=\"wp-caption alignleft\"><a href=\"http:\/\/www.bellunopress.it\/wp-content\/uploads\/2009\/03\/casa-di-riposo-maria-gaggia-lante-belluno-240x180.jpg\"><img loading=\"lazy\" decoding=\"async\" class=\"size-full wp-image-1403\" title=\"casa-di-riposo-maria-gaggia-lante-belluno-240x180\" src=\"http:\/\/www.bellunopress.it\/wp-content\/uploads\/2009\/03\/casa-di-riposo-maria-gaggia-lante-belluno-240x180.jpg\" alt=\"\" width=\"240\" height=\"180\" \/><\/a><figcaption id=\"caption-attachment-1403\" class=\"wp-caption-text\">Casa di Riposo Belluno<\/figcaption><\/figure>\n<p>&#8220;I vincoli della nuova normativa dettata dall\u2019emergenza finanziaria nazionale, stanno portando nella particolare realt\u00e0 assistenziale del Bellunese un vero e proprio cataclisma. Alcuni amministratori cercano di trovare delle soluzioni che rispettino i nuovi dettami legali &#8211; scrive Paolo Bampo in un a nota &#8211;\u00a0 pur preservando l\u2019abituale livello qualitativo sinora garantito dal servizio pubblico locale: una vera e propria impresa! sappiamo che la realt\u00e0 assistenziale bellunese \u00e8 particolare. Ci\u00f2 \u00e8 dovuto al fatto che molte \u201ccase di riposo\u201d nostrane sono di propriet\u00e0 dei rispettivi comuni &#8211; prosegue il leader del Pab &#8211; Alcuni le gestiscono direttamente, altri attraverso cooperative. Con la nuova finanziaria per i comuni non \u00e8 pi\u00f9 possibile la gestione di questa propriet\u00e0. Proprio perch\u00e9 \u00e8 particolare, sono poche in Italia le situazioni analoghe. Cos\u00ec poche che basterebbe un emendamento ad una delle leggi che stanno transitando nelle commissioni finanze del Parlamento, che riconosca il carattere di eccezionalit\u00e0 delle strutture di montagna e che, in funzione di ci\u00f2, preveda quanto necessario normativamente e finanziariamente per salvaguardare non solo la qualit\u00e0 dell\u2019assistenza fornita ai nostri anziani, ma addirittura la l\u2019assistenza medesima ed i posti di lavoro degli operatori tecnici e professionali di queste strutture.<\/p>\n<figure id=\"attachment_31043\" aria-describedby=\"caption-attachment-31043\" style=\"width: 134px\" class=\"wp-caption alignright\"><a href=\"http:\/\/www.bellunopress.it\/wp-content\/uploads\/2011\/09\/Paolo-Bampo-150x130.jpg\"><img loading=\"lazy\" decoding=\"async\" class=\"size-full wp-image-31043\" title=\"Paolo Bampo 150x130\" src=\"http:\/\/www.bellunopress.it\/wp-content\/uploads\/2011\/09\/Paolo-Bampo-150x130.jpg\" alt=\"\" width=\"134\" height=\"150\" \/><\/a><figcaption id=\"caption-attachment-31043\" class=\"wp-caption-text\">Paolo Bampo<\/figcaption><\/figure>\n<p>Sarebbero per\u00f2 necessari dei rappresentanti in Parlamento che si occupasssero dei problemi reali del territorio che li ha eletti.\u00a0 Purtroppo &#8211; conclude Bampo &#8211;\u00a0 i parlamentari bellunesi non sono i rappresentanti di un partito territoriale. Essi debbono rappresentare le esigenze e curare gli interessi dei partiti nazionali dei quali sono tesserati&#8221;.<\/p>","protected":false},"excerpt":{"rendered":"<p>&#8220;I vincoli della nuova normativa dettata dall\u2019emergenza finanziaria nazionale, stanno portando nella particolare realt\u00e0 assistenziale del Bellunese un vero e proprio cataclisma. Alcuni amministratori cercano di trovare delle soluzioni che rispettino i nuovi dettami legali &#8211; scrive Paolo Bampo in un a nota &#8211;\u00a0 pur preservando l\u2019abituale livello qualitativo sinora garantito dal servizio pubblico locale: [&hellip;]<\/p>\n","protected":false},"author":2,"featured_media":0,"comment_status":"closed","ping_status":"open","sticky":false,"template":"","format":"standard","meta":{"footnotes":""},"categories":[5,8],"tags":[],"class_list":["post-34804","post","type-post","status-publish","format-standard","category-cronaca","category-societa-istituzioni"],"yoast_head":"<!-- This site is optimized with the Yoast SEO plugin v28.4 - https:\/\/yoast.com\/product\/yoast-seo-wordpress\/ -->\n<title>Case di riposo. Bampo: &quot;basterebbe un emendamento per tutelare le strutture di montagna. Ma i parlamentari bellunesi debbono curare gli interessi dei partiti nazionali&quot; - Bellunopress - Dolomiti<\/title>\n<meta name=\"robots\" content=\"index, follow, max-snippet:-1, max-image-preview:large, max-video-preview:-1\" \/>\n<link rel=\"canonical\" href=\"https:\/\/www.bellunopress.it\/fr\/2012\/02\/05\/case-di-riposo-bampo-basterebbe-un-emendamento-per-tutelare-le-strutture-di-montagna-ma-i-paqrlamentari-bellunesi-debbono-curare-gli-interessi-dei-partiti-nazionali\/\" \/>\n<meta property=\"og:locale\" content=\"fr_FR\" \/>\n<meta property=\"og:type\" content=\"article\" \/>\n<meta property=\"og:title\" content=\"Case di riposo. Bampo: &quot;basterebbe un emendamento per tutelare le strutture di montagna. Ma i parlamentari bellunesi debbono curare gli interessi dei partiti nazionali&quot; - Bellunopress - Dolomiti\" \/>\n<meta property=\"og:description\" content=\"&#8220;I vincoli della nuova normativa dettata dall\u2019emergenza finanziaria nazionale, stanno portando nella particolare realt\u00e0 assistenziale del Bellunese un vero e proprio cataclisma. Alcuni amministratori cercano di trovare delle soluzioni che rispettino i nuovi dettami legali &#8211; scrive Paolo Bampo in un a nota &#8211;\u00a0 pur preservando l\u2019abituale livello qualitativo sinora garantito dal servizio pubblico locale: [&hellip;]\" \/>\n<meta property=\"og:url\" content=\"https:\/\/www.bellunopress.it\/fr\/2012\/02\/05\/case-di-riposo-bampo-basterebbe-un-emendamento-per-tutelare-le-strutture-di-montagna-ma-i-paqrlamentari-bellunesi-debbono-curare-gli-interessi-dei-partiti-nazionali\/\" \/>\n<meta property=\"og:site_name\" content=\"Bellunopress - Dolomiti\" \/>\n<meta property=\"article:publisher\" content=\"https:\/\/www.facebook.com\/profile.php?id=100008943462799\" \/>\n<meta property=\"article:published_time\" content=\"2012-02-05T22:31:42+00:00\" \/>\n<meta property=\"article:modified_time\" content=\"2012-02-05T22:32:34+00:00\" \/>\n<meta property=\"og:image\" content=\"http:\/\/www.bellunopress.it\/wp-content\/uploads\/2009\/03\/casa-di-riposo-maria-gaggia-lante-belluno-240x180.jpg\" \/>\n<meta name=\"author\" content=\"redazione\" \/>\n<meta name=\"twitter:card\" content=\"summary_large_image\" \/>\n<meta name=\"twitter:creator\" content=\"@bellunopress\" \/>\n<meta name=\"twitter:site\" content=\"@bellunopress\" \/>\n<meta name=\"twitter:label1\" content=\"\u00c9crit par\" \/>\n\t<meta name=\"twitter:data1\" content=\"redazione\" \/>\n\t<meta name=\"twitter:label2\" content=\"Dur\u00e9e de lecture estim\u00e9e\" \/>\n\t<meta name=\"twitter:data2\" content=\"1 minute\" \/>\n<script type=\"application\/ld+json\" class=\"yoast-schema-graph\">{\"@context\":\"https:\\\/\\\/schema.org\",\"@graph\":[{\"@type\":\"Article\",\"@id\":\"https:\\\/\\\/www.bellunopress.it\\\/2012\\\/02\\\/05\\\/case-di-riposo-bampo-basterebbe-un-emendamento-per-tutelare-le-strutture-di-montagna-ma-i-paqrlamentari-bellunesi-debbono-curare-gli-interessi-dei-partiti-nazionali\\\/#article\",\"isPartOf\":{\"@id\":\"https:\\\/\\\/www.bellunopress.it\\\/2012\\\/02\\\/05\\\/case-di-riposo-bampo-basterebbe-un-emendamento-per-tutelare-le-strutture-di-montagna-ma-i-paqrlamentari-bellunesi-debbono-curare-gli-interessi-dei-partiti-nazionali\\\/\"},\"author\":{\"name\":\"redazione\",\"@id\":\"https:\\\/\\\/www.bellunopress.it\\\/#\\\/schema\\\/person\\\/79bb06722b37ece1c03d3e94beb30d73\"},\"headline\":\"Case di riposo. Bampo: &#8220;basterebbe un emendamento per tutelare le strutture di montagna. Ma i parlamentari bellunesi debbono curare gli interessi dei partiti nazionali&#8221;\",\"datePublished\":\"2012-02-05T22:31:42+00:00\",\"dateModified\":\"2012-02-05T22:32:34+00:00\",\"mainEntityOfPage\":{\"@id\":\"https:\\\/\\\/www.bellunopress.it\\\/2012\\\/02\\\/05\\\/case-di-riposo-bampo-basterebbe-un-emendamento-per-tutelare-le-strutture-di-montagna-ma-i-paqrlamentari-bellunesi-debbono-curare-gli-interessi-dei-partiti-nazionali\\\/\"},\"wordCount\":292,\"publisher\":{\"@id\":\"https:\\\/\\\/www.bellunopress.it\\\/#organization\"},\"image\":{\"@id\":\"https:\\\/\\\/www.bellunopress.it\\\/2012\\\/02\\\/05\\\/case-di-riposo-bampo-basterebbe-un-emendamento-per-tutelare-le-strutture-di-montagna-ma-i-paqrlamentari-bellunesi-debbono-curare-gli-interessi-dei-partiti-nazionali\\\/#primaryimage\"},\"thumbnailUrl\":\"http:\\\/\\\/www.bellunopress.it\\\/wp-content\\\/uploads\\\/2009\\\/03\\\/casa-di-riposo-maria-gaggia-lante-belluno-240x180.jpg\",\"articleSection\":[\"Cronaca\\\/Politica\",\"Societ\u00e0, Associazioni, Istituzioni\"],\"inLanguage\":\"fr-FR\"},{\"@type\":\"WebPage\",\"@id\":\"https:\\\/\\\/www.bellunopress.it\\\/2012\\\/02\\\/05\\\/case-di-riposo-bampo-basterebbe-un-emendamento-per-tutelare-le-strutture-di-montagna-ma-i-paqrlamentari-bellunesi-debbono-curare-gli-interessi-dei-partiti-nazionali\\\/\",\"url\":\"https:\\\/\\\/www.bellunopress.it\\\/2012\\\/02\\\/05\\\/case-di-riposo-bampo-basterebbe-un-emendamento-per-tutelare-le-strutture-di-montagna-ma-i-paqrlamentari-bellunesi-debbono-curare-gli-interessi-dei-partiti-nazionali\\\/\",\"name\":\"Case di riposo. Bampo: \\\"basterebbe un emendamento per tutelare le strutture di montagna. Ma i parlamentari bellunesi debbono curare gli interessi dei partiti nazionali\\\" - Bellunopress - Dolomiti\",\"isPartOf\":{\"@id\":\"https:\\\/\\\/www.bellunopress.it\\\/#website\"},\"primaryImageOfPage\":{\"@id\":\"https:\\\/\\\/www.bellunopress.it\\\/2012\\\/02\\\/05\\\/case-di-riposo-bampo-basterebbe-un-emendamento-per-tutelare-le-strutture-di-montagna-ma-i-paqrlamentari-bellunesi-debbono-curare-gli-interessi-dei-partiti-nazionali\\\/#primaryimage\"},\"image\":{\"@id\":\"https:\\\/\\\/www.bellunopress.it\\\/2012\\\/02\\\/05\\\/case-di-riposo-bampo-basterebbe-un-emendamento-per-tutelare-le-strutture-di-montagna-ma-i-paqrlamentari-bellunesi-debbono-curare-gli-interessi-dei-partiti-nazionali\\\/#primaryimage\"},\"thumbnailUrl\":\"http:\\\/\\\/www.bellunopress.it\\\/wp-content\\\/uploads\\\/2009\\\/03\\\/casa-di-riposo-maria-gaggia-lante-belluno-240x180.jpg\",\"datePublished\":\"2012-02-05T22:31:42+00:00\",\"dateModified\":\"2012-02-05T22:32:34+00:00\",\"breadcrumb\":{\"@id\":\"https:\\\/\\\/www.bellunopress.it\\\/2012\\\/02\\\/05\\\/case-di-riposo-bampo-basterebbe-un-emendamento-per-tutelare-le-strutture-di-montagna-ma-i-paqrlamentari-bellunesi-debbono-curare-gli-interessi-dei-partiti-nazionali\\\/#breadcrumb\"},\"inLanguage\":\"fr-FR\",\"potentialAction\":[{\"@type\":\"ReadAction\",\"target\":[\"https:\\\/\\\/www.bellunopress.it\\\/2012\\\/02\\\/05\\\/case-di-riposo-bampo-basterebbe-un-emendamento-per-tutelare-le-strutture-di-montagna-ma-i-paqrlamentari-bellunesi-debbono-curare-gli-interessi-dei-partiti-nazionali\\\/\"]}]},{\"@type\":\"ImageObject\",\"inLanguage\":\"fr-FR\",\"@id\":\"https:\\\/\\\/www.bellunopress.it\\\/2012\\\/02\\\/05\\\/case-di-riposo-bampo-basterebbe-un-emendamento-per-tutelare-le-strutture-di-montagna-ma-i-paqrlamentari-bellunesi-debbono-curare-gli-interessi-dei-partiti-nazionali\\\/#primaryimage\",\"url\":\"http:\\\/\\\/www.bellunopress.it\\\/wp-content\\\/uploads\\\/2009\\\/03\\\/casa-di-riposo-maria-gaggia-lante-belluno-240x180.jpg\",\"contentUrl\":\"http:\\\/\\\/www.bellunopress.it\\\/wp-content\\\/uploads\\\/2009\\\/03\\\/casa-di-riposo-maria-gaggia-lante-belluno-240x180.jpg\"},{\"@type\":\"BreadcrumbList\",\"@id\":\"https:\\\/\\\/www.bellunopress.it\\\/2012\\\/02\\\/05\\\/case-di-riposo-bampo-basterebbe-un-emendamento-per-tutelare-le-strutture-di-montagna-ma-i-paqrlamentari-bellunesi-debbono-curare-gli-interessi-dei-partiti-nazionali\\\/#breadcrumb\",\"itemListElement\":[{\"@type\":\"ListItem\",\"position\":1,\"name\":\"Home\",\"item\":\"https:\\\/\\\/www.bellunopress.it\\\/\"},{\"@type\":\"ListItem\",\"position\":2,\"name\":\"Case di riposo. Bampo: &#8220;basterebbe un emendamento per tutelare le strutture di montagna. Ma i parlamentari bellunesi debbono curare gli interessi dei partiti nazionali&#8221;\"}]},{\"@type\":\"WebSite\",\"@id\":\"https:\\\/\\\/www.bellunopress.it\\\/#website\",\"url\":\"https:\\\/\\\/www.bellunopress.it\\\/\",\"name\":\"Bellunopress - Dolomiti\",\"description\":\"e-mail: redazione@bellunopress.it\",\"publisher\":{\"@id\":\"https:\\\/\\\/www.bellunopress.it\\\/#organization\"},\"potentialAction\":[{\"@type\":\"SearchAction\",\"target\":{\"@type\":\"EntryPoint\",\"urlTemplate\":\"https:\\\/\\\/www.bellunopress.it\\\/?s={search_term_string}\"},\"query-input\":{\"@type\":\"PropertyValueSpecification\",\"valueRequired\":true,\"valueName\":\"search_term_string\"}}],\"inLanguage\":\"fr-FR\"},{\"@type\":\"Organization\",\"@id\":\"https:\\\/\\\/www.bellunopress.it\\\/#organization\",\"name\":\"Bellunopress\",\"url\":\"https:\\\/\\\/www.bellunopress.it\\\/\",\"logo\":{\"@type\":\"ImageObject\",\"inLanguage\":\"fr-FR\",\"@id\":\"https:\\\/\\\/www.bellunopress.it\\\/#\\\/schema\\\/logo\\\/image\\\/\",\"url\":\"https:\\\/\\\/www.bellunopress.it\\\/wp-content\\\/uploads\\\/2011\\\/05\\\/cropped-logo-bellunopress-.jpg\",\"contentUrl\":\"https:\\\/\\\/www.bellunopress.it\\\/wp-content\\\/uploads\\\/2011\\\/05\\\/cropped-logo-bellunopress-.jpg\",\"width\":512,\"height\":512,\"caption\":\"Bellunopress\"},\"image\":{\"@id\":\"https:\\\/\\\/www.bellunopress.it\\\/#\\\/schema\\\/logo\\\/image\\\/\"},\"sameAs\":[\"https:\\\/\\\/www.facebook.com\\\/profile.php?id=100008943462799\",\"https:\\\/\\\/x.com\\\/bellunopress\",\"https:\\\/\\\/www.linkedin.com\\\/hp\\\/?dnr=JBzUWaJfMUw8vbXJJ2tVW5-I3jZKvC4wsoxE&amp;amp;amp;amp;amp;amp;trk=nav_responsive_tab_home\",\"https:\\\/\\\/www.youtube.com\\\/channel\\\/UCxL0wu1uN0_3_7hGG0306cw\"]},{\"@type\":\"Person\",\"@id\":\"https:\\\/\\\/www.bellunopress.it\\\/#\\\/schema\\\/person\\\/79bb06722b37ece1c03d3e94beb30d73\",\"name\":\"redazione\",\"image\":{\"@type\":\"ImageObject\",\"inLanguage\":\"fr-FR\",\"@id\":\"https:\\\/\\\/secure.gravatar.com\\\/avatar\\\/37d968a2e67a6fd04c169c4bdef102d0bc5d31b2546345219e348575eb80e9a0?s=96&d=mm&r=g\",\"url\":\"https:\\\/\\\/secure.gravatar.com\\\/avatar\\\/37d968a2e67a6fd04c169c4bdef102d0bc5d31b2546345219e348575eb80e9a0?s=96&d=mm&r=g\",\"contentUrl\":\"https:\\\/\\\/secure.gravatar.com\\\/avatar\\\/37d968a2e67a6fd04c169c4bdef102d0bc5d31b2546345219e348575eb80e9a0?s=96&d=mm&r=g\",\"caption\":\"redazione\"},\"sameAs\":[\"http:\\\/\\\/www.bellunopress.it\",\"https:\\\/\\\/x.com\\\/bellunopress\"],\"url\":\"https:\\\/\\\/www.bellunopress.it\\\/fr\\\/author\\\/redazione\\\/\"}]}<\/script>\n<!-- \/ Yoast SEO plugin. -->","yoast_head_json":{"title":"Case di riposo. Bampo: \"basterebbe un emendamento per tutelare le strutture di montagna. Ma i parlamentari bellunesi debbono curare gli interessi dei partiti nazionali\" - Bellunopress - Dolomiti","robots":{"index":"index","follow":"follow","max-snippet":"max-snippet:-1","max-image-preview":"max-image-preview:large","max-video-preview":"max-video-preview:-1"},"canonical":"https:\/\/www.bellunopress.it\/fr\/2012\/02\/05\/case-di-riposo-bampo-basterebbe-un-emendamento-per-tutelare-le-strutture-di-montagna-ma-i-paqrlamentari-bellunesi-debbono-curare-gli-interessi-dei-partiti-nazionali\/","og_locale":"fr_FR","og_type":"article","og_title":"Case di riposo. Bampo: \"basterebbe un emendamento per tutelare le strutture di montagna. Ma i parlamentari bellunesi debbono curare gli interessi dei partiti nazionali\" - Bellunopress - Dolomiti","og_description":"&#8220;I vincoli della nuova normativa dettata dall\u2019emergenza finanziaria nazionale, stanno portando nella particolare realt\u00e0 assistenziale del Bellunese un vero e proprio cataclisma. Alcuni amministratori cercano di trovare delle soluzioni che rispettino i nuovi dettami legali &#8211; scrive Paolo Bampo in un a nota &#8211;\u00a0 pur preservando l\u2019abituale livello qualitativo sinora garantito dal servizio pubblico locale: [&hellip;]","og_url":"https:\/\/www.bellunopress.it\/fr\/2012\/02\/05\/case-di-riposo-bampo-basterebbe-un-emendamento-per-tutelare-le-strutture-di-montagna-ma-i-paqrlamentari-bellunesi-debbono-curare-gli-interessi-dei-partiti-nazionali\/","og_site_name":"Bellunopress - Dolomiti","article_publisher":"https:\/\/www.facebook.com\/profile.php?id=100008943462799","article_published_time":"2012-02-05T22:31:42+00:00","article_modified_time":"2012-02-05T22:32:34+00:00","og_image":[{"url":"http:\/\/www.bellunopress.it\/wp-content\/uploads\/2009\/03\/casa-di-riposo-maria-gaggia-lante-belluno-240x180.jpg","type":"","width":"","height":""}],"author":"redazione","twitter_card":"summary_large_image","twitter_creator":"@bellunopress","twitter_site":"@bellunopress","twitter_misc":{"\u00c9crit par":"redazione","Dur\u00e9e de lecture estim\u00e9e":"1 minute"},"schema":{"@context":"https:\/\/schema.org","@graph":[{"@type":"Article","@id":"https:\/\/www.bellunopress.it\/2012\/02\/05\/case-di-riposo-bampo-basterebbe-un-emendamento-per-tutelare-le-strutture-di-montagna-ma-i-paqrlamentari-bellunesi-debbono-curare-gli-interessi-dei-partiti-nazionali\/#article","isPartOf":{"@id":"https:\/\/www.bellunopress.it\/2012\/02\/05\/case-di-riposo-bampo-basterebbe-un-emendamento-per-tutelare-le-strutture-di-montagna-ma-i-paqrlamentari-bellunesi-debbono-curare-gli-interessi-dei-partiti-nazionali\/"},"author":{"name":"redazione","@id":"https:\/\/www.bellunopress.it\/#\/schema\/person\/79bb06722b37ece1c03d3e94beb30d73"},"headline":"Case di riposo. Bampo: &#8220;basterebbe un emendamento per tutelare le strutture di montagna. Ma i parlamentari bellunesi debbono curare gli interessi dei partiti nazionali&#8221;","datePublished":"2012-02-05T22:31:42+00:00","dateModified":"2012-02-05T22:32:34+00:00","mainEntityOfPage":{"@id":"https:\/\/www.bellunopress.it\/2012\/02\/05\/case-di-riposo-bampo-basterebbe-un-emendamento-per-tutelare-le-strutture-di-montagna-ma-i-paqrlamentari-bellunesi-debbono-curare-gli-interessi-dei-partiti-nazionali\/"},"wordCount":292,"publisher":{"@id":"https:\/\/www.bellunopress.it\/#organization"},"image":{"@id":"https:\/\/www.bellunopress.it\/2012\/02\/05\/case-di-riposo-bampo-basterebbe-un-emendamento-per-tutelare-le-strutture-di-montagna-ma-i-paqrlamentari-bellunesi-debbono-curare-gli-interessi-dei-partiti-nazionali\/#primaryimage"},"thumbnailUrl":"http:\/\/www.bellunopress.it\/wp-content\/uploads\/2009\/03\/casa-di-riposo-maria-gaggia-lante-belluno-240x180.jpg","articleSection":["Cronaca\/Politica","Societ\u00e0, Associazioni, Istituzioni"],"inLanguage":"fr-FR"},{"@type":"WebPage","@id":"https:\/\/www.bellunopress.it\/2012\/02\/05\/case-di-riposo-bampo-basterebbe-un-emendamento-per-tutelare-le-strutture-di-montagna-ma-i-paqrlamentari-bellunesi-debbono-curare-gli-interessi-dei-partiti-nazionali\/","url":"https:\/\/www.bellunopress.it\/2012\/02\/05\/case-di-riposo-bampo-basterebbe-un-emendamento-per-tutelare-le-strutture-di-montagna-ma-i-paqrlamentari-bellunesi-debbono-curare-gli-interessi-dei-partiti-nazionali\/","name":"Case di riposo. Bampo: \"basterebbe un emendamento per tutelare le strutture di montagna. Ma i parlamentari bellunesi debbono curare gli interessi dei partiti nazionali\" - Bellunopress - Dolomiti","isPartOf":{"@id":"https:\/\/www.bellunopress.it\/#website"},"primaryImageOfPage":{"@id":"https:\/\/www.bellunopress.it\/2012\/02\/05\/case-di-riposo-bampo-basterebbe-un-emendamento-per-tutelare-le-strutture-di-montagna-ma-i-paqrlamentari-bellunesi-debbono-curare-gli-interessi-dei-partiti-nazionali\/#primaryimage"},"image":{"@id":"https:\/\/www.bellunopress.it\/2012\/02\/05\/case-di-riposo-bampo-basterebbe-un-emendamento-per-tutelare-le-strutture-di-montagna-ma-i-paqrlamentari-bellunesi-debbono-curare-gli-interessi-dei-partiti-nazionali\/#primaryimage"},"thumbnailUrl":"http:\/\/www.bellunopress.it\/wp-content\/uploads\/2009\/03\/casa-di-riposo-maria-gaggia-lante-belluno-240x180.jpg","datePublished":"2012-02-05T22:31:42+00:00","dateModified":"2012-02-05T22:32:34+00:00","breadcrumb":{"@id":"https:\/\/www.bellunopress.it\/2012\/02\/05\/case-di-riposo-bampo-basterebbe-un-emendamento-per-tutelare-le-strutture-di-montagna-ma-i-paqrlamentari-bellunesi-debbono-curare-gli-interessi-dei-partiti-nazionali\/#breadcrumb"},"inLanguage":"fr-FR","potentialAction":[{"@type":"ReadAction","target":["https:\/\/www.bellunopress.it\/2012\/02\/05\/case-di-riposo-bampo-basterebbe-un-emendamento-per-tutelare-le-strutture-di-montagna-ma-i-paqrlamentari-bellunesi-debbono-curare-gli-interessi-dei-partiti-nazionali\/"]}]},{"@type":"ImageObject","inLanguage":"fr-FR","@id":"https:\/\/www.bellunopress.it\/2012\/02\/05\/case-di-riposo-bampo-basterebbe-un-emendamento-per-tutelare-le-strutture-di-montagna-ma-i-paqrlamentari-bellunesi-debbono-curare-gli-interessi-dei-partiti-nazionali\/#primaryimage","url":"http:\/\/www.bellunopress.it\/wp-content\/uploads\/2009\/03\/casa-di-riposo-maria-gaggia-lante-belluno-240x180.jpg","contentUrl":"http:\/\/www.bellunopress.it\/wp-content\/uploads\/2009\/03\/casa-di-riposo-maria-gaggia-lante-belluno-240x180.jpg"},{"@type":"BreadcrumbList","@id":"https:\/\/www.bellunopress.it\/2012\/02\/05\/case-di-riposo-bampo-basterebbe-un-emendamento-per-tutelare-le-strutture-di-montagna-ma-i-paqrlamentari-bellunesi-debbono-curare-gli-interessi-dei-partiti-nazionali\/#breadcrumb","itemListElement":[{"@type":"ListItem","position":1,"name":"Home","item":"https:\/\/www.bellunopress.it\/"},{"@type":"ListItem","position":2,"name":"Case di riposo. Bampo: &#8220;basterebbe un emendamento per tutelare le strutture di montagna. Ma i parlamentari bellunesi debbono curare gli interessi dei partiti nazionali&#8221;"}]},{"@type":"WebSite","@id":"https:\/\/www.bellunopress.it\/#website","url":"https:\/\/www.bellunopress.it\/","name":"Bellunopress - Dolomiti","description":"e-mail: redazione@bellunopress.it","publisher":{"@id":"https:\/\/www.bellunopress.it\/#organization"},"potentialAction":[{"@type":"SearchAction","target":{"@type":"EntryPoint","urlTemplate":"https:\/\/www.bellunopress.it\/?s={search_term_string}"},"query-input":{"@type":"PropertyValueSpecification","valueRequired":true,"valueName":"search_term_string"}}],"inLanguage":"fr-FR"},{"@type":"Organization","@id":"https:\/\/www.bellunopress.it\/#organization","name":"Bellunopress","url":"https:\/\/www.bellunopress.it\/","logo":{"@type":"ImageObject","inLanguage":"fr-FR","@id":"https:\/\/www.bellunopress.it\/#\/schema\/logo\/image\/","url":"https:\/\/www.bellunopress.it\/wp-content\/uploads\/2011\/05\/cropped-logo-bellunopress-.jpg","contentUrl":"https:\/\/www.bellunopress.it\/wp-content\/uploads\/2011\/05\/cropped-logo-bellunopress-.jpg","width":512,"height":512,"caption":"Bellunopress"},"image":{"@id":"https:\/\/www.bellunopress.it\/#\/schema\/logo\/image\/"},"sameAs":["https:\/\/www.facebook.com\/profile.php?id=100008943462799","https:\/\/x.com\/bellunopress","https:\/\/www.linkedin.com\/hp\/?dnr=JBzUWaJfMUw8vbXJJ2tVW5-I3jZKvC4wsoxE&amp;amp;amp;amp;amp;amp;trk=nav_responsive_tab_home","https:\/\/www.youtube.com\/channel\/UCxL0wu1uN0_3_7hGG0306cw"]},{"@type":"Person","@id":"https:\/\/www.bellunopress.it\/#\/schema\/person\/79bb06722b37ece1c03d3e94beb30d73","name":"r\u00e9daction","image":{"@type":"ImageObject","inLanguage":"fr-FR","@id":"https:\/\/secure.gravatar.com\/avatar\/37d968a2e67a6fd04c169c4bdef102d0bc5d31b2546345219e348575eb80e9a0?s=96&d=mm&r=g","url":"https:\/\/secure.gravatar.com\/avatar\/37d968a2e67a6fd04c169c4bdef102d0bc5d31b2546345219e348575eb80e9a0?s=96&d=mm&r=g","contentUrl":"https:\/\/secure.gravatar.com\/avatar\/37d968a2e67a6fd04c169c4bdef102d0bc5d31b2546345219e348575eb80e9a0?s=96&d=mm&r=g","caption":"redazione"},"sameAs":["http:\/\/www.bellunopress.it","https:\/\/x.com\/bellunopress"],"url":"https:\/\/www.bellunopress.it\/fr\/author\/redazione\/"}]}},"_links":{"self":[{"href":"https:\/\/www.bellunopress.it\/fr\/wp-json\/wp\/v2\/posts\/34804","targetHints":{"allow":["GET"]}}],"collection":[{"href":"https:\/\/www.bellunopress.it\/fr\/wp-json\/wp\/v2\/posts"}],"about":[{"href":"https:\/\/www.bellunopress.it\/fr\/wp-json\/wp\/v2\/types\/post"}],"author":[{"embeddable":true,"href":"https:\/\/www.bellunopress.it\/fr\/wp-json\/wp\/v2\/users\/2"}],"replies":[{"embeddable":true,"href":"https:\/\/www.bellunopress.it\/fr\/wp-json\/wp\/v2\/comments?post=34804"}],"version-history":[{"count":2,"href":"https:\/\/www.bellunopress.it\/fr\/wp-json\/wp\/v2\/posts\/34804\/revisions"}],"predecessor-version":[{"id":34806,"href":"https:\/\/www.bellunopress.it\/fr\/wp-json\/wp\/v2\/posts\/34804\/revisions\/34806"}],"wp:attachment":[{"href":"https:\/\/www.bellunopress.it\/fr\/wp-json\/wp\/v2\/media?parent=34804"}],"wp:term":[{"taxonomy":"category","embeddable":true,"href":"https:\/\/www.bellunopress.it\/fr\/wp-json\/wp\/v2\/categories?post=34804"},{"taxonomy":"post_tag","embeddable":true,"href":"https:\/\/www.bellunopress.it\/fr\/wp-json\/wp\/v2\/tags?post=34804"}],"curies":[{"name":"wp","href":"https:\/\/api.w.org\/{rel}","templated":true}]}}