{"id":34789,"date":"2012-02-05T17:09:29","date_gmt":"2012-02-05T16:09:29","guid":{"rendered":"http:\/\/www.bellunopress.it\/?p=34789"},"modified":"2012-02-05T17:09:29","modified_gmt":"2012-02-05T16:09:29","slug":"alla-dobbiaco-cortina-in-tecnica-classica-vincono-bruno-de-bortolis-e-sabina-valbusa","status":"publish","type":"post","link":"https:\/\/www.bellunopress.it\/fr\/2012\/02\/05\/alla-dobbiaco-cortina-in-tecnica-classica-vincono-bruno-de-bortolis-e-sabina-valbusa\/","title":{"rendered":"Alla Dobbiaco-Cortina in tecnica classica vincono Bruno De Bortolis e Sabina Valbusa"},"content":{"rendered":"<p><a href=\"http:\/\/www.bellunopress.it\/wp-content\/uploads\/2012\/02\/fondo-podio-donne.jpg\"><img loading=\"lazy\" decoding=\"async\" class=\"alignleft size-full wp-image-34791\" title=\"fondo podio donne\" src=\"http:\/\/www.bellunopress.it\/wp-content\/uploads\/2012\/02\/fondo-podio-donne.jpg\" alt=\"\" width=\"290\" height=\"218\" \/><\/a>Il trentino bissa il successo del 2011, battendo il fratello Ivan. Dominio dell\u2019ex azzurra veronese tra le donne. Quasi in 700 in gara per un\u2019edizione che ha visto la partecipazione straniera in grande crescita: su tutti norvegesi e russi.<\/p>\n<p>Come gi\u00e0 nel 2011, anche nel 2012 a vincere la Dobbiaco-Cortina in tecnica classica \u00e8 Bruno Debertolis. Il trentino del Team Hartmann non ha avuto rivali lungo i 42 chilometri in tecnica classica che hanno unito Pusteria e Ampezzo: prima ha animato il gruppetto dei migliori (che comprendeva il fratello Ivan, i carabinieri Alan e Christian Martinelli, l\u2019alpino Daniel Yeuilla, il forestale Lorenzo Cerutti e Moreno Giacomelli), e poi se n\u2019\u00e8 andato da solo. Ho forzato il ritmo verso Carbonin e poi, pi\u00f9 decisamente, verso il culmine della salita di Cimabanche (1530 metri di altitudine, 25. chilometro di gara), riuscendo ad andarsene tutto solo e ad arrivare sotto il campanile della regina delle Dolomiti con un vantaggio di 1\u201938\u201d sul fratello Ivan che ha preceduto, nello sprint per il 2. e 3. posto, un altro trentino, Moreno Giacomelli. In 8. posizione Alan Martinelli, vincitore ieri della Cortina-Dobbiaco skating. Il lombardo si consola comunque con la vittoria della combinata.<\/p>\n<p>Tra le donne, la vittoria \u00e8 andata a Sabina Valbusa che si aggiudica anche la combinata. Quello della veronese, che nella sua lunga carriera ha vinto medaglie olimpiche e mondiali, \u00e8 stato un vero e proprio dominio: alla finlandese Satu Sikanen, 2. classificata, ha infatti inflitto un distacco di 4\u201943. Sul 3. gradino del podio la norvegese Aurelia Korthauer.<\/p>\n<p>In gara anche i cinque \u201csenatori\u201d che dal 1977, anno in cui la manifestazione nacque, non hanno mai perso una Dobbiaco-Cortina. Il pi\u00f9 bravo \u00e8 stato il cortinese Sergio Bachmann che ha completato la propria fatica in 2h41\u201919\u201d, chiudendo al 152. posto. Dietro di lui gli altri fedelissimi: Hans J\u00f6rg Bergmann, Vittorio Dall\u2019O\u2019, Giuseppe Floridia e Orfeo Paccagnella. A faticare lungo il tracciato della vecchia ferrovia pure Daniele Doriguzzi, il \u201ccorazziere\u201d di Danta di Cadore che arriv\u00f2 sul 3. gradino del podio nella prima edizione (vinse Maurilio De Zolt) e che oggi ha concluso in 42. posizione.<\/p>\n<p>\u00abVincere una gara come la Dobbiaco\u00a0 Cortina, in uno scenario come quello di oggi, \u00e8 un\u2019emozione unica \u2013 racconta Bruno Debertolis, accolto dai sindaci di Cortina, Andrea Franceschi, e Guido Bocher, primo cittadino di Dobbiaco \u2013 Temevo gli atleti dei gruppi sportivi militari ma quando ho forzato il ritmo e visto che nessuno riusciva a seguirmi ho spinto con ancora maggiore convinzione. Avevo anche sci velocissimi che, tra l\u2019altro, mi sono preparato da solo. Il prossimo obiettivo di stagione? Una bella Vasaloppet a inizio marzo\u00bb.<\/p>\n<p>\u00abSalire sul podio insieme a mio fratello \u00e8 qualcosa di incredibile \u2013 cos\u00ec Ivan Debertolis \u2013 Quando Bruno se n\u2019\u00e8 andato ho cercato di controllare gli inseguitori. In discesa, poi, avevo sci veloci anche io e con Giacomelli abbiamo fatto il vuoto. Una grande giornata\u00bb.<\/p>\n<p>\u00abFinalmente una vittoria in una granfondo importante \u2013 cos\u00ec Sabina Valbusa all\u2019arrivo \u2013 Dopo la fatica e il 2. posto di ieri in skating, ero un po\u2019 stanca ma tutto \u00e8 andato benissimo. Devo fare i complimenti, davvero non di maniera, all\u2019organizzazione: allestire un tracciato cos\u00ec in un inverno senza neve non \u00e8 da tutti\u00bb.<\/p>\n<p>I complimenti all\u2019organizzazione sono anche quelli del sindaco di Cortina. \u00abLa Dobbiaco Cortina \u00e8 stata pi\u00f9 forte di questo inverno dispettoso \u2013 afferma Andrea Franceschi \u2013 Gli organizzatori hanno fatto un vero e proprio miracolo, proponendo un evento di livello altissimo che \u00e8 una promozione importantissima per Cortina, in Italia e all\u2019estero\u00bb \u00abNon possiamo che essere soddisfatti di questa due giorni tra Ampezzo e Pusteria \u2013 commenta il segretario generale dell\u2019organizzazione, Luigi Apollonio \u2013 Nonostante la mancanza di precipitazioni, abbiamo garantito due tracciati perfetti e l\u2019arrivo in centro a Cortina, portando in pista oltre 5 mila metri cubi di neve in collaborazione con amministrazione comunale, Gis e Cortina Cube. Ottima \u00e8 stata la partecipazione straniera con un centinaio di norvegesi e una cinquantina di russi oltre a tedeschi, austriaci, finlandesi e statunitensi. Un grazie davvero grande a tutti coloro che, in diversi modi, hanno collaborato alla manifestazione\u00bb.<\/p>\n<p>Di seguito le graduatorie. Maschile: 1. Bruno Debertolis (Team Hartmann) 42 km in 1h51\u201949\u201d; 2. Ivan Debertolis (Team Hartmann) 1h53\u201927\u201d; 3. Moreno Giacomelli (Polisportiva Molina di Fiemme)\u00a0 1\u201953\u201d29; 4. Alan Martinelli 1h54\u201941\u201d; 5. Riccardo Mich 1h55\u201932\u201d; 6. Daniel Yeuilla 1h56\u201913\u201d; 7. Lorenzo Cerutti 1h58\u201959\u201d; 8. Reinhard Kargruber 1h59\u2019; 9. Marco Crestani 1h59\u201903\u201d; 10. Christian Martinelli 2h02\u201920\u201d.<\/p>\n<p>Femminile:\u00a0 1. Sabina Valbusa (Forestale) 42 km in 2h16\u201926\u201d; 2. Satu Sikanen (Finlandia) 2h21\u201910\u201d; 3. Aurelia Korthauer (Norvegia) 2h21\u201911\u201d; 4. Barbara Giacomuzzi 2h24\u201947\u201d; 5. Andrea Reithmayr 2h26\u201910\u201d.<\/p>\n<p>Il dettaglio completo delle classifiche \u00e8 scaricabile dal sito ufficiale della manifestazione: <a href=\"http:\/\/www.dobbiacocortina.org\">www.dobbiacocortina.org<\/a>. Credito fotografico: <a href=\"http:\/\/www.photosprint.it\">www.photosprint.it<\/a><\/p>","protected":false},"excerpt":{"rendered":"<p>Il trentino bissa il successo del 2011, battendo il fratello Ivan. Dominio dell\u2019ex azzurra veronese tra le donne. Quasi in 700 in gara per un\u2019edizione che ha visto la partecipazione straniera in grande crescita: su tutti norvegesi e russi. Come gi\u00e0 nel 2011, anche nel 2012 a vincere la Dobbiaco-Cortina in tecnica classica \u00e8 Bruno [&hellip;]<\/p>\n","protected":false},"author":2,"featured_media":0,"comment_status":"closed","ping_status":"open","sticky":false,"template":"","format":"standard","meta":{"footnotes":""},"categories":[26,4],"tags":[],"class_list":["post-34789","post","type-post","status-publish","format-standard","category-prima-pagina","category-sport"],"yoast_head":"<!-- This site is optimized with the Yoast SEO plugin v28.4 - https:\/\/yoast.com\/product\/yoast-seo-wordpress\/ -->\n<title>Alla Dobbiaco-Cortina in tecnica classica vincono Bruno De Bortolis e Sabina Valbusa  - Bellunopress - Dolomiti<\/title>\n<meta name=\"robots\" content=\"index, follow, max-snippet:-1, max-image-preview:large, max-video-preview:-1\" \/>\n<link rel=\"canonical\" href=\"https:\/\/www.bellunopress.it\/fr\/2012\/02\/05\/alla-dobbiaco-cortina-in-tecnica-classica-vincono-bruno-de-bortolis-e-sabina-valbusa\/\" \/>\n<meta property=\"og:locale\" content=\"fr_FR\" \/>\n<meta property=\"og:type\" content=\"article\" \/>\n<meta property=\"og:title\" content=\"Alla Dobbiaco-Cortina in tecnica classica vincono Bruno De Bortolis e Sabina Valbusa  - Bellunopress - Dolomiti\" \/>\n<meta property=\"og:description\" content=\"Il trentino bissa il successo del 2011, battendo il fratello Ivan. Dominio dell\u2019ex azzurra veronese tra le donne. Quasi in 700 in gara per un\u2019edizione che ha visto la partecipazione straniera in grande crescita: su tutti norvegesi e russi. Come gi\u00e0 nel 2011, anche nel 2012 a vincere la Dobbiaco-Cortina in tecnica classica \u00e8 Bruno [&hellip;]\" \/>\n<meta property=\"og:url\" content=\"https:\/\/www.bellunopress.it\/fr\/2012\/02\/05\/alla-dobbiaco-cortina-in-tecnica-classica-vincono-bruno-de-bortolis-e-sabina-valbusa\/\" \/>\n<meta property=\"og:site_name\" content=\"Bellunopress - Dolomiti\" \/>\n<meta property=\"article:publisher\" content=\"https:\/\/www.facebook.com\/profile.php?id=100008943462799\" \/>\n<meta property=\"article:published_time\" content=\"2012-02-05T16:09:29+00:00\" \/>\n<meta property=\"og:image\" content=\"http:\/\/www.bellunopress.it\/wp-content\/uploads\/2012\/02\/fondo-podio-donne.jpg\" \/>\n<meta name=\"author\" content=\"redazione\" \/>\n<meta name=\"twitter:card\" content=\"summary_large_image\" \/>\n<meta name=\"twitter:creator\" content=\"@bellunopress\" \/>\n<meta name=\"twitter:site\" content=\"@bellunopress\" \/>\n<meta name=\"twitter:label1\" content=\"\u00c9crit par\" \/>\n\t<meta name=\"twitter:data1\" content=\"redazione\" \/>\n\t<meta name=\"twitter:label2\" content=\"Dur\u00e9e de lecture estim\u00e9e\" \/>\n\t<meta name=\"twitter:data2\" content=\"4 minutes\" \/>\n<script type=\"application\/ld+json\" class=\"yoast-schema-graph\">{\"@context\":\"https:\\\/\\\/schema.org\",\"@graph\":[{\"@type\":\"Article\",\"@id\":\"https:\\\/\\\/www.bellunopress.it\\\/2012\\\/02\\\/05\\\/alla-dobbiaco-cortina-in-tecnica-classica-vincono-bruno-de-bortolis-e-sabina-valbusa\\\/#article\",\"isPartOf\":{\"@id\":\"https:\\\/\\\/www.bellunopress.it\\\/2012\\\/02\\\/05\\\/alla-dobbiaco-cortina-in-tecnica-classica-vincono-bruno-de-bortolis-e-sabina-valbusa\\\/\"},\"author\":{\"name\":\"redazione\",\"@id\":\"https:\\\/\\\/www.bellunopress.it\\\/#\\\/schema\\\/person\\\/79bb06722b37ece1c03d3e94beb30d73\"},\"headline\":\"Alla Dobbiaco-Cortina in tecnica classica vincono Bruno De Bortolis e Sabina Valbusa\",\"datePublished\":\"2012-02-05T16:09:29+00:00\",\"mainEntityOfPage\":{\"@id\":\"https:\\\/\\\/www.bellunopress.it\\\/2012\\\/02\\\/05\\\/alla-dobbiaco-cortina-in-tecnica-classica-vincono-bruno-de-bortolis-e-sabina-valbusa\\\/\"},\"wordCount\":753,\"publisher\":{\"@id\":\"https:\\\/\\\/www.bellunopress.it\\\/#organization\"},\"image\":{\"@id\":\"https:\\\/\\\/www.bellunopress.it\\\/2012\\\/02\\\/05\\\/alla-dobbiaco-cortina-in-tecnica-classica-vincono-bruno-de-bortolis-e-sabina-valbusa\\\/#primaryimage\"},\"thumbnailUrl\":\"http:\\\/\\\/www.bellunopress.it\\\/wp-content\\\/uploads\\\/2012\\\/02\\\/fondo-podio-donne.jpg\",\"articleSection\":[\"Prima Pagina\",\"Sport, tempo libero\"],\"inLanguage\":\"fr-FR\"},{\"@type\":\"WebPage\",\"@id\":\"https:\\\/\\\/www.bellunopress.it\\\/2012\\\/02\\\/05\\\/alla-dobbiaco-cortina-in-tecnica-classica-vincono-bruno-de-bortolis-e-sabina-valbusa\\\/\",\"url\":\"https:\\\/\\\/www.bellunopress.it\\\/2012\\\/02\\\/05\\\/alla-dobbiaco-cortina-in-tecnica-classica-vincono-bruno-de-bortolis-e-sabina-valbusa\\\/\",\"name\":\"Alla Dobbiaco-Cortina in tecnica classica vincono Bruno De Bortolis e Sabina Valbusa - Bellunopress - Dolomiti\",\"isPartOf\":{\"@id\":\"https:\\\/\\\/www.bellunopress.it\\\/#website\"},\"primaryImageOfPage\":{\"@id\":\"https:\\\/\\\/www.bellunopress.it\\\/2012\\\/02\\\/05\\\/alla-dobbiaco-cortina-in-tecnica-classica-vincono-bruno-de-bortolis-e-sabina-valbusa\\\/#primaryimage\"},\"image\":{\"@id\":\"https:\\\/\\\/www.bellunopress.it\\\/2012\\\/02\\\/05\\\/alla-dobbiaco-cortina-in-tecnica-classica-vincono-bruno-de-bortolis-e-sabina-valbusa\\\/#primaryimage\"},\"thumbnailUrl\":\"http:\\\/\\\/www.bellunopress.it\\\/wp-content\\\/uploads\\\/2012\\\/02\\\/fondo-podio-donne.jpg\",\"datePublished\":\"2012-02-05T16:09:29+00:00\",\"breadcrumb\":{\"@id\":\"https:\\\/\\\/www.bellunopress.it\\\/2012\\\/02\\\/05\\\/alla-dobbiaco-cortina-in-tecnica-classica-vincono-bruno-de-bortolis-e-sabina-valbusa\\\/#breadcrumb\"},\"inLanguage\":\"fr-FR\",\"potentialAction\":[{\"@type\":\"ReadAction\",\"target\":[\"https:\\\/\\\/www.bellunopress.it\\\/2012\\\/02\\\/05\\\/alla-dobbiaco-cortina-in-tecnica-classica-vincono-bruno-de-bortolis-e-sabina-valbusa\\\/\"]}]},{\"@type\":\"ImageObject\",\"inLanguage\":\"fr-FR\",\"@id\":\"https:\\\/\\\/www.bellunopress.it\\\/2012\\\/02\\\/05\\\/alla-dobbiaco-cortina-in-tecnica-classica-vincono-bruno-de-bortolis-e-sabina-valbusa\\\/#primaryimage\",\"url\":\"http:\\\/\\\/www.bellunopress.it\\\/wp-content\\\/uploads\\\/2012\\\/02\\\/fondo-podio-donne.jpg\",\"contentUrl\":\"http:\\\/\\\/www.bellunopress.it\\\/wp-content\\\/uploads\\\/2012\\\/02\\\/fondo-podio-donne.jpg\"},{\"@type\":\"BreadcrumbList\",\"@id\":\"https:\\\/\\\/www.bellunopress.it\\\/2012\\\/02\\\/05\\\/alla-dobbiaco-cortina-in-tecnica-classica-vincono-bruno-de-bortolis-e-sabina-valbusa\\\/#breadcrumb\",\"itemListElement\":[{\"@type\":\"ListItem\",\"position\":1,\"name\":\"Home\",\"item\":\"https:\\\/\\\/www.bellunopress.it\\\/\"},{\"@type\":\"ListItem\",\"position\":2,\"name\":\"Alla Dobbiaco-Cortina in tecnica classica vincono Bruno De Bortolis e Sabina Valbusa\"}]},{\"@type\":\"WebSite\",\"@id\":\"https:\\\/\\\/www.bellunopress.it\\\/#website\",\"url\":\"https:\\\/\\\/www.bellunopress.it\\\/\",\"name\":\"Bellunopress - Dolomiti\",\"description\":\"e-mail: redazione@bellunopress.it\",\"publisher\":{\"@id\":\"https:\\\/\\\/www.bellunopress.it\\\/#organization\"},\"potentialAction\":[{\"@type\":\"SearchAction\",\"target\":{\"@type\":\"EntryPoint\",\"urlTemplate\":\"https:\\\/\\\/www.bellunopress.it\\\/?s={search_term_string}\"},\"query-input\":{\"@type\":\"PropertyValueSpecification\",\"valueRequired\":true,\"valueName\":\"search_term_string\"}}],\"inLanguage\":\"fr-FR\"},{\"@type\":\"Organization\",\"@id\":\"https:\\\/\\\/www.bellunopress.it\\\/#organization\",\"name\":\"Bellunopress\",\"url\":\"https:\\\/\\\/www.bellunopress.it\\\/\",\"logo\":{\"@type\":\"ImageObject\",\"inLanguage\":\"fr-FR\",\"@id\":\"https:\\\/\\\/www.bellunopress.it\\\/#\\\/schema\\\/logo\\\/image\\\/\",\"url\":\"https:\\\/\\\/www.bellunopress.it\\\/wp-content\\\/uploads\\\/2011\\\/05\\\/cropped-logo-bellunopress-.jpg\",\"contentUrl\":\"https:\\\/\\\/www.bellunopress.it\\\/wp-content\\\/uploads\\\/2011\\\/05\\\/cropped-logo-bellunopress-.jpg\",\"width\":512,\"height\":512,\"caption\":\"Bellunopress\"},\"image\":{\"@id\":\"https:\\\/\\\/www.bellunopress.it\\\/#\\\/schema\\\/logo\\\/image\\\/\"},\"sameAs\":[\"https:\\\/\\\/www.facebook.com\\\/profile.php?id=100008943462799\",\"https:\\\/\\\/x.com\\\/bellunopress\",\"https:\\\/\\\/www.linkedin.com\\\/hp\\\/?dnr=JBzUWaJfMUw8vbXJJ2tVW5-I3jZKvC4wsoxE&amp;amp;amp;amp;amp;amp;trk=nav_responsive_tab_home\",\"https:\\\/\\\/www.youtube.com\\\/channel\\\/UCxL0wu1uN0_3_7hGG0306cw\"]},{\"@type\":\"Person\",\"@id\":\"https:\\\/\\\/www.bellunopress.it\\\/#\\\/schema\\\/person\\\/79bb06722b37ece1c03d3e94beb30d73\",\"name\":\"redazione\",\"image\":{\"@type\":\"ImageObject\",\"inLanguage\":\"fr-FR\",\"@id\":\"https:\\\/\\\/secure.gravatar.com\\\/avatar\\\/37d968a2e67a6fd04c169c4bdef102d0bc5d31b2546345219e348575eb80e9a0?s=96&d=mm&r=g\",\"url\":\"https:\\\/\\\/secure.gravatar.com\\\/avatar\\\/37d968a2e67a6fd04c169c4bdef102d0bc5d31b2546345219e348575eb80e9a0?s=96&d=mm&r=g\",\"contentUrl\":\"https:\\\/\\\/secure.gravatar.com\\\/avatar\\\/37d968a2e67a6fd04c169c4bdef102d0bc5d31b2546345219e348575eb80e9a0?s=96&d=mm&r=g\",\"caption\":\"redazione\"},\"sameAs\":[\"http:\\\/\\\/www.bellunopress.it\",\"https:\\\/\\\/x.com\\\/bellunopress\"],\"url\":\"https:\\\/\\\/www.bellunopress.it\\\/fr\\\/author\\\/redazione\\\/\"}]}<\/script>\n<!-- \/ Yoast SEO plugin. -->","yoast_head_json":{"title":"Alla Dobbiaco-Cortina in tecnica classica vincono Bruno De Bortolis e Sabina Valbusa  - Bellunopress - Dolomiti","robots":{"index":"index","follow":"follow","max-snippet":"max-snippet:-1","max-image-preview":"max-image-preview:large","max-video-preview":"max-video-preview:-1"},"canonical":"https:\/\/www.bellunopress.it\/fr\/2012\/02\/05\/alla-dobbiaco-cortina-in-tecnica-classica-vincono-bruno-de-bortolis-e-sabina-valbusa\/","og_locale":"fr_FR","og_type":"article","og_title":"Alla Dobbiaco-Cortina in tecnica classica vincono Bruno De Bortolis e Sabina Valbusa  - Bellunopress - Dolomiti","og_description":"Il trentino bissa il successo del 2011, battendo il fratello Ivan. Dominio dell\u2019ex azzurra veronese tra le donne. Quasi in 700 in gara per un\u2019edizione che ha visto la partecipazione straniera in grande crescita: su tutti norvegesi e russi. Come gi\u00e0 nel 2011, anche nel 2012 a vincere la Dobbiaco-Cortina in tecnica classica \u00e8 Bruno [&hellip;]","og_url":"https:\/\/www.bellunopress.it\/fr\/2012\/02\/05\/alla-dobbiaco-cortina-in-tecnica-classica-vincono-bruno-de-bortolis-e-sabina-valbusa\/","og_site_name":"Bellunopress - Dolomiti","article_publisher":"https:\/\/www.facebook.com\/profile.php?id=100008943462799","article_published_time":"2012-02-05T16:09:29+00:00","og_image":[{"url":"http:\/\/www.bellunopress.it\/wp-content\/uploads\/2012\/02\/fondo-podio-donne.jpg","type":"","width":"","height":""}],"author":"redazione","twitter_card":"summary_large_image","twitter_creator":"@bellunopress","twitter_site":"@bellunopress","twitter_misc":{"\u00c9crit par":"redazione","Dur\u00e9e de lecture estim\u00e9e":"4 minutes"},"schema":{"@context":"https:\/\/schema.org","@graph":[{"@type":"Article","@id":"https:\/\/www.bellunopress.it\/2012\/02\/05\/alla-dobbiaco-cortina-in-tecnica-classica-vincono-bruno-de-bortolis-e-sabina-valbusa\/#article","isPartOf":{"@id":"https:\/\/www.bellunopress.it\/2012\/02\/05\/alla-dobbiaco-cortina-in-tecnica-classica-vincono-bruno-de-bortolis-e-sabina-valbusa\/"},"author":{"name":"redazione","@id":"https:\/\/www.bellunopress.it\/#\/schema\/person\/79bb06722b37ece1c03d3e94beb30d73"},"headline":"Alla Dobbiaco-Cortina in tecnica classica vincono Bruno De Bortolis e Sabina Valbusa","datePublished":"2012-02-05T16:09:29+00:00","mainEntityOfPage":{"@id":"https:\/\/www.bellunopress.it\/2012\/02\/05\/alla-dobbiaco-cortina-in-tecnica-classica-vincono-bruno-de-bortolis-e-sabina-valbusa\/"},"wordCount":753,"publisher":{"@id":"https:\/\/www.bellunopress.it\/#organization"},"image":{"@id":"https:\/\/www.bellunopress.it\/2012\/02\/05\/alla-dobbiaco-cortina-in-tecnica-classica-vincono-bruno-de-bortolis-e-sabina-valbusa\/#primaryimage"},"thumbnailUrl":"http:\/\/www.bellunopress.it\/wp-content\/uploads\/2012\/02\/fondo-podio-donne.jpg","articleSection":["Prima Pagina","Sport, tempo libero"],"inLanguage":"fr-FR"},{"@type":"WebPage","@id":"https:\/\/www.bellunopress.it\/2012\/02\/05\/alla-dobbiaco-cortina-in-tecnica-classica-vincono-bruno-de-bortolis-e-sabina-valbusa\/","url":"https:\/\/www.bellunopress.it\/2012\/02\/05\/alla-dobbiaco-cortina-in-tecnica-classica-vincono-bruno-de-bortolis-e-sabina-valbusa\/","name":"Alla Dobbiaco-Cortina in tecnica classica vincono Bruno De Bortolis e Sabina Valbusa - Bellunopress - Dolomiti","isPartOf":{"@id":"https:\/\/www.bellunopress.it\/#website"},"primaryImageOfPage":{"@id":"https:\/\/www.bellunopress.it\/2012\/02\/05\/alla-dobbiaco-cortina-in-tecnica-classica-vincono-bruno-de-bortolis-e-sabina-valbusa\/#primaryimage"},"image":{"@id":"https:\/\/www.bellunopress.it\/2012\/02\/05\/alla-dobbiaco-cortina-in-tecnica-classica-vincono-bruno-de-bortolis-e-sabina-valbusa\/#primaryimage"},"thumbnailUrl":"http:\/\/www.bellunopress.it\/wp-content\/uploads\/2012\/02\/fondo-podio-donne.jpg","datePublished":"2012-02-05T16:09:29+00:00","breadcrumb":{"@id":"https:\/\/www.bellunopress.it\/2012\/02\/05\/alla-dobbiaco-cortina-in-tecnica-classica-vincono-bruno-de-bortolis-e-sabina-valbusa\/#breadcrumb"},"inLanguage":"fr-FR","potentialAction":[{"@type":"ReadAction","target":["https:\/\/www.bellunopress.it\/2012\/02\/05\/alla-dobbiaco-cortina-in-tecnica-classica-vincono-bruno-de-bortolis-e-sabina-valbusa\/"]}]},{"@type":"ImageObject","inLanguage":"fr-FR","@id":"https:\/\/www.bellunopress.it\/2012\/02\/05\/alla-dobbiaco-cortina-in-tecnica-classica-vincono-bruno-de-bortolis-e-sabina-valbusa\/#primaryimage","url":"http:\/\/www.bellunopress.it\/wp-content\/uploads\/2012\/02\/fondo-podio-donne.jpg","contentUrl":"http:\/\/www.bellunopress.it\/wp-content\/uploads\/2012\/02\/fondo-podio-donne.jpg"},{"@type":"BreadcrumbList","@id":"https:\/\/www.bellunopress.it\/2012\/02\/05\/alla-dobbiaco-cortina-in-tecnica-classica-vincono-bruno-de-bortolis-e-sabina-valbusa\/#breadcrumb","itemListElement":[{"@type":"ListItem","position":1,"name":"Home","item":"https:\/\/www.bellunopress.it\/"},{"@type":"ListItem","position":2,"name":"Alla Dobbiaco-Cortina in tecnica classica vincono Bruno De Bortolis e Sabina Valbusa"}]},{"@type":"WebSite","@id":"https:\/\/www.bellunopress.it\/#website","url":"https:\/\/www.bellunopress.it\/","name":"Bellunopress - Dolomiti","description":"e-mail: redazione@bellunopress.it","publisher":{"@id":"https:\/\/www.bellunopress.it\/#organization"},"potentialAction":[{"@type":"SearchAction","target":{"@type":"EntryPoint","urlTemplate":"https:\/\/www.bellunopress.it\/?s={search_term_string}"},"query-input":{"@type":"PropertyValueSpecification","valueRequired":true,"valueName":"search_term_string"}}],"inLanguage":"fr-FR"},{"@type":"Organization","@id":"https:\/\/www.bellunopress.it\/#organization","name":"Bellunopress","url":"https:\/\/www.bellunopress.it\/","logo":{"@type":"ImageObject","inLanguage":"fr-FR","@id":"https:\/\/www.bellunopress.it\/#\/schema\/logo\/image\/","url":"https:\/\/www.bellunopress.it\/wp-content\/uploads\/2011\/05\/cropped-logo-bellunopress-.jpg","contentUrl":"https:\/\/www.bellunopress.it\/wp-content\/uploads\/2011\/05\/cropped-logo-bellunopress-.jpg","width":512,"height":512,"caption":"Bellunopress"},"image":{"@id":"https:\/\/www.bellunopress.it\/#\/schema\/logo\/image\/"},"sameAs":["https:\/\/www.facebook.com\/profile.php?id=100008943462799","https:\/\/x.com\/bellunopress","https:\/\/www.linkedin.com\/hp\/?dnr=JBzUWaJfMUw8vbXJJ2tVW5-I3jZKvC4wsoxE&amp;amp;amp;amp;amp;amp;trk=nav_responsive_tab_home","https:\/\/www.youtube.com\/channel\/UCxL0wu1uN0_3_7hGG0306cw"]},{"@type":"Person","@id":"https:\/\/www.bellunopress.it\/#\/schema\/person\/79bb06722b37ece1c03d3e94beb30d73","name":"r\u00e9daction","image":{"@type":"ImageObject","inLanguage":"fr-FR","@id":"https:\/\/secure.gravatar.com\/avatar\/37d968a2e67a6fd04c169c4bdef102d0bc5d31b2546345219e348575eb80e9a0?s=96&d=mm&r=g","url":"https:\/\/secure.gravatar.com\/avatar\/37d968a2e67a6fd04c169c4bdef102d0bc5d31b2546345219e348575eb80e9a0?s=96&d=mm&r=g","contentUrl":"https:\/\/secure.gravatar.com\/avatar\/37d968a2e67a6fd04c169c4bdef102d0bc5d31b2546345219e348575eb80e9a0?s=96&d=mm&r=g","caption":"redazione"},"sameAs":["http:\/\/www.bellunopress.it","https:\/\/x.com\/bellunopress"],"url":"https:\/\/www.bellunopress.it\/fr\/author\/redazione\/"}]}},"_links":{"self":[{"href":"https:\/\/www.bellunopress.it\/fr\/wp-json\/wp\/v2\/posts\/34789","targetHints":{"allow":["GET"]}}],"collection":[{"href":"https:\/\/www.bellunopress.it\/fr\/wp-json\/wp\/v2\/posts"}],"about":[{"href":"https:\/\/www.bellunopress.it\/fr\/wp-json\/wp\/v2\/types\/post"}],"author":[{"embeddable":true,"href":"https:\/\/www.bellunopress.it\/fr\/wp-json\/wp\/v2\/users\/2"}],"replies":[{"embeddable":true,"href":"https:\/\/www.bellunopress.it\/fr\/wp-json\/wp\/v2\/comments?post=34789"}],"version-history":[{"count":2,"href":"https:\/\/www.bellunopress.it\/fr\/wp-json\/wp\/v2\/posts\/34789\/revisions"}],"predecessor-version":[{"id":34793,"href":"https:\/\/www.bellunopress.it\/fr\/wp-json\/wp\/v2\/posts\/34789\/revisions\/34793"}],"wp:attachment":[{"href":"https:\/\/www.bellunopress.it\/fr\/wp-json\/wp\/v2\/media?parent=34789"}],"wp:term":[{"taxonomy":"category","embeddable":true,"href":"https:\/\/www.bellunopress.it\/fr\/wp-json\/wp\/v2\/categories?post=34789"},{"taxonomy":"post_tag","embeddable":true,"href":"https:\/\/www.bellunopress.it\/fr\/wp-json\/wp\/v2\/tags?post=34789"}],"curies":[{"name":"wp","href":"https:\/\/api.w.org\/{rel}","templated":true}]}}