{"id":34785,"date":"2012-02-05T14:19:18","date_gmt":"2012-02-05T13:19:18","guid":{"rendered":"http:\/\/www.bellunopress.it\/?p=34785"},"modified":"2012-02-05T14:19:18","modified_gmt":"2012-02-05T13:19:18","slug":"ecco-i-vincitori-delle-giornate-sulla-neve-a-cortina-dei-commercialisti-delle-tre-venezie","status":"publish","type":"post","link":"https:\/\/www.bellunopress.it\/fr\/2012\/02\/05\/ecco-i-vincitori-delle-giornate-sulla-neve-a-cortina-dei-commercialisti-delle-tre-venezie\/","title":{"rendered":"Ecco i vincitori delle &#8220;Giornate sulla neve&#8221; a Cortina dei commercialisti delle Tre Venezie"},"content":{"rendered":"<p><a href=\"http:\/\/www.bellunopress.it\/wp-content\/uploads\/2012\/02\/Cabiati-Carlotta-odcec-TS.jpg\"><img loading=\"lazy\" decoding=\"async\" class=\"alignleft size-full wp-image-34786\" title=\"Cabiati Carlotta odcec TS\" src=\"http:\/\/www.bellunopress.it\/wp-content\/uploads\/2012\/02\/Cabiati-Carlotta-odcec-TS.jpg\" alt=\"\" width=\"280\" height=\"202\" \/><\/a>Circa duecento i professionisti che hanno trascorso questi giorni immersi nella natura nella meravigliosa cornice della Conca Ampezzana sfidandosi sulla neve nelle gare di sci di fondo e slalom gigante. L&#8217;iniziativa \u00e8 dell&#8217;Associazione dei Dottori Commercialisti e degli Esperti Contabili delle Tre Venezie, con il patrocinio dell&#8217;ASDDCEC (Associazione Sportiva Dilettantistica dei Dottori Commercialisti ed Esperti Contabili) che dal 2 al 5 febbraio a Cortina d&#8217;Ampezzo ha organizzato le &#8220;Giornate sulla neve&#8221;. Evento che da pi\u00f9 di trent&#8217;anni riunisce i rappresentanti della categoria per un week end sulle piste. La classifica nazionale degli Ordini dei Dottori Commercialisti e degli Esperti Contabili (ODCEC) vede rispettivamente Bologna, Trento e Bolzano alle prime posizioni, Trento, Bolzano e Treviso hanno raggiunto invece i migliori risultati per quanto riguarda la classifica Triveneta.<\/p>\n<p>&nbsp;<\/p>\n<p>Ecco di seguito le classifiche dei vincitori delle gare:<\/p>\n<p>&nbsp;<\/p>\n<p>SLALOM GIGANTE FEMMINILE<\/p>\n<p>1^ Cabiati Carlotta odcec TRIESTE (nella foto) \u00a0\u00a02^ Bergamo Costanza ospite\u00a0 3^ Tamba Cristina odcec BOLOGNA<\/p>\n<p>&nbsp;<\/p>\n<p>SLALOM GIGANTE MASCHILE<\/p>\n<p>1\u00b0 Putzer Marc odcec BOLZANO 2\u00b0 Montecchi Luca ospite 3\u00b0 Brioschi Roberto odcec MONZA<\/p>\n<p>&nbsp;<\/p>\n<p>FONDO MASCHILE<\/p>\n<p>1\u00b0 Valentini Francesco odcec TRENTO 2\u00b0 Argenti Giovanni odcec BELLUNO 3\u00b0 Carollo Pierluigi odcec TRENTO<\/p>\n<p>&nbsp;<\/p>\n<p>FONDO FEMMINILE<\/p>\n<p>1^ Thomas Laura ospite 2^ Moretti Marta ospite 3^ Cappellotto Lara odcec PORDENONE<\/p>\n<p>&nbsp;<\/p>\n<p>&nbsp;<\/p>","protected":false},"excerpt":{"rendered":"<p>Circa duecento i professionisti che hanno trascorso questi giorni immersi nella natura nella meravigliosa cornice della Conca Ampezzana sfidandosi sulla neve nelle gare di sci di fondo e slalom gigante. L&#8217;iniziativa \u00e8 dell&#8217;Associazione dei Dottori Commercialisti e degli Esperti Contabili delle Tre Venezie, con il patrocinio dell&#8217;ASDDCEC (Associazione Sportiva Dilettantistica dei Dottori Commercialisti ed Esperti [&hellip;]<\/p>\n","protected":false},"author":2,"featured_media":0,"comment_status":"closed","ping_status":"open","sticky":false,"template":"","format":"standard","meta":{"footnotes":""},"categories":[26,4],"tags":[],"class_list":["post-34785","post","type-post","status-publish","format-standard","category-prima-pagina","category-sport"],"yoast_head":"<!-- This site is optimized with the Yoast SEO plugin v28.4 - https:\/\/yoast.com\/product\/yoast-seo-wordpress\/ -->\n<title>Ecco i vincitori delle &quot;Giornate sulla neve&quot; a Cortina dei commercialisti delle Tre Venezie - Bellunopress - Dolomiti<\/title>\n<meta name=\"robots\" content=\"index, follow, max-snippet:-1, max-image-preview:large, max-video-preview:-1\" \/>\n<link rel=\"canonical\" href=\"https:\/\/www.bellunopress.it\/fr\/2012\/02\/05\/ecco-i-vincitori-delle-giornate-sulla-neve-a-cortina-dei-commercialisti-delle-tre-venezie\/\" \/>\n<meta property=\"og:locale\" content=\"fr_FR\" \/>\n<meta property=\"og:type\" content=\"article\" \/>\n<meta property=\"og:title\" content=\"Ecco i vincitori delle &quot;Giornate sulla neve&quot; a Cortina dei commercialisti delle Tre Venezie - Bellunopress - Dolomiti\" \/>\n<meta property=\"og:description\" content=\"Circa duecento i professionisti che hanno trascorso questi giorni immersi nella natura nella meravigliosa cornice della Conca Ampezzana sfidandosi sulla neve nelle gare di sci di fondo e slalom gigante. L&#8217;iniziativa \u00e8 dell&#8217;Associazione dei Dottori Commercialisti e degli Esperti Contabili delle Tre Venezie, con il patrocinio dell&#8217;ASDDCEC (Associazione Sportiva Dilettantistica dei Dottori Commercialisti ed Esperti [&hellip;]\" \/>\n<meta property=\"og:url\" content=\"https:\/\/www.bellunopress.it\/fr\/2012\/02\/05\/ecco-i-vincitori-delle-giornate-sulla-neve-a-cortina-dei-commercialisti-delle-tre-venezie\/\" \/>\n<meta property=\"og:site_name\" content=\"Bellunopress - Dolomiti\" \/>\n<meta property=\"article:publisher\" content=\"https:\/\/www.facebook.com\/profile.php?id=100008943462799\" \/>\n<meta property=\"article:published_time\" content=\"2012-02-05T13:19:18+00:00\" \/>\n<meta property=\"og:image\" content=\"http:\/\/www.bellunopress.it\/wp-content\/uploads\/2012\/02\/Cabiati-Carlotta-odcec-TS.jpg\" \/>\n<meta name=\"author\" content=\"redazione\" \/>\n<meta name=\"twitter:card\" content=\"summary_large_image\" \/>\n<meta name=\"twitter:creator\" content=\"@bellunopress\" \/>\n<meta name=\"twitter:site\" content=\"@bellunopress\" \/>\n<meta name=\"twitter:label1\" content=\"\u00c9crit par\" \/>\n\t<meta name=\"twitter:data1\" content=\"redazione\" \/>\n\t<meta name=\"twitter:label2\" content=\"Dur\u00e9e de lecture estim\u00e9e\" \/>\n\t<meta name=\"twitter:data2\" content=\"1 minute\" \/>\n<script type=\"application\/ld+json\" class=\"yoast-schema-graph\">{\"@context\":\"https:\\\/\\\/schema.org\",\"@graph\":[{\"@type\":\"Article\",\"@id\":\"https:\\\/\\\/www.bellunopress.it\\\/2012\\\/02\\\/05\\\/ecco-i-vincitori-delle-giornate-sulla-neve-a-cortina-dei-commercialisti-delle-tre-venezie\\\/#article\",\"isPartOf\":{\"@id\":\"https:\\\/\\\/www.bellunopress.it\\\/2012\\\/02\\\/05\\\/ecco-i-vincitori-delle-giornate-sulla-neve-a-cortina-dei-commercialisti-delle-tre-venezie\\\/\"},\"author\":{\"name\":\"redazione\",\"@id\":\"https:\\\/\\\/www.bellunopress.it\\\/#\\\/schema\\\/person\\\/79bb06722b37ece1c03d3e94beb30d73\"},\"headline\":\"Ecco i vincitori delle &#8220;Giornate sulla neve&#8221; a Cortina dei commercialisti delle Tre Venezie\",\"datePublished\":\"2012-02-05T13:19:18+00:00\",\"mainEntityOfPage\":{\"@id\":\"https:\\\/\\\/www.bellunopress.it\\\/2012\\\/02\\\/05\\\/ecco-i-vincitori-delle-giornate-sulla-neve-a-cortina-dei-commercialisti-delle-tre-venezie\\\/\"},\"wordCount\":214,\"publisher\":{\"@id\":\"https:\\\/\\\/www.bellunopress.it\\\/#organization\"},\"image\":{\"@id\":\"https:\\\/\\\/www.bellunopress.it\\\/2012\\\/02\\\/05\\\/ecco-i-vincitori-delle-giornate-sulla-neve-a-cortina-dei-commercialisti-delle-tre-venezie\\\/#primaryimage\"},\"thumbnailUrl\":\"http:\\\/\\\/www.bellunopress.it\\\/wp-content\\\/uploads\\\/2012\\\/02\\\/Cabiati-Carlotta-odcec-TS.jpg\",\"articleSection\":[\"Prima Pagina\",\"Sport, tempo libero\"],\"inLanguage\":\"fr-FR\"},{\"@type\":\"WebPage\",\"@id\":\"https:\\\/\\\/www.bellunopress.it\\\/2012\\\/02\\\/05\\\/ecco-i-vincitori-delle-giornate-sulla-neve-a-cortina-dei-commercialisti-delle-tre-venezie\\\/\",\"url\":\"https:\\\/\\\/www.bellunopress.it\\\/2012\\\/02\\\/05\\\/ecco-i-vincitori-delle-giornate-sulla-neve-a-cortina-dei-commercialisti-delle-tre-venezie\\\/\",\"name\":\"Ecco i vincitori delle \\\"Giornate sulla neve\\\" a Cortina dei commercialisti delle Tre Venezie - Bellunopress - Dolomiti\",\"isPartOf\":{\"@id\":\"https:\\\/\\\/www.bellunopress.it\\\/#website\"},\"primaryImageOfPage\":{\"@id\":\"https:\\\/\\\/www.bellunopress.it\\\/2012\\\/02\\\/05\\\/ecco-i-vincitori-delle-giornate-sulla-neve-a-cortina-dei-commercialisti-delle-tre-venezie\\\/#primaryimage\"},\"image\":{\"@id\":\"https:\\\/\\\/www.bellunopress.it\\\/2012\\\/02\\\/05\\\/ecco-i-vincitori-delle-giornate-sulla-neve-a-cortina-dei-commercialisti-delle-tre-venezie\\\/#primaryimage\"},\"thumbnailUrl\":\"http:\\\/\\\/www.bellunopress.it\\\/wp-content\\\/uploads\\\/2012\\\/02\\\/Cabiati-Carlotta-odcec-TS.jpg\",\"datePublished\":\"2012-02-05T13:19:18+00:00\",\"breadcrumb\":{\"@id\":\"https:\\\/\\\/www.bellunopress.it\\\/2012\\\/02\\\/05\\\/ecco-i-vincitori-delle-giornate-sulla-neve-a-cortina-dei-commercialisti-delle-tre-venezie\\\/#breadcrumb\"},\"inLanguage\":\"fr-FR\",\"potentialAction\":[{\"@type\":\"ReadAction\",\"target\":[\"https:\\\/\\\/www.bellunopress.it\\\/2012\\\/02\\\/05\\\/ecco-i-vincitori-delle-giornate-sulla-neve-a-cortina-dei-commercialisti-delle-tre-venezie\\\/\"]}]},{\"@type\":\"ImageObject\",\"inLanguage\":\"fr-FR\",\"@id\":\"https:\\\/\\\/www.bellunopress.it\\\/2012\\\/02\\\/05\\\/ecco-i-vincitori-delle-giornate-sulla-neve-a-cortina-dei-commercialisti-delle-tre-venezie\\\/#primaryimage\",\"url\":\"http:\\\/\\\/www.bellunopress.it\\\/wp-content\\\/uploads\\\/2012\\\/02\\\/Cabiati-Carlotta-odcec-TS.jpg\",\"contentUrl\":\"http:\\\/\\\/www.bellunopress.it\\\/wp-content\\\/uploads\\\/2012\\\/02\\\/Cabiati-Carlotta-odcec-TS.jpg\"},{\"@type\":\"BreadcrumbList\",\"@id\":\"https:\\\/\\\/www.bellunopress.it\\\/2012\\\/02\\\/05\\\/ecco-i-vincitori-delle-giornate-sulla-neve-a-cortina-dei-commercialisti-delle-tre-venezie\\\/#breadcrumb\",\"itemListElement\":[{\"@type\":\"ListItem\",\"position\":1,\"name\":\"Home\",\"item\":\"https:\\\/\\\/www.bellunopress.it\\\/\"},{\"@type\":\"ListItem\",\"position\":2,\"name\":\"Ecco i vincitori delle &#8220;Giornate sulla neve&#8221; a Cortina dei commercialisti delle Tre Venezie\"}]},{\"@type\":\"WebSite\",\"@id\":\"https:\\\/\\\/www.bellunopress.it\\\/#website\",\"url\":\"https:\\\/\\\/www.bellunopress.it\\\/\",\"name\":\"Bellunopress - Dolomiti\",\"description\":\"e-mail: redazione@bellunopress.it\",\"publisher\":{\"@id\":\"https:\\\/\\\/www.bellunopress.it\\\/#organization\"},\"potentialAction\":[{\"@type\":\"SearchAction\",\"target\":{\"@type\":\"EntryPoint\",\"urlTemplate\":\"https:\\\/\\\/www.bellunopress.it\\\/?s={search_term_string}\"},\"query-input\":{\"@type\":\"PropertyValueSpecification\",\"valueRequired\":true,\"valueName\":\"search_term_string\"}}],\"inLanguage\":\"fr-FR\"},{\"@type\":\"Organization\",\"@id\":\"https:\\\/\\\/www.bellunopress.it\\\/#organization\",\"name\":\"Bellunopress\",\"url\":\"https:\\\/\\\/www.bellunopress.it\\\/\",\"logo\":{\"@type\":\"ImageObject\",\"inLanguage\":\"fr-FR\",\"@id\":\"https:\\\/\\\/www.bellunopress.it\\\/#\\\/schema\\\/logo\\\/image\\\/\",\"url\":\"https:\\\/\\\/www.bellunopress.it\\\/wp-content\\\/uploads\\\/2011\\\/05\\\/cropped-logo-bellunopress-.jpg\",\"contentUrl\":\"https:\\\/\\\/www.bellunopress.it\\\/wp-content\\\/uploads\\\/2011\\\/05\\\/cropped-logo-bellunopress-.jpg\",\"width\":512,\"height\":512,\"caption\":\"Bellunopress\"},\"image\":{\"@id\":\"https:\\\/\\\/www.bellunopress.it\\\/#\\\/schema\\\/logo\\\/image\\\/\"},\"sameAs\":[\"https:\\\/\\\/www.facebook.com\\\/profile.php?id=100008943462799\",\"https:\\\/\\\/x.com\\\/bellunopress\",\"https:\\\/\\\/www.linkedin.com\\\/hp\\\/?dnr=JBzUWaJfMUw8vbXJJ2tVW5-I3jZKvC4wsoxE&amp;amp;amp;amp;amp;amp;trk=nav_responsive_tab_home\",\"https:\\\/\\\/www.youtube.com\\\/channel\\\/UCxL0wu1uN0_3_7hGG0306cw\"]},{\"@type\":\"Person\",\"@id\":\"https:\\\/\\\/www.bellunopress.it\\\/#\\\/schema\\\/person\\\/79bb06722b37ece1c03d3e94beb30d73\",\"name\":\"redazione\",\"image\":{\"@type\":\"ImageObject\",\"inLanguage\":\"fr-FR\",\"@id\":\"https:\\\/\\\/secure.gravatar.com\\\/avatar\\\/37d968a2e67a6fd04c169c4bdef102d0bc5d31b2546345219e348575eb80e9a0?s=96&d=mm&r=g\",\"url\":\"https:\\\/\\\/secure.gravatar.com\\\/avatar\\\/37d968a2e67a6fd04c169c4bdef102d0bc5d31b2546345219e348575eb80e9a0?s=96&d=mm&r=g\",\"contentUrl\":\"https:\\\/\\\/secure.gravatar.com\\\/avatar\\\/37d968a2e67a6fd04c169c4bdef102d0bc5d31b2546345219e348575eb80e9a0?s=96&d=mm&r=g\",\"caption\":\"redazione\"},\"sameAs\":[\"http:\\\/\\\/www.bellunopress.it\",\"https:\\\/\\\/x.com\\\/bellunopress\"],\"url\":\"https:\\\/\\\/www.bellunopress.it\\\/fr\\\/author\\\/redazione\\\/\"}]}<\/script>\n<!-- \/ Yoast SEO plugin. -->","yoast_head_json":{"title":"Ecco i vincitori delle \"Giornate sulla neve\" a Cortina dei commercialisti delle Tre Venezie - Bellunopress - Dolomiti","robots":{"index":"index","follow":"follow","max-snippet":"max-snippet:-1","max-image-preview":"max-image-preview:large","max-video-preview":"max-video-preview:-1"},"canonical":"https:\/\/www.bellunopress.it\/fr\/2012\/02\/05\/ecco-i-vincitori-delle-giornate-sulla-neve-a-cortina-dei-commercialisti-delle-tre-venezie\/","og_locale":"fr_FR","og_type":"article","og_title":"Ecco i vincitori delle \"Giornate sulla neve\" a Cortina dei commercialisti delle Tre Venezie - Bellunopress - Dolomiti","og_description":"Circa duecento i professionisti che hanno trascorso questi giorni immersi nella natura nella meravigliosa cornice della Conca Ampezzana sfidandosi sulla neve nelle gare di sci di fondo e slalom gigante. L&#8217;iniziativa \u00e8 dell&#8217;Associazione dei Dottori Commercialisti e degli Esperti Contabili delle Tre Venezie, con il patrocinio dell&#8217;ASDDCEC (Associazione Sportiva Dilettantistica dei Dottori Commercialisti ed Esperti [&hellip;]","og_url":"https:\/\/www.bellunopress.it\/fr\/2012\/02\/05\/ecco-i-vincitori-delle-giornate-sulla-neve-a-cortina-dei-commercialisti-delle-tre-venezie\/","og_site_name":"Bellunopress - Dolomiti","article_publisher":"https:\/\/www.facebook.com\/profile.php?id=100008943462799","article_published_time":"2012-02-05T13:19:18+00:00","og_image":[{"url":"http:\/\/www.bellunopress.it\/wp-content\/uploads\/2012\/02\/Cabiati-Carlotta-odcec-TS.jpg","type":"","width":"","height":""}],"author":"redazione","twitter_card":"summary_large_image","twitter_creator":"@bellunopress","twitter_site":"@bellunopress","twitter_misc":{"\u00c9crit par":"redazione","Dur\u00e9e de lecture estim\u00e9e":"1 minute"},"schema":{"@context":"https:\/\/schema.org","@graph":[{"@type":"Article","@id":"https:\/\/www.bellunopress.it\/2012\/02\/05\/ecco-i-vincitori-delle-giornate-sulla-neve-a-cortina-dei-commercialisti-delle-tre-venezie\/#article","isPartOf":{"@id":"https:\/\/www.bellunopress.it\/2012\/02\/05\/ecco-i-vincitori-delle-giornate-sulla-neve-a-cortina-dei-commercialisti-delle-tre-venezie\/"},"author":{"name":"redazione","@id":"https:\/\/www.bellunopress.it\/#\/schema\/person\/79bb06722b37ece1c03d3e94beb30d73"},"headline":"Ecco i vincitori delle &#8220;Giornate sulla neve&#8221; a Cortina dei commercialisti delle Tre Venezie","datePublished":"2012-02-05T13:19:18+00:00","mainEntityOfPage":{"@id":"https:\/\/www.bellunopress.it\/2012\/02\/05\/ecco-i-vincitori-delle-giornate-sulla-neve-a-cortina-dei-commercialisti-delle-tre-venezie\/"},"wordCount":214,"publisher":{"@id":"https:\/\/www.bellunopress.it\/#organization"},"image":{"@id":"https:\/\/www.bellunopress.it\/2012\/02\/05\/ecco-i-vincitori-delle-giornate-sulla-neve-a-cortina-dei-commercialisti-delle-tre-venezie\/#primaryimage"},"thumbnailUrl":"http:\/\/www.bellunopress.it\/wp-content\/uploads\/2012\/02\/Cabiati-Carlotta-odcec-TS.jpg","articleSection":["Prima Pagina","Sport, tempo libero"],"inLanguage":"fr-FR"},{"@type":"WebPage","@id":"https:\/\/www.bellunopress.it\/2012\/02\/05\/ecco-i-vincitori-delle-giornate-sulla-neve-a-cortina-dei-commercialisti-delle-tre-venezie\/","url":"https:\/\/www.bellunopress.it\/2012\/02\/05\/ecco-i-vincitori-delle-giornate-sulla-neve-a-cortina-dei-commercialisti-delle-tre-venezie\/","name":"Ecco i vincitori delle \"Giornate sulla neve\" a Cortina dei commercialisti delle Tre Venezie - Bellunopress - Dolomiti","isPartOf":{"@id":"https:\/\/www.bellunopress.it\/#website"},"primaryImageOfPage":{"@id":"https:\/\/www.bellunopress.it\/2012\/02\/05\/ecco-i-vincitori-delle-giornate-sulla-neve-a-cortina-dei-commercialisti-delle-tre-venezie\/#primaryimage"},"image":{"@id":"https:\/\/www.bellunopress.it\/2012\/02\/05\/ecco-i-vincitori-delle-giornate-sulla-neve-a-cortina-dei-commercialisti-delle-tre-venezie\/#primaryimage"},"thumbnailUrl":"http:\/\/www.bellunopress.it\/wp-content\/uploads\/2012\/02\/Cabiati-Carlotta-odcec-TS.jpg","datePublished":"2012-02-05T13:19:18+00:00","breadcrumb":{"@id":"https:\/\/www.bellunopress.it\/2012\/02\/05\/ecco-i-vincitori-delle-giornate-sulla-neve-a-cortina-dei-commercialisti-delle-tre-venezie\/#breadcrumb"},"inLanguage":"fr-FR","potentialAction":[{"@type":"ReadAction","target":["https:\/\/www.bellunopress.it\/2012\/02\/05\/ecco-i-vincitori-delle-giornate-sulla-neve-a-cortina-dei-commercialisti-delle-tre-venezie\/"]}]},{"@type":"ImageObject","inLanguage":"fr-FR","@id":"https:\/\/www.bellunopress.it\/2012\/02\/05\/ecco-i-vincitori-delle-giornate-sulla-neve-a-cortina-dei-commercialisti-delle-tre-venezie\/#primaryimage","url":"http:\/\/www.bellunopress.it\/wp-content\/uploads\/2012\/02\/Cabiati-Carlotta-odcec-TS.jpg","contentUrl":"http:\/\/www.bellunopress.it\/wp-content\/uploads\/2012\/02\/Cabiati-Carlotta-odcec-TS.jpg"},{"@type":"BreadcrumbList","@id":"https:\/\/www.bellunopress.it\/2012\/02\/05\/ecco-i-vincitori-delle-giornate-sulla-neve-a-cortina-dei-commercialisti-delle-tre-venezie\/#breadcrumb","itemListElement":[{"@type":"ListItem","position":1,"name":"Home","item":"https:\/\/www.bellunopress.it\/"},{"@type":"ListItem","position":2,"name":"Ecco i vincitori delle &#8220;Giornate sulla neve&#8221; a Cortina dei commercialisti delle Tre Venezie"}]},{"@type":"WebSite","@id":"https:\/\/www.bellunopress.it\/#website","url":"https:\/\/www.bellunopress.it\/","name":"Bellunopress - Dolomiti","description":"e-mail: redazione@bellunopress.it","publisher":{"@id":"https:\/\/www.bellunopress.it\/#organization"},"potentialAction":[{"@type":"SearchAction","target":{"@type":"EntryPoint","urlTemplate":"https:\/\/www.bellunopress.it\/?s={search_term_string}"},"query-input":{"@type":"PropertyValueSpecification","valueRequired":true,"valueName":"search_term_string"}}],"inLanguage":"fr-FR"},{"@type":"Organization","@id":"https:\/\/www.bellunopress.it\/#organization","name":"Bellunopress","url":"https:\/\/www.bellunopress.it\/","logo":{"@type":"ImageObject","inLanguage":"fr-FR","@id":"https:\/\/www.bellunopress.it\/#\/schema\/logo\/image\/","url":"https:\/\/www.bellunopress.it\/wp-content\/uploads\/2011\/05\/cropped-logo-bellunopress-.jpg","contentUrl":"https:\/\/www.bellunopress.it\/wp-content\/uploads\/2011\/05\/cropped-logo-bellunopress-.jpg","width":512,"height":512,"caption":"Bellunopress"},"image":{"@id":"https:\/\/www.bellunopress.it\/#\/schema\/logo\/image\/"},"sameAs":["https:\/\/www.facebook.com\/profile.php?id=100008943462799","https:\/\/x.com\/bellunopress","https:\/\/www.linkedin.com\/hp\/?dnr=JBzUWaJfMUw8vbXJJ2tVW5-I3jZKvC4wsoxE&amp;amp;amp;amp;amp;amp;trk=nav_responsive_tab_home","https:\/\/www.youtube.com\/channel\/UCxL0wu1uN0_3_7hGG0306cw"]},{"@type":"Person","@id":"https:\/\/www.bellunopress.it\/#\/schema\/person\/79bb06722b37ece1c03d3e94beb30d73","name":"r\u00e9daction","image":{"@type":"ImageObject","inLanguage":"fr-FR","@id":"https:\/\/secure.gravatar.com\/avatar\/37d968a2e67a6fd04c169c4bdef102d0bc5d31b2546345219e348575eb80e9a0?s=96&d=mm&r=g","url":"https:\/\/secure.gravatar.com\/avatar\/37d968a2e67a6fd04c169c4bdef102d0bc5d31b2546345219e348575eb80e9a0?s=96&d=mm&r=g","contentUrl":"https:\/\/secure.gravatar.com\/avatar\/37d968a2e67a6fd04c169c4bdef102d0bc5d31b2546345219e348575eb80e9a0?s=96&d=mm&r=g","caption":"redazione"},"sameAs":["http:\/\/www.bellunopress.it","https:\/\/x.com\/bellunopress"],"url":"https:\/\/www.bellunopress.it\/fr\/author\/redazione\/"}]}},"_links":{"self":[{"href":"https:\/\/www.bellunopress.it\/fr\/wp-json\/wp\/v2\/posts\/34785","targetHints":{"allow":["GET"]}}],"collection":[{"href":"https:\/\/www.bellunopress.it\/fr\/wp-json\/wp\/v2\/posts"}],"about":[{"href":"https:\/\/www.bellunopress.it\/fr\/wp-json\/wp\/v2\/types\/post"}],"author":[{"embeddable":true,"href":"https:\/\/www.bellunopress.it\/fr\/wp-json\/wp\/v2\/users\/2"}],"replies":[{"embeddable":true,"href":"https:\/\/www.bellunopress.it\/fr\/wp-json\/wp\/v2\/comments?post=34785"}],"version-history":[{"count":1,"href":"https:\/\/www.bellunopress.it\/fr\/wp-json\/wp\/v2\/posts\/34785\/revisions"}],"predecessor-version":[{"id":34788,"href":"https:\/\/www.bellunopress.it\/fr\/wp-json\/wp\/v2\/posts\/34785\/revisions\/34788"}],"wp:attachment":[{"href":"https:\/\/www.bellunopress.it\/fr\/wp-json\/wp\/v2\/media?parent=34785"}],"wp:term":[{"taxonomy":"category","embeddable":true,"href":"https:\/\/www.bellunopress.it\/fr\/wp-json\/wp\/v2\/categories?post=34785"},{"taxonomy":"post_tag","embeddable":true,"href":"https:\/\/www.bellunopress.it\/fr\/wp-json\/wp\/v2\/tags?post=34785"}],"curies":[{"name":"wp","href":"https:\/\/api.w.org\/{rel}","templated":true}]}}