{"id":34778,"date":"2012-02-05T13:53:26","date_gmt":"2012-02-05T12:53:26","guid":{"rendered":"http:\/\/www.bellunopress.it\/?p=34778"},"modified":"2012-02-05T14:00:02","modified_gmt":"2012-02-05T13:00:02","slug":"34778","status":"publish","type":"post","link":"https:\/\/www.bellunopress.it\/fr\/2012\/02\/05\/34778\/","title":{"rendered":"Il Futuro della montagna. Vietina: &#8220;una convention di cervelli per fare impresa&#8221;. Reolon: &#8220;incassare anche i canoni idrici delle derivazioni principali&#8221;. Pachner: &#8220;sgravi fiscali&#8221;. Monestier: &#8220;farsi pagare di pi\u00f9 l&#8217;acqua potabile dalla pianura&#8221;"},"content":{"rendered":"<p>I grandi marchi come quello di Franz Senfter, \u201cil re dei salumi\u201d, con un fatturato di oltre 600 milioni di euro l&#8217;anno, ma anche l&#8217;iniziativa di Lorenzo De Candido, l&#8217;uomo che tra Santo Stefano di Cadore e Danta vive con le api. Sono due delle 45 storie raccolte da Stefano Vietina, autore del libro \u201cStorie di uomini e imprese che fanno vivere la montagna\u201d presentato sabato sera al Grand Hotel Miramonti Majestic di Cortina d\u2019Ampezzo.<a href=\"http:\/\/www.bellunopress.it\/wp-content\/uploads\/2012\/02\/andrea-franceschi-rosanna-raffaelli-ghedina-stefano-vietina-omar-monestier-carlo-pomar\u00e8.jpg\"><img loading=\"lazy\" decoding=\"async\" class=\"alignleft size-full wp-image-34779\" title=\"andrea franceschi rosanna raffaelli ghedina stefano vietina omar monestier carlo pomar\u00e8\" src=\"http:\/\/www.bellunopress.it\/wp-content\/uploads\/2012\/02\/andrea-franceschi-rosanna-raffaelli-ghedina-stefano-vietina-omar-monestier-carlo-pomar\u00e8.jpg\" alt=\"\" width=\"260\" height=\"163\" \/><\/a> \u201cDalla grande azienza alla piccola eccellenza che d\u00e0 speranza al territorio\u201d come ha osservato Omar Monestier, direttore del Corriere delle Alpi e il Mattino di Padova, e conduttore dell&#8217;incontro introdotto da Rosanna Raffaelli Ghedina. Tema dominante della serata \u00e8 stato il futuro della montagna, che Vietina, giornalista economico, che scrive per il quotidiano Milano Finanza oltre che per il Corriere delle Alpi, ha trattato alternando ai vari aneddoti che hanno accompagnato la stesura del libro. Secondo Vietina, lucchese di nascita ma oramai veneto d&#8217;adozione, la provincia di Belluno possiede certamente le risorse umane e le ricchezze naturali del territorio necessarie per garantire il futuro della montagna bellunese. Occorre per\u00f2 metterle in rete. Ad esempio \u00abattraverso una convention con i laureati del Cadore e del Comelico &#8211; spiega Vietina &#8211; mirata a due o tre progetti precisi, su come da un&#8217;idea si fa impresa\u00bb. Un progetto fondato sulla rete, quindi utilizzando le tecnologie offerte da internet, la passione e la condivisione. Sarebbe sufficiente secondo l&#8217;autore, che questi \u201ccervelli\u201d che per varie ragioni se ne sono andati, dedicassero un 5% del loro forze per il loro paese d&#8217;origine, attraverso un network. Vietina fa il nome di Massimo Marchiori, ideatore di Hyper Search, un motore di ricerca fondato sull&#8217;algoritmo PageRank e vincitore nel 2004 del premio TR100 della Technology Review per i 100 giovani ricercatori pi\u00f9 innovatori al mondo. La ricetta di Vietina per la salvezza della montagna, nel corso del dibattito finale, \u00e8 stata integrata dagli interventi del consigliere regionale Sergio Reolon. Che per vent&#8217;anni si \u00e8 battuto per acquisire dalla Regione i diritti sui canoni idrici a favore della provincia di Belluno. E ahim\u00e8, al momento dell&#8217;incasso i proventi maggiori ossia quelli delle derivazioni principali del Piave sono rimaste in capo alla Regione. Max Pachner ex assessore provinciale, per il rilancio dell&#8217;economia di montagna ha invocato una sorta di defiscalizzazione. Prezioso, infine, il suggerimento di Omar Monestier, che senza mezzi termini ha detto ai bellunesi che dovrebbero vendere a pi\u00f9 caro prezzo l&#8217;acqua potabile che disseta la pianura.<\/p>\n<p>Nella foto da sinistra, il sindaco di Cortina Andrea Franceschi con la responsabile degli eventi del Miramonti\u00a0Rosanna Raffaelli Ghedina, \u00a0Stefano Vietina, Omar Monestier e il direttore del Gran Hotel Miramonti Majestic Carlo Pomar\u00e8<\/p>","protected":false},"excerpt":{"rendered":"<p>I grandi marchi come quello di Franz Senfter, \u201cil re dei salumi\u201d, con un fatturato di oltre 600 milioni di euro l&#8217;anno, ma anche l&#8217;iniziativa di Lorenzo De Candido, l&#8217;uomo che tra Santo Stefano di Cadore e Danta vive con le api. Sono due delle 45 storie raccolte da Stefano Vietina, autore del libro \u201cStorie [&hellip;]<\/p>\n","protected":false},"author":2,"featured_media":0,"comment_status":"closed","ping_status":"open","sticky":false,"template":"","format":"standard","meta":{"footnotes":""},"categories":[3,25],"tags":[],"class_list":["post-34778","post","type-post","status-publish","format-standard","category-arte-cultura-spettacoli-scienza-archivi","category-pausa-caffe"],"yoast_head":"<!-- This site is optimized with the Yoast SEO plugin v28.4 - https:\/\/yoast.com\/product\/yoast-seo-wordpress\/ -->\n<title>Il Futuro della montagna. Vietina: &quot;una convention di cervelli per fare impresa&quot;. Reolon: &quot;incassare anche i canoni idrici delle derivazioni principali&quot;. Pachner: &quot;sgravi fiscali&quot;. Monestier: &quot;farsi pagare di pi\u00f9 l&#039;acqua potabile dalla pianura&quot;  - Bellunopress - Dolomiti<\/title>\n<meta name=\"robots\" content=\"index, follow, max-snippet:-1, max-image-preview:large, max-video-preview:-1\" \/>\n<link rel=\"canonical\" href=\"https:\/\/www.bellunopress.it\/fr\/2012\/02\/05\/34778\/\" \/>\n<meta property=\"og:locale\" content=\"fr_FR\" \/>\n<meta property=\"og:type\" content=\"article\" \/>\n<meta property=\"og:title\" content=\"Il Futuro della montagna. Vietina: &quot;una convention di cervelli per fare impresa&quot;. Reolon: &quot;incassare anche i canoni idrici delle derivazioni principali&quot;. Pachner: &quot;sgravi fiscali&quot;. Monestier: &quot;farsi pagare di pi\u00f9 l&#039;acqua potabile dalla pianura&quot;  - Bellunopress - Dolomiti\" \/>\n<meta property=\"og:description\" content=\"I grandi marchi come quello di Franz Senfter, \u201cil re dei salumi\u201d, con un fatturato di oltre 600 milioni di euro l&#8217;anno, ma anche l&#8217;iniziativa di Lorenzo De Candido, l&#8217;uomo che tra Santo Stefano di Cadore e Danta vive con le api. Sono due delle 45 storie raccolte da Stefano Vietina, autore del libro \u201cStorie [&hellip;]\" \/>\n<meta property=\"og:url\" content=\"https:\/\/www.bellunopress.it\/fr\/2012\/02\/05\/34778\/\" \/>\n<meta property=\"og:site_name\" content=\"Bellunopress - Dolomiti\" \/>\n<meta property=\"article:publisher\" content=\"https:\/\/www.facebook.com\/profile.php?id=100008943462799\" \/>\n<meta property=\"article:published_time\" content=\"2012-02-05T12:53:26+00:00\" \/>\n<meta property=\"article:modified_time\" content=\"2012-02-05T13:00:02+00:00\" \/>\n<meta property=\"og:image\" content=\"http:\/\/www.bellunopress.it\/wp-content\/uploads\/2012\/02\/andrea-franceschi-rosanna-raffaelli-ghedina-stefano-vietina-omar-monestier-carlo-pomar\u00e8.jpg\" \/>\n<meta name=\"author\" content=\"redazione\" \/>\n<meta name=\"twitter:card\" content=\"summary_large_image\" \/>\n<meta name=\"twitter:creator\" content=\"@bellunopress\" \/>\n<meta name=\"twitter:site\" content=\"@bellunopress\" \/>\n<meta name=\"twitter:label1\" content=\"\u00c9crit par\" \/>\n\t<meta name=\"twitter:data1\" content=\"redazione\" \/>\n\t<meta name=\"twitter:label2\" content=\"Dur\u00e9e de lecture estim\u00e9e\" \/>\n\t<meta name=\"twitter:data2\" content=\"2 minutes\" \/>\n<script type=\"application\/ld+json\" class=\"yoast-schema-graph\">{\"@context\":\"https:\\\/\\\/schema.org\",\"@graph\":[{\"@type\":\"Article\",\"@id\":\"https:\\\/\\\/www.bellunopress.it\\\/2012\\\/02\\\/05\\\/34778\\\/#article\",\"isPartOf\":{\"@id\":\"https:\\\/\\\/www.bellunopress.it\\\/2012\\\/02\\\/05\\\/34778\\\/\"},\"author\":{\"name\":\"redazione\",\"@id\":\"https:\\\/\\\/www.bellunopress.it\\\/#\\\/schema\\\/person\\\/79bb06722b37ece1c03d3e94beb30d73\"},\"headline\":\"Il Futuro della montagna. Vietina: &#8220;una convention di cervelli per fare impresa&#8221;. Reolon: &#8220;incassare anche i canoni idrici delle derivazioni principali&#8221;. Pachner: &#8220;sgravi fiscali&#8221;. Monestier: &#8220;farsi pagare di pi\u00f9 l&#8217;acqua potabile dalla pianura&#8221;\",\"datePublished\":\"2012-02-05T12:53:26+00:00\",\"dateModified\":\"2012-02-05T13:00:02+00:00\",\"mainEntityOfPage\":{\"@id\":\"https:\\\/\\\/www.bellunopress.it\\\/2012\\\/02\\\/05\\\/34778\\\/\"},\"wordCount\":486,\"publisher\":{\"@id\":\"https:\\\/\\\/www.bellunopress.it\\\/#organization\"},\"articleSection\":[\"Arte, Cultura, Spettacoli, Scienza\",\"Pausa Caff\u00e8\"],\"inLanguage\":\"fr-FR\"},{\"@type\":\"WebPage\",\"@id\":\"https:\\\/\\\/www.bellunopress.it\\\/2012\\\/02\\\/05\\\/34778\\\/\",\"url\":\"https:\\\/\\\/www.bellunopress.it\\\/2012\\\/02\\\/05\\\/34778\\\/\",\"name\":\"Il Futuro della montagna. Vietina: \\\"una convention di cervelli per fare impresa\\\". Reolon: \\\"incassare anche i canoni idrici delle derivazioni principali\\\". Pachner: \\\"sgravi fiscali\\\". Monestier: \\\"farsi pagare di pi\u00f9 l'acqua potabile dalla pianura\\\" - Bellunopress - Dolomiti\",\"isPartOf\":{\"@id\":\"https:\\\/\\\/www.bellunopress.it\\\/#website\"},\"datePublished\":\"2012-02-05T12:53:26+00:00\",\"dateModified\":\"2012-02-05T13:00:02+00:00\",\"breadcrumb\":{\"@id\":\"https:\\\/\\\/www.bellunopress.it\\\/2012\\\/02\\\/05\\\/34778\\\/#breadcrumb\"},\"inLanguage\":\"fr-FR\",\"potentialAction\":[{\"@type\":\"ReadAction\",\"target\":[\"https:\\\/\\\/www.bellunopress.it\\\/2012\\\/02\\\/05\\\/34778\\\/\"]}]},{\"@type\":\"BreadcrumbList\",\"@id\":\"https:\\\/\\\/www.bellunopress.it\\\/2012\\\/02\\\/05\\\/34778\\\/#breadcrumb\",\"itemListElement\":[{\"@type\":\"ListItem\",\"position\":1,\"name\":\"Home\",\"item\":\"https:\\\/\\\/www.bellunopress.it\\\/\"},{\"@type\":\"ListItem\",\"position\":2,\"name\":\"Il Futuro della montagna. Vietina: &#8220;una convention di cervelli per fare impresa&#8221;. Reolon: &#8220;incassare anche i canoni idrici delle derivazioni principali&#8221;. Pachner: &#8220;sgravi fiscali&#8221;. Monestier: &#8220;farsi pagare di pi\u00f9 l&#8217;acqua potabile dalla pianura&#8221;\"}]},{\"@type\":\"WebSite\",\"@id\":\"https:\\\/\\\/www.bellunopress.it\\\/#website\",\"url\":\"https:\\\/\\\/www.bellunopress.it\\\/\",\"name\":\"Bellunopress - Dolomiti\",\"description\":\"e-mail: redazione@bellunopress.it\",\"publisher\":{\"@id\":\"https:\\\/\\\/www.bellunopress.it\\\/#organization\"},\"potentialAction\":[{\"@type\":\"SearchAction\",\"target\":{\"@type\":\"EntryPoint\",\"urlTemplate\":\"https:\\\/\\\/www.bellunopress.it\\\/?s={search_term_string}\"},\"query-input\":{\"@type\":\"PropertyValueSpecification\",\"valueRequired\":true,\"valueName\":\"search_term_string\"}}],\"inLanguage\":\"fr-FR\"},{\"@type\":\"Organization\",\"@id\":\"https:\\\/\\\/www.bellunopress.it\\\/#organization\",\"name\":\"Bellunopress\",\"url\":\"https:\\\/\\\/www.bellunopress.it\\\/\",\"logo\":{\"@type\":\"ImageObject\",\"inLanguage\":\"fr-FR\",\"@id\":\"https:\\\/\\\/www.bellunopress.it\\\/#\\\/schema\\\/logo\\\/image\\\/\",\"url\":\"https:\\\/\\\/www.bellunopress.it\\\/wp-content\\\/uploads\\\/2011\\\/05\\\/cropped-logo-bellunopress-.jpg\",\"contentUrl\":\"https:\\\/\\\/www.bellunopress.it\\\/wp-content\\\/uploads\\\/2011\\\/05\\\/cropped-logo-bellunopress-.jpg\",\"width\":512,\"height\":512,\"caption\":\"Bellunopress\"},\"image\":{\"@id\":\"https:\\\/\\\/www.bellunopress.it\\\/#\\\/schema\\\/logo\\\/image\\\/\"},\"sameAs\":[\"https:\\\/\\\/www.facebook.com\\\/profile.php?id=100008943462799\",\"https:\\\/\\\/x.com\\\/bellunopress\",\"https:\\\/\\\/www.linkedin.com\\\/hp\\\/?dnr=JBzUWaJfMUw8vbXJJ2tVW5-I3jZKvC4wsoxE&amp;amp;amp;amp;amp;amp;trk=nav_responsive_tab_home\",\"https:\\\/\\\/www.youtube.com\\\/channel\\\/UCxL0wu1uN0_3_7hGG0306cw\"]},{\"@type\":\"Person\",\"@id\":\"https:\\\/\\\/www.bellunopress.it\\\/#\\\/schema\\\/person\\\/79bb06722b37ece1c03d3e94beb30d73\",\"name\":\"redazione\",\"image\":{\"@type\":\"ImageObject\",\"inLanguage\":\"fr-FR\",\"@id\":\"https:\\\/\\\/secure.gravatar.com\\\/avatar\\\/37d968a2e67a6fd04c169c4bdef102d0bc5d31b2546345219e348575eb80e9a0?s=96&d=mm&r=g\",\"url\":\"https:\\\/\\\/secure.gravatar.com\\\/avatar\\\/37d968a2e67a6fd04c169c4bdef102d0bc5d31b2546345219e348575eb80e9a0?s=96&d=mm&r=g\",\"contentUrl\":\"https:\\\/\\\/secure.gravatar.com\\\/avatar\\\/37d968a2e67a6fd04c169c4bdef102d0bc5d31b2546345219e348575eb80e9a0?s=96&d=mm&r=g\",\"caption\":\"redazione\"},\"sameAs\":[\"http:\\\/\\\/www.bellunopress.it\",\"https:\\\/\\\/x.com\\\/bellunopress\"],\"url\":\"https:\\\/\\\/www.bellunopress.it\\\/fr\\\/author\\\/redazione\\\/\"}]}<\/script>\n<!-- \/ Yoast SEO plugin. -->","yoast_head_json":{"title":"Il Futuro della montagna. Vietina: \"una convention di cervelli per fare impresa\". Reolon: \"incassare anche i canoni idrici delle derivazioni principali\". Pachner: \"sgravi fiscali\". Monestier: \"farsi pagare di pi\u00f9 l'acqua potabile dalla pianura\"  - Bellunopress - Dolomiti","robots":{"index":"index","follow":"follow","max-snippet":"max-snippet:-1","max-image-preview":"max-image-preview:large","max-video-preview":"max-video-preview:-1"},"canonical":"https:\/\/www.bellunopress.it\/fr\/2012\/02\/05\/34778\/","og_locale":"fr_FR","og_type":"article","og_title":"Il Futuro della montagna. Vietina: \"una convention di cervelli per fare impresa\". Reolon: \"incassare anche i canoni idrici delle derivazioni principali\". Pachner: \"sgravi fiscali\". Monestier: \"farsi pagare di pi\u00f9 l'acqua potabile dalla pianura\"  - Bellunopress - Dolomiti","og_description":"I grandi marchi come quello di Franz Senfter, \u201cil re dei salumi\u201d, con un fatturato di oltre 600 milioni di euro l&#8217;anno, ma anche l&#8217;iniziativa di Lorenzo De Candido, l&#8217;uomo che tra Santo Stefano di Cadore e Danta vive con le api. Sono due delle 45 storie raccolte da Stefano Vietina, autore del libro \u201cStorie [&hellip;]","og_url":"https:\/\/www.bellunopress.it\/fr\/2012\/02\/05\/34778\/","og_site_name":"Bellunopress - Dolomiti","article_publisher":"https:\/\/www.facebook.com\/profile.php?id=100008943462799","article_published_time":"2012-02-05T12:53:26+00:00","article_modified_time":"2012-02-05T13:00:02+00:00","og_image":[{"url":"http:\/\/www.bellunopress.it\/wp-content\/uploads\/2012\/02\/andrea-franceschi-rosanna-raffaelli-ghedina-stefano-vietina-omar-monestier-carlo-pomar\u00e8.jpg","type":"","width":"","height":""}],"author":"redazione","twitter_card":"summary_large_image","twitter_creator":"@bellunopress","twitter_site":"@bellunopress","twitter_misc":{"\u00c9crit par":"redazione","Dur\u00e9e de lecture estim\u00e9e":"2 minutes"},"schema":{"@context":"https:\/\/schema.org","@graph":[{"@type":"Article","@id":"https:\/\/www.bellunopress.it\/2012\/02\/05\/34778\/#article","isPartOf":{"@id":"https:\/\/www.bellunopress.it\/2012\/02\/05\/34778\/"},"author":{"name":"redazione","@id":"https:\/\/www.bellunopress.it\/#\/schema\/person\/79bb06722b37ece1c03d3e94beb30d73"},"headline":"Il Futuro della montagna. Vietina: &#8220;una convention di cervelli per fare impresa&#8221;. Reolon: &#8220;incassare anche i canoni idrici delle derivazioni principali&#8221;. Pachner: &#8220;sgravi fiscali&#8221;. Monestier: &#8220;farsi pagare di pi\u00f9 l&#8217;acqua potabile dalla pianura&#8221;","datePublished":"2012-02-05T12:53:26+00:00","dateModified":"2012-02-05T13:00:02+00:00","mainEntityOfPage":{"@id":"https:\/\/www.bellunopress.it\/2012\/02\/05\/34778\/"},"wordCount":486,"publisher":{"@id":"https:\/\/www.bellunopress.it\/#organization"},"articleSection":["Arte, Cultura, Spettacoli, Scienza","Pausa Caff\u00e8"],"inLanguage":"fr-FR"},{"@type":"WebPage","@id":"https:\/\/www.bellunopress.it\/2012\/02\/05\/34778\/","url":"https:\/\/www.bellunopress.it\/2012\/02\/05\/34778\/","name":"Il Futuro della montagna. Vietina: \"una convention di cervelli per fare impresa\". Reolon: \"incassare anche i canoni idrici delle derivazioni principali\". Pachner: \"sgravi fiscali\". Monestier: \"farsi pagare di pi\u00f9 l'acqua potabile dalla pianura\" - Bellunopress - Dolomiti","isPartOf":{"@id":"https:\/\/www.bellunopress.it\/#website"},"datePublished":"2012-02-05T12:53:26+00:00","dateModified":"2012-02-05T13:00:02+00:00","breadcrumb":{"@id":"https:\/\/www.bellunopress.it\/2012\/02\/05\/34778\/#breadcrumb"},"inLanguage":"fr-FR","potentialAction":[{"@type":"ReadAction","target":["https:\/\/www.bellunopress.it\/2012\/02\/05\/34778\/"]}]},{"@type":"BreadcrumbList","@id":"https:\/\/www.bellunopress.it\/2012\/02\/05\/34778\/#breadcrumb","itemListElement":[{"@type":"ListItem","position":1,"name":"Home","item":"https:\/\/www.bellunopress.it\/"},{"@type":"ListItem","position":2,"name":"Il Futuro della montagna. Vietina: &#8220;una convention di cervelli per fare impresa&#8221;. Reolon: &#8220;incassare anche i canoni idrici delle derivazioni principali&#8221;. Pachner: &#8220;sgravi fiscali&#8221;. Monestier: &#8220;farsi pagare di pi\u00f9 l&#8217;acqua potabile dalla pianura&#8221;"}]},{"@type":"WebSite","@id":"https:\/\/www.bellunopress.it\/#website","url":"https:\/\/www.bellunopress.it\/","name":"Bellunopress - Dolomiti","description":"e-mail: redazione@bellunopress.it","publisher":{"@id":"https:\/\/www.bellunopress.it\/#organization"},"potentialAction":[{"@type":"SearchAction","target":{"@type":"EntryPoint","urlTemplate":"https:\/\/www.bellunopress.it\/?s={search_term_string}"},"query-input":{"@type":"PropertyValueSpecification","valueRequired":true,"valueName":"search_term_string"}}],"inLanguage":"fr-FR"},{"@type":"Organization","@id":"https:\/\/www.bellunopress.it\/#organization","name":"Bellunopress","url":"https:\/\/www.bellunopress.it\/","logo":{"@type":"ImageObject","inLanguage":"fr-FR","@id":"https:\/\/www.bellunopress.it\/#\/schema\/logo\/image\/","url":"https:\/\/www.bellunopress.it\/wp-content\/uploads\/2011\/05\/cropped-logo-bellunopress-.jpg","contentUrl":"https:\/\/www.bellunopress.it\/wp-content\/uploads\/2011\/05\/cropped-logo-bellunopress-.jpg","width":512,"height":512,"caption":"Bellunopress"},"image":{"@id":"https:\/\/www.bellunopress.it\/#\/schema\/logo\/image\/"},"sameAs":["https:\/\/www.facebook.com\/profile.php?id=100008943462799","https:\/\/x.com\/bellunopress","https:\/\/www.linkedin.com\/hp\/?dnr=JBzUWaJfMUw8vbXJJ2tVW5-I3jZKvC4wsoxE&amp;amp;amp;amp;amp;amp;trk=nav_responsive_tab_home","https:\/\/www.youtube.com\/channel\/UCxL0wu1uN0_3_7hGG0306cw"]},{"@type":"Person","@id":"https:\/\/www.bellunopress.it\/#\/schema\/person\/79bb06722b37ece1c03d3e94beb30d73","name":"r\u00e9daction","image":{"@type":"ImageObject","inLanguage":"fr-FR","@id":"https:\/\/secure.gravatar.com\/avatar\/37d968a2e67a6fd04c169c4bdef102d0bc5d31b2546345219e348575eb80e9a0?s=96&d=mm&r=g","url":"https:\/\/secure.gravatar.com\/avatar\/37d968a2e67a6fd04c169c4bdef102d0bc5d31b2546345219e348575eb80e9a0?s=96&d=mm&r=g","contentUrl":"https:\/\/secure.gravatar.com\/avatar\/37d968a2e67a6fd04c169c4bdef102d0bc5d31b2546345219e348575eb80e9a0?s=96&d=mm&r=g","caption":"redazione"},"sameAs":["http:\/\/www.bellunopress.it","https:\/\/x.com\/bellunopress"],"url":"https:\/\/www.bellunopress.it\/fr\/author\/redazione\/"}]}},"_links":{"self":[{"href":"https:\/\/www.bellunopress.it\/fr\/wp-json\/wp\/v2\/posts\/34778","targetHints":{"allow":["GET"]}}],"collection":[{"href":"https:\/\/www.bellunopress.it\/fr\/wp-json\/wp\/v2\/posts"}],"about":[{"href":"https:\/\/www.bellunopress.it\/fr\/wp-json\/wp\/v2\/types\/post"}],"author":[{"embeddable":true,"href":"https:\/\/www.bellunopress.it\/fr\/wp-json\/wp\/v2\/users\/2"}],"replies":[{"embeddable":true,"href":"https:\/\/www.bellunopress.it\/fr\/wp-json\/wp\/v2\/comments?post=34778"}],"version-history":[{"count":3,"href":"https:\/\/www.bellunopress.it\/fr\/wp-json\/wp\/v2\/posts\/34778\/revisions"}],"predecessor-version":[{"id":34781,"href":"https:\/\/www.bellunopress.it\/fr\/wp-json\/wp\/v2\/posts\/34778\/revisions\/34781"}],"wp:attachment":[{"href":"https:\/\/www.bellunopress.it\/fr\/wp-json\/wp\/v2\/media?parent=34778"}],"wp:term":[{"taxonomy":"category","embeddable":true,"href":"https:\/\/www.bellunopress.it\/fr\/wp-json\/wp\/v2\/categories?post=34778"},{"taxonomy":"post_tag","embeddable":true,"href":"https:\/\/www.bellunopress.it\/fr\/wp-json\/wp\/v2\/tags?post=34778"}],"curies":[{"name":"wp","href":"https:\/\/api.w.org\/{rel}","templated":true}]}}