{"id":34775,"date":"2012-02-05T13:45:15","date_gmt":"2012-02-05T12:45:15","guid":{"rendered":"http:\/\/www.bellunopress.it\/?p=34775"},"modified":"2012-02-05T13:45:15","modified_gmt":"2012-02-05T12:45:15","slug":"rapina-al-supermercato-crai-vignato-di-nogare-gia-identificato-e-incarcerato-il-rapinatore-24enne-bellunese","status":"publish","type":"post","link":"https:\/\/www.bellunopress.it\/fr\/2012\/02\/05\/rapina-al-supermercato-crai-vignato-di-nogare-gia-identificato-e-incarcerato-il-rapinatore-24enne-bellunese\/","title":{"rendered":"Rapina al supermercato Crai Vignato di Nogar\u00e8. Gi\u00e0 identificato e incarcerato il rapinatore 24enne bellunese"},"content":{"rendered":"<p><a href=\"http:\/\/www.bellunopress.it\/wp-content\/uploads\/2011\/05\/polizia-150x100.jpg\"><img loading=\"lazy\" decoding=\"async\" class=\"alignleft size-full wp-image-26203\" title=\"polizia 150x100\" src=\"http:\/\/www.bellunopress.it\/wp-content\/uploads\/2011\/05\/polizia-150x100.jpg\" alt=\"\" width=\"150\" height=\"100\" \/><\/a>Alle 19,20 di ieri sera (sabato 4 febbraio)\u00a0gli agenti della Polizia di Stato sono intervenuti a seguito di segnalazione al \u201c113\u201d per una rapina al supermercato Crai Vignato di via Ten.Col Carlo Calbo a Nogar\u00e8. Giunti sul posto, gli agenti apprendevano che poco prima la cassiera, mentre si accingeva a chiudere il negozio, veniva avvicinata da un uomo che si faceva consegnare l&#8217;incasso di circa mille euro minacciandola probabilmente con un coltello. Il personale di polizia intervenuto acquisiva quindi precise informazioni che, dopo un\u2019attenta e meticolosa attivit\u00e0 investigativa ed in brevissimo tempo, consentiva l\u2019identificazione dell\u2019autore dell\u2019evento criminoso in S.B. 24 anni bellunese. Successivamente, il personale della locale Squadra Mobile di concerto con quello dell\u2019U.P.G.S.P., procedevano alla perquisizione domiciliare presso l\u2019abitazione del 24enne rinvenendo la somma asportata.E pertanto l&#8217;uomo veniva tratto in arresto ed associato alla locale casa Circondariale a disposizione della competente Autorit\u00e0 giudiziaria.<\/p>","protected":false},"excerpt":{"rendered":"<p>Alle 19,20 di ieri sera (sabato 4 febbraio)\u00a0gli agenti della Polizia di Stato sono intervenuti a seguito di segnalazione al \u201c113\u201d per una rapina al supermercato Crai Vignato di via Ten.Col Carlo Calbo a Nogar\u00e8. Giunti sul posto, gli agenti apprendevano che poco prima la cassiera, mentre si accingeva a chiudere il negozio, veniva avvicinata [&hellip;]<\/p>\n","protected":false},"author":2,"featured_media":0,"comment_status":"closed","ping_status":"open","sticky":false,"template":"","format":"standard","meta":{"footnotes":""},"categories":[5,26],"tags":[],"class_list":["post-34775","post","type-post","status-publish","format-standard","category-cronaca","category-prima-pagina"],"yoast_head":"<!-- This site is optimized with the Yoast SEO plugin v28.4 - https:\/\/yoast.com\/product\/yoast-seo-wordpress\/ -->\n<title>Rapina al supermercato Crai Vignato di Nogar\u00e8. Gi\u00e0 identificato e incarcerato il rapinatore 24enne bellunese - Bellunopress - Dolomiti<\/title>\n<meta name=\"robots\" content=\"index, follow, max-snippet:-1, max-image-preview:large, max-video-preview:-1\" \/>\n<link rel=\"canonical\" href=\"https:\/\/www.bellunopress.it\/fr\/2012\/02\/05\/rapina-al-supermercato-crai-vignato-di-nogare-gia-identificato-e-incarcerato-il-rapinatore-24enne-bellunese\/\" \/>\n<meta property=\"og:locale\" content=\"fr_FR\" \/>\n<meta property=\"og:type\" content=\"article\" \/>\n<meta property=\"og:title\" content=\"Rapina al supermercato Crai Vignato di Nogar\u00e8. Gi\u00e0 identificato e incarcerato il rapinatore 24enne bellunese - Bellunopress - Dolomiti\" \/>\n<meta property=\"og:description\" content=\"Alle 19,20 di ieri sera (sabato 4 febbraio)\u00a0gli agenti della Polizia di Stato sono intervenuti a seguito di segnalazione al \u201c113\u201d per una rapina al supermercato Crai Vignato di via Ten.Col Carlo Calbo a Nogar\u00e8. Giunti sul posto, gli agenti apprendevano che poco prima la cassiera, mentre si accingeva a chiudere il negozio, veniva avvicinata [&hellip;]\" \/>\n<meta property=\"og:url\" content=\"https:\/\/www.bellunopress.it\/fr\/2012\/02\/05\/rapina-al-supermercato-crai-vignato-di-nogare-gia-identificato-e-incarcerato-il-rapinatore-24enne-bellunese\/\" \/>\n<meta property=\"og:site_name\" content=\"Bellunopress - Dolomiti\" \/>\n<meta property=\"article:publisher\" content=\"https:\/\/www.facebook.com\/profile.php?id=100008943462799\" \/>\n<meta property=\"article:published_time\" content=\"2012-02-05T12:45:15+00:00\" \/>\n<meta property=\"og:image\" content=\"http:\/\/www.bellunopress.it\/wp-content\/uploads\/2011\/05\/polizia-150x100.jpg\" \/>\n<meta name=\"author\" content=\"redazione\" \/>\n<meta name=\"twitter:card\" content=\"summary_large_image\" \/>\n<meta name=\"twitter:creator\" content=\"@bellunopress\" \/>\n<meta name=\"twitter:site\" content=\"@bellunopress\" \/>\n<meta name=\"twitter:label1\" content=\"\u00c9crit par\" \/>\n\t<meta name=\"twitter:data1\" content=\"redazione\" \/>\n\t<meta name=\"twitter:label2\" content=\"Dur\u00e9e de lecture estim\u00e9e\" \/>\n\t<meta name=\"twitter:data2\" content=\"1 minute\" \/>\n<script type=\"application\/ld+json\" class=\"yoast-schema-graph\">{\"@context\":\"https:\\\/\\\/schema.org\",\"@graph\":[{\"@type\":\"Article\",\"@id\":\"https:\\\/\\\/www.bellunopress.it\\\/2012\\\/02\\\/05\\\/rapina-al-supermercato-crai-vignato-di-nogare-gia-identificato-e-incarcerato-il-rapinatore-24enne-bellunese\\\/#article\",\"isPartOf\":{\"@id\":\"https:\\\/\\\/www.bellunopress.it\\\/2012\\\/02\\\/05\\\/rapina-al-supermercato-crai-vignato-di-nogare-gia-identificato-e-incarcerato-il-rapinatore-24enne-bellunese\\\/\"},\"author\":{\"name\":\"redazione\",\"@id\":\"https:\\\/\\\/www.bellunopress.it\\\/#\\\/schema\\\/person\\\/79bb06722b37ece1c03d3e94beb30d73\"},\"headline\":\"Rapina al supermercato Crai Vignato di Nogar\u00e8. Gi\u00e0 identificato e incarcerato il rapinatore 24enne bellunese\",\"datePublished\":\"2012-02-05T12:45:15+00:00\",\"mainEntityOfPage\":{\"@id\":\"https:\\\/\\\/www.bellunopress.it\\\/2012\\\/02\\\/05\\\/rapina-al-supermercato-crai-vignato-di-nogare-gia-identificato-e-incarcerato-il-rapinatore-24enne-bellunese\\\/\"},\"wordCount\":171,\"publisher\":{\"@id\":\"https:\\\/\\\/www.bellunopress.it\\\/#organization\"},\"image\":{\"@id\":\"https:\\\/\\\/www.bellunopress.it\\\/2012\\\/02\\\/05\\\/rapina-al-supermercato-crai-vignato-di-nogare-gia-identificato-e-incarcerato-il-rapinatore-24enne-bellunese\\\/#primaryimage\"},\"thumbnailUrl\":\"http:\\\/\\\/www.bellunopress.it\\\/wp-content\\\/uploads\\\/2011\\\/05\\\/polizia-150x100.jpg\",\"articleSection\":[\"Cronaca\\\/Politica\",\"Prima Pagina\"],\"inLanguage\":\"fr-FR\"},{\"@type\":\"WebPage\",\"@id\":\"https:\\\/\\\/www.bellunopress.it\\\/2012\\\/02\\\/05\\\/rapina-al-supermercato-crai-vignato-di-nogare-gia-identificato-e-incarcerato-il-rapinatore-24enne-bellunese\\\/\",\"url\":\"https:\\\/\\\/www.bellunopress.it\\\/2012\\\/02\\\/05\\\/rapina-al-supermercato-crai-vignato-di-nogare-gia-identificato-e-incarcerato-il-rapinatore-24enne-bellunese\\\/\",\"name\":\"Rapina al supermercato Crai Vignato di Nogar\u00e8. Gi\u00e0 identificato e incarcerato il rapinatore 24enne bellunese - Bellunopress - Dolomiti\",\"isPartOf\":{\"@id\":\"https:\\\/\\\/www.bellunopress.it\\\/#website\"},\"primaryImageOfPage\":{\"@id\":\"https:\\\/\\\/www.bellunopress.it\\\/2012\\\/02\\\/05\\\/rapina-al-supermercato-crai-vignato-di-nogare-gia-identificato-e-incarcerato-il-rapinatore-24enne-bellunese\\\/#primaryimage\"},\"image\":{\"@id\":\"https:\\\/\\\/www.bellunopress.it\\\/2012\\\/02\\\/05\\\/rapina-al-supermercato-crai-vignato-di-nogare-gia-identificato-e-incarcerato-il-rapinatore-24enne-bellunese\\\/#primaryimage\"},\"thumbnailUrl\":\"http:\\\/\\\/www.bellunopress.it\\\/wp-content\\\/uploads\\\/2011\\\/05\\\/polizia-150x100.jpg\",\"datePublished\":\"2012-02-05T12:45:15+00:00\",\"breadcrumb\":{\"@id\":\"https:\\\/\\\/www.bellunopress.it\\\/2012\\\/02\\\/05\\\/rapina-al-supermercato-crai-vignato-di-nogare-gia-identificato-e-incarcerato-il-rapinatore-24enne-bellunese\\\/#breadcrumb\"},\"inLanguage\":\"fr-FR\",\"potentialAction\":[{\"@type\":\"ReadAction\",\"target\":[\"https:\\\/\\\/www.bellunopress.it\\\/2012\\\/02\\\/05\\\/rapina-al-supermercato-crai-vignato-di-nogare-gia-identificato-e-incarcerato-il-rapinatore-24enne-bellunese\\\/\"]}]},{\"@type\":\"ImageObject\",\"inLanguage\":\"fr-FR\",\"@id\":\"https:\\\/\\\/www.bellunopress.it\\\/2012\\\/02\\\/05\\\/rapina-al-supermercato-crai-vignato-di-nogare-gia-identificato-e-incarcerato-il-rapinatore-24enne-bellunese\\\/#primaryimage\",\"url\":\"http:\\\/\\\/www.bellunopress.it\\\/wp-content\\\/uploads\\\/2011\\\/05\\\/polizia-150x100.jpg\",\"contentUrl\":\"http:\\\/\\\/www.bellunopress.it\\\/wp-content\\\/uploads\\\/2011\\\/05\\\/polizia-150x100.jpg\"},{\"@type\":\"BreadcrumbList\",\"@id\":\"https:\\\/\\\/www.bellunopress.it\\\/2012\\\/02\\\/05\\\/rapina-al-supermercato-crai-vignato-di-nogare-gia-identificato-e-incarcerato-il-rapinatore-24enne-bellunese\\\/#breadcrumb\",\"itemListElement\":[{\"@type\":\"ListItem\",\"position\":1,\"name\":\"Home\",\"item\":\"https:\\\/\\\/www.bellunopress.it\\\/\"},{\"@type\":\"ListItem\",\"position\":2,\"name\":\"Rapina al supermercato Crai Vignato di Nogar\u00e8. Gi\u00e0 identificato e incarcerato il rapinatore 24enne bellunese\"}]},{\"@type\":\"WebSite\",\"@id\":\"https:\\\/\\\/www.bellunopress.it\\\/#website\",\"url\":\"https:\\\/\\\/www.bellunopress.it\\\/\",\"name\":\"Bellunopress - Dolomiti\",\"description\":\"e-mail: redazione@bellunopress.it\",\"publisher\":{\"@id\":\"https:\\\/\\\/www.bellunopress.it\\\/#organization\"},\"potentialAction\":[{\"@type\":\"SearchAction\",\"target\":{\"@type\":\"EntryPoint\",\"urlTemplate\":\"https:\\\/\\\/www.bellunopress.it\\\/?s={search_term_string}\"},\"query-input\":{\"@type\":\"PropertyValueSpecification\",\"valueRequired\":true,\"valueName\":\"search_term_string\"}}],\"inLanguage\":\"fr-FR\"},{\"@type\":\"Organization\",\"@id\":\"https:\\\/\\\/www.bellunopress.it\\\/#organization\",\"name\":\"Bellunopress\",\"url\":\"https:\\\/\\\/www.bellunopress.it\\\/\",\"logo\":{\"@type\":\"ImageObject\",\"inLanguage\":\"fr-FR\",\"@id\":\"https:\\\/\\\/www.bellunopress.it\\\/#\\\/schema\\\/logo\\\/image\\\/\",\"url\":\"https:\\\/\\\/www.bellunopress.it\\\/wp-content\\\/uploads\\\/2011\\\/05\\\/cropped-logo-bellunopress-.jpg\",\"contentUrl\":\"https:\\\/\\\/www.bellunopress.it\\\/wp-content\\\/uploads\\\/2011\\\/05\\\/cropped-logo-bellunopress-.jpg\",\"width\":512,\"height\":512,\"caption\":\"Bellunopress\"},\"image\":{\"@id\":\"https:\\\/\\\/www.bellunopress.it\\\/#\\\/schema\\\/logo\\\/image\\\/\"},\"sameAs\":[\"https:\\\/\\\/www.facebook.com\\\/profile.php?id=100008943462799\",\"https:\\\/\\\/x.com\\\/bellunopress\",\"https:\\\/\\\/www.linkedin.com\\\/hp\\\/?dnr=JBzUWaJfMUw8vbXJJ2tVW5-I3jZKvC4wsoxE&amp;amp;amp;amp;amp;amp;trk=nav_responsive_tab_home\",\"https:\\\/\\\/www.youtube.com\\\/channel\\\/UCxL0wu1uN0_3_7hGG0306cw\"]},{\"@type\":\"Person\",\"@id\":\"https:\\\/\\\/www.bellunopress.it\\\/#\\\/schema\\\/person\\\/79bb06722b37ece1c03d3e94beb30d73\",\"name\":\"redazione\",\"image\":{\"@type\":\"ImageObject\",\"inLanguage\":\"fr-FR\",\"@id\":\"https:\\\/\\\/secure.gravatar.com\\\/avatar\\\/37d968a2e67a6fd04c169c4bdef102d0bc5d31b2546345219e348575eb80e9a0?s=96&d=mm&r=g\",\"url\":\"https:\\\/\\\/secure.gravatar.com\\\/avatar\\\/37d968a2e67a6fd04c169c4bdef102d0bc5d31b2546345219e348575eb80e9a0?s=96&d=mm&r=g\",\"contentUrl\":\"https:\\\/\\\/secure.gravatar.com\\\/avatar\\\/37d968a2e67a6fd04c169c4bdef102d0bc5d31b2546345219e348575eb80e9a0?s=96&d=mm&r=g\",\"caption\":\"redazione\"},\"sameAs\":[\"http:\\\/\\\/www.bellunopress.it\",\"https:\\\/\\\/x.com\\\/bellunopress\"],\"url\":\"https:\\\/\\\/www.bellunopress.it\\\/fr\\\/author\\\/redazione\\\/\"}]}<\/script>\n<!-- \/ Yoast SEO plugin. -->","yoast_head_json":{"title":"Rapina al supermercato Crai Vignato di Nogar\u00e8. Gi\u00e0 identificato e incarcerato il rapinatore 24enne bellunese - Bellunopress - Dolomiti","robots":{"index":"index","follow":"follow","max-snippet":"max-snippet:-1","max-image-preview":"max-image-preview:large","max-video-preview":"max-video-preview:-1"},"canonical":"https:\/\/www.bellunopress.it\/fr\/2012\/02\/05\/rapina-al-supermercato-crai-vignato-di-nogare-gia-identificato-e-incarcerato-il-rapinatore-24enne-bellunese\/","og_locale":"fr_FR","og_type":"article","og_title":"Rapina al supermercato Crai Vignato di Nogar\u00e8. Gi\u00e0 identificato e incarcerato il rapinatore 24enne bellunese - Bellunopress - Dolomiti","og_description":"Alle 19,20 di ieri sera (sabato 4 febbraio)\u00a0gli agenti della Polizia di Stato sono intervenuti a seguito di segnalazione al \u201c113\u201d per una rapina al supermercato Crai Vignato di via Ten.Col Carlo Calbo a Nogar\u00e8. Giunti sul posto, gli agenti apprendevano che poco prima la cassiera, mentre si accingeva a chiudere il negozio, veniva avvicinata [&hellip;]","og_url":"https:\/\/www.bellunopress.it\/fr\/2012\/02\/05\/rapina-al-supermercato-crai-vignato-di-nogare-gia-identificato-e-incarcerato-il-rapinatore-24enne-bellunese\/","og_site_name":"Bellunopress - Dolomiti","article_publisher":"https:\/\/www.facebook.com\/profile.php?id=100008943462799","article_published_time":"2012-02-05T12:45:15+00:00","og_image":[{"url":"http:\/\/www.bellunopress.it\/wp-content\/uploads\/2011\/05\/polizia-150x100.jpg","type":"","width":"","height":""}],"author":"redazione","twitter_card":"summary_large_image","twitter_creator":"@bellunopress","twitter_site":"@bellunopress","twitter_misc":{"\u00c9crit par":"redazione","Dur\u00e9e de lecture estim\u00e9e":"1 minute"},"schema":{"@context":"https:\/\/schema.org","@graph":[{"@type":"Article","@id":"https:\/\/www.bellunopress.it\/2012\/02\/05\/rapina-al-supermercato-crai-vignato-di-nogare-gia-identificato-e-incarcerato-il-rapinatore-24enne-bellunese\/#article","isPartOf":{"@id":"https:\/\/www.bellunopress.it\/2012\/02\/05\/rapina-al-supermercato-crai-vignato-di-nogare-gia-identificato-e-incarcerato-il-rapinatore-24enne-bellunese\/"},"author":{"name":"redazione","@id":"https:\/\/www.bellunopress.it\/#\/schema\/person\/79bb06722b37ece1c03d3e94beb30d73"},"headline":"Rapina al supermercato Crai Vignato di Nogar\u00e8. Gi\u00e0 identificato e incarcerato il rapinatore 24enne bellunese","datePublished":"2012-02-05T12:45:15+00:00","mainEntityOfPage":{"@id":"https:\/\/www.bellunopress.it\/2012\/02\/05\/rapina-al-supermercato-crai-vignato-di-nogare-gia-identificato-e-incarcerato-il-rapinatore-24enne-bellunese\/"},"wordCount":171,"publisher":{"@id":"https:\/\/www.bellunopress.it\/#organization"},"image":{"@id":"https:\/\/www.bellunopress.it\/2012\/02\/05\/rapina-al-supermercato-crai-vignato-di-nogare-gia-identificato-e-incarcerato-il-rapinatore-24enne-bellunese\/#primaryimage"},"thumbnailUrl":"http:\/\/www.bellunopress.it\/wp-content\/uploads\/2011\/05\/polizia-150x100.jpg","articleSection":["Cronaca\/Politica","Prima Pagina"],"inLanguage":"fr-FR"},{"@type":"WebPage","@id":"https:\/\/www.bellunopress.it\/2012\/02\/05\/rapina-al-supermercato-crai-vignato-di-nogare-gia-identificato-e-incarcerato-il-rapinatore-24enne-bellunese\/","url":"https:\/\/www.bellunopress.it\/2012\/02\/05\/rapina-al-supermercato-crai-vignato-di-nogare-gia-identificato-e-incarcerato-il-rapinatore-24enne-bellunese\/","name":"Rapina al supermercato Crai Vignato di Nogar\u00e8. Gi\u00e0 identificato e incarcerato il rapinatore 24enne bellunese - Bellunopress - Dolomiti","isPartOf":{"@id":"https:\/\/www.bellunopress.it\/#website"},"primaryImageOfPage":{"@id":"https:\/\/www.bellunopress.it\/2012\/02\/05\/rapina-al-supermercato-crai-vignato-di-nogare-gia-identificato-e-incarcerato-il-rapinatore-24enne-bellunese\/#primaryimage"},"image":{"@id":"https:\/\/www.bellunopress.it\/2012\/02\/05\/rapina-al-supermercato-crai-vignato-di-nogare-gia-identificato-e-incarcerato-il-rapinatore-24enne-bellunese\/#primaryimage"},"thumbnailUrl":"http:\/\/www.bellunopress.it\/wp-content\/uploads\/2011\/05\/polizia-150x100.jpg","datePublished":"2012-02-05T12:45:15+00:00","breadcrumb":{"@id":"https:\/\/www.bellunopress.it\/2012\/02\/05\/rapina-al-supermercato-crai-vignato-di-nogare-gia-identificato-e-incarcerato-il-rapinatore-24enne-bellunese\/#breadcrumb"},"inLanguage":"fr-FR","potentialAction":[{"@type":"ReadAction","target":["https:\/\/www.bellunopress.it\/2012\/02\/05\/rapina-al-supermercato-crai-vignato-di-nogare-gia-identificato-e-incarcerato-il-rapinatore-24enne-bellunese\/"]}]},{"@type":"ImageObject","inLanguage":"fr-FR","@id":"https:\/\/www.bellunopress.it\/2012\/02\/05\/rapina-al-supermercato-crai-vignato-di-nogare-gia-identificato-e-incarcerato-il-rapinatore-24enne-bellunese\/#primaryimage","url":"http:\/\/www.bellunopress.it\/wp-content\/uploads\/2011\/05\/polizia-150x100.jpg","contentUrl":"http:\/\/www.bellunopress.it\/wp-content\/uploads\/2011\/05\/polizia-150x100.jpg"},{"@type":"BreadcrumbList","@id":"https:\/\/www.bellunopress.it\/2012\/02\/05\/rapina-al-supermercato-crai-vignato-di-nogare-gia-identificato-e-incarcerato-il-rapinatore-24enne-bellunese\/#breadcrumb","itemListElement":[{"@type":"ListItem","position":1,"name":"Home","item":"https:\/\/www.bellunopress.it\/"},{"@type":"ListItem","position":2,"name":"Rapina al supermercato Crai Vignato di Nogar\u00e8. Gi\u00e0 identificato e incarcerato il rapinatore 24enne bellunese"}]},{"@type":"WebSite","@id":"https:\/\/www.bellunopress.it\/#website","url":"https:\/\/www.bellunopress.it\/","name":"Bellunopress - Dolomiti","description":"e-mail: redazione@bellunopress.it","publisher":{"@id":"https:\/\/www.bellunopress.it\/#organization"},"potentialAction":[{"@type":"SearchAction","target":{"@type":"EntryPoint","urlTemplate":"https:\/\/www.bellunopress.it\/?s={search_term_string}"},"query-input":{"@type":"PropertyValueSpecification","valueRequired":true,"valueName":"search_term_string"}}],"inLanguage":"fr-FR"},{"@type":"Organization","@id":"https:\/\/www.bellunopress.it\/#organization","name":"Bellunopress","url":"https:\/\/www.bellunopress.it\/","logo":{"@type":"ImageObject","inLanguage":"fr-FR","@id":"https:\/\/www.bellunopress.it\/#\/schema\/logo\/image\/","url":"https:\/\/www.bellunopress.it\/wp-content\/uploads\/2011\/05\/cropped-logo-bellunopress-.jpg","contentUrl":"https:\/\/www.bellunopress.it\/wp-content\/uploads\/2011\/05\/cropped-logo-bellunopress-.jpg","width":512,"height":512,"caption":"Bellunopress"},"image":{"@id":"https:\/\/www.bellunopress.it\/#\/schema\/logo\/image\/"},"sameAs":["https:\/\/www.facebook.com\/profile.php?id=100008943462799","https:\/\/x.com\/bellunopress","https:\/\/www.linkedin.com\/hp\/?dnr=JBzUWaJfMUw8vbXJJ2tVW5-I3jZKvC4wsoxE&amp;amp;amp;amp;amp;amp;trk=nav_responsive_tab_home","https:\/\/www.youtube.com\/channel\/UCxL0wu1uN0_3_7hGG0306cw"]},{"@type":"Person","@id":"https:\/\/www.bellunopress.it\/#\/schema\/person\/79bb06722b37ece1c03d3e94beb30d73","name":"r\u00e9daction","image":{"@type":"ImageObject","inLanguage":"fr-FR","@id":"https:\/\/secure.gravatar.com\/avatar\/37d968a2e67a6fd04c169c4bdef102d0bc5d31b2546345219e348575eb80e9a0?s=96&d=mm&r=g","url":"https:\/\/secure.gravatar.com\/avatar\/37d968a2e67a6fd04c169c4bdef102d0bc5d31b2546345219e348575eb80e9a0?s=96&d=mm&r=g","contentUrl":"https:\/\/secure.gravatar.com\/avatar\/37d968a2e67a6fd04c169c4bdef102d0bc5d31b2546345219e348575eb80e9a0?s=96&d=mm&r=g","caption":"redazione"},"sameAs":["http:\/\/www.bellunopress.it","https:\/\/x.com\/bellunopress"],"url":"https:\/\/www.bellunopress.it\/fr\/author\/redazione\/"}]}},"_links":{"self":[{"href":"https:\/\/www.bellunopress.it\/fr\/wp-json\/wp\/v2\/posts\/34775","targetHints":{"allow":["GET"]}}],"collection":[{"href":"https:\/\/www.bellunopress.it\/fr\/wp-json\/wp\/v2\/posts"}],"about":[{"href":"https:\/\/www.bellunopress.it\/fr\/wp-json\/wp\/v2\/types\/post"}],"author":[{"embeddable":true,"href":"https:\/\/www.bellunopress.it\/fr\/wp-json\/wp\/v2\/users\/2"}],"replies":[{"embeddable":true,"href":"https:\/\/www.bellunopress.it\/fr\/wp-json\/wp\/v2\/comments?post=34775"}],"version-history":[{"count":1,"href":"https:\/\/www.bellunopress.it\/fr\/wp-json\/wp\/v2\/posts\/34775\/revisions"}],"predecessor-version":[{"id":34776,"href":"https:\/\/www.bellunopress.it\/fr\/wp-json\/wp\/v2\/posts\/34775\/revisions\/34776"}],"wp:attachment":[{"href":"https:\/\/www.bellunopress.it\/fr\/wp-json\/wp\/v2\/media?parent=34775"}],"wp:term":[{"taxonomy":"category","embeddable":true,"href":"https:\/\/www.bellunopress.it\/fr\/wp-json\/wp\/v2\/categories?post=34775"},{"taxonomy":"post_tag","embeddable":true,"href":"https:\/\/www.bellunopress.it\/fr\/wp-json\/wp\/v2\/tags?post=34775"}],"curies":[{"name":"wp","href":"https:\/\/api.w.org\/{rel}","templated":true}]}}