{"id":34771,"date":"2012-02-05T02:01:47","date_gmt":"2012-02-05T01:01:47","guid":{"rendered":"http:\/\/www.bellunopress.it\/?p=34771"},"modified":"2012-02-05T02:01:47","modified_gmt":"2012-02-05T01:01:47","slug":"dobbiaco-cortina-granfondo-a-skating-i-piu-forti-sono-alan-martinelli-e-sara-pellegrini","status":"publish","type":"post","link":"https:\/\/www.bellunopress.it\/fr\/2012\/02\/05\/dobbiaco-cortina-granfondo-a-skating-i-piu-forti-sono-alan-martinelli-e-sara-pellegrini\/","title":{"rendered":"Dobbiaco &#8211; Cortina granfondo: a skating i pi\u00f9 forti sono Alan Martinelli e Sara Pellegrini"},"content":{"rendered":"<p><a href=\"http:\/\/www.bellunopress.it\/wp-content\/uploads\/2012\/02\/cortina-dobbiaco-fondo.jpg\"><img loading=\"lazy\" decoding=\"async\" class=\"alignleft size-full wp-image-34772\" title=\"cortina dobbiaco fondo\" src=\"http:\/\/www.bellunopress.it\/wp-content\/uploads\/2012\/02\/cortina-dobbiaco-fondo.jpg\" alt=\"\" width=\"290\" height=\"193\" \/><\/a>Oggi la prima giornata della granfondo sugli sci che unisce Ampezzo e Pusteria. Al via 634 atleti. Il carabiniere di Valdidentro batte l\u2019olimpionico sappadino e\u00a0 l\u2019alpino Daniele Compagnoni. La bellunese delle Fiamme Oro bissa il successo del 2011 precedendo Sabina Valbusa e Marina Piller. Domani si gareggia in tecnica classica.<\/p>\n<p>Freddo intenso e vento hanno accompagnato la prima giornata della 35. edizione della Dobbiaco-Cortina, la granfondo sugli sci che unisce Ampezzo e Pusteria. Questa mattina erano in programma 20 chilometri a tecnica libera, con partenza da Fiames, alle porte di Cortina, e arrivo all\u2019Arena Nordic Ski di Dobbiaco, la struttura per lo sci di fondo che ha recentemente ospitato il Tour de Ski. A prendere il via, con una temperatura di -12, sono stati in 634, provenienti da Norvegia, Finlandia, Russia, Stati Uniti, Canada, Australia, Belgio, Germania, Francia e Austria.<\/p>\n<p>&nbsp;<\/p>\n<p>La gara \u00e8 vissuta sull\u2019azione di un gruppetto di una decina di unit\u00e0 che ha preso il largo fin dai primi metri della salita che da Fiames porta a Cimabanche e che era composto da tutti i migliori, tra i quali gli olimpionici Pietro Piller Cottrer e Cristian Zorzi, i carabinieri Alan e Cristian Martinelli, l\u2019alpino del Centro sportivo Esercito Daniele Compagnoni e il poliziotto Sergio Rigoni. A tirare erano soprattutto i Carabinieri ma le pendenze non eccessive e la discesa successiva allo scollinamento da Cimabanche impedivano azioni di forza. Al giro finale alla Nordic Arena Piller Cottrer riusciva ad andare via, seguito dal collega Alan Martinelli e da Compagnoni. Sul rettilineo finale Martinelli e Piller Cottrer si presentavano in testa appaiati e negli ultimi venti metri Martinelli riusciva ad avere la meglio.<\/p>\n<p>&nbsp;<\/p>\n<p>\u00abLungo la salita verso Cimabanche si \u00e8 formato un gruppetto di una decina di uomini e nessuno riusciva ad andare via \u2013 spiega il vincitore \u2013 Poi, lungo i chilometri finali della pista Stephanie, Pietro Piller ha fatto una bella selezione e siamo rimasti in tre. In volata ho fatto valere il mio spunto veloce. Dopo la vittoria alla Pustertaler questo \u00e8 il secondo successo di stagione. Chiss\u00e0 che il numero delle vittorie non salga a tre gi\u00e0 da domani, con la Dobbiaco-Cortina in classico. E poi vorrei fare bene nella prossima gara di Coppa Italia, sui 45 chilometri della Marciagranparadiso di Cogne, per guadagnarmi un posto per la 50 di Coppa del Mondo a Oslo a inizio marzo. Intanto ringrazio i miei tecnici che ancora una volta ci hanno preparato materiali al top\u00bb.<\/p>\n<p>&nbsp;<\/p>\n<p>\u00abCi ho provato a vincere e, nonostante in volata non sia un fulmine, allo sprint ci ero quasi riuscito\u00a0 \u2013 questo il commento di Pietro Piller Cottrer \u2013\u00a0 In salita sono stato davanti spesso per scremare il gruppo ma poi in discesa ci siamo ricompattati. Sulla salita finale alla Nordic Arena ho forzato di nuovo e siamo rimasti in tre. Sono contento della mia prova\u00bb.<\/p>\n<p>&nbsp;<\/p>\n<p>Tra le donne ha dominato la vincitrice dello scorso anno, la bellunese Sara Pellegrini. La portacolori delle Fiamme Oro \u00e8 stata in testa dall\u2019inizio alle fine, infliggendo oltre 2\u2019 al tandem della Forestale composto da Sabina Valbusa e Marina Piller.<\/p>\n<p>\u00abGara bellissima nonostante il freddo \u2013 spiega Pellegrini \u2013 Sono reduce da un periodo negativo, caratterizzato dall\u2019influenza. Sto pian piano recuperando e mi auguro che questo successo sia la svolta per una grande seconda parte di stagione\u00bb.<\/p>\n<p>&nbsp;<\/p>\n<p>Di seguito la graduatoria. Maschile: 1. Alan Martinelli (Carabinieri) 30 km in 1h20\u201902\u201d, 2. Pietro Piller Cottrer (Carabinieri) 1h20\u201903\u201d; 3. Daniele Compagnoni (Esercito) 1h20\u201904\u201d; 4. Christian Martinelli (Carabinieri) 1h20\u201908\u201d; 5. David Wieser(Forestale) 1h20\u201914\u201d; 6. Sergio Rigoni 1h20\u201915\u201d; 7. Morris Galli 1h20\u201915\u201d; 8. Cristian Zorzi 1h20\u201916\u201d; 9. Eugenio Bianchi 1h20\u201950\u201d; 10. Roberto De Zolt Ponte 1h22\u201d. Femminile: 1. Sara Pellegrini (Fiamme Oro) 30 km in 1h25\u201925\u201d, 2. Sabina Valbusa (Forestale) 1h27\u201929\u201d; 3. Marina Piller (Forestale) 1h27\u201935\u201d; 4. Andrea Reithmayr (Austria) 1h31\u201925\u201d; 5. Barbara Giacomuzzi 1h34\u201908\u201d.<\/p>\n<p>&nbsp;<\/p>\n<p>Domenica la Dobbiaco-Cortina proporr\u00e0 la seconda e conclusiva giornata, con i 42 km in stile classico. Partenza alle 10 dalla piana di Dobbiaco e arrivo sotto il campanile della regina delle Dolomiti.<\/p>\n<p>&nbsp;<\/p>\n<p>&nbsp;<\/p>","protected":false},"excerpt":{"rendered":"<p>Oggi la prima giornata della granfondo sugli sci che unisce Ampezzo e Pusteria. Al via 634 atleti. Il carabiniere di Valdidentro batte l\u2019olimpionico sappadino e\u00a0 l\u2019alpino Daniele Compagnoni. La bellunese delle Fiamme Oro bissa il successo del 2011 precedendo Sabina Valbusa e Marina Piller. Domani si gareggia in tecnica classica. Freddo intenso e vento hanno [&hellip;]<\/p>\n","protected":false},"author":2,"featured_media":0,"comment_status":"closed","ping_status":"open","sticky":false,"template":"","format":"standard","meta":{"footnotes":""},"categories":[26,4],"tags":[],"class_list":["post-34771","post","type-post","status-publish","format-standard","category-prima-pagina","category-sport"],"yoast_head":"<!-- This site is optimized with the Yoast SEO plugin v28.4 - https:\/\/yoast.com\/product\/yoast-seo-wordpress\/ -->\n<title>Dobbiaco - Cortina granfondo: a skating i pi\u00f9 forti sono Alan Martinelli e Sara Pellegrini - Bellunopress - Dolomiti<\/title>\n<meta name=\"robots\" content=\"index, follow, max-snippet:-1, max-image-preview:large, max-video-preview:-1\" \/>\n<link rel=\"canonical\" href=\"https:\/\/www.bellunopress.it\/fr\/2012\/02\/05\/dobbiaco-cortina-granfondo-a-skating-i-piu-forti-sono-alan-martinelli-e-sara-pellegrini\/\" \/>\n<meta property=\"og:locale\" content=\"fr_FR\" \/>\n<meta property=\"og:type\" content=\"article\" \/>\n<meta property=\"og:title\" content=\"Dobbiaco - Cortina granfondo: a skating i pi\u00f9 forti sono Alan Martinelli e Sara Pellegrini - Bellunopress - Dolomiti\" \/>\n<meta property=\"og:description\" content=\"Oggi la prima giornata della granfondo sugli sci che unisce Ampezzo e Pusteria. Al via 634 atleti. Il carabiniere di Valdidentro batte l\u2019olimpionico sappadino e\u00a0 l\u2019alpino Daniele Compagnoni. La bellunese delle Fiamme Oro bissa il successo del 2011 precedendo Sabina Valbusa e Marina Piller. Domani si gareggia in tecnica classica. Freddo intenso e vento hanno [&hellip;]\" \/>\n<meta property=\"og:url\" content=\"https:\/\/www.bellunopress.it\/fr\/2012\/02\/05\/dobbiaco-cortina-granfondo-a-skating-i-piu-forti-sono-alan-martinelli-e-sara-pellegrini\/\" \/>\n<meta property=\"og:site_name\" content=\"Bellunopress - Dolomiti\" \/>\n<meta property=\"article:publisher\" content=\"https:\/\/www.facebook.com\/profile.php?id=100008943462799\" \/>\n<meta property=\"article:published_time\" content=\"2012-02-05T01:01:47+00:00\" \/>\n<meta property=\"og:image\" content=\"http:\/\/www.bellunopress.it\/wp-content\/uploads\/2012\/02\/cortina-dobbiaco-fondo.jpg\" \/>\n<meta name=\"author\" content=\"redazione\" \/>\n<meta name=\"twitter:card\" content=\"summary_large_image\" \/>\n<meta name=\"twitter:creator\" content=\"@bellunopress\" \/>\n<meta name=\"twitter:site\" content=\"@bellunopress\" \/>\n<meta name=\"twitter:label1\" content=\"\u00c9crit par\" \/>\n\t<meta name=\"twitter:data1\" content=\"redazione\" \/>\n\t<meta name=\"twitter:label2\" content=\"Dur\u00e9e de lecture estim\u00e9e\" \/>\n\t<meta name=\"twitter:data2\" content=\"3 minutes\" \/>\n<script type=\"application\/ld+json\" class=\"yoast-schema-graph\">{\"@context\":\"https:\\\/\\\/schema.org\",\"@graph\":[{\"@type\":\"Article\",\"@id\":\"https:\\\/\\\/www.bellunopress.it\\\/2012\\\/02\\\/05\\\/dobbiaco-cortina-granfondo-a-skating-i-piu-forti-sono-alan-martinelli-e-sara-pellegrini\\\/#article\",\"isPartOf\":{\"@id\":\"https:\\\/\\\/www.bellunopress.it\\\/2012\\\/02\\\/05\\\/dobbiaco-cortina-granfondo-a-skating-i-piu-forti-sono-alan-martinelli-e-sara-pellegrini\\\/\"},\"author\":{\"name\":\"redazione\",\"@id\":\"https:\\\/\\\/www.bellunopress.it\\\/#\\\/schema\\\/person\\\/79bb06722b37ece1c03d3e94beb30d73\"},\"headline\":\"Dobbiaco &#8211; Cortina granfondo: a skating i pi\u00f9 forti sono Alan Martinelli e Sara Pellegrini\",\"datePublished\":\"2012-02-05T01:01:47+00:00\",\"mainEntityOfPage\":{\"@id\":\"https:\\\/\\\/www.bellunopress.it\\\/2012\\\/02\\\/05\\\/dobbiaco-cortina-granfondo-a-skating-i-piu-forti-sono-alan-martinelli-e-sara-pellegrini\\\/\"},\"wordCount\":659,\"publisher\":{\"@id\":\"https:\\\/\\\/www.bellunopress.it\\\/#organization\"},\"image\":{\"@id\":\"https:\\\/\\\/www.bellunopress.it\\\/2012\\\/02\\\/05\\\/dobbiaco-cortina-granfondo-a-skating-i-piu-forti-sono-alan-martinelli-e-sara-pellegrini\\\/#primaryimage\"},\"thumbnailUrl\":\"http:\\\/\\\/www.bellunopress.it\\\/wp-content\\\/uploads\\\/2012\\\/02\\\/cortina-dobbiaco-fondo.jpg\",\"articleSection\":[\"Prima Pagina\",\"Sport, tempo libero\"],\"inLanguage\":\"fr-FR\"},{\"@type\":\"WebPage\",\"@id\":\"https:\\\/\\\/www.bellunopress.it\\\/2012\\\/02\\\/05\\\/dobbiaco-cortina-granfondo-a-skating-i-piu-forti-sono-alan-martinelli-e-sara-pellegrini\\\/\",\"url\":\"https:\\\/\\\/www.bellunopress.it\\\/2012\\\/02\\\/05\\\/dobbiaco-cortina-granfondo-a-skating-i-piu-forti-sono-alan-martinelli-e-sara-pellegrini\\\/\",\"name\":\"Dobbiaco - Cortina granfondo: a skating i pi\u00f9 forti sono Alan Martinelli e Sara Pellegrini - Bellunopress - Dolomiti\",\"isPartOf\":{\"@id\":\"https:\\\/\\\/www.bellunopress.it\\\/#website\"},\"primaryImageOfPage\":{\"@id\":\"https:\\\/\\\/www.bellunopress.it\\\/2012\\\/02\\\/05\\\/dobbiaco-cortina-granfondo-a-skating-i-piu-forti-sono-alan-martinelli-e-sara-pellegrini\\\/#primaryimage\"},\"image\":{\"@id\":\"https:\\\/\\\/www.bellunopress.it\\\/2012\\\/02\\\/05\\\/dobbiaco-cortina-granfondo-a-skating-i-piu-forti-sono-alan-martinelli-e-sara-pellegrini\\\/#primaryimage\"},\"thumbnailUrl\":\"http:\\\/\\\/www.bellunopress.it\\\/wp-content\\\/uploads\\\/2012\\\/02\\\/cortina-dobbiaco-fondo.jpg\",\"datePublished\":\"2012-02-05T01:01:47+00:00\",\"breadcrumb\":{\"@id\":\"https:\\\/\\\/www.bellunopress.it\\\/2012\\\/02\\\/05\\\/dobbiaco-cortina-granfondo-a-skating-i-piu-forti-sono-alan-martinelli-e-sara-pellegrini\\\/#breadcrumb\"},\"inLanguage\":\"fr-FR\",\"potentialAction\":[{\"@type\":\"ReadAction\",\"target\":[\"https:\\\/\\\/www.bellunopress.it\\\/2012\\\/02\\\/05\\\/dobbiaco-cortina-granfondo-a-skating-i-piu-forti-sono-alan-martinelli-e-sara-pellegrini\\\/\"]}]},{\"@type\":\"ImageObject\",\"inLanguage\":\"fr-FR\",\"@id\":\"https:\\\/\\\/www.bellunopress.it\\\/2012\\\/02\\\/05\\\/dobbiaco-cortina-granfondo-a-skating-i-piu-forti-sono-alan-martinelli-e-sara-pellegrini\\\/#primaryimage\",\"url\":\"http:\\\/\\\/www.bellunopress.it\\\/wp-content\\\/uploads\\\/2012\\\/02\\\/cortina-dobbiaco-fondo.jpg\",\"contentUrl\":\"http:\\\/\\\/www.bellunopress.it\\\/wp-content\\\/uploads\\\/2012\\\/02\\\/cortina-dobbiaco-fondo.jpg\"},{\"@type\":\"BreadcrumbList\",\"@id\":\"https:\\\/\\\/www.bellunopress.it\\\/2012\\\/02\\\/05\\\/dobbiaco-cortina-granfondo-a-skating-i-piu-forti-sono-alan-martinelli-e-sara-pellegrini\\\/#breadcrumb\",\"itemListElement\":[{\"@type\":\"ListItem\",\"position\":1,\"name\":\"Home\",\"item\":\"https:\\\/\\\/www.bellunopress.it\\\/\"},{\"@type\":\"ListItem\",\"position\":2,\"name\":\"Dobbiaco &#8211; Cortina granfondo: a skating i pi\u00f9 forti sono Alan Martinelli e Sara Pellegrini\"}]},{\"@type\":\"WebSite\",\"@id\":\"https:\\\/\\\/www.bellunopress.it\\\/#website\",\"url\":\"https:\\\/\\\/www.bellunopress.it\\\/\",\"name\":\"Bellunopress - Dolomiti\",\"description\":\"e-mail: redazione@bellunopress.it\",\"publisher\":{\"@id\":\"https:\\\/\\\/www.bellunopress.it\\\/#organization\"},\"potentialAction\":[{\"@type\":\"SearchAction\",\"target\":{\"@type\":\"EntryPoint\",\"urlTemplate\":\"https:\\\/\\\/www.bellunopress.it\\\/?s={search_term_string}\"},\"query-input\":{\"@type\":\"PropertyValueSpecification\",\"valueRequired\":true,\"valueName\":\"search_term_string\"}}],\"inLanguage\":\"fr-FR\"},{\"@type\":\"Organization\",\"@id\":\"https:\\\/\\\/www.bellunopress.it\\\/#organization\",\"name\":\"Bellunopress\",\"url\":\"https:\\\/\\\/www.bellunopress.it\\\/\",\"logo\":{\"@type\":\"ImageObject\",\"inLanguage\":\"fr-FR\",\"@id\":\"https:\\\/\\\/www.bellunopress.it\\\/#\\\/schema\\\/logo\\\/image\\\/\",\"url\":\"https:\\\/\\\/www.bellunopress.it\\\/wp-content\\\/uploads\\\/2011\\\/05\\\/cropped-logo-bellunopress-.jpg\",\"contentUrl\":\"https:\\\/\\\/www.bellunopress.it\\\/wp-content\\\/uploads\\\/2011\\\/05\\\/cropped-logo-bellunopress-.jpg\",\"width\":512,\"height\":512,\"caption\":\"Bellunopress\"},\"image\":{\"@id\":\"https:\\\/\\\/www.bellunopress.it\\\/#\\\/schema\\\/logo\\\/image\\\/\"},\"sameAs\":[\"https:\\\/\\\/www.facebook.com\\\/profile.php?id=100008943462799\",\"https:\\\/\\\/x.com\\\/bellunopress\",\"https:\\\/\\\/www.linkedin.com\\\/hp\\\/?dnr=JBzUWaJfMUw8vbXJJ2tVW5-I3jZKvC4wsoxE&amp;amp;amp;amp;amp;amp;trk=nav_responsive_tab_home\",\"https:\\\/\\\/www.youtube.com\\\/channel\\\/UCxL0wu1uN0_3_7hGG0306cw\"]},{\"@type\":\"Person\",\"@id\":\"https:\\\/\\\/www.bellunopress.it\\\/#\\\/schema\\\/person\\\/79bb06722b37ece1c03d3e94beb30d73\",\"name\":\"redazione\",\"image\":{\"@type\":\"ImageObject\",\"inLanguage\":\"fr-FR\",\"@id\":\"https:\\\/\\\/secure.gravatar.com\\\/avatar\\\/37d968a2e67a6fd04c169c4bdef102d0bc5d31b2546345219e348575eb80e9a0?s=96&d=mm&r=g\",\"url\":\"https:\\\/\\\/secure.gravatar.com\\\/avatar\\\/37d968a2e67a6fd04c169c4bdef102d0bc5d31b2546345219e348575eb80e9a0?s=96&d=mm&r=g\",\"contentUrl\":\"https:\\\/\\\/secure.gravatar.com\\\/avatar\\\/37d968a2e67a6fd04c169c4bdef102d0bc5d31b2546345219e348575eb80e9a0?s=96&d=mm&r=g\",\"caption\":\"redazione\"},\"sameAs\":[\"http:\\\/\\\/www.bellunopress.it\",\"https:\\\/\\\/x.com\\\/bellunopress\"],\"url\":\"https:\\\/\\\/www.bellunopress.it\\\/fr\\\/author\\\/redazione\\\/\"}]}<\/script>\n<!-- \/ Yoast SEO plugin. -->","yoast_head_json":{"title":"Dobbiaco - Cortina granfondo: a skating i pi\u00f9 forti sono Alan Martinelli e Sara Pellegrini - Bellunopress - Dolomiti","robots":{"index":"index","follow":"follow","max-snippet":"max-snippet:-1","max-image-preview":"max-image-preview:large","max-video-preview":"max-video-preview:-1"},"canonical":"https:\/\/www.bellunopress.it\/fr\/2012\/02\/05\/dobbiaco-cortina-granfondo-a-skating-i-piu-forti-sono-alan-martinelli-e-sara-pellegrini\/","og_locale":"fr_FR","og_type":"article","og_title":"Dobbiaco - Cortina granfondo: a skating i pi\u00f9 forti sono Alan Martinelli e Sara Pellegrini - Bellunopress - Dolomiti","og_description":"Oggi la prima giornata della granfondo sugli sci che unisce Ampezzo e Pusteria. Al via 634 atleti. Il carabiniere di Valdidentro batte l\u2019olimpionico sappadino e\u00a0 l\u2019alpino Daniele Compagnoni. La bellunese delle Fiamme Oro bissa il successo del 2011 precedendo Sabina Valbusa e Marina Piller. Domani si gareggia in tecnica classica. Freddo intenso e vento hanno [&hellip;]","og_url":"https:\/\/www.bellunopress.it\/fr\/2012\/02\/05\/dobbiaco-cortina-granfondo-a-skating-i-piu-forti-sono-alan-martinelli-e-sara-pellegrini\/","og_site_name":"Bellunopress - Dolomiti","article_publisher":"https:\/\/www.facebook.com\/profile.php?id=100008943462799","article_published_time":"2012-02-05T01:01:47+00:00","og_image":[{"url":"http:\/\/www.bellunopress.it\/wp-content\/uploads\/2012\/02\/cortina-dobbiaco-fondo.jpg","type":"","width":"","height":""}],"author":"redazione","twitter_card":"summary_large_image","twitter_creator":"@bellunopress","twitter_site":"@bellunopress","twitter_misc":{"\u00c9crit par":"redazione","Dur\u00e9e de lecture estim\u00e9e":"3 minutes"},"schema":{"@context":"https:\/\/schema.org","@graph":[{"@type":"Article","@id":"https:\/\/www.bellunopress.it\/2012\/02\/05\/dobbiaco-cortina-granfondo-a-skating-i-piu-forti-sono-alan-martinelli-e-sara-pellegrini\/#article","isPartOf":{"@id":"https:\/\/www.bellunopress.it\/2012\/02\/05\/dobbiaco-cortina-granfondo-a-skating-i-piu-forti-sono-alan-martinelli-e-sara-pellegrini\/"},"author":{"name":"redazione","@id":"https:\/\/www.bellunopress.it\/#\/schema\/person\/79bb06722b37ece1c03d3e94beb30d73"},"headline":"Dobbiaco &#8211; Cortina granfondo: a skating i pi\u00f9 forti sono Alan Martinelli e Sara Pellegrini","datePublished":"2012-02-05T01:01:47+00:00","mainEntityOfPage":{"@id":"https:\/\/www.bellunopress.it\/2012\/02\/05\/dobbiaco-cortina-granfondo-a-skating-i-piu-forti-sono-alan-martinelli-e-sara-pellegrini\/"},"wordCount":659,"publisher":{"@id":"https:\/\/www.bellunopress.it\/#organization"},"image":{"@id":"https:\/\/www.bellunopress.it\/2012\/02\/05\/dobbiaco-cortina-granfondo-a-skating-i-piu-forti-sono-alan-martinelli-e-sara-pellegrini\/#primaryimage"},"thumbnailUrl":"http:\/\/www.bellunopress.it\/wp-content\/uploads\/2012\/02\/cortina-dobbiaco-fondo.jpg","articleSection":["Prima Pagina","Sport, tempo libero"],"inLanguage":"fr-FR"},{"@type":"WebPage","@id":"https:\/\/www.bellunopress.it\/2012\/02\/05\/dobbiaco-cortina-granfondo-a-skating-i-piu-forti-sono-alan-martinelli-e-sara-pellegrini\/","url":"https:\/\/www.bellunopress.it\/2012\/02\/05\/dobbiaco-cortina-granfondo-a-skating-i-piu-forti-sono-alan-martinelli-e-sara-pellegrini\/","name":"Dobbiaco - Cortina granfondo: a skating i pi\u00f9 forti sono Alan Martinelli e Sara Pellegrini - Bellunopress - Dolomiti","isPartOf":{"@id":"https:\/\/www.bellunopress.it\/#website"},"primaryImageOfPage":{"@id":"https:\/\/www.bellunopress.it\/2012\/02\/05\/dobbiaco-cortina-granfondo-a-skating-i-piu-forti-sono-alan-martinelli-e-sara-pellegrini\/#primaryimage"},"image":{"@id":"https:\/\/www.bellunopress.it\/2012\/02\/05\/dobbiaco-cortina-granfondo-a-skating-i-piu-forti-sono-alan-martinelli-e-sara-pellegrini\/#primaryimage"},"thumbnailUrl":"http:\/\/www.bellunopress.it\/wp-content\/uploads\/2012\/02\/cortina-dobbiaco-fondo.jpg","datePublished":"2012-02-05T01:01:47+00:00","breadcrumb":{"@id":"https:\/\/www.bellunopress.it\/2012\/02\/05\/dobbiaco-cortina-granfondo-a-skating-i-piu-forti-sono-alan-martinelli-e-sara-pellegrini\/#breadcrumb"},"inLanguage":"fr-FR","potentialAction":[{"@type":"ReadAction","target":["https:\/\/www.bellunopress.it\/2012\/02\/05\/dobbiaco-cortina-granfondo-a-skating-i-piu-forti-sono-alan-martinelli-e-sara-pellegrini\/"]}]},{"@type":"ImageObject","inLanguage":"fr-FR","@id":"https:\/\/www.bellunopress.it\/2012\/02\/05\/dobbiaco-cortina-granfondo-a-skating-i-piu-forti-sono-alan-martinelli-e-sara-pellegrini\/#primaryimage","url":"http:\/\/www.bellunopress.it\/wp-content\/uploads\/2012\/02\/cortina-dobbiaco-fondo.jpg","contentUrl":"http:\/\/www.bellunopress.it\/wp-content\/uploads\/2012\/02\/cortina-dobbiaco-fondo.jpg"},{"@type":"BreadcrumbList","@id":"https:\/\/www.bellunopress.it\/2012\/02\/05\/dobbiaco-cortina-granfondo-a-skating-i-piu-forti-sono-alan-martinelli-e-sara-pellegrini\/#breadcrumb","itemListElement":[{"@type":"ListItem","position":1,"name":"Home","item":"https:\/\/www.bellunopress.it\/"},{"@type":"ListItem","position":2,"name":"Dobbiaco &#8211; Cortina granfondo: a skating i pi\u00f9 forti sono Alan Martinelli e Sara Pellegrini"}]},{"@type":"WebSite","@id":"https:\/\/www.bellunopress.it\/#website","url":"https:\/\/www.bellunopress.it\/","name":"Bellunopress - Dolomiti","description":"e-mail: redazione@bellunopress.it","publisher":{"@id":"https:\/\/www.bellunopress.it\/#organization"},"potentialAction":[{"@type":"SearchAction","target":{"@type":"EntryPoint","urlTemplate":"https:\/\/www.bellunopress.it\/?s={search_term_string}"},"query-input":{"@type":"PropertyValueSpecification","valueRequired":true,"valueName":"search_term_string"}}],"inLanguage":"fr-FR"},{"@type":"Organization","@id":"https:\/\/www.bellunopress.it\/#organization","name":"Bellunopress","url":"https:\/\/www.bellunopress.it\/","logo":{"@type":"ImageObject","inLanguage":"fr-FR","@id":"https:\/\/www.bellunopress.it\/#\/schema\/logo\/image\/","url":"https:\/\/www.bellunopress.it\/wp-content\/uploads\/2011\/05\/cropped-logo-bellunopress-.jpg","contentUrl":"https:\/\/www.bellunopress.it\/wp-content\/uploads\/2011\/05\/cropped-logo-bellunopress-.jpg","width":512,"height":512,"caption":"Bellunopress"},"image":{"@id":"https:\/\/www.bellunopress.it\/#\/schema\/logo\/image\/"},"sameAs":["https:\/\/www.facebook.com\/profile.php?id=100008943462799","https:\/\/x.com\/bellunopress","https:\/\/www.linkedin.com\/hp\/?dnr=JBzUWaJfMUw8vbXJJ2tVW5-I3jZKvC4wsoxE&amp;amp;amp;amp;amp;amp;trk=nav_responsive_tab_home","https:\/\/www.youtube.com\/channel\/UCxL0wu1uN0_3_7hGG0306cw"]},{"@type":"Person","@id":"https:\/\/www.bellunopress.it\/#\/schema\/person\/79bb06722b37ece1c03d3e94beb30d73","name":"r\u00e9daction","image":{"@type":"ImageObject","inLanguage":"fr-FR","@id":"https:\/\/secure.gravatar.com\/avatar\/37d968a2e67a6fd04c169c4bdef102d0bc5d31b2546345219e348575eb80e9a0?s=96&d=mm&r=g","url":"https:\/\/secure.gravatar.com\/avatar\/37d968a2e67a6fd04c169c4bdef102d0bc5d31b2546345219e348575eb80e9a0?s=96&d=mm&r=g","contentUrl":"https:\/\/secure.gravatar.com\/avatar\/37d968a2e67a6fd04c169c4bdef102d0bc5d31b2546345219e348575eb80e9a0?s=96&d=mm&r=g","caption":"redazione"},"sameAs":["http:\/\/www.bellunopress.it","https:\/\/x.com\/bellunopress"],"url":"https:\/\/www.bellunopress.it\/fr\/author\/redazione\/"}]}},"_links":{"self":[{"href":"https:\/\/www.bellunopress.it\/fr\/wp-json\/wp\/v2\/posts\/34771","targetHints":{"allow":["GET"]}}],"collection":[{"href":"https:\/\/www.bellunopress.it\/fr\/wp-json\/wp\/v2\/posts"}],"about":[{"href":"https:\/\/www.bellunopress.it\/fr\/wp-json\/wp\/v2\/types\/post"}],"author":[{"embeddable":true,"href":"https:\/\/www.bellunopress.it\/fr\/wp-json\/wp\/v2\/users\/2"}],"replies":[{"embeddable":true,"href":"https:\/\/www.bellunopress.it\/fr\/wp-json\/wp\/v2\/comments?post=34771"}],"version-history":[{"count":1,"href":"https:\/\/www.bellunopress.it\/fr\/wp-json\/wp\/v2\/posts\/34771\/revisions"}],"predecessor-version":[{"id":34774,"href":"https:\/\/www.bellunopress.it\/fr\/wp-json\/wp\/v2\/posts\/34771\/revisions\/34774"}],"wp:attachment":[{"href":"https:\/\/www.bellunopress.it\/fr\/wp-json\/wp\/v2\/media?parent=34771"}],"wp:term":[{"taxonomy":"category","embeddable":true,"href":"https:\/\/www.bellunopress.it\/fr\/wp-json\/wp\/v2\/categories?post=34771"},{"taxonomy":"post_tag","embeddable":true,"href":"https:\/\/www.bellunopress.it\/fr\/wp-json\/wp\/v2\/tags?post=34771"}],"curies":[{"name":"wp","href":"https:\/\/api.w.org\/{rel}","templated":true}]}}