{"id":34769,"date":"2012-02-05T23:39:54","date_gmt":"2012-02-05T22:39:54","guid":{"rendered":"http:\/\/www.bellunopress.it\/?p=34769"},"modified":"2012-02-06T12:26:41","modified_gmt":"2012-02-06T11:26:41","slug":"casa-di-riposo-di-cavarzano-il-consigliere-barichello-replica-allassessore-paganin","status":"publish","type":"post","link":"https:\/\/www.bellunopress.it\/fr\/2012\/02\/05\/casa-di-riposo-di-cavarzano-il-consigliere-barichello-replica-allassessore-paganin\/","title":{"rendered":"Casa di riposo di Cavarzano: il consigliere Barichello replica all&#8217;assessore Paganin"},"content":{"rendered":"<figure id=\"attachment_1403\" aria-describedby=\"caption-attachment-1403\" style=\"width: 240px\" class=\"wp-caption alignleft\"><a href=\"http:\/\/www.bellunopress.it\/wp-content\/uploads\/2009\/03\/casa-di-riposo-maria-gaggia-lante-belluno-240x180.jpg\"><img loading=\"lazy\" decoding=\"async\" class=\"size-full wp-image-1403\" title=\"casa-di-riposo-maria-gaggia-lante-belluno-240x180\" src=\"http:\/\/www.bellunopress.it\/wp-content\/uploads\/2009\/03\/casa-di-riposo-maria-gaggia-lante-belluno-240x180.jpg\" alt=\"\" width=\"240\" height=\"180\" \/><\/a><figcaption id=\"caption-attachment-1403\" class=\"wp-caption-text\">Casa di Riposo Belluno<\/figcaption><\/figure>\n<p>Ieri ho ricevuto per e-mail le 2 risposte alle interrogazioni che ho presentato qualche Consiglio fa e che per svariati motivi ricevo risposta solo ora. Dalle risposte a dir poco incredibili dell&#8217;assessore alla sanit\u00e0 del Comune di Belluno Angelo Paganin, si evince quanto bisogna ancora fare per modernizzare e usare meglio tutte le risorse anche in SERSA. E&#8217; accettabile che una cooperativa che si occupa di servizio domiciliare per conto del Comune di Belluno, occupi un ufficio dove \u00e8 stato costruito un padiglione servizi anche con fondi di lasciti dei privati senza pagare nulla di affitto, nemmeno un centesimo? Sicuramente no. Le cooperative hanno un utile, certo danno in cambio servizi, ma sono pagate a sufficienza da questa Amministrazione tramite la SERSA. Le scuse addotte riguardanti l&#8217;inglobazione nella struttura risultano ridicole, perch\u00e8 il controllo non pu\u00f2 essere fatto direttamente in quanto, nessuno in SERSA pu\u00f2 andare a recriminare nulla ai dipendenti di una cooperativa se non tramite il suo direttivo. E poi vogliamo parlare di nuove tecnoologie? Nella seconda interrogazione, invece, vi \u00e8 un lungo elenco di date, per altro incompleto, e guarda il caso sono le date delle Commissioni terze che io e la Consigliera\u00a0 Piol facemmo convocare suscitando le ire di molti consiglieri che magari oggi parlano e che nelle sedi opportune asserirono che alla SERSA era tutto ok. Ma come dice il detto \u201cil tempo e la paglia \u2026.\u201d Ormai, e sono gli eventi delle ultime settimane che ce lo insegnano, siamo alla \u201cfrutta\u201d leggasi \u201cnespole\u201d. Il movimento\/gruppo di dipendenti ha fatto presente le sue recriminazioni che credo siano giustissime (l&#8217;avvessero fatto contro chi ha cercato troppe volte di fermare il sottoscritto colpevole solo di avere la doppia veste di Consigliere Comunale e dipendente SERSA) ma meglio tardi che mai! Un&#8217;altra verit\u00e0 che pochi sanno \u00e8 che il Sig. Paganin ha furbescamente tralasciato il buco temporale di ben nove mesi, cio\u00e8 dai primi di gennaio &#8217;11\u00a0 a fine settembre &#8217;11, quando la Dott.ssa Florida per conto del nostro Comune scrisse alla direzione della SERSA informandoli del divieto di assumere per l&#8217;ormai famoso sforamento del patto di stabilit\u00e0. Nove mesi di non comunicazione n\u00e9 politica, n\u00e9 amministrativa, che hanno aggravato la situazione portandola all&#8217;attuale. E volete sapere qual&#8217;\u00e8 stata la scusa? La lettera non arriv\u00f2 mai alla SERSA, si dice. Il Sig. Paganin l&#8217;anno scorso attacc\u00f2 lo scrivente e la Consigliera Piol dicendo che eravamo mossi da motivi personali nei confronti della SERSA. Siamo orgogliosi\u00a0 di averlo fatto. Il tempo ci ha dato ragione. Ricordo, con molto dispiacere, le lettere ricevute dalla SERSA preparate da un noto Studio Legale di Feltre, dove di fatto ci veniva negato l&#8217;accesso ai documenti della nostra Societ\u00e0 Partecipata, bella democrazia! E lei, anche in questo caso, non mosse un dito, Sig. Paganin! Spero che qualcuno vada in Comune a richiedere le registrazioni delle Commissioni Sanit\u00e0 precedentemente citate, dove il Sig. Paganin, non solo non rispondeva alle nostre domande, ma avvaleva la tesi del tutto ok, infischiandosene della maggioranza e permettendo che persone estranee all&#8217;Amministrazione (quindi non elette come lui) umiliassero i commissari presenti. Vorrei concludere, senza dilungarmi, perch\u00e8 credo che chi abbia dovuto capire, lo abbia fatto leggendo queste mie semplici frasi di operatore socio sanitario prestato alla politica. Sig. Paganin se lei \u00e8 considerato un Assessore tecnico, allora mi consenta di dirle che io preferisco essere e rimanere politico, continuando con le mie battaglie per questo mondo del sociale per il quale lavoro da 24 anni con umilt\u00e0 e dedizione.<\/p>\n<p>Consigliere Hellweger Barichello Roberto<\/p>","protected":false},"excerpt":{"rendered":"<p>Ieri ho ricevuto per e-mail le 2 risposte alle interrogazioni che ho presentato qualche Consiglio fa e che per svariati motivi ricevo risposta solo ora. Dalle risposte a dir poco incredibili dell&#8217;assessore alla sanit\u00e0 del Comune di Belluno Angelo Paganin, si evince quanto bisogna ancora fare per modernizzare e usare meglio tutte le risorse anche [&hellip;]<\/p>\n","protected":false},"author":2,"featured_media":0,"comment_status":"closed","ping_status":"open","sticky":false,"template":"","format":"standard","meta":{"footnotes":""},"categories":[26,17],"tags":[],"class_list":["post-34769","post","type-post","status-publish","format-standard","category-prima-pagina","category-sanita"],"yoast_head":"<!-- This site is optimized with the Yoast SEO plugin v28.4 - https:\/\/yoast.com\/product\/yoast-seo-wordpress\/ -->\n<title>Casa di riposo di Cavarzano: il consigliere Barichello replica all&#039;assessore Paganin - Bellunopress - Dolomiti<\/title>\n<meta name=\"robots\" content=\"index, follow, max-snippet:-1, max-image-preview:large, max-video-preview:-1\" \/>\n<link rel=\"canonical\" href=\"https:\/\/www.bellunopress.it\/fr\/2012\/02\/05\/casa-di-riposo-di-cavarzano-il-consigliere-barichello-replica-allassessore-paganin\/\" \/>\n<meta property=\"og:locale\" content=\"fr_FR\" \/>\n<meta property=\"og:type\" content=\"article\" \/>\n<meta property=\"og:title\" content=\"Casa di riposo di Cavarzano: il consigliere Barichello replica all&#039;assessore Paganin - Bellunopress - Dolomiti\" \/>\n<meta property=\"og:description\" content=\"Ieri ho ricevuto per e-mail le 2 risposte alle interrogazioni che ho presentato qualche Consiglio fa e che per svariati motivi ricevo risposta solo ora. Dalle risposte a dir poco incredibili dell&#8217;assessore alla sanit\u00e0 del Comune di Belluno Angelo Paganin, si evince quanto bisogna ancora fare per modernizzare e usare meglio tutte le risorse anche [&hellip;]\" \/>\n<meta property=\"og:url\" content=\"https:\/\/www.bellunopress.it\/fr\/2012\/02\/05\/casa-di-riposo-di-cavarzano-il-consigliere-barichello-replica-allassessore-paganin\/\" \/>\n<meta property=\"og:site_name\" content=\"Bellunopress - Dolomiti\" \/>\n<meta property=\"article:publisher\" content=\"https:\/\/www.facebook.com\/profile.php?id=100008943462799\" \/>\n<meta property=\"article:published_time\" content=\"2012-02-05T22:39:54+00:00\" \/>\n<meta property=\"article:modified_time\" content=\"2012-02-06T11:26:41+00:00\" \/>\n<meta property=\"og:image\" content=\"http:\/\/www.bellunopress.it\/wp-content\/uploads\/2009\/03\/casa-di-riposo-maria-gaggia-lante-belluno-240x180.jpg\" \/>\n<meta name=\"author\" content=\"redazione\" \/>\n<meta name=\"twitter:card\" content=\"summary_large_image\" \/>\n<meta name=\"twitter:creator\" content=\"@bellunopress\" \/>\n<meta name=\"twitter:site\" content=\"@bellunopress\" \/>\n<meta name=\"twitter:label1\" content=\"\u00c9crit par\" \/>\n\t<meta name=\"twitter:data1\" content=\"redazione\" \/>\n\t<meta name=\"twitter:label2\" content=\"Dur\u00e9e de lecture estim\u00e9e\" \/>\n\t<meta name=\"twitter:data2\" content=\"3 minutes\" \/>\n<script type=\"application\/ld+json\" class=\"yoast-schema-graph\">{\"@context\":\"https:\\\/\\\/schema.org\",\"@graph\":[{\"@type\":\"Article\",\"@id\":\"https:\\\/\\\/www.bellunopress.it\\\/2012\\\/02\\\/05\\\/casa-di-riposo-di-cavarzano-il-consigliere-barichello-replica-allassessore-paganin\\\/#article\",\"isPartOf\":{\"@id\":\"https:\\\/\\\/www.bellunopress.it\\\/2012\\\/02\\\/05\\\/casa-di-riposo-di-cavarzano-il-consigliere-barichello-replica-allassessore-paganin\\\/\"},\"author\":{\"name\":\"redazione\",\"@id\":\"https:\\\/\\\/www.bellunopress.it\\\/#\\\/schema\\\/person\\\/79bb06722b37ece1c03d3e94beb30d73\"},\"headline\":\"Casa di riposo di Cavarzano: il consigliere Barichello replica all&#8217;assessore Paganin\",\"datePublished\":\"2012-02-05T22:39:54+00:00\",\"dateModified\":\"2012-02-06T11:26:41+00:00\",\"mainEntityOfPage\":{\"@id\":\"https:\\\/\\\/www.bellunopress.it\\\/2012\\\/02\\\/05\\\/casa-di-riposo-di-cavarzano-il-consigliere-barichello-replica-allassessore-paganin\\\/\"},\"wordCount\":609,\"publisher\":{\"@id\":\"https:\\\/\\\/www.bellunopress.it\\\/#organization\"},\"image\":{\"@id\":\"https:\\\/\\\/www.bellunopress.it\\\/2012\\\/02\\\/05\\\/casa-di-riposo-di-cavarzano-il-consigliere-barichello-replica-allassessore-paganin\\\/#primaryimage\"},\"thumbnailUrl\":\"http:\\\/\\\/www.bellunopress.it\\\/wp-content\\\/uploads\\\/2009\\\/03\\\/casa-di-riposo-maria-gaggia-lante-belluno-240x180.jpg\",\"articleSection\":[\"Prima Pagina\",\"Sanit\u00e0 Medicina\"],\"inLanguage\":\"fr-FR\"},{\"@type\":\"WebPage\",\"@id\":\"https:\\\/\\\/www.bellunopress.it\\\/2012\\\/02\\\/05\\\/casa-di-riposo-di-cavarzano-il-consigliere-barichello-replica-allassessore-paganin\\\/\",\"url\":\"https:\\\/\\\/www.bellunopress.it\\\/2012\\\/02\\\/05\\\/casa-di-riposo-di-cavarzano-il-consigliere-barichello-replica-allassessore-paganin\\\/\",\"name\":\"Casa di riposo di Cavarzano: il consigliere Barichello replica all'assessore Paganin - Bellunopress - Dolomiti\",\"isPartOf\":{\"@id\":\"https:\\\/\\\/www.bellunopress.it\\\/#website\"},\"primaryImageOfPage\":{\"@id\":\"https:\\\/\\\/www.bellunopress.it\\\/2012\\\/02\\\/05\\\/casa-di-riposo-di-cavarzano-il-consigliere-barichello-replica-allassessore-paganin\\\/#primaryimage\"},\"image\":{\"@id\":\"https:\\\/\\\/www.bellunopress.it\\\/2012\\\/02\\\/05\\\/casa-di-riposo-di-cavarzano-il-consigliere-barichello-replica-allassessore-paganin\\\/#primaryimage\"},\"thumbnailUrl\":\"http:\\\/\\\/www.bellunopress.it\\\/wp-content\\\/uploads\\\/2009\\\/03\\\/casa-di-riposo-maria-gaggia-lante-belluno-240x180.jpg\",\"datePublished\":\"2012-02-05T22:39:54+00:00\",\"dateModified\":\"2012-02-06T11:26:41+00:00\",\"breadcrumb\":{\"@id\":\"https:\\\/\\\/www.bellunopress.it\\\/2012\\\/02\\\/05\\\/casa-di-riposo-di-cavarzano-il-consigliere-barichello-replica-allassessore-paganin\\\/#breadcrumb\"},\"inLanguage\":\"fr-FR\",\"potentialAction\":[{\"@type\":\"ReadAction\",\"target\":[\"https:\\\/\\\/www.bellunopress.it\\\/2012\\\/02\\\/05\\\/casa-di-riposo-di-cavarzano-il-consigliere-barichello-replica-allassessore-paganin\\\/\"]}]},{\"@type\":\"ImageObject\",\"inLanguage\":\"fr-FR\",\"@id\":\"https:\\\/\\\/www.bellunopress.it\\\/2012\\\/02\\\/05\\\/casa-di-riposo-di-cavarzano-il-consigliere-barichello-replica-allassessore-paganin\\\/#primaryimage\",\"url\":\"http:\\\/\\\/www.bellunopress.it\\\/wp-content\\\/uploads\\\/2009\\\/03\\\/casa-di-riposo-maria-gaggia-lante-belluno-240x180.jpg\",\"contentUrl\":\"http:\\\/\\\/www.bellunopress.it\\\/wp-content\\\/uploads\\\/2009\\\/03\\\/casa-di-riposo-maria-gaggia-lante-belluno-240x180.jpg\"},{\"@type\":\"BreadcrumbList\",\"@id\":\"https:\\\/\\\/www.bellunopress.it\\\/2012\\\/02\\\/05\\\/casa-di-riposo-di-cavarzano-il-consigliere-barichello-replica-allassessore-paganin\\\/#breadcrumb\",\"itemListElement\":[{\"@type\":\"ListItem\",\"position\":1,\"name\":\"Home\",\"item\":\"https:\\\/\\\/www.bellunopress.it\\\/\"},{\"@type\":\"ListItem\",\"position\":2,\"name\":\"Casa di riposo di Cavarzano: il consigliere Barichello replica all&#8217;assessore Paganin\"}]},{\"@type\":\"WebSite\",\"@id\":\"https:\\\/\\\/www.bellunopress.it\\\/#website\",\"url\":\"https:\\\/\\\/www.bellunopress.it\\\/\",\"name\":\"Bellunopress - Dolomiti\",\"description\":\"e-mail: redazione@bellunopress.it\",\"publisher\":{\"@id\":\"https:\\\/\\\/www.bellunopress.it\\\/#organization\"},\"potentialAction\":[{\"@type\":\"SearchAction\",\"target\":{\"@type\":\"EntryPoint\",\"urlTemplate\":\"https:\\\/\\\/www.bellunopress.it\\\/?s={search_term_string}\"},\"query-input\":{\"@type\":\"PropertyValueSpecification\",\"valueRequired\":true,\"valueName\":\"search_term_string\"}}],\"inLanguage\":\"fr-FR\"},{\"@type\":\"Organization\",\"@id\":\"https:\\\/\\\/www.bellunopress.it\\\/#organization\",\"name\":\"Bellunopress\",\"url\":\"https:\\\/\\\/www.bellunopress.it\\\/\",\"logo\":{\"@type\":\"ImageObject\",\"inLanguage\":\"fr-FR\",\"@id\":\"https:\\\/\\\/www.bellunopress.it\\\/#\\\/schema\\\/logo\\\/image\\\/\",\"url\":\"https:\\\/\\\/www.bellunopress.it\\\/wp-content\\\/uploads\\\/2011\\\/05\\\/cropped-logo-bellunopress-.jpg\",\"contentUrl\":\"https:\\\/\\\/www.bellunopress.it\\\/wp-content\\\/uploads\\\/2011\\\/05\\\/cropped-logo-bellunopress-.jpg\",\"width\":512,\"height\":512,\"caption\":\"Bellunopress\"},\"image\":{\"@id\":\"https:\\\/\\\/www.bellunopress.it\\\/#\\\/schema\\\/logo\\\/image\\\/\"},\"sameAs\":[\"https:\\\/\\\/www.facebook.com\\\/profile.php?id=100008943462799\",\"https:\\\/\\\/x.com\\\/bellunopress\",\"https:\\\/\\\/www.linkedin.com\\\/hp\\\/?dnr=JBzUWaJfMUw8vbXJJ2tVW5-I3jZKvC4wsoxE&amp;amp;amp;amp;amp;amp;trk=nav_responsive_tab_home\",\"https:\\\/\\\/www.youtube.com\\\/channel\\\/UCxL0wu1uN0_3_7hGG0306cw\"]},{\"@type\":\"Person\",\"@id\":\"https:\\\/\\\/www.bellunopress.it\\\/#\\\/schema\\\/person\\\/79bb06722b37ece1c03d3e94beb30d73\",\"name\":\"redazione\",\"image\":{\"@type\":\"ImageObject\",\"inLanguage\":\"fr-FR\",\"@id\":\"https:\\\/\\\/secure.gravatar.com\\\/avatar\\\/37d968a2e67a6fd04c169c4bdef102d0bc5d31b2546345219e348575eb80e9a0?s=96&d=mm&r=g\",\"url\":\"https:\\\/\\\/secure.gravatar.com\\\/avatar\\\/37d968a2e67a6fd04c169c4bdef102d0bc5d31b2546345219e348575eb80e9a0?s=96&d=mm&r=g\",\"contentUrl\":\"https:\\\/\\\/secure.gravatar.com\\\/avatar\\\/37d968a2e67a6fd04c169c4bdef102d0bc5d31b2546345219e348575eb80e9a0?s=96&d=mm&r=g\",\"caption\":\"redazione\"},\"sameAs\":[\"http:\\\/\\\/www.bellunopress.it\",\"https:\\\/\\\/x.com\\\/bellunopress\"],\"url\":\"https:\\\/\\\/www.bellunopress.it\\\/fr\\\/author\\\/redazione\\\/\"}]}<\/script>\n<!-- \/ Yoast SEO plugin. -->","yoast_head_json":{"title":"Casa di riposo di Cavarzano: il consigliere Barichello replica all'assessore Paganin - Bellunopress - Dolomiti","robots":{"index":"index","follow":"follow","max-snippet":"max-snippet:-1","max-image-preview":"max-image-preview:large","max-video-preview":"max-video-preview:-1"},"canonical":"https:\/\/www.bellunopress.it\/fr\/2012\/02\/05\/casa-di-riposo-di-cavarzano-il-consigliere-barichello-replica-allassessore-paganin\/","og_locale":"fr_FR","og_type":"article","og_title":"Casa di riposo di Cavarzano: il consigliere Barichello replica all'assessore Paganin - Bellunopress - Dolomiti","og_description":"Ieri ho ricevuto per e-mail le 2 risposte alle interrogazioni che ho presentato qualche Consiglio fa e che per svariati motivi ricevo risposta solo ora. Dalle risposte a dir poco incredibili dell&#8217;assessore alla sanit\u00e0 del Comune di Belluno Angelo Paganin, si evince quanto bisogna ancora fare per modernizzare e usare meglio tutte le risorse anche [&hellip;]","og_url":"https:\/\/www.bellunopress.it\/fr\/2012\/02\/05\/casa-di-riposo-di-cavarzano-il-consigliere-barichello-replica-allassessore-paganin\/","og_site_name":"Bellunopress - Dolomiti","article_publisher":"https:\/\/www.facebook.com\/profile.php?id=100008943462799","article_published_time":"2012-02-05T22:39:54+00:00","article_modified_time":"2012-02-06T11:26:41+00:00","og_image":[{"url":"http:\/\/www.bellunopress.it\/wp-content\/uploads\/2009\/03\/casa-di-riposo-maria-gaggia-lante-belluno-240x180.jpg","type":"","width":"","height":""}],"author":"redazione","twitter_card":"summary_large_image","twitter_creator":"@bellunopress","twitter_site":"@bellunopress","twitter_misc":{"\u00c9crit par":"redazione","Dur\u00e9e de lecture estim\u00e9e":"3 minutes"},"schema":{"@context":"https:\/\/schema.org","@graph":[{"@type":"Article","@id":"https:\/\/www.bellunopress.it\/2012\/02\/05\/casa-di-riposo-di-cavarzano-il-consigliere-barichello-replica-allassessore-paganin\/#article","isPartOf":{"@id":"https:\/\/www.bellunopress.it\/2012\/02\/05\/casa-di-riposo-di-cavarzano-il-consigliere-barichello-replica-allassessore-paganin\/"},"author":{"name":"redazione","@id":"https:\/\/www.bellunopress.it\/#\/schema\/person\/79bb06722b37ece1c03d3e94beb30d73"},"headline":"Casa di riposo di Cavarzano: il consigliere Barichello replica all&#8217;assessore Paganin","datePublished":"2012-02-05T22:39:54+00:00","dateModified":"2012-02-06T11:26:41+00:00","mainEntityOfPage":{"@id":"https:\/\/www.bellunopress.it\/2012\/02\/05\/casa-di-riposo-di-cavarzano-il-consigliere-barichello-replica-allassessore-paganin\/"},"wordCount":609,"publisher":{"@id":"https:\/\/www.bellunopress.it\/#organization"},"image":{"@id":"https:\/\/www.bellunopress.it\/2012\/02\/05\/casa-di-riposo-di-cavarzano-il-consigliere-barichello-replica-allassessore-paganin\/#primaryimage"},"thumbnailUrl":"http:\/\/www.bellunopress.it\/wp-content\/uploads\/2009\/03\/casa-di-riposo-maria-gaggia-lante-belluno-240x180.jpg","articleSection":["Prima Pagina","Sanit\u00e0 Medicina"],"inLanguage":"fr-FR"},{"@type":"WebPage","@id":"https:\/\/www.bellunopress.it\/2012\/02\/05\/casa-di-riposo-di-cavarzano-il-consigliere-barichello-replica-allassessore-paganin\/","url":"https:\/\/www.bellunopress.it\/2012\/02\/05\/casa-di-riposo-di-cavarzano-il-consigliere-barichello-replica-allassessore-paganin\/","name":"Casa di riposo di Cavarzano: il consigliere Barichello replica all'assessore Paganin - Bellunopress - Dolomiti","isPartOf":{"@id":"https:\/\/www.bellunopress.it\/#website"},"primaryImageOfPage":{"@id":"https:\/\/www.bellunopress.it\/2012\/02\/05\/casa-di-riposo-di-cavarzano-il-consigliere-barichello-replica-allassessore-paganin\/#primaryimage"},"image":{"@id":"https:\/\/www.bellunopress.it\/2012\/02\/05\/casa-di-riposo-di-cavarzano-il-consigliere-barichello-replica-allassessore-paganin\/#primaryimage"},"thumbnailUrl":"http:\/\/www.bellunopress.it\/wp-content\/uploads\/2009\/03\/casa-di-riposo-maria-gaggia-lante-belluno-240x180.jpg","datePublished":"2012-02-05T22:39:54+00:00","dateModified":"2012-02-06T11:26:41+00:00","breadcrumb":{"@id":"https:\/\/www.bellunopress.it\/2012\/02\/05\/casa-di-riposo-di-cavarzano-il-consigliere-barichello-replica-allassessore-paganin\/#breadcrumb"},"inLanguage":"fr-FR","potentialAction":[{"@type":"ReadAction","target":["https:\/\/www.bellunopress.it\/2012\/02\/05\/casa-di-riposo-di-cavarzano-il-consigliere-barichello-replica-allassessore-paganin\/"]}]},{"@type":"ImageObject","inLanguage":"fr-FR","@id":"https:\/\/www.bellunopress.it\/2012\/02\/05\/casa-di-riposo-di-cavarzano-il-consigliere-barichello-replica-allassessore-paganin\/#primaryimage","url":"http:\/\/www.bellunopress.it\/wp-content\/uploads\/2009\/03\/casa-di-riposo-maria-gaggia-lante-belluno-240x180.jpg","contentUrl":"http:\/\/www.bellunopress.it\/wp-content\/uploads\/2009\/03\/casa-di-riposo-maria-gaggia-lante-belluno-240x180.jpg"},{"@type":"BreadcrumbList","@id":"https:\/\/www.bellunopress.it\/2012\/02\/05\/casa-di-riposo-di-cavarzano-il-consigliere-barichello-replica-allassessore-paganin\/#breadcrumb","itemListElement":[{"@type":"ListItem","position":1,"name":"Home","item":"https:\/\/www.bellunopress.it\/"},{"@type":"ListItem","position":2,"name":"Casa di riposo di Cavarzano: il consigliere Barichello replica all&#8217;assessore Paganin"}]},{"@type":"WebSite","@id":"https:\/\/www.bellunopress.it\/#website","url":"https:\/\/www.bellunopress.it\/","name":"Bellunopress - Dolomiti","description":"e-mail: redazione@bellunopress.it","publisher":{"@id":"https:\/\/www.bellunopress.it\/#organization"},"potentialAction":[{"@type":"SearchAction","target":{"@type":"EntryPoint","urlTemplate":"https:\/\/www.bellunopress.it\/?s={search_term_string}"},"query-input":{"@type":"PropertyValueSpecification","valueRequired":true,"valueName":"search_term_string"}}],"inLanguage":"fr-FR"},{"@type":"Organization","@id":"https:\/\/www.bellunopress.it\/#organization","name":"Bellunopress","url":"https:\/\/www.bellunopress.it\/","logo":{"@type":"ImageObject","inLanguage":"fr-FR","@id":"https:\/\/www.bellunopress.it\/#\/schema\/logo\/image\/","url":"https:\/\/www.bellunopress.it\/wp-content\/uploads\/2011\/05\/cropped-logo-bellunopress-.jpg","contentUrl":"https:\/\/www.bellunopress.it\/wp-content\/uploads\/2011\/05\/cropped-logo-bellunopress-.jpg","width":512,"height":512,"caption":"Bellunopress"},"image":{"@id":"https:\/\/www.bellunopress.it\/#\/schema\/logo\/image\/"},"sameAs":["https:\/\/www.facebook.com\/profile.php?id=100008943462799","https:\/\/x.com\/bellunopress","https:\/\/www.linkedin.com\/hp\/?dnr=JBzUWaJfMUw8vbXJJ2tVW5-I3jZKvC4wsoxE&amp;amp;amp;amp;amp;amp;trk=nav_responsive_tab_home","https:\/\/www.youtube.com\/channel\/UCxL0wu1uN0_3_7hGG0306cw"]},{"@type":"Person","@id":"https:\/\/www.bellunopress.it\/#\/schema\/person\/79bb06722b37ece1c03d3e94beb30d73","name":"r\u00e9daction","image":{"@type":"ImageObject","inLanguage":"fr-FR","@id":"https:\/\/secure.gravatar.com\/avatar\/37d968a2e67a6fd04c169c4bdef102d0bc5d31b2546345219e348575eb80e9a0?s=96&d=mm&r=g","url":"https:\/\/secure.gravatar.com\/avatar\/37d968a2e67a6fd04c169c4bdef102d0bc5d31b2546345219e348575eb80e9a0?s=96&d=mm&r=g","contentUrl":"https:\/\/secure.gravatar.com\/avatar\/37d968a2e67a6fd04c169c4bdef102d0bc5d31b2546345219e348575eb80e9a0?s=96&d=mm&r=g","caption":"redazione"},"sameAs":["http:\/\/www.bellunopress.it","https:\/\/x.com\/bellunopress"],"url":"https:\/\/www.bellunopress.it\/fr\/author\/redazione\/"}]}},"_links":{"self":[{"href":"https:\/\/www.bellunopress.it\/fr\/wp-json\/wp\/v2\/posts\/34769","targetHints":{"allow":["GET"]}}],"collection":[{"href":"https:\/\/www.bellunopress.it\/fr\/wp-json\/wp\/v2\/posts"}],"about":[{"href":"https:\/\/www.bellunopress.it\/fr\/wp-json\/wp\/v2\/types\/post"}],"author":[{"embeddable":true,"href":"https:\/\/www.bellunopress.it\/fr\/wp-json\/wp\/v2\/users\/2"}],"replies":[{"embeddable":true,"href":"https:\/\/www.bellunopress.it\/fr\/wp-json\/wp\/v2\/comments?post=34769"}],"version-history":[{"count":3,"href":"https:\/\/www.bellunopress.it\/fr\/wp-json\/wp\/v2\/posts\/34769\/revisions"}],"predecessor-version":[{"id":34822,"href":"https:\/\/www.bellunopress.it\/fr\/wp-json\/wp\/v2\/posts\/34769\/revisions\/34822"}],"wp:attachment":[{"href":"https:\/\/www.bellunopress.it\/fr\/wp-json\/wp\/v2\/media?parent=34769"}],"wp:term":[{"taxonomy":"category","embeddable":true,"href":"https:\/\/www.bellunopress.it\/fr\/wp-json\/wp\/v2\/categories?post=34769"},{"taxonomy":"post_tag","embeddable":true,"href":"https:\/\/www.bellunopress.it\/fr\/wp-json\/wp\/v2\/tags?post=34769"}],"curies":[{"name":"wp","href":"https:\/\/api.w.org\/{rel}","templated":true}]}}