{"id":34763,"date":"2012-02-04T10:00:36","date_gmt":"2012-02-04T09:00:36","guid":{"rendered":"http:\/\/www.bellunopress.it\/?p=34763"},"modified":"2012-02-04T10:00:36","modified_gmt":"2012-02-04T09:00:36","slug":"cortina-dampezzo-ernest-hemingway-storia-di-unaffinita-elettiva","status":"publish","type":"post","link":"https:\/\/www.bellunopress.it\/fr\/2012\/02\/04\/cortina-dampezzo-ernest-hemingway-storia-di-unaffinita-elettiva\/","title":{"rendered":"Cortina d&#8217;Ampezzo &#8211; Ernest Hemingway, storia di un&#8217;affinit\u00e0 elettiva"},"content":{"rendered":"<p><a href=\"http:\/\/www.bellunopress.it\/wp-content\/uploads\/2010\/01\/cortina.jpg\"><img loading=\"lazy\" decoding=\"async\" class=\"alignleft size-full wp-image-11186\" title=\"cortina\" src=\"http:\/\/www.bellunopress.it\/wp-content\/uploads\/2010\/01\/cortina.jpg\" alt=\"\" width=\"280\" height=\"187\" \/><\/a>Un amore ricambiato quello tra Ernest Hemingway e la valle d\u2019Ampezzo: a lanciare il ricco cartellone di iniziative, che questa estate proseguiranno le celebrazioni in corso dallo scorso dicembre, sar\u00e0 una cena-evento in programma all\u2019Hotel De La Poste sabato 4 febbraio 2012. In attesa di ripercorrere gli itinerari cari allo scrittore sulla scia della Coppa d\u2019Oro delle Dolomiti, del Cortina Car Club o con speciali ciaspolate alla scoperta dei luoghi d\u2019alta quota\u00a0 e delle citt\u00e0 che hanno ispirato la vita e l\u2019opera di Hemingway, \u00abvecchio fanatico del Veneto\u00bb, come egli stesso amava definirsi.<\/p>\n<p>Cortina d\u2019Ampezzo, 03 febbraio 2012_ Proseguono in grande stile le iniziative che Cortina\u00a0 dedica\u00a0 a Ernest Hemingway, grande appassionato delle terre del Veneto e del territorio d\u2019Ampezzo. Dopo il grande successo degli eventi dedicati nel mese di dicembre al grande romanziere americano, sar\u00e0 la volta, sabato 4 febbraio, di una speciale serata organizzata all\u2019Hotel de la Poste, frequente ritiro dello scrittore nei suoi soggiorni a Cortina. \u201cNon si tratta di una semplice cena \u2013 ha dichiarato Gherardo Manaigo -, ma qualcosa di molto pi\u00f9 ricco e coinvolgente, un vero e proprio percorso sensoriale, con prelibatezze per il palato, poesia per le orecchie e bellezza artistica per gli occhi\u201d. Luigino Grasselli \u2013 presidente dell\u2019Accademia della cucina di Cortina \u2013 ha ricostruito filologicamente, scoprendo quali erano le portate preferite dell\u2019artista, il Men\u00f9 Hemingway. \u201cPer l\u2019occasione \u2013 racconta Grasselli , saranno preparati dallo chef del Posta un antipasto di trota affumicata salmonata, tagliolini al salmone, secondo di scampi all\u2019americana e, dulcis in fundo, souffl\u00e8 con salse di cioccolato, vaniglia e lampone. Special guest, la torta Hemingway, preparata con grano saraceno e marmellata\u201d. Le portate saranno allietate da letture e racconti che Gianni Moriani, professore alla IUAV di Venezia e grande esperto, trarr\u00e0 dal libro In Venice and in the Veneto with Ernest Hemingway di cui egli stesso \u00e8 autore. Non solo parole e sapori a ricordare gli attimi di vita che il romanziere ha trascorso all\u2019ombra delle Tofane; le istantanee in bianco e nero esposte nella sala \u2013 alcune del famoso architetto Ettore Sottsass \u2013 documenteranno i soggiorni di Ernest e dei suoi compagni di viaggio, tra cui l\u2019immancabile Fernanda Pivano, moglie dello stesso Sottsass.<\/p>\n<p>Insomma, una stuzzicante premessa agli eventi e agli itinerari creati ad hoc per vivere un\u2019estate in compagnia di \u201cPapa\u201d, come veniva soprannominato lo scrittore d\u2019oltreoceano. Gigi da Riz, proprietario del Rifugio Piezza, sar\u00e0 felice di mostrare a tutti gli appassionati di escursioni in ciaspe i luoghi attorno a Passo Giau in cui Hemingway amava farsi portare sulla slitta trainata da cavalli, mentre sar\u00e0 anche la 65esima edizione della Coppa d\u2019Oro a rendere omaggio al grande romanziere. La celebre gara di regolarit\u00e0 classica, a settembre, ripercorrer\u00e0 il tour che era solito affrontare e di cui saranno protagonisti i celebri passi che circondano a mo\u2019 di corona la valle ampezzana: il tragitto si snoder\u00e0, infatti, ad alta quota, tra il Passo Tre Croci, Misurina, Dobbiaco, Brunico, la Val Badia, Corvara, Passo Campolungo, fino al Passo di Falzarego, per tornare poi in centro valle per la presentazione delle vetture: a omaggiare gli equipaggi ci sar\u00e0 con un cadeau personalizzato in ricordo della permanenza di Hemingway a Cortina.<\/p>\n<p>Anche il Cortina Car Club, l\u2019esclusivo sodalizio di amanti di auto d\u2019epoca, ha in serbo un tour estivo alla \u201cri-scoperta\u201d dei luoghi del cuore di Hemingway. A fargli da scenario saranno in questo caso le citt\u00e0 venete care all\u2019artista: oltre Cortina, anche Lignano, Venezia, che lo scrittore descriveva come \u00abun gioco meraviglioso; una specie di solitaire ambulante e se si vince si vince la felicit\u00e0 dell&#8217;occhio e del cuore\u00bb e Verona, senza dimenticare una sosta in Valpolicella, che sar\u00e0 teatro di una speciale serata &#8220;country&amp;wine&#8221;. Non solo un viaggio, ma una rivisitazione di atmosfere, suggestioni e sapori di, punto di incontro tra paesaggi, storia, letteratura, grandi personaggi ed enogastronomia.<\/p>\n<p>Info Cena-evento con Men\u00f9 Hemingway Sabato 4 febbraio, Hotel de la Poste, ore 20.30. Prenotazioni: +39 0436 4271<\/p>\n<p>&nbsp;<\/p>","protected":false},"excerpt":{"rendered":"<p>Un amore ricambiato quello tra Ernest Hemingway e la valle d\u2019Ampezzo: a lanciare il ricco cartellone di iniziative, che questa estate proseguiranno le celebrazioni in corso dallo scorso dicembre, sar\u00e0 una cena-evento in programma all\u2019Hotel De La Poste sabato 4 febbraio 2012. In attesa di ripercorrere gli itinerari cari allo scrittore sulla scia della Coppa [&hellip;]<\/p>\n","protected":false},"author":2,"featured_media":0,"comment_status":"closed","ping_status":"open","sticky":false,"template":"","format":"standard","meta":{"footnotes":""},"categories":[27,26],"tags":[],"class_list":["post-34763","post","type-post","status-publish","format-standard","category-appuntamenti","category-prima-pagina"],"yoast_head":"<!-- This site is optimized with the Yoast SEO plugin v28.4 - https:\/\/yoast.com\/product\/yoast-seo-wordpress\/ -->\n<title>Cortina d&#039;Ampezzo - Ernest Hemingway, storia di un&#039;affinit\u00e0 elettiva - Bellunopress - Dolomiti<\/title>\n<meta name=\"robots\" content=\"index, follow, max-snippet:-1, max-image-preview:large, max-video-preview:-1\" \/>\n<link rel=\"canonical\" href=\"https:\/\/www.bellunopress.it\/fr\/2012\/02\/04\/cortina-dampezzo-ernest-hemingway-storia-di-unaffinita-elettiva\/\" \/>\n<meta property=\"og:locale\" content=\"fr_FR\" \/>\n<meta property=\"og:type\" content=\"article\" \/>\n<meta property=\"og:title\" content=\"Cortina d&#039;Ampezzo - Ernest Hemingway, storia di un&#039;affinit\u00e0 elettiva - Bellunopress - Dolomiti\" \/>\n<meta property=\"og:description\" content=\"Un amore ricambiato quello tra Ernest Hemingway e la valle d\u2019Ampezzo: a lanciare il ricco cartellone di iniziative, che questa estate proseguiranno le celebrazioni in corso dallo scorso dicembre, sar\u00e0 una cena-evento in programma all\u2019Hotel De La Poste sabato 4 febbraio 2012. In attesa di ripercorrere gli itinerari cari allo scrittore sulla scia della Coppa [&hellip;]\" \/>\n<meta property=\"og:url\" content=\"https:\/\/www.bellunopress.it\/fr\/2012\/02\/04\/cortina-dampezzo-ernest-hemingway-storia-di-unaffinita-elettiva\/\" \/>\n<meta property=\"og:site_name\" content=\"Bellunopress - Dolomiti\" \/>\n<meta property=\"article:publisher\" content=\"https:\/\/www.facebook.com\/profile.php?id=100008943462799\" \/>\n<meta property=\"article:published_time\" content=\"2012-02-04T09:00:36+00:00\" \/>\n<meta property=\"og:image\" content=\"http:\/\/www.bellunopress.it\/wp-content\/uploads\/2010\/01\/cortina.jpg\" \/>\n<meta name=\"author\" content=\"redazione\" \/>\n<meta name=\"twitter:card\" content=\"summary_large_image\" \/>\n<meta name=\"twitter:creator\" content=\"@bellunopress\" \/>\n<meta name=\"twitter:site\" content=\"@bellunopress\" \/>\n<meta name=\"twitter:label1\" content=\"\u00c9crit par\" \/>\n\t<meta name=\"twitter:data1\" content=\"redazione\" \/>\n\t<meta name=\"twitter:label2\" content=\"Dur\u00e9e de lecture estim\u00e9e\" \/>\n\t<meta name=\"twitter:data2\" content=\"3 minutes\" \/>\n<script type=\"application\/ld+json\" class=\"yoast-schema-graph\">{\"@context\":\"https:\\\/\\\/schema.org\",\"@graph\":[{\"@type\":\"Article\",\"@id\":\"https:\\\/\\\/www.bellunopress.it\\\/2012\\\/02\\\/04\\\/cortina-dampezzo-ernest-hemingway-storia-di-unaffinita-elettiva\\\/#article\",\"isPartOf\":{\"@id\":\"https:\\\/\\\/www.bellunopress.it\\\/2012\\\/02\\\/04\\\/cortina-dampezzo-ernest-hemingway-storia-di-unaffinita-elettiva\\\/\"},\"author\":{\"name\":\"redazione\",\"@id\":\"https:\\\/\\\/www.bellunopress.it\\\/#\\\/schema\\\/person\\\/79bb06722b37ece1c03d3e94beb30d73\"},\"headline\":\"Cortina d&#8217;Ampezzo &#8211; Ernest Hemingway, storia di un&#8217;affinit\u00e0 elettiva\",\"datePublished\":\"2012-02-04T09:00:36+00:00\",\"mainEntityOfPage\":{\"@id\":\"https:\\\/\\\/www.bellunopress.it\\\/2012\\\/02\\\/04\\\/cortina-dampezzo-ernest-hemingway-storia-di-unaffinita-elettiva\\\/\"},\"wordCount\":673,\"publisher\":{\"@id\":\"https:\\\/\\\/www.bellunopress.it\\\/#organization\"},\"image\":{\"@id\":\"https:\\\/\\\/www.bellunopress.it\\\/2012\\\/02\\\/04\\\/cortina-dampezzo-ernest-hemingway-storia-di-unaffinita-elettiva\\\/#primaryimage\"},\"thumbnailUrl\":\"http:\\\/\\\/www.bellunopress.it\\\/wp-content\\\/uploads\\\/2010\\\/01\\\/cortina.jpg\",\"articleSection\":[\"Appuntamenti, Eventi\",\"Prima Pagina\"],\"inLanguage\":\"fr-FR\"},{\"@type\":\"WebPage\",\"@id\":\"https:\\\/\\\/www.bellunopress.it\\\/2012\\\/02\\\/04\\\/cortina-dampezzo-ernest-hemingway-storia-di-unaffinita-elettiva\\\/\",\"url\":\"https:\\\/\\\/www.bellunopress.it\\\/2012\\\/02\\\/04\\\/cortina-dampezzo-ernest-hemingway-storia-di-unaffinita-elettiva\\\/\",\"name\":\"Cortina d'Ampezzo - Ernest Hemingway, storia di un'affinit\u00e0 elettiva - Bellunopress - Dolomiti\",\"isPartOf\":{\"@id\":\"https:\\\/\\\/www.bellunopress.it\\\/#website\"},\"primaryImageOfPage\":{\"@id\":\"https:\\\/\\\/www.bellunopress.it\\\/2012\\\/02\\\/04\\\/cortina-dampezzo-ernest-hemingway-storia-di-unaffinita-elettiva\\\/#primaryimage\"},\"image\":{\"@id\":\"https:\\\/\\\/www.bellunopress.it\\\/2012\\\/02\\\/04\\\/cortina-dampezzo-ernest-hemingway-storia-di-unaffinita-elettiva\\\/#primaryimage\"},\"thumbnailUrl\":\"http:\\\/\\\/www.bellunopress.it\\\/wp-content\\\/uploads\\\/2010\\\/01\\\/cortina.jpg\",\"datePublished\":\"2012-02-04T09:00:36+00:00\",\"breadcrumb\":{\"@id\":\"https:\\\/\\\/www.bellunopress.it\\\/2012\\\/02\\\/04\\\/cortina-dampezzo-ernest-hemingway-storia-di-unaffinita-elettiva\\\/#breadcrumb\"},\"inLanguage\":\"fr-FR\",\"potentialAction\":[{\"@type\":\"ReadAction\",\"target\":[\"https:\\\/\\\/www.bellunopress.it\\\/2012\\\/02\\\/04\\\/cortina-dampezzo-ernest-hemingway-storia-di-unaffinita-elettiva\\\/\"]}]},{\"@type\":\"ImageObject\",\"inLanguage\":\"fr-FR\",\"@id\":\"https:\\\/\\\/www.bellunopress.it\\\/2012\\\/02\\\/04\\\/cortina-dampezzo-ernest-hemingway-storia-di-unaffinita-elettiva\\\/#primaryimage\",\"url\":\"http:\\\/\\\/www.bellunopress.it\\\/wp-content\\\/uploads\\\/2010\\\/01\\\/cortina.jpg\",\"contentUrl\":\"http:\\\/\\\/www.bellunopress.it\\\/wp-content\\\/uploads\\\/2010\\\/01\\\/cortina.jpg\"},{\"@type\":\"BreadcrumbList\",\"@id\":\"https:\\\/\\\/www.bellunopress.it\\\/2012\\\/02\\\/04\\\/cortina-dampezzo-ernest-hemingway-storia-di-unaffinita-elettiva\\\/#breadcrumb\",\"itemListElement\":[{\"@type\":\"ListItem\",\"position\":1,\"name\":\"Home\",\"item\":\"https:\\\/\\\/www.bellunopress.it\\\/\"},{\"@type\":\"ListItem\",\"position\":2,\"name\":\"Cortina d&#8217;Ampezzo &#8211; Ernest Hemingway, storia di un&#8217;affinit\u00e0 elettiva\"}]},{\"@type\":\"WebSite\",\"@id\":\"https:\\\/\\\/www.bellunopress.it\\\/#website\",\"url\":\"https:\\\/\\\/www.bellunopress.it\\\/\",\"name\":\"Bellunopress - Dolomiti\",\"description\":\"e-mail: redazione@bellunopress.it\",\"publisher\":{\"@id\":\"https:\\\/\\\/www.bellunopress.it\\\/#organization\"},\"potentialAction\":[{\"@type\":\"SearchAction\",\"target\":{\"@type\":\"EntryPoint\",\"urlTemplate\":\"https:\\\/\\\/www.bellunopress.it\\\/?s={search_term_string}\"},\"query-input\":{\"@type\":\"PropertyValueSpecification\",\"valueRequired\":true,\"valueName\":\"search_term_string\"}}],\"inLanguage\":\"fr-FR\"},{\"@type\":\"Organization\",\"@id\":\"https:\\\/\\\/www.bellunopress.it\\\/#organization\",\"name\":\"Bellunopress\",\"url\":\"https:\\\/\\\/www.bellunopress.it\\\/\",\"logo\":{\"@type\":\"ImageObject\",\"inLanguage\":\"fr-FR\",\"@id\":\"https:\\\/\\\/www.bellunopress.it\\\/#\\\/schema\\\/logo\\\/image\\\/\",\"url\":\"https:\\\/\\\/www.bellunopress.it\\\/wp-content\\\/uploads\\\/2011\\\/05\\\/cropped-logo-bellunopress-.jpg\",\"contentUrl\":\"https:\\\/\\\/www.bellunopress.it\\\/wp-content\\\/uploads\\\/2011\\\/05\\\/cropped-logo-bellunopress-.jpg\",\"width\":512,\"height\":512,\"caption\":\"Bellunopress\"},\"image\":{\"@id\":\"https:\\\/\\\/www.bellunopress.it\\\/#\\\/schema\\\/logo\\\/image\\\/\"},\"sameAs\":[\"https:\\\/\\\/www.facebook.com\\\/profile.php?id=100008943462799\",\"https:\\\/\\\/x.com\\\/bellunopress\",\"https:\\\/\\\/www.linkedin.com\\\/hp\\\/?dnr=JBzUWaJfMUw8vbXJJ2tVW5-I3jZKvC4wsoxE&amp;amp;amp;amp;amp;amp;trk=nav_responsive_tab_home\",\"https:\\\/\\\/www.youtube.com\\\/channel\\\/UCxL0wu1uN0_3_7hGG0306cw\"]},{\"@type\":\"Person\",\"@id\":\"https:\\\/\\\/www.bellunopress.it\\\/#\\\/schema\\\/person\\\/79bb06722b37ece1c03d3e94beb30d73\",\"name\":\"redazione\",\"image\":{\"@type\":\"ImageObject\",\"inLanguage\":\"fr-FR\",\"@id\":\"https:\\\/\\\/secure.gravatar.com\\\/avatar\\\/37d968a2e67a6fd04c169c4bdef102d0bc5d31b2546345219e348575eb80e9a0?s=96&d=mm&r=g\",\"url\":\"https:\\\/\\\/secure.gravatar.com\\\/avatar\\\/37d968a2e67a6fd04c169c4bdef102d0bc5d31b2546345219e348575eb80e9a0?s=96&d=mm&r=g\",\"contentUrl\":\"https:\\\/\\\/secure.gravatar.com\\\/avatar\\\/37d968a2e67a6fd04c169c4bdef102d0bc5d31b2546345219e348575eb80e9a0?s=96&d=mm&r=g\",\"caption\":\"redazione\"},\"sameAs\":[\"http:\\\/\\\/www.bellunopress.it\",\"https:\\\/\\\/x.com\\\/bellunopress\"],\"url\":\"https:\\\/\\\/www.bellunopress.it\\\/fr\\\/author\\\/redazione\\\/\"}]}<\/script>\n<!-- \/ Yoast SEO plugin. -->","yoast_head_json":{"title":"Cortina d'Ampezzo - Ernest Hemingway, storia di un'affinit\u00e0 elettiva - Bellunopress - Dolomiti","robots":{"index":"index","follow":"follow","max-snippet":"max-snippet:-1","max-image-preview":"max-image-preview:large","max-video-preview":"max-video-preview:-1"},"canonical":"https:\/\/www.bellunopress.it\/fr\/2012\/02\/04\/cortina-dampezzo-ernest-hemingway-storia-di-unaffinita-elettiva\/","og_locale":"fr_FR","og_type":"article","og_title":"Cortina d'Ampezzo - Ernest Hemingway, storia di un'affinit\u00e0 elettiva - Bellunopress - Dolomiti","og_description":"Un amore ricambiato quello tra Ernest Hemingway e la valle d\u2019Ampezzo: a lanciare il ricco cartellone di iniziative, che questa estate proseguiranno le celebrazioni in corso dallo scorso dicembre, sar\u00e0 una cena-evento in programma all\u2019Hotel De La Poste sabato 4 febbraio 2012. In attesa di ripercorrere gli itinerari cari allo scrittore sulla scia della Coppa [&hellip;]","og_url":"https:\/\/www.bellunopress.it\/fr\/2012\/02\/04\/cortina-dampezzo-ernest-hemingway-storia-di-unaffinita-elettiva\/","og_site_name":"Bellunopress - Dolomiti","article_publisher":"https:\/\/www.facebook.com\/profile.php?id=100008943462799","article_published_time":"2012-02-04T09:00:36+00:00","og_image":[{"url":"http:\/\/www.bellunopress.it\/wp-content\/uploads\/2010\/01\/cortina.jpg","type":"","width":"","height":""}],"author":"redazione","twitter_card":"summary_large_image","twitter_creator":"@bellunopress","twitter_site":"@bellunopress","twitter_misc":{"\u00c9crit par":"redazione","Dur\u00e9e de lecture estim\u00e9e":"3 minutes"},"schema":{"@context":"https:\/\/schema.org","@graph":[{"@type":"Article","@id":"https:\/\/www.bellunopress.it\/2012\/02\/04\/cortina-dampezzo-ernest-hemingway-storia-di-unaffinita-elettiva\/#article","isPartOf":{"@id":"https:\/\/www.bellunopress.it\/2012\/02\/04\/cortina-dampezzo-ernest-hemingway-storia-di-unaffinita-elettiva\/"},"author":{"name":"redazione","@id":"https:\/\/www.bellunopress.it\/#\/schema\/person\/79bb06722b37ece1c03d3e94beb30d73"},"headline":"Cortina d&#8217;Ampezzo &#8211; Ernest Hemingway, storia di un&#8217;affinit\u00e0 elettiva","datePublished":"2012-02-04T09:00:36+00:00","mainEntityOfPage":{"@id":"https:\/\/www.bellunopress.it\/2012\/02\/04\/cortina-dampezzo-ernest-hemingway-storia-di-unaffinita-elettiva\/"},"wordCount":673,"publisher":{"@id":"https:\/\/www.bellunopress.it\/#organization"},"image":{"@id":"https:\/\/www.bellunopress.it\/2012\/02\/04\/cortina-dampezzo-ernest-hemingway-storia-di-unaffinita-elettiva\/#primaryimage"},"thumbnailUrl":"http:\/\/www.bellunopress.it\/wp-content\/uploads\/2010\/01\/cortina.jpg","articleSection":["Appuntamenti, Eventi","Prima Pagina"],"inLanguage":"fr-FR"},{"@type":"WebPage","@id":"https:\/\/www.bellunopress.it\/2012\/02\/04\/cortina-dampezzo-ernest-hemingway-storia-di-unaffinita-elettiva\/","url":"https:\/\/www.bellunopress.it\/2012\/02\/04\/cortina-dampezzo-ernest-hemingway-storia-di-unaffinita-elettiva\/","name":"Cortina d'Ampezzo - Ernest Hemingway, storia di un'affinit\u00e0 elettiva - Bellunopress - Dolomiti","isPartOf":{"@id":"https:\/\/www.bellunopress.it\/#website"},"primaryImageOfPage":{"@id":"https:\/\/www.bellunopress.it\/2012\/02\/04\/cortina-dampezzo-ernest-hemingway-storia-di-unaffinita-elettiva\/#primaryimage"},"image":{"@id":"https:\/\/www.bellunopress.it\/2012\/02\/04\/cortina-dampezzo-ernest-hemingway-storia-di-unaffinita-elettiva\/#primaryimage"},"thumbnailUrl":"http:\/\/www.bellunopress.it\/wp-content\/uploads\/2010\/01\/cortina.jpg","datePublished":"2012-02-04T09:00:36+00:00","breadcrumb":{"@id":"https:\/\/www.bellunopress.it\/2012\/02\/04\/cortina-dampezzo-ernest-hemingway-storia-di-unaffinita-elettiva\/#breadcrumb"},"inLanguage":"fr-FR","potentialAction":[{"@type":"ReadAction","target":["https:\/\/www.bellunopress.it\/2012\/02\/04\/cortina-dampezzo-ernest-hemingway-storia-di-unaffinita-elettiva\/"]}]},{"@type":"ImageObject","inLanguage":"fr-FR","@id":"https:\/\/www.bellunopress.it\/2012\/02\/04\/cortina-dampezzo-ernest-hemingway-storia-di-unaffinita-elettiva\/#primaryimage","url":"http:\/\/www.bellunopress.it\/wp-content\/uploads\/2010\/01\/cortina.jpg","contentUrl":"http:\/\/www.bellunopress.it\/wp-content\/uploads\/2010\/01\/cortina.jpg"},{"@type":"BreadcrumbList","@id":"https:\/\/www.bellunopress.it\/2012\/02\/04\/cortina-dampezzo-ernest-hemingway-storia-di-unaffinita-elettiva\/#breadcrumb","itemListElement":[{"@type":"ListItem","position":1,"name":"Home","item":"https:\/\/www.bellunopress.it\/"},{"@type":"ListItem","position":2,"name":"Cortina d&#8217;Ampezzo &#8211; Ernest Hemingway, storia di un&#8217;affinit\u00e0 elettiva"}]},{"@type":"WebSite","@id":"https:\/\/www.bellunopress.it\/#website","url":"https:\/\/www.bellunopress.it\/","name":"Bellunopress - Dolomiti","description":"e-mail: redazione@bellunopress.it","publisher":{"@id":"https:\/\/www.bellunopress.it\/#organization"},"potentialAction":[{"@type":"SearchAction","target":{"@type":"EntryPoint","urlTemplate":"https:\/\/www.bellunopress.it\/?s={search_term_string}"},"query-input":{"@type":"PropertyValueSpecification","valueRequired":true,"valueName":"search_term_string"}}],"inLanguage":"fr-FR"},{"@type":"Organization","@id":"https:\/\/www.bellunopress.it\/#organization","name":"Bellunopress","url":"https:\/\/www.bellunopress.it\/","logo":{"@type":"ImageObject","inLanguage":"fr-FR","@id":"https:\/\/www.bellunopress.it\/#\/schema\/logo\/image\/","url":"https:\/\/www.bellunopress.it\/wp-content\/uploads\/2011\/05\/cropped-logo-bellunopress-.jpg","contentUrl":"https:\/\/www.bellunopress.it\/wp-content\/uploads\/2011\/05\/cropped-logo-bellunopress-.jpg","width":512,"height":512,"caption":"Bellunopress"},"image":{"@id":"https:\/\/www.bellunopress.it\/#\/schema\/logo\/image\/"},"sameAs":["https:\/\/www.facebook.com\/profile.php?id=100008943462799","https:\/\/x.com\/bellunopress","https:\/\/www.linkedin.com\/hp\/?dnr=JBzUWaJfMUw8vbXJJ2tVW5-I3jZKvC4wsoxE&amp;amp;amp;amp;amp;amp;trk=nav_responsive_tab_home","https:\/\/www.youtube.com\/channel\/UCxL0wu1uN0_3_7hGG0306cw"]},{"@type":"Person","@id":"https:\/\/www.bellunopress.it\/#\/schema\/person\/79bb06722b37ece1c03d3e94beb30d73","name":"r\u00e9daction","image":{"@type":"ImageObject","inLanguage":"fr-FR","@id":"https:\/\/secure.gravatar.com\/avatar\/37d968a2e67a6fd04c169c4bdef102d0bc5d31b2546345219e348575eb80e9a0?s=96&d=mm&r=g","url":"https:\/\/secure.gravatar.com\/avatar\/37d968a2e67a6fd04c169c4bdef102d0bc5d31b2546345219e348575eb80e9a0?s=96&d=mm&r=g","contentUrl":"https:\/\/secure.gravatar.com\/avatar\/37d968a2e67a6fd04c169c4bdef102d0bc5d31b2546345219e348575eb80e9a0?s=96&d=mm&r=g","caption":"redazione"},"sameAs":["http:\/\/www.bellunopress.it","https:\/\/x.com\/bellunopress"],"url":"https:\/\/www.bellunopress.it\/fr\/author\/redazione\/"}]}},"_links":{"self":[{"href":"https:\/\/www.bellunopress.it\/fr\/wp-json\/wp\/v2\/posts\/34763","targetHints":{"allow":["GET"]}}],"collection":[{"href":"https:\/\/www.bellunopress.it\/fr\/wp-json\/wp\/v2\/posts"}],"about":[{"href":"https:\/\/www.bellunopress.it\/fr\/wp-json\/wp\/v2\/types\/post"}],"author":[{"embeddable":true,"href":"https:\/\/www.bellunopress.it\/fr\/wp-json\/wp\/v2\/users\/2"}],"replies":[{"embeddable":true,"href":"https:\/\/www.bellunopress.it\/fr\/wp-json\/wp\/v2\/comments?post=34763"}],"version-history":[{"count":2,"href":"https:\/\/www.bellunopress.it\/fr\/wp-json\/wp\/v2\/posts\/34763\/revisions"}],"predecessor-version":[{"id":34765,"href":"https:\/\/www.bellunopress.it\/fr\/wp-json\/wp\/v2\/posts\/34763\/revisions\/34765"}],"wp:attachment":[{"href":"https:\/\/www.bellunopress.it\/fr\/wp-json\/wp\/v2\/media?parent=34763"}],"wp:term":[{"taxonomy":"category","embeddable":true,"href":"https:\/\/www.bellunopress.it\/fr\/wp-json\/wp\/v2\/categories?post=34763"},{"taxonomy":"post_tag","embeddable":true,"href":"https:\/\/www.bellunopress.it\/fr\/wp-json\/wp\/v2\/tags?post=34763"}],"curies":[{"name":"wp","href":"https:\/\/api.w.org\/{rel}","templated":true}]}}