{"id":34758,"date":"2012-02-04T00:26:22","date_gmt":"2012-02-03T23:26:22","guid":{"rendered":"http:\/\/www.bellunopress.it\/?p=34758"},"modified":"2012-02-04T00:26:22","modified_gmt":"2012-02-03T23:26:22","slug":"incendio-in-una-rivendita-veicoli-in-localita-villanova-di-longarone","status":"publish","type":"post","link":"https:\/\/www.bellunopress.it\/fr\/2012\/02\/04\/incendio-in-una-rivendita-veicoli-in-localita-villanova-di-longarone\/","title":{"rendered":"Incendio in una  rivendita veicoli in localit\u00e0 Villanova di Longarone"},"content":{"rendered":"<p>Alle 2 di notte di venerd\u00ec 3 febbraio la sala operativa dei Vigili del fuoco di Belluno \u00e8 stata allertata per un incendio ad un fabbricato in localit\u00e0 Villanova. Le prime squadre intervenute dal comando di Belluno hanno constatato che un furioso incendio era in atto nei locali al piano terra dell&#8217;edificio, adibiti ad esposizione e vendita di motocicli e quadricicli della ditta G.P. Racing Team. Sono stati subito allertati i rinforzi che hanno visto l&#8217;intervento complessivo di 22 unit\u00e0 dei Vigili del fuoco permanenti del comando di Belluno (17) e del distaccamento di Pieve di Cadore (5) e 2 unit\u00e0 del comando di Treviso, di supporto per il rifornimento delle scorte di liquido schiumogeno antincendio. Sono intervenuti inoltre 8 unit\u00e0 di Vigili volontari dei distaccamenti di Longarone (4), Pieve d&#8217;Alpago (2) e Belluno (2). Oltre a 13 mezzi complessivamente impiegati. L&#8217;intervento \u00e8 durato fino all&#8217;alba ed ha permesso di domare le fiamme, evitando che l&#8217;incendio si propagasse alle due abitazioni soprastanti dei proprietari dell&#8217;edificio ed all&#8217;altro edificio presente nelle vicinanze, ove il calore dei fumi e l&#8217;irraggiamento termico ha provocato la rottura dei vetri di alcune finestre. Un&#8217;ambulanza di passaggio nella zona al momento dell&#8217;incendio \u00e8 stata utilizzata per il trasporto precauzionale al pronto soccorso di Belluno di tre persone residenti nelle due abitazioni soprastanti, colte da leggero malore. I danni provocati dall&#8217;incendio alle strutture ed agli impianti dei locali del piano terra sono ingenti e tali da determinarne l&#8217;inagibilit\u00e0. ulteriori danni, ma meno gravi, si sono rilevati anche sulle murature e sugli impianti degli appartamenti del primo piano. Sono attualmente in corso le indagini sulle cause dell&#8217;incendio, rese particolarmente difficili dalla distruzione totale dei materiali contenuti all&#8217;interno dell&#8217;officina, ove si \u00e8 sviluppato originariamente l&#8217;incendio ed ove erano custoditi mezzi in riparazione con attrezzature, impianti e sostanze infiammabili e combustibili che di per s\u00e8 potevano costituire un pericolo intrinseco. Per questo sono stati fatti intervenire questa mattina anche 2 unit\u00e0 del nucleo specialistico N.b.c.r. di Mestre per le indagini strumentali e chimiche di laboratorio su campioni dei materiali bruciati, alla ricerca di eventuali sostanze pericolose sospette. gli esiti saranno presumibilmente disponibili gi\u00e0 la prossima settimana. Del fatto \u00e8 stato informata l&#8217;autorit\u00e0 giudiziaria per le ulteriori indagini ed i provvedimenti del caso. presenti sul posto anche carabinieri e personale Arpav.<\/p>","protected":false},"excerpt":{"rendered":"<p>Alle 2 di notte di venerd\u00ec 3 febbraio la sala operativa dei Vigili del fuoco di Belluno \u00e8 stata allertata per un incendio ad un fabbricato in localit\u00e0 Villanova. Le prime squadre intervenute dal comando di Belluno hanno constatato che un furioso incendio era in atto nei locali al piano terra dell&#8217;edificio, adibiti ad esposizione [&hellip;]<\/p>\n","protected":false},"author":2,"featured_media":0,"comment_status":"closed","ping_status":"open","sticky":false,"template":"","format":"standard","meta":{"footnotes":""},"categories":[5,26],"tags":[],"class_list":["post-34758","post","type-post","status-publish","format-standard","category-cronaca","category-prima-pagina"],"yoast_head":"<!-- This site is optimized with the Yoast SEO plugin v28.4 - https:\/\/yoast.com\/product\/yoast-seo-wordpress\/ -->\n<title>Incendio in una rivendita veicoli in localit\u00e0 Villanova di Longarone - Bellunopress - Dolomiti<\/title>\n<meta name=\"robots\" content=\"index, follow, max-snippet:-1, max-image-preview:large, max-video-preview:-1\" \/>\n<link rel=\"canonical\" href=\"https:\/\/www.bellunopress.it\/fr\/2012\/02\/04\/incendio-in-una-rivendita-veicoli-in-localita-villanova-di-longarone\/\" \/>\n<meta property=\"og:locale\" content=\"fr_FR\" \/>\n<meta property=\"og:type\" content=\"article\" \/>\n<meta property=\"og:title\" content=\"Incendio in una rivendita veicoli in localit\u00e0 Villanova di Longarone - Bellunopress - Dolomiti\" \/>\n<meta property=\"og:description\" content=\"Alle 2 di notte di venerd\u00ec 3 febbraio la sala operativa dei Vigili del fuoco di Belluno \u00e8 stata allertata per un incendio ad un fabbricato in localit\u00e0 Villanova. Le prime squadre intervenute dal comando di Belluno hanno constatato che un furioso incendio era in atto nei locali al piano terra dell&#8217;edificio, adibiti ad esposizione [&hellip;]\" \/>\n<meta property=\"og:url\" content=\"https:\/\/www.bellunopress.it\/fr\/2012\/02\/04\/incendio-in-una-rivendita-veicoli-in-localita-villanova-di-longarone\/\" \/>\n<meta property=\"og:site_name\" content=\"Bellunopress - Dolomiti\" \/>\n<meta property=\"article:publisher\" content=\"https:\/\/www.facebook.com\/profile.php?id=100008943462799\" \/>\n<meta property=\"article:published_time\" content=\"2012-02-03T23:26:22+00:00\" \/>\n<meta property=\"og:image\" content=\"http:\/\/www.bellunopress.it\/wp-content\/uploads\/2012\/07\/logo-bellunopress-250x250-2012.jpg\" \/>\n<meta name=\"author\" content=\"redazione\" \/>\n<meta name=\"twitter:card\" content=\"summary_large_image\" \/>\n<meta name=\"twitter:creator\" content=\"@bellunopress\" \/>\n<meta name=\"twitter:site\" content=\"@bellunopress\" \/>\n<meta name=\"twitter:label1\" content=\"\u00c9crit par\" \/>\n\t<meta name=\"twitter:data1\" content=\"redazione\" \/>\n\t<meta name=\"twitter:label2\" content=\"Dur\u00e9e de lecture estim\u00e9e\" \/>\n\t<meta name=\"twitter:data2\" content=\"2 minutes\" \/>\n<script type=\"application\/ld+json\" class=\"yoast-schema-graph\">{\"@context\":\"https:\\\/\\\/schema.org\",\"@graph\":[{\"@type\":\"Article\",\"@id\":\"https:\\\/\\\/www.bellunopress.it\\\/2012\\\/02\\\/04\\\/incendio-in-una-rivendita-veicoli-in-localita-villanova-di-longarone\\\/#article\",\"isPartOf\":{\"@id\":\"https:\\\/\\\/www.bellunopress.it\\\/2012\\\/02\\\/04\\\/incendio-in-una-rivendita-veicoli-in-localita-villanova-di-longarone\\\/\"},\"author\":{\"name\":\"redazione\",\"@id\":\"https:\\\/\\\/www.bellunopress.it\\\/#\\\/schema\\\/person\\\/79bb06722b37ece1c03d3e94beb30d73\"},\"headline\":\"Incendio in una rivendita veicoli in localit\u00e0 Villanova di Longarone\",\"datePublished\":\"2012-02-03T23:26:22+00:00\",\"mainEntityOfPage\":{\"@id\":\"https:\\\/\\\/www.bellunopress.it\\\/2012\\\/02\\\/04\\\/incendio-in-una-rivendita-veicoli-in-localita-villanova-di-longarone\\\/\"},\"wordCount\":395,\"publisher\":{\"@id\":\"https:\\\/\\\/www.bellunopress.it\\\/#organization\"},\"articleSection\":[\"Cronaca\\\/Politica\",\"Prima Pagina\"],\"inLanguage\":\"fr-FR\"},{\"@type\":\"WebPage\",\"@id\":\"https:\\\/\\\/www.bellunopress.it\\\/2012\\\/02\\\/04\\\/incendio-in-una-rivendita-veicoli-in-localita-villanova-di-longarone\\\/\",\"url\":\"https:\\\/\\\/www.bellunopress.it\\\/2012\\\/02\\\/04\\\/incendio-in-una-rivendita-veicoli-in-localita-villanova-di-longarone\\\/\",\"name\":\"Incendio in una rivendita veicoli in localit\u00e0 Villanova di Longarone - Bellunopress - Dolomiti\",\"isPartOf\":{\"@id\":\"https:\\\/\\\/www.bellunopress.it\\\/#website\"},\"datePublished\":\"2012-02-03T23:26:22+00:00\",\"breadcrumb\":{\"@id\":\"https:\\\/\\\/www.bellunopress.it\\\/2012\\\/02\\\/04\\\/incendio-in-una-rivendita-veicoli-in-localita-villanova-di-longarone\\\/#breadcrumb\"},\"inLanguage\":\"fr-FR\",\"potentialAction\":[{\"@type\":\"ReadAction\",\"target\":[\"https:\\\/\\\/www.bellunopress.it\\\/2012\\\/02\\\/04\\\/incendio-in-una-rivendita-veicoli-in-localita-villanova-di-longarone\\\/\"]}]},{\"@type\":\"BreadcrumbList\",\"@id\":\"https:\\\/\\\/www.bellunopress.it\\\/2012\\\/02\\\/04\\\/incendio-in-una-rivendita-veicoli-in-localita-villanova-di-longarone\\\/#breadcrumb\",\"itemListElement\":[{\"@type\":\"ListItem\",\"position\":1,\"name\":\"Home\",\"item\":\"https:\\\/\\\/www.bellunopress.it\\\/\"},{\"@type\":\"ListItem\",\"position\":2,\"name\":\"Incendio in una rivendita veicoli in localit\u00e0 Villanova di Longarone\"}]},{\"@type\":\"WebSite\",\"@id\":\"https:\\\/\\\/www.bellunopress.it\\\/#website\",\"url\":\"https:\\\/\\\/www.bellunopress.it\\\/\",\"name\":\"Bellunopress - Dolomiti\",\"description\":\"e-mail: redazione@bellunopress.it\",\"publisher\":{\"@id\":\"https:\\\/\\\/www.bellunopress.it\\\/#organization\"},\"potentialAction\":[{\"@type\":\"SearchAction\",\"target\":{\"@type\":\"EntryPoint\",\"urlTemplate\":\"https:\\\/\\\/www.bellunopress.it\\\/?s={search_term_string}\"},\"query-input\":{\"@type\":\"PropertyValueSpecification\",\"valueRequired\":true,\"valueName\":\"search_term_string\"}}],\"inLanguage\":\"fr-FR\"},{\"@type\":\"Organization\",\"@id\":\"https:\\\/\\\/www.bellunopress.it\\\/#organization\",\"name\":\"Bellunopress\",\"url\":\"https:\\\/\\\/www.bellunopress.it\\\/\",\"logo\":{\"@type\":\"ImageObject\",\"inLanguage\":\"fr-FR\",\"@id\":\"https:\\\/\\\/www.bellunopress.it\\\/#\\\/schema\\\/logo\\\/image\\\/\",\"url\":\"https:\\\/\\\/www.bellunopress.it\\\/wp-content\\\/uploads\\\/2011\\\/05\\\/cropped-logo-bellunopress-.jpg\",\"contentUrl\":\"https:\\\/\\\/www.bellunopress.it\\\/wp-content\\\/uploads\\\/2011\\\/05\\\/cropped-logo-bellunopress-.jpg\",\"width\":512,\"height\":512,\"caption\":\"Bellunopress\"},\"image\":{\"@id\":\"https:\\\/\\\/www.bellunopress.it\\\/#\\\/schema\\\/logo\\\/image\\\/\"},\"sameAs\":[\"https:\\\/\\\/www.facebook.com\\\/profile.php?id=100008943462799\",\"https:\\\/\\\/x.com\\\/bellunopress\",\"https:\\\/\\\/www.linkedin.com\\\/hp\\\/?dnr=JBzUWaJfMUw8vbXJJ2tVW5-I3jZKvC4wsoxE&amp;amp;amp;amp;amp;amp;trk=nav_responsive_tab_home\",\"https:\\\/\\\/www.youtube.com\\\/channel\\\/UCxL0wu1uN0_3_7hGG0306cw\"]},{\"@type\":\"Person\",\"@id\":\"https:\\\/\\\/www.bellunopress.it\\\/#\\\/schema\\\/person\\\/79bb06722b37ece1c03d3e94beb30d73\",\"name\":\"redazione\",\"image\":{\"@type\":\"ImageObject\",\"inLanguage\":\"fr-FR\",\"@id\":\"https:\\\/\\\/secure.gravatar.com\\\/avatar\\\/37d968a2e67a6fd04c169c4bdef102d0bc5d31b2546345219e348575eb80e9a0?s=96&d=mm&r=g\",\"url\":\"https:\\\/\\\/secure.gravatar.com\\\/avatar\\\/37d968a2e67a6fd04c169c4bdef102d0bc5d31b2546345219e348575eb80e9a0?s=96&d=mm&r=g\",\"contentUrl\":\"https:\\\/\\\/secure.gravatar.com\\\/avatar\\\/37d968a2e67a6fd04c169c4bdef102d0bc5d31b2546345219e348575eb80e9a0?s=96&d=mm&r=g\",\"caption\":\"redazione\"},\"sameAs\":[\"http:\\\/\\\/www.bellunopress.it\",\"https:\\\/\\\/x.com\\\/bellunopress\"],\"url\":\"https:\\\/\\\/www.bellunopress.it\\\/fr\\\/author\\\/redazione\\\/\"}]}<\/script>\n<!-- \/ Yoast SEO plugin. -->","yoast_head_json":{"title":"Incendio in una rivendita veicoli in localit\u00e0 Villanova di Longarone - Bellunopress - Dolomiti","robots":{"index":"index","follow":"follow","max-snippet":"max-snippet:-1","max-image-preview":"max-image-preview:large","max-video-preview":"max-video-preview:-1"},"canonical":"https:\/\/www.bellunopress.it\/fr\/2012\/02\/04\/incendio-in-una-rivendita-veicoli-in-localita-villanova-di-longarone\/","og_locale":"fr_FR","og_type":"article","og_title":"Incendio in una rivendita veicoli in localit\u00e0 Villanova di Longarone - Bellunopress - Dolomiti","og_description":"Alle 2 di notte di venerd\u00ec 3 febbraio la sala operativa dei Vigili del fuoco di Belluno \u00e8 stata allertata per un incendio ad un fabbricato in localit\u00e0 Villanova. Le prime squadre intervenute dal comando di Belluno hanno constatato che un furioso incendio era in atto nei locali al piano terra dell&#8217;edificio, adibiti ad esposizione [&hellip;]","og_url":"https:\/\/www.bellunopress.it\/fr\/2012\/02\/04\/incendio-in-una-rivendita-veicoli-in-localita-villanova-di-longarone\/","og_site_name":"Bellunopress - Dolomiti","article_publisher":"https:\/\/www.facebook.com\/profile.php?id=100008943462799","article_published_time":"2012-02-03T23:26:22+00:00","og_image":[{"url":"http:\/\/www.bellunopress.it\/wp-content\/uploads\/2012\/07\/logo-bellunopress-250x250-2012.jpg","type":"","width":"","height":""}],"author":"redazione","twitter_card":"summary_large_image","twitter_creator":"@bellunopress","twitter_site":"@bellunopress","twitter_misc":{"\u00c9crit par":"redazione","Dur\u00e9e de lecture estim\u00e9e":"2 minutes"},"schema":{"@context":"https:\/\/schema.org","@graph":[{"@type":"Article","@id":"https:\/\/www.bellunopress.it\/2012\/02\/04\/incendio-in-una-rivendita-veicoli-in-localita-villanova-di-longarone\/#article","isPartOf":{"@id":"https:\/\/www.bellunopress.it\/2012\/02\/04\/incendio-in-una-rivendita-veicoli-in-localita-villanova-di-longarone\/"},"author":{"name":"redazione","@id":"https:\/\/www.bellunopress.it\/#\/schema\/person\/79bb06722b37ece1c03d3e94beb30d73"},"headline":"Incendio in una rivendita veicoli in localit\u00e0 Villanova di Longarone","datePublished":"2012-02-03T23:26:22+00:00","mainEntityOfPage":{"@id":"https:\/\/www.bellunopress.it\/2012\/02\/04\/incendio-in-una-rivendita-veicoli-in-localita-villanova-di-longarone\/"},"wordCount":395,"publisher":{"@id":"https:\/\/www.bellunopress.it\/#organization"},"articleSection":["Cronaca\/Politica","Prima Pagina"],"inLanguage":"fr-FR"},{"@type":"WebPage","@id":"https:\/\/www.bellunopress.it\/2012\/02\/04\/incendio-in-una-rivendita-veicoli-in-localita-villanova-di-longarone\/","url":"https:\/\/www.bellunopress.it\/2012\/02\/04\/incendio-in-una-rivendita-veicoli-in-localita-villanova-di-longarone\/","name":"Incendio in una rivendita veicoli in localit\u00e0 Villanova di Longarone - Bellunopress - Dolomiti","isPartOf":{"@id":"https:\/\/www.bellunopress.it\/#website"},"datePublished":"2012-02-03T23:26:22+00:00","breadcrumb":{"@id":"https:\/\/www.bellunopress.it\/2012\/02\/04\/incendio-in-una-rivendita-veicoli-in-localita-villanova-di-longarone\/#breadcrumb"},"inLanguage":"fr-FR","potentialAction":[{"@type":"ReadAction","target":["https:\/\/www.bellunopress.it\/2012\/02\/04\/incendio-in-una-rivendita-veicoli-in-localita-villanova-di-longarone\/"]}]},{"@type":"BreadcrumbList","@id":"https:\/\/www.bellunopress.it\/2012\/02\/04\/incendio-in-una-rivendita-veicoli-in-localita-villanova-di-longarone\/#breadcrumb","itemListElement":[{"@type":"ListItem","position":1,"name":"Home","item":"https:\/\/www.bellunopress.it\/"},{"@type":"ListItem","position":2,"name":"Incendio in una rivendita veicoli in localit\u00e0 Villanova di Longarone"}]},{"@type":"WebSite","@id":"https:\/\/www.bellunopress.it\/#website","url":"https:\/\/www.bellunopress.it\/","name":"Bellunopress - Dolomiti","description":"e-mail: redazione@bellunopress.it","publisher":{"@id":"https:\/\/www.bellunopress.it\/#organization"},"potentialAction":[{"@type":"SearchAction","target":{"@type":"EntryPoint","urlTemplate":"https:\/\/www.bellunopress.it\/?s={search_term_string}"},"query-input":{"@type":"PropertyValueSpecification","valueRequired":true,"valueName":"search_term_string"}}],"inLanguage":"fr-FR"},{"@type":"Organization","@id":"https:\/\/www.bellunopress.it\/#organization","name":"Bellunopress","url":"https:\/\/www.bellunopress.it\/","logo":{"@type":"ImageObject","inLanguage":"fr-FR","@id":"https:\/\/www.bellunopress.it\/#\/schema\/logo\/image\/","url":"https:\/\/www.bellunopress.it\/wp-content\/uploads\/2011\/05\/cropped-logo-bellunopress-.jpg","contentUrl":"https:\/\/www.bellunopress.it\/wp-content\/uploads\/2011\/05\/cropped-logo-bellunopress-.jpg","width":512,"height":512,"caption":"Bellunopress"},"image":{"@id":"https:\/\/www.bellunopress.it\/#\/schema\/logo\/image\/"},"sameAs":["https:\/\/www.facebook.com\/profile.php?id=100008943462799","https:\/\/x.com\/bellunopress","https:\/\/www.linkedin.com\/hp\/?dnr=JBzUWaJfMUw8vbXJJ2tVW5-I3jZKvC4wsoxE&amp;amp;amp;amp;amp;amp;trk=nav_responsive_tab_home","https:\/\/www.youtube.com\/channel\/UCxL0wu1uN0_3_7hGG0306cw"]},{"@type":"Person","@id":"https:\/\/www.bellunopress.it\/#\/schema\/person\/79bb06722b37ece1c03d3e94beb30d73","name":"r\u00e9daction","image":{"@type":"ImageObject","inLanguage":"fr-FR","@id":"https:\/\/secure.gravatar.com\/avatar\/37d968a2e67a6fd04c169c4bdef102d0bc5d31b2546345219e348575eb80e9a0?s=96&d=mm&r=g","url":"https:\/\/secure.gravatar.com\/avatar\/37d968a2e67a6fd04c169c4bdef102d0bc5d31b2546345219e348575eb80e9a0?s=96&d=mm&r=g","contentUrl":"https:\/\/secure.gravatar.com\/avatar\/37d968a2e67a6fd04c169c4bdef102d0bc5d31b2546345219e348575eb80e9a0?s=96&d=mm&r=g","caption":"redazione"},"sameAs":["http:\/\/www.bellunopress.it","https:\/\/x.com\/bellunopress"],"url":"https:\/\/www.bellunopress.it\/fr\/author\/redazione\/"}]}},"_links":{"self":[{"href":"https:\/\/www.bellunopress.it\/fr\/wp-json\/wp\/v2\/posts\/34758","targetHints":{"allow":["GET"]}}],"collection":[{"href":"https:\/\/www.bellunopress.it\/fr\/wp-json\/wp\/v2\/posts"}],"about":[{"href":"https:\/\/www.bellunopress.it\/fr\/wp-json\/wp\/v2\/types\/post"}],"author":[{"embeddable":true,"href":"https:\/\/www.bellunopress.it\/fr\/wp-json\/wp\/v2\/users\/2"}],"replies":[{"embeddable":true,"href":"https:\/\/www.bellunopress.it\/fr\/wp-json\/wp\/v2\/comments?post=34758"}],"version-history":[{"count":1,"href":"https:\/\/www.bellunopress.it\/fr\/wp-json\/wp\/v2\/posts\/34758\/revisions"}],"predecessor-version":[{"id":34759,"href":"https:\/\/www.bellunopress.it\/fr\/wp-json\/wp\/v2\/posts\/34758\/revisions\/34759"}],"wp:attachment":[{"href":"https:\/\/www.bellunopress.it\/fr\/wp-json\/wp\/v2\/media?parent=34758"}],"wp:term":[{"taxonomy":"category","embeddable":true,"href":"https:\/\/www.bellunopress.it\/fr\/wp-json\/wp\/v2\/categories?post=34758"},{"taxonomy":"post_tag","embeddable":true,"href":"https:\/\/www.bellunopress.it\/fr\/wp-json\/wp\/v2\/tags?post=34758"}],"curies":[{"name":"wp","href":"https:\/\/api.w.org\/{rel}","templated":true}]}}