{"id":34754,"date":"2012-02-03T23:54:27","date_gmt":"2012-02-03T22:54:27","guid":{"rendered":"http:\/\/www.bellunopress.it\/?p=34754"},"modified":"2012-02-03T23:54:27","modified_gmt":"2012-02-03T22:54:27","slug":"primarie-quintessenza-del-pd-le-precisazioni-dei-due-ex-segretari-dei-circoli-pd-di-cavarzano-oltrardo-e-mussoi-massaro-ha-votato-a-favore-della-primarie","status":"publish","type":"post","link":"https:\/\/www.bellunopress.it\/fr\/2012\/02\/03\/primarie-quintessenza-del-pd-le-precisazioni-dei-due-ex-segretari-dei-circoli-pd-di-cavarzano-oltrardo-e-mussoi-massaro-ha-votato-a-favore-della-primarie\/","title":{"rendered":"Primarie, quintessenza del Pd. Le precisazioni dei due ex segretari dei circoli Pd di Cavarzano-Oltrardo e Mussoi: &#8220;Massaro ha votato a favore della primarie&#8221;!"},"content":{"rendered":"<figure id=\"attachment_34756\" aria-describedby=\"caption-attachment-34756\" style=\"width: 123px\" class=\"wp-caption alignleft\"><a href=\"http:\/\/www.bellunopress.it\/wp-content\/uploads\/2012\/02\/lucia-olivotto.jpg\"><img loading=\"lazy\" decoding=\"async\" class=\"size-full wp-image-34756\" title=\"lucia olivotto\" src=\"http:\/\/www.bellunopress.it\/wp-content\/uploads\/2012\/02\/lucia-olivotto.jpg\" alt=\"\" width=\"123\" height=\"145\" \/><\/a><figcaption id=\"caption-attachment-34756\" class=\"wp-caption-text\">Lucia Olivotto<\/figcaption><\/figure>\n<p>&#8220;Leggiamo sulla stampa una sciocca diatriba che riguarda il Partito Democratico bellunese, in particolare sui soggetti che sarebbero stati favorevoli o contrari alle primarie&#8221;. Lo scrivono in una nota i due ex segretari dei circoli Pd di Cavarzano-Oltrardo Lucia Olivotto e di Mussoi Biagio giannone.<\/p>\n<p>&#8220;Le primarie &#8211; proseguono i due dirigenti dimissionari del Pd &#8211; sono lo strumento naturale utilizzato dal Partito democratico per la scelta dei propri candidati, possiamo dire che il Partito \u00e8 nato con le primarie; le primarie sono il &#8220;mito fondativo&#8221; del PD.<\/p>\n<p>Per dovere di cronaca va detto che il Partito pu\u00f2 abbandonare lo strumento principe delle primarie ed utilizzare degli strumenti alternativi per la scelta dei propri candidati; \u00e8 ci\u00f2 che \u00e8 successo a Belluno quando \u00e8 stato individuato il candidato sindaco per le prossime elezioni nella persona di Claudia Bettiol attraverso la votazione in assemblea.<\/p>\n<p>Affinch\u00e8 il Partito abbandoni le primarie per uno strumento alternativo per\u00f2, \u00e8 necessario il voto in assemblea con la maggioranza dei 3\/5. Sempre per dovere di cronaca &#8211; proseguono Lucia Olivotto e Biagio Giannone &#8211;\u00a0 ci sembra giusto dire che le persone che in assemblea hanno votato contro lo strumento alternativo e dunque a favore delle primarie sono state: Buttignon Mario, Buttignon Simonetta, Ganz Gabriele, Massaro Jacopo, Masut Francesco, Mazzucato Valeria, Olivotto Lucia e Purpora Marco. Risulta quindi di tutta evidenza &#8211; conclude la nota &#8211;\u00a0 chi \u00e8 stato favorevole alle primarie e chi invece no. Biagio Giannone si associa idealmente a questo voto favorevole alle primarie che non ha potuto esprimere concretamente in quanto assente all&#8217;assemblea per motivi di lavoro&#8221;.<\/p>\n<p>&nbsp;<\/p>","protected":false},"excerpt":{"rendered":"<p>&#8220;Leggiamo sulla stampa una sciocca diatriba che riguarda il Partito Democratico bellunese, in particolare sui soggetti che sarebbero stati favorevoli o contrari alle primarie&#8221;. Lo scrivono in una nota i due ex segretari dei circoli Pd di Cavarzano-Oltrardo Lucia Olivotto e di Mussoi Biagio giannone. &#8220;Le primarie &#8211; proseguono i due dirigenti dimissionari del Pd [&hellip;]<\/p>\n","protected":false},"author":2,"featured_media":0,"comment_status":"closed","ping_status":"open","sticky":false,"template":"","format":"standard","meta":{"footnotes":""},"categories":[5,26],"tags":[],"class_list":["post-34754","post","type-post","status-publish","format-standard","category-cronaca","category-prima-pagina"],"yoast_head":"<!-- This site is optimized with the Yoast SEO plugin v28.4 - https:\/\/yoast.com\/product\/yoast-seo-wordpress\/ -->\n<title>Primarie, quintessenza del Pd. Le precisazioni dei due ex segretari dei circoli Pd di Cavarzano-Oltrardo e Mussoi: &quot;Massaro ha votato a favore della primarie&quot;! - Bellunopress - Dolomiti<\/title>\n<meta name=\"robots\" content=\"index, follow, max-snippet:-1, max-image-preview:large, max-video-preview:-1\" \/>\n<link rel=\"canonical\" href=\"https:\/\/www.bellunopress.it\/fr\/2012\/02\/03\/primarie-quintessenza-del-pd-le-precisazioni-dei-due-ex-segretari-dei-circoli-pd-di-cavarzano-oltrardo-e-mussoi-massaro-ha-votato-a-favore-della-primarie\/\" \/>\n<meta property=\"og:locale\" content=\"fr_FR\" \/>\n<meta property=\"og:type\" content=\"article\" \/>\n<meta property=\"og:title\" content=\"Primarie, quintessenza del Pd. Le precisazioni dei due ex segretari dei circoli Pd di Cavarzano-Oltrardo e Mussoi: &quot;Massaro ha votato a favore della primarie&quot;! - Bellunopress - Dolomiti\" \/>\n<meta property=\"og:description\" content=\"&#8220;Leggiamo sulla stampa una sciocca diatriba che riguarda il Partito Democratico bellunese, in particolare sui soggetti che sarebbero stati favorevoli o contrari alle primarie&#8221;. Lo scrivono in una nota i due ex segretari dei circoli Pd di Cavarzano-Oltrardo Lucia Olivotto e di Mussoi Biagio giannone. &#8220;Le primarie &#8211; proseguono i due dirigenti dimissionari del Pd [&hellip;]\" \/>\n<meta property=\"og:url\" content=\"https:\/\/www.bellunopress.it\/fr\/2012\/02\/03\/primarie-quintessenza-del-pd-le-precisazioni-dei-due-ex-segretari-dei-circoli-pd-di-cavarzano-oltrardo-e-mussoi-massaro-ha-votato-a-favore-della-primarie\/\" \/>\n<meta property=\"og:site_name\" content=\"Bellunopress - Dolomiti\" \/>\n<meta property=\"article:publisher\" content=\"https:\/\/www.facebook.com\/profile.php?id=100008943462799\" \/>\n<meta property=\"article:published_time\" content=\"2012-02-03T22:54:27+00:00\" \/>\n<meta property=\"og:image\" content=\"http:\/\/www.bellunopress.it\/wp-content\/uploads\/2012\/02\/lucia-olivotto.jpg\" \/>\n<meta name=\"author\" content=\"redazione\" \/>\n<meta name=\"twitter:card\" content=\"summary_large_image\" \/>\n<meta name=\"twitter:creator\" content=\"@bellunopress\" \/>\n<meta name=\"twitter:site\" content=\"@bellunopress\" \/>\n<meta name=\"twitter:label1\" content=\"\u00c9crit par\" \/>\n\t<meta name=\"twitter:data1\" content=\"redazione\" \/>\n\t<meta name=\"twitter:label2\" content=\"Dur\u00e9e de lecture estim\u00e9e\" \/>\n\t<meta name=\"twitter:data2\" content=\"1 minute\" \/>\n<script type=\"application\/ld+json\" class=\"yoast-schema-graph\">{\"@context\":\"https:\\\/\\\/schema.org\",\"@graph\":[{\"@type\":\"Article\",\"@id\":\"https:\\\/\\\/www.bellunopress.it\\\/2012\\\/02\\\/03\\\/primarie-quintessenza-del-pd-le-precisazioni-dei-due-ex-segretari-dei-circoli-pd-di-cavarzano-oltrardo-e-mussoi-massaro-ha-votato-a-favore-della-primarie\\\/#article\",\"isPartOf\":{\"@id\":\"https:\\\/\\\/www.bellunopress.it\\\/2012\\\/02\\\/03\\\/primarie-quintessenza-del-pd-le-precisazioni-dei-due-ex-segretari-dei-circoli-pd-di-cavarzano-oltrardo-e-mussoi-massaro-ha-votato-a-favore-della-primarie\\\/\"},\"author\":{\"name\":\"redazione\",\"@id\":\"https:\\\/\\\/www.bellunopress.it\\\/#\\\/schema\\\/person\\\/79bb06722b37ece1c03d3e94beb30d73\"},\"headline\":\"Primarie, quintessenza del Pd. Le precisazioni dei due ex segretari dei circoli Pd di Cavarzano-Oltrardo e Mussoi: &#8220;Massaro ha votato a favore della primarie&#8221;!\",\"datePublished\":\"2012-02-03T22:54:27+00:00\",\"mainEntityOfPage\":{\"@id\":\"https:\\\/\\\/www.bellunopress.it\\\/2012\\\/02\\\/03\\\/primarie-quintessenza-del-pd-le-precisazioni-dei-due-ex-segretari-dei-circoli-pd-di-cavarzano-oltrardo-e-mussoi-massaro-ha-votato-a-favore-della-primarie\\\/\"},\"wordCount\":293,\"publisher\":{\"@id\":\"https:\\\/\\\/www.bellunopress.it\\\/#organization\"},\"image\":{\"@id\":\"https:\\\/\\\/www.bellunopress.it\\\/2012\\\/02\\\/03\\\/primarie-quintessenza-del-pd-le-precisazioni-dei-due-ex-segretari-dei-circoli-pd-di-cavarzano-oltrardo-e-mussoi-massaro-ha-votato-a-favore-della-primarie\\\/#primaryimage\"},\"thumbnailUrl\":\"http:\\\/\\\/www.bellunopress.it\\\/wp-content\\\/uploads\\\/2012\\\/02\\\/lucia-olivotto.jpg\",\"articleSection\":[\"Cronaca\\\/Politica\",\"Prima Pagina\"],\"inLanguage\":\"fr-FR\"},{\"@type\":\"WebPage\",\"@id\":\"https:\\\/\\\/www.bellunopress.it\\\/2012\\\/02\\\/03\\\/primarie-quintessenza-del-pd-le-precisazioni-dei-due-ex-segretari-dei-circoli-pd-di-cavarzano-oltrardo-e-mussoi-massaro-ha-votato-a-favore-della-primarie\\\/\",\"url\":\"https:\\\/\\\/www.bellunopress.it\\\/2012\\\/02\\\/03\\\/primarie-quintessenza-del-pd-le-precisazioni-dei-due-ex-segretari-dei-circoli-pd-di-cavarzano-oltrardo-e-mussoi-massaro-ha-votato-a-favore-della-primarie\\\/\",\"name\":\"Primarie, quintessenza del Pd. Le precisazioni dei due ex segretari dei circoli Pd di Cavarzano-Oltrardo e Mussoi: \\\"Massaro ha votato a favore della primarie\\\"! - Bellunopress - Dolomiti\",\"isPartOf\":{\"@id\":\"https:\\\/\\\/www.bellunopress.it\\\/#website\"},\"primaryImageOfPage\":{\"@id\":\"https:\\\/\\\/www.bellunopress.it\\\/2012\\\/02\\\/03\\\/primarie-quintessenza-del-pd-le-precisazioni-dei-due-ex-segretari-dei-circoli-pd-di-cavarzano-oltrardo-e-mussoi-massaro-ha-votato-a-favore-della-primarie\\\/#primaryimage\"},\"image\":{\"@id\":\"https:\\\/\\\/www.bellunopress.it\\\/2012\\\/02\\\/03\\\/primarie-quintessenza-del-pd-le-precisazioni-dei-due-ex-segretari-dei-circoli-pd-di-cavarzano-oltrardo-e-mussoi-massaro-ha-votato-a-favore-della-primarie\\\/#primaryimage\"},\"thumbnailUrl\":\"http:\\\/\\\/www.bellunopress.it\\\/wp-content\\\/uploads\\\/2012\\\/02\\\/lucia-olivotto.jpg\",\"datePublished\":\"2012-02-03T22:54:27+00:00\",\"breadcrumb\":{\"@id\":\"https:\\\/\\\/www.bellunopress.it\\\/2012\\\/02\\\/03\\\/primarie-quintessenza-del-pd-le-precisazioni-dei-due-ex-segretari-dei-circoli-pd-di-cavarzano-oltrardo-e-mussoi-massaro-ha-votato-a-favore-della-primarie\\\/#breadcrumb\"},\"inLanguage\":\"fr-FR\",\"potentialAction\":[{\"@type\":\"ReadAction\",\"target\":[\"https:\\\/\\\/www.bellunopress.it\\\/2012\\\/02\\\/03\\\/primarie-quintessenza-del-pd-le-precisazioni-dei-due-ex-segretari-dei-circoli-pd-di-cavarzano-oltrardo-e-mussoi-massaro-ha-votato-a-favore-della-primarie\\\/\"]}]},{\"@type\":\"ImageObject\",\"inLanguage\":\"fr-FR\",\"@id\":\"https:\\\/\\\/www.bellunopress.it\\\/2012\\\/02\\\/03\\\/primarie-quintessenza-del-pd-le-precisazioni-dei-due-ex-segretari-dei-circoli-pd-di-cavarzano-oltrardo-e-mussoi-massaro-ha-votato-a-favore-della-primarie\\\/#primaryimage\",\"url\":\"http:\\\/\\\/www.bellunopress.it\\\/wp-content\\\/uploads\\\/2012\\\/02\\\/lucia-olivotto.jpg\",\"contentUrl\":\"http:\\\/\\\/www.bellunopress.it\\\/wp-content\\\/uploads\\\/2012\\\/02\\\/lucia-olivotto.jpg\"},{\"@type\":\"BreadcrumbList\",\"@id\":\"https:\\\/\\\/www.bellunopress.it\\\/2012\\\/02\\\/03\\\/primarie-quintessenza-del-pd-le-precisazioni-dei-due-ex-segretari-dei-circoli-pd-di-cavarzano-oltrardo-e-mussoi-massaro-ha-votato-a-favore-della-primarie\\\/#breadcrumb\",\"itemListElement\":[{\"@type\":\"ListItem\",\"position\":1,\"name\":\"Home\",\"item\":\"https:\\\/\\\/www.bellunopress.it\\\/\"},{\"@type\":\"ListItem\",\"position\":2,\"name\":\"Primarie, quintessenza del Pd. Le precisazioni dei due ex segretari dei circoli Pd di Cavarzano-Oltrardo e Mussoi: &#8220;Massaro ha votato a favore della primarie&#8221;!\"}]},{\"@type\":\"WebSite\",\"@id\":\"https:\\\/\\\/www.bellunopress.it\\\/#website\",\"url\":\"https:\\\/\\\/www.bellunopress.it\\\/\",\"name\":\"Bellunopress - Dolomiti\",\"description\":\"e-mail: redazione@bellunopress.it\",\"publisher\":{\"@id\":\"https:\\\/\\\/www.bellunopress.it\\\/#organization\"},\"potentialAction\":[{\"@type\":\"SearchAction\",\"target\":{\"@type\":\"EntryPoint\",\"urlTemplate\":\"https:\\\/\\\/www.bellunopress.it\\\/?s={search_term_string}\"},\"query-input\":{\"@type\":\"PropertyValueSpecification\",\"valueRequired\":true,\"valueName\":\"search_term_string\"}}],\"inLanguage\":\"fr-FR\"},{\"@type\":\"Organization\",\"@id\":\"https:\\\/\\\/www.bellunopress.it\\\/#organization\",\"name\":\"Bellunopress\",\"url\":\"https:\\\/\\\/www.bellunopress.it\\\/\",\"logo\":{\"@type\":\"ImageObject\",\"inLanguage\":\"fr-FR\",\"@id\":\"https:\\\/\\\/www.bellunopress.it\\\/#\\\/schema\\\/logo\\\/image\\\/\",\"url\":\"https:\\\/\\\/www.bellunopress.it\\\/wp-content\\\/uploads\\\/2011\\\/05\\\/cropped-logo-bellunopress-.jpg\",\"contentUrl\":\"https:\\\/\\\/www.bellunopress.it\\\/wp-content\\\/uploads\\\/2011\\\/05\\\/cropped-logo-bellunopress-.jpg\",\"width\":512,\"height\":512,\"caption\":\"Bellunopress\"},\"image\":{\"@id\":\"https:\\\/\\\/www.bellunopress.it\\\/#\\\/schema\\\/logo\\\/image\\\/\"},\"sameAs\":[\"https:\\\/\\\/www.facebook.com\\\/profile.php?id=100008943462799\",\"https:\\\/\\\/x.com\\\/bellunopress\",\"https:\\\/\\\/www.linkedin.com\\\/hp\\\/?dnr=JBzUWaJfMUw8vbXJJ2tVW5-I3jZKvC4wsoxE&amp;amp;amp;amp;amp;amp;trk=nav_responsive_tab_home\",\"https:\\\/\\\/www.youtube.com\\\/channel\\\/UCxL0wu1uN0_3_7hGG0306cw\"]},{\"@type\":\"Person\",\"@id\":\"https:\\\/\\\/www.bellunopress.it\\\/#\\\/schema\\\/person\\\/79bb06722b37ece1c03d3e94beb30d73\",\"name\":\"redazione\",\"image\":{\"@type\":\"ImageObject\",\"inLanguage\":\"fr-FR\",\"@id\":\"https:\\\/\\\/secure.gravatar.com\\\/avatar\\\/37d968a2e67a6fd04c169c4bdef102d0bc5d31b2546345219e348575eb80e9a0?s=96&d=mm&r=g\",\"url\":\"https:\\\/\\\/secure.gravatar.com\\\/avatar\\\/37d968a2e67a6fd04c169c4bdef102d0bc5d31b2546345219e348575eb80e9a0?s=96&d=mm&r=g\",\"contentUrl\":\"https:\\\/\\\/secure.gravatar.com\\\/avatar\\\/37d968a2e67a6fd04c169c4bdef102d0bc5d31b2546345219e348575eb80e9a0?s=96&d=mm&r=g\",\"caption\":\"redazione\"},\"sameAs\":[\"http:\\\/\\\/www.bellunopress.it\",\"https:\\\/\\\/x.com\\\/bellunopress\"],\"url\":\"https:\\\/\\\/www.bellunopress.it\\\/fr\\\/author\\\/redazione\\\/\"}]}<\/script>\n<!-- \/ Yoast SEO plugin. -->","yoast_head_json":{"title":"Primarie, quintessenza del Pd. Le precisazioni dei due ex segretari dei circoli Pd di Cavarzano-Oltrardo e Mussoi: \"Massaro ha votato a favore della primarie\"! - Bellunopress - Dolomiti","robots":{"index":"index","follow":"follow","max-snippet":"max-snippet:-1","max-image-preview":"max-image-preview:large","max-video-preview":"max-video-preview:-1"},"canonical":"https:\/\/www.bellunopress.it\/fr\/2012\/02\/03\/primarie-quintessenza-del-pd-le-precisazioni-dei-due-ex-segretari-dei-circoli-pd-di-cavarzano-oltrardo-e-mussoi-massaro-ha-votato-a-favore-della-primarie\/","og_locale":"fr_FR","og_type":"article","og_title":"Primarie, quintessenza del Pd. Le precisazioni dei due ex segretari dei circoli Pd di Cavarzano-Oltrardo e Mussoi: \"Massaro ha votato a favore della primarie\"! - Bellunopress - Dolomiti","og_description":"&#8220;Leggiamo sulla stampa una sciocca diatriba che riguarda il Partito Democratico bellunese, in particolare sui soggetti che sarebbero stati favorevoli o contrari alle primarie&#8221;. Lo scrivono in una nota i due ex segretari dei circoli Pd di Cavarzano-Oltrardo Lucia Olivotto e di Mussoi Biagio giannone. &#8220;Le primarie &#8211; proseguono i due dirigenti dimissionari del Pd [&hellip;]","og_url":"https:\/\/www.bellunopress.it\/fr\/2012\/02\/03\/primarie-quintessenza-del-pd-le-precisazioni-dei-due-ex-segretari-dei-circoli-pd-di-cavarzano-oltrardo-e-mussoi-massaro-ha-votato-a-favore-della-primarie\/","og_site_name":"Bellunopress - Dolomiti","article_publisher":"https:\/\/www.facebook.com\/profile.php?id=100008943462799","article_published_time":"2012-02-03T22:54:27+00:00","og_image":[{"url":"http:\/\/www.bellunopress.it\/wp-content\/uploads\/2012\/02\/lucia-olivotto.jpg","type":"","width":"","height":""}],"author":"redazione","twitter_card":"summary_large_image","twitter_creator":"@bellunopress","twitter_site":"@bellunopress","twitter_misc":{"\u00c9crit par":"redazione","Dur\u00e9e de lecture estim\u00e9e":"1 minute"},"schema":{"@context":"https:\/\/schema.org","@graph":[{"@type":"Article","@id":"https:\/\/www.bellunopress.it\/2012\/02\/03\/primarie-quintessenza-del-pd-le-precisazioni-dei-due-ex-segretari-dei-circoli-pd-di-cavarzano-oltrardo-e-mussoi-massaro-ha-votato-a-favore-della-primarie\/#article","isPartOf":{"@id":"https:\/\/www.bellunopress.it\/2012\/02\/03\/primarie-quintessenza-del-pd-le-precisazioni-dei-due-ex-segretari-dei-circoli-pd-di-cavarzano-oltrardo-e-mussoi-massaro-ha-votato-a-favore-della-primarie\/"},"author":{"name":"redazione","@id":"https:\/\/www.bellunopress.it\/#\/schema\/person\/79bb06722b37ece1c03d3e94beb30d73"},"headline":"Primarie, quintessenza del Pd. Le precisazioni dei due ex segretari dei circoli Pd di Cavarzano-Oltrardo e Mussoi: &#8220;Massaro ha votato a favore della primarie&#8221;!","datePublished":"2012-02-03T22:54:27+00:00","mainEntityOfPage":{"@id":"https:\/\/www.bellunopress.it\/2012\/02\/03\/primarie-quintessenza-del-pd-le-precisazioni-dei-due-ex-segretari-dei-circoli-pd-di-cavarzano-oltrardo-e-mussoi-massaro-ha-votato-a-favore-della-primarie\/"},"wordCount":293,"publisher":{"@id":"https:\/\/www.bellunopress.it\/#organization"},"image":{"@id":"https:\/\/www.bellunopress.it\/2012\/02\/03\/primarie-quintessenza-del-pd-le-precisazioni-dei-due-ex-segretari-dei-circoli-pd-di-cavarzano-oltrardo-e-mussoi-massaro-ha-votato-a-favore-della-primarie\/#primaryimage"},"thumbnailUrl":"http:\/\/www.bellunopress.it\/wp-content\/uploads\/2012\/02\/lucia-olivotto.jpg","articleSection":["Cronaca\/Politica","Prima Pagina"],"inLanguage":"fr-FR"},{"@type":"WebPage","@id":"https:\/\/www.bellunopress.it\/2012\/02\/03\/primarie-quintessenza-del-pd-le-precisazioni-dei-due-ex-segretari-dei-circoli-pd-di-cavarzano-oltrardo-e-mussoi-massaro-ha-votato-a-favore-della-primarie\/","url":"https:\/\/www.bellunopress.it\/2012\/02\/03\/primarie-quintessenza-del-pd-le-precisazioni-dei-due-ex-segretari-dei-circoli-pd-di-cavarzano-oltrardo-e-mussoi-massaro-ha-votato-a-favore-della-primarie\/","name":"Primarie, quintessenza del Pd. Le precisazioni dei due ex segretari dei circoli Pd di Cavarzano-Oltrardo e Mussoi: \"Massaro ha votato a favore della primarie\"! - Bellunopress - Dolomiti","isPartOf":{"@id":"https:\/\/www.bellunopress.it\/#website"},"primaryImageOfPage":{"@id":"https:\/\/www.bellunopress.it\/2012\/02\/03\/primarie-quintessenza-del-pd-le-precisazioni-dei-due-ex-segretari-dei-circoli-pd-di-cavarzano-oltrardo-e-mussoi-massaro-ha-votato-a-favore-della-primarie\/#primaryimage"},"image":{"@id":"https:\/\/www.bellunopress.it\/2012\/02\/03\/primarie-quintessenza-del-pd-le-precisazioni-dei-due-ex-segretari-dei-circoli-pd-di-cavarzano-oltrardo-e-mussoi-massaro-ha-votato-a-favore-della-primarie\/#primaryimage"},"thumbnailUrl":"http:\/\/www.bellunopress.it\/wp-content\/uploads\/2012\/02\/lucia-olivotto.jpg","datePublished":"2012-02-03T22:54:27+00:00","breadcrumb":{"@id":"https:\/\/www.bellunopress.it\/2012\/02\/03\/primarie-quintessenza-del-pd-le-precisazioni-dei-due-ex-segretari-dei-circoli-pd-di-cavarzano-oltrardo-e-mussoi-massaro-ha-votato-a-favore-della-primarie\/#breadcrumb"},"inLanguage":"fr-FR","potentialAction":[{"@type":"ReadAction","target":["https:\/\/www.bellunopress.it\/2012\/02\/03\/primarie-quintessenza-del-pd-le-precisazioni-dei-due-ex-segretari-dei-circoli-pd-di-cavarzano-oltrardo-e-mussoi-massaro-ha-votato-a-favore-della-primarie\/"]}]},{"@type":"ImageObject","inLanguage":"fr-FR","@id":"https:\/\/www.bellunopress.it\/2012\/02\/03\/primarie-quintessenza-del-pd-le-precisazioni-dei-due-ex-segretari-dei-circoli-pd-di-cavarzano-oltrardo-e-mussoi-massaro-ha-votato-a-favore-della-primarie\/#primaryimage","url":"http:\/\/www.bellunopress.it\/wp-content\/uploads\/2012\/02\/lucia-olivotto.jpg","contentUrl":"http:\/\/www.bellunopress.it\/wp-content\/uploads\/2012\/02\/lucia-olivotto.jpg"},{"@type":"BreadcrumbList","@id":"https:\/\/www.bellunopress.it\/2012\/02\/03\/primarie-quintessenza-del-pd-le-precisazioni-dei-due-ex-segretari-dei-circoli-pd-di-cavarzano-oltrardo-e-mussoi-massaro-ha-votato-a-favore-della-primarie\/#breadcrumb","itemListElement":[{"@type":"ListItem","position":1,"name":"Home","item":"https:\/\/www.bellunopress.it\/"},{"@type":"ListItem","position":2,"name":"Primarie, quintessenza del Pd. Le precisazioni dei due ex segretari dei circoli Pd di Cavarzano-Oltrardo e Mussoi: &#8220;Massaro ha votato a favore della primarie&#8221;!"}]},{"@type":"WebSite","@id":"https:\/\/www.bellunopress.it\/#website","url":"https:\/\/www.bellunopress.it\/","name":"Bellunopress - Dolomiti","description":"e-mail: redazione@bellunopress.it","publisher":{"@id":"https:\/\/www.bellunopress.it\/#organization"},"potentialAction":[{"@type":"SearchAction","target":{"@type":"EntryPoint","urlTemplate":"https:\/\/www.bellunopress.it\/?s={search_term_string}"},"query-input":{"@type":"PropertyValueSpecification","valueRequired":true,"valueName":"search_term_string"}}],"inLanguage":"fr-FR"},{"@type":"Organization","@id":"https:\/\/www.bellunopress.it\/#organization","name":"Bellunopress","url":"https:\/\/www.bellunopress.it\/","logo":{"@type":"ImageObject","inLanguage":"fr-FR","@id":"https:\/\/www.bellunopress.it\/#\/schema\/logo\/image\/","url":"https:\/\/www.bellunopress.it\/wp-content\/uploads\/2011\/05\/cropped-logo-bellunopress-.jpg","contentUrl":"https:\/\/www.bellunopress.it\/wp-content\/uploads\/2011\/05\/cropped-logo-bellunopress-.jpg","width":512,"height":512,"caption":"Bellunopress"},"image":{"@id":"https:\/\/www.bellunopress.it\/#\/schema\/logo\/image\/"},"sameAs":["https:\/\/www.facebook.com\/profile.php?id=100008943462799","https:\/\/x.com\/bellunopress","https:\/\/www.linkedin.com\/hp\/?dnr=JBzUWaJfMUw8vbXJJ2tVW5-I3jZKvC4wsoxE&amp;amp;amp;amp;amp;amp;trk=nav_responsive_tab_home","https:\/\/www.youtube.com\/channel\/UCxL0wu1uN0_3_7hGG0306cw"]},{"@type":"Person","@id":"https:\/\/www.bellunopress.it\/#\/schema\/person\/79bb06722b37ece1c03d3e94beb30d73","name":"r\u00e9daction","image":{"@type":"ImageObject","inLanguage":"fr-FR","@id":"https:\/\/secure.gravatar.com\/avatar\/37d968a2e67a6fd04c169c4bdef102d0bc5d31b2546345219e348575eb80e9a0?s=96&d=mm&r=g","url":"https:\/\/secure.gravatar.com\/avatar\/37d968a2e67a6fd04c169c4bdef102d0bc5d31b2546345219e348575eb80e9a0?s=96&d=mm&r=g","contentUrl":"https:\/\/secure.gravatar.com\/avatar\/37d968a2e67a6fd04c169c4bdef102d0bc5d31b2546345219e348575eb80e9a0?s=96&d=mm&r=g","caption":"redazione"},"sameAs":["http:\/\/www.bellunopress.it","https:\/\/x.com\/bellunopress"],"url":"https:\/\/www.bellunopress.it\/fr\/author\/redazione\/"}]}},"_links":{"self":[{"href":"https:\/\/www.bellunopress.it\/fr\/wp-json\/wp\/v2\/posts\/34754","targetHints":{"allow":["GET"]}}],"collection":[{"href":"https:\/\/www.bellunopress.it\/fr\/wp-json\/wp\/v2\/posts"}],"about":[{"href":"https:\/\/www.bellunopress.it\/fr\/wp-json\/wp\/v2\/types\/post"}],"author":[{"embeddable":true,"href":"https:\/\/www.bellunopress.it\/fr\/wp-json\/wp\/v2\/users\/2"}],"replies":[{"embeddable":true,"href":"https:\/\/www.bellunopress.it\/fr\/wp-json\/wp\/v2\/comments?post=34754"}],"version-history":[{"count":1,"href":"https:\/\/www.bellunopress.it\/fr\/wp-json\/wp\/v2\/posts\/34754\/revisions"}],"predecessor-version":[{"id":34757,"href":"https:\/\/www.bellunopress.it\/fr\/wp-json\/wp\/v2\/posts\/34754\/revisions\/34757"}],"wp:attachment":[{"href":"https:\/\/www.bellunopress.it\/fr\/wp-json\/wp\/v2\/media?parent=34754"}],"wp:term":[{"taxonomy":"category","embeddable":true,"href":"https:\/\/www.bellunopress.it\/fr\/wp-json\/wp\/v2\/categories?post=34754"},{"taxonomy":"post_tag","embeddable":true,"href":"https:\/\/www.bellunopress.it\/fr\/wp-json\/wp\/v2\/tags?post=34754"}],"curies":[{"name":"wp","href":"https:\/\/api.w.org\/{rel}","templated":true}]}}