{"id":34741,"date":"2012-02-04T09:04:05","date_gmt":"2012-02-04T08:04:05","guid":{"rendered":"http:\/\/www.bellunopress.it\/?p=34741"},"modified":"2012-02-03T13:07:20","modified_gmt":"2012-02-03T12:07:20","slug":"domenica-a-santa-giustina-il-carnevale-in-piazza-e-lapertura-del-mulino","status":"publish","type":"post","link":"https:\/\/www.bellunopress.it\/fr\/2012\/02\/04\/domenica-a-santa-giustina-il-carnevale-in-piazza-e-lapertura-del-mulino\/","title":{"rendered":"Domenica a Santa Giustina il carnevale in piazza e l&#8217;apertura del mulino"},"content":{"rendered":"<p>Come ormai da molti anni accade, l\u2019 Amministrazione Comunale non far\u00e0 mancare a Santa Giustina la festa di Carnevale in piazza per bambini e famiglie: la formula ha di nuovo al centro la sfilata di mascherine, ma quest\u2019anno la collaborazione con l\u2019 Associazione locale \u201cDolomiti Domani\u201d porter\u00e0 una ventata di novit\u00e0. Domenica alle 14.00 infatti la \u201cRegina di Primavera\u201d dar\u00e0 il via alla sfilatasul palco montato in piazza Maggiore, ma nel frattempo il personale della \u201creggia\u201d si metter\u00e0 a disposizione del pubblico per truccare, aggiungere qualche ritocco, sistemare la capigliatura di quanti vorranno partecipare, ben coperti, ma sotto uno splendido sole, alla festa in piazza, tra musiche, scherzi e coriandoli.<br \/>\nPer chi volesse poi approfittare dell\u2019occasione, dalle 14.00 alle 17.00 sar\u00e0 aperto anche il Mulino di Santa Libera<\/p>\n<figure id=\"attachment_32115\" aria-describedby=\"caption-attachment-32115\" style=\"width: 270px\" class=\"wp-caption alignleft\"><a href=\"http:\/\/www.bellunopress.it\/wp-content\/uploads\/2011\/11\/mulino-santa-libera-santa-giustina.jpg\"><img loading=\"lazy\" decoding=\"async\" class=\"size-full wp-image-32115\" title=\"mulino santa libera santa giustina\" src=\"http:\/\/www.bellunopress.it\/wp-content\/uploads\/2011\/11\/mulino-santa-libera-santa-giustina.jpg\" alt=\"\" width=\"270\" height=\"203\" \/><\/a><figcaption id=\"caption-attachment-32115\" class=\"wp-caption-text\">Mulino di Santa Libera a Santa Giustina (BL)<\/figcaption><\/figure>\n<p>dove, come ogni prima domenica del mese la cooperativa Mazarol accoglier\u00e0 i visitatori per una illustrazione dell\u2019antico opificio.<\/p>","protected":false},"excerpt":{"rendered":"<p>Come ormai da molti anni accade, l\u2019 Amministrazione Comunale non far\u00e0 mancare a Santa Giustina la festa di Carnevale in piazza per bambini e famiglie: la formula ha di nuovo al centro la sfilata di mascherine, ma quest\u2019anno la collaborazione con l\u2019 Associazione locale \u201cDolomiti Domani\u201d porter\u00e0 una ventata di novit\u00e0. Domenica alle 14.00 infatti [&hellip;]<\/p>\n","protected":false},"author":2,"featured_media":0,"comment_status":"closed","ping_status":"open","sticky":false,"template":"","format":"standard","meta":{"footnotes":""},"categories":[27,8],"tags":[],"class_list":["post-34741","post","type-post","status-publish","format-standard","category-appuntamenti","category-societa-istituzioni"],"yoast_head":"<!-- This site is optimized with the Yoast SEO plugin v28.4 - https:\/\/yoast.com\/product\/yoast-seo-wordpress\/ -->\n<title>Domenica a Santa Giustina il carnevale in piazza e l&#039;apertura del mulino - Bellunopress - Dolomiti<\/title>\n<meta name=\"robots\" content=\"index, follow, max-snippet:-1, max-image-preview:large, max-video-preview:-1\" \/>\n<link rel=\"canonical\" href=\"https:\/\/www.bellunopress.it\/fr\/2012\/02\/04\/domenica-a-santa-giustina-il-carnevale-in-piazza-e-lapertura-del-mulino\/\" \/>\n<meta property=\"og:locale\" content=\"fr_FR\" \/>\n<meta property=\"og:type\" content=\"article\" \/>\n<meta property=\"og:title\" content=\"Domenica a Santa Giustina il carnevale in piazza e l&#039;apertura del mulino - Bellunopress - Dolomiti\" \/>\n<meta property=\"og:description\" content=\"Come ormai da molti anni accade, l\u2019 Amministrazione Comunale non far\u00e0 mancare a Santa Giustina la festa di Carnevale in piazza per bambini e famiglie: la formula ha di nuovo al centro la sfilata di mascherine, ma quest\u2019anno la collaborazione con l\u2019 Associazione locale \u201cDolomiti Domani\u201d porter\u00e0 una ventata di novit\u00e0. Domenica alle 14.00 infatti [&hellip;]\" \/>\n<meta property=\"og:url\" content=\"https:\/\/www.bellunopress.it\/fr\/2012\/02\/04\/domenica-a-santa-giustina-il-carnevale-in-piazza-e-lapertura-del-mulino\/\" \/>\n<meta property=\"og:site_name\" content=\"Bellunopress - Dolomiti\" \/>\n<meta property=\"article:publisher\" content=\"https:\/\/www.facebook.com\/profile.php?id=100008943462799\" \/>\n<meta property=\"article:published_time\" content=\"2012-02-04T08:04:05+00:00\" \/>\n<meta property=\"og:image\" content=\"http:\/\/www.bellunopress.it\/wp-content\/uploads\/2011\/11\/mulino-santa-libera-santa-giustina.jpg\" \/>\n<meta name=\"author\" content=\"redazione\" \/>\n<meta name=\"twitter:card\" content=\"summary_large_image\" \/>\n<meta name=\"twitter:creator\" content=\"@bellunopress\" \/>\n<meta name=\"twitter:site\" content=\"@bellunopress\" \/>\n<meta name=\"twitter:label1\" content=\"\u00c9crit par\" \/>\n\t<meta name=\"twitter:data1\" content=\"redazione\" \/>\n\t<meta name=\"twitter:label2\" content=\"Dur\u00e9e de lecture estim\u00e9e\" \/>\n\t<meta name=\"twitter:data2\" content=\"1 minute\" \/>\n<script type=\"application\/ld+json\" class=\"yoast-schema-graph\">{\"@context\":\"https:\\\/\\\/schema.org\",\"@graph\":[{\"@type\":\"Article\",\"@id\":\"https:\\\/\\\/www.bellunopress.it\\\/2012\\\/02\\\/04\\\/domenica-a-santa-giustina-il-carnevale-in-piazza-e-lapertura-del-mulino\\\/#article\",\"isPartOf\":{\"@id\":\"https:\\\/\\\/www.bellunopress.it\\\/2012\\\/02\\\/04\\\/domenica-a-santa-giustina-il-carnevale-in-piazza-e-lapertura-del-mulino\\\/\"},\"author\":{\"name\":\"redazione\",\"@id\":\"https:\\\/\\\/www.bellunopress.it\\\/#\\\/schema\\\/person\\\/79bb06722b37ece1c03d3e94beb30d73\"},\"headline\":\"Domenica a Santa Giustina il carnevale in piazza e l&#8217;apertura del mulino\",\"datePublished\":\"2012-02-04T08:04:05+00:00\",\"mainEntityOfPage\":{\"@id\":\"https:\\\/\\\/www.bellunopress.it\\\/2012\\\/02\\\/04\\\/domenica-a-santa-giustina-il-carnevale-in-piazza-e-lapertura-del-mulino\\\/\"},\"wordCount\":175,\"publisher\":{\"@id\":\"https:\\\/\\\/www.bellunopress.it\\\/#organization\"},\"image\":{\"@id\":\"https:\\\/\\\/www.bellunopress.it\\\/2012\\\/02\\\/04\\\/domenica-a-santa-giustina-il-carnevale-in-piazza-e-lapertura-del-mulino\\\/#primaryimage\"},\"thumbnailUrl\":\"http:\\\/\\\/www.bellunopress.it\\\/wp-content\\\/uploads\\\/2011\\\/11\\\/mulino-santa-libera-santa-giustina.jpg\",\"articleSection\":[\"Appuntamenti, Eventi\",\"Societ\u00e0, Associazioni, Istituzioni\"],\"inLanguage\":\"fr-FR\"},{\"@type\":\"WebPage\",\"@id\":\"https:\\\/\\\/www.bellunopress.it\\\/2012\\\/02\\\/04\\\/domenica-a-santa-giustina-il-carnevale-in-piazza-e-lapertura-del-mulino\\\/\",\"url\":\"https:\\\/\\\/www.bellunopress.it\\\/2012\\\/02\\\/04\\\/domenica-a-santa-giustina-il-carnevale-in-piazza-e-lapertura-del-mulino\\\/\",\"name\":\"Domenica a Santa Giustina il carnevale in piazza e l'apertura del mulino - Bellunopress - Dolomiti\",\"isPartOf\":{\"@id\":\"https:\\\/\\\/www.bellunopress.it\\\/#website\"},\"primaryImageOfPage\":{\"@id\":\"https:\\\/\\\/www.bellunopress.it\\\/2012\\\/02\\\/04\\\/domenica-a-santa-giustina-il-carnevale-in-piazza-e-lapertura-del-mulino\\\/#primaryimage\"},\"image\":{\"@id\":\"https:\\\/\\\/www.bellunopress.it\\\/2012\\\/02\\\/04\\\/domenica-a-santa-giustina-il-carnevale-in-piazza-e-lapertura-del-mulino\\\/#primaryimage\"},\"thumbnailUrl\":\"http:\\\/\\\/www.bellunopress.it\\\/wp-content\\\/uploads\\\/2011\\\/11\\\/mulino-santa-libera-santa-giustina.jpg\",\"datePublished\":\"2012-02-04T08:04:05+00:00\",\"breadcrumb\":{\"@id\":\"https:\\\/\\\/www.bellunopress.it\\\/2012\\\/02\\\/04\\\/domenica-a-santa-giustina-il-carnevale-in-piazza-e-lapertura-del-mulino\\\/#breadcrumb\"},\"inLanguage\":\"fr-FR\",\"potentialAction\":[{\"@type\":\"ReadAction\",\"target\":[\"https:\\\/\\\/www.bellunopress.it\\\/2012\\\/02\\\/04\\\/domenica-a-santa-giustina-il-carnevale-in-piazza-e-lapertura-del-mulino\\\/\"]}]},{\"@type\":\"ImageObject\",\"inLanguage\":\"fr-FR\",\"@id\":\"https:\\\/\\\/www.bellunopress.it\\\/2012\\\/02\\\/04\\\/domenica-a-santa-giustina-il-carnevale-in-piazza-e-lapertura-del-mulino\\\/#primaryimage\",\"url\":\"http:\\\/\\\/www.bellunopress.it\\\/wp-content\\\/uploads\\\/2011\\\/11\\\/mulino-santa-libera-santa-giustina.jpg\",\"contentUrl\":\"http:\\\/\\\/www.bellunopress.it\\\/wp-content\\\/uploads\\\/2011\\\/11\\\/mulino-santa-libera-santa-giustina.jpg\"},{\"@type\":\"BreadcrumbList\",\"@id\":\"https:\\\/\\\/www.bellunopress.it\\\/2012\\\/02\\\/04\\\/domenica-a-santa-giustina-il-carnevale-in-piazza-e-lapertura-del-mulino\\\/#breadcrumb\",\"itemListElement\":[{\"@type\":\"ListItem\",\"position\":1,\"name\":\"Home\",\"item\":\"https:\\\/\\\/www.bellunopress.it\\\/\"},{\"@type\":\"ListItem\",\"position\":2,\"name\":\"Domenica a Santa Giustina il carnevale in piazza e l&#8217;apertura del mulino\"}]},{\"@type\":\"WebSite\",\"@id\":\"https:\\\/\\\/www.bellunopress.it\\\/#website\",\"url\":\"https:\\\/\\\/www.bellunopress.it\\\/\",\"name\":\"Bellunopress - Dolomiti\",\"description\":\"e-mail: redazione@bellunopress.it\",\"publisher\":{\"@id\":\"https:\\\/\\\/www.bellunopress.it\\\/#organization\"},\"potentialAction\":[{\"@type\":\"SearchAction\",\"target\":{\"@type\":\"EntryPoint\",\"urlTemplate\":\"https:\\\/\\\/www.bellunopress.it\\\/?s={search_term_string}\"},\"query-input\":{\"@type\":\"PropertyValueSpecification\",\"valueRequired\":true,\"valueName\":\"search_term_string\"}}],\"inLanguage\":\"fr-FR\"},{\"@type\":\"Organization\",\"@id\":\"https:\\\/\\\/www.bellunopress.it\\\/#organization\",\"name\":\"Bellunopress\",\"url\":\"https:\\\/\\\/www.bellunopress.it\\\/\",\"logo\":{\"@type\":\"ImageObject\",\"inLanguage\":\"fr-FR\",\"@id\":\"https:\\\/\\\/www.bellunopress.it\\\/#\\\/schema\\\/logo\\\/image\\\/\",\"url\":\"https:\\\/\\\/www.bellunopress.it\\\/wp-content\\\/uploads\\\/2011\\\/05\\\/cropped-logo-bellunopress-.jpg\",\"contentUrl\":\"https:\\\/\\\/www.bellunopress.it\\\/wp-content\\\/uploads\\\/2011\\\/05\\\/cropped-logo-bellunopress-.jpg\",\"width\":512,\"height\":512,\"caption\":\"Bellunopress\"},\"image\":{\"@id\":\"https:\\\/\\\/www.bellunopress.it\\\/#\\\/schema\\\/logo\\\/image\\\/\"},\"sameAs\":[\"https:\\\/\\\/www.facebook.com\\\/profile.php?id=100008943462799\",\"https:\\\/\\\/x.com\\\/bellunopress\",\"https:\\\/\\\/www.linkedin.com\\\/hp\\\/?dnr=JBzUWaJfMUw8vbXJJ2tVW5-I3jZKvC4wsoxE&amp;amp;amp;amp;amp;amp;trk=nav_responsive_tab_home\",\"https:\\\/\\\/www.youtube.com\\\/channel\\\/UCxL0wu1uN0_3_7hGG0306cw\"]},{\"@type\":\"Person\",\"@id\":\"https:\\\/\\\/www.bellunopress.it\\\/#\\\/schema\\\/person\\\/79bb06722b37ece1c03d3e94beb30d73\",\"name\":\"redazione\",\"image\":{\"@type\":\"ImageObject\",\"inLanguage\":\"fr-FR\",\"@id\":\"https:\\\/\\\/secure.gravatar.com\\\/avatar\\\/37d968a2e67a6fd04c169c4bdef102d0bc5d31b2546345219e348575eb80e9a0?s=96&d=mm&r=g\",\"url\":\"https:\\\/\\\/secure.gravatar.com\\\/avatar\\\/37d968a2e67a6fd04c169c4bdef102d0bc5d31b2546345219e348575eb80e9a0?s=96&d=mm&r=g\",\"contentUrl\":\"https:\\\/\\\/secure.gravatar.com\\\/avatar\\\/37d968a2e67a6fd04c169c4bdef102d0bc5d31b2546345219e348575eb80e9a0?s=96&d=mm&r=g\",\"caption\":\"redazione\"},\"sameAs\":[\"http:\\\/\\\/www.bellunopress.it\",\"https:\\\/\\\/x.com\\\/bellunopress\"],\"url\":\"https:\\\/\\\/www.bellunopress.it\\\/fr\\\/author\\\/redazione\\\/\"}]}<\/script>\n<!-- \/ Yoast SEO plugin. -->","yoast_head_json":{"title":"Domenica a Santa Giustina il carnevale in piazza e l'apertura del mulino - Bellunopress - Dolomiti","robots":{"index":"index","follow":"follow","max-snippet":"max-snippet:-1","max-image-preview":"max-image-preview:large","max-video-preview":"max-video-preview:-1"},"canonical":"https:\/\/www.bellunopress.it\/fr\/2012\/02\/04\/domenica-a-santa-giustina-il-carnevale-in-piazza-e-lapertura-del-mulino\/","og_locale":"fr_FR","og_type":"article","og_title":"Domenica a Santa Giustina il carnevale in piazza e l'apertura del mulino - Bellunopress - Dolomiti","og_description":"Come ormai da molti anni accade, l\u2019 Amministrazione Comunale non far\u00e0 mancare a Santa Giustina la festa di Carnevale in piazza per bambini e famiglie: la formula ha di nuovo al centro la sfilata di mascherine, ma quest\u2019anno la collaborazione con l\u2019 Associazione locale \u201cDolomiti Domani\u201d porter\u00e0 una ventata di novit\u00e0. Domenica alle 14.00 infatti [&hellip;]","og_url":"https:\/\/www.bellunopress.it\/fr\/2012\/02\/04\/domenica-a-santa-giustina-il-carnevale-in-piazza-e-lapertura-del-mulino\/","og_site_name":"Bellunopress - Dolomiti","article_publisher":"https:\/\/www.facebook.com\/profile.php?id=100008943462799","article_published_time":"2012-02-04T08:04:05+00:00","og_image":[{"url":"http:\/\/www.bellunopress.it\/wp-content\/uploads\/2011\/11\/mulino-santa-libera-santa-giustina.jpg","type":"","width":"","height":""}],"author":"redazione","twitter_card":"summary_large_image","twitter_creator":"@bellunopress","twitter_site":"@bellunopress","twitter_misc":{"\u00c9crit par":"redazione","Dur\u00e9e de lecture estim\u00e9e":"1 minute"},"schema":{"@context":"https:\/\/schema.org","@graph":[{"@type":"Article","@id":"https:\/\/www.bellunopress.it\/2012\/02\/04\/domenica-a-santa-giustina-il-carnevale-in-piazza-e-lapertura-del-mulino\/#article","isPartOf":{"@id":"https:\/\/www.bellunopress.it\/2012\/02\/04\/domenica-a-santa-giustina-il-carnevale-in-piazza-e-lapertura-del-mulino\/"},"author":{"name":"redazione","@id":"https:\/\/www.bellunopress.it\/#\/schema\/person\/79bb06722b37ece1c03d3e94beb30d73"},"headline":"Domenica a Santa Giustina il carnevale in piazza e l&#8217;apertura del mulino","datePublished":"2012-02-04T08:04:05+00:00","mainEntityOfPage":{"@id":"https:\/\/www.bellunopress.it\/2012\/02\/04\/domenica-a-santa-giustina-il-carnevale-in-piazza-e-lapertura-del-mulino\/"},"wordCount":175,"publisher":{"@id":"https:\/\/www.bellunopress.it\/#organization"},"image":{"@id":"https:\/\/www.bellunopress.it\/2012\/02\/04\/domenica-a-santa-giustina-il-carnevale-in-piazza-e-lapertura-del-mulino\/#primaryimage"},"thumbnailUrl":"http:\/\/www.bellunopress.it\/wp-content\/uploads\/2011\/11\/mulino-santa-libera-santa-giustina.jpg","articleSection":["Appuntamenti, Eventi","Societ\u00e0, Associazioni, Istituzioni"],"inLanguage":"fr-FR"},{"@type":"WebPage","@id":"https:\/\/www.bellunopress.it\/2012\/02\/04\/domenica-a-santa-giustina-il-carnevale-in-piazza-e-lapertura-del-mulino\/","url":"https:\/\/www.bellunopress.it\/2012\/02\/04\/domenica-a-santa-giustina-il-carnevale-in-piazza-e-lapertura-del-mulino\/","name":"Domenica a Santa Giustina il carnevale in piazza e l'apertura del mulino - Bellunopress - Dolomiti","isPartOf":{"@id":"https:\/\/www.bellunopress.it\/#website"},"primaryImageOfPage":{"@id":"https:\/\/www.bellunopress.it\/2012\/02\/04\/domenica-a-santa-giustina-il-carnevale-in-piazza-e-lapertura-del-mulino\/#primaryimage"},"image":{"@id":"https:\/\/www.bellunopress.it\/2012\/02\/04\/domenica-a-santa-giustina-il-carnevale-in-piazza-e-lapertura-del-mulino\/#primaryimage"},"thumbnailUrl":"http:\/\/www.bellunopress.it\/wp-content\/uploads\/2011\/11\/mulino-santa-libera-santa-giustina.jpg","datePublished":"2012-02-04T08:04:05+00:00","breadcrumb":{"@id":"https:\/\/www.bellunopress.it\/2012\/02\/04\/domenica-a-santa-giustina-il-carnevale-in-piazza-e-lapertura-del-mulino\/#breadcrumb"},"inLanguage":"fr-FR","potentialAction":[{"@type":"ReadAction","target":["https:\/\/www.bellunopress.it\/2012\/02\/04\/domenica-a-santa-giustina-il-carnevale-in-piazza-e-lapertura-del-mulino\/"]}]},{"@type":"ImageObject","inLanguage":"fr-FR","@id":"https:\/\/www.bellunopress.it\/2012\/02\/04\/domenica-a-santa-giustina-il-carnevale-in-piazza-e-lapertura-del-mulino\/#primaryimage","url":"http:\/\/www.bellunopress.it\/wp-content\/uploads\/2011\/11\/mulino-santa-libera-santa-giustina.jpg","contentUrl":"http:\/\/www.bellunopress.it\/wp-content\/uploads\/2011\/11\/mulino-santa-libera-santa-giustina.jpg"},{"@type":"BreadcrumbList","@id":"https:\/\/www.bellunopress.it\/2012\/02\/04\/domenica-a-santa-giustina-il-carnevale-in-piazza-e-lapertura-del-mulino\/#breadcrumb","itemListElement":[{"@type":"ListItem","position":1,"name":"Home","item":"https:\/\/www.bellunopress.it\/"},{"@type":"ListItem","position":2,"name":"Domenica a Santa Giustina il carnevale in piazza e l&#8217;apertura del mulino"}]},{"@type":"WebSite","@id":"https:\/\/www.bellunopress.it\/#website","url":"https:\/\/www.bellunopress.it\/","name":"Bellunopress - Dolomiti","description":"e-mail: redazione@bellunopress.it","publisher":{"@id":"https:\/\/www.bellunopress.it\/#organization"},"potentialAction":[{"@type":"SearchAction","target":{"@type":"EntryPoint","urlTemplate":"https:\/\/www.bellunopress.it\/?s={search_term_string}"},"query-input":{"@type":"PropertyValueSpecification","valueRequired":true,"valueName":"search_term_string"}}],"inLanguage":"fr-FR"},{"@type":"Organization","@id":"https:\/\/www.bellunopress.it\/#organization","name":"Bellunopress","url":"https:\/\/www.bellunopress.it\/","logo":{"@type":"ImageObject","inLanguage":"fr-FR","@id":"https:\/\/www.bellunopress.it\/#\/schema\/logo\/image\/","url":"https:\/\/www.bellunopress.it\/wp-content\/uploads\/2011\/05\/cropped-logo-bellunopress-.jpg","contentUrl":"https:\/\/www.bellunopress.it\/wp-content\/uploads\/2011\/05\/cropped-logo-bellunopress-.jpg","width":512,"height":512,"caption":"Bellunopress"},"image":{"@id":"https:\/\/www.bellunopress.it\/#\/schema\/logo\/image\/"},"sameAs":["https:\/\/www.facebook.com\/profile.php?id=100008943462799","https:\/\/x.com\/bellunopress","https:\/\/www.linkedin.com\/hp\/?dnr=JBzUWaJfMUw8vbXJJ2tVW5-I3jZKvC4wsoxE&amp;amp;amp;amp;amp;amp;trk=nav_responsive_tab_home","https:\/\/www.youtube.com\/channel\/UCxL0wu1uN0_3_7hGG0306cw"]},{"@type":"Person","@id":"https:\/\/www.bellunopress.it\/#\/schema\/person\/79bb06722b37ece1c03d3e94beb30d73","name":"r\u00e9daction","image":{"@type":"ImageObject","inLanguage":"fr-FR","@id":"https:\/\/secure.gravatar.com\/avatar\/37d968a2e67a6fd04c169c4bdef102d0bc5d31b2546345219e348575eb80e9a0?s=96&d=mm&r=g","url":"https:\/\/secure.gravatar.com\/avatar\/37d968a2e67a6fd04c169c4bdef102d0bc5d31b2546345219e348575eb80e9a0?s=96&d=mm&r=g","contentUrl":"https:\/\/secure.gravatar.com\/avatar\/37d968a2e67a6fd04c169c4bdef102d0bc5d31b2546345219e348575eb80e9a0?s=96&d=mm&r=g","caption":"redazione"},"sameAs":["http:\/\/www.bellunopress.it","https:\/\/x.com\/bellunopress"],"url":"https:\/\/www.bellunopress.it\/fr\/author\/redazione\/"}]}},"_links":{"self":[{"href":"https:\/\/www.bellunopress.it\/fr\/wp-json\/wp\/v2\/posts\/34741","targetHints":{"allow":["GET"]}}],"collection":[{"href":"https:\/\/www.bellunopress.it\/fr\/wp-json\/wp\/v2\/posts"}],"about":[{"href":"https:\/\/www.bellunopress.it\/fr\/wp-json\/wp\/v2\/types\/post"}],"author":[{"embeddable":true,"href":"https:\/\/www.bellunopress.it\/fr\/wp-json\/wp\/v2\/users\/2"}],"replies":[{"embeddable":true,"href":"https:\/\/www.bellunopress.it\/fr\/wp-json\/wp\/v2\/comments?post=34741"}],"version-history":[{"count":1,"href":"https:\/\/www.bellunopress.it\/fr\/wp-json\/wp\/v2\/posts\/34741\/revisions"}],"predecessor-version":[{"id":34742,"href":"https:\/\/www.bellunopress.it\/fr\/wp-json\/wp\/v2\/posts\/34741\/revisions\/34742"}],"wp:attachment":[{"href":"https:\/\/www.bellunopress.it\/fr\/wp-json\/wp\/v2\/media?parent=34741"}],"wp:term":[{"taxonomy":"category","embeddable":true,"href":"https:\/\/www.bellunopress.it\/fr\/wp-json\/wp\/v2\/categories?post=34741"},{"taxonomy":"post_tag","embeddable":true,"href":"https:\/\/www.bellunopress.it\/fr\/wp-json\/wp\/v2\/tags?post=34741"}],"curies":[{"name":"wp","href":"https:\/\/api.w.org\/{rel}","templated":true}]}}