{"id":34731,"date":"2012-02-02T08:50:20","date_gmt":"2012-02-02T07:50:20","guid":{"rendered":"http:\/\/www.bellunopress.it\/?p=34731"},"modified":"2012-02-02T22:51:06","modified_gmt":"2012-02-02T21:51:06","slug":"il-mistero-della-nascita-venerdi-a-domegge-lo-spettacolo-per-scuole-e-famiglie","status":"publish","type":"post","link":"https:\/\/www.bellunopress.it\/fr\/2012\/02\/02\/il-mistero-della-nascita-venerdi-a-domegge-lo-spettacolo-per-scuole-e-famiglie\/","title":{"rendered":"Il mistero della nascita, venerd\u00ec a Domegge lo spettacolo per Scuole e famiglie"},"content":{"rendered":"<p>Si conclude venerd\u00ec 3 febbraio con lo spettacolo Pi\u00e8 di pancia la Stagione di Teatro per le Scuole e le Famiglie a Domegge di Cadore.<\/p>\n<p>Una Stagione inauguratasi nel segno del mito con Ulisse di Tib Teatro nel mese di novembre e che ha registrato un grande successo di partecipazione anche per questa edizione, confermando la validit\u00e0 di un progetto pensato appositamente per le nuove generazioni e per la comunit\u00e0 che, attorno ai ragazzi e con i ragazzi, cresce e si confronta. \u00a0 Pi\u00e8 di Pancia, dedicato agli alunni\u00a0 della scuola dell\u2019infanzia e della scuola primaria,\u00a0 \u00e8 un testo delicato e poetico sul tema della nascita e sulle fantasie e i progetti che accompagnano questo lieto evento, una donna e un uomo che vivono in intimit\u00e0 affettuosa l\u2019attesa di una nascita.Una cupola di morbido velo accoglie attori e bambini insieme, in uno spettacolo caratterizzato da un particolare rapporto di vicinanza che rende pi\u00f9 che mai protagonisti i piccoli spettatori. \u00a0 In un tempo sospeso fuori dal tempo colgono\u00a0 minuscoli segnali della nuova vita che si affaccia: sar\u00e0 un piede quello che dolcemente muove sotto la pelle della mamma? \u00c8 il piede di un bambino che dal mondo ancestrale del prima e del dentro annuncia il suo desiderio di esistere? E il piede di un bambino sa gi\u00e0 di essere un piede? Non sogna forse, in quella dimensione in cui tutto \u00e8 ancora possibile, di essere nuvola, uccello, farfalla? Riesce ad immaginare quanti passi scandiranno il tempo e le esperienze della vita che li attende? Dodici passi per andare a giocare con Lucia, cinquantanove passi per imparare a scrivere, ottantasette passi per vedere il mare\u2026 \u00a0 Il passo viene visto come unit\u00e0 di misura che ci accompagna fin dall\u2019inizio dell\u2019umanit\u00e0 per scandire l\u2019incedere lento del conoscere, dell\u2019amare, del vivere. Passi disseminati sulle vie del mondo a raccontare le aspirazioni e i sogni di ogni essere vivente a partire da quel piccolo, inequivocabile primo segno della voglia di vivere. \u00a0 Lo spettacolo \u00e8 un produzione della compagnia Il Melarancio, in scena Tiziana Ferro e Vanni Zinola per la regia di Mariachiara Raviola. \u00a0 La Stagione di Teatro per le Scuole e le Famiglie a Domegge \u00e8 organizzata da Tib Teatro, per la direzione artistica di Daniela Nicosia, con il Comune di Domegge di Cadore e la Fondazione Teatri delle Dolomiti, la manifestazione \u00e8 realizzata nell\u2019ambito dell\u2019accordo di programma Regione del Veneto-Province del Veneto-Reteventi Cultura 2011-Provincia di Belluno, con il Ministero per i Beni e le Attivit\u00e0 Culturali, e con Il patrocinio della Regione del Veneto, MIUR\u2013USR del Veneto\u2013Ufficio Scolastico Provinciale di Belluno e Agiscuola.<\/p>\n<p>INFO 0437-950555 (da luned\u00ec a venerd\u00ec dalle 10:30 alle 12:30 e dalle 15:30 alle 17:30).<\/p>\n<p>&nbsp;<\/p>","protected":false},"excerpt":{"rendered":"<p>Si conclude venerd\u00ec 3 febbraio con lo spettacolo Pi\u00e8 di pancia la Stagione di Teatro per le Scuole e le Famiglie a Domegge di Cadore. Una Stagione inauguratasi nel segno del mito con Ulisse di Tib Teatro nel mese di novembre e che ha registrato un grande successo di partecipazione anche per questa edizione, confermando [&hellip;]<\/p>\n","protected":false},"author":2,"featured_media":0,"comment_status":"closed","ping_status":"open","sticky":false,"template":"","format":"standard","meta":{"footnotes":""},"categories":[27,3,25],"tags":[],"class_list":["post-34731","post","type-post","status-publish","format-standard","category-appuntamenti","category-arte-cultura-spettacoli-scienza-archivi","category-pausa-caffe"],"yoast_head":"<!-- This site is optimized with the Yoast SEO plugin v28.4 - https:\/\/yoast.com\/product\/yoast-seo-wordpress\/ -->\n<title>Il mistero della nascita, venerd\u00ec a Domegge lo spettacolo per Scuole e famiglie  - Bellunopress - Dolomiti<\/title>\n<meta name=\"robots\" content=\"index, follow, max-snippet:-1, max-image-preview:large, max-video-preview:-1\" \/>\n<link rel=\"canonical\" href=\"https:\/\/www.bellunopress.it\/fr\/2012\/02\/02\/il-mistero-della-nascita-venerdi-a-domegge-lo-spettacolo-per-scuole-e-famiglie\/\" \/>\n<meta property=\"og:locale\" content=\"fr_FR\" \/>\n<meta property=\"og:type\" content=\"article\" \/>\n<meta property=\"og:title\" content=\"Il mistero della nascita, venerd\u00ec a Domegge lo spettacolo per Scuole e famiglie  - Bellunopress - Dolomiti\" \/>\n<meta property=\"og:description\" content=\"Si conclude venerd\u00ec 3 febbraio con lo spettacolo Pi\u00e8 di pancia la Stagione di Teatro per le Scuole e le Famiglie a Domegge di Cadore. Una Stagione inauguratasi nel segno del mito con Ulisse di Tib Teatro nel mese di novembre e che ha registrato un grande successo di partecipazione anche per questa edizione, confermando [&hellip;]\" \/>\n<meta property=\"og:url\" content=\"https:\/\/www.bellunopress.it\/fr\/2012\/02\/02\/il-mistero-della-nascita-venerdi-a-domegge-lo-spettacolo-per-scuole-e-famiglie\/\" \/>\n<meta property=\"og:site_name\" content=\"Bellunopress - Dolomiti\" \/>\n<meta property=\"article:publisher\" content=\"https:\/\/www.facebook.com\/profile.php?id=100008943462799\" \/>\n<meta property=\"article:published_time\" content=\"2012-02-02T07:50:20+00:00\" \/>\n<meta property=\"article:modified_time\" content=\"2012-02-02T21:51:06+00:00\" \/>\n<meta property=\"og:image\" content=\"http:\/\/www.bellunopress.it\/wp-content\/uploads\/2012\/07\/logo-bellunopress-250x250-2012.jpg\" \/>\n<meta name=\"author\" content=\"redazione\" \/>\n<meta name=\"twitter:card\" content=\"summary_large_image\" \/>\n<meta name=\"twitter:creator\" content=\"@bellunopress\" \/>\n<meta name=\"twitter:site\" content=\"@bellunopress\" \/>\n<meta name=\"twitter:label1\" content=\"\u00c9crit par\" \/>\n\t<meta name=\"twitter:data1\" content=\"redazione\" \/>\n\t<meta name=\"twitter:label2\" content=\"Dur\u00e9e de lecture estim\u00e9e\" \/>\n\t<meta name=\"twitter:data2\" content=\"2 minutes\" \/>\n<script type=\"application\/ld+json\" class=\"yoast-schema-graph\">{\"@context\":\"https:\\\/\\\/schema.org\",\"@graph\":[{\"@type\":\"Article\",\"@id\":\"https:\\\/\\\/www.bellunopress.it\\\/2012\\\/02\\\/02\\\/il-mistero-della-nascita-venerdi-a-domegge-lo-spettacolo-per-scuole-e-famiglie\\\/#article\",\"isPartOf\":{\"@id\":\"https:\\\/\\\/www.bellunopress.it\\\/2012\\\/02\\\/02\\\/il-mistero-della-nascita-venerdi-a-domegge-lo-spettacolo-per-scuole-e-famiglie\\\/\"},\"author\":{\"name\":\"redazione\",\"@id\":\"https:\\\/\\\/www.bellunopress.it\\\/#\\\/schema\\\/person\\\/79bb06722b37ece1c03d3e94beb30d73\"},\"headline\":\"Il mistero della nascita, venerd\u00ec a Domegge lo spettacolo per Scuole e famiglie\",\"datePublished\":\"2012-02-02T07:50:20+00:00\",\"dateModified\":\"2012-02-02T21:51:06+00:00\",\"mainEntityOfPage\":{\"@id\":\"https:\\\/\\\/www.bellunopress.it\\\/2012\\\/02\\\/02\\\/il-mistero-della-nascita-venerdi-a-domegge-lo-spettacolo-per-scuole-e-famiglie\\\/\"},\"wordCount\":456,\"publisher\":{\"@id\":\"https:\\\/\\\/www.bellunopress.it\\\/#organization\"},\"articleSection\":[\"Appuntamenti, Eventi\",\"Arte, Cultura, Spettacoli, Scienza\",\"Pausa Caff\u00e8\"],\"inLanguage\":\"fr-FR\"},{\"@type\":\"WebPage\",\"@id\":\"https:\\\/\\\/www.bellunopress.it\\\/2012\\\/02\\\/02\\\/il-mistero-della-nascita-venerdi-a-domegge-lo-spettacolo-per-scuole-e-famiglie\\\/\",\"url\":\"https:\\\/\\\/www.bellunopress.it\\\/2012\\\/02\\\/02\\\/il-mistero-della-nascita-venerdi-a-domegge-lo-spettacolo-per-scuole-e-famiglie\\\/\",\"name\":\"Il mistero della nascita, venerd\u00ec a Domegge lo spettacolo per Scuole e famiglie - Bellunopress - Dolomiti\",\"isPartOf\":{\"@id\":\"https:\\\/\\\/www.bellunopress.it\\\/#website\"},\"datePublished\":\"2012-02-02T07:50:20+00:00\",\"dateModified\":\"2012-02-02T21:51:06+00:00\",\"breadcrumb\":{\"@id\":\"https:\\\/\\\/www.bellunopress.it\\\/2012\\\/02\\\/02\\\/il-mistero-della-nascita-venerdi-a-domegge-lo-spettacolo-per-scuole-e-famiglie\\\/#breadcrumb\"},\"inLanguage\":\"fr-FR\",\"potentialAction\":[{\"@type\":\"ReadAction\",\"target\":[\"https:\\\/\\\/www.bellunopress.it\\\/2012\\\/02\\\/02\\\/il-mistero-della-nascita-venerdi-a-domegge-lo-spettacolo-per-scuole-e-famiglie\\\/\"]}]},{\"@type\":\"BreadcrumbList\",\"@id\":\"https:\\\/\\\/www.bellunopress.it\\\/2012\\\/02\\\/02\\\/il-mistero-della-nascita-venerdi-a-domegge-lo-spettacolo-per-scuole-e-famiglie\\\/#breadcrumb\",\"itemListElement\":[{\"@type\":\"ListItem\",\"position\":1,\"name\":\"Home\",\"item\":\"https:\\\/\\\/www.bellunopress.it\\\/\"},{\"@type\":\"ListItem\",\"position\":2,\"name\":\"Il mistero della nascita, venerd\u00ec a Domegge lo spettacolo per Scuole e famiglie\"}]},{\"@type\":\"WebSite\",\"@id\":\"https:\\\/\\\/www.bellunopress.it\\\/#website\",\"url\":\"https:\\\/\\\/www.bellunopress.it\\\/\",\"name\":\"Bellunopress - Dolomiti\",\"description\":\"e-mail: redazione@bellunopress.it\",\"publisher\":{\"@id\":\"https:\\\/\\\/www.bellunopress.it\\\/#organization\"},\"potentialAction\":[{\"@type\":\"SearchAction\",\"target\":{\"@type\":\"EntryPoint\",\"urlTemplate\":\"https:\\\/\\\/www.bellunopress.it\\\/?s={search_term_string}\"},\"query-input\":{\"@type\":\"PropertyValueSpecification\",\"valueRequired\":true,\"valueName\":\"search_term_string\"}}],\"inLanguage\":\"fr-FR\"},{\"@type\":\"Organization\",\"@id\":\"https:\\\/\\\/www.bellunopress.it\\\/#organization\",\"name\":\"Bellunopress\",\"url\":\"https:\\\/\\\/www.bellunopress.it\\\/\",\"logo\":{\"@type\":\"ImageObject\",\"inLanguage\":\"fr-FR\",\"@id\":\"https:\\\/\\\/www.bellunopress.it\\\/#\\\/schema\\\/logo\\\/image\\\/\",\"url\":\"https:\\\/\\\/www.bellunopress.it\\\/wp-content\\\/uploads\\\/2011\\\/05\\\/cropped-logo-bellunopress-.jpg\",\"contentUrl\":\"https:\\\/\\\/www.bellunopress.it\\\/wp-content\\\/uploads\\\/2011\\\/05\\\/cropped-logo-bellunopress-.jpg\",\"width\":512,\"height\":512,\"caption\":\"Bellunopress\"},\"image\":{\"@id\":\"https:\\\/\\\/www.bellunopress.it\\\/#\\\/schema\\\/logo\\\/image\\\/\"},\"sameAs\":[\"https:\\\/\\\/www.facebook.com\\\/profile.php?id=100008943462799\",\"https:\\\/\\\/x.com\\\/bellunopress\",\"https:\\\/\\\/www.linkedin.com\\\/hp\\\/?dnr=JBzUWaJfMUw8vbXJJ2tVW5-I3jZKvC4wsoxE&amp;amp;amp;amp;amp;amp;trk=nav_responsive_tab_home\",\"https:\\\/\\\/www.youtube.com\\\/channel\\\/UCxL0wu1uN0_3_7hGG0306cw\"]},{\"@type\":\"Person\",\"@id\":\"https:\\\/\\\/www.bellunopress.it\\\/#\\\/schema\\\/person\\\/79bb06722b37ece1c03d3e94beb30d73\",\"name\":\"redazione\",\"image\":{\"@type\":\"ImageObject\",\"inLanguage\":\"fr-FR\",\"@id\":\"https:\\\/\\\/secure.gravatar.com\\\/avatar\\\/37d968a2e67a6fd04c169c4bdef102d0bc5d31b2546345219e348575eb80e9a0?s=96&d=mm&r=g\",\"url\":\"https:\\\/\\\/secure.gravatar.com\\\/avatar\\\/37d968a2e67a6fd04c169c4bdef102d0bc5d31b2546345219e348575eb80e9a0?s=96&d=mm&r=g\",\"contentUrl\":\"https:\\\/\\\/secure.gravatar.com\\\/avatar\\\/37d968a2e67a6fd04c169c4bdef102d0bc5d31b2546345219e348575eb80e9a0?s=96&d=mm&r=g\",\"caption\":\"redazione\"},\"sameAs\":[\"http:\\\/\\\/www.bellunopress.it\",\"https:\\\/\\\/x.com\\\/bellunopress\"],\"url\":\"https:\\\/\\\/www.bellunopress.it\\\/fr\\\/author\\\/redazione\\\/\"}]}<\/script>\n<!-- \/ Yoast SEO plugin. -->","yoast_head_json":{"title":"Il mistero della nascita, venerd\u00ec a Domegge lo spettacolo per Scuole e famiglie  - Bellunopress - Dolomiti","robots":{"index":"index","follow":"follow","max-snippet":"max-snippet:-1","max-image-preview":"max-image-preview:large","max-video-preview":"max-video-preview:-1"},"canonical":"https:\/\/www.bellunopress.it\/fr\/2012\/02\/02\/il-mistero-della-nascita-venerdi-a-domegge-lo-spettacolo-per-scuole-e-famiglie\/","og_locale":"fr_FR","og_type":"article","og_title":"Il mistero della nascita, venerd\u00ec a Domegge lo spettacolo per Scuole e famiglie  - Bellunopress - Dolomiti","og_description":"Si conclude venerd\u00ec 3 febbraio con lo spettacolo Pi\u00e8 di pancia la Stagione di Teatro per le Scuole e le Famiglie a Domegge di Cadore. Una Stagione inauguratasi nel segno del mito con Ulisse di Tib Teatro nel mese di novembre e che ha registrato un grande successo di partecipazione anche per questa edizione, confermando [&hellip;]","og_url":"https:\/\/www.bellunopress.it\/fr\/2012\/02\/02\/il-mistero-della-nascita-venerdi-a-domegge-lo-spettacolo-per-scuole-e-famiglie\/","og_site_name":"Bellunopress - Dolomiti","article_publisher":"https:\/\/www.facebook.com\/profile.php?id=100008943462799","article_published_time":"2012-02-02T07:50:20+00:00","article_modified_time":"2012-02-02T21:51:06+00:00","og_image":[{"url":"http:\/\/www.bellunopress.it\/wp-content\/uploads\/2012\/07\/logo-bellunopress-250x250-2012.jpg","type":"","width":"","height":""}],"author":"redazione","twitter_card":"summary_large_image","twitter_creator":"@bellunopress","twitter_site":"@bellunopress","twitter_misc":{"\u00c9crit par":"redazione","Dur\u00e9e de lecture estim\u00e9e":"2 minutes"},"schema":{"@context":"https:\/\/schema.org","@graph":[{"@type":"Article","@id":"https:\/\/www.bellunopress.it\/2012\/02\/02\/il-mistero-della-nascita-venerdi-a-domegge-lo-spettacolo-per-scuole-e-famiglie\/#article","isPartOf":{"@id":"https:\/\/www.bellunopress.it\/2012\/02\/02\/il-mistero-della-nascita-venerdi-a-domegge-lo-spettacolo-per-scuole-e-famiglie\/"},"author":{"name":"redazione","@id":"https:\/\/www.bellunopress.it\/#\/schema\/person\/79bb06722b37ece1c03d3e94beb30d73"},"headline":"Il mistero della nascita, venerd\u00ec a Domegge lo spettacolo per Scuole e famiglie","datePublished":"2012-02-02T07:50:20+00:00","dateModified":"2012-02-02T21:51:06+00:00","mainEntityOfPage":{"@id":"https:\/\/www.bellunopress.it\/2012\/02\/02\/il-mistero-della-nascita-venerdi-a-domegge-lo-spettacolo-per-scuole-e-famiglie\/"},"wordCount":456,"publisher":{"@id":"https:\/\/www.bellunopress.it\/#organization"},"articleSection":["Appuntamenti, Eventi","Arte, Cultura, Spettacoli, Scienza","Pausa Caff\u00e8"],"inLanguage":"fr-FR"},{"@type":"WebPage","@id":"https:\/\/www.bellunopress.it\/2012\/02\/02\/il-mistero-della-nascita-venerdi-a-domegge-lo-spettacolo-per-scuole-e-famiglie\/","url":"https:\/\/www.bellunopress.it\/2012\/02\/02\/il-mistero-della-nascita-venerdi-a-domegge-lo-spettacolo-per-scuole-e-famiglie\/","name":"Il mistero della nascita, venerd\u00ec a Domegge lo spettacolo per Scuole e famiglie - Bellunopress - Dolomiti","isPartOf":{"@id":"https:\/\/www.bellunopress.it\/#website"},"datePublished":"2012-02-02T07:50:20+00:00","dateModified":"2012-02-02T21:51:06+00:00","breadcrumb":{"@id":"https:\/\/www.bellunopress.it\/2012\/02\/02\/il-mistero-della-nascita-venerdi-a-domegge-lo-spettacolo-per-scuole-e-famiglie\/#breadcrumb"},"inLanguage":"fr-FR","potentialAction":[{"@type":"ReadAction","target":["https:\/\/www.bellunopress.it\/2012\/02\/02\/il-mistero-della-nascita-venerdi-a-domegge-lo-spettacolo-per-scuole-e-famiglie\/"]}]},{"@type":"BreadcrumbList","@id":"https:\/\/www.bellunopress.it\/2012\/02\/02\/il-mistero-della-nascita-venerdi-a-domegge-lo-spettacolo-per-scuole-e-famiglie\/#breadcrumb","itemListElement":[{"@type":"ListItem","position":1,"name":"Home","item":"https:\/\/www.bellunopress.it\/"},{"@type":"ListItem","position":2,"name":"Il mistero della nascita, venerd\u00ec a Domegge lo spettacolo per Scuole e famiglie"}]},{"@type":"WebSite","@id":"https:\/\/www.bellunopress.it\/#website","url":"https:\/\/www.bellunopress.it\/","name":"Bellunopress - Dolomiti","description":"e-mail: redazione@bellunopress.it","publisher":{"@id":"https:\/\/www.bellunopress.it\/#organization"},"potentialAction":[{"@type":"SearchAction","target":{"@type":"EntryPoint","urlTemplate":"https:\/\/www.bellunopress.it\/?s={search_term_string}"},"query-input":{"@type":"PropertyValueSpecification","valueRequired":true,"valueName":"search_term_string"}}],"inLanguage":"fr-FR"},{"@type":"Organization","@id":"https:\/\/www.bellunopress.it\/#organization","name":"Bellunopress","url":"https:\/\/www.bellunopress.it\/","logo":{"@type":"ImageObject","inLanguage":"fr-FR","@id":"https:\/\/www.bellunopress.it\/#\/schema\/logo\/image\/","url":"https:\/\/www.bellunopress.it\/wp-content\/uploads\/2011\/05\/cropped-logo-bellunopress-.jpg","contentUrl":"https:\/\/www.bellunopress.it\/wp-content\/uploads\/2011\/05\/cropped-logo-bellunopress-.jpg","width":512,"height":512,"caption":"Bellunopress"},"image":{"@id":"https:\/\/www.bellunopress.it\/#\/schema\/logo\/image\/"},"sameAs":["https:\/\/www.facebook.com\/profile.php?id=100008943462799","https:\/\/x.com\/bellunopress","https:\/\/www.linkedin.com\/hp\/?dnr=JBzUWaJfMUw8vbXJJ2tVW5-I3jZKvC4wsoxE&amp;amp;amp;amp;amp;amp;trk=nav_responsive_tab_home","https:\/\/www.youtube.com\/channel\/UCxL0wu1uN0_3_7hGG0306cw"]},{"@type":"Person","@id":"https:\/\/www.bellunopress.it\/#\/schema\/person\/79bb06722b37ece1c03d3e94beb30d73","name":"r\u00e9daction","image":{"@type":"ImageObject","inLanguage":"fr-FR","@id":"https:\/\/secure.gravatar.com\/avatar\/37d968a2e67a6fd04c169c4bdef102d0bc5d31b2546345219e348575eb80e9a0?s=96&d=mm&r=g","url":"https:\/\/secure.gravatar.com\/avatar\/37d968a2e67a6fd04c169c4bdef102d0bc5d31b2546345219e348575eb80e9a0?s=96&d=mm&r=g","contentUrl":"https:\/\/secure.gravatar.com\/avatar\/37d968a2e67a6fd04c169c4bdef102d0bc5d31b2546345219e348575eb80e9a0?s=96&d=mm&r=g","caption":"redazione"},"sameAs":["http:\/\/www.bellunopress.it","https:\/\/x.com\/bellunopress"],"url":"https:\/\/www.bellunopress.it\/fr\/author\/redazione\/"}]}},"_links":{"self":[{"href":"https:\/\/www.bellunopress.it\/fr\/wp-json\/wp\/v2\/posts\/34731","targetHints":{"allow":["GET"]}}],"collection":[{"href":"https:\/\/www.bellunopress.it\/fr\/wp-json\/wp\/v2\/posts"}],"about":[{"href":"https:\/\/www.bellunopress.it\/fr\/wp-json\/wp\/v2\/types\/post"}],"author":[{"embeddable":true,"href":"https:\/\/www.bellunopress.it\/fr\/wp-json\/wp\/v2\/users\/2"}],"replies":[{"embeddable":true,"href":"https:\/\/www.bellunopress.it\/fr\/wp-json\/wp\/v2\/comments?post=34731"}],"version-history":[{"count":1,"href":"https:\/\/www.bellunopress.it\/fr\/wp-json\/wp\/v2\/posts\/34731\/revisions"}],"predecessor-version":[{"id":34732,"href":"https:\/\/www.bellunopress.it\/fr\/wp-json\/wp\/v2\/posts\/34731\/revisions\/34732"}],"wp:attachment":[{"href":"https:\/\/www.bellunopress.it\/fr\/wp-json\/wp\/v2\/media?parent=34731"}],"wp:term":[{"taxonomy":"category","embeddable":true,"href":"https:\/\/www.bellunopress.it\/fr\/wp-json\/wp\/v2\/categories?post=34731"},{"taxonomy":"post_tag","embeddable":true,"href":"https:\/\/www.bellunopress.it\/fr\/wp-json\/wp\/v2\/tags?post=34731"}],"curies":[{"name":"wp","href":"https:\/\/api.w.org\/{rel}","templated":true}]}}