{"id":34727,"date":"2012-02-02T15:40:31","date_gmt":"2012-02-02T14:40:31","guid":{"rendered":"http:\/\/www.bellunopress.it\/?p=34727"},"modified":"2012-02-02T22:45:19","modified_gmt":"2012-02-02T21:45:19","slug":"sabato-al-teatro-kursaal-di-auronzo-incontro-con-moni-ovadia","status":"publish","type":"post","link":"https:\/\/www.bellunopress.it\/fr\/2012\/02\/02\/sabato-al-teatro-kursaal-di-auronzo-incontro-con-moni-ovadia\/","title":{"rendered":"Sabato al teatro Kursaal di Auronzo incontro con Moni Ovadia"},"content":{"rendered":"<p><a href=\"http:\/\/www.bellunopress.it\/wp-content\/uploads\/2012\/02\/moni-ovadia.jpg\"><img loading=\"lazy\" decoding=\"async\" class=\"alignleft size-full wp-image-34728\" title=\"moni ovadia\" src=\"http:\/\/www.bellunopress.it\/wp-content\/uploads\/2012\/02\/moni-ovadia.jpg\" alt=\"\" width=\"92\" height=\"170\" \/><\/a>Sabato 4 febbraio alle 10, nella sala del teatro Kursaal di Auronzo di Cadore si terr\u00e0 l&#8217;incontro con l&#8217;attore, cantante e compositore Moni Ovadia, protagonista del video &#8220;Il dovere di ricordare. Riflessioni sulla Shoah&#8221;, prodotto da G. B. Palumbo Editore. Alla giornata, inserita nella rassegna per le scuole &#8220;Il Mondo E&#8217; Vostro Potete Cambiarlo&#8221;, partecipano anche la regista Elisa Savi e l&#8217;Assessore alla Cultura Tatiana Pais Becher.<\/p>\n<p>Il video, ideato esclusivamente per scuole e docenti, \u00e8 alla sua seconda presentazione in pubblico dopo l&#8217;evento dello scorso anno al Mandela Forum di Firenze,al quale avevano partecipato 10000 studenti e alcuni dei protagonisti del filmato. \u00a0 Moni Ovadia affronta il tema della Shoah riepilogandone i tratti salienti dal punto di vista storico. Cerca per\u00f2, soprattutto, di ricostruire in modo efficace il clima culturale e sociale da cui si \u00e8 potuto sviluppare lo sterminio degli ebrei, in particolare collegando quella tragedia ad atteggiamenti collettivi, come il razzismo, che continuano a esistere ancora, e che anzi sembrano rafforzarsi e diffondersi negli ultimi anni.<\/p>\n<p>Oltre che un dovere verso il passato, la memoria della Shoah diviene cos\u00ec un modo per non perdere di vista i rischi della nostra societ\u00e0 e per fare una scommessa sul presente. \u00a0L&#8217;obiettivo del documento video \u00e8 quello di fare in modo che la Giornata della Memoria, dedicata alla rievocazione critica della Shoah, non si riduca a un rituale vuoto e, soprattutto, per reagire a tutte le forme di revisionismo e perfino di negazionismo su questa materia delicatissima, \u00e8 necessario offrire agli studenti esperienze di studio capaci di coinvolgerli anche emotivamente. \u00a0 In video alcuni &#8220;lettori&#8221; illustri: Antonio Albanese, Mauro Berruto, Nicoletta Braschi, Lorenzo Cherubini, Maurizio Deh\u00f2, Luciano Ligabue, Luciana Littizzetto, Shel Shapiro. \u00a0 Sul sito della Casa Editrice G.B. Palumbo \u00e8 possibile visualizzare il trailer del documentario &#8220;Il dovere di ricordare. Riflessioni sulla Shoah&#8221;.<\/p>\n<p>&nbsp;<\/p>\n<p>&nbsp;<\/p>\n<p>&nbsp;<\/p>\n<p>&nbsp;<\/p>","protected":false},"excerpt":{"rendered":"<p>Sabato 4 febbraio alle 10, nella sala del teatro Kursaal di Auronzo di Cadore si terr\u00e0 l&#8217;incontro con l&#8217;attore, cantante e compositore Moni Ovadia, protagonista del video &#8220;Il dovere di ricordare. Riflessioni sulla Shoah&#8221;, prodotto da G. B. Palumbo Editore. Alla giornata, inserita nella rassegna per le scuole &#8220;Il Mondo E&#8217; Vostro Potete Cambiarlo&#8221;, partecipano [&hellip;]<\/p>\n","protected":false},"author":2,"featured_media":0,"comment_status":"closed","ping_status":"open","sticky":false,"template":"","format":"standard","meta":{"footnotes":""},"categories":[27,26],"tags":[],"class_list":["post-34727","post","type-post","status-publish","format-standard","category-appuntamenti","category-prima-pagina"],"yoast_head":"<!-- This site is optimized with the Yoast SEO plugin v28.4 - https:\/\/yoast.com\/product\/yoast-seo-wordpress\/ -->\n<title>Sabato al teatro Kursaal di Auronzo incontro con Moni Ovadia  - Bellunopress - Dolomiti<\/title>\n<meta name=\"robots\" content=\"index, follow, max-snippet:-1, max-image-preview:large, max-video-preview:-1\" \/>\n<link rel=\"canonical\" href=\"https:\/\/www.bellunopress.it\/fr\/2012\/02\/02\/sabato-al-teatro-kursaal-di-auronzo-incontro-con-moni-ovadia\/\" \/>\n<meta property=\"og:locale\" content=\"fr_FR\" \/>\n<meta property=\"og:type\" content=\"article\" \/>\n<meta property=\"og:title\" content=\"Sabato al teatro Kursaal di Auronzo incontro con Moni Ovadia  - Bellunopress - Dolomiti\" \/>\n<meta property=\"og:description\" content=\"Sabato 4 febbraio alle 10, nella sala del teatro Kursaal di Auronzo di Cadore si terr\u00e0 l&#8217;incontro con l&#8217;attore, cantante e compositore Moni Ovadia, protagonista del video &#8220;Il dovere di ricordare. Riflessioni sulla Shoah&#8221;, prodotto da G. B. Palumbo Editore. Alla giornata, inserita nella rassegna per le scuole &#8220;Il Mondo E&#8217; Vostro Potete Cambiarlo&#8221;, partecipano [&hellip;]\" \/>\n<meta property=\"og:url\" content=\"https:\/\/www.bellunopress.it\/fr\/2012\/02\/02\/sabato-al-teatro-kursaal-di-auronzo-incontro-con-moni-ovadia\/\" \/>\n<meta property=\"og:site_name\" content=\"Bellunopress - Dolomiti\" \/>\n<meta property=\"article:publisher\" content=\"https:\/\/www.facebook.com\/profile.php?id=100008943462799\" \/>\n<meta property=\"article:published_time\" content=\"2012-02-02T14:40:31+00:00\" \/>\n<meta property=\"article:modified_time\" content=\"2012-02-02T21:45:19+00:00\" \/>\n<meta property=\"og:image\" content=\"http:\/\/www.bellunopress.it\/wp-content\/uploads\/2012\/02\/moni-ovadia.jpg\" \/>\n<meta name=\"author\" content=\"redazione\" \/>\n<meta name=\"twitter:card\" content=\"summary_large_image\" \/>\n<meta name=\"twitter:creator\" content=\"@bellunopress\" \/>\n<meta name=\"twitter:site\" content=\"@bellunopress\" \/>\n<meta name=\"twitter:label1\" content=\"\u00c9crit par\" \/>\n\t<meta name=\"twitter:data1\" content=\"redazione\" \/>\n\t<meta name=\"twitter:label2\" content=\"Dur\u00e9e de lecture estim\u00e9e\" \/>\n\t<meta name=\"twitter:data2\" content=\"1 minute\" \/>\n<script type=\"application\/ld+json\" class=\"yoast-schema-graph\">{\"@context\":\"https:\\\/\\\/schema.org\",\"@graph\":[{\"@type\":\"Article\",\"@id\":\"https:\\\/\\\/www.bellunopress.it\\\/2012\\\/02\\\/02\\\/sabato-al-teatro-kursaal-di-auronzo-incontro-con-moni-ovadia\\\/#article\",\"isPartOf\":{\"@id\":\"https:\\\/\\\/www.bellunopress.it\\\/2012\\\/02\\\/02\\\/sabato-al-teatro-kursaal-di-auronzo-incontro-con-moni-ovadia\\\/\"},\"author\":{\"name\":\"redazione\",\"@id\":\"https:\\\/\\\/www.bellunopress.it\\\/#\\\/schema\\\/person\\\/79bb06722b37ece1c03d3e94beb30d73\"},\"headline\":\"Sabato al teatro Kursaal di Auronzo incontro con Moni Ovadia\",\"datePublished\":\"2012-02-02T14:40:31+00:00\",\"dateModified\":\"2012-02-02T21:45:19+00:00\",\"mainEntityOfPage\":{\"@id\":\"https:\\\/\\\/www.bellunopress.it\\\/2012\\\/02\\\/02\\\/sabato-al-teatro-kursaal-di-auronzo-incontro-con-moni-ovadia\\\/\"},\"wordCount\":314,\"publisher\":{\"@id\":\"https:\\\/\\\/www.bellunopress.it\\\/#organization\"},\"image\":{\"@id\":\"https:\\\/\\\/www.bellunopress.it\\\/2012\\\/02\\\/02\\\/sabato-al-teatro-kursaal-di-auronzo-incontro-con-moni-ovadia\\\/#primaryimage\"},\"thumbnailUrl\":\"http:\\\/\\\/www.bellunopress.it\\\/wp-content\\\/uploads\\\/2012\\\/02\\\/moni-ovadia.jpg\",\"articleSection\":[\"Appuntamenti, Eventi\",\"Prima Pagina\"],\"inLanguage\":\"fr-FR\"},{\"@type\":\"WebPage\",\"@id\":\"https:\\\/\\\/www.bellunopress.it\\\/2012\\\/02\\\/02\\\/sabato-al-teatro-kursaal-di-auronzo-incontro-con-moni-ovadia\\\/\",\"url\":\"https:\\\/\\\/www.bellunopress.it\\\/2012\\\/02\\\/02\\\/sabato-al-teatro-kursaal-di-auronzo-incontro-con-moni-ovadia\\\/\",\"name\":\"Sabato al teatro Kursaal di Auronzo incontro con Moni Ovadia - Bellunopress - Dolomiti\",\"isPartOf\":{\"@id\":\"https:\\\/\\\/www.bellunopress.it\\\/#website\"},\"primaryImageOfPage\":{\"@id\":\"https:\\\/\\\/www.bellunopress.it\\\/2012\\\/02\\\/02\\\/sabato-al-teatro-kursaal-di-auronzo-incontro-con-moni-ovadia\\\/#primaryimage\"},\"image\":{\"@id\":\"https:\\\/\\\/www.bellunopress.it\\\/2012\\\/02\\\/02\\\/sabato-al-teatro-kursaal-di-auronzo-incontro-con-moni-ovadia\\\/#primaryimage\"},\"thumbnailUrl\":\"http:\\\/\\\/www.bellunopress.it\\\/wp-content\\\/uploads\\\/2012\\\/02\\\/moni-ovadia.jpg\",\"datePublished\":\"2012-02-02T14:40:31+00:00\",\"dateModified\":\"2012-02-02T21:45:19+00:00\",\"breadcrumb\":{\"@id\":\"https:\\\/\\\/www.bellunopress.it\\\/2012\\\/02\\\/02\\\/sabato-al-teatro-kursaal-di-auronzo-incontro-con-moni-ovadia\\\/#breadcrumb\"},\"inLanguage\":\"fr-FR\",\"potentialAction\":[{\"@type\":\"ReadAction\",\"target\":[\"https:\\\/\\\/www.bellunopress.it\\\/2012\\\/02\\\/02\\\/sabato-al-teatro-kursaal-di-auronzo-incontro-con-moni-ovadia\\\/\"]}]},{\"@type\":\"ImageObject\",\"inLanguage\":\"fr-FR\",\"@id\":\"https:\\\/\\\/www.bellunopress.it\\\/2012\\\/02\\\/02\\\/sabato-al-teatro-kursaal-di-auronzo-incontro-con-moni-ovadia\\\/#primaryimage\",\"url\":\"http:\\\/\\\/www.bellunopress.it\\\/wp-content\\\/uploads\\\/2012\\\/02\\\/moni-ovadia.jpg\",\"contentUrl\":\"http:\\\/\\\/www.bellunopress.it\\\/wp-content\\\/uploads\\\/2012\\\/02\\\/moni-ovadia.jpg\"},{\"@type\":\"BreadcrumbList\",\"@id\":\"https:\\\/\\\/www.bellunopress.it\\\/2012\\\/02\\\/02\\\/sabato-al-teatro-kursaal-di-auronzo-incontro-con-moni-ovadia\\\/#breadcrumb\",\"itemListElement\":[{\"@type\":\"ListItem\",\"position\":1,\"name\":\"Home\",\"item\":\"https:\\\/\\\/www.bellunopress.it\\\/\"},{\"@type\":\"ListItem\",\"position\":2,\"name\":\"Sabato al teatro Kursaal di Auronzo incontro con Moni Ovadia\"}]},{\"@type\":\"WebSite\",\"@id\":\"https:\\\/\\\/www.bellunopress.it\\\/#website\",\"url\":\"https:\\\/\\\/www.bellunopress.it\\\/\",\"name\":\"Bellunopress - Dolomiti\",\"description\":\"e-mail: redazione@bellunopress.it\",\"publisher\":{\"@id\":\"https:\\\/\\\/www.bellunopress.it\\\/#organization\"},\"potentialAction\":[{\"@type\":\"SearchAction\",\"target\":{\"@type\":\"EntryPoint\",\"urlTemplate\":\"https:\\\/\\\/www.bellunopress.it\\\/?s={search_term_string}\"},\"query-input\":{\"@type\":\"PropertyValueSpecification\",\"valueRequired\":true,\"valueName\":\"search_term_string\"}}],\"inLanguage\":\"fr-FR\"},{\"@type\":\"Organization\",\"@id\":\"https:\\\/\\\/www.bellunopress.it\\\/#organization\",\"name\":\"Bellunopress\",\"url\":\"https:\\\/\\\/www.bellunopress.it\\\/\",\"logo\":{\"@type\":\"ImageObject\",\"inLanguage\":\"fr-FR\",\"@id\":\"https:\\\/\\\/www.bellunopress.it\\\/#\\\/schema\\\/logo\\\/image\\\/\",\"url\":\"https:\\\/\\\/www.bellunopress.it\\\/wp-content\\\/uploads\\\/2011\\\/05\\\/cropped-logo-bellunopress-.jpg\",\"contentUrl\":\"https:\\\/\\\/www.bellunopress.it\\\/wp-content\\\/uploads\\\/2011\\\/05\\\/cropped-logo-bellunopress-.jpg\",\"width\":512,\"height\":512,\"caption\":\"Bellunopress\"},\"image\":{\"@id\":\"https:\\\/\\\/www.bellunopress.it\\\/#\\\/schema\\\/logo\\\/image\\\/\"},\"sameAs\":[\"https:\\\/\\\/www.facebook.com\\\/profile.php?id=100008943462799\",\"https:\\\/\\\/x.com\\\/bellunopress\",\"https:\\\/\\\/www.linkedin.com\\\/hp\\\/?dnr=JBzUWaJfMUw8vbXJJ2tVW5-I3jZKvC4wsoxE&amp;amp;amp;amp;amp;amp;trk=nav_responsive_tab_home\",\"https:\\\/\\\/www.youtube.com\\\/channel\\\/UCxL0wu1uN0_3_7hGG0306cw\"]},{\"@type\":\"Person\",\"@id\":\"https:\\\/\\\/www.bellunopress.it\\\/#\\\/schema\\\/person\\\/79bb06722b37ece1c03d3e94beb30d73\",\"name\":\"redazione\",\"image\":{\"@type\":\"ImageObject\",\"inLanguage\":\"fr-FR\",\"@id\":\"https:\\\/\\\/secure.gravatar.com\\\/avatar\\\/37d968a2e67a6fd04c169c4bdef102d0bc5d31b2546345219e348575eb80e9a0?s=96&d=mm&r=g\",\"url\":\"https:\\\/\\\/secure.gravatar.com\\\/avatar\\\/37d968a2e67a6fd04c169c4bdef102d0bc5d31b2546345219e348575eb80e9a0?s=96&d=mm&r=g\",\"contentUrl\":\"https:\\\/\\\/secure.gravatar.com\\\/avatar\\\/37d968a2e67a6fd04c169c4bdef102d0bc5d31b2546345219e348575eb80e9a0?s=96&d=mm&r=g\",\"caption\":\"redazione\"},\"sameAs\":[\"http:\\\/\\\/www.bellunopress.it\",\"https:\\\/\\\/x.com\\\/bellunopress\"],\"url\":\"https:\\\/\\\/www.bellunopress.it\\\/fr\\\/author\\\/redazione\\\/\"}]}<\/script>\n<!-- \/ Yoast SEO plugin. -->","yoast_head_json":{"title":"Sabato al teatro Kursaal di Auronzo incontro con Moni Ovadia  - Bellunopress - Dolomiti","robots":{"index":"index","follow":"follow","max-snippet":"max-snippet:-1","max-image-preview":"max-image-preview:large","max-video-preview":"max-video-preview:-1"},"canonical":"https:\/\/www.bellunopress.it\/fr\/2012\/02\/02\/sabato-al-teatro-kursaal-di-auronzo-incontro-con-moni-ovadia\/","og_locale":"fr_FR","og_type":"article","og_title":"Sabato al teatro Kursaal di Auronzo incontro con Moni Ovadia  - Bellunopress - Dolomiti","og_description":"Sabato 4 febbraio alle 10, nella sala del teatro Kursaal di Auronzo di Cadore si terr\u00e0 l&#8217;incontro con l&#8217;attore, cantante e compositore Moni Ovadia, protagonista del video &#8220;Il dovere di ricordare. Riflessioni sulla Shoah&#8221;, prodotto da G. B. Palumbo Editore. Alla giornata, inserita nella rassegna per le scuole &#8220;Il Mondo E&#8217; Vostro Potete Cambiarlo&#8221;, partecipano [&hellip;]","og_url":"https:\/\/www.bellunopress.it\/fr\/2012\/02\/02\/sabato-al-teatro-kursaal-di-auronzo-incontro-con-moni-ovadia\/","og_site_name":"Bellunopress - Dolomiti","article_publisher":"https:\/\/www.facebook.com\/profile.php?id=100008943462799","article_published_time":"2012-02-02T14:40:31+00:00","article_modified_time":"2012-02-02T21:45:19+00:00","og_image":[{"url":"http:\/\/www.bellunopress.it\/wp-content\/uploads\/2012\/02\/moni-ovadia.jpg","type":"","width":"","height":""}],"author":"redazione","twitter_card":"summary_large_image","twitter_creator":"@bellunopress","twitter_site":"@bellunopress","twitter_misc":{"\u00c9crit par":"redazione","Dur\u00e9e de lecture estim\u00e9e":"1 minute"},"schema":{"@context":"https:\/\/schema.org","@graph":[{"@type":"Article","@id":"https:\/\/www.bellunopress.it\/2012\/02\/02\/sabato-al-teatro-kursaal-di-auronzo-incontro-con-moni-ovadia\/#article","isPartOf":{"@id":"https:\/\/www.bellunopress.it\/2012\/02\/02\/sabato-al-teatro-kursaal-di-auronzo-incontro-con-moni-ovadia\/"},"author":{"name":"redazione","@id":"https:\/\/www.bellunopress.it\/#\/schema\/person\/79bb06722b37ece1c03d3e94beb30d73"},"headline":"Sabato al teatro Kursaal di Auronzo incontro con Moni Ovadia","datePublished":"2012-02-02T14:40:31+00:00","dateModified":"2012-02-02T21:45:19+00:00","mainEntityOfPage":{"@id":"https:\/\/www.bellunopress.it\/2012\/02\/02\/sabato-al-teatro-kursaal-di-auronzo-incontro-con-moni-ovadia\/"},"wordCount":314,"publisher":{"@id":"https:\/\/www.bellunopress.it\/#organization"},"image":{"@id":"https:\/\/www.bellunopress.it\/2012\/02\/02\/sabato-al-teatro-kursaal-di-auronzo-incontro-con-moni-ovadia\/#primaryimage"},"thumbnailUrl":"http:\/\/www.bellunopress.it\/wp-content\/uploads\/2012\/02\/moni-ovadia.jpg","articleSection":["Appuntamenti, Eventi","Prima Pagina"],"inLanguage":"fr-FR"},{"@type":"WebPage","@id":"https:\/\/www.bellunopress.it\/2012\/02\/02\/sabato-al-teatro-kursaal-di-auronzo-incontro-con-moni-ovadia\/","url":"https:\/\/www.bellunopress.it\/2012\/02\/02\/sabato-al-teatro-kursaal-di-auronzo-incontro-con-moni-ovadia\/","name":"Sabato al teatro Kursaal di Auronzo incontro con Moni Ovadia - Bellunopress - Dolomiti","isPartOf":{"@id":"https:\/\/www.bellunopress.it\/#website"},"primaryImageOfPage":{"@id":"https:\/\/www.bellunopress.it\/2012\/02\/02\/sabato-al-teatro-kursaal-di-auronzo-incontro-con-moni-ovadia\/#primaryimage"},"image":{"@id":"https:\/\/www.bellunopress.it\/2012\/02\/02\/sabato-al-teatro-kursaal-di-auronzo-incontro-con-moni-ovadia\/#primaryimage"},"thumbnailUrl":"http:\/\/www.bellunopress.it\/wp-content\/uploads\/2012\/02\/moni-ovadia.jpg","datePublished":"2012-02-02T14:40:31+00:00","dateModified":"2012-02-02T21:45:19+00:00","breadcrumb":{"@id":"https:\/\/www.bellunopress.it\/2012\/02\/02\/sabato-al-teatro-kursaal-di-auronzo-incontro-con-moni-ovadia\/#breadcrumb"},"inLanguage":"fr-FR","potentialAction":[{"@type":"ReadAction","target":["https:\/\/www.bellunopress.it\/2012\/02\/02\/sabato-al-teatro-kursaal-di-auronzo-incontro-con-moni-ovadia\/"]}]},{"@type":"ImageObject","inLanguage":"fr-FR","@id":"https:\/\/www.bellunopress.it\/2012\/02\/02\/sabato-al-teatro-kursaal-di-auronzo-incontro-con-moni-ovadia\/#primaryimage","url":"http:\/\/www.bellunopress.it\/wp-content\/uploads\/2012\/02\/moni-ovadia.jpg","contentUrl":"http:\/\/www.bellunopress.it\/wp-content\/uploads\/2012\/02\/moni-ovadia.jpg"},{"@type":"BreadcrumbList","@id":"https:\/\/www.bellunopress.it\/2012\/02\/02\/sabato-al-teatro-kursaal-di-auronzo-incontro-con-moni-ovadia\/#breadcrumb","itemListElement":[{"@type":"ListItem","position":1,"name":"Home","item":"https:\/\/www.bellunopress.it\/"},{"@type":"ListItem","position":2,"name":"Sabato al teatro Kursaal di Auronzo incontro con Moni Ovadia"}]},{"@type":"WebSite","@id":"https:\/\/www.bellunopress.it\/#website","url":"https:\/\/www.bellunopress.it\/","name":"Bellunopress - Dolomiti","description":"e-mail: redazione@bellunopress.it","publisher":{"@id":"https:\/\/www.bellunopress.it\/#organization"},"potentialAction":[{"@type":"SearchAction","target":{"@type":"EntryPoint","urlTemplate":"https:\/\/www.bellunopress.it\/?s={search_term_string}"},"query-input":{"@type":"PropertyValueSpecification","valueRequired":true,"valueName":"search_term_string"}}],"inLanguage":"fr-FR"},{"@type":"Organization","@id":"https:\/\/www.bellunopress.it\/#organization","name":"Bellunopress","url":"https:\/\/www.bellunopress.it\/","logo":{"@type":"ImageObject","inLanguage":"fr-FR","@id":"https:\/\/www.bellunopress.it\/#\/schema\/logo\/image\/","url":"https:\/\/www.bellunopress.it\/wp-content\/uploads\/2011\/05\/cropped-logo-bellunopress-.jpg","contentUrl":"https:\/\/www.bellunopress.it\/wp-content\/uploads\/2011\/05\/cropped-logo-bellunopress-.jpg","width":512,"height":512,"caption":"Bellunopress"},"image":{"@id":"https:\/\/www.bellunopress.it\/#\/schema\/logo\/image\/"},"sameAs":["https:\/\/www.facebook.com\/profile.php?id=100008943462799","https:\/\/x.com\/bellunopress","https:\/\/www.linkedin.com\/hp\/?dnr=JBzUWaJfMUw8vbXJJ2tVW5-I3jZKvC4wsoxE&amp;amp;amp;amp;amp;amp;trk=nav_responsive_tab_home","https:\/\/www.youtube.com\/channel\/UCxL0wu1uN0_3_7hGG0306cw"]},{"@type":"Person","@id":"https:\/\/www.bellunopress.it\/#\/schema\/person\/79bb06722b37ece1c03d3e94beb30d73","name":"r\u00e9daction","image":{"@type":"ImageObject","inLanguage":"fr-FR","@id":"https:\/\/secure.gravatar.com\/avatar\/37d968a2e67a6fd04c169c4bdef102d0bc5d31b2546345219e348575eb80e9a0?s=96&d=mm&r=g","url":"https:\/\/secure.gravatar.com\/avatar\/37d968a2e67a6fd04c169c4bdef102d0bc5d31b2546345219e348575eb80e9a0?s=96&d=mm&r=g","contentUrl":"https:\/\/secure.gravatar.com\/avatar\/37d968a2e67a6fd04c169c4bdef102d0bc5d31b2546345219e348575eb80e9a0?s=96&d=mm&r=g","caption":"redazione"},"sameAs":["http:\/\/www.bellunopress.it","https:\/\/x.com\/bellunopress"],"url":"https:\/\/www.bellunopress.it\/fr\/author\/redazione\/"}]}},"_links":{"self":[{"href":"https:\/\/www.bellunopress.it\/fr\/wp-json\/wp\/v2\/posts\/34727","targetHints":{"allow":["GET"]}}],"collection":[{"href":"https:\/\/www.bellunopress.it\/fr\/wp-json\/wp\/v2\/posts"}],"about":[{"href":"https:\/\/www.bellunopress.it\/fr\/wp-json\/wp\/v2\/types\/post"}],"author":[{"embeddable":true,"href":"https:\/\/www.bellunopress.it\/fr\/wp-json\/wp\/v2\/users\/2"}],"replies":[{"embeddable":true,"href":"https:\/\/www.bellunopress.it\/fr\/wp-json\/wp\/v2\/comments?post=34727"}],"version-history":[{"count":2,"href":"https:\/\/www.bellunopress.it\/fr\/wp-json\/wp\/v2\/posts\/34727\/revisions"}],"predecessor-version":[{"id":34730,"href":"https:\/\/www.bellunopress.it\/fr\/wp-json\/wp\/v2\/posts\/34727\/revisions\/34730"}],"wp:attachment":[{"href":"https:\/\/www.bellunopress.it\/fr\/wp-json\/wp\/v2\/media?parent=34727"}],"wp:term":[{"taxonomy":"category","embeddable":true,"href":"https:\/\/www.bellunopress.it\/fr\/wp-json\/wp\/v2\/categories?post=34727"},{"taxonomy":"post_tag","embeddable":true,"href":"https:\/\/www.bellunopress.it\/fr\/wp-json\/wp\/v2\/tags?post=34727"}],"curies":[{"name":"wp","href":"https:\/\/api.w.org\/{rel}","templated":true}]}}