{"id":34715,"date":"2012-02-02T21:13:55","date_gmt":"2012-02-02T20:13:55","guid":{"rendered":"http:\/\/www.bellunopress.it\/?p=34715"},"modified":"2012-02-02T21:14:30","modified_gmt":"2012-02-02T20:14:30","slug":"paolo-montagner-nominato-vice-presidente-della-piccola-industria-confindustria-veneto","status":"publish","type":"post","link":"https:\/\/www.bellunopress.it\/fr\/2012\/02\/02\/paolo-montagner-nominato-vice-presidente-della-piccola-industria-confindustria-veneto\/","title":{"rendered":"Paolo Montagner nominato vice presidente della Piccola Industria Confindustria Veneto"},"content":{"rendered":"<figure id=\"attachment_34717\" aria-describedby=\"caption-attachment-34717\" style=\"width: 218px\" class=\"wp-caption alignleft\"><a href=\"http:\/\/www.bellunopress.it\/wp-content\/uploads\/2012\/02\/paolo-montagner1.jpg\"><img loading=\"lazy\" decoding=\"async\" class=\"size-full wp-image-34717\" title=\"paolo montagner\" src=\"http:\/\/www.bellunopress.it\/wp-content\/uploads\/2012\/02\/paolo-montagner1.jpg\" alt=\"\" width=\"218\" height=\"280\" \/><\/a><figcaption id=\"caption-attachment-34717\" class=\"wp-caption-text\">Paolo Montagner<\/figcaption><\/figure>\n<p>Il presidente della Piccola Impresa di Confindustria Belluno Dolomiti \u00e8 stato nominato nei giorni scorsi Vice presidente della Piccola Industria del Veneto. \u201cSono molto onorato di affiancare il Presidente Alberto Baban eletto nel novembre scorso alla guida delle piccole e medie imprese del Veneto\u00a0 &#8211; ha commentato Paolo Montagner &#8211;\u00a0 . Le pmi costituiscono oltre il 90% circa del tessuto produttivo e sono i principali attori dello sviluppo del nostro paese. Collaborer\u00f2 con il Presidente per instaurare un dialogo proficuo con i nostri interlocutori, per contribuire alla crescita delle imprese e dunque dell&#8217;economia del Veneto e\u00a0 di Belluno&#8221;.<\/p>\n<p>Il Comitato Regionale della Piccola Industria del Veneto oltre ai 7 rappresentanti delle\u00a0 territoriali, ha quattro\u00a0 vicepresidenti: insieme a Paolo Montagner, sono stati nominati Riccardo Arnaboldi di Treviso, Cinzia La Rosa di Verona e Paolo Bastianello di Vicenza.<\/p>\n<p>Gian Domenico Cappellaro Presidente di\u00a0 Confindustria Belluno Dolomiti congratulandosi con Paolo Montagner per la nomina, afferma: \u201csono certo che con la sua preparazione ed esperienza contribuir\u00e0 al lavoro per lo sviluppo e la crescita delle pmi. Avere un rappresentate bellunese alla Vice Presidenza assicura un interesse a livello regionale per le problematiche e le richieste delle aziende bellunesi.\u201d\u00a0 Il Gruppo Piccola Industria del Veneto che rappresenta le imprese che occupano fino a 50 dipendenti ed entro i 10 milioni di fatturato, ha il compito di\u00a0 seguire gli interessi delle piccole aziende\u00a0 e di promuoverne la loro crescita in armonia con lo sviluppo economico-sociale. La struttura industriale\u00a0 del territorio veneto\u00a0 \u00e8\u00a0 composta prevalentemente da imprese di piccola dimensione il Gruppo programma iniziative, diffonde e tutela i valori e gli interessi della piccola impresa, ne sensibilizza il ruolo\u00a0 nell\u2019economia e nella vita associativa regionale.<\/p>\n<p>Paolo Montagner Titolare dalla Pai Cristal Italia, un\u2019azienda di Domegge di Cadore che produce paste abrasive e polish per diversi settori, Paolo Montagner, sessant\u2019anni, (sposato e residente ad Auronzo di Cadore) ha notevolmente sviluppato la propria azienda, che oggi ha sedi a Hong Kong, a Shenzen City, in Cina e a Noida nel distretto industriale di New Delhi, In India. E\u2019\u00a0 presidente da febbraio 2011 del Consiglio della Piccola Impresa di Confindustria Belluno Dolomiti, l\u2019organo interno all\u2019associazione che rappresenta e segue in maniera particolare le piccole imprese.<\/p>","protected":false},"excerpt":{"rendered":"<p>Il presidente della Piccola Impresa di Confindustria Belluno Dolomiti \u00e8 stato nominato nei giorni scorsi Vice presidente della Piccola Industria del Veneto. \u201cSono molto onorato di affiancare il Presidente Alberto Baban eletto nel novembre scorso alla guida delle piccole e medie imprese del Veneto\u00a0 &#8211; ha commentato Paolo Montagner &#8211;\u00a0 . Le pmi costituiscono oltre [&hellip;]<\/p>\n","protected":false},"author":2,"featured_media":0,"comment_status":"closed","ping_status":"open","sticky":false,"template":"","format":"standard","meta":{"footnotes":""},"categories":[5,36,26],"tags":[],"class_list":["post-34715","post","type-post","status-publish","format-standard","category-cronaca","category-lavoro-economia","category-prima-pagina"],"yoast_head":"<!-- This site is optimized with the Yoast SEO plugin v28.4 - https:\/\/yoast.com\/product\/yoast-seo-wordpress\/ -->\n<title>Paolo Montagner nominato vice presidente della Piccola Industria Confindustria Veneto - Bellunopress - Dolomiti<\/title>\n<meta name=\"robots\" content=\"index, follow, max-snippet:-1, max-image-preview:large, max-video-preview:-1\" \/>\n<link rel=\"canonical\" href=\"https:\/\/www.bellunopress.it\/fr\/2012\/02\/02\/paolo-montagner-nominato-vice-presidente-della-piccola-industria-confindustria-veneto\/\" \/>\n<meta property=\"og:locale\" content=\"fr_FR\" \/>\n<meta property=\"og:type\" content=\"article\" \/>\n<meta property=\"og:title\" content=\"Paolo Montagner nominato vice presidente della Piccola Industria Confindustria Veneto - Bellunopress - Dolomiti\" \/>\n<meta property=\"og:description\" content=\"Il presidente della Piccola Impresa di Confindustria Belluno Dolomiti \u00e8 stato nominato nei giorni scorsi Vice presidente della Piccola Industria del Veneto. \u201cSono molto onorato di affiancare il Presidente Alberto Baban eletto nel novembre scorso alla guida delle piccole e medie imprese del Veneto\u00a0 &#8211; ha commentato Paolo Montagner &#8211;\u00a0 . Le pmi costituiscono oltre [&hellip;]\" \/>\n<meta property=\"og:url\" content=\"https:\/\/www.bellunopress.it\/fr\/2012\/02\/02\/paolo-montagner-nominato-vice-presidente-della-piccola-industria-confindustria-veneto\/\" \/>\n<meta property=\"og:site_name\" content=\"Bellunopress - Dolomiti\" \/>\n<meta property=\"article:publisher\" content=\"https:\/\/www.facebook.com\/profile.php?id=100008943462799\" \/>\n<meta property=\"article:published_time\" content=\"2012-02-02T20:13:55+00:00\" \/>\n<meta property=\"article:modified_time\" content=\"2012-02-02T20:14:30+00:00\" \/>\n<meta property=\"og:image\" content=\"http:\/\/www.bellunopress.it\/wp-content\/uploads\/2012\/02\/paolo-montagner1.jpg\" \/>\n<meta name=\"author\" content=\"redazione\" \/>\n<meta name=\"twitter:card\" content=\"summary_large_image\" \/>\n<meta name=\"twitter:creator\" content=\"@bellunopress\" \/>\n<meta name=\"twitter:site\" content=\"@bellunopress\" \/>\n<meta name=\"twitter:label1\" content=\"\u00c9crit par\" \/>\n\t<meta name=\"twitter:data1\" content=\"redazione\" \/>\n\t<meta name=\"twitter:label2\" content=\"Dur\u00e9e de lecture estim\u00e9e\" \/>\n\t<meta name=\"twitter:data2\" content=\"2 minutes\" \/>\n<script type=\"application\/ld+json\" class=\"yoast-schema-graph\">{\"@context\":\"https:\\\/\\\/schema.org\",\"@graph\":[{\"@type\":\"Article\",\"@id\":\"https:\\\/\\\/www.bellunopress.it\\\/2012\\\/02\\\/02\\\/paolo-montagner-nominato-vice-presidente-della-piccola-industria-confindustria-veneto\\\/#article\",\"isPartOf\":{\"@id\":\"https:\\\/\\\/www.bellunopress.it\\\/2012\\\/02\\\/02\\\/paolo-montagner-nominato-vice-presidente-della-piccola-industria-confindustria-veneto\\\/\"},\"author\":{\"name\":\"redazione\",\"@id\":\"https:\\\/\\\/www.bellunopress.it\\\/#\\\/schema\\\/person\\\/79bb06722b37ece1c03d3e94beb30d73\"},\"headline\":\"Paolo Montagner nominato vice presidente della Piccola Industria Confindustria Veneto\",\"datePublished\":\"2012-02-02T20:13:55+00:00\",\"dateModified\":\"2012-02-02T20:14:30+00:00\",\"mainEntityOfPage\":{\"@id\":\"https:\\\/\\\/www.bellunopress.it\\\/2012\\\/02\\\/02\\\/paolo-montagner-nominato-vice-presidente-della-piccola-industria-confindustria-veneto\\\/\"},\"wordCount\":383,\"publisher\":{\"@id\":\"https:\\\/\\\/www.bellunopress.it\\\/#organization\"},\"image\":{\"@id\":\"https:\\\/\\\/www.bellunopress.it\\\/2012\\\/02\\\/02\\\/paolo-montagner-nominato-vice-presidente-della-piccola-industria-confindustria-veneto\\\/#primaryimage\"},\"thumbnailUrl\":\"http:\\\/\\\/www.bellunopress.it\\\/wp-content\\\/uploads\\\/2012\\\/02\\\/paolo-montagner1.jpg\",\"articleSection\":[\"Cronaca\\\/Politica\",\"Lavoro, Economia, Turismo\",\"Prima Pagina\"],\"inLanguage\":\"fr-FR\"},{\"@type\":\"WebPage\",\"@id\":\"https:\\\/\\\/www.bellunopress.it\\\/2012\\\/02\\\/02\\\/paolo-montagner-nominato-vice-presidente-della-piccola-industria-confindustria-veneto\\\/\",\"url\":\"https:\\\/\\\/www.bellunopress.it\\\/2012\\\/02\\\/02\\\/paolo-montagner-nominato-vice-presidente-della-piccola-industria-confindustria-veneto\\\/\",\"name\":\"Paolo Montagner nominato vice presidente della Piccola Industria Confindustria Veneto - Bellunopress - Dolomiti\",\"isPartOf\":{\"@id\":\"https:\\\/\\\/www.bellunopress.it\\\/#website\"},\"primaryImageOfPage\":{\"@id\":\"https:\\\/\\\/www.bellunopress.it\\\/2012\\\/02\\\/02\\\/paolo-montagner-nominato-vice-presidente-della-piccola-industria-confindustria-veneto\\\/#primaryimage\"},\"image\":{\"@id\":\"https:\\\/\\\/www.bellunopress.it\\\/2012\\\/02\\\/02\\\/paolo-montagner-nominato-vice-presidente-della-piccola-industria-confindustria-veneto\\\/#primaryimage\"},\"thumbnailUrl\":\"http:\\\/\\\/www.bellunopress.it\\\/wp-content\\\/uploads\\\/2012\\\/02\\\/paolo-montagner1.jpg\",\"datePublished\":\"2012-02-02T20:13:55+00:00\",\"dateModified\":\"2012-02-02T20:14:30+00:00\",\"breadcrumb\":{\"@id\":\"https:\\\/\\\/www.bellunopress.it\\\/2012\\\/02\\\/02\\\/paolo-montagner-nominato-vice-presidente-della-piccola-industria-confindustria-veneto\\\/#breadcrumb\"},\"inLanguage\":\"fr-FR\",\"potentialAction\":[{\"@type\":\"ReadAction\",\"target\":[\"https:\\\/\\\/www.bellunopress.it\\\/2012\\\/02\\\/02\\\/paolo-montagner-nominato-vice-presidente-della-piccola-industria-confindustria-veneto\\\/\"]}]},{\"@type\":\"ImageObject\",\"inLanguage\":\"fr-FR\",\"@id\":\"https:\\\/\\\/www.bellunopress.it\\\/2012\\\/02\\\/02\\\/paolo-montagner-nominato-vice-presidente-della-piccola-industria-confindustria-veneto\\\/#primaryimage\",\"url\":\"http:\\\/\\\/www.bellunopress.it\\\/wp-content\\\/uploads\\\/2012\\\/02\\\/paolo-montagner1.jpg\",\"contentUrl\":\"http:\\\/\\\/www.bellunopress.it\\\/wp-content\\\/uploads\\\/2012\\\/02\\\/paolo-montagner1.jpg\"},{\"@type\":\"BreadcrumbList\",\"@id\":\"https:\\\/\\\/www.bellunopress.it\\\/2012\\\/02\\\/02\\\/paolo-montagner-nominato-vice-presidente-della-piccola-industria-confindustria-veneto\\\/#breadcrumb\",\"itemListElement\":[{\"@type\":\"ListItem\",\"position\":1,\"name\":\"Home\",\"item\":\"https:\\\/\\\/www.bellunopress.it\\\/\"},{\"@type\":\"ListItem\",\"position\":2,\"name\":\"Paolo Montagner nominato vice presidente della Piccola Industria Confindustria Veneto\"}]},{\"@type\":\"WebSite\",\"@id\":\"https:\\\/\\\/www.bellunopress.it\\\/#website\",\"url\":\"https:\\\/\\\/www.bellunopress.it\\\/\",\"name\":\"Bellunopress - Dolomiti\",\"description\":\"e-mail: redazione@bellunopress.it\",\"publisher\":{\"@id\":\"https:\\\/\\\/www.bellunopress.it\\\/#organization\"},\"potentialAction\":[{\"@type\":\"SearchAction\",\"target\":{\"@type\":\"EntryPoint\",\"urlTemplate\":\"https:\\\/\\\/www.bellunopress.it\\\/?s={search_term_string}\"},\"query-input\":{\"@type\":\"PropertyValueSpecification\",\"valueRequired\":true,\"valueName\":\"search_term_string\"}}],\"inLanguage\":\"fr-FR\"},{\"@type\":\"Organization\",\"@id\":\"https:\\\/\\\/www.bellunopress.it\\\/#organization\",\"name\":\"Bellunopress\",\"url\":\"https:\\\/\\\/www.bellunopress.it\\\/\",\"logo\":{\"@type\":\"ImageObject\",\"inLanguage\":\"fr-FR\",\"@id\":\"https:\\\/\\\/www.bellunopress.it\\\/#\\\/schema\\\/logo\\\/image\\\/\",\"url\":\"https:\\\/\\\/www.bellunopress.it\\\/wp-content\\\/uploads\\\/2011\\\/05\\\/cropped-logo-bellunopress-.jpg\",\"contentUrl\":\"https:\\\/\\\/www.bellunopress.it\\\/wp-content\\\/uploads\\\/2011\\\/05\\\/cropped-logo-bellunopress-.jpg\",\"width\":512,\"height\":512,\"caption\":\"Bellunopress\"},\"image\":{\"@id\":\"https:\\\/\\\/www.bellunopress.it\\\/#\\\/schema\\\/logo\\\/image\\\/\"},\"sameAs\":[\"https:\\\/\\\/www.facebook.com\\\/profile.php?id=100008943462799\",\"https:\\\/\\\/x.com\\\/bellunopress\",\"https:\\\/\\\/www.linkedin.com\\\/hp\\\/?dnr=JBzUWaJfMUw8vbXJJ2tVW5-I3jZKvC4wsoxE&amp;amp;amp;amp;amp;amp;trk=nav_responsive_tab_home\",\"https:\\\/\\\/www.youtube.com\\\/channel\\\/UCxL0wu1uN0_3_7hGG0306cw\"]},{\"@type\":\"Person\",\"@id\":\"https:\\\/\\\/www.bellunopress.it\\\/#\\\/schema\\\/person\\\/79bb06722b37ece1c03d3e94beb30d73\",\"name\":\"redazione\",\"image\":{\"@type\":\"ImageObject\",\"inLanguage\":\"fr-FR\",\"@id\":\"https:\\\/\\\/secure.gravatar.com\\\/avatar\\\/37d968a2e67a6fd04c169c4bdef102d0bc5d31b2546345219e348575eb80e9a0?s=96&d=mm&r=g\",\"url\":\"https:\\\/\\\/secure.gravatar.com\\\/avatar\\\/37d968a2e67a6fd04c169c4bdef102d0bc5d31b2546345219e348575eb80e9a0?s=96&d=mm&r=g\",\"contentUrl\":\"https:\\\/\\\/secure.gravatar.com\\\/avatar\\\/37d968a2e67a6fd04c169c4bdef102d0bc5d31b2546345219e348575eb80e9a0?s=96&d=mm&r=g\",\"caption\":\"redazione\"},\"sameAs\":[\"http:\\\/\\\/www.bellunopress.it\",\"https:\\\/\\\/x.com\\\/bellunopress\"],\"url\":\"https:\\\/\\\/www.bellunopress.it\\\/fr\\\/author\\\/redazione\\\/\"}]}<\/script>\n<!-- \/ Yoast SEO plugin. -->","yoast_head_json":{"title":"Paolo Montagner nominato vice presidente della Piccola Industria Confindustria Veneto - Bellunopress - Dolomiti","robots":{"index":"index","follow":"follow","max-snippet":"max-snippet:-1","max-image-preview":"max-image-preview:large","max-video-preview":"max-video-preview:-1"},"canonical":"https:\/\/www.bellunopress.it\/fr\/2012\/02\/02\/paolo-montagner-nominato-vice-presidente-della-piccola-industria-confindustria-veneto\/","og_locale":"fr_FR","og_type":"article","og_title":"Paolo Montagner nominato vice presidente della Piccola Industria Confindustria Veneto - Bellunopress - Dolomiti","og_description":"Il presidente della Piccola Impresa di Confindustria Belluno Dolomiti \u00e8 stato nominato nei giorni scorsi Vice presidente della Piccola Industria del Veneto. \u201cSono molto onorato di affiancare il Presidente Alberto Baban eletto nel novembre scorso alla guida delle piccole e medie imprese del Veneto\u00a0 &#8211; ha commentato Paolo Montagner &#8211;\u00a0 . Le pmi costituiscono oltre [&hellip;]","og_url":"https:\/\/www.bellunopress.it\/fr\/2012\/02\/02\/paolo-montagner-nominato-vice-presidente-della-piccola-industria-confindustria-veneto\/","og_site_name":"Bellunopress - Dolomiti","article_publisher":"https:\/\/www.facebook.com\/profile.php?id=100008943462799","article_published_time":"2012-02-02T20:13:55+00:00","article_modified_time":"2012-02-02T20:14:30+00:00","og_image":[{"url":"http:\/\/www.bellunopress.it\/wp-content\/uploads\/2012\/02\/paolo-montagner1.jpg","type":"","width":"","height":""}],"author":"redazione","twitter_card":"summary_large_image","twitter_creator":"@bellunopress","twitter_site":"@bellunopress","twitter_misc":{"\u00c9crit par":"redazione","Dur\u00e9e de lecture estim\u00e9e":"2 minutes"},"schema":{"@context":"https:\/\/schema.org","@graph":[{"@type":"Article","@id":"https:\/\/www.bellunopress.it\/2012\/02\/02\/paolo-montagner-nominato-vice-presidente-della-piccola-industria-confindustria-veneto\/#article","isPartOf":{"@id":"https:\/\/www.bellunopress.it\/2012\/02\/02\/paolo-montagner-nominato-vice-presidente-della-piccola-industria-confindustria-veneto\/"},"author":{"name":"redazione","@id":"https:\/\/www.bellunopress.it\/#\/schema\/person\/79bb06722b37ece1c03d3e94beb30d73"},"headline":"Paolo Montagner nominato vice presidente della Piccola Industria Confindustria Veneto","datePublished":"2012-02-02T20:13:55+00:00","dateModified":"2012-02-02T20:14:30+00:00","mainEntityOfPage":{"@id":"https:\/\/www.bellunopress.it\/2012\/02\/02\/paolo-montagner-nominato-vice-presidente-della-piccola-industria-confindustria-veneto\/"},"wordCount":383,"publisher":{"@id":"https:\/\/www.bellunopress.it\/#organization"},"image":{"@id":"https:\/\/www.bellunopress.it\/2012\/02\/02\/paolo-montagner-nominato-vice-presidente-della-piccola-industria-confindustria-veneto\/#primaryimage"},"thumbnailUrl":"http:\/\/www.bellunopress.it\/wp-content\/uploads\/2012\/02\/paolo-montagner1.jpg","articleSection":["Cronaca\/Politica","Lavoro, Economia, Turismo","Prima Pagina"],"inLanguage":"fr-FR"},{"@type":"WebPage","@id":"https:\/\/www.bellunopress.it\/2012\/02\/02\/paolo-montagner-nominato-vice-presidente-della-piccola-industria-confindustria-veneto\/","url":"https:\/\/www.bellunopress.it\/2012\/02\/02\/paolo-montagner-nominato-vice-presidente-della-piccola-industria-confindustria-veneto\/","name":"Paolo Montagner nominato vice presidente della Piccola Industria Confindustria Veneto - Bellunopress - Dolomiti","isPartOf":{"@id":"https:\/\/www.bellunopress.it\/#website"},"primaryImageOfPage":{"@id":"https:\/\/www.bellunopress.it\/2012\/02\/02\/paolo-montagner-nominato-vice-presidente-della-piccola-industria-confindustria-veneto\/#primaryimage"},"image":{"@id":"https:\/\/www.bellunopress.it\/2012\/02\/02\/paolo-montagner-nominato-vice-presidente-della-piccola-industria-confindustria-veneto\/#primaryimage"},"thumbnailUrl":"http:\/\/www.bellunopress.it\/wp-content\/uploads\/2012\/02\/paolo-montagner1.jpg","datePublished":"2012-02-02T20:13:55+00:00","dateModified":"2012-02-02T20:14:30+00:00","breadcrumb":{"@id":"https:\/\/www.bellunopress.it\/2012\/02\/02\/paolo-montagner-nominato-vice-presidente-della-piccola-industria-confindustria-veneto\/#breadcrumb"},"inLanguage":"fr-FR","potentialAction":[{"@type":"ReadAction","target":["https:\/\/www.bellunopress.it\/2012\/02\/02\/paolo-montagner-nominato-vice-presidente-della-piccola-industria-confindustria-veneto\/"]}]},{"@type":"ImageObject","inLanguage":"fr-FR","@id":"https:\/\/www.bellunopress.it\/2012\/02\/02\/paolo-montagner-nominato-vice-presidente-della-piccola-industria-confindustria-veneto\/#primaryimage","url":"http:\/\/www.bellunopress.it\/wp-content\/uploads\/2012\/02\/paolo-montagner1.jpg","contentUrl":"http:\/\/www.bellunopress.it\/wp-content\/uploads\/2012\/02\/paolo-montagner1.jpg"},{"@type":"BreadcrumbList","@id":"https:\/\/www.bellunopress.it\/2012\/02\/02\/paolo-montagner-nominato-vice-presidente-della-piccola-industria-confindustria-veneto\/#breadcrumb","itemListElement":[{"@type":"ListItem","position":1,"name":"Home","item":"https:\/\/www.bellunopress.it\/"},{"@type":"ListItem","position":2,"name":"Paolo Montagner nominato vice presidente della Piccola Industria Confindustria Veneto"}]},{"@type":"WebSite","@id":"https:\/\/www.bellunopress.it\/#website","url":"https:\/\/www.bellunopress.it\/","name":"Bellunopress - Dolomiti","description":"e-mail: redazione@bellunopress.it","publisher":{"@id":"https:\/\/www.bellunopress.it\/#organization"},"potentialAction":[{"@type":"SearchAction","target":{"@type":"EntryPoint","urlTemplate":"https:\/\/www.bellunopress.it\/?s={search_term_string}"},"query-input":{"@type":"PropertyValueSpecification","valueRequired":true,"valueName":"search_term_string"}}],"inLanguage":"fr-FR"},{"@type":"Organization","@id":"https:\/\/www.bellunopress.it\/#organization","name":"Bellunopress","url":"https:\/\/www.bellunopress.it\/","logo":{"@type":"ImageObject","inLanguage":"fr-FR","@id":"https:\/\/www.bellunopress.it\/#\/schema\/logo\/image\/","url":"https:\/\/www.bellunopress.it\/wp-content\/uploads\/2011\/05\/cropped-logo-bellunopress-.jpg","contentUrl":"https:\/\/www.bellunopress.it\/wp-content\/uploads\/2011\/05\/cropped-logo-bellunopress-.jpg","width":512,"height":512,"caption":"Bellunopress"},"image":{"@id":"https:\/\/www.bellunopress.it\/#\/schema\/logo\/image\/"},"sameAs":["https:\/\/www.facebook.com\/profile.php?id=100008943462799","https:\/\/x.com\/bellunopress","https:\/\/www.linkedin.com\/hp\/?dnr=JBzUWaJfMUw8vbXJJ2tVW5-I3jZKvC4wsoxE&amp;amp;amp;amp;amp;amp;trk=nav_responsive_tab_home","https:\/\/www.youtube.com\/channel\/UCxL0wu1uN0_3_7hGG0306cw"]},{"@type":"Person","@id":"https:\/\/www.bellunopress.it\/#\/schema\/person\/79bb06722b37ece1c03d3e94beb30d73","name":"r\u00e9daction","image":{"@type":"ImageObject","inLanguage":"fr-FR","@id":"https:\/\/secure.gravatar.com\/avatar\/37d968a2e67a6fd04c169c4bdef102d0bc5d31b2546345219e348575eb80e9a0?s=96&d=mm&r=g","url":"https:\/\/secure.gravatar.com\/avatar\/37d968a2e67a6fd04c169c4bdef102d0bc5d31b2546345219e348575eb80e9a0?s=96&d=mm&r=g","contentUrl":"https:\/\/secure.gravatar.com\/avatar\/37d968a2e67a6fd04c169c4bdef102d0bc5d31b2546345219e348575eb80e9a0?s=96&d=mm&r=g","caption":"redazione"},"sameAs":["http:\/\/www.bellunopress.it","https:\/\/x.com\/bellunopress"],"url":"https:\/\/www.bellunopress.it\/fr\/author\/redazione\/"}]}},"_links":{"self":[{"href":"https:\/\/www.bellunopress.it\/fr\/wp-json\/wp\/v2\/posts\/34715","targetHints":{"allow":["GET"]}}],"collection":[{"href":"https:\/\/www.bellunopress.it\/fr\/wp-json\/wp\/v2\/posts"}],"about":[{"href":"https:\/\/www.bellunopress.it\/fr\/wp-json\/wp\/v2\/types\/post"}],"author":[{"embeddable":true,"href":"https:\/\/www.bellunopress.it\/fr\/wp-json\/wp\/v2\/users\/2"}],"replies":[{"embeddable":true,"href":"https:\/\/www.bellunopress.it\/fr\/wp-json\/wp\/v2\/comments?post=34715"}],"version-history":[{"count":2,"href":"https:\/\/www.bellunopress.it\/fr\/wp-json\/wp\/v2\/posts\/34715\/revisions"}],"predecessor-version":[{"id":34719,"href":"https:\/\/www.bellunopress.it\/fr\/wp-json\/wp\/v2\/posts\/34715\/revisions\/34719"}],"wp:attachment":[{"href":"https:\/\/www.bellunopress.it\/fr\/wp-json\/wp\/v2\/media?parent=34715"}],"wp:term":[{"taxonomy":"category","embeddable":true,"href":"https:\/\/www.bellunopress.it\/fr\/wp-json\/wp\/v2\/categories?post=34715"},{"taxonomy":"post_tag","embeddable":true,"href":"https:\/\/www.bellunopress.it\/fr\/wp-json\/wp\/v2\/tags?post=34715"}],"curies":[{"name":"wp","href":"https:\/\/api.w.org\/{rel}","templated":true}]}}