{"id":34713,"date":"2012-02-02T20:30:36","date_gmt":"2012-02-02T19:30:36","guid":{"rendered":"http:\/\/www.bellunopress.it\/?p=34713"},"modified":"2012-02-02T20:30:36","modified_gmt":"2012-02-02T19:30:36","slug":"i-quadri-di-chagall-prendono-vita-domenica-al-teatro-comunale-per-le-famiglie-a-teatro-di-comincio-dai-3","status":"publish","type":"post","link":"https:\/\/www.bellunopress.it\/fr\/2012\/02\/02\/i-quadri-di-chagall-prendono-vita-domenica-al-teatro-comunale-per-le-famiglie-a-teatro-di-comincio-dai-3\/","title":{"rendered":"I quadri di Chagall prendono vita. Domenica al Teatro comunale per &#8220;le famiglie a teatro&#8221; di &#8220;Comincio dai 3&#8221;"},"content":{"rendered":"<p>Si conclude domenica 5 febbraio (alle ore 17:00), con ANIMA BLU, al Teatro Comunale di Belluno la diciannovesima edizione di Comincio dai 3, la Stagione di Teatro per l\u2019Infanzia e la Giovent\u00f9 organizzata da Tib Teatro, per la direzione artistica di Daniela Nicosia, con la Fondazione Teatri delle Dolomiti e il Comune di Belluno, la manifestazione \u00e8 realizzata nell\u2019ambito dell\u2019accordo di programma Regione del Veneto-Province del Veneto-Reteventi Cultura 2011-Provincia di Belluno, con il Ministero per i Beni e le Attivit\u00e0 Culturali, e con Il patrocinio della Regione del Veneto, MIUR\u2013USR del Veneto\u2013Ufficio Scolastico Provinciale di Belluno e Agiscuola.<\/p>\n<figure id=\"attachment_25958\" aria-describedby=\"caption-attachment-25958\" style=\"width: 280px\" class=\"wp-caption alignleft\"><a href=\"http:\/\/www.bellunopress.it\/wp-content\/uploads\/2011\/04\/teatro-comunale-280x198.jpg\"><img loading=\"lazy\" decoding=\"async\" class=\"size-full wp-image-25958\" title=\"teatro comunale 280x198\" src=\"http:\/\/www.bellunopress.it\/wp-content\/uploads\/2011\/04\/teatro-comunale-280x198.jpg\" alt=\"\" width=\"280\" height=\"198\" \/><\/a><figcaption id=\"caption-attachment-25958\" class=\"wp-caption-text\">Teatro Comunale di Belluno<\/figcaption><\/figure>\n<p>Il terzo e ultimo appuntamento per le FAMIGLIE A TEATRO \u00e8 un bellissimo omaggio al pittore Marc Chagall: ANIMA BLU &#8211; Premio Eolo Awards 2008 per il miglior spettacolo di Teatro Ragazzi Italiano e premiato per la migliore scenografia al Festival Feten 2009 di Gijon (Spagna) \u2013 \u00e8 uno spettacolo ricco di suggestioni, dove l\u2019incontro tra i corpi dei due attori e le immagini pittoriche d\u00e0 corpo e voce agli esseri che popolano le tele del celebre artista bielorusso, restituendoci un racconto fatto di ritmo, visivo e sonoro, di colori e forme plastiche che si condensano in un gigantesco gallo o nel grembo materno di una cavalla, nel corpo di un musicista sul tetto o in quello di due innamorati che volano sopra una citt\u00e0 silenziosa\u2026 e intanto da lontano arriva il suono di un violino, il vociare di una festa. Il punto di partenza sono le tele di Chagall, per compiere un viaggio nella poetica di un pittore capace di emozionare. Tematiche quali la nascita, l\u2019amore, la solitudine, la citt\u00e0, la festa, il circo, la guerra, la morte, emergono dall\u2019interiorit\u00e0 di un pittore-poeta e prendono forma in icone che rimandano all\u2019onirico, queste immagini, ricche di suggestioni, tessono trama e ordito fino a costruire una piccola storia, un mondo silenzioso trova cos\u00ec la sua sonorit\u00e0.Nello spettacolo si susseguono continui passaggi dalla realt\u00e0 del quotidiano alla fantasia di evasione da esso, che consente di entrare nel sogno dei desideri impossibili. Questi due mondi separati e paralleli, della realt\u00e0 e del sogno appunto, si alternano sulla scena e finiscono per confondersi uno nell\u2019altro, integrandosi tra loro fino a che non saranno pi\u00f9 due mondi distinti, ma un unico momento che li contiene entrambi.<\/p>\n<p>Lo spettacolo \u00e8 una produzione di Tam TeatroMusica, per l\u2019ideazione di Michele Sambin \u2013 che cura anche la regia &#8211; e Flavia Bussolotto, in scena Flavia Bussolotto e Marco Tizianel, le musiche sono realizzate da Enzo Carpentieri, Michele Sambin e Kole Laca, l\u2019elaborazione video \u00e8 di Raffaella Rivi, l\u2019elaborazione suoni \u00e8 curata da Davide Sambin Zara.<\/p>\n<p>Informazioni e prenotazioni Tib Teatro 0437-950555 dalle 10:30 alle 12:30 e dalle 15:30 alle 17:30. \u00a0 Ritiro biglietti: Teatro Comunale di Belluno 0437-940349 \u2013 sabato 4 febbraio, dalle 11:00 alle 13:00 e dalle 17:00 alle 20:00, e domenica 5 febbraio, dalle 15:00 alle 16:30. \u00a0 INFO 0437-950555 <a href=\"http:\/\/www.tibteatro.it\">www.tibteatro.it<\/a><\/p>","protected":false},"excerpt":{"rendered":"<p>Si conclude domenica 5 febbraio (alle ore 17:00), con ANIMA BLU, al Teatro Comunale di Belluno la diciannovesima edizione di Comincio dai 3, la Stagione di Teatro per l\u2019Infanzia e la Giovent\u00f9 organizzata da Tib Teatro, per la direzione artistica di Daniela Nicosia, con la Fondazione Teatri delle Dolomiti e il Comune di Belluno, la [&hellip;]<\/p>\n","protected":false},"author":2,"featured_media":0,"comment_status":"closed","ping_status":"open","sticky":false,"template":"","format":"standard","meta":{"footnotes":""},"categories":[27,3,25],"tags":[],"class_list":["post-34713","post","type-post","status-publish","format-standard","category-appuntamenti","category-arte-cultura-spettacoli-scienza-archivi","category-pausa-caffe"],"yoast_head":"<!-- This site is optimized with the Yoast SEO plugin v28.4 - https:\/\/yoast.com\/product\/yoast-seo-wordpress\/ -->\n<title>I quadri di Chagall prendono vita. Domenica al Teatro comunale per &quot;le famiglie a teatro&quot; di &quot;Comincio dai 3&quot; - Bellunopress - Dolomiti<\/title>\n<meta name=\"robots\" content=\"index, follow, max-snippet:-1, max-image-preview:large, max-video-preview:-1\" \/>\n<link rel=\"canonical\" href=\"https:\/\/www.bellunopress.it\/fr\/2012\/02\/02\/i-quadri-di-chagall-prendono-vita-domenica-al-teatro-comunale-per-le-famiglie-a-teatro-di-comincio-dai-3\/\" \/>\n<meta property=\"og:locale\" content=\"fr_FR\" \/>\n<meta property=\"og:type\" content=\"article\" \/>\n<meta property=\"og:title\" content=\"I quadri di Chagall prendono vita. Domenica al Teatro comunale per &quot;le famiglie a teatro&quot; di &quot;Comincio dai 3&quot; - Bellunopress - Dolomiti\" \/>\n<meta property=\"og:description\" content=\"Si conclude domenica 5 febbraio (alle ore 17:00), con ANIMA BLU, al Teatro Comunale di Belluno la diciannovesima edizione di Comincio dai 3, la Stagione di Teatro per l\u2019Infanzia e la Giovent\u00f9 organizzata da Tib Teatro, per la direzione artistica di Daniela Nicosia, con la Fondazione Teatri delle Dolomiti e il Comune di Belluno, la [&hellip;]\" \/>\n<meta property=\"og:url\" content=\"https:\/\/www.bellunopress.it\/fr\/2012\/02\/02\/i-quadri-di-chagall-prendono-vita-domenica-al-teatro-comunale-per-le-famiglie-a-teatro-di-comincio-dai-3\/\" \/>\n<meta property=\"og:site_name\" content=\"Bellunopress - Dolomiti\" \/>\n<meta property=\"article:publisher\" content=\"https:\/\/www.facebook.com\/profile.php?id=100008943462799\" \/>\n<meta property=\"article:published_time\" content=\"2012-02-02T19:30:36+00:00\" \/>\n<meta property=\"og:image\" content=\"http:\/\/www.bellunopress.it\/wp-content\/uploads\/2011\/04\/teatro-comunale-280x198.jpg\" \/>\n<meta name=\"author\" content=\"redazione\" \/>\n<meta name=\"twitter:card\" content=\"summary_large_image\" \/>\n<meta name=\"twitter:creator\" content=\"@bellunopress\" \/>\n<meta name=\"twitter:site\" content=\"@bellunopress\" \/>\n<meta name=\"twitter:label1\" content=\"\u00c9crit par\" \/>\n\t<meta name=\"twitter:data1\" content=\"redazione\" \/>\n\t<meta name=\"twitter:label2\" content=\"Dur\u00e9e de lecture estim\u00e9e\" \/>\n\t<meta name=\"twitter:data2\" content=\"2 minutes\" \/>\n<script type=\"application\/ld+json\" class=\"yoast-schema-graph\">{\"@context\":\"https:\\\/\\\/schema.org\",\"@graph\":[{\"@type\":\"Article\",\"@id\":\"https:\\\/\\\/www.bellunopress.it\\\/2012\\\/02\\\/02\\\/i-quadri-di-chagall-prendono-vita-domenica-al-teatro-comunale-per-le-famiglie-a-teatro-di-comincio-dai-3\\\/#article\",\"isPartOf\":{\"@id\":\"https:\\\/\\\/www.bellunopress.it\\\/2012\\\/02\\\/02\\\/i-quadri-di-chagall-prendono-vita-domenica-al-teatro-comunale-per-le-famiglie-a-teatro-di-comincio-dai-3\\\/\"},\"author\":{\"name\":\"redazione\",\"@id\":\"https:\\\/\\\/www.bellunopress.it\\\/#\\\/schema\\\/person\\\/79bb06722b37ece1c03d3e94beb30d73\"},\"headline\":\"I quadri di Chagall prendono vita. Domenica al Teatro comunale per &#8220;le famiglie a teatro&#8221; di &#8220;Comincio dai 3&#8221;\",\"datePublished\":\"2012-02-02T19:30:36+00:00\",\"mainEntityOfPage\":{\"@id\":\"https:\\\/\\\/www.bellunopress.it\\\/2012\\\/02\\\/02\\\/i-quadri-di-chagall-prendono-vita-domenica-al-teatro-comunale-per-le-famiglie-a-teatro-di-comincio-dai-3\\\/\"},\"wordCount\":501,\"publisher\":{\"@id\":\"https:\\\/\\\/www.bellunopress.it\\\/#organization\"},\"image\":{\"@id\":\"https:\\\/\\\/www.bellunopress.it\\\/2012\\\/02\\\/02\\\/i-quadri-di-chagall-prendono-vita-domenica-al-teatro-comunale-per-le-famiglie-a-teatro-di-comincio-dai-3\\\/#primaryimage\"},\"thumbnailUrl\":\"http:\\\/\\\/www.bellunopress.it\\\/wp-content\\\/uploads\\\/2011\\\/04\\\/teatro-comunale-280x198.jpg\",\"articleSection\":[\"Appuntamenti, Eventi\",\"Arte, Cultura, Spettacoli, Scienza\",\"Pausa Caff\u00e8\"],\"inLanguage\":\"fr-FR\"},{\"@type\":\"WebPage\",\"@id\":\"https:\\\/\\\/www.bellunopress.it\\\/2012\\\/02\\\/02\\\/i-quadri-di-chagall-prendono-vita-domenica-al-teatro-comunale-per-le-famiglie-a-teatro-di-comincio-dai-3\\\/\",\"url\":\"https:\\\/\\\/www.bellunopress.it\\\/2012\\\/02\\\/02\\\/i-quadri-di-chagall-prendono-vita-domenica-al-teatro-comunale-per-le-famiglie-a-teatro-di-comincio-dai-3\\\/\",\"name\":\"I quadri di Chagall prendono vita. Domenica al Teatro comunale per \\\"le famiglie a teatro\\\" di \\\"Comincio dai 3\\\" - Bellunopress - Dolomiti\",\"isPartOf\":{\"@id\":\"https:\\\/\\\/www.bellunopress.it\\\/#website\"},\"primaryImageOfPage\":{\"@id\":\"https:\\\/\\\/www.bellunopress.it\\\/2012\\\/02\\\/02\\\/i-quadri-di-chagall-prendono-vita-domenica-al-teatro-comunale-per-le-famiglie-a-teatro-di-comincio-dai-3\\\/#primaryimage\"},\"image\":{\"@id\":\"https:\\\/\\\/www.bellunopress.it\\\/2012\\\/02\\\/02\\\/i-quadri-di-chagall-prendono-vita-domenica-al-teatro-comunale-per-le-famiglie-a-teatro-di-comincio-dai-3\\\/#primaryimage\"},\"thumbnailUrl\":\"http:\\\/\\\/www.bellunopress.it\\\/wp-content\\\/uploads\\\/2011\\\/04\\\/teatro-comunale-280x198.jpg\",\"datePublished\":\"2012-02-02T19:30:36+00:00\",\"breadcrumb\":{\"@id\":\"https:\\\/\\\/www.bellunopress.it\\\/2012\\\/02\\\/02\\\/i-quadri-di-chagall-prendono-vita-domenica-al-teatro-comunale-per-le-famiglie-a-teatro-di-comincio-dai-3\\\/#breadcrumb\"},\"inLanguage\":\"fr-FR\",\"potentialAction\":[{\"@type\":\"ReadAction\",\"target\":[\"https:\\\/\\\/www.bellunopress.it\\\/2012\\\/02\\\/02\\\/i-quadri-di-chagall-prendono-vita-domenica-al-teatro-comunale-per-le-famiglie-a-teatro-di-comincio-dai-3\\\/\"]}]},{\"@type\":\"ImageObject\",\"inLanguage\":\"fr-FR\",\"@id\":\"https:\\\/\\\/www.bellunopress.it\\\/2012\\\/02\\\/02\\\/i-quadri-di-chagall-prendono-vita-domenica-al-teatro-comunale-per-le-famiglie-a-teatro-di-comincio-dai-3\\\/#primaryimage\",\"url\":\"http:\\\/\\\/www.bellunopress.it\\\/wp-content\\\/uploads\\\/2011\\\/04\\\/teatro-comunale-280x198.jpg\",\"contentUrl\":\"http:\\\/\\\/www.bellunopress.it\\\/wp-content\\\/uploads\\\/2011\\\/04\\\/teatro-comunale-280x198.jpg\"},{\"@type\":\"BreadcrumbList\",\"@id\":\"https:\\\/\\\/www.bellunopress.it\\\/2012\\\/02\\\/02\\\/i-quadri-di-chagall-prendono-vita-domenica-al-teatro-comunale-per-le-famiglie-a-teatro-di-comincio-dai-3\\\/#breadcrumb\",\"itemListElement\":[{\"@type\":\"ListItem\",\"position\":1,\"name\":\"Home\",\"item\":\"https:\\\/\\\/www.bellunopress.it\\\/\"},{\"@type\":\"ListItem\",\"position\":2,\"name\":\"I quadri di Chagall prendono vita. Domenica al Teatro comunale per &#8220;le famiglie a teatro&#8221; di &#8220;Comincio dai 3&#8221;\"}]},{\"@type\":\"WebSite\",\"@id\":\"https:\\\/\\\/www.bellunopress.it\\\/#website\",\"url\":\"https:\\\/\\\/www.bellunopress.it\\\/\",\"name\":\"Bellunopress - Dolomiti\",\"description\":\"e-mail: redazione@bellunopress.it\",\"publisher\":{\"@id\":\"https:\\\/\\\/www.bellunopress.it\\\/#organization\"},\"potentialAction\":[{\"@type\":\"SearchAction\",\"target\":{\"@type\":\"EntryPoint\",\"urlTemplate\":\"https:\\\/\\\/www.bellunopress.it\\\/?s={search_term_string}\"},\"query-input\":{\"@type\":\"PropertyValueSpecification\",\"valueRequired\":true,\"valueName\":\"search_term_string\"}}],\"inLanguage\":\"fr-FR\"},{\"@type\":\"Organization\",\"@id\":\"https:\\\/\\\/www.bellunopress.it\\\/#organization\",\"name\":\"Bellunopress\",\"url\":\"https:\\\/\\\/www.bellunopress.it\\\/\",\"logo\":{\"@type\":\"ImageObject\",\"inLanguage\":\"fr-FR\",\"@id\":\"https:\\\/\\\/www.bellunopress.it\\\/#\\\/schema\\\/logo\\\/image\\\/\",\"url\":\"https:\\\/\\\/www.bellunopress.it\\\/wp-content\\\/uploads\\\/2011\\\/05\\\/cropped-logo-bellunopress-.jpg\",\"contentUrl\":\"https:\\\/\\\/www.bellunopress.it\\\/wp-content\\\/uploads\\\/2011\\\/05\\\/cropped-logo-bellunopress-.jpg\",\"width\":512,\"height\":512,\"caption\":\"Bellunopress\"},\"image\":{\"@id\":\"https:\\\/\\\/www.bellunopress.it\\\/#\\\/schema\\\/logo\\\/image\\\/\"},\"sameAs\":[\"https:\\\/\\\/www.facebook.com\\\/profile.php?id=100008943462799\",\"https:\\\/\\\/x.com\\\/bellunopress\",\"https:\\\/\\\/www.linkedin.com\\\/hp\\\/?dnr=JBzUWaJfMUw8vbXJJ2tVW5-I3jZKvC4wsoxE&amp;amp;amp;amp;amp;amp;trk=nav_responsive_tab_home\",\"https:\\\/\\\/www.youtube.com\\\/channel\\\/UCxL0wu1uN0_3_7hGG0306cw\"]},{\"@type\":\"Person\",\"@id\":\"https:\\\/\\\/www.bellunopress.it\\\/#\\\/schema\\\/person\\\/79bb06722b37ece1c03d3e94beb30d73\",\"name\":\"redazione\",\"image\":{\"@type\":\"ImageObject\",\"inLanguage\":\"fr-FR\",\"@id\":\"https:\\\/\\\/secure.gravatar.com\\\/avatar\\\/37d968a2e67a6fd04c169c4bdef102d0bc5d31b2546345219e348575eb80e9a0?s=96&d=mm&r=g\",\"url\":\"https:\\\/\\\/secure.gravatar.com\\\/avatar\\\/37d968a2e67a6fd04c169c4bdef102d0bc5d31b2546345219e348575eb80e9a0?s=96&d=mm&r=g\",\"contentUrl\":\"https:\\\/\\\/secure.gravatar.com\\\/avatar\\\/37d968a2e67a6fd04c169c4bdef102d0bc5d31b2546345219e348575eb80e9a0?s=96&d=mm&r=g\",\"caption\":\"redazione\"},\"sameAs\":[\"http:\\\/\\\/www.bellunopress.it\",\"https:\\\/\\\/x.com\\\/bellunopress\"],\"url\":\"https:\\\/\\\/www.bellunopress.it\\\/fr\\\/author\\\/redazione\\\/\"}]}<\/script>\n<!-- \/ Yoast SEO plugin. -->","yoast_head_json":{"title":"I quadri di Chagall prendono vita. Domenica al Teatro comunale per \"le famiglie a teatro\" di \"Comincio dai 3\" - Bellunopress - Dolomiti","robots":{"index":"index","follow":"follow","max-snippet":"max-snippet:-1","max-image-preview":"max-image-preview:large","max-video-preview":"max-video-preview:-1"},"canonical":"https:\/\/www.bellunopress.it\/fr\/2012\/02\/02\/i-quadri-di-chagall-prendono-vita-domenica-al-teatro-comunale-per-le-famiglie-a-teatro-di-comincio-dai-3\/","og_locale":"fr_FR","og_type":"article","og_title":"I quadri di Chagall prendono vita. Domenica al Teatro comunale per \"le famiglie a teatro\" di \"Comincio dai 3\" - Bellunopress - Dolomiti","og_description":"Si conclude domenica 5 febbraio (alle ore 17:00), con ANIMA BLU, al Teatro Comunale di Belluno la diciannovesima edizione di Comincio dai 3, la Stagione di Teatro per l\u2019Infanzia e la Giovent\u00f9 organizzata da Tib Teatro, per la direzione artistica di Daniela Nicosia, con la Fondazione Teatri delle Dolomiti e il Comune di Belluno, la [&hellip;]","og_url":"https:\/\/www.bellunopress.it\/fr\/2012\/02\/02\/i-quadri-di-chagall-prendono-vita-domenica-al-teatro-comunale-per-le-famiglie-a-teatro-di-comincio-dai-3\/","og_site_name":"Bellunopress - Dolomiti","article_publisher":"https:\/\/www.facebook.com\/profile.php?id=100008943462799","article_published_time":"2012-02-02T19:30:36+00:00","og_image":[{"url":"http:\/\/www.bellunopress.it\/wp-content\/uploads\/2011\/04\/teatro-comunale-280x198.jpg","type":"","width":"","height":""}],"author":"redazione","twitter_card":"summary_large_image","twitter_creator":"@bellunopress","twitter_site":"@bellunopress","twitter_misc":{"\u00c9crit par":"redazione","Dur\u00e9e de lecture estim\u00e9e":"2 minutes"},"schema":{"@context":"https:\/\/schema.org","@graph":[{"@type":"Article","@id":"https:\/\/www.bellunopress.it\/2012\/02\/02\/i-quadri-di-chagall-prendono-vita-domenica-al-teatro-comunale-per-le-famiglie-a-teatro-di-comincio-dai-3\/#article","isPartOf":{"@id":"https:\/\/www.bellunopress.it\/2012\/02\/02\/i-quadri-di-chagall-prendono-vita-domenica-al-teatro-comunale-per-le-famiglie-a-teatro-di-comincio-dai-3\/"},"author":{"name":"redazione","@id":"https:\/\/www.bellunopress.it\/#\/schema\/person\/79bb06722b37ece1c03d3e94beb30d73"},"headline":"I quadri di Chagall prendono vita. Domenica al Teatro comunale per &#8220;le famiglie a teatro&#8221; di &#8220;Comincio dai 3&#8221;","datePublished":"2012-02-02T19:30:36+00:00","mainEntityOfPage":{"@id":"https:\/\/www.bellunopress.it\/2012\/02\/02\/i-quadri-di-chagall-prendono-vita-domenica-al-teatro-comunale-per-le-famiglie-a-teatro-di-comincio-dai-3\/"},"wordCount":501,"publisher":{"@id":"https:\/\/www.bellunopress.it\/#organization"},"image":{"@id":"https:\/\/www.bellunopress.it\/2012\/02\/02\/i-quadri-di-chagall-prendono-vita-domenica-al-teatro-comunale-per-le-famiglie-a-teatro-di-comincio-dai-3\/#primaryimage"},"thumbnailUrl":"http:\/\/www.bellunopress.it\/wp-content\/uploads\/2011\/04\/teatro-comunale-280x198.jpg","articleSection":["Appuntamenti, Eventi","Arte, Cultura, Spettacoli, Scienza","Pausa Caff\u00e8"],"inLanguage":"fr-FR"},{"@type":"WebPage","@id":"https:\/\/www.bellunopress.it\/2012\/02\/02\/i-quadri-di-chagall-prendono-vita-domenica-al-teatro-comunale-per-le-famiglie-a-teatro-di-comincio-dai-3\/","url":"https:\/\/www.bellunopress.it\/2012\/02\/02\/i-quadri-di-chagall-prendono-vita-domenica-al-teatro-comunale-per-le-famiglie-a-teatro-di-comincio-dai-3\/","name":"I quadri di Chagall prendono vita. Domenica al Teatro comunale per \"le famiglie a teatro\" di \"Comincio dai 3\" - Bellunopress - Dolomiti","isPartOf":{"@id":"https:\/\/www.bellunopress.it\/#website"},"primaryImageOfPage":{"@id":"https:\/\/www.bellunopress.it\/2012\/02\/02\/i-quadri-di-chagall-prendono-vita-domenica-al-teatro-comunale-per-le-famiglie-a-teatro-di-comincio-dai-3\/#primaryimage"},"image":{"@id":"https:\/\/www.bellunopress.it\/2012\/02\/02\/i-quadri-di-chagall-prendono-vita-domenica-al-teatro-comunale-per-le-famiglie-a-teatro-di-comincio-dai-3\/#primaryimage"},"thumbnailUrl":"http:\/\/www.bellunopress.it\/wp-content\/uploads\/2011\/04\/teatro-comunale-280x198.jpg","datePublished":"2012-02-02T19:30:36+00:00","breadcrumb":{"@id":"https:\/\/www.bellunopress.it\/2012\/02\/02\/i-quadri-di-chagall-prendono-vita-domenica-al-teatro-comunale-per-le-famiglie-a-teatro-di-comincio-dai-3\/#breadcrumb"},"inLanguage":"fr-FR","potentialAction":[{"@type":"ReadAction","target":["https:\/\/www.bellunopress.it\/2012\/02\/02\/i-quadri-di-chagall-prendono-vita-domenica-al-teatro-comunale-per-le-famiglie-a-teatro-di-comincio-dai-3\/"]}]},{"@type":"ImageObject","inLanguage":"fr-FR","@id":"https:\/\/www.bellunopress.it\/2012\/02\/02\/i-quadri-di-chagall-prendono-vita-domenica-al-teatro-comunale-per-le-famiglie-a-teatro-di-comincio-dai-3\/#primaryimage","url":"http:\/\/www.bellunopress.it\/wp-content\/uploads\/2011\/04\/teatro-comunale-280x198.jpg","contentUrl":"http:\/\/www.bellunopress.it\/wp-content\/uploads\/2011\/04\/teatro-comunale-280x198.jpg"},{"@type":"BreadcrumbList","@id":"https:\/\/www.bellunopress.it\/2012\/02\/02\/i-quadri-di-chagall-prendono-vita-domenica-al-teatro-comunale-per-le-famiglie-a-teatro-di-comincio-dai-3\/#breadcrumb","itemListElement":[{"@type":"ListItem","position":1,"name":"Home","item":"https:\/\/www.bellunopress.it\/"},{"@type":"ListItem","position":2,"name":"I quadri di Chagall prendono vita. Domenica al Teatro comunale per &#8220;le famiglie a teatro&#8221; di &#8220;Comincio dai 3&#8221;"}]},{"@type":"WebSite","@id":"https:\/\/www.bellunopress.it\/#website","url":"https:\/\/www.bellunopress.it\/","name":"Bellunopress - Dolomiti","description":"e-mail: redazione@bellunopress.it","publisher":{"@id":"https:\/\/www.bellunopress.it\/#organization"},"potentialAction":[{"@type":"SearchAction","target":{"@type":"EntryPoint","urlTemplate":"https:\/\/www.bellunopress.it\/?s={search_term_string}"},"query-input":{"@type":"PropertyValueSpecification","valueRequired":true,"valueName":"search_term_string"}}],"inLanguage":"fr-FR"},{"@type":"Organization","@id":"https:\/\/www.bellunopress.it\/#organization","name":"Bellunopress","url":"https:\/\/www.bellunopress.it\/","logo":{"@type":"ImageObject","inLanguage":"fr-FR","@id":"https:\/\/www.bellunopress.it\/#\/schema\/logo\/image\/","url":"https:\/\/www.bellunopress.it\/wp-content\/uploads\/2011\/05\/cropped-logo-bellunopress-.jpg","contentUrl":"https:\/\/www.bellunopress.it\/wp-content\/uploads\/2011\/05\/cropped-logo-bellunopress-.jpg","width":512,"height":512,"caption":"Bellunopress"},"image":{"@id":"https:\/\/www.bellunopress.it\/#\/schema\/logo\/image\/"},"sameAs":["https:\/\/www.facebook.com\/profile.php?id=100008943462799","https:\/\/x.com\/bellunopress","https:\/\/www.linkedin.com\/hp\/?dnr=JBzUWaJfMUw8vbXJJ2tVW5-I3jZKvC4wsoxE&amp;amp;amp;amp;amp;amp;trk=nav_responsive_tab_home","https:\/\/www.youtube.com\/channel\/UCxL0wu1uN0_3_7hGG0306cw"]},{"@type":"Person","@id":"https:\/\/www.bellunopress.it\/#\/schema\/person\/79bb06722b37ece1c03d3e94beb30d73","name":"r\u00e9daction","image":{"@type":"ImageObject","inLanguage":"fr-FR","@id":"https:\/\/secure.gravatar.com\/avatar\/37d968a2e67a6fd04c169c4bdef102d0bc5d31b2546345219e348575eb80e9a0?s=96&d=mm&r=g","url":"https:\/\/secure.gravatar.com\/avatar\/37d968a2e67a6fd04c169c4bdef102d0bc5d31b2546345219e348575eb80e9a0?s=96&d=mm&r=g","contentUrl":"https:\/\/secure.gravatar.com\/avatar\/37d968a2e67a6fd04c169c4bdef102d0bc5d31b2546345219e348575eb80e9a0?s=96&d=mm&r=g","caption":"redazione"},"sameAs":["http:\/\/www.bellunopress.it","https:\/\/x.com\/bellunopress"],"url":"https:\/\/www.bellunopress.it\/fr\/author\/redazione\/"}]}},"_links":{"self":[{"href":"https:\/\/www.bellunopress.it\/fr\/wp-json\/wp\/v2\/posts\/34713","targetHints":{"allow":["GET"]}}],"collection":[{"href":"https:\/\/www.bellunopress.it\/fr\/wp-json\/wp\/v2\/posts"}],"about":[{"href":"https:\/\/www.bellunopress.it\/fr\/wp-json\/wp\/v2\/types\/post"}],"author":[{"embeddable":true,"href":"https:\/\/www.bellunopress.it\/fr\/wp-json\/wp\/v2\/users\/2"}],"replies":[{"embeddable":true,"href":"https:\/\/www.bellunopress.it\/fr\/wp-json\/wp\/v2\/comments?post=34713"}],"version-history":[{"count":1,"href":"https:\/\/www.bellunopress.it\/fr\/wp-json\/wp\/v2\/posts\/34713\/revisions"}],"predecessor-version":[{"id":34714,"href":"https:\/\/www.bellunopress.it\/fr\/wp-json\/wp\/v2\/posts\/34713\/revisions\/34714"}],"wp:attachment":[{"href":"https:\/\/www.bellunopress.it\/fr\/wp-json\/wp\/v2\/media?parent=34713"}],"wp:term":[{"taxonomy":"category","embeddable":true,"href":"https:\/\/www.bellunopress.it\/fr\/wp-json\/wp\/v2\/categories?post=34713"},{"taxonomy":"post_tag","embeddable":true,"href":"https:\/\/www.bellunopress.it\/fr\/wp-json\/wp\/v2\/tags?post=34713"}],"curies":[{"name":"wp","href":"https:\/\/api.w.org\/{rel}","templated":true}]}}