{"id":34711,"date":"2012-02-08T20:25:04","date_gmt":"2012-02-08T19:25:04","guid":{"rendered":"http:\/\/www.bellunopress.it\/?p=34711"},"modified":"2012-02-02T20:26:15","modified_gmt":"2012-02-02T19:26:15","slug":"sabato-a-vittorio-veneto-va-in-scena-la-commedia-teatrale-la-variante-di-janowsky","status":"publish","type":"post","link":"https:\/\/www.bellunopress.it\/fr\/2012\/02\/08\/sabato-a-vittorio-veneto-va-in-scena-la-commedia-teatrale-la-variante-di-janowsky\/","title":{"rendered":"Sabato a Vittorio Veneto va in scena la commedia teatrale &#8220;La variante di Janowsky&#8221;"},"content":{"rendered":"<p>Sabato 11 febbraio alle ore 20.45 al Teatro Da Ponte di Vittorio Veneto va in scena &#8220;La variante di Janowsky&#8221; scritto e diretto da Paolo Zaffaina. Con Chiara Canton e Edoardo Fainello. Ingresso 8 euro interi, 6 euro ridotti. Prenotazioni al n.348 2402746 &#8211; 347 1027240 e-mail <a href=\"mailto:direzione@teatroasincrono.it\">direzione@teatroasincrono.it<\/a>\u00a0 Finalista al Premio nazionale di Drammaturgia DCQ. \u00a0 L\u2019appartamento di una citt\u00e0 vuota immersa in un\u2019estate che sembra non avere fine. L\u2019incontro tra un uomo e una donna. La passione ed il sesso che divampano inattesi e indomabili come antidoto alla solitudine. E l\u2019amore, che tenta di emergere continuamente sopraffatto dal bisogno di individualit\u00e0. Il desiderio che lentamente si tramuta in un duello serrato giocato a colpi di parole per giustificare la propria esistenza. Un flusso ininterrotto di pensieri, frasi, suoni che permeano lo spazio tra due persone incapaci di comunicare se non nei momenti di silenzio. Parole sussurrate, urlate, scagliate e usate come armi per dominare l\u2019avversario. Parole senza controllo che in un delirante crescendo divengono accuse violente, dalle quali affiora la verit\u00e0 di un tremendo segreto inconsapevolmente condiviso. La verit\u00e0 di un incontro forse non casuale.<\/p>","protected":false},"excerpt":{"rendered":"<p>Sabato 11 febbraio alle ore 20.45 al Teatro Da Ponte di Vittorio Veneto va in scena &#8220;La variante di Janowsky&#8221; scritto e diretto da Paolo Zaffaina. Con Chiara Canton e Edoardo Fainello. Ingresso 8 euro interi, 6 euro ridotti. Prenotazioni al n.348 2402746 &#8211; 347 1027240 e-mail direzione@teatroasincrono.it\u00a0 Finalista al Premio nazionale di Drammaturgia DCQ. [&hellip;]<\/p>\n","protected":false},"author":2,"featured_media":0,"comment_status":"closed","ping_status":"open","sticky":false,"template":"","format":"standard","meta":{"footnotes":""},"categories":[27,3,25],"tags":[],"class_list":["post-34711","post","type-post","status-publish","format-standard","category-appuntamenti","category-arte-cultura-spettacoli-scienza-archivi","category-pausa-caffe"],"yoast_head":"<!-- This site is optimized with the Yoast SEO plugin v28.4 - https:\/\/yoast.com\/product\/yoast-seo-wordpress\/ -->\n<title>Sabato a Vittorio Veneto va in scena la commedia teatrale &quot;La variante di Janowsky&quot; - Bellunopress - Dolomiti<\/title>\n<meta name=\"robots\" content=\"index, follow, max-snippet:-1, max-image-preview:large, max-video-preview:-1\" \/>\n<link rel=\"canonical\" href=\"https:\/\/www.bellunopress.it\/fr\/2012\/02\/08\/sabato-a-vittorio-veneto-va-in-scena-la-commedia-teatrale-la-variante-di-janowsky\/\" \/>\n<meta property=\"og:locale\" content=\"fr_FR\" \/>\n<meta property=\"og:type\" content=\"article\" \/>\n<meta property=\"og:title\" content=\"Sabato a Vittorio Veneto va in scena la commedia teatrale &quot;La variante di Janowsky&quot; - Bellunopress - Dolomiti\" \/>\n<meta property=\"og:description\" content=\"Sabato 11 febbraio alle ore 20.45 al Teatro Da Ponte di Vittorio Veneto va in scena &#8220;La variante di Janowsky&#8221; scritto e diretto da Paolo Zaffaina. Con Chiara Canton e Edoardo Fainello. Ingresso 8 euro interi, 6 euro ridotti. Prenotazioni al n.348 2402746 &#8211; 347 1027240 e-mail direzione@teatroasincrono.it\u00a0 Finalista al Premio nazionale di Drammaturgia DCQ. [&hellip;]\" \/>\n<meta property=\"og:url\" content=\"https:\/\/www.bellunopress.it\/fr\/2012\/02\/08\/sabato-a-vittorio-veneto-va-in-scena-la-commedia-teatrale-la-variante-di-janowsky\/\" \/>\n<meta property=\"og:site_name\" content=\"Bellunopress - Dolomiti\" \/>\n<meta property=\"article:publisher\" content=\"https:\/\/www.facebook.com\/profile.php?id=100008943462799\" \/>\n<meta property=\"article:published_time\" content=\"2012-02-08T19:25:04+00:00\" \/>\n<meta property=\"og:image\" content=\"http:\/\/www.bellunopress.it\/wp-content\/uploads\/2012\/07\/logo-bellunopress-250x250-2012.jpg\" \/>\n<meta name=\"author\" content=\"redazione\" \/>\n<meta name=\"twitter:card\" content=\"summary_large_image\" \/>\n<meta name=\"twitter:creator\" content=\"@bellunopress\" \/>\n<meta name=\"twitter:site\" content=\"@bellunopress\" \/>\n<meta name=\"twitter:label1\" content=\"\u00c9crit par\" \/>\n\t<meta name=\"twitter:data1\" content=\"redazione\" \/>\n\t<meta name=\"twitter:label2\" content=\"Dur\u00e9e de lecture estim\u00e9e\" \/>\n\t<meta name=\"twitter:data2\" content=\"1 minute\" \/>\n<script type=\"application\/ld+json\" class=\"yoast-schema-graph\">{\"@context\":\"https:\\\/\\\/schema.org\",\"@graph\":[{\"@type\":\"Article\",\"@id\":\"https:\\\/\\\/www.bellunopress.it\\\/2012\\\/02\\\/08\\\/sabato-a-vittorio-veneto-va-in-scena-la-commedia-teatrale-la-variante-di-janowsky\\\/#article\",\"isPartOf\":{\"@id\":\"https:\\\/\\\/www.bellunopress.it\\\/2012\\\/02\\\/08\\\/sabato-a-vittorio-veneto-va-in-scena-la-commedia-teatrale-la-variante-di-janowsky\\\/\"},\"author\":{\"name\":\"redazione\",\"@id\":\"https:\\\/\\\/www.bellunopress.it\\\/#\\\/schema\\\/person\\\/79bb06722b37ece1c03d3e94beb30d73\"},\"headline\":\"Sabato a Vittorio Veneto va in scena la commedia teatrale &#8220;La variante di Janowsky&#8221;\",\"datePublished\":\"2012-02-08T19:25:04+00:00\",\"mainEntityOfPage\":{\"@id\":\"https:\\\/\\\/www.bellunopress.it\\\/2012\\\/02\\\/08\\\/sabato-a-vittorio-veneto-va-in-scena-la-commedia-teatrale-la-variante-di-janowsky\\\/\"},\"wordCount\":199,\"publisher\":{\"@id\":\"https:\\\/\\\/www.bellunopress.it\\\/#organization\"},\"articleSection\":[\"Appuntamenti, Eventi\",\"Arte, Cultura, Spettacoli, Scienza\",\"Pausa Caff\u00e8\"],\"inLanguage\":\"fr-FR\"},{\"@type\":\"WebPage\",\"@id\":\"https:\\\/\\\/www.bellunopress.it\\\/2012\\\/02\\\/08\\\/sabato-a-vittorio-veneto-va-in-scena-la-commedia-teatrale-la-variante-di-janowsky\\\/\",\"url\":\"https:\\\/\\\/www.bellunopress.it\\\/2012\\\/02\\\/08\\\/sabato-a-vittorio-veneto-va-in-scena-la-commedia-teatrale-la-variante-di-janowsky\\\/\",\"name\":\"Sabato a Vittorio Veneto va in scena la commedia teatrale \\\"La variante di Janowsky\\\" - Bellunopress - Dolomiti\",\"isPartOf\":{\"@id\":\"https:\\\/\\\/www.bellunopress.it\\\/#website\"},\"datePublished\":\"2012-02-08T19:25:04+00:00\",\"breadcrumb\":{\"@id\":\"https:\\\/\\\/www.bellunopress.it\\\/2012\\\/02\\\/08\\\/sabato-a-vittorio-veneto-va-in-scena-la-commedia-teatrale-la-variante-di-janowsky\\\/#breadcrumb\"},\"inLanguage\":\"fr-FR\",\"potentialAction\":[{\"@type\":\"ReadAction\",\"target\":[\"https:\\\/\\\/www.bellunopress.it\\\/2012\\\/02\\\/08\\\/sabato-a-vittorio-veneto-va-in-scena-la-commedia-teatrale-la-variante-di-janowsky\\\/\"]}]},{\"@type\":\"BreadcrumbList\",\"@id\":\"https:\\\/\\\/www.bellunopress.it\\\/2012\\\/02\\\/08\\\/sabato-a-vittorio-veneto-va-in-scena-la-commedia-teatrale-la-variante-di-janowsky\\\/#breadcrumb\",\"itemListElement\":[{\"@type\":\"ListItem\",\"position\":1,\"name\":\"Home\",\"item\":\"https:\\\/\\\/www.bellunopress.it\\\/\"},{\"@type\":\"ListItem\",\"position\":2,\"name\":\"Sabato a Vittorio Veneto va in scena la commedia teatrale &#8220;La variante di Janowsky&#8221;\"}]},{\"@type\":\"WebSite\",\"@id\":\"https:\\\/\\\/www.bellunopress.it\\\/#website\",\"url\":\"https:\\\/\\\/www.bellunopress.it\\\/\",\"name\":\"Bellunopress - Dolomiti\",\"description\":\"e-mail: redazione@bellunopress.it\",\"publisher\":{\"@id\":\"https:\\\/\\\/www.bellunopress.it\\\/#organization\"},\"potentialAction\":[{\"@type\":\"SearchAction\",\"target\":{\"@type\":\"EntryPoint\",\"urlTemplate\":\"https:\\\/\\\/www.bellunopress.it\\\/?s={search_term_string}\"},\"query-input\":{\"@type\":\"PropertyValueSpecification\",\"valueRequired\":true,\"valueName\":\"search_term_string\"}}],\"inLanguage\":\"fr-FR\"},{\"@type\":\"Organization\",\"@id\":\"https:\\\/\\\/www.bellunopress.it\\\/#organization\",\"name\":\"Bellunopress\",\"url\":\"https:\\\/\\\/www.bellunopress.it\\\/\",\"logo\":{\"@type\":\"ImageObject\",\"inLanguage\":\"fr-FR\",\"@id\":\"https:\\\/\\\/www.bellunopress.it\\\/#\\\/schema\\\/logo\\\/image\\\/\",\"url\":\"https:\\\/\\\/www.bellunopress.it\\\/wp-content\\\/uploads\\\/2011\\\/05\\\/cropped-logo-bellunopress-.jpg\",\"contentUrl\":\"https:\\\/\\\/www.bellunopress.it\\\/wp-content\\\/uploads\\\/2011\\\/05\\\/cropped-logo-bellunopress-.jpg\",\"width\":512,\"height\":512,\"caption\":\"Bellunopress\"},\"image\":{\"@id\":\"https:\\\/\\\/www.bellunopress.it\\\/#\\\/schema\\\/logo\\\/image\\\/\"},\"sameAs\":[\"https:\\\/\\\/www.facebook.com\\\/profile.php?id=100008943462799\",\"https:\\\/\\\/x.com\\\/bellunopress\",\"https:\\\/\\\/www.linkedin.com\\\/hp\\\/?dnr=JBzUWaJfMUw8vbXJJ2tVW5-I3jZKvC4wsoxE&amp;amp;amp;amp;amp;amp;trk=nav_responsive_tab_home\",\"https:\\\/\\\/www.youtube.com\\\/channel\\\/UCxL0wu1uN0_3_7hGG0306cw\"]},{\"@type\":\"Person\",\"@id\":\"https:\\\/\\\/www.bellunopress.it\\\/#\\\/schema\\\/person\\\/79bb06722b37ece1c03d3e94beb30d73\",\"name\":\"redazione\",\"image\":{\"@type\":\"ImageObject\",\"inLanguage\":\"fr-FR\",\"@id\":\"https:\\\/\\\/secure.gravatar.com\\\/avatar\\\/37d968a2e67a6fd04c169c4bdef102d0bc5d31b2546345219e348575eb80e9a0?s=96&d=mm&r=g\",\"url\":\"https:\\\/\\\/secure.gravatar.com\\\/avatar\\\/37d968a2e67a6fd04c169c4bdef102d0bc5d31b2546345219e348575eb80e9a0?s=96&d=mm&r=g\",\"contentUrl\":\"https:\\\/\\\/secure.gravatar.com\\\/avatar\\\/37d968a2e67a6fd04c169c4bdef102d0bc5d31b2546345219e348575eb80e9a0?s=96&d=mm&r=g\",\"caption\":\"redazione\"},\"sameAs\":[\"http:\\\/\\\/www.bellunopress.it\",\"https:\\\/\\\/x.com\\\/bellunopress\"],\"url\":\"https:\\\/\\\/www.bellunopress.it\\\/fr\\\/author\\\/redazione\\\/\"}]}<\/script>\n<!-- \/ Yoast SEO plugin. -->","yoast_head_json":{"title":"Sabato a Vittorio Veneto va in scena la commedia teatrale \"La variante di Janowsky\" - Bellunopress - Dolomiti","robots":{"index":"index","follow":"follow","max-snippet":"max-snippet:-1","max-image-preview":"max-image-preview:large","max-video-preview":"max-video-preview:-1"},"canonical":"https:\/\/www.bellunopress.it\/fr\/2012\/02\/08\/sabato-a-vittorio-veneto-va-in-scena-la-commedia-teatrale-la-variante-di-janowsky\/","og_locale":"fr_FR","og_type":"article","og_title":"Sabato a Vittorio Veneto va in scena la commedia teatrale \"La variante di Janowsky\" - Bellunopress - Dolomiti","og_description":"Sabato 11 febbraio alle ore 20.45 al Teatro Da Ponte di Vittorio Veneto va in scena &#8220;La variante di Janowsky&#8221; scritto e diretto da Paolo Zaffaina. Con Chiara Canton e Edoardo Fainello. Ingresso 8 euro interi, 6 euro ridotti. Prenotazioni al n.348 2402746 &#8211; 347 1027240 e-mail direzione@teatroasincrono.it\u00a0 Finalista al Premio nazionale di Drammaturgia DCQ. [&hellip;]","og_url":"https:\/\/www.bellunopress.it\/fr\/2012\/02\/08\/sabato-a-vittorio-veneto-va-in-scena-la-commedia-teatrale-la-variante-di-janowsky\/","og_site_name":"Bellunopress - Dolomiti","article_publisher":"https:\/\/www.facebook.com\/profile.php?id=100008943462799","article_published_time":"2012-02-08T19:25:04+00:00","og_image":[{"url":"http:\/\/www.bellunopress.it\/wp-content\/uploads\/2012\/07\/logo-bellunopress-250x250-2012.jpg","type":"","width":"","height":""}],"author":"redazione","twitter_card":"summary_large_image","twitter_creator":"@bellunopress","twitter_site":"@bellunopress","twitter_misc":{"\u00c9crit par":"redazione","Dur\u00e9e de lecture estim\u00e9e":"1 minute"},"schema":{"@context":"https:\/\/schema.org","@graph":[{"@type":"Article","@id":"https:\/\/www.bellunopress.it\/2012\/02\/08\/sabato-a-vittorio-veneto-va-in-scena-la-commedia-teatrale-la-variante-di-janowsky\/#article","isPartOf":{"@id":"https:\/\/www.bellunopress.it\/2012\/02\/08\/sabato-a-vittorio-veneto-va-in-scena-la-commedia-teatrale-la-variante-di-janowsky\/"},"author":{"name":"redazione","@id":"https:\/\/www.bellunopress.it\/#\/schema\/person\/79bb06722b37ece1c03d3e94beb30d73"},"headline":"Sabato a Vittorio Veneto va in scena la commedia teatrale &#8220;La variante di Janowsky&#8221;","datePublished":"2012-02-08T19:25:04+00:00","mainEntityOfPage":{"@id":"https:\/\/www.bellunopress.it\/2012\/02\/08\/sabato-a-vittorio-veneto-va-in-scena-la-commedia-teatrale-la-variante-di-janowsky\/"},"wordCount":199,"publisher":{"@id":"https:\/\/www.bellunopress.it\/#organization"},"articleSection":["Appuntamenti, Eventi","Arte, Cultura, Spettacoli, Scienza","Pausa Caff\u00e8"],"inLanguage":"fr-FR"},{"@type":"WebPage","@id":"https:\/\/www.bellunopress.it\/2012\/02\/08\/sabato-a-vittorio-veneto-va-in-scena-la-commedia-teatrale-la-variante-di-janowsky\/","url":"https:\/\/www.bellunopress.it\/2012\/02\/08\/sabato-a-vittorio-veneto-va-in-scena-la-commedia-teatrale-la-variante-di-janowsky\/","name":"Sabato a Vittorio Veneto va in scena la commedia teatrale \"La variante di Janowsky\" - Bellunopress - Dolomiti","isPartOf":{"@id":"https:\/\/www.bellunopress.it\/#website"},"datePublished":"2012-02-08T19:25:04+00:00","breadcrumb":{"@id":"https:\/\/www.bellunopress.it\/2012\/02\/08\/sabato-a-vittorio-veneto-va-in-scena-la-commedia-teatrale-la-variante-di-janowsky\/#breadcrumb"},"inLanguage":"fr-FR","potentialAction":[{"@type":"ReadAction","target":["https:\/\/www.bellunopress.it\/2012\/02\/08\/sabato-a-vittorio-veneto-va-in-scena-la-commedia-teatrale-la-variante-di-janowsky\/"]}]},{"@type":"BreadcrumbList","@id":"https:\/\/www.bellunopress.it\/2012\/02\/08\/sabato-a-vittorio-veneto-va-in-scena-la-commedia-teatrale-la-variante-di-janowsky\/#breadcrumb","itemListElement":[{"@type":"ListItem","position":1,"name":"Home","item":"https:\/\/www.bellunopress.it\/"},{"@type":"ListItem","position":2,"name":"Sabato a Vittorio Veneto va in scena la commedia teatrale &#8220;La variante di Janowsky&#8221;"}]},{"@type":"WebSite","@id":"https:\/\/www.bellunopress.it\/#website","url":"https:\/\/www.bellunopress.it\/","name":"Bellunopress - Dolomiti","description":"e-mail: redazione@bellunopress.it","publisher":{"@id":"https:\/\/www.bellunopress.it\/#organization"},"potentialAction":[{"@type":"SearchAction","target":{"@type":"EntryPoint","urlTemplate":"https:\/\/www.bellunopress.it\/?s={search_term_string}"},"query-input":{"@type":"PropertyValueSpecification","valueRequired":true,"valueName":"search_term_string"}}],"inLanguage":"fr-FR"},{"@type":"Organization","@id":"https:\/\/www.bellunopress.it\/#organization","name":"Bellunopress","url":"https:\/\/www.bellunopress.it\/","logo":{"@type":"ImageObject","inLanguage":"fr-FR","@id":"https:\/\/www.bellunopress.it\/#\/schema\/logo\/image\/","url":"https:\/\/www.bellunopress.it\/wp-content\/uploads\/2011\/05\/cropped-logo-bellunopress-.jpg","contentUrl":"https:\/\/www.bellunopress.it\/wp-content\/uploads\/2011\/05\/cropped-logo-bellunopress-.jpg","width":512,"height":512,"caption":"Bellunopress"},"image":{"@id":"https:\/\/www.bellunopress.it\/#\/schema\/logo\/image\/"},"sameAs":["https:\/\/www.facebook.com\/profile.php?id=100008943462799","https:\/\/x.com\/bellunopress","https:\/\/www.linkedin.com\/hp\/?dnr=JBzUWaJfMUw8vbXJJ2tVW5-I3jZKvC4wsoxE&amp;amp;amp;amp;amp;amp;trk=nav_responsive_tab_home","https:\/\/www.youtube.com\/channel\/UCxL0wu1uN0_3_7hGG0306cw"]},{"@type":"Person","@id":"https:\/\/www.bellunopress.it\/#\/schema\/person\/79bb06722b37ece1c03d3e94beb30d73","name":"r\u00e9daction","image":{"@type":"ImageObject","inLanguage":"fr-FR","@id":"https:\/\/secure.gravatar.com\/avatar\/37d968a2e67a6fd04c169c4bdef102d0bc5d31b2546345219e348575eb80e9a0?s=96&d=mm&r=g","url":"https:\/\/secure.gravatar.com\/avatar\/37d968a2e67a6fd04c169c4bdef102d0bc5d31b2546345219e348575eb80e9a0?s=96&d=mm&r=g","contentUrl":"https:\/\/secure.gravatar.com\/avatar\/37d968a2e67a6fd04c169c4bdef102d0bc5d31b2546345219e348575eb80e9a0?s=96&d=mm&r=g","caption":"redazione"},"sameAs":["http:\/\/www.bellunopress.it","https:\/\/x.com\/bellunopress"],"url":"https:\/\/www.bellunopress.it\/fr\/author\/redazione\/"}]}},"_links":{"self":[{"href":"https:\/\/www.bellunopress.it\/fr\/wp-json\/wp\/v2\/posts\/34711","targetHints":{"allow":["GET"]}}],"collection":[{"href":"https:\/\/www.bellunopress.it\/fr\/wp-json\/wp\/v2\/posts"}],"about":[{"href":"https:\/\/www.bellunopress.it\/fr\/wp-json\/wp\/v2\/types\/post"}],"author":[{"embeddable":true,"href":"https:\/\/www.bellunopress.it\/fr\/wp-json\/wp\/v2\/users\/2"}],"replies":[{"embeddable":true,"href":"https:\/\/www.bellunopress.it\/fr\/wp-json\/wp\/v2\/comments?post=34711"}],"version-history":[{"count":1,"href":"https:\/\/www.bellunopress.it\/fr\/wp-json\/wp\/v2\/posts\/34711\/revisions"}],"predecessor-version":[{"id":34712,"href":"https:\/\/www.bellunopress.it\/fr\/wp-json\/wp\/v2\/posts\/34711\/revisions\/34712"}],"wp:attachment":[{"href":"https:\/\/www.bellunopress.it\/fr\/wp-json\/wp\/v2\/media?parent=34711"}],"wp:term":[{"taxonomy":"category","embeddable":true,"href":"https:\/\/www.bellunopress.it\/fr\/wp-json\/wp\/v2\/categories?post=34711"},{"taxonomy":"post_tag","embeddable":true,"href":"https:\/\/www.bellunopress.it\/fr\/wp-json\/wp\/v2\/tags?post=34711"}],"curies":[{"name":"wp","href":"https:\/\/api.w.org\/{rel}","templated":true}]}}