{"id":34704,"date":"2012-02-02T13:32:50","date_gmt":"2012-02-02T12:32:50","guid":{"rendered":"http:\/\/www.bellunopress.it\/?p=34704"},"modified":"2012-02-02T13:32:50","modified_gmt":"2012-02-02T12:32:50","slug":"assenza-di-sel-e-insieme-per-belluno-al-tavolo-della-coalizione-di-centrosinistra-ecco-i-motivi","status":"publish","type":"post","link":"https:\/\/www.bellunopress.it\/fr\/2012\/02\/02\/assenza-di-sel-e-insieme-per-belluno-al-tavolo-della-coalizione-di-centrosinistra-ecco-i-motivi\/","title":{"rendered":"Assenza di Sel e Insieme per Belluno al tavolo della coalizione di centrosinistra: ecco i motivi"},"content":{"rendered":"<figure id=\"attachment_29459\" aria-describedby=\"caption-attachment-29459\" style=\"width: 134px\" class=\"wp-caption alignleft\"><a href=\"http:\/\/www.bellunopress.it\/wp-content\/uploads\/2011\/08\/francesco-rasera-berna-150x134.jpg\"><img loading=\"lazy\" decoding=\"async\" class=\"size-full wp-image-29459\" title=\"francesco rasera berna 150x134\" src=\"http:\/\/www.bellunopress.it\/wp-content\/uploads\/2011\/08\/francesco-rasera-berna-150x134.jpg\" alt=\"\" width=\"134\" height=\"150\" \/><\/a><figcaption id=\"caption-attachment-29459\" class=\"wp-caption-text\">Francesco Rasera Berna<\/figcaption><\/figure>\n<p>Sull&#8217;assenza di Sel\u00a0 &#8211; Sinistra ecologia e libert\u00e0 &#8211; \u00a0e della lista Insieme per Belluno al tavolo del centrosinistra per le elezioni amministrative del Comune di Belluno, intervengono i rispettivi rappresentanti Marco Barluzzi e Francesco Rasera Berna (Sel) e\u00a0 Toni Polesana (IpB) per alcune precisazioni.<br \/>\n&#8220;La questione delle primarie non \u00e8 mai stata accantonata &#8211; scrivono in una nota i leder della sinistra bellunese &#8211;\u00a0 ed anzi si \u00e8 sempre espressamente precisato nelle riunioni che ogni percorso doveva essere svolto in tempo utile per non pregiudicare l&#8217;eventuale scelta di tenerle. Inoltre, a fronte delle difficolt\u00e0 sia interne al Pd, sia nella scelta condivisa del candidato della coalizione, e a fronte della richiesta venuta da tanti cittadini, le primarie potevano essere la soluzione ancor pi\u00f9 necessaria e giusta nella direzione della massima unit\u00e0 e condivisione.<br \/>\nCi\u00f2 premesso, i sottoscritti hanno ancora una volta dovuto prendere atto dalla stampa delle dichiarazioni del consigliere regionale Pd Sergio Reolon che sembrano voler dettare la linea al tavolo per la riunione di mercoled\u00ec sera. Fra l&#8217;altro chiudendo di fatto la strada alle primarie, vuoi perch\u00e9 ora tardive (ma il ritardo \u00e8 stato proprio del Pd), vuoi perch\u00e9 non si vogliono candidature esterne ai partiti.<br \/>\nE tuttavia &#8211; prosegue la nota &#8211; va ricordato che proprio il regolamento proposto dal Pd bellunese per le primarie di coalzione prevede la candidatura, espressione dei cittadini e non dei partiti. Evidentemente perch\u00e9 ci si rendeva conto che la rappresentativit\u00e0 dei partiti \u00e8 parziale e l&#8217;orizzonte della coalizione che pu\u00f2 vincere le elezioni ed assicurare una buona amministrazione al comune e&#8217; piu&#8217; ampio.<br \/>\nPer questi motivi &#8211; conclude la nota &#8211; , Sel e Insieme per Belluno ritengono essere venute a mancare le condizioni per la loro utile presenza alla riunione&#8221;.<\/p>","protected":false},"excerpt":{"rendered":"<p>Sull&#8217;assenza di Sel\u00a0 &#8211; Sinistra ecologia e libert\u00e0 &#8211; \u00a0e della lista Insieme per Belluno al tavolo del centrosinistra per le elezioni amministrative del Comune di Belluno, intervengono i rispettivi rappresentanti Marco Barluzzi e Francesco Rasera Berna (Sel) e\u00a0 Toni Polesana (IpB) per alcune precisazioni. &#8220;La questione delle primarie non \u00e8 mai stata accantonata &#8211; [&hellip;]<\/p>\n","protected":false},"author":2,"featured_media":0,"comment_status":"closed","ping_status":"open","sticky":false,"template":"","format":"standard","meta":{"footnotes":""},"categories":[5,26],"tags":[],"class_list":["post-34704","post","type-post","status-publish","format-standard","category-cronaca","category-prima-pagina"],"yoast_head":"<!-- This site is optimized with the Yoast SEO plugin v28.4 - https:\/\/yoast.com\/product\/yoast-seo-wordpress\/ -->\n<title>Assenza di Sel e Insieme per Belluno al tavolo della coalizione di centrosinistra: ecco i motivi - Bellunopress - Dolomiti<\/title>\n<meta name=\"robots\" content=\"index, follow, max-snippet:-1, max-image-preview:large, max-video-preview:-1\" \/>\n<link rel=\"canonical\" href=\"https:\/\/www.bellunopress.it\/fr\/2012\/02\/02\/assenza-di-sel-e-insieme-per-belluno-al-tavolo-della-coalizione-di-centrosinistra-ecco-i-motivi\/\" \/>\n<meta property=\"og:locale\" content=\"fr_FR\" \/>\n<meta property=\"og:type\" content=\"article\" \/>\n<meta property=\"og:title\" content=\"Assenza di Sel e Insieme per Belluno al tavolo della coalizione di centrosinistra: ecco i motivi - Bellunopress - Dolomiti\" \/>\n<meta property=\"og:description\" content=\"Sull&#8217;assenza di Sel\u00a0 &#8211; Sinistra ecologia e libert\u00e0 &#8211; \u00a0e della lista Insieme per Belluno al tavolo del centrosinistra per le elezioni amministrative del Comune di Belluno, intervengono i rispettivi rappresentanti Marco Barluzzi e Francesco Rasera Berna (Sel) e\u00a0 Toni Polesana (IpB) per alcune precisazioni. &#8220;La questione delle primarie non \u00e8 mai stata accantonata &#8211; [&hellip;]\" \/>\n<meta property=\"og:url\" content=\"https:\/\/www.bellunopress.it\/fr\/2012\/02\/02\/assenza-di-sel-e-insieme-per-belluno-al-tavolo-della-coalizione-di-centrosinistra-ecco-i-motivi\/\" \/>\n<meta property=\"og:site_name\" content=\"Bellunopress - Dolomiti\" \/>\n<meta property=\"article:publisher\" content=\"https:\/\/www.facebook.com\/profile.php?id=100008943462799\" \/>\n<meta property=\"article:published_time\" content=\"2012-02-02T12:32:50+00:00\" \/>\n<meta property=\"og:image\" content=\"http:\/\/www.bellunopress.it\/wp-content\/uploads\/2011\/08\/francesco-rasera-berna-150x134.jpg\" \/>\n<meta name=\"author\" content=\"redazione\" \/>\n<meta name=\"twitter:card\" content=\"summary_large_image\" \/>\n<meta name=\"twitter:creator\" content=\"@bellunopress\" \/>\n<meta name=\"twitter:site\" content=\"@bellunopress\" \/>\n<meta name=\"twitter:label1\" content=\"\u00c9crit par\" \/>\n\t<meta name=\"twitter:data1\" content=\"redazione\" \/>\n\t<meta name=\"twitter:label2\" content=\"Dur\u00e9e de lecture estim\u00e9e\" \/>\n\t<meta name=\"twitter:data2\" content=\"1 minute\" \/>\n<script type=\"application\/ld+json\" class=\"yoast-schema-graph\">{\"@context\":\"https:\\\/\\\/schema.org\",\"@graph\":[{\"@type\":\"Article\",\"@id\":\"https:\\\/\\\/www.bellunopress.it\\\/2012\\\/02\\\/02\\\/assenza-di-sel-e-insieme-per-belluno-al-tavolo-della-coalizione-di-centrosinistra-ecco-i-motivi\\\/#article\",\"isPartOf\":{\"@id\":\"https:\\\/\\\/www.bellunopress.it\\\/2012\\\/02\\\/02\\\/assenza-di-sel-e-insieme-per-belluno-al-tavolo-della-coalizione-di-centrosinistra-ecco-i-motivi\\\/\"},\"author\":{\"name\":\"redazione\",\"@id\":\"https:\\\/\\\/www.bellunopress.it\\\/#\\\/schema\\\/person\\\/79bb06722b37ece1c03d3e94beb30d73\"},\"headline\":\"Assenza di Sel e Insieme per Belluno al tavolo della coalizione di centrosinistra: ecco i motivi\",\"datePublished\":\"2012-02-02T12:32:50+00:00\",\"mainEntityOfPage\":{\"@id\":\"https:\\\/\\\/www.bellunopress.it\\\/2012\\\/02\\\/02\\\/assenza-di-sel-e-insieme-per-belluno-al-tavolo-della-coalizione-di-centrosinistra-ecco-i-motivi\\\/\"},\"wordCount\":317,\"publisher\":{\"@id\":\"https:\\\/\\\/www.bellunopress.it\\\/#organization\"},\"image\":{\"@id\":\"https:\\\/\\\/www.bellunopress.it\\\/2012\\\/02\\\/02\\\/assenza-di-sel-e-insieme-per-belluno-al-tavolo-della-coalizione-di-centrosinistra-ecco-i-motivi\\\/#primaryimage\"},\"thumbnailUrl\":\"http:\\\/\\\/www.bellunopress.it\\\/wp-content\\\/uploads\\\/2011\\\/08\\\/francesco-rasera-berna-150x134.jpg\",\"articleSection\":[\"Cronaca\\\/Politica\",\"Prima Pagina\"],\"inLanguage\":\"fr-FR\"},{\"@type\":\"WebPage\",\"@id\":\"https:\\\/\\\/www.bellunopress.it\\\/2012\\\/02\\\/02\\\/assenza-di-sel-e-insieme-per-belluno-al-tavolo-della-coalizione-di-centrosinistra-ecco-i-motivi\\\/\",\"url\":\"https:\\\/\\\/www.bellunopress.it\\\/2012\\\/02\\\/02\\\/assenza-di-sel-e-insieme-per-belluno-al-tavolo-della-coalizione-di-centrosinistra-ecco-i-motivi\\\/\",\"name\":\"Assenza di Sel e Insieme per Belluno al tavolo della coalizione di centrosinistra: ecco i motivi - Bellunopress - Dolomiti\",\"isPartOf\":{\"@id\":\"https:\\\/\\\/www.bellunopress.it\\\/#website\"},\"primaryImageOfPage\":{\"@id\":\"https:\\\/\\\/www.bellunopress.it\\\/2012\\\/02\\\/02\\\/assenza-di-sel-e-insieme-per-belluno-al-tavolo-della-coalizione-di-centrosinistra-ecco-i-motivi\\\/#primaryimage\"},\"image\":{\"@id\":\"https:\\\/\\\/www.bellunopress.it\\\/2012\\\/02\\\/02\\\/assenza-di-sel-e-insieme-per-belluno-al-tavolo-della-coalizione-di-centrosinistra-ecco-i-motivi\\\/#primaryimage\"},\"thumbnailUrl\":\"http:\\\/\\\/www.bellunopress.it\\\/wp-content\\\/uploads\\\/2011\\\/08\\\/francesco-rasera-berna-150x134.jpg\",\"datePublished\":\"2012-02-02T12:32:50+00:00\",\"breadcrumb\":{\"@id\":\"https:\\\/\\\/www.bellunopress.it\\\/2012\\\/02\\\/02\\\/assenza-di-sel-e-insieme-per-belluno-al-tavolo-della-coalizione-di-centrosinistra-ecco-i-motivi\\\/#breadcrumb\"},\"inLanguage\":\"fr-FR\",\"potentialAction\":[{\"@type\":\"ReadAction\",\"target\":[\"https:\\\/\\\/www.bellunopress.it\\\/2012\\\/02\\\/02\\\/assenza-di-sel-e-insieme-per-belluno-al-tavolo-della-coalizione-di-centrosinistra-ecco-i-motivi\\\/\"]}]},{\"@type\":\"ImageObject\",\"inLanguage\":\"fr-FR\",\"@id\":\"https:\\\/\\\/www.bellunopress.it\\\/2012\\\/02\\\/02\\\/assenza-di-sel-e-insieme-per-belluno-al-tavolo-della-coalizione-di-centrosinistra-ecco-i-motivi\\\/#primaryimage\",\"url\":\"http:\\\/\\\/www.bellunopress.it\\\/wp-content\\\/uploads\\\/2011\\\/08\\\/francesco-rasera-berna-150x134.jpg\",\"contentUrl\":\"http:\\\/\\\/www.bellunopress.it\\\/wp-content\\\/uploads\\\/2011\\\/08\\\/francesco-rasera-berna-150x134.jpg\"},{\"@type\":\"BreadcrumbList\",\"@id\":\"https:\\\/\\\/www.bellunopress.it\\\/2012\\\/02\\\/02\\\/assenza-di-sel-e-insieme-per-belluno-al-tavolo-della-coalizione-di-centrosinistra-ecco-i-motivi\\\/#breadcrumb\",\"itemListElement\":[{\"@type\":\"ListItem\",\"position\":1,\"name\":\"Home\",\"item\":\"https:\\\/\\\/www.bellunopress.it\\\/\"},{\"@type\":\"ListItem\",\"position\":2,\"name\":\"Assenza di Sel e Insieme per Belluno al tavolo della coalizione di centrosinistra: ecco i motivi\"}]},{\"@type\":\"WebSite\",\"@id\":\"https:\\\/\\\/www.bellunopress.it\\\/#website\",\"url\":\"https:\\\/\\\/www.bellunopress.it\\\/\",\"name\":\"Bellunopress - Dolomiti\",\"description\":\"e-mail: redazione@bellunopress.it\",\"publisher\":{\"@id\":\"https:\\\/\\\/www.bellunopress.it\\\/#organization\"},\"potentialAction\":[{\"@type\":\"SearchAction\",\"target\":{\"@type\":\"EntryPoint\",\"urlTemplate\":\"https:\\\/\\\/www.bellunopress.it\\\/?s={search_term_string}\"},\"query-input\":{\"@type\":\"PropertyValueSpecification\",\"valueRequired\":true,\"valueName\":\"search_term_string\"}}],\"inLanguage\":\"fr-FR\"},{\"@type\":\"Organization\",\"@id\":\"https:\\\/\\\/www.bellunopress.it\\\/#organization\",\"name\":\"Bellunopress\",\"url\":\"https:\\\/\\\/www.bellunopress.it\\\/\",\"logo\":{\"@type\":\"ImageObject\",\"inLanguage\":\"fr-FR\",\"@id\":\"https:\\\/\\\/www.bellunopress.it\\\/#\\\/schema\\\/logo\\\/image\\\/\",\"url\":\"https:\\\/\\\/www.bellunopress.it\\\/wp-content\\\/uploads\\\/2011\\\/05\\\/cropped-logo-bellunopress-.jpg\",\"contentUrl\":\"https:\\\/\\\/www.bellunopress.it\\\/wp-content\\\/uploads\\\/2011\\\/05\\\/cropped-logo-bellunopress-.jpg\",\"width\":512,\"height\":512,\"caption\":\"Bellunopress\"},\"image\":{\"@id\":\"https:\\\/\\\/www.bellunopress.it\\\/#\\\/schema\\\/logo\\\/image\\\/\"},\"sameAs\":[\"https:\\\/\\\/www.facebook.com\\\/profile.php?id=100008943462799\",\"https:\\\/\\\/x.com\\\/bellunopress\",\"https:\\\/\\\/www.linkedin.com\\\/hp\\\/?dnr=JBzUWaJfMUw8vbXJJ2tVW5-I3jZKvC4wsoxE&amp;amp;amp;amp;amp;amp;trk=nav_responsive_tab_home\",\"https:\\\/\\\/www.youtube.com\\\/channel\\\/UCxL0wu1uN0_3_7hGG0306cw\"]},{\"@type\":\"Person\",\"@id\":\"https:\\\/\\\/www.bellunopress.it\\\/#\\\/schema\\\/person\\\/79bb06722b37ece1c03d3e94beb30d73\",\"name\":\"redazione\",\"image\":{\"@type\":\"ImageObject\",\"inLanguage\":\"fr-FR\",\"@id\":\"https:\\\/\\\/secure.gravatar.com\\\/avatar\\\/37d968a2e67a6fd04c169c4bdef102d0bc5d31b2546345219e348575eb80e9a0?s=96&d=mm&r=g\",\"url\":\"https:\\\/\\\/secure.gravatar.com\\\/avatar\\\/37d968a2e67a6fd04c169c4bdef102d0bc5d31b2546345219e348575eb80e9a0?s=96&d=mm&r=g\",\"contentUrl\":\"https:\\\/\\\/secure.gravatar.com\\\/avatar\\\/37d968a2e67a6fd04c169c4bdef102d0bc5d31b2546345219e348575eb80e9a0?s=96&d=mm&r=g\",\"caption\":\"redazione\"},\"sameAs\":[\"http:\\\/\\\/www.bellunopress.it\",\"https:\\\/\\\/x.com\\\/bellunopress\"],\"url\":\"https:\\\/\\\/www.bellunopress.it\\\/fr\\\/author\\\/redazione\\\/\"}]}<\/script>\n<!-- \/ Yoast SEO plugin. -->","yoast_head_json":{"title":"Assenza di Sel e Insieme per Belluno al tavolo della coalizione di centrosinistra: ecco i motivi - Bellunopress - Dolomiti","robots":{"index":"index","follow":"follow","max-snippet":"max-snippet:-1","max-image-preview":"max-image-preview:large","max-video-preview":"max-video-preview:-1"},"canonical":"https:\/\/www.bellunopress.it\/fr\/2012\/02\/02\/assenza-di-sel-e-insieme-per-belluno-al-tavolo-della-coalizione-di-centrosinistra-ecco-i-motivi\/","og_locale":"fr_FR","og_type":"article","og_title":"Assenza di Sel e Insieme per Belluno al tavolo della coalizione di centrosinistra: ecco i motivi - Bellunopress - Dolomiti","og_description":"Sull&#8217;assenza di Sel\u00a0 &#8211; Sinistra ecologia e libert\u00e0 &#8211; \u00a0e della lista Insieme per Belluno al tavolo del centrosinistra per le elezioni amministrative del Comune di Belluno, intervengono i rispettivi rappresentanti Marco Barluzzi e Francesco Rasera Berna (Sel) e\u00a0 Toni Polesana (IpB) per alcune precisazioni. &#8220;La questione delle primarie non \u00e8 mai stata accantonata &#8211; [&hellip;]","og_url":"https:\/\/www.bellunopress.it\/fr\/2012\/02\/02\/assenza-di-sel-e-insieme-per-belluno-al-tavolo-della-coalizione-di-centrosinistra-ecco-i-motivi\/","og_site_name":"Bellunopress - Dolomiti","article_publisher":"https:\/\/www.facebook.com\/profile.php?id=100008943462799","article_published_time":"2012-02-02T12:32:50+00:00","og_image":[{"url":"http:\/\/www.bellunopress.it\/wp-content\/uploads\/2011\/08\/francesco-rasera-berna-150x134.jpg","type":"","width":"","height":""}],"author":"redazione","twitter_card":"summary_large_image","twitter_creator":"@bellunopress","twitter_site":"@bellunopress","twitter_misc":{"\u00c9crit par":"redazione","Dur\u00e9e de lecture estim\u00e9e":"1 minute"},"schema":{"@context":"https:\/\/schema.org","@graph":[{"@type":"Article","@id":"https:\/\/www.bellunopress.it\/2012\/02\/02\/assenza-di-sel-e-insieme-per-belluno-al-tavolo-della-coalizione-di-centrosinistra-ecco-i-motivi\/#article","isPartOf":{"@id":"https:\/\/www.bellunopress.it\/2012\/02\/02\/assenza-di-sel-e-insieme-per-belluno-al-tavolo-della-coalizione-di-centrosinistra-ecco-i-motivi\/"},"author":{"name":"redazione","@id":"https:\/\/www.bellunopress.it\/#\/schema\/person\/79bb06722b37ece1c03d3e94beb30d73"},"headline":"Assenza di Sel e Insieme per Belluno al tavolo della coalizione di centrosinistra: ecco i motivi","datePublished":"2012-02-02T12:32:50+00:00","mainEntityOfPage":{"@id":"https:\/\/www.bellunopress.it\/2012\/02\/02\/assenza-di-sel-e-insieme-per-belluno-al-tavolo-della-coalizione-di-centrosinistra-ecco-i-motivi\/"},"wordCount":317,"publisher":{"@id":"https:\/\/www.bellunopress.it\/#organization"},"image":{"@id":"https:\/\/www.bellunopress.it\/2012\/02\/02\/assenza-di-sel-e-insieme-per-belluno-al-tavolo-della-coalizione-di-centrosinistra-ecco-i-motivi\/#primaryimage"},"thumbnailUrl":"http:\/\/www.bellunopress.it\/wp-content\/uploads\/2011\/08\/francesco-rasera-berna-150x134.jpg","articleSection":["Cronaca\/Politica","Prima Pagina"],"inLanguage":"fr-FR"},{"@type":"WebPage","@id":"https:\/\/www.bellunopress.it\/2012\/02\/02\/assenza-di-sel-e-insieme-per-belluno-al-tavolo-della-coalizione-di-centrosinistra-ecco-i-motivi\/","url":"https:\/\/www.bellunopress.it\/2012\/02\/02\/assenza-di-sel-e-insieme-per-belluno-al-tavolo-della-coalizione-di-centrosinistra-ecco-i-motivi\/","name":"Assenza di Sel e Insieme per Belluno al tavolo della coalizione di centrosinistra: ecco i motivi - Bellunopress - Dolomiti","isPartOf":{"@id":"https:\/\/www.bellunopress.it\/#website"},"primaryImageOfPage":{"@id":"https:\/\/www.bellunopress.it\/2012\/02\/02\/assenza-di-sel-e-insieme-per-belluno-al-tavolo-della-coalizione-di-centrosinistra-ecco-i-motivi\/#primaryimage"},"image":{"@id":"https:\/\/www.bellunopress.it\/2012\/02\/02\/assenza-di-sel-e-insieme-per-belluno-al-tavolo-della-coalizione-di-centrosinistra-ecco-i-motivi\/#primaryimage"},"thumbnailUrl":"http:\/\/www.bellunopress.it\/wp-content\/uploads\/2011\/08\/francesco-rasera-berna-150x134.jpg","datePublished":"2012-02-02T12:32:50+00:00","breadcrumb":{"@id":"https:\/\/www.bellunopress.it\/2012\/02\/02\/assenza-di-sel-e-insieme-per-belluno-al-tavolo-della-coalizione-di-centrosinistra-ecco-i-motivi\/#breadcrumb"},"inLanguage":"fr-FR","potentialAction":[{"@type":"ReadAction","target":["https:\/\/www.bellunopress.it\/2012\/02\/02\/assenza-di-sel-e-insieme-per-belluno-al-tavolo-della-coalizione-di-centrosinistra-ecco-i-motivi\/"]}]},{"@type":"ImageObject","inLanguage":"fr-FR","@id":"https:\/\/www.bellunopress.it\/2012\/02\/02\/assenza-di-sel-e-insieme-per-belluno-al-tavolo-della-coalizione-di-centrosinistra-ecco-i-motivi\/#primaryimage","url":"http:\/\/www.bellunopress.it\/wp-content\/uploads\/2011\/08\/francesco-rasera-berna-150x134.jpg","contentUrl":"http:\/\/www.bellunopress.it\/wp-content\/uploads\/2011\/08\/francesco-rasera-berna-150x134.jpg"},{"@type":"BreadcrumbList","@id":"https:\/\/www.bellunopress.it\/2012\/02\/02\/assenza-di-sel-e-insieme-per-belluno-al-tavolo-della-coalizione-di-centrosinistra-ecco-i-motivi\/#breadcrumb","itemListElement":[{"@type":"ListItem","position":1,"name":"Home","item":"https:\/\/www.bellunopress.it\/"},{"@type":"ListItem","position":2,"name":"Assenza di Sel e Insieme per Belluno al tavolo della coalizione di centrosinistra: ecco i motivi"}]},{"@type":"WebSite","@id":"https:\/\/www.bellunopress.it\/#website","url":"https:\/\/www.bellunopress.it\/","name":"Bellunopress - Dolomiti","description":"e-mail: redazione@bellunopress.it","publisher":{"@id":"https:\/\/www.bellunopress.it\/#organization"},"potentialAction":[{"@type":"SearchAction","target":{"@type":"EntryPoint","urlTemplate":"https:\/\/www.bellunopress.it\/?s={search_term_string}"},"query-input":{"@type":"PropertyValueSpecification","valueRequired":true,"valueName":"search_term_string"}}],"inLanguage":"fr-FR"},{"@type":"Organization","@id":"https:\/\/www.bellunopress.it\/#organization","name":"Bellunopress","url":"https:\/\/www.bellunopress.it\/","logo":{"@type":"ImageObject","inLanguage":"fr-FR","@id":"https:\/\/www.bellunopress.it\/#\/schema\/logo\/image\/","url":"https:\/\/www.bellunopress.it\/wp-content\/uploads\/2011\/05\/cropped-logo-bellunopress-.jpg","contentUrl":"https:\/\/www.bellunopress.it\/wp-content\/uploads\/2011\/05\/cropped-logo-bellunopress-.jpg","width":512,"height":512,"caption":"Bellunopress"},"image":{"@id":"https:\/\/www.bellunopress.it\/#\/schema\/logo\/image\/"},"sameAs":["https:\/\/www.facebook.com\/profile.php?id=100008943462799","https:\/\/x.com\/bellunopress","https:\/\/www.linkedin.com\/hp\/?dnr=JBzUWaJfMUw8vbXJJ2tVW5-I3jZKvC4wsoxE&amp;amp;amp;amp;amp;amp;trk=nav_responsive_tab_home","https:\/\/www.youtube.com\/channel\/UCxL0wu1uN0_3_7hGG0306cw"]},{"@type":"Person","@id":"https:\/\/www.bellunopress.it\/#\/schema\/person\/79bb06722b37ece1c03d3e94beb30d73","name":"r\u00e9daction","image":{"@type":"ImageObject","inLanguage":"fr-FR","@id":"https:\/\/secure.gravatar.com\/avatar\/37d968a2e67a6fd04c169c4bdef102d0bc5d31b2546345219e348575eb80e9a0?s=96&d=mm&r=g","url":"https:\/\/secure.gravatar.com\/avatar\/37d968a2e67a6fd04c169c4bdef102d0bc5d31b2546345219e348575eb80e9a0?s=96&d=mm&r=g","contentUrl":"https:\/\/secure.gravatar.com\/avatar\/37d968a2e67a6fd04c169c4bdef102d0bc5d31b2546345219e348575eb80e9a0?s=96&d=mm&r=g","caption":"redazione"},"sameAs":["http:\/\/www.bellunopress.it","https:\/\/x.com\/bellunopress"],"url":"https:\/\/www.bellunopress.it\/fr\/author\/redazione\/"}]}},"_links":{"self":[{"href":"https:\/\/www.bellunopress.it\/fr\/wp-json\/wp\/v2\/posts\/34704","targetHints":{"allow":["GET"]}}],"collection":[{"href":"https:\/\/www.bellunopress.it\/fr\/wp-json\/wp\/v2\/posts"}],"about":[{"href":"https:\/\/www.bellunopress.it\/fr\/wp-json\/wp\/v2\/types\/post"}],"author":[{"embeddable":true,"href":"https:\/\/www.bellunopress.it\/fr\/wp-json\/wp\/v2\/users\/2"}],"replies":[{"embeddable":true,"href":"https:\/\/www.bellunopress.it\/fr\/wp-json\/wp\/v2\/comments?post=34704"}],"version-history":[{"count":2,"href":"https:\/\/www.bellunopress.it\/fr\/wp-json\/wp\/v2\/posts\/34704\/revisions"}],"predecessor-version":[{"id":34706,"href":"https:\/\/www.bellunopress.it\/fr\/wp-json\/wp\/v2\/posts\/34704\/revisions\/34706"}],"wp:attachment":[{"href":"https:\/\/www.bellunopress.it\/fr\/wp-json\/wp\/v2\/media?parent=34704"}],"wp:term":[{"taxonomy":"category","embeddable":true,"href":"https:\/\/www.bellunopress.it\/fr\/wp-json\/wp\/v2\/categories?post=34704"},{"taxonomy":"post_tag","embeddable":true,"href":"https:\/\/www.bellunopress.it\/fr\/wp-json\/wp\/v2\/tags?post=34704"}],"curies":[{"name":"wp","href":"https:\/\/api.w.org\/{rel}","templated":true}]}}