{"id":34702,"date":"2012-02-02T11:12:44","date_gmt":"2012-02-02T10:12:44","guid":{"rendered":"http:\/\/www.bellunopress.it\/?p=34702"},"modified":"2012-02-02T11:12:44","modified_gmt":"2012-02-02T10:12:44","slug":"nevegal-coca-bassa-chiusa-al-mattino-per-gare-in-questo-fine-settimana-tariffe-ridotte-per-skipass","status":"publish","type":"post","link":"https:\/\/www.bellunopress.it\/fr\/2012\/02\/02\/nevegal-coca-bassa-chiusa-al-mattino-per-gare-in-questo-fine-settimana-tariffe-ridotte-per-skipass\/","title":{"rendered":"Nevegal: Coca bassa chiusa al mattino per gare in questo fine settimana. Tariffe ridotte per skipass"},"content":{"rendered":"<p>Sono confermate per questo fine settimana le gare F.I.S. e il Trofeo Pinocchio presso la Ski Area del Neveg\u00e0l, che avranno luogo con il seguente programma:<\/p>\n<p>&#8211; VENERD\u00cc 3 FEBBRAIO: Gara F.I.S. Slalom Speciale<\/p>\n<p>&#8211; SABATO 4 FEBBRAIO: Gara F.I.S. Slalom Speciale<\/p>\n<p>&#8211; SABATO 11 FEBBRAIO: Trofeo Pinocchio categoria Baby\/Cuccioli<\/p>\n<p>&#8211; DOMENICA 12 FEBBRAIO: Trofeo Pinocchio categoria Ragazzi\/Allievi<\/p>\n<p>In queste giornate la Coca Bassa sar\u00e0 chiusa al pubblico fino al termine della manifestazione, orientativamente per le gare F.I.S. attorno alle 14:00 e per il Trofeo Pinocchio attorno alle ore 12:00. Al fine di venire incontro ai disagi causati verranno applicate delle tariffe ridotte, nello specifico lo skipass giornaliero coster\u00e0 19,00 \u20ac per gli adulti, \u20ac 16,00 per gli over 65, \u20ac 14,00 per i ragazzi tra gli 8 e i 16 anni e \u20ac 8,50 per i Baby nati dal 2004 in poi. La Nuovi Impianti Sportivi Srl si scusa fin d\u2019ora per queste parziali riduzioni delle percorribilit\u00e0 delle piste dovute alla necessit\u00e0 di venire incontro particolarmente all\u2019attivit\u00e0 sportiva giovanile e che comunque, data l\u2019attuale situazione, saranno le uniche previste per la stagione in corso.<\/p>\n<p>Per ogni informazione \u00e8 possibile contattare l\u2019Ufficio Skipass tutti i giorni dalle 8.30 alle 17.00 telefonicamente allo 0437 907106 o via e-mail all\u2019indirizzo info@alpedelnevegal.it .<\/p>","protected":false},"excerpt":{"rendered":"<p>Sono confermate per questo fine settimana le gare F.I.S. e il Trofeo Pinocchio presso la Ski Area del Neveg\u00e0l, che avranno luogo con il seguente programma: &#8211; VENERD\u00cc 3 FEBBRAIO: Gara F.I.S. Slalom Speciale &#8211; SABATO 4 FEBBRAIO: Gara F.I.S. Slalom Speciale &#8211; SABATO 11 FEBBRAIO: Trofeo Pinocchio categoria Baby\/Cuccioli &#8211; DOMENICA 12 FEBBRAIO: Trofeo [&hellip;]<\/p>\n","protected":false},"author":2,"featured_media":0,"comment_status":"closed","ping_status":"open","sticky":false,"template":"","format":"standard","meta":{"footnotes":""},"categories":[26,4],"tags":[],"class_list":["post-34702","post","type-post","status-publish","format-standard","category-prima-pagina","category-sport"],"yoast_head":"<!-- This site is optimized with the Yoast SEO plugin v28.4 - https:\/\/yoast.com\/product\/yoast-seo-wordpress\/ -->\n<title>Nevegal: Coca bassa chiusa al mattino per gare in questo fine settimana. Tariffe ridotte per skipass  - Bellunopress - Dolomiti<\/title>\n<meta name=\"robots\" content=\"index, follow, max-snippet:-1, max-image-preview:large, max-video-preview:-1\" \/>\n<link rel=\"canonical\" href=\"https:\/\/www.bellunopress.it\/fr\/2012\/02\/02\/nevegal-coca-bassa-chiusa-al-mattino-per-gare-in-questo-fine-settimana-tariffe-ridotte-per-skipass\/\" \/>\n<meta property=\"og:locale\" content=\"fr_FR\" \/>\n<meta property=\"og:type\" content=\"article\" \/>\n<meta property=\"og:title\" content=\"Nevegal: Coca bassa chiusa al mattino per gare in questo fine settimana. Tariffe ridotte per skipass  - Bellunopress - Dolomiti\" \/>\n<meta property=\"og:description\" content=\"Sono confermate per questo fine settimana le gare F.I.S. e il Trofeo Pinocchio presso la Ski Area del Neveg\u00e0l, che avranno luogo con il seguente programma: &#8211; VENERD\u00cc 3 FEBBRAIO: Gara F.I.S. Slalom Speciale &#8211; SABATO 4 FEBBRAIO: Gara F.I.S. Slalom Speciale &#8211; SABATO 11 FEBBRAIO: Trofeo Pinocchio categoria Baby\/Cuccioli &#8211; DOMENICA 12 FEBBRAIO: Trofeo [&hellip;]\" \/>\n<meta property=\"og:url\" content=\"https:\/\/www.bellunopress.it\/fr\/2012\/02\/02\/nevegal-coca-bassa-chiusa-al-mattino-per-gare-in-questo-fine-settimana-tariffe-ridotte-per-skipass\/\" \/>\n<meta property=\"og:site_name\" content=\"Bellunopress - Dolomiti\" \/>\n<meta property=\"article:publisher\" content=\"https:\/\/www.facebook.com\/profile.php?id=100008943462799\" \/>\n<meta property=\"article:published_time\" content=\"2012-02-02T10:12:44+00:00\" \/>\n<meta property=\"og:image\" content=\"http:\/\/www.bellunopress.it\/wp-content\/uploads\/2012\/07\/logo-bellunopress-250x250-2012.jpg\" \/>\n<meta name=\"author\" content=\"redazione\" \/>\n<meta name=\"twitter:card\" content=\"summary_large_image\" \/>\n<meta name=\"twitter:creator\" content=\"@bellunopress\" \/>\n<meta name=\"twitter:site\" content=\"@bellunopress\" \/>\n<meta name=\"twitter:label1\" content=\"\u00c9crit par\" \/>\n\t<meta name=\"twitter:data1\" content=\"redazione\" \/>\n\t<meta name=\"twitter:label2\" content=\"Dur\u00e9e de lecture estim\u00e9e\" \/>\n\t<meta name=\"twitter:data2\" content=\"1 minute\" \/>\n<script type=\"application\/ld+json\" class=\"yoast-schema-graph\">{\"@context\":\"https:\\\/\\\/schema.org\",\"@graph\":[{\"@type\":\"Article\",\"@id\":\"https:\\\/\\\/www.bellunopress.it\\\/2012\\\/02\\\/02\\\/nevegal-coca-bassa-chiusa-al-mattino-per-gare-in-questo-fine-settimana-tariffe-ridotte-per-skipass\\\/#article\",\"isPartOf\":{\"@id\":\"https:\\\/\\\/www.bellunopress.it\\\/2012\\\/02\\\/02\\\/nevegal-coca-bassa-chiusa-al-mattino-per-gare-in-questo-fine-settimana-tariffe-ridotte-per-skipass\\\/\"},\"author\":{\"name\":\"redazione\",\"@id\":\"https:\\\/\\\/www.bellunopress.it\\\/#\\\/schema\\\/person\\\/79bb06722b37ece1c03d3e94beb30d73\"},\"headline\":\"Nevegal: Coca bassa chiusa al mattino per gare in questo fine settimana. Tariffe ridotte per skipass\",\"datePublished\":\"2012-02-02T10:12:44+00:00\",\"mainEntityOfPage\":{\"@id\":\"https:\\\/\\\/www.bellunopress.it\\\/2012\\\/02\\\/02\\\/nevegal-coca-bassa-chiusa-al-mattino-per-gare-in-questo-fine-settimana-tariffe-ridotte-per-skipass\\\/\"},\"wordCount\":220,\"publisher\":{\"@id\":\"https:\\\/\\\/www.bellunopress.it\\\/#organization\"},\"articleSection\":[\"Prima Pagina\",\"Sport, tempo libero\"],\"inLanguage\":\"fr-FR\"},{\"@type\":\"WebPage\",\"@id\":\"https:\\\/\\\/www.bellunopress.it\\\/2012\\\/02\\\/02\\\/nevegal-coca-bassa-chiusa-al-mattino-per-gare-in-questo-fine-settimana-tariffe-ridotte-per-skipass\\\/\",\"url\":\"https:\\\/\\\/www.bellunopress.it\\\/2012\\\/02\\\/02\\\/nevegal-coca-bassa-chiusa-al-mattino-per-gare-in-questo-fine-settimana-tariffe-ridotte-per-skipass\\\/\",\"name\":\"Nevegal: Coca bassa chiusa al mattino per gare in questo fine settimana. Tariffe ridotte per skipass - Bellunopress - Dolomiti\",\"isPartOf\":{\"@id\":\"https:\\\/\\\/www.bellunopress.it\\\/#website\"},\"datePublished\":\"2012-02-02T10:12:44+00:00\",\"breadcrumb\":{\"@id\":\"https:\\\/\\\/www.bellunopress.it\\\/2012\\\/02\\\/02\\\/nevegal-coca-bassa-chiusa-al-mattino-per-gare-in-questo-fine-settimana-tariffe-ridotte-per-skipass\\\/#breadcrumb\"},\"inLanguage\":\"fr-FR\",\"potentialAction\":[{\"@type\":\"ReadAction\",\"target\":[\"https:\\\/\\\/www.bellunopress.it\\\/2012\\\/02\\\/02\\\/nevegal-coca-bassa-chiusa-al-mattino-per-gare-in-questo-fine-settimana-tariffe-ridotte-per-skipass\\\/\"]}]},{\"@type\":\"BreadcrumbList\",\"@id\":\"https:\\\/\\\/www.bellunopress.it\\\/2012\\\/02\\\/02\\\/nevegal-coca-bassa-chiusa-al-mattino-per-gare-in-questo-fine-settimana-tariffe-ridotte-per-skipass\\\/#breadcrumb\",\"itemListElement\":[{\"@type\":\"ListItem\",\"position\":1,\"name\":\"Home\",\"item\":\"https:\\\/\\\/www.bellunopress.it\\\/\"},{\"@type\":\"ListItem\",\"position\":2,\"name\":\"Nevegal: Coca bassa chiusa al mattino per gare in questo fine settimana. Tariffe ridotte per skipass\"}]},{\"@type\":\"WebSite\",\"@id\":\"https:\\\/\\\/www.bellunopress.it\\\/#website\",\"url\":\"https:\\\/\\\/www.bellunopress.it\\\/\",\"name\":\"Bellunopress - Dolomiti\",\"description\":\"e-mail: redazione@bellunopress.it\",\"publisher\":{\"@id\":\"https:\\\/\\\/www.bellunopress.it\\\/#organization\"},\"potentialAction\":[{\"@type\":\"SearchAction\",\"target\":{\"@type\":\"EntryPoint\",\"urlTemplate\":\"https:\\\/\\\/www.bellunopress.it\\\/?s={search_term_string}\"},\"query-input\":{\"@type\":\"PropertyValueSpecification\",\"valueRequired\":true,\"valueName\":\"search_term_string\"}}],\"inLanguage\":\"fr-FR\"},{\"@type\":\"Organization\",\"@id\":\"https:\\\/\\\/www.bellunopress.it\\\/#organization\",\"name\":\"Bellunopress\",\"url\":\"https:\\\/\\\/www.bellunopress.it\\\/\",\"logo\":{\"@type\":\"ImageObject\",\"inLanguage\":\"fr-FR\",\"@id\":\"https:\\\/\\\/www.bellunopress.it\\\/#\\\/schema\\\/logo\\\/image\\\/\",\"url\":\"https:\\\/\\\/www.bellunopress.it\\\/wp-content\\\/uploads\\\/2011\\\/05\\\/cropped-logo-bellunopress-.jpg\",\"contentUrl\":\"https:\\\/\\\/www.bellunopress.it\\\/wp-content\\\/uploads\\\/2011\\\/05\\\/cropped-logo-bellunopress-.jpg\",\"width\":512,\"height\":512,\"caption\":\"Bellunopress\"},\"image\":{\"@id\":\"https:\\\/\\\/www.bellunopress.it\\\/#\\\/schema\\\/logo\\\/image\\\/\"},\"sameAs\":[\"https:\\\/\\\/www.facebook.com\\\/profile.php?id=100008943462799\",\"https:\\\/\\\/x.com\\\/bellunopress\",\"https:\\\/\\\/www.linkedin.com\\\/hp\\\/?dnr=JBzUWaJfMUw8vbXJJ2tVW5-I3jZKvC4wsoxE&amp;amp;amp;amp;amp;amp;trk=nav_responsive_tab_home\",\"https:\\\/\\\/www.youtube.com\\\/channel\\\/UCxL0wu1uN0_3_7hGG0306cw\"]},{\"@type\":\"Person\",\"@id\":\"https:\\\/\\\/www.bellunopress.it\\\/#\\\/schema\\\/person\\\/79bb06722b37ece1c03d3e94beb30d73\",\"name\":\"redazione\",\"image\":{\"@type\":\"ImageObject\",\"inLanguage\":\"fr-FR\",\"@id\":\"https:\\\/\\\/secure.gravatar.com\\\/avatar\\\/37d968a2e67a6fd04c169c4bdef102d0bc5d31b2546345219e348575eb80e9a0?s=96&d=mm&r=g\",\"url\":\"https:\\\/\\\/secure.gravatar.com\\\/avatar\\\/37d968a2e67a6fd04c169c4bdef102d0bc5d31b2546345219e348575eb80e9a0?s=96&d=mm&r=g\",\"contentUrl\":\"https:\\\/\\\/secure.gravatar.com\\\/avatar\\\/37d968a2e67a6fd04c169c4bdef102d0bc5d31b2546345219e348575eb80e9a0?s=96&d=mm&r=g\",\"caption\":\"redazione\"},\"sameAs\":[\"http:\\\/\\\/www.bellunopress.it\",\"https:\\\/\\\/x.com\\\/bellunopress\"],\"url\":\"https:\\\/\\\/www.bellunopress.it\\\/fr\\\/author\\\/redazione\\\/\"}]}<\/script>\n<!-- \/ Yoast SEO plugin. -->","yoast_head_json":{"title":"Nevegal: Coca bassa chiusa al mattino per gare in questo fine settimana. Tariffe ridotte per skipass  - Bellunopress - Dolomiti","robots":{"index":"index","follow":"follow","max-snippet":"max-snippet:-1","max-image-preview":"max-image-preview:large","max-video-preview":"max-video-preview:-1"},"canonical":"https:\/\/www.bellunopress.it\/fr\/2012\/02\/02\/nevegal-coca-bassa-chiusa-al-mattino-per-gare-in-questo-fine-settimana-tariffe-ridotte-per-skipass\/","og_locale":"fr_FR","og_type":"article","og_title":"Nevegal: Coca bassa chiusa al mattino per gare in questo fine settimana. Tariffe ridotte per skipass  - Bellunopress - Dolomiti","og_description":"Sono confermate per questo fine settimana le gare F.I.S. e il Trofeo Pinocchio presso la Ski Area del Neveg\u00e0l, che avranno luogo con il seguente programma: &#8211; VENERD\u00cc 3 FEBBRAIO: Gara F.I.S. Slalom Speciale &#8211; SABATO 4 FEBBRAIO: Gara F.I.S. Slalom Speciale &#8211; SABATO 11 FEBBRAIO: Trofeo Pinocchio categoria Baby\/Cuccioli &#8211; DOMENICA 12 FEBBRAIO: Trofeo [&hellip;]","og_url":"https:\/\/www.bellunopress.it\/fr\/2012\/02\/02\/nevegal-coca-bassa-chiusa-al-mattino-per-gare-in-questo-fine-settimana-tariffe-ridotte-per-skipass\/","og_site_name":"Bellunopress - Dolomiti","article_publisher":"https:\/\/www.facebook.com\/profile.php?id=100008943462799","article_published_time":"2012-02-02T10:12:44+00:00","og_image":[{"url":"http:\/\/www.bellunopress.it\/wp-content\/uploads\/2012\/07\/logo-bellunopress-250x250-2012.jpg","type":"","width":"","height":""}],"author":"redazione","twitter_card":"summary_large_image","twitter_creator":"@bellunopress","twitter_site":"@bellunopress","twitter_misc":{"\u00c9crit par":"redazione","Dur\u00e9e de lecture estim\u00e9e":"1 minute"},"schema":{"@context":"https:\/\/schema.org","@graph":[{"@type":"Article","@id":"https:\/\/www.bellunopress.it\/2012\/02\/02\/nevegal-coca-bassa-chiusa-al-mattino-per-gare-in-questo-fine-settimana-tariffe-ridotte-per-skipass\/#article","isPartOf":{"@id":"https:\/\/www.bellunopress.it\/2012\/02\/02\/nevegal-coca-bassa-chiusa-al-mattino-per-gare-in-questo-fine-settimana-tariffe-ridotte-per-skipass\/"},"author":{"name":"redazione","@id":"https:\/\/www.bellunopress.it\/#\/schema\/person\/79bb06722b37ece1c03d3e94beb30d73"},"headline":"Nevegal: Coca bassa chiusa al mattino per gare in questo fine settimana. Tariffe ridotte per skipass","datePublished":"2012-02-02T10:12:44+00:00","mainEntityOfPage":{"@id":"https:\/\/www.bellunopress.it\/2012\/02\/02\/nevegal-coca-bassa-chiusa-al-mattino-per-gare-in-questo-fine-settimana-tariffe-ridotte-per-skipass\/"},"wordCount":220,"publisher":{"@id":"https:\/\/www.bellunopress.it\/#organization"},"articleSection":["Prima Pagina","Sport, tempo libero"],"inLanguage":"fr-FR"},{"@type":"WebPage","@id":"https:\/\/www.bellunopress.it\/2012\/02\/02\/nevegal-coca-bassa-chiusa-al-mattino-per-gare-in-questo-fine-settimana-tariffe-ridotte-per-skipass\/","url":"https:\/\/www.bellunopress.it\/2012\/02\/02\/nevegal-coca-bassa-chiusa-al-mattino-per-gare-in-questo-fine-settimana-tariffe-ridotte-per-skipass\/","name":"Nevegal: Coca bassa chiusa al mattino per gare in questo fine settimana. Tariffe ridotte per skipass - Bellunopress - Dolomiti","isPartOf":{"@id":"https:\/\/www.bellunopress.it\/#website"},"datePublished":"2012-02-02T10:12:44+00:00","breadcrumb":{"@id":"https:\/\/www.bellunopress.it\/2012\/02\/02\/nevegal-coca-bassa-chiusa-al-mattino-per-gare-in-questo-fine-settimana-tariffe-ridotte-per-skipass\/#breadcrumb"},"inLanguage":"fr-FR","potentialAction":[{"@type":"ReadAction","target":["https:\/\/www.bellunopress.it\/2012\/02\/02\/nevegal-coca-bassa-chiusa-al-mattino-per-gare-in-questo-fine-settimana-tariffe-ridotte-per-skipass\/"]}]},{"@type":"BreadcrumbList","@id":"https:\/\/www.bellunopress.it\/2012\/02\/02\/nevegal-coca-bassa-chiusa-al-mattino-per-gare-in-questo-fine-settimana-tariffe-ridotte-per-skipass\/#breadcrumb","itemListElement":[{"@type":"ListItem","position":1,"name":"Home","item":"https:\/\/www.bellunopress.it\/"},{"@type":"ListItem","position":2,"name":"Nevegal: Coca bassa chiusa al mattino per gare in questo fine settimana. Tariffe ridotte per skipass"}]},{"@type":"WebSite","@id":"https:\/\/www.bellunopress.it\/#website","url":"https:\/\/www.bellunopress.it\/","name":"Bellunopress - Dolomiti","description":"e-mail: redazione@bellunopress.it","publisher":{"@id":"https:\/\/www.bellunopress.it\/#organization"},"potentialAction":[{"@type":"SearchAction","target":{"@type":"EntryPoint","urlTemplate":"https:\/\/www.bellunopress.it\/?s={search_term_string}"},"query-input":{"@type":"PropertyValueSpecification","valueRequired":true,"valueName":"search_term_string"}}],"inLanguage":"fr-FR"},{"@type":"Organization","@id":"https:\/\/www.bellunopress.it\/#organization","name":"Bellunopress","url":"https:\/\/www.bellunopress.it\/","logo":{"@type":"ImageObject","inLanguage":"fr-FR","@id":"https:\/\/www.bellunopress.it\/#\/schema\/logo\/image\/","url":"https:\/\/www.bellunopress.it\/wp-content\/uploads\/2011\/05\/cropped-logo-bellunopress-.jpg","contentUrl":"https:\/\/www.bellunopress.it\/wp-content\/uploads\/2011\/05\/cropped-logo-bellunopress-.jpg","width":512,"height":512,"caption":"Bellunopress"},"image":{"@id":"https:\/\/www.bellunopress.it\/#\/schema\/logo\/image\/"},"sameAs":["https:\/\/www.facebook.com\/profile.php?id=100008943462799","https:\/\/x.com\/bellunopress","https:\/\/www.linkedin.com\/hp\/?dnr=JBzUWaJfMUw8vbXJJ2tVW5-I3jZKvC4wsoxE&amp;amp;amp;amp;amp;amp;trk=nav_responsive_tab_home","https:\/\/www.youtube.com\/channel\/UCxL0wu1uN0_3_7hGG0306cw"]},{"@type":"Person","@id":"https:\/\/www.bellunopress.it\/#\/schema\/person\/79bb06722b37ece1c03d3e94beb30d73","name":"r\u00e9daction","image":{"@type":"ImageObject","inLanguage":"fr-FR","@id":"https:\/\/secure.gravatar.com\/avatar\/37d968a2e67a6fd04c169c4bdef102d0bc5d31b2546345219e348575eb80e9a0?s=96&d=mm&r=g","url":"https:\/\/secure.gravatar.com\/avatar\/37d968a2e67a6fd04c169c4bdef102d0bc5d31b2546345219e348575eb80e9a0?s=96&d=mm&r=g","contentUrl":"https:\/\/secure.gravatar.com\/avatar\/37d968a2e67a6fd04c169c4bdef102d0bc5d31b2546345219e348575eb80e9a0?s=96&d=mm&r=g","caption":"redazione"},"sameAs":["http:\/\/www.bellunopress.it","https:\/\/x.com\/bellunopress"],"url":"https:\/\/www.bellunopress.it\/fr\/author\/redazione\/"}]}},"_links":{"self":[{"href":"https:\/\/www.bellunopress.it\/fr\/wp-json\/wp\/v2\/posts\/34702","targetHints":{"allow":["GET"]}}],"collection":[{"href":"https:\/\/www.bellunopress.it\/fr\/wp-json\/wp\/v2\/posts"}],"about":[{"href":"https:\/\/www.bellunopress.it\/fr\/wp-json\/wp\/v2\/types\/post"}],"author":[{"embeddable":true,"href":"https:\/\/www.bellunopress.it\/fr\/wp-json\/wp\/v2\/users\/2"}],"replies":[{"embeddable":true,"href":"https:\/\/www.bellunopress.it\/fr\/wp-json\/wp\/v2\/comments?post=34702"}],"version-history":[{"count":1,"href":"https:\/\/www.bellunopress.it\/fr\/wp-json\/wp\/v2\/posts\/34702\/revisions"}],"predecessor-version":[{"id":34703,"href":"https:\/\/www.bellunopress.it\/fr\/wp-json\/wp\/v2\/posts\/34702\/revisions\/34703"}],"wp:attachment":[{"href":"https:\/\/www.bellunopress.it\/fr\/wp-json\/wp\/v2\/media?parent=34702"}],"wp:term":[{"taxonomy":"category","embeddable":true,"href":"https:\/\/www.bellunopress.it\/fr\/wp-json\/wp\/v2\/categories?post=34702"},{"taxonomy":"post_tag","embeddable":true,"href":"https:\/\/www.bellunopress.it\/fr\/wp-json\/wp\/v2\/tags?post=34702"}],"curies":[{"name":"wp","href":"https:\/\/api.w.org\/{rel}","templated":true}]}}