{"id":34682,"date":"2012-02-01T20:47:12","date_gmt":"2012-02-01T19:47:12","guid":{"rendered":"http:\/\/www.bellunopress.it\/?p=34682"},"modified":"2012-02-01T20:47:12","modified_gmt":"2012-02-01T19:47:12","slug":"venerdi-in-sala-bianchi-lo-sterminio-nazista-degli-zingari","status":"publish","type":"post","link":"https:\/\/www.bellunopress.it\/fr\/2012\/02\/01\/venerdi-in-sala-bianchi-lo-sterminio-nazista-degli-zingari\/","title":{"rendered":"Venerd\u00ec in Sala Bianchi, lo sterminio nazista degli zingari"},"content":{"rendered":"<p><a href=\"http:\/\/www.bellunopress.it\/wp-content\/uploads\/2011\/11\/sala-bianchi.jpg\"><img loading=\"lazy\" decoding=\"async\" class=\"alignleft size-full wp-image-32556\" title=\"sala bianchi\" src=\"http:\/\/www.bellunopress.it\/wp-content\/uploads\/2011\/11\/sala-bianchi.jpg\" alt=\"\" width=\"150\" height=\"113\" \/><\/a>Venerd\u00ec 3 febbraio alle ore 21.00 presso la Sala Eliseo Dal Pont \u201cBianchi\u201d di Belluno, si svolger\u00e0 l\u2019iniziativa culturale &#8220;A forza di essere vento. Lo sterminio nazista degli zingari&#8221;. La manifestazione promossa dalla Biblioteca civica propone la proiezioni di alcuni interessanti video, che intendono mettere in luce un aspetto poco conosciuto dei crimini compiuti nei lager nazisti, quelli verso le minoranze degli zingari, rom e sinti. Il massacro di questi individui, detto \u201cPorrjamos\u201d nella loro lingua e compiuto con modalit\u00e0 analoghe alla \u201cShoah\u201d per gli ebrei, ha scientificamente eliminato pi\u00f9 di 500.000 persone. Dopo un\u2019introduzione curata da Giovanni Grazioli e Silvia Zanna, sar\u00e0 quindi possibile vedere il\u00a0documentario &#8220;Porrjamos&#8221; dell&#8217;Opera Nomadi sulle persecuzioni, &#8220;Zigeunerlager&#8221; un\u2019intervista a Marcello Pezzetti del Centro di Documentazione Ebraica Contemporanea e\u00a0&#8220;Hugo&#8221; la testimonianza del\u00a0sinto tedesco Hugo Hollenreimer internato nel lager di Auschwitz-Birkenau. L\u2019iniziativa si svolge sempre in occasione del Giorno della\u00a0Memoria del 2012. Tutti sono invitati a partecipare, per non dimenticare.<\/p>\n<p>Per informazioni ulteriori\u00a0 tel. 0437948093 o <a href=\"mailto:biblioteca@comune.belluno.it\">biblioteca@comune.belluno.it<\/a> o si consulti il sito:\u00a0<a href=\"http:\/\/biblioteca.comune.belluno.it\/\">http:\/\/biblioteca.comune.belluno.it\/<\/a><\/p>","protected":false},"excerpt":{"rendered":"<p>Venerd\u00ec 3 febbraio alle ore 21.00 presso la Sala Eliseo Dal Pont \u201cBianchi\u201d di Belluno, si svolger\u00e0 l\u2019iniziativa culturale &#8220;A forza di essere vento. Lo sterminio nazista degli zingari&#8221;. La manifestazione promossa dalla Biblioteca civica propone la proiezioni di alcuni interessanti video, che intendono mettere in luce un aspetto poco conosciuto dei crimini compiuti nei [&hellip;]<\/p>\n","protected":false},"author":2,"featured_media":0,"comment_status":"closed","ping_status":"open","sticky":false,"template":"","format":"standard","meta":{"footnotes":""},"categories":[3,26],"tags":[],"class_list":["post-34682","post","type-post","status-publish","format-standard","category-arte-cultura-spettacoli-scienza-archivi","category-prima-pagina"],"yoast_head":"<!-- This site is optimized with the Yoast SEO plugin v28.4 - https:\/\/yoast.com\/product\/yoast-seo-wordpress\/ -->\n<title>Venerd\u00ec in Sala Bianchi, lo sterminio nazista degli zingari - Bellunopress - Dolomiti<\/title>\n<meta name=\"robots\" content=\"index, follow, max-snippet:-1, max-image-preview:large, max-video-preview:-1\" \/>\n<link rel=\"canonical\" href=\"https:\/\/www.bellunopress.it\/fr\/2012\/02\/01\/venerdi-in-sala-bianchi-lo-sterminio-nazista-degli-zingari\/\" \/>\n<meta property=\"og:locale\" content=\"fr_FR\" \/>\n<meta property=\"og:type\" content=\"article\" \/>\n<meta property=\"og:title\" content=\"Venerd\u00ec in Sala Bianchi, lo sterminio nazista degli zingari - Bellunopress - Dolomiti\" \/>\n<meta property=\"og:description\" content=\"Venerd\u00ec 3 febbraio alle ore 21.00 presso la Sala Eliseo Dal Pont \u201cBianchi\u201d di Belluno, si svolger\u00e0 l\u2019iniziativa culturale &#8220;A forza di essere vento. Lo sterminio nazista degli zingari&#8221;. La manifestazione promossa dalla Biblioteca civica propone la proiezioni di alcuni interessanti video, che intendono mettere in luce un aspetto poco conosciuto dei crimini compiuti nei [&hellip;]\" \/>\n<meta property=\"og:url\" content=\"https:\/\/www.bellunopress.it\/fr\/2012\/02\/01\/venerdi-in-sala-bianchi-lo-sterminio-nazista-degli-zingari\/\" \/>\n<meta property=\"og:site_name\" content=\"Bellunopress - Dolomiti\" \/>\n<meta property=\"article:publisher\" content=\"https:\/\/www.facebook.com\/profile.php?id=100008943462799\" \/>\n<meta property=\"article:published_time\" content=\"2012-02-01T19:47:12+00:00\" \/>\n<meta property=\"og:image\" content=\"http:\/\/www.bellunopress.it\/wp-content\/uploads\/2011\/11\/sala-bianchi.jpg\" \/>\n<meta name=\"author\" content=\"redazione\" \/>\n<meta name=\"twitter:card\" content=\"summary_large_image\" \/>\n<meta name=\"twitter:creator\" content=\"@bellunopress\" \/>\n<meta name=\"twitter:site\" content=\"@bellunopress\" \/>\n<meta name=\"twitter:label1\" content=\"\u00c9crit par\" \/>\n\t<meta name=\"twitter:data1\" content=\"redazione\" \/>\n\t<meta name=\"twitter:label2\" content=\"Dur\u00e9e de lecture estim\u00e9e\" \/>\n\t<meta name=\"twitter:data2\" content=\"1 minute\" \/>\n<script type=\"application\/ld+json\" class=\"yoast-schema-graph\">{\"@context\":\"https:\\\/\\\/schema.org\",\"@graph\":[{\"@type\":\"Article\",\"@id\":\"https:\\\/\\\/www.bellunopress.it\\\/2012\\\/02\\\/01\\\/venerdi-in-sala-bianchi-lo-sterminio-nazista-degli-zingari\\\/#article\",\"isPartOf\":{\"@id\":\"https:\\\/\\\/www.bellunopress.it\\\/2012\\\/02\\\/01\\\/venerdi-in-sala-bianchi-lo-sterminio-nazista-degli-zingari\\\/\"},\"author\":{\"name\":\"redazione\",\"@id\":\"https:\\\/\\\/www.bellunopress.it\\\/#\\\/schema\\\/person\\\/79bb06722b37ece1c03d3e94beb30d73\"},\"headline\":\"Venerd\u00ec in Sala Bianchi, lo sterminio nazista degli zingari\",\"datePublished\":\"2012-02-01T19:47:12+00:00\",\"mainEntityOfPage\":{\"@id\":\"https:\\\/\\\/www.bellunopress.it\\\/2012\\\/02\\\/01\\\/venerdi-in-sala-bianchi-lo-sterminio-nazista-degli-zingari\\\/\"},\"wordCount\":187,\"publisher\":{\"@id\":\"https:\\\/\\\/www.bellunopress.it\\\/#organization\"},\"image\":{\"@id\":\"https:\\\/\\\/www.bellunopress.it\\\/2012\\\/02\\\/01\\\/venerdi-in-sala-bianchi-lo-sterminio-nazista-degli-zingari\\\/#primaryimage\"},\"thumbnailUrl\":\"http:\\\/\\\/www.bellunopress.it\\\/wp-content\\\/uploads\\\/2011\\\/11\\\/sala-bianchi.jpg\",\"articleSection\":[\"Arte, Cultura, Spettacoli, Scienza\",\"Prima Pagina\"],\"inLanguage\":\"fr-FR\"},{\"@type\":\"WebPage\",\"@id\":\"https:\\\/\\\/www.bellunopress.it\\\/2012\\\/02\\\/01\\\/venerdi-in-sala-bianchi-lo-sterminio-nazista-degli-zingari\\\/\",\"url\":\"https:\\\/\\\/www.bellunopress.it\\\/2012\\\/02\\\/01\\\/venerdi-in-sala-bianchi-lo-sterminio-nazista-degli-zingari\\\/\",\"name\":\"Venerd\u00ec in Sala Bianchi, lo sterminio nazista degli zingari - Bellunopress - Dolomiti\",\"isPartOf\":{\"@id\":\"https:\\\/\\\/www.bellunopress.it\\\/#website\"},\"primaryImageOfPage\":{\"@id\":\"https:\\\/\\\/www.bellunopress.it\\\/2012\\\/02\\\/01\\\/venerdi-in-sala-bianchi-lo-sterminio-nazista-degli-zingari\\\/#primaryimage\"},\"image\":{\"@id\":\"https:\\\/\\\/www.bellunopress.it\\\/2012\\\/02\\\/01\\\/venerdi-in-sala-bianchi-lo-sterminio-nazista-degli-zingari\\\/#primaryimage\"},\"thumbnailUrl\":\"http:\\\/\\\/www.bellunopress.it\\\/wp-content\\\/uploads\\\/2011\\\/11\\\/sala-bianchi.jpg\",\"datePublished\":\"2012-02-01T19:47:12+00:00\",\"breadcrumb\":{\"@id\":\"https:\\\/\\\/www.bellunopress.it\\\/2012\\\/02\\\/01\\\/venerdi-in-sala-bianchi-lo-sterminio-nazista-degli-zingari\\\/#breadcrumb\"},\"inLanguage\":\"fr-FR\",\"potentialAction\":[{\"@type\":\"ReadAction\",\"target\":[\"https:\\\/\\\/www.bellunopress.it\\\/2012\\\/02\\\/01\\\/venerdi-in-sala-bianchi-lo-sterminio-nazista-degli-zingari\\\/\"]}]},{\"@type\":\"ImageObject\",\"inLanguage\":\"fr-FR\",\"@id\":\"https:\\\/\\\/www.bellunopress.it\\\/2012\\\/02\\\/01\\\/venerdi-in-sala-bianchi-lo-sterminio-nazista-degli-zingari\\\/#primaryimage\",\"url\":\"http:\\\/\\\/www.bellunopress.it\\\/wp-content\\\/uploads\\\/2011\\\/11\\\/sala-bianchi.jpg\",\"contentUrl\":\"http:\\\/\\\/www.bellunopress.it\\\/wp-content\\\/uploads\\\/2011\\\/11\\\/sala-bianchi.jpg\"},{\"@type\":\"BreadcrumbList\",\"@id\":\"https:\\\/\\\/www.bellunopress.it\\\/2012\\\/02\\\/01\\\/venerdi-in-sala-bianchi-lo-sterminio-nazista-degli-zingari\\\/#breadcrumb\",\"itemListElement\":[{\"@type\":\"ListItem\",\"position\":1,\"name\":\"Home\",\"item\":\"https:\\\/\\\/www.bellunopress.it\\\/\"},{\"@type\":\"ListItem\",\"position\":2,\"name\":\"Venerd\u00ec in Sala Bianchi, lo sterminio nazista degli zingari\"}]},{\"@type\":\"WebSite\",\"@id\":\"https:\\\/\\\/www.bellunopress.it\\\/#website\",\"url\":\"https:\\\/\\\/www.bellunopress.it\\\/\",\"name\":\"Bellunopress - Dolomiti\",\"description\":\"e-mail: redazione@bellunopress.it\",\"publisher\":{\"@id\":\"https:\\\/\\\/www.bellunopress.it\\\/#organization\"},\"potentialAction\":[{\"@type\":\"SearchAction\",\"target\":{\"@type\":\"EntryPoint\",\"urlTemplate\":\"https:\\\/\\\/www.bellunopress.it\\\/?s={search_term_string}\"},\"query-input\":{\"@type\":\"PropertyValueSpecification\",\"valueRequired\":true,\"valueName\":\"search_term_string\"}}],\"inLanguage\":\"fr-FR\"},{\"@type\":\"Organization\",\"@id\":\"https:\\\/\\\/www.bellunopress.it\\\/#organization\",\"name\":\"Bellunopress\",\"url\":\"https:\\\/\\\/www.bellunopress.it\\\/\",\"logo\":{\"@type\":\"ImageObject\",\"inLanguage\":\"fr-FR\",\"@id\":\"https:\\\/\\\/www.bellunopress.it\\\/#\\\/schema\\\/logo\\\/image\\\/\",\"url\":\"https:\\\/\\\/www.bellunopress.it\\\/wp-content\\\/uploads\\\/2011\\\/05\\\/cropped-logo-bellunopress-.jpg\",\"contentUrl\":\"https:\\\/\\\/www.bellunopress.it\\\/wp-content\\\/uploads\\\/2011\\\/05\\\/cropped-logo-bellunopress-.jpg\",\"width\":512,\"height\":512,\"caption\":\"Bellunopress\"},\"image\":{\"@id\":\"https:\\\/\\\/www.bellunopress.it\\\/#\\\/schema\\\/logo\\\/image\\\/\"},\"sameAs\":[\"https:\\\/\\\/www.facebook.com\\\/profile.php?id=100008943462799\",\"https:\\\/\\\/x.com\\\/bellunopress\",\"https:\\\/\\\/www.linkedin.com\\\/hp\\\/?dnr=JBzUWaJfMUw8vbXJJ2tVW5-I3jZKvC4wsoxE&amp;amp;amp;amp;amp;amp;trk=nav_responsive_tab_home\",\"https:\\\/\\\/www.youtube.com\\\/channel\\\/UCxL0wu1uN0_3_7hGG0306cw\"]},{\"@type\":\"Person\",\"@id\":\"https:\\\/\\\/www.bellunopress.it\\\/#\\\/schema\\\/person\\\/79bb06722b37ece1c03d3e94beb30d73\",\"name\":\"redazione\",\"image\":{\"@type\":\"ImageObject\",\"inLanguage\":\"fr-FR\",\"@id\":\"https:\\\/\\\/secure.gravatar.com\\\/avatar\\\/37d968a2e67a6fd04c169c4bdef102d0bc5d31b2546345219e348575eb80e9a0?s=96&d=mm&r=g\",\"url\":\"https:\\\/\\\/secure.gravatar.com\\\/avatar\\\/37d968a2e67a6fd04c169c4bdef102d0bc5d31b2546345219e348575eb80e9a0?s=96&d=mm&r=g\",\"contentUrl\":\"https:\\\/\\\/secure.gravatar.com\\\/avatar\\\/37d968a2e67a6fd04c169c4bdef102d0bc5d31b2546345219e348575eb80e9a0?s=96&d=mm&r=g\",\"caption\":\"redazione\"},\"sameAs\":[\"http:\\\/\\\/www.bellunopress.it\",\"https:\\\/\\\/x.com\\\/bellunopress\"],\"url\":\"https:\\\/\\\/www.bellunopress.it\\\/fr\\\/author\\\/redazione\\\/\"}]}<\/script>\n<!-- \/ Yoast SEO plugin. -->","yoast_head_json":{"title":"Venerd\u00ec in Sala Bianchi, lo sterminio nazista degli zingari - Bellunopress - Dolomiti","robots":{"index":"index","follow":"follow","max-snippet":"max-snippet:-1","max-image-preview":"max-image-preview:large","max-video-preview":"max-video-preview:-1"},"canonical":"https:\/\/www.bellunopress.it\/fr\/2012\/02\/01\/venerdi-in-sala-bianchi-lo-sterminio-nazista-degli-zingari\/","og_locale":"fr_FR","og_type":"article","og_title":"Venerd\u00ec in Sala Bianchi, lo sterminio nazista degli zingari - Bellunopress - Dolomiti","og_description":"Venerd\u00ec 3 febbraio alle ore 21.00 presso la Sala Eliseo Dal Pont \u201cBianchi\u201d di Belluno, si svolger\u00e0 l\u2019iniziativa culturale &#8220;A forza di essere vento. Lo sterminio nazista degli zingari&#8221;. La manifestazione promossa dalla Biblioteca civica propone la proiezioni di alcuni interessanti video, che intendono mettere in luce un aspetto poco conosciuto dei crimini compiuti nei [&hellip;]","og_url":"https:\/\/www.bellunopress.it\/fr\/2012\/02\/01\/venerdi-in-sala-bianchi-lo-sterminio-nazista-degli-zingari\/","og_site_name":"Bellunopress - Dolomiti","article_publisher":"https:\/\/www.facebook.com\/profile.php?id=100008943462799","article_published_time":"2012-02-01T19:47:12+00:00","og_image":[{"url":"http:\/\/www.bellunopress.it\/wp-content\/uploads\/2011\/11\/sala-bianchi.jpg","type":"","width":"","height":""}],"author":"redazione","twitter_card":"summary_large_image","twitter_creator":"@bellunopress","twitter_site":"@bellunopress","twitter_misc":{"\u00c9crit par":"redazione","Dur\u00e9e de lecture estim\u00e9e":"1 minute"},"schema":{"@context":"https:\/\/schema.org","@graph":[{"@type":"Article","@id":"https:\/\/www.bellunopress.it\/2012\/02\/01\/venerdi-in-sala-bianchi-lo-sterminio-nazista-degli-zingari\/#article","isPartOf":{"@id":"https:\/\/www.bellunopress.it\/2012\/02\/01\/venerdi-in-sala-bianchi-lo-sterminio-nazista-degli-zingari\/"},"author":{"name":"redazione","@id":"https:\/\/www.bellunopress.it\/#\/schema\/person\/79bb06722b37ece1c03d3e94beb30d73"},"headline":"Venerd\u00ec in Sala Bianchi, lo sterminio nazista degli zingari","datePublished":"2012-02-01T19:47:12+00:00","mainEntityOfPage":{"@id":"https:\/\/www.bellunopress.it\/2012\/02\/01\/venerdi-in-sala-bianchi-lo-sterminio-nazista-degli-zingari\/"},"wordCount":187,"publisher":{"@id":"https:\/\/www.bellunopress.it\/#organization"},"image":{"@id":"https:\/\/www.bellunopress.it\/2012\/02\/01\/venerdi-in-sala-bianchi-lo-sterminio-nazista-degli-zingari\/#primaryimage"},"thumbnailUrl":"http:\/\/www.bellunopress.it\/wp-content\/uploads\/2011\/11\/sala-bianchi.jpg","articleSection":["Arte, Cultura, Spettacoli, Scienza","Prima Pagina"],"inLanguage":"fr-FR"},{"@type":"WebPage","@id":"https:\/\/www.bellunopress.it\/2012\/02\/01\/venerdi-in-sala-bianchi-lo-sterminio-nazista-degli-zingari\/","url":"https:\/\/www.bellunopress.it\/2012\/02\/01\/venerdi-in-sala-bianchi-lo-sterminio-nazista-degli-zingari\/","name":"Venerd\u00ec in Sala Bianchi, lo sterminio nazista degli zingari - Bellunopress - Dolomiti","isPartOf":{"@id":"https:\/\/www.bellunopress.it\/#website"},"primaryImageOfPage":{"@id":"https:\/\/www.bellunopress.it\/2012\/02\/01\/venerdi-in-sala-bianchi-lo-sterminio-nazista-degli-zingari\/#primaryimage"},"image":{"@id":"https:\/\/www.bellunopress.it\/2012\/02\/01\/venerdi-in-sala-bianchi-lo-sterminio-nazista-degli-zingari\/#primaryimage"},"thumbnailUrl":"http:\/\/www.bellunopress.it\/wp-content\/uploads\/2011\/11\/sala-bianchi.jpg","datePublished":"2012-02-01T19:47:12+00:00","breadcrumb":{"@id":"https:\/\/www.bellunopress.it\/2012\/02\/01\/venerdi-in-sala-bianchi-lo-sterminio-nazista-degli-zingari\/#breadcrumb"},"inLanguage":"fr-FR","potentialAction":[{"@type":"ReadAction","target":["https:\/\/www.bellunopress.it\/2012\/02\/01\/venerdi-in-sala-bianchi-lo-sterminio-nazista-degli-zingari\/"]}]},{"@type":"ImageObject","inLanguage":"fr-FR","@id":"https:\/\/www.bellunopress.it\/2012\/02\/01\/venerdi-in-sala-bianchi-lo-sterminio-nazista-degli-zingari\/#primaryimage","url":"http:\/\/www.bellunopress.it\/wp-content\/uploads\/2011\/11\/sala-bianchi.jpg","contentUrl":"http:\/\/www.bellunopress.it\/wp-content\/uploads\/2011\/11\/sala-bianchi.jpg"},{"@type":"BreadcrumbList","@id":"https:\/\/www.bellunopress.it\/2012\/02\/01\/venerdi-in-sala-bianchi-lo-sterminio-nazista-degli-zingari\/#breadcrumb","itemListElement":[{"@type":"ListItem","position":1,"name":"Home","item":"https:\/\/www.bellunopress.it\/"},{"@type":"ListItem","position":2,"name":"Venerd\u00ec in Sala Bianchi, lo sterminio nazista degli zingari"}]},{"@type":"WebSite","@id":"https:\/\/www.bellunopress.it\/#website","url":"https:\/\/www.bellunopress.it\/","name":"Bellunopress - Dolomiti","description":"e-mail: redazione@bellunopress.it","publisher":{"@id":"https:\/\/www.bellunopress.it\/#organization"},"potentialAction":[{"@type":"SearchAction","target":{"@type":"EntryPoint","urlTemplate":"https:\/\/www.bellunopress.it\/?s={search_term_string}"},"query-input":{"@type":"PropertyValueSpecification","valueRequired":true,"valueName":"search_term_string"}}],"inLanguage":"fr-FR"},{"@type":"Organization","@id":"https:\/\/www.bellunopress.it\/#organization","name":"Bellunopress","url":"https:\/\/www.bellunopress.it\/","logo":{"@type":"ImageObject","inLanguage":"fr-FR","@id":"https:\/\/www.bellunopress.it\/#\/schema\/logo\/image\/","url":"https:\/\/www.bellunopress.it\/wp-content\/uploads\/2011\/05\/cropped-logo-bellunopress-.jpg","contentUrl":"https:\/\/www.bellunopress.it\/wp-content\/uploads\/2011\/05\/cropped-logo-bellunopress-.jpg","width":512,"height":512,"caption":"Bellunopress"},"image":{"@id":"https:\/\/www.bellunopress.it\/#\/schema\/logo\/image\/"},"sameAs":["https:\/\/www.facebook.com\/profile.php?id=100008943462799","https:\/\/x.com\/bellunopress","https:\/\/www.linkedin.com\/hp\/?dnr=JBzUWaJfMUw8vbXJJ2tVW5-I3jZKvC4wsoxE&amp;amp;amp;amp;amp;amp;trk=nav_responsive_tab_home","https:\/\/www.youtube.com\/channel\/UCxL0wu1uN0_3_7hGG0306cw"]},{"@type":"Person","@id":"https:\/\/www.bellunopress.it\/#\/schema\/person\/79bb06722b37ece1c03d3e94beb30d73","name":"r\u00e9daction","image":{"@type":"ImageObject","inLanguage":"fr-FR","@id":"https:\/\/secure.gravatar.com\/avatar\/37d968a2e67a6fd04c169c4bdef102d0bc5d31b2546345219e348575eb80e9a0?s=96&d=mm&r=g","url":"https:\/\/secure.gravatar.com\/avatar\/37d968a2e67a6fd04c169c4bdef102d0bc5d31b2546345219e348575eb80e9a0?s=96&d=mm&r=g","contentUrl":"https:\/\/secure.gravatar.com\/avatar\/37d968a2e67a6fd04c169c4bdef102d0bc5d31b2546345219e348575eb80e9a0?s=96&d=mm&r=g","caption":"redazione"},"sameAs":["http:\/\/www.bellunopress.it","https:\/\/x.com\/bellunopress"],"url":"https:\/\/www.bellunopress.it\/fr\/author\/redazione\/"}]}},"_links":{"self":[{"href":"https:\/\/www.bellunopress.it\/fr\/wp-json\/wp\/v2\/posts\/34682","targetHints":{"allow":["GET"]}}],"collection":[{"href":"https:\/\/www.bellunopress.it\/fr\/wp-json\/wp\/v2\/posts"}],"about":[{"href":"https:\/\/www.bellunopress.it\/fr\/wp-json\/wp\/v2\/types\/post"}],"author":[{"embeddable":true,"href":"https:\/\/www.bellunopress.it\/fr\/wp-json\/wp\/v2\/users\/2"}],"replies":[{"embeddable":true,"href":"https:\/\/www.bellunopress.it\/fr\/wp-json\/wp\/v2\/comments?post=34682"}],"version-history":[{"count":2,"href":"https:\/\/www.bellunopress.it\/fr\/wp-json\/wp\/v2\/posts\/34682\/revisions"}],"predecessor-version":[{"id":34684,"href":"https:\/\/www.bellunopress.it\/fr\/wp-json\/wp\/v2\/posts\/34682\/revisions\/34684"}],"wp:attachment":[{"href":"https:\/\/www.bellunopress.it\/fr\/wp-json\/wp\/v2\/media?parent=34682"}],"wp:term":[{"taxonomy":"category","embeddable":true,"href":"https:\/\/www.bellunopress.it\/fr\/wp-json\/wp\/v2\/categories?post=34682"},{"taxonomy":"post_tag","embeddable":true,"href":"https:\/\/www.bellunopress.it\/fr\/wp-json\/wp\/v2\/tags?post=34682"}],"curies":[{"name":"wp","href":"https:\/\/api.w.org\/{rel}","templated":true}]}}