{"id":34669,"date":"2012-02-01T13:09:09","date_gmt":"2012-02-01T12:09:09","guid":{"rendered":"http:\/\/www.bellunopress.it\/?p=34669"},"modified":"2012-02-01T13:10:35","modified_gmt":"2012-02-01T12:10:35","slug":"iniziativa-benefica-delle-parafarmacie-bellunesi-nei-sabati-di-febbraio","status":"publish","type":"post","link":"https:\/\/www.bellunopress.it\/fr\/2012\/02\/01\/iniziativa-benefica-delle-parafarmacie-bellunesi-nei-sabati-di-febbraio\/","title":{"rendered":"Iniziativa benefica delle parafarmacie bellunesi nei sabati di febbraio"},"content":{"rendered":"<p>E&#8217; attiva anche quest&#8217;anno l&#8217;iniziativa a fini di beneficenza &#8220;Banco Parafarmaceutico 2012&#8221; (II\u00b0edizione), promossa dalla Parafarmacia Olistica di Belluno.<br \/>\n\u00a0<br \/>\n<a href=\"http:\/\/www.bellunopress.it\/wp-content\/uploads\/2012\/02\/parafarmacia-1.jpg\"><img loading=\"lazy\" decoding=\"async\" class=\"alignleft size-full wp-image-34670\" title=\"parafarmacia 1\" src=\"http:\/\/www.bellunopress.it\/wp-content\/uploads\/2012\/02\/parafarmacia-1.jpg\" alt=\"\" width=\"97\" height=\"97\" \/><\/a>Nei sabati di febbraio: 4 &#8211; 11 &#8211; 18 &#8211; 25:<br \/>\nle parafarmacie aderenti si impegnano a produrre buoni-acquisto senza data di scadenza, in base alle richieste dei propri clienti, da donare ad associazioni benefiche che agiscono nel territorio a favore degli indigenti.Il cliente decide quanto vuole donare, il farmacista crea il buono acquisto con il suo timbro e lo scontrino, e lo mette da parte. A fine mese i buoni-acquisto verranno raccolti e donati all&#8217;associazione scelta.<br \/>\nAnche quest&#8217;anno si tratta di FA &#8211; Famiglie Aperte , associazione di volontariato sociale a sostegno delle famiglie con minori, e sar\u00e0 quindi il direttivo a stabilire a quali famiglie destinare quanto ricavato. INFO: 0437 &#8211; 930510, Gabriella.<br \/>\nIl nostro banco ha almeno 3 vantaggi rispetto al banco farmaceutico:<br \/>\n1) Nessun problema di scadenza del buono<br \/>\n2) Quattro giornate per le donazioni, anzich\u00e8 una<br \/>\n3) Possibilit\u00e0 di scegliere, al momento del bisogno, ci\u00f2 che si vuole acquistare: oltre ai farmaci da banco, anche omeopatia o parafarmaco, etc.<br \/>\nInfo BANCO PARA-FARMACEUTICO: <a href=\"mailto:parafarmacia.olistica@gmail.com\">parafarmacia.olistica@gmail.com<\/a><br \/>\nPARAFARMACIE ADERENTI:<br \/>\n-Parafarmacia Olistica dott.ssa Cristina Muratore, via Cavour n.49, Belluno ( 0437 291661)<br \/>\n-Parafarmacia Esafarma dott.ssa Paola Targon, via Mondin n.6, Belluno ( 0437 930298)<br \/>\n-Parafarmacia Nonsolofarma dott.ssa Monica De Pasqual, via V. Veneto, Belluno ( 0437 659644)<\/p>","protected":false},"excerpt":{"rendered":"<p>E&#8217; attiva anche quest&#8217;anno l&#8217;iniziativa a fini di beneficenza &#8220;Banco Parafarmaceutico 2012&#8221; (II\u00b0edizione), promossa dalla Parafarmacia Olistica di Belluno. \u00a0 Nei sabati di febbraio: 4 &#8211; 11 &#8211; 18 &#8211; 25: le parafarmacie aderenti si impegnano a produrre buoni-acquisto senza data di scadenza, in base alle richieste dei propri clienti, da donare ad associazioni benefiche [&hellip;]<\/p>\n","protected":false},"author":2,"featured_media":0,"comment_status":"closed","ping_status":"open","sticky":false,"template":"","format":"standard","meta":{"footnotes":""},"categories":[26,8],"tags":[],"class_list":["post-34669","post","type-post","status-publish","format-standard","category-prima-pagina","category-societa-istituzioni"],"yoast_head":"<!-- This site is optimized with the Yoast SEO plugin v28.4 - https:\/\/yoast.com\/product\/yoast-seo-wordpress\/ -->\n<title>Iniziativa benefica delle parafarmacie bellunesi nei sabati di febbraio  - Bellunopress - Dolomiti<\/title>\n<meta name=\"robots\" content=\"index, follow, max-snippet:-1, max-image-preview:large, max-video-preview:-1\" \/>\n<link rel=\"canonical\" href=\"https:\/\/www.bellunopress.it\/fr\/2012\/02\/01\/iniziativa-benefica-delle-parafarmacie-bellunesi-nei-sabati-di-febbraio\/\" \/>\n<meta property=\"og:locale\" content=\"fr_FR\" \/>\n<meta property=\"og:type\" content=\"article\" \/>\n<meta property=\"og:title\" content=\"Iniziativa benefica delle parafarmacie bellunesi nei sabati di febbraio  - Bellunopress - Dolomiti\" \/>\n<meta property=\"og:description\" content=\"E&#8217; attiva anche quest&#8217;anno l&#8217;iniziativa a fini di beneficenza &#8220;Banco Parafarmaceutico 2012&#8221; (II\u00b0edizione), promossa dalla Parafarmacia Olistica di Belluno. \u00a0 Nei sabati di febbraio: 4 &#8211; 11 &#8211; 18 &#8211; 25: le parafarmacie aderenti si impegnano a produrre buoni-acquisto senza data di scadenza, in base alle richieste dei propri clienti, da donare ad associazioni benefiche [&hellip;]\" \/>\n<meta property=\"og:url\" content=\"https:\/\/www.bellunopress.it\/fr\/2012\/02\/01\/iniziativa-benefica-delle-parafarmacie-bellunesi-nei-sabati-di-febbraio\/\" \/>\n<meta property=\"og:site_name\" content=\"Bellunopress - Dolomiti\" \/>\n<meta property=\"article:publisher\" content=\"https:\/\/www.facebook.com\/profile.php?id=100008943462799\" \/>\n<meta property=\"article:published_time\" content=\"2012-02-01T12:09:09+00:00\" \/>\n<meta property=\"article:modified_time\" content=\"2012-02-01T12:10:35+00:00\" \/>\n<meta property=\"og:image\" content=\"http:\/\/www.bellunopress.it\/wp-content\/uploads\/2012\/02\/parafarmacia-1.jpg\" \/>\n<meta name=\"author\" content=\"redazione\" \/>\n<meta name=\"twitter:card\" content=\"summary_large_image\" \/>\n<meta name=\"twitter:creator\" content=\"@bellunopress\" \/>\n<meta name=\"twitter:site\" content=\"@bellunopress\" \/>\n<meta name=\"twitter:label1\" content=\"\u00c9crit par\" \/>\n\t<meta name=\"twitter:data1\" content=\"redazione\" \/>\n\t<meta name=\"twitter:label2\" content=\"Dur\u00e9e de lecture estim\u00e9e\" \/>\n\t<meta name=\"twitter:data2\" content=\"1 minute\" \/>\n<script type=\"application\/ld+json\" class=\"yoast-schema-graph\">{\"@context\":\"https:\\\/\\\/schema.org\",\"@graph\":[{\"@type\":\"Article\",\"@id\":\"https:\\\/\\\/www.bellunopress.it\\\/2012\\\/02\\\/01\\\/iniziativa-benefica-delle-parafarmacie-bellunesi-nei-sabati-di-febbraio\\\/#article\",\"isPartOf\":{\"@id\":\"https:\\\/\\\/www.bellunopress.it\\\/2012\\\/02\\\/01\\\/iniziativa-benefica-delle-parafarmacie-bellunesi-nei-sabati-di-febbraio\\\/\"},\"author\":{\"name\":\"redazione\",\"@id\":\"https:\\\/\\\/www.bellunopress.it\\\/#\\\/schema\\\/person\\\/79bb06722b37ece1c03d3e94beb30d73\"},\"headline\":\"Iniziativa benefica delle parafarmacie bellunesi nei sabati di febbraio\",\"datePublished\":\"2012-02-01T12:09:09+00:00\",\"dateModified\":\"2012-02-01T12:10:35+00:00\",\"mainEntityOfPage\":{\"@id\":\"https:\\\/\\\/www.bellunopress.it\\\/2012\\\/02\\\/01\\\/iniziativa-benefica-delle-parafarmacie-bellunesi-nei-sabati-di-febbraio\\\/\"},\"wordCount\":226,\"publisher\":{\"@id\":\"https:\\\/\\\/www.bellunopress.it\\\/#organization\"},\"image\":{\"@id\":\"https:\\\/\\\/www.bellunopress.it\\\/2012\\\/02\\\/01\\\/iniziativa-benefica-delle-parafarmacie-bellunesi-nei-sabati-di-febbraio\\\/#primaryimage\"},\"thumbnailUrl\":\"http:\\\/\\\/www.bellunopress.it\\\/wp-content\\\/uploads\\\/2012\\\/02\\\/parafarmacia-1.jpg\",\"articleSection\":[\"Prima Pagina\",\"Societ\u00e0, Associazioni, Istituzioni\"],\"inLanguage\":\"fr-FR\"},{\"@type\":\"WebPage\",\"@id\":\"https:\\\/\\\/www.bellunopress.it\\\/2012\\\/02\\\/01\\\/iniziativa-benefica-delle-parafarmacie-bellunesi-nei-sabati-di-febbraio\\\/\",\"url\":\"https:\\\/\\\/www.bellunopress.it\\\/2012\\\/02\\\/01\\\/iniziativa-benefica-delle-parafarmacie-bellunesi-nei-sabati-di-febbraio\\\/\",\"name\":\"Iniziativa benefica delle parafarmacie bellunesi nei sabati di febbraio - Bellunopress - Dolomiti\",\"isPartOf\":{\"@id\":\"https:\\\/\\\/www.bellunopress.it\\\/#website\"},\"primaryImageOfPage\":{\"@id\":\"https:\\\/\\\/www.bellunopress.it\\\/2012\\\/02\\\/01\\\/iniziativa-benefica-delle-parafarmacie-bellunesi-nei-sabati-di-febbraio\\\/#primaryimage\"},\"image\":{\"@id\":\"https:\\\/\\\/www.bellunopress.it\\\/2012\\\/02\\\/01\\\/iniziativa-benefica-delle-parafarmacie-bellunesi-nei-sabati-di-febbraio\\\/#primaryimage\"},\"thumbnailUrl\":\"http:\\\/\\\/www.bellunopress.it\\\/wp-content\\\/uploads\\\/2012\\\/02\\\/parafarmacia-1.jpg\",\"datePublished\":\"2012-02-01T12:09:09+00:00\",\"dateModified\":\"2012-02-01T12:10:35+00:00\",\"breadcrumb\":{\"@id\":\"https:\\\/\\\/www.bellunopress.it\\\/2012\\\/02\\\/01\\\/iniziativa-benefica-delle-parafarmacie-bellunesi-nei-sabati-di-febbraio\\\/#breadcrumb\"},\"inLanguage\":\"fr-FR\",\"potentialAction\":[{\"@type\":\"ReadAction\",\"target\":[\"https:\\\/\\\/www.bellunopress.it\\\/2012\\\/02\\\/01\\\/iniziativa-benefica-delle-parafarmacie-bellunesi-nei-sabati-di-febbraio\\\/\"]}]},{\"@type\":\"ImageObject\",\"inLanguage\":\"fr-FR\",\"@id\":\"https:\\\/\\\/www.bellunopress.it\\\/2012\\\/02\\\/01\\\/iniziativa-benefica-delle-parafarmacie-bellunesi-nei-sabati-di-febbraio\\\/#primaryimage\",\"url\":\"http:\\\/\\\/www.bellunopress.it\\\/wp-content\\\/uploads\\\/2012\\\/02\\\/parafarmacia-1.jpg\",\"contentUrl\":\"http:\\\/\\\/www.bellunopress.it\\\/wp-content\\\/uploads\\\/2012\\\/02\\\/parafarmacia-1.jpg\"},{\"@type\":\"BreadcrumbList\",\"@id\":\"https:\\\/\\\/www.bellunopress.it\\\/2012\\\/02\\\/01\\\/iniziativa-benefica-delle-parafarmacie-bellunesi-nei-sabati-di-febbraio\\\/#breadcrumb\",\"itemListElement\":[{\"@type\":\"ListItem\",\"position\":1,\"name\":\"Home\",\"item\":\"https:\\\/\\\/www.bellunopress.it\\\/\"},{\"@type\":\"ListItem\",\"position\":2,\"name\":\"Iniziativa benefica delle parafarmacie bellunesi nei sabati di febbraio\"}]},{\"@type\":\"WebSite\",\"@id\":\"https:\\\/\\\/www.bellunopress.it\\\/#website\",\"url\":\"https:\\\/\\\/www.bellunopress.it\\\/\",\"name\":\"Bellunopress - Dolomiti\",\"description\":\"e-mail: redazione@bellunopress.it\",\"publisher\":{\"@id\":\"https:\\\/\\\/www.bellunopress.it\\\/#organization\"},\"potentialAction\":[{\"@type\":\"SearchAction\",\"target\":{\"@type\":\"EntryPoint\",\"urlTemplate\":\"https:\\\/\\\/www.bellunopress.it\\\/?s={search_term_string}\"},\"query-input\":{\"@type\":\"PropertyValueSpecification\",\"valueRequired\":true,\"valueName\":\"search_term_string\"}}],\"inLanguage\":\"fr-FR\"},{\"@type\":\"Organization\",\"@id\":\"https:\\\/\\\/www.bellunopress.it\\\/#organization\",\"name\":\"Bellunopress\",\"url\":\"https:\\\/\\\/www.bellunopress.it\\\/\",\"logo\":{\"@type\":\"ImageObject\",\"inLanguage\":\"fr-FR\",\"@id\":\"https:\\\/\\\/www.bellunopress.it\\\/#\\\/schema\\\/logo\\\/image\\\/\",\"url\":\"https:\\\/\\\/www.bellunopress.it\\\/wp-content\\\/uploads\\\/2011\\\/05\\\/cropped-logo-bellunopress-.jpg\",\"contentUrl\":\"https:\\\/\\\/www.bellunopress.it\\\/wp-content\\\/uploads\\\/2011\\\/05\\\/cropped-logo-bellunopress-.jpg\",\"width\":512,\"height\":512,\"caption\":\"Bellunopress\"},\"image\":{\"@id\":\"https:\\\/\\\/www.bellunopress.it\\\/#\\\/schema\\\/logo\\\/image\\\/\"},\"sameAs\":[\"https:\\\/\\\/www.facebook.com\\\/profile.php?id=100008943462799\",\"https:\\\/\\\/x.com\\\/bellunopress\",\"https:\\\/\\\/www.linkedin.com\\\/hp\\\/?dnr=JBzUWaJfMUw8vbXJJ2tVW5-I3jZKvC4wsoxE&amp;amp;amp;amp;amp;amp;trk=nav_responsive_tab_home\",\"https:\\\/\\\/www.youtube.com\\\/channel\\\/UCxL0wu1uN0_3_7hGG0306cw\"]},{\"@type\":\"Person\",\"@id\":\"https:\\\/\\\/www.bellunopress.it\\\/#\\\/schema\\\/person\\\/79bb06722b37ece1c03d3e94beb30d73\",\"name\":\"redazione\",\"image\":{\"@type\":\"ImageObject\",\"inLanguage\":\"fr-FR\",\"@id\":\"https:\\\/\\\/secure.gravatar.com\\\/avatar\\\/37d968a2e67a6fd04c169c4bdef102d0bc5d31b2546345219e348575eb80e9a0?s=96&d=mm&r=g\",\"url\":\"https:\\\/\\\/secure.gravatar.com\\\/avatar\\\/37d968a2e67a6fd04c169c4bdef102d0bc5d31b2546345219e348575eb80e9a0?s=96&d=mm&r=g\",\"contentUrl\":\"https:\\\/\\\/secure.gravatar.com\\\/avatar\\\/37d968a2e67a6fd04c169c4bdef102d0bc5d31b2546345219e348575eb80e9a0?s=96&d=mm&r=g\",\"caption\":\"redazione\"},\"sameAs\":[\"http:\\\/\\\/www.bellunopress.it\",\"https:\\\/\\\/x.com\\\/bellunopress\"],\"url\":\"https:\\\/\\\/www.bellunopress.it\\\/fr\\\/author\\\/redazione\\\/\"}]}<\/script>\n<!-- \/ Yoast SEO plugin. -->","yoast_head_json":{"title":"Iniziativa benefica delle parafarmacie bellunesi nei sabati di febbraio  - Bellunopress - Dolomiti","robots":{"index":"index","follow":"follow","max-snippet":"max-snippet:-1","max-image-preview":"max-image-preview:large","max-video-preview":"max-video-preview:-1"},"canonical":"https:\/\/www.bellunopress.it\/fr\/2012\/02\/01\/iniziativa-benefica-delle-parafarmacie-bellunesi-nei-sabati-di-febbraio\/","og_locale":"fr_FR","og_type":"article","og_title":"Iniziativa benefica delle parafarmacie bellunesi nei sabati di febbraio  - Bellunopress - Dolomiti","og_description":"E&#8217; attiva anche quest&#8217;anno l&#8217;iniziativa a fini di beneficenza &#8220;Banco Parafarmaceutico 2012&#8221; (II\u00b0edizione), promossa dalla Parafarmacia Olistica di Belluno. \u00a0 Nei sabati di febbraio: 4 &#8211; 11 &#8211; 18 &#8211; 25: le parafarmacie aderenti si impegnano a produrre buoni-acquisto senza data di scadenza, in base alle richieste dei propri clienti, da donare ad associazioni benefiche [&hellip;]","og_url":"https:\/\/www.bellunopress.it\/fr\/2012\/02\/01\/iniziativa-benefica-delle-parafarmacie-bellunesi-nei-sabati-di-febbraio\/","og_site_name":"Bellunopress - Dolomiti","article_publisher":"https:\/\/www.facebook.com\/profile.php?id=100008943462799","article_published_time":"2012-02-01T12:09:09+00:00","article_modified_time":"2012-02-01T12:10:35+00:00","og_image":[{"url":"http:\/\/www.bellunopress.it\/wp-content\/uploads\/2012\/02\/parafarmacia-1.jpg","type":"","width":"","height":""}],"author":"redazione","twitter_card":"summary_large_image","twitter_creator":"@bellunopress","twitter_site":"@bellunopress","twitter_misc":{"\u00c9crit par":"redazione","Dur\u00e9e de lecture estim\u00e9e":"1 minute"},"schema":{"@context":"https:\/\/schema.org","@graph":[{"@type":"Article","@id":"https:\/\/www.bellunopress.it\/2012\/02\/01\/iniziativa-benefica-delle-parafarmacie-bellunesi-nei-sabati-di-febbraio\/#article","isPartOf":{"@id":"https:\/\/www.bellunopress.it\/2012\/02\/01\/iniziativa-benefica-delle-parafarmacie-bellunesi-nei-sabati-di-febbraio\/"},"author":{"name":"redazione","@id":"https:\/\/www.bellunopress.it\/#\/schema\/person\/79bb06722b37ece1c03d3e94beb30d73"},"headline":"Iniziativa benefica delle parafarmacie bellunesi nei sabati di febbraio","datePublished":"2012-02-01T12:09:09+00:00","dateModified":"2012-02-01T12:10:35+00:00","mainEntityOfPage":{"@id":"https:\/\/www.bellunopress.it\/2012\/02\/01\/iniziativa-benefica-delle-parafarmacie-bellunesi-nei-sabati-di-febbraio\/"},"wordCount":226,"publisher":{"@id":"https:\/\/www.bellunopress.it\/#organization"},"image":{"@id":"https:\/\/www.bellunopress.it\/2012\/02\/01\/iniziativa-benefica-delle-parafarmacie-bellunesi-nei-sabati-di-febbraio\/#primaryimage"},"thumbnailUrl":"http:\/\/www.bellunopress.it\/wp-content\/uploads\/2012\/02\/parafarmacia-1.jpg","articleSection":["Prima Pagina","Societ\u00e0, Associazioni, Istituzioni"],"inLanguage":"fr-FR"},{"@type":"WebPage","@id":"https:\/\/www.bellunopress.it\/2012\/02\/01\/iniziativa-benefica-delle-parafarmacie-bellunesi-nei-sabati-di-febbraio\/","url":"https:\/\/www.bellunopress.it\/2012\/02\/01\/iniziativa-benefica-delle-parafarmacie-bellunesi-nei-sabati-di-febbraio\/","name":"Iniziativa benefica delle parafarmacie bellunesi nei sabati di febbraio - Bellunopress - Dolomiti","isPartOf":{"@id":"https:\/\/www.bellunopress.it\/#website"},"primaryImageOfPage":{"@id":"https:\/\/www.bellunopress.it\/2012\/02\/01\/iniziativa-benefica-delle-parafarmacie-bellunesi-nei-sabati-di-febbraio\/#primaryimage"},"image":{"@id":"https:\/\/www.bellunopress.it\/2012\/02\/01\/iniziativa-benefica-delle-parafarmacie-bellunesi-nei-sabati-di-febbraio\/#primaryimage"},"thumbnailUrl":"http:\/\/www.bellunopress.it\/wp-content\/uploads\/2012\/02\/parafarmacia-1.jpg","datePublished":"2012-02-01T12:09:09+00:00","dateModified":"2012-02-01T12:10:35+00:00","breadcrumb":{"@id":"https:\/\/www.bellunopress.it\/2012\/02\/01\/iniziativa-benefica-delle-parafarmacie-bellunesi-nei-sabati-di-febbraio\/#breadcrumb"},"inLanguage":"fr-FR","potentialAction":[{"@type":"ReadAction","target":["https:\/\/www.bellunopress.it\/2012\/02\/01\/iniziativa-benefica-delle-parafarmacie-bellunesi-nei-sabati-di-febbraio\/"]}]},{"@type":"ImageObject","inLanguage":"fr-FR","@id":"https:\/\/www.bellunopress.it\/2012\/02\/01\/iniziativa-benefica-delle-parafarmacie-bellunesi-nei-sabati-di-febbraio\/#primaryimage","url":"http:\/\/www.bellunopress.it\/wp-content\/uploads\/2012\/02\/parafarmacia-1.jpg","contentUrl":"http:\/\/www.bellunopress.it\/wp-content\/uploads\/2012\/02\/parafarmacia-1.jpg"},{"@type":"BreadcrumbList","@id":"https:\/\/www.bellunopress.it\/2012\/02\/01\/iniziativa-benefica-delle-parafarmacie-bellunesi-nei-sabati-di-febbraio\/#breadcrumb","itemListElement":[{"@type":"ListItem","position":1,"name":"Home","item":"https:\/\/www.bellunopress.it\/"},{"@type":"ListItem","position":2,"name":"Iniziativa benefica delle parafarmacie bellunesi nei sabati di febbraio"}]},{"@type":"WebSite","@id":"https:\/\/www.bellunopress.it\/#website","url":"https:\/\/www.bellunopress.it\/","name":"Bellunopress - Dolomiti","description":"e-mail: redazione@bellunopress.it","publisher":{"@id":"https:\/\/www.bellunopress.it\/#organization"},"potentialAction":[{"@type":"SearchAction","target":{"@type":"EntryPoint","urlTemplate":"https:\/\/www.bellunopress.it\/?s={search_term_string}"},"query-input":{"@type":"PropertyValueSpecification","valueRequired":true,"valueName":"search_term_string"}}],"inLanguage":"fr-FR"},{"@type":"Organization","@id":"https:\/\/www.bellunopress.it\/#organization","name":"Bellunopress","url":"https:\/\/www.bellunopress.it\/","logo":{"@type":"ImageObject","inLanguage":"fr-FR","@id":"https:\/\/www.bellunopress.it\/#\/schema\/logo\/image\/","url":"https:\/\/www.bellunopress.it\/wp-content\/uploads\/2011\/05\/cropped-logo-bellunopress-.jpg","contentUrl":"https:\/\/www.bellunopress.it\/wp-content\/uploads\/2011\/05\/cropped-logo-bellunopress-.jpg","width":512,"height":512,"caption":"Bellunopress"},"image":{"@id":"https:\/\/www.bellunopress.it\/#\/schema\/logo\/image\/"},"sameAs":["https:\/\/www.facebook.com\/profile.php?id=100008943462799","https:\/\/x.com\/bellunopress","https:\/\/www.linkedin.com\/hp\/?dnr=JBzUWaJfMUw8vbXJJ2tVW5-I3jZKvC4wsoxE&amp;amp;amp;amp;amp;amp;trk=nav_responsive_tab_home","https:\/\/www.youtube.com\/channel\/UCxL0wu1uN0_3_7hGG0306cw"]},{"@type":"Person","@id":"https:\/\/www.bellunopress.it\/#\/schema\/person\/79bb06722b37ece1c03d3e94beb30d73","name":"r\u00e9daction","image":{"@type":"ImageObject","inLanguage":"fr-FR","@id":"https:\/\/secure.gravatar.com\/avatar\/37d968a2e67a6fd04c169c4bdef102d0bc5d31b2546345219e348575eb80e9a0?s=96&d=mm&r=g","url":"https:\/\/secure.gravatar.com\/avatar\/37d968a2e67a6fd04c169c4bdef102d0bc5d31b2546345219e348575eb80e9a0?s=96&d=mm&r=g","contentUrl":"https:\/\/secure.gravatar.com\/avatar\/37d968a2e67a6fd04c169c4bdef102d0bc5d31b2546345219e348575eb80e9a0?s=96&d=mm&r=g","caption":"redazione"},"sameAs":["http:\/\/www.bellunopress.it","https:\/\/x.com\/bellunopress"],"url":"https:\/\/www.bellunopress.it\/fr\/author\/redazione\/"}]}},"_links":{"self":[{"href":"https:\/\/www.bellunopress.it\/fr\/wp-json\/wp\/v2\/posts\/34669","targetHints":{"allow":["GET"]}}],"collection":[{"href":"https:\/\/www.bellunopress.it\/fr\/wp-json\/wp\/v2\/posts"}],"about":[{"href":"https:\/\/www.bellunopress.it\/fr\/wp-json\/wp\/v2\/types\/post"}],"author":[{"embeddable":true,"href":"https:\/\/www.bellunopress.it\/fr\/wp-json\/wp\/v2\/users\/2"}],"replies":[{"embeddable":true,"href":"https:\/\/www.bellunopress.it\/fr\/wp-json\/wp\/v2\/comments?post=34669"}],"version-history":[{"count":2,"href":"https:\/\/www.bellunopress.it\/fr\/wp-json\/wp\/v2\/posts\/34669\/revisions"}],"predecessor-version":[{"id":34672,"href":"https:\/\/www.bellunopress.it\/fr\/wp-json\/wp\/v2\/posts\/34669\/revisions\/34672"}],"wp:attachment":[{"href":"https:\/\/www.bellunopress.it\/fr\/wp-json\/wp\/v2\/media?parent=34669"}],"wp:term":[{"taxonomy":"category","embeddable":true,"href":"https:\/\/www.bellunopress.it\/fr\/wp-json\/wp\/v2\/categories?post=34669"},{"taxonomy":"post_tag","embeddable":true,"href":"https:\/\/www.bellunopress.it\/fr\/wp-json\/wp\/v2\/tags?post=34669"}],"curies":[{"name":"wp","href":"https:\/\/api.w.org\/{rel}","templated":true}]}}