{"id":34652,"date":"2012-02-01T10:05:17","date_gmt":"2012-02-01T09:05:17","guid":{"rendered":"http:\/\/www.bellunopress.it\/?p=34652"},"modified":"2012-01-31T21:07:03","modified_gmt":"2012-01-31T20:07:03","slug":"agio-disagio-a-feltre-4-serate-tra-cinema-e-incontri-per-conoscere-e-approfondire-la-qualita-della-vita-locale","status":"publish","type":"post","link":"https:\/\/www.bellunopress.it\/fr\/2012\/02\/01\/agio-disagio-a-feltre-4-serate-tra-cinema-e-incontri-per-conoscere-e-approfondire-la-qualita-della-vita-locale\/","title":{"rendered":"Agio &#038; Disagio. A Feltre 4 Serate tra cinema e incontri per conoscere e approfondire la qualit\u00e0 della vita locale"},"content":{"rendered":"<p>Tra cinema ed incontri, alla scoperta dell&#8217;Agio &amp; Disagio giovanile locale. Questo \u00e8 il titolo di un nuovo progetto ideato dalla Consulta Giovanile Diciamo la Nostra, in collaborazione con il Dipartimento Dipendenze \u2013 S.e.r.T di Feltre e il Centro per le dipendenze Giovanili \u201cDanza del Tempo\u201d, che rientra in un percorso intrapreso da tempo per informare e sensibilizzare la cittadinanza su argomenti quali droga, alcol e problemi adolescenziali. Le serate\u00a0 si svolgeranno tutte allo Spazio Giovani dell&#8217;Ex Manifattura Piave di Feltre a partire dalle ore 19.45. Il primo incontro si svolger\u00e0 gioved\u00ec&#8217; 9 febbraio 2012: la Dott.ssa Pamela D&#8217;inc\u00e0 dell&#8217;Ufficio Piano di Zona dell&#8217;Ulss 2 e il Dott. Valter Bonan parleranno dei giovani d&#8217;oggi. Seguir\u00e0 la proiezione del film \u201cRosetta\u201d diretto dai fratelli Dardenne. Giovedi&#8217; 16 febbario 2012 si affronter\u00e0 il tema \u201cDroghe e Sogni giovanili\u201d con l&#8217;intervento di Antonio Cavalera, capitano della Compagnia Carabinieri di Feltre e del Dott. Luigi Turco psicologo e psicoterapeuta responsabile del Piano Lotta alla Droga dell&#8217;Ulss 2. A integrazione si propone la visione del film \u201cQualcuno con cui correre\u201d. Il terzo \u00e8 forse l&#8217;argomento pi\u00f9 delicato, ma anche il meno trattato pubblicamente: gioved\u00ec 23 febbraio 2012 sar\u00e0 affrontato il tema del suicidio, una delle massime espressioni del disagio, purtroppo irreversibile. Ne parler\u00e0 il Dott. Massimo Semenzin, responsabile del Dipartimento locale di Salute Mentale. Il film che seguir\u00e0 \u00e8 \u201cControl\u201d sulla vita di Jan Curtis. L&#8217;ultima serata, giovedi&#8217; 1 marzo 2o12, ruoter\u00e0 attorno all&#8217;analisi della malattia mentale e alla diffidenza con cui la societ\u00e0 la affronta. A parlarne ci saranno Emanuela Mondin, educatrice del Centro di Aggregazione locale \u201cIl Muretto\u201d, la Dott.ssa Michela Marchet, giovane psicologa presso il \u201cCentro Danza del Tempo\u201d, il Dott. Alessandro Penta, psicologo nell&#8217;ex struttura psichiatrica \u201cPaolo Pini\u201d di Milano. A seguire \u201cVia Ippocrate 45, film documentario nato come tesi di laurea dello stesso Penta. A corredare questo ultimo appuntamento ci saranno le letture di alcune poesie di Alda Merini e l&#8217;esposizione dei lavori realizzati dagli ospiti del Centro il Muretto. L&#8217;importanza centrale di questo ciclo di incontri formativi \u00e8 l&#8217;informazione: l&#8217;ignoranza non pu\u00f2 fare prevenzione.<\/p>","protected":false},"excerpt":{"rendered":"<p>Tra cinema ed incontri, alla scoperta dell&#8217;Agio &amp; Disagio giovanile locale. Questo \u00e8 il titolo di un nuovo progetto ideato dalla Consulta Giovanile Diciamo la Nostra, in collaborazione con il Dipartimento Dipendenze \u2013 S.e.r.T di Feltre e il Centro per le dipendenze Giovanili \u201cDanza del Tempo\u201d, che rientra in un percorso intrapreso da tempo per [&hellip;]<\/p>\n","protected":false},"author":2,"featured_media":0,"comment_status":"closed","ping_status":"open","sticky":false,"template":"","format":"standard","meta":{"footnotes":""},"categories":[27,25],"tags":[],"class_list":["post-34652","post","type-post","status-publish","format-standard","category-appuntamenti","category-pausa-caffe"],"yoast_head":"<!-- This site is optimized with the Yoast SEO plugin v28.4 - https:\/\/yoast.com\/product\/yoast-seo-wordpress\/ -->\n<title>Agio &amp; Disagio. A Feltre 4 Serate tra cinema e incontri per conoscere e approfondire la qualit\u00e0 della vita locale - Bellunopress - Dolomiti<\/title>\n<meta name=\"robots\" content=\"index, follow, max-snippet:-1, max-image-preview:large, max-video-preview:-1\" \/>\n<link rel=\"canonical\" href=\"https:\/\/www.bellunopress.it\/fr\/2012\/02\/01\/agio-disagio-a-feltre-4-serate-tra-cinema-e-incontri-per-conoscere-e-approfondire-la-qualita-della-vita-locale\/\" \/>\n<meta property=\"og:locale\" content=\"fr_FR\" \/>\n<meta property=\"og:type\" content=\"article\" \/>\n<meta property=\"og:title\" content=\"Agio &amp; Disagio. A Feltre 4 Serate tra cinema e incontri per conoscere e approfondire la qualit\u00e0 della vita locale - Bellunopress - Dolomiti\" \/>\n<meta property=\"og:description\" content=\"Tra cinema ed incontri, alla scoperta dell&#8217;Agio &amp; Disagio giovanile locale. Questo \u00e8 il titolo di un nuovo progetto ideato dalla Consulta Giovanile Diciamo la Nostra, in collaborazione con il Dipartimento Dipendenze \u2013 S.e.r.T di Feltre e il Centro per le dipendenze Giovanili \u201cDanza del Tempo\u201d, che rientra in un percorso intrapreso da tempo per [&hellip;]\" \/>\n<meta property=\"og:url\" content=\"https:\/\/www.bellunopress.it\/fr\/2012\/02\/01\/agio-disagio-a-feltre-4-serate-tra-cinema-e-incontri-per-conoscere-e-approfondire-la-qualita-della-vita-locale\/\" \/>\n<meta property=\"og:site_name\" content=\"Bellunopress - Dolomiti\" \/>\n<meta property=\"article:publisher\" content=\"https:\/\/www.facebook.com\/profile.php?id=100008943462799\" \/>\n<meta property=\"article:published_time\" content=\"2012-02-01T09:05:17+00:00\" \/>\n<meta property=\"og:image\" content=\"http:\/\/www.bellunopress.it\/wp-content\/uploads\/2012\/07\/logo-bellunopress-250x250-2012.jpg\" \/>\n<meta name=\"author\" content=\"redazione\" \/>\n<meta name=\"twitter:card\" content=\"summary_large_image\" \/>\n<meta name=\"twitter:creator\" content=\"@bellunopress\" \/>\n<meta name=\"twitter:site\" content=\"@bellunopress\" \/>\n<meta name=\"twitter:label1\" content=\"\u00c9crit par\" \/>\n\t<meta name=\"twitter:data1\" content=\"redazione\" \/>\n\t<meta name=\"twitter:label2\" content=\"Dur\u00e9e de lecture estim\u00e9e\" \/>\n\t<meta name=\"twitter:data2\" content=\"2 minutes\" \/>\n<script type=\"application\/ld+json\" class=\"yoast-schema-graph\">{\"@context\":\"https:\\\/\\\/schema.org\",\"@graph\":[{\"@type\":\"Article\",\"@id\":\"https:\\\/\\\/www.bellunopress.it\\\/2012\\\/02\\\/01\\\/agio-disagio-a-feltre-4-serate-tra-cinema-e-incontri-per-conoscere-e-approfondire-la-qualita-della-vita-locale\\\/#article\",\"isPartOf\":{\"@id\":\"https:\\\/\\\/www.bellunopress.it\\\/2012\\\/02\\\/01\\\/agio-disagio-a-feltre-4-serate-tra-cinema-e-incontri-per-conoscere-e-approfondire-la-qualita-della-vita-locale\\\/\"},\"author\":{\"name\":\"redazione\",\"@id\":\"https:\\\/\\\/www.bellunopress.it\\\/#\\\/schema\\\/person\\\/79bb06722b37ece1c03d3e94beb30d73\"},\"headline\":\"Agio &#038; Disagio. A Feltre 4 Serate tra cinema e incontri per conoscere e approfondire la qualit\u00e0 della vita locale\",\"datePublished\":\"2012-02-01T09:05:17+00:00\",\"mainEntityOfPage\":{\"@id\":\"https:\\\/\\\/www.bellunopress.it\\\/2012\\\/02\\\/01\\\/agio-disagio-a-feltre-4-serate-tra-cinema-e-incontri-per-conoscere-e-approfondire-la-qualita-della-vita-locale\\\/\"},\"wordCount\":368,\"publisher\":{\"@id\":\"https:\\\/\\\/www.bellunopress.it\\\/#organization\"},\"articleSection\":[\"Appuntamenti, Eventi\",\"Pausa Caff\u00e8\"],\"inLanguage\":\"fr-FR\"},{\"@type\":\"WebPage\",\"@id\":\"https:\\\/\\\/www.bellunopress.it\\\/2012\\\/02\\\/01\\\/agio-disagio-a-feltre-4-serate-tra-cinema-e-incontri-per-conoscere-e-approfondire-la-qualita-della-vita-locale\\\/\",\"url\":\"https:\\\/\\\/www.bellunopress.it\\\/2012\\\/02\\\/01\\\/agio-disagio-a-feltre-4-serate-tra-cinema-e-incontri-per-conoscere-e-approfondire-la-qualita-della-vita-locale\\\/\",\"name\":\"Agio & Disagio. A Feltre 4 Serate tra cinema e incontri per conoscere e approfondire la qualit\u00e0 della vita locale - Bellunopress - Dolomiti\",\"isPartOf\":{\"@id\":\"https:\\\/\\\/www.bellunopress.it\\\/#website\"},\"datePublished\":\"2012-02-01T09:05:17+00:00\",\"breadcrumb\":{\"@id\":\"https:\\\/\\\/www.bellunopress.it\\\/2012\\\/02\\\/01\\\/agio-disagio-a-feltre-4-serate-tra-cinema-e-incontri-per-conoscere-e-approfondire-la-qualita-della-vita-locale\\\/#breadcrumb\"},\"inLanguage\":\"fr-FR\",\"potentialAction\":[{\"@type\":\"ReadAction\",\"target\":[\"https:\\\/\\\/www.bellunopress.it\\\/2012\\\/02\\\/01\\\/agio-disagio-a-feltre-4-serate-tra-cinema-e-incontri-per-conoscere-e-approfondire-la-qualita-della-vita-locale\\\/\"]}]},{\"@type\":\"BreadcrumbList\",\"@id\":\"https:\\\/\\\/www.bellunopress.it\\\/2012\\\/02\\\/01\\\/agio-disagio-a-feltre-4-serate-tra-cinema-e-incontri-per-conoscere-e-approfondire-la-qualita-della-vita-locale\\\/#breadcrumb\",\"itemListElement\":[{\"@type\":\"ListItem\",\"position\":1,\"name\":\"Home\",\"item\":\"https:\\\/\\\/www.bellunopress.it\\\/\"},{\"@type\":\"ListItem\",\"position\":2,\"name\":\"Agio &#038; Disagio. A Feltre 4 Serate tra cinema e incontri per conoscere e approfondire la qualit\u00e0 della vita locale\"}]},{\"@type\":\"WebSite\",\"@id\":\"https:\\\/\\\/www.bellunopress.it\\\/#website\",\"url\":\"https:\\\/\\\/www.bellunopress.it\\\/\",\"name\":\"Bellunopress - Dolomiti\",\"description\":\"e-mail: redazione@bellunopress.it\",\"publisher\":{\"@id\":\"https:\\\/\\\/www.bellunopress.it\\\/#organization\"},\"potentialAction\":[{\"@type\":\"SearchAction\",\"target\":{\"@type\":\"EntryPoint\",\"urlTemplate\":\"https:\\\/\\\/www.bellunopress.it\\\/?s={search_term_string}\"},\"query-input\":{\"@type\":\"PropertyValueSpecification\",\"valueRequired\":true,\"valueName\":\"search_term_string\"}}],\"inLanguage\":\"fr-FR\"},{\"@type\":\"Organization\",\"@id\":\"https:\\\/\\\/www.bellunopress.it\\\/#organization\",\"name\":\"Bellunopress\",\"url\":\"https:\\\/\\\/www.bellunopress.it\\\/\",\"logo\":{\"@type\":\"ImageObject\",\"inLanguage\":\"fr-FR\",\"@id\":\"https:\\\/\\\/www.bellunopress.it\\\/#\\\/schema\\\/logo\\\/image\\\/\",\"url\":\"https:\\\/\\\/www.bellunopress.it\\\/wp-content\\\/uploads\\\/2011\\\/05\\\/cropped-logo-bellunopress-.jpg\",\"contentUrl\":\"https:\\\/\\\/www.bellunopress.it\\\/wp-content\\\/uploads\\\/2011\\\/05\\\/cropped-logo-bellunopress-.jpg\",\"width\":512,\"height\":512,\"caption\":\"Bellunopress\"},\"image\":{\"@id\":\"https:\\\/\\\/www.bellunopress.it\\\/#\\\/schema\\\/logo\\\/image\\\/\"},\"sameAs\":[\"https:\\\/\\\/www.facebook.com\\\/profile.php?id=100008943462799\",\"https:\\\/\\\/x.com\\\/bellunopress\",\"https:\\\/\\\/www.linkedin.com\\\/hp\\\/?dnr=JBzUWaJfMUw8vbXJJ2tVW5-I3jZKvC4wsoxE&amp;amp;amp;amp;amp;amp;trk=nav_responsive_tab_home\",\"https:\\\/\\\/www.youtube.com\\\/channel\\\/UCxL0wu1uN0_3_7hGG0306cw\"]},{\"@type\":\"Person\",\"@id\":\"https:\\\/\\\/www.bellunopress.it\\\/#\\\/schema\\\/person\\\/79bb06722b37ece1c03d3e94beb30d73\",\"name\":\"redazione\",\"image\":{\"@type\":\"ImageObject\",\"inLanguage\":\"fr-FR\",\"@id\":\"https:\\\/\\\/secure.gravatar.com\\\/avatar\\\/37d968a2e67a6fd04c169c4bdef102d0bc5d31b2546345219e348575eb80e9a0?s=96&d=mm&r=g\",\"url\":\"https:\\\/\\\/secure.gravatar.com\\\/avatar\\\/37d968a2e67a6fd04c169c4bdef102d0bc5d31b2546345219e348575eb80e9a0?s=96&d=mm&r=g\",\"contentUrl\":\"https:\\\/\\\/secure.gravatar.com\\\/avatar\\\/37d968a2e67a6fd04c169c4bdef102d0bc5d31b2546345219e348575eb80e9a0?s=96&d=mm&r=g\",\"caption\":\"redazione\"},\"sameAs\":[\"http:\\\/\\\/www.bellunopress.it\",\"https:\\\/\\\/x.com\\\/bellunopress\"],\"url\":\"https:\\\/\\\/www.bellunopress.it\\\/fr\\\/author\\\/redazione\\\/\"}]}<\/script>\n<!-- \/ Yoast SEO plugin. -->","yoast_head_json":{"title":"Agio & Disagio. A Feltre 4 Serate tra cinema e incontri per conoscere e approfondire la qualit\u00e0 della vita locale - Bellunopress - Dolomiti","robots":{"index":"index","follow":"follow","max-snippet":"max-snippet:-1","max-image-preview":"max-image-preview:large","max-video-preview":"max-video-preview:-1"},"canonical":"https:\/\/www.bellunopress.it\/fr\/2012\/02\/01\/agio-disagio-a-feltre-4-serate-tra-cinema-e-incontri-per-conoscere-e-approfondire-la-qualita-della-vita-locale\/","og_locale":"fr_FR","og_type":"article","og_title":"Agio & Disagio. A Feltre 4 Serate tra cinema e incontri per conoscere e approfondire la qualit\u00e0 della vita locale - Bellunopress - Dolomiti","og_description":"Tra cinema ed incontri, alla scoperta dell&#8217;Agio &amp; Disagio giovanile locale. Questo \u00e8 il titolo di un nuovo progetto ideato dalla Consulta Giovanile Diciamo la Nostra, in collaborazione con il Dipartimento Dipendenze \u2013 S.e.r.T di Feltre e il Centro per le dipendenze Giovanili \u201cDanza del Tempo\u201d, che rientra in un percorso intrapreso da tempo per [&hellip;]","og_url":"https:\/\/www.bellunopress.it\/fr\/2012\/02\/01\/agio-disagio-a-feltre-4-serate-tra-cinema-e-incontri-per-conoscere-e-approfondire-la-qualita-della-vita-locale\/","og_site_name":"Bellunopress - Dolomiti","article_publisher":"https:\/\/www.facebook.com\/profile.php?id=100008943462799","article_published_time":"2012-02-01T09:05:17+00:00","og_image":[{"url":"http:\/\/www.bellunopress.it\/wp-content\/uploads\/2012\/07\/logo-bellunopress-250x250-2012.jpg","type":"","width":"","height":""}],"author":"redazione","twitter_card":"summary_large_image","twitter_creator":"@bellunopress","twitter_site":"@bellunopress","twitter_misc":{"\u00c9crit par":"redazione","Dur\u00e9e de lecture estim\u00e9e":"2 minutes"},"schema":{"@context":"https:\/\/schema.org","@graph":[{"@type":"Article","@id":"https:\/\/www.bellunopress.it\/2012\/02\/01\/agio-disagio-a-feltre-4-serate-tra-cinema-e-incontri-per-conoscere-e-approfondire-la-qualita-della-vita-locale\/#article","isPartOf":{"@id":"https:\/\/www.bellunopress.it\/2012\/02\/01\/agio-disagio-a-feltre-4-serate-tra-cinema-e-incontri-per-conoscere-e-approfondire-la-qualita-della-vita-locale\/"},"author":{"name":"redazione","@id":"https:\/\/www.bellunopress.it\/#\/schema\/person\/79bb06722b37ece1c03d3e94beb30d73"},"headline":"Agio &#038; Disagio. A Feltre 4 Serate tra cinema e incontri per conoscere e approfondire la qualit\u00e0 della vita locale","datePublished":"2012-02-01T09:05:17+00:00","mainEntityOfPage":{"@id":"https:\/\/www.bellunopress.it\/2012\/02\/01\/agio-disagio-a-feltre-4-serate-tra-cinema-e-incontri-per-conoscere-e-approfondire-la-qualita-della-vita-locale\/"},"wordCount":368,"publisher":{"@id":"https:\/\/www.bellunopress.it\/#organization"},"articleSection":["Appuntamenti, Eventi","Pausa Caff\u00e8"],"inLanguage":"fr-FR"},{"@type":"WebPage","@id":"https:\/\/www.bellunopress.it\/2012\/02\/01\/agio-disagio-a-feltre-4-serate-tra-cinema-e-incontri-per-conoscere-e-approfondire-la-qualita-della-vita-locale\/","url":"https:\/\/www.bellunopress.it\/2012\/02\/01\/agio-disagio-a-feltre-4-serate-tra-cinema-e-incontri-per-conoscere-e-approfondire-la-qualita-della-vita-locale\/","name":"Agio & Disagio. A Feltre 4 Serate tra cinema e incontri per conoscere e approfondire la qualit\u00e0 della vita locale - Bellunopress - Dolomiti","isPartOf":{"@id":"https:\/\/www.bellunopress.it\/#website"},"datePublished":"2012-02-01T09:05:17+00:00","breadcrumb":{"@id":"https:\/\/www.bellunopress.it\/2012\/02\/01\/agio-disagio-a-feltre-4-serate-tra-cinema-e-incontri-per-conoscere-e-approfondire-la-qualita-della-vita-locale\/#breadcrumb"},"inLanguage":"fr-FR","potentialAction":[{"@type":"ReadAction","target":["https:\/\/www.bellunopress.it\/2012\/02\/01\/agio-disagio-a-feltre-4-serate-tra-cinema-e-incontri-per-conoscere-e-approfondire-la-qualita-della-vita-locale\/"]}]},{"@type":"BreadcrumbList","@id":"https:\/\/www.bellunopress.it\/2012\/02\/01\/agio-disagio-a-feltre-4-serate-tra-cinema-e-incontri-per-conoscere-e-approfondire-la-qualita-della-vita-locale\/#breadcrumb","itemListElement":[{"@type":"ListItem","position":1,"name":"Home","item":"https:\/\/www.bellunopress.it\/"},{"@type":"ListItem","position":2,"name":"Agio &#038; Disagio. A Feltre 4 Serate tra cinema e incontri per conoscere e approfondire la qualit\u00e0 della vita locale"}]},{"@type":"WebSite","@id":"https:\/\/www.bellunopress.it\/#website","url":"https:\/\/www.bellunopress.it\/","name":"Bellunopress - Dolomiti","description":"e-mail: redazione@bellunopress.it","publisher":{"@id":"https:\/\/www.bellunopress.it\/#organization"},"potentialAction":[{"@type":"SearchAction","target":{"@type":"EntryPoint","urlTemplate":"https:\/\/www.bellunopress.it\/?s={search_term_string}"},"query-input":{"@type":"PropertyValueSpecification","valueRequired":true,"valueName":"search_term_string"}}],"inLanguage":"fr-FR"},{"@type":"Organization","@id":"https:\/\/www.bellunopress.it\/#organization","name":"Bellunopress","url":"https:\/\/www.bellunopress.it\/","logo":{"@type":"ImageObject","inLanguage":"fr-FR","@id":"https:\/\/www.bellunopress.it\/#\/schema\/logo\/image\/","url":"https:\/\/www.bellunopress.it\/wp-content\/uploads\/2011\/05\/cropped-logo-bellunopress-.jpg","contentUrl":"https:\/\/www.bellunopress.it\/wp-content\/uploads\/2011\/05\/cropped-logo-bellunopress-.jpg","width":512,"height":512,"caption":"Bellunopress"},"image":{"@id":"https:\/\/www.bellunopress.it\/#\/schema\/logo\/image\/"},"sameAs":["https:\/\/www.facebook.com\/profile.php?id=100008943462799","https:\/\/x.com\/bellunopress","https:\/\/www.linkedin.com\/hp\/?dnr=JBzUWaJfMUw8vbXJJ2tVW5-I3jZKvC4wsoxE&amp;amp;amp;amp;amp;amp;trk=nav_responsive_tab_home","https:\/\/www.youtube.com\/channel\/UCxL0wu1uN0_3_7hGG0306cw"]},{"@type":"Person","@id":"https:\/\/www.bellunopress.it\/#\/schema\/person\/79bb06722b37ece1c03d3e94beb30d73","name":"r\u00e9daction","image":{"@type":"ImageObject","inLanguage":"fr-FR","@id":"https:\/\/secure.gravatar.com\/avatar\/37d968a2e67a6fd04c169c4bdef102d0bc5d31b2546345219e348575eb80e9a0?s=96&d=mm&r=g","url":"https:\/\/secure.gravatar.com\/avatar\/37d968a2e67a6fd04c169c4bdef102d0bc5d31b2546345219e348575eb80e9a0?s=96&d=mm&r=g","contentUrl":"https:\/\/secure.gravatar.com\/avatar\/37d968a2e67a6fd04c169c4bdef102d0bc5d31b2546345219e348575eb80e9a0?s=96&d=mm&r=g","caption":"redazione"},"sameAs":["http:\/\/www.bellunopress.it","https:\/\/x.com\/bellunopress"],"url":"https:\/\/www.bellunopress.it\/fr\/author\/redazione\/"}]}},"_links":{"self":[{"href":"https:\/\/www.bellunopress.it\/fr\/wp-json\/wp\/v2\/posts\/34652","targetHints":{"allow":["GET"]}}],"collection":[{"href":"https:\/\/www.bellunopress.it\/fr\/wp-json\/wp\/v2\/posts"}],"about":[{"href":"https:\/\/www.bellunopress.it\/fr\/wp-json\/wp\/v2\/types\/post"}],"author":[{"embeddable":true,"href":"https:\/\/www.bellunopress.it\/fr\/wp-json\/wp\/v2\/users\/2"}],"replies":[{"embeddable":true,"href":"https:\/\/www.bellunopress.it\/fr\/wp-json\/wp\/v2\/comments?post=34652"}],"version-history":[{"count":1,"href":"https:\/\/www.bellunopress.it\/fr\/wp-json\/wp\/v2\/posts\/34652\/revisions"}],"predecessor-version":[{"id":34653,"href":"https:\/\/www.bellunopress.it\/fr\/wp-json\/wp\/v2\/posts\/34652\/revisions\/34653"}],"wp:attachment":[{"href":"https:\/\/www.bellunopress.it\/fr\/wp-json\/wp\/v2\/media?parent=34652"}],"wp:term":[{"taxonomy":"category","embeddable":true,"href":"https:\/\/www.bellunopress.it\/fr\/wp-json\/wp\/v2\/categories?post=34652"},{"taxonomy":"post_tag","embeddable":true,"href":"https:\/\/www.bellunopress.it\/fr\/wp-json\/wp\/v2\/tags?post=34652"}],"curies":[{"name":"wp","href":"https:\/\/api.w.org\/{rel}","templated":true}]}}