{"id":34606,"date":"2012-02-01T20:43:27","date_gmt":"2012-02-01T19:43:27","guid":{"rendered":"http:\/\/www.bellunopress.it\/?p=34606"},"modified":"2012-01-30T20:47:04","modified_gmt":"2012-01-30T19:47:04","slug":"sabato-al-kursaal-di-auronzo-va-in-scena-cyrano-e-il-suo-travolgente-naso","status":"publish","type":"post","link":"https:\/\/www.bellunopress.it\/fr\/2012\/02\/01\/sabato-al-kursaal-di-auronzo-va-in-scena-cyrano-e-il-suo-travolgente-naso\/","title":{"rendered":"Sabato al Kursaal di Auronzo va in scena Cyran\u00f2 e il suo travolgente naso"},"content":{"rendered":"<p>Nel segno della poesia e del coraggio, sabato 4 febbraio 2012 alle ore 20.30 al Teatro Kursaal di Auronzo di Cadore, il secondo appuntamento della Stagione di Prosa \u0093Auronzo di Scena\u0094 vede in scena Ciran\u00f2 e il suo invadente naso.<\/p>\n<figure id=\"attachment_32268\" aria-describedby=\"caption-attachment-32268\" style=\"width: 290px\" class=\"wp-caption alignleft\"><a href=\"http:\/\/www.bellunopress.it\/wp-content\/uploads\/2011\/11\/teatro-kursaal-auronzo.jpg\"><img loading=\"lazy\" decoding=\"async\" class=\"size-full wp-image-32268\" title=\"teatro kursaal auronzo\" src=\"http:\/\/www.bellunopress.it\/wp-content\/uploads\/2011\/11\/teatro-kursaal-auronzo.jpg\" alt=\"\" width=\"290\" height=\"274\" \/><\/a><figcaption id=\"caption-attachment-32268\" class=\"wp-caption-text\">Teatro Kursaal di Auronzo<\/figcaption><\/figure>\n<p>Lo spettacolo, ispirato ad uno dei classici pi\u00f9 amati della letteratura di tutti i tempi, Cyrano de Bergerac di Edmond Rostand, \u00e8 divertente, spumeggiante, dai tratti fortemente popolari.<\/p>\n<p>In questa rilettura della compagnia La Piccionaia \u0096 I Carrara, agile nell&#8217;inventare suggestioni a cavallo tra l&#8217;immaginario sfrenato dell\u0092invenzione teatrale e la verve ritmica della Commedia dell&#8217;Arte, Cyrano \u00e8 sospeso tra Chaplin e i Colombaioni, tra Kusturica e Fellini.<\/p>\n<p>Rimatore, spadaccino, musicista. Esagerato, ironico, travolgente, idealista. Nemico di qualsiasi ipocrisia e bassezza umana. Cyrano \u00e8 un acrobata della parola, amante appassionato della libert\u00e0. Coraggioso, arde per amore e soffre per il suo invadente naso. Cyrano \u00e8 ode a tutti i diversi. \u00c8 imprudente in amore come in guerra, ama la poesia e le parole, e con quelle combatte, fino alla morte. \u00c8 un funambolo del verso, si batte per testimoniare la vera, profonda libert\u00e0 della poesia. Cyrano non ha paura ad affrontare i ricchi, i potenti, gli egoisti, i mentitori\u0085 e la stupidit\u00e0. Con quel naso Cyrano \u00e8 simile ad un clown dal naso rosso, ed \u00e8 cos\u00ec che ci viene raccontato, con gli occhi del trickster, del lunatico che da centinaia di anni ha il cuore gonfio di poesia e di stupore,\u00a0 cos\u00ec simile a tutti i giocolieri dell&#8217;anima e ai funamboli del sentimento.<\/p>\n<p>In scena Marco Artusi, Eva Rossella Biolo, Matteo Cremon, Gianluigi (Igi) Meggiorin, Beatrice Niero, con il robusto sostegno del &#8220;dramaturg&#8221; Carlo Presotto e la consulenza artistica di Maril Van Den Broeck.<\/p>\n<p>La stagione si concluder\u00e0 sabato 3 marzo, con una straordinaria prova d\u0092attore in cui Stefano Cipiciani interpreta Pompilio, in Ricordi con guerra, la storia di un fascio piccolo piccolo, un personaggio costruito nel tempo con grande cura, raccontato nella sua dimensione umana pi\u00f9 che storico-politica. Nato per un progetto messo in scena da Marco Baliani, il personaggio di Pompilio appartiene ad una galleria di storie sulla Resistenza antifascista che traggono spunto da testi di Italo Calvino e di Beppe Fenoglio.<\/p>\n<p>La Stagione Teatrale \u0093Auronzo di Scena\u0094, per la direzione artistica di Daniela Nicosia, \u00e8 organizzata da Tib Teatro, con il Comune di Auronzo di Cadore e la Fondazione Teatri delle Dolomiti, in collaborazione con Consorzio di Promozione Turistica Auronzo Misurina, la manifestazione \u00e8 realizzata nell\u0092ambito dell\u0092accordo di programma Regione del Veneto-Province del Veneto-Reteventi Cultura 2011-Provincia di Belluno, con il Ministero per i Beni e le Attivit\u00e0 Culturali, e con Il patrocinio della Regione del Veneto, MIUR\u0096USR del Veneto\u0096Ufficio Scolastico Provinciale di Belluno e Agiscuola.<\/p>\n<p>&nbsp;<\/p>\n<p>INFO 0437-950555 <a href=\"http:\/\/www.tibteatro.it\">www.tibteatro.it<\/a> Biglietto unico euro 15,00. Inizio spettacoli ore 20:30. Biglietteria sabato 4 febbraio dalle ore 19.30 presso il Teatro Kursaal<\/p>\n<p>&nbsp;<\/p>\n<p>&nbsp;<\/p>","protected":false},"excerpt":{"rendered":"<p>Nel segno della poesia e del coraggio, sabato 4 febbraio 2012 alle ore 20.30 al Teatro Kursaal di Auronzo di Cadore, il secondo appuntamento della Stagione di Prosa \u0093Auronzo di Scena\u0094 vede in scena Ciran\u00f2 e il suo invadente naso. Lo spettacolo, ispirato ad uno dei classici pi\u00f9 amati della letteratura di tutti i tempi, [&hellip;]<\/p>\n","protected":false},"author":2,"featured_media":0,"comment_status":"closed","ping_status":"open","sticky":false,"template":"","format":"standard","meta":{"footnotes":""},"categories":[27,3,25],"tags":[],"class_list":["post-34606","post","type-post","status-publish","format-standard","category-appuntamenti","category-arte-cultura-spettacoli-scienza-archivi","category-pausa-caffe"],"yoast_head":"<!-- This site is optimized with the Yoast SEO plugin v28.4 - https:\/\/yoast.com\/product\/yoast-seo-wordpress\/ -->\n<title>Sabato al Kursaal di Auronzo va in scena Cyran\u00f2 e il suo travolgente naso - Bellunopress - Dolomiti<\/title>\n<meta name=\"robots\" content=\"index, follow, max-snippet:-1, max-image-preview:large, max-video-preview:-1\" \/>\n<link rel=\"canonical\" href=\"https:\/\/www.bellunopress.it\/fr\/2012\/02\/01\/sabato-al-kursaal-di-auronzo-va-in-scena-cyrano-e-il-suo-travolgente-naso\/\" \/>\n<meta property=\"og:locale\" content=\"fr_FR\" \/>\n<meta property=\"og:type\" content=\"article\" \/>\n<meta property=\"og:title\" content=\"Sabato al Kursaal di Auronzo va in scena Cyran\u00f2 e il suo travolgente naso - Bellunopress - Dolomiti\" \/>\n<meta property=\"og:description\" content=\"Nel segno della poesia e del coraggio, sabato 4 febbraio 2012 alle ore 20.30 al Teatro Kursaal di Auronzo di Cadore, il secondo appuntamento della Stagione di Prosa \u0093Auronzo di Scena\u0094 vede in scena Ciran\u00f2 e il suo invadente naso. Lo spettacolo, ispirato ad uno dei classici pi\u00f9 amati della letteratura di tutti i tempi, [&hellip;]\" \/>\n<meta property=\"og:url\" content=\"https:\/\/www.bellunopress.it\/fr\/2012\/02\/01\/sabato-al-kursaal-di-auronzo-va-in-scena-cyrano-e-il-suo-travolgente-naso\/\" \/>\n<meta property=\"og:site_name\" content=\"Bellunopress - Dolomiti\" \/>\n<meta property=\"article:publisher\" content=\"https:\/\/www.facebook.com\/profile.php?id=100008943462799\" \/>\n<meta property=\"article:published_time\" content=\"2012-02-01T19:43:27+00:00\" \/>\n<meta property=\"og:image\" content=\"http:\/\/www.bellunopress.it\/wp-content\/uploads\/2011\/11\/teatro-kursaal-auronzo.jpg\" \/>\n<meta name=\"author\" content=\"redazione\" \/>\n<meta name=\"twitter:card\" content=\"summary_large_image\" \/>\n<meta name=\"twitter:creator\" content=\"@bellunopress\" \/>\n<meta name=\"twitter:site\" content=\"@bellunopress\" \/>\n<meta name=\"twitter:label1\" content=\"\u00c9crit par\" \/>\n\t<meta name=\"twitter:data1\" content=\"redazione\" \/>\n\t<meta name=\"twitter:label2\" content=\"Dur\u00e9e de lecture estim\u00e9e\" \/>\n\t<meta name=\"twitter:data2\" content=\"2 minutes\" \/>\n<script type=\"application\/ld+json\" class=\"yoast-schema-graph\">{\"@context\":\"https:\\\/\\\/schema.org\",\"@graph\":[{\"@type\":\"Article\",\"@id\":\"https:\\\/\\\/www.bellunopress.it\\\/2012\\\/02\\\/01\\\/sabato-al-kursaal-di-auronzo-va-in-scena-cyrano-e-il-suo-travolgente-naso\\\/#article\",\"isPartOf\":{\"@id\":\"https:\\\/\\\/www.bellunopress.it\\\/2012\\\/02\\\/01\\\/sabato-al-kursaal-di-auronzo-va-in-scena-cyrano-e-il-suo-travolgente-naso\\\/\"},\"author\":{\"name\":\"redazione\",\"@id\":\"https:\\\/\\\/www.bellunopress.it\\\/#\\\/schema\\\/person\\\/79bb06722b37ece1c03d3e94beb30d73\"},\"headline\":\"Sabato al Kursaal di Auronzo va in scena Cyran\u00f2 e il suo travolgente naso\",\"datePublished\":\"2012-02-01T19:43:27+00:00\",\"mainEntityOfPage\":{\"@id\":\"https:\\\/\\\/www.bellunopress.it\\\/2012\\\/02\\\/01\\\/sabato-al-kursaal-di-auronzo-va-in-scena-cyrano-e-il-suo-travolgente-naso\\\/\"},\"wordCount\":492,\"publisher\":{\"@id\":\"https:\\\/\\\/www.bellunopress.it\\\/#organization\"},\"image\":{\"@id\":\"https:\\\/\\\/www.bellunopress.it\\\/2012\\\/02\\\/01\\\/sabato-al-kursaal-di-auronzo-va-in-scena-cyrano-e-il-suo-travolgente-naso\\\/#primaryimage\"},\"thumbnailUrl\":\"http:\\\/\\\/www.bellunopress.it\\\/wp-content\\\/uploads\\\/2011\\\/11\\\/teatro-kursaal-auronzo.jpg\",\"articleSection\":[\"Appuntamenti, Eventi\",\"Arte, Cultura, Spettacoli, Scienza\",\"Pausa Caff\u00e8\"],\"inLanguage\":\"fr-FR\"},{\"@type\":\"WebPage\",\"@id\":\"https:\\\/\\\/www.bellunopress.it\\\/2012\\\/02\\\/01\\\/sabato-al-kursaal-di-auronzo-va-in-scena-cyrano-e-il-suo-travolgente-naso\\\/\",\"url\":\"https:\\\/\\\/www.bellunopress.it\\\/2012\\\/02\\\/01\\\/sabato-al-kursaal-di-auronzo-va-in-scena-cyrano-e-il-suo-travolgente-naso\\\/\",\"name\":\"Sabato al Kursaal di Auronzo va in scena Cyran\u00f2 e il suo travolgente naso - Bellunopress - Dolomiti\",\"isPartOf\":{\"@id\":\"https:\\\/\\\/www.bellunopress.it\\\/#website\"},\"primaryImageOfPage\":{\"@id\":\"https:\\\/\\\/www.bellunopress.it\\\/2012\\\/02\\\/01\\\/sabato-al-kursaal-di-auronzo-va-in-scena-cyrano-e-il-suo-travolgente-naso\\\/#primaryimage\"},\"image\":{\"@id\":\"https:\\\/\\\/www.bellunopress.it\\\/2012\\\/02\\\/01\\\/sabato-al-kursaal-di-auronzo-va-in-scena-cyrano-e-il-suo-travolgente-naso\\\/#primaryimage\"},\"thumbnailUrl\":\"http:\\\/\\\/www.bellunopress.it\\\/wp-content\\\/uploads\\\/2011\\\/11\\\/teatro-kursaal-auronzo.jpg\",\"datePublished\":\"2012-02-01T19:43:27+00:00\",\"breadcrumb\":{\"@id\":\"https:\\\/\\\/www.bellunopress.it\\\/2012\\\/02\\\/01\\\/sabato-al-kursaal-di-auronzo-va-in-scena-cyrano-e-il-suo-travolgente-naso\\\/#breadcrumb\"},\"inLanguage\":\"fr-FR\",\"potentialAction\":[{\"@type\":\"ReadAction\",\"target\":[\"https:\\\/\\\/www.bellunopress.it\\\/2012\\\/02\\\/01\\\/sabato-al-kursaal-di-auronzo-va-in-scena-cyrano-e-il-suo-travolgente-naso\\\/\"]}]},{\"@type\":\"ImageObject\",\"inLanguage\":\"fr-FR\",\"@id\":\"https:\\\/\\\/www.bellunopress.it\\\/2012\\\/02\\\/01\\\/sabato-al-kursaal-di-auronzo-va-in-scena-cyrano-e-il-suo-travolgente-naso\\\/#primaryimage\",\"url\":\"http:\\\/\\\/www.bellunopress.it\\\/wp-content\\\/uploads\\\/2011\\\/11\\\/teatro-kursaal-auronzo.jpg\",\"contentUrl\":\"http:\\\/\\\/www.bellunopress.it\\\/wp-content\\\/uploads\\\/2011\\\/11\\\/teatro-kursaal-auronzo.jpg\"},{\"@type\":\"BreadcrumbList\",\"@id\":\"https:\\\/\\\/www.bellunopress.it\\\/2012\\\/02\\\/01\\\/sabato-al-kursaal-di-auronzo-va-in-scena-cyrano-e-il-suo-travolgente-naso\\\/#breadcrumb\",\"itemListElement\":[{\"@type\":\"ListItem\",\"position\":1,\"name\":\"Home\",\"item\":\"https:\\\/\\\/www.bellunopress.it\\\/\"},{\"@type\":\"ListItem\",\"position\":2,\"name\":\"Sabato al Kursaal di Auronzo va in scena Cyran\u00f2 e il suo travolgente naso\"}]},{\"@type\":\"WebSite\",\"@id\":\"https:\\\/\\\/www.bellunopress.it\\\/#website\",\"url\":\"https:\\\/\\\/www.bellunopress.it\\\/\",\"name\":\"Bellunopress - Dolomiti\",\"description\":\"e-mail: redazione@bellunopress.it\",\"publisher\":{\"@id\":\"https:\\\/\\\/www.bellunopress.it\\\/#organization\"},\"potentialAction\":[{\"@type\":\"SearchAction\",\"target\":{\"@type\":\"EntryPoint\",\"urlTemplate\":\"https:\\\/\\\/www.bellunopress.it\\\/?s={search_term_string}\"},\"query-input\":{\"@type\":\"PropertyValueSpecification\",\"valueRequired\":true,\"valueName\":\"search_term_string\"}}],\"inLanguage\":\"fr-FR\"},{\"@type\":\"Organization\",\"@id\":\"https:\\\/\\\/www.bellunopress.it\\\/#organization\",\"name\":\"Bellunopress\",\"url\":\"https:\\\/\\\/www.bellunopress.it\\\/\",\"logo\":{\"@type\":\"ImageObject\",\"inLanguage\":\"fr-FR\",\"@id\":\"https:\\\/\\\/www.bellunopress.it\\\/#\\\/schema\\\/logo\\\/image\\\/\",\"url\":\"https:\\\/\\\/www.bellunopress.it\\\/wp-content\\\/uploads\\\/2011\\\/05\\\/cropped-logo-bellunopress-.jpg\",\"contentUrl\":\"https:\\\/\\\/www.bellunopress.it\\\/wp-content\\\/uploads\\\/2011\\\/05\\\/cropped-logo-bellunopress-.jpg\",\"width\":512,\"height\":512,\"caption\":\"Bellunopress\"},\"image\":{\"@id\":\"https:\\\/\\\/www.bellunopress.it\\\/#\\\/schema\\\/logo\\\/image\\\/\"},\"sameAs\":[\"https:\\\/\\\/www.facebook.com\\\/profile.php?id=100008943462799\",\"https:\\\/\\\/x.com\\\/bellunopress\",\"https:\\\/\\\/www.linkedin.com\\\/hp\\\/?dnr=JBzUWaJfMUw8vbXJJ2tVW5-I3jZKvC4wsoxE&amp;amp;amp;amp;amp;amp;trk=nav_responsive_tab_home\",\"https:\\\/\\\/www.youtube.com\\\/channel\\\/UCxL0wu1uN0_3_7hGG0306cw\"]},{\"@type\":\"Person\",\"@id\":\"https:\\\/\\\/www.bellunopress.it\\\/#\\\/schema\\\/person\\\/79bb06722b37ece1c03d3e94beb30d73\",\"name\":\"redazione\",\"image\":{\"@type\":\"ImageObject\",\"inLanguage\":\"fr-FR\",\"@id\":\"https:\\\/\\\/secure.gravatar.com\\\/avatar\\\/37d968a2e67a6fd04c169c4bdef102d0bc5d31b2546345219e348575eb80e9a0?s=96&d=mm&r=g\",\"url\":\"https:\\\/\\\/secure.gravatar.com\\\/avatar\\\/37d968a2e67a6fd04c169c4bdef102d0bc5d31b2546345219e348575eb80e9a0?s=96&d=mm&r=g\",\"contentUrl\":\"https:\\\/\\\/secure.gravatar.com\\\/avatar\\\/37d968a2e67a6fd04c169c4bdef102d0bc5d31b2546345219e348575eb80e9a0?s=96&d=mm&r=g\",\"caption\":\"redazione\"},\"sameAs\":[\"http:\\\/\\\/www.bellunopress.it\",\"https:\\\/\\\/x.com\\\/bellunopress\"],\"url\":\"https:\\\/\\\/www.bellunopress.it\\\/fr\\\/author\\\/redazione\\\/\"}]}<\/script>\n<!-- \/ Yoast SEO plugin. -->","yoast_head_json":{"title":"Sabato al Kursaal di Auronzo va in scena Cyran\u00f2 e il suo travolgente naso - Bellunopress - Dolomiti","robots":{"index":"index","follow":"follow","max-snippet":"max-snippet:-1","max-image-preview":"max-image-preview:large","max-video-preview":"max-video-preview:-1"},"canonical":"https:\/\/www.bellunopress.it\/fr\/2012\/02\/01\/sabato-al-kursaal-di-auronzo-va-in-scena-cyrano-e-il-suo-travolgente-naso\/","og_locale":"fr_FR","og_type":"article","og_title":"Sabato al Kursaal di Auronzo va in scena Cyran\u00f2 e il suo travolgente naso - Bellunopress - Dolomiti","og_description":"Nel segno della poesia e del coraggio, sabato 4 febbraio 2012 alle ore 20.30 al Teatro Kursaal di Auronzo di Cadore, il secondo appuntamento della Stagione di Prosa \u0093Auronzo di Scena\u0094 vede in scena Ciran\u00f2 e il suo invadente naso. Lo spettacolo, ispirato ad uno dei classici pi\u00f9 amati della letteratura di tutti i tempi, [&hellip;]","og_url":"https:\/\/www.bellunopress.it\/fr\/2012\/02\/01\/sabato-al-kursaal-di-auronzo-va-in-scena-cyrano-e-il-suo-travolgente-naso\/","og_site_name":"Bellunopress - Dolomiti","article_publisher":"https:\/\/www.facebook.com\/profile.php?id=100008943462799","article_published_time":"2012-02-01T19:43:27+00:00","og_image":[{"url":"http:\/\/www.bellunopress.it\/wp-content\/uploads\/2011\/11\/teatro-kursaal-auronzo.jpg","type":"","width":"","height":""}],"author":"redazione","twitter_card":"summary_large_image","twitter_creator":"@bellunopress","twitter_site":"@bellunopress","twitter_misc":{"\u00c9crit par":"redazione","Dur\u00e9e de lecture estim\u00e9e":"2 minutes"},"schema":{"@context":"https:\/\/schema.org","@graph":[{"@type":"Article","@id":"https:\/\/www.bellunopress.it\/2012\/02\/01\/sabato-al-kursaal-di-auronzo-va-in-scena-cyrano-e-il-suo-travolgente-naso\/#article","isPartOf":{"@id":"https:\/\/www.bellunopress.it\/2012\/02\/01\/sabato-al-kursaal-di-auronzo-va-in-scena-cyrano-e-il-suo-travolgente-naso\/"},"author":{"name":"redazione","@id":"https:\/\/www.bellunopress.it\/#\/schema\/person\/79bb06722b37ece1c03d3e94beb30d73"},"headline":"Sabato al Kursaal di Auronzo va in scena Cyran\u00f2 e il suo travolgente naso","datePublished":"2012-02-01T19:43:27+00:00","mainEntityOfPage":{"@id":"https:\/\/www.bellunopress.it\/2012\/02\/01\/sabato-al-kursaal-di-auronzo-va-in-scena-cyrano-e-il-suo-travolgente-naso\/"},"wordCount":492,"publisher":{"@id":"https:\/\/www.bellunopress.it\/#organization"},"image":{"@id":"https:\/\/www.bellunopress.it\/2012\/02\/01\/sabato-al-kursaal-di-auronzo-va-in-scena-cyrano-e-il-suo-travolgente-naso\/#primaryimage"},"thumbnailUrl":"http:\/\/www.bellunopress.it\/wp-content\/uploads\/2011\/11\/teatro-kursaal-auronzo.jpg","articleSection":["Appuntamenti, Eventi","Arte, Cultura, Spettacoli, Scienza","Pausa Caff\u00e8"],"inLanguage":"fr-FR"},{"@type":"WebPage","@id":"https:\/\/www.bellunopress.it\/2012\/02\/01\/sabato-al-kursaal-di-auronzo-va-in-scena-cyrano-e-il-suo-travolgente-naso\/","url":"https:\/\/www.bellunopress.it\/2012\/02\/01\/sabato-al-kursaal-di-auronzo-va-in-scena-cyrano-e-il-suo-travolgente-naso\/","name":"Sabato al Kursaal di Auronzo va in scena Cyran\u00f2 e il suo travolgente naso - Bellunopress - Dolomiti","isPartOf":{"@id":"https:\/\/www.bellunopress.it\/#website"},"primaryImageOfPage":{"@id":"https:\/\/www.bellunopress.it\/2012\/02\/01\/sabato-al-kursaal-di-auronzo-va-in-scena-cyrano-e-il-suo-travolgente-naso\/#primaryimage"},"image":{"@id":"https:\/\/www.bellunopress.it\/2012\/02\/01\/sabato-al-kursaal-di-auronzo-va-in-scena-cyrano-e-il-suo-travolgente-naso\/#primaryimage"},"thumbnailUrl":"http:\/\/www.bellunopress.it\/wp-content\/uploads\/2011\/11\/teatro-kursaal-auronzo.jpg","datePublished":"2012-02-01T19:43:27+00:00","breadcrumb":{"@id":"https:\/\/www.bellunopress.it\/2012\/02\/01\/sabato-al-kursaal-di-auronzo-va-in-scena-cyrano-e-il-suo-travolgente-naso\/#breadcrumb"},"inLanguage":"fr-FR","potentialAction":[{"@type":"ReadAction","target":["https:\/\/www.bellunopress.it\/2012\/02\/01\/sabato-al-kursaal-di-auronzo-va-in-scena-cyrano-e-il-suo-travolgente-naso\/"]}]},{"@type":"ImageObject","inLanguage":"fr-FR","@id":"https:\/\/www.bellunopress.it\/2012\/02\/01\/sabato-al-kursaal-di-auronzo-va-in-scena-cyrano-e-il-suo-travolgente-naso\/#primaryimage","url":"http:\/\/www.bellunopress.it\/wp-content\/uploads\/2011\/11\/teatro-kursaal-auronzo.jpg","contentUrl":"http:\/\/www.bellunopress.it\/wp-content\/uploads\/2011\/11\/teatro-kursaal-auronzo.jpg"},{"@type":"BreadcrumbList","@id":"https:\/\/www.bellunopress.it\/2012\/02\/01\/sabato-al-kursaal-di-auronzo-va-in-scena-cyrano-e-il-suo-travolgente-naso\/#breadcrumb","itemListElement":[{"@type":"ListItem","position":1,"name":"Home","item":"https:\/\/www.bellunopress.it\/"},{"@type":"ListItem","position":2,"name":"Sabato al Kursaal di Auronzo va in scena Cyran\u00f2 e il suo travolgente naso"}]},{"@type":"WebSite","@id":"https:\/\/www.bellunopress.it\/#website","url":"https:\/\/www.bellunopress.it\/","name":"Bellunopress - Dolomiti","description":"e-mail: redazione@bellunopress.it","publisher":{"@id":"https:\/\/www.bellunopress.it\/#organization"},"potentialAction":[{"@type":"SearchAction","target":{"@type":"EntryPoint","urlTemplate":"https:\/\/www.bellunopress.it\/?s={search_term_string}"},"query-input":{"@type":"PropertyValueSpecification","valueRequired":true,"valueName":"search_term_string"}}],"inLanguage":"fr-FR"},{"@type":"Organization","@id":"https:\/\/www.bellunopress.it\/#organization","name":"Bellunopress","url":"https:\/\/www.bellunopress.it\/","logo":{"@type":"ImageObject","inLanguage":"fr-FR","@id":"https:\/\/www.bellunopress.it\/#\/schema\/logo\/image\/","url":"https:\/\/www.bellunopress.it\/wp-content\/uploads\/2011\/05\/cropped-logo-bellunopress-.jpg","contentUrl":"https:\/\/www.bellunopress.it\/wp-content\/uploads\/2011\/05\/cropped-logo-bellunopress-.jpg","width":512,"height":512,"caption":"Bellunopress"},"image":{"@id":"https:\/\/www.bellunopress.it\/#\/schema\/logo\/image\/"},"sameAs":["https:\/\/www.facebook.com\/profile.php?id=100008943462799","https:\/\/x.com\/bellunopress","https:\/\/www.linkedin.com\/hp\/?dnr=JBzUWaJfMUw8vbXJJ2tVW5-I3jZKvC4wsoxE&amp;amp;amp;amp;amp;amp;trk=nav_responsive_tab_home","https:\/\/www.youtube.com\/channel\/UCxL0wu1uN0_3_7hGG0306cw"]},{"@type":"Person","@id":"https:\/\/www.bellunopress.it\/#\/schema\/person\/79bb06722b37ece1c03d3e94beb30d73","name":"r\u00e9daction","image":{"@type":"ImageObject","inLanguage":"fr-FR","@id":"https:\/\/secure.gravatar.com\/avatar\/37d968a2e67a6fd04c169c4bdef102d0bc5d31b2546345219e348575eb80e9a0?s=96&d=mm&r=g","url":"https:\/\/secure.gravatar.com\/avatar\/37d968a2e67a6fd04c169c4bdef102d0bc5d31b2546345219e348575eb80e9a0?s=96&d=mm&r=g","contentUrl":"https:\/\/secure.gravatar.com\/avatar\/37d968a2e67a6fd04c169c4bdef102d0bc5d31b2546345219e348575eb80e9a0?s=96&d=mm&r=g","caption":"redazione"},"sameAs":["http:\/\/www.bellunopress.it","https:\/\/x.com\/bellunopress"],"url":"https:\/\/www.bellunopress.it\/fr\/author\/redazione\/"}]}},"_links":{"self":[{"href":"https:\/\/www.bellunopress.it\/fr\/wp-json\/wp\/v2\/posts\/34606","targetHints":{"allow":["GET"]}}],"collection":[{"href":"https:\/\/www.bellunopress.it\/fr\/wp-json\/wp\/v2\/posts"}],"about":[{"href":"https:\/\/www.bellunopress.it\/fr\/wp-json\/wp\/v2\/types\/post"}],"author":[{"embeddable":true,"href":"https:\/\/www.bellunopress.it\/fr\/wp-json\/wp\/v2\/users\/2"}],"replies":[{"embeddable":true,"href":"https:\/\/www.bellunopress.it\/fr\/wp-json\/wp\/v2\/comments?post=34606"}],"version-history":[{"count":1,"href":"https:\/\/www.bellunopress.it\/fr\/wp-json\/wp\/v2\/posts\/34606\/revisions"}],"predecessor-version":[{"id":34607,"href":"https:\/\/www.bellunopress.it\/fr\/wp-json\/wp\/v2\/posts\/34606\/revisions\/34607"}],"wp:attachment":[{"href":"https:\/\/www.bellunopress.it\/fr\/wp-json\/wp\/v2\/media?parent=34606"}],"wp:term":[{"taxonomy":"category","embeddable":true,"href":"https:\/\/www.bellunopress.it\/fr\/wp-json\/wp\/v2\/categories?post=34606"},{"taxonomy":"post_tag","embeddable":true,"href":"https:\/\/www.bellunopress.it\/fr\/wp-json\/wp\/v2\/tags?post=34606"}],"curies":[{"name":"wp","href":"https:\/\/api.w.org\/{rel}","templated":true}]}}