{"id":34604,"date":"2012-01-30T20:23:55","date_gmt":"2012-01-30T19:23:55","guid":{"rendered":"http:\/\/www.bellunopress.it\/?p=34604"},"modified":"2012-01-30T20:23:55","modified_gmt":"2012-01-30T19:23:55","slug":"prade-dovera-di-irma-visalli","status":"publish","type":"post","link":"https:\/\/www.bellunopress.it\/fr\/2012\/01\/30\/prade-dovera-di-irma-visalli\/","title":{"rendered":"Prade dov&#8217;era?   * di Irma Visalli"},"content":{"rendered":"<figure id=\"attachment_8677\" aria-describedby=\"caption-attachment-8677\" style=\"width: 226px\" class=\"wp-caption alignleft\"><a href=\"http:\/\/www.bellunopress.it\/wp-content\/uploads\/2009\/10\/irma-visalli-pd.jpg\"><img loading=\"lazy\" decoding=\"async\" class=\"size-full wp-image-8677\" title=\"irma-visalli-pd\" src=\"http:\/\/www.bellunopress.it\/wp-content\/uploads\/2009\/10\/irma-visalli-pd.jpg\" alt=\"\" width=\"226\" height=\"290\" \/><\/a><figcaption id=\"caption-attachment-8677\" class=\"wp-caption-text\">Irma Visalli<\/figcaption><\/figure>\n<p>C\u2019\u00e8 da chiedersi dov\u2019era Prade in questi anni e cosa ha fatto perch\u00e9 Belluno assumesse il proprio ruolo \u201cguida\u201d delle politiche di coesione di cui questo territorio ha bisogno, non oggi ma da sempre. Dov\u2019era il Comune quando l\u2019Ente Provincia e gli Stati Generali , insieme di tutte le forze sociali , economiche, religiose e istituzionali del territorio , hanno prodotto gli ultimi (unici?) documenti unitari e trasversali quali quelli per riprendere in mano la gestione dell\u2019acqua e la proposta di legge per l\u2019Autonomia? Forse era impegnato a rimarcare che Belluno era periferia di Venezia prima che capitale delle Dolomiti. O a tentare lo spostamento della sede Usl , l\u2019affossamento della Sersa e della Fondazione\u00a0 Teatro\u00a0 delle Dolomiti (grandi esempi\u00a0 di coordinamento di servizi sovra-comunali) . Forse dimentica di aver gi\u00e0 partecipato ad una campagna elettorale in cui\u00a0 il centrodestra unito (PDL e Lega)\u00a0 ha fatto la battaglia contro un\u00a0 Ente falsamente proposto come \u201cinutile\u201d perch\u00e9\u00a0 guidato da qualcuno che litigava con questo e con quello proponendo come garanzia la magnifica illusione del filotto locale\/regionale\/nazionale . Sappiamo come \u00e8 andata a finire . Ma anzich\u00e9 nascondersi dietro\u00a0 la storiella della Provincia incapace di tessere relazioni , bastano un paio di progettini per confutare la cosa quali l\u2019accordo interistituzionale per il riconoscimento delle Dolomiti Patrimonio dell\u2019Umanit\u00e0, l\u2019accordo interprovinciale sulla rivitalizzazione del Piave con Treviso e Venezia e l\u2019interreg Piave Drava, o il demanio idrico , le competenze urbanistiche e sulla difesa idrogeologica\u00a0 , forse sarebbe opportuno una riflessione seria e costruttiva fatta per\u00f2 con onest\u00e0 intellettuale e chiarezza istituzionale. Forse bisognerebbe dichiarare\u00a0 che l\u2019Ente Provincia serve.\u00a0 E serve una battaglia coesa per far s\u00ec che diventi un consorzio di secondo livello come proposto da qualcuno. Serve perch\u00e9\u00a0 in questi mesi tutti\u00a0 abbiamo assistito allo sfaldamento del territorio e la iper-frammentazione delle azioni. Serve perch\u00e9 ormai \u00e8 chiaro che\u00a0 non ci sar\u00e0 mai l\u2019unit\u00e0 d\u2019intenti senza una visione d\u2019insieme dell\u2019area vasta bellunese . Ancora di pi\u00f9 serve oggi\u00a0 che al\u00a0 bellunese \u00e8 stata riconosciuta la specificit\u00e0\u00a0 nel Veneto e alla Provincia\u00a0 devono essere trasferite competenze e risorse per l\u2019 auto-governo. Partiamo da qu\u00ec. Certi che serve il\u00a0 riscatto di un progetto culturale e politico che coniughi esigenze dei singoli\u00a0 con la forza di una piattaforma territoriale ampia, forse persino oltre i perimetri storici della provincia . Perch\u00e8 l\u2019insieme \u00e8 molto di pi\u00f9 della somma delle singole parti.<\/p>\n<p>Irma Visalli &#8211; Partito Democratico<\/p>","protected":false},"excerpt":{"rendered":"<p>C\u2019\u00e8 da chiedersi dov\u2019era Prade in questi anni e cosa ha fatto perch\u00e9 Belluno assumesse il proprio ruolo \u201cguida\u201d delle politiche di coesione di cui questo territorio ha bisogno, non oggi ma da sempre. Dov\u2019era il Comune quando l\u2019Ente Provincia e gli Stati Generali , insieme di tutte le forze sociali , economiche, religiose e [&hellip;]<\/p>\n","protected":false},"author":2,"featured_media":0,"comment_status":"closed","ping_status":"open","sticky":false,"template":"","format":"standard","meta":{"footnotes":""},"categories":[5,1,26],"tags":[],"class_list":["post-34604","post","type-post","status-publish","format-standard","category-cronaca","category-leo","category-prima-pagina"],"yoast_head":"<!-- This site is optimized with the Yoast SEO plugin v28.4 - https:\/\/yoast.com\/product\/yoast-seo-wordpress\/ -->\n<title>Prade dov&#039;era?  * di Irma Visalli - Bellunopress - Dolomiti<\/title>\n<meta name=\"robots\" content=\"index, follow, max-snippet:-1, max-image-preview:large, max-video-preview:-1\" \/>\n<link rel=\"canonical\" href=\"https:\/\/www.bellunopress.it\/fr\/2012\/01\/30\/prade-dovera-di-irma-visalli\/\" \/>\n<meta property=\"og:locale\" content=\"fr_FR\" \/>\n<meta property=\"og:type\" content=\"article\" \/>\n<meta property=\"og:title\" content=\"Prade dov&#039;era?  * di Irma Visalli - Bellunopress - Dolomiti\" \/>\n<meta property=\"og:description\" content=\"C\u2019\u00e8 da chiedersi dov\u2019era Prade in questi anni e cosa ha fatto perch\u00e9 Belluno assumesse il proprio ruolo \u201cguida\u201d delle politiche di coesione di cui questo territorio ha bisogno, non oggi ma da sempre. Dov\u2019era il Comune quando l\u2019Ente Provincia e gli Stati Generali , insieme di tutte le forze sociali , economiche, religiose e [&hellip;]\" \/>\n<meta property=\"og:url\" content=\"https:\/\/www.bellunopress.it\/fr\/2012\/01\/30\/prade-dovera-di-irma-visalli\/\" \/>\n<meta property=\"og:site_name\" content=\"Bellunopress - Dolomiti\" \/>\n<meta property=\"article:publisher\" content=\"https:\/\/www.facebook.com\/profile.php?id=100008943462799\" \/>\n<meta property=\"article:published_time\" content=\"2012-01-30T19:23:55+00:00\" \/>\n<meta property=\"og:image\" content=\"http:\/\/www.bellunopress.it\/wp-content\/uploads\/2009\/10\/irma-visalli-pd.jpg\" \/>\n<meta name=\"author\" content=\"redazione\" \/>\n<meta name=\"twitter:card\" content=\"summary_large_image\" \/>\n<meta name=\"twitter:creator\" content=\"@bellunopress\" \/>\n<meta name=\"twitter:site\" content=\"@bellunopress\" \/>\n<meta name=\"twitter:label1\" content=\"\u00c9crit par\" \/>\n\t<meta name=\"twitter:data1\" content=\"redazione\" \/>\n\t<meta name=\"twitter:label2\" content=\"Dur\u00e9e de lecture estim\u00e9e\" \/>\n\t<meta name=\"twitter:data2\" content=\"2 minutes\" \/>\n<script type=\"application\/ld+json\" class=\"yoast-schema-graph\">{\"@context\":\"https:\\\/\\\/schema.org\",\"@graph\":[{\"@type\":\"Article\",\"@id\":\"https:\\\/\\\/www.bellunopress.it\\\/2012\\\/01\\\/30\\\/prade-dovera-di-irma-visalli\\\/#article\",\"isPartOf\":{\"@id\":\"https:\\\/\\\/www.bellunopress.it\\\/2012\\\/01\\\/30\\\/prade-dovera-di-irma-visalli\\\/\"},\"author\":{\"name\":\"redazione\",\"@id\":\"https:\\\/\\\/www.bellunopress.it\\\/#\\\/schema\\\/person\\\/79bb06722b37ece1c03d3e94beb30d73\"},\"headline\":\"Prade dov&#8217;era? * di Irma Visalli\",\"datePublished\":\"2012-01-30T19:23:55+00:00\",\"mainEntityOfPage\":{\"@id\":\"https:\\\/\\\/www.bellunopress.it\\\/2012\\\/01\\\/30\\\/prade-dovera-di-irma-visalli\\\/\"},\"wordCount\":418,\"publisher\":{\"@id\":\"https:\\\/\\\/www.bellunopress.it\\\/#organization\"},\"image\":{\"@id\":\"https:\\\/\\\/www.bellunopress.it\\\/2012\\\/01\\\/30\\\/prade-dovera-di-irma-visalli\\\/#primaryimage\"},\"thumbnailUrl\":\"http:\\\/\\\/www.bellunopress.it\\\/wp-content\\\/uploads\\\/2009\\\/10\\\/irma-visalli-pd.jpg\",\"articleSection\":[\"Cronaca\\\/Politica\",\"Lettere Opinioni\",\"Prima Pagina\"],\"inLanguage\":\"fr-FR\"},{\"@type\":\"WebPage\",\"@id\":\"https:\\\/\\\/www.bellunopress.it\\\/2012\\\/01\\\/30\\\/prade-dovera-di-irma-visalli\\\/\",\"url\":\"https:\\\/\\\/www.bellunopress.it\\\/2012\\\/01\\\/30\\\/prade-dovera-di-irma-visalli\\\/\",\"name\":\"Prade dov'era? * di Irma Visalli - Bellunopress - Dolomiti\",\"isPartOf\":{\"@id\":\"https:\\\/\\\/www.bellunopress.it\\\/#website\"},\"primaryImageOfPage\":{\"@id\":\"https:\\\/\\\/www.bellunopress.it\\\/2012\\\/01\\\/30\\\/prade-dovera-di-irma-visalli\\\/#primaryimage\"},\"image\":{\"@id\":\"https:\\\/\\\/www.bellunopress.it\\\/2012\\\/01\\\/30\\\/prade-dovera-di-irma-visalli\\\/#primaryimage\"},\"thumbnailUrl\":\"http:\\\/\\\/www.bellunopress.it\\\/wp-content\\\/uploads\\\/2009\\\/10\\\/irma-visalli-pd.jpg\",\"datePublished\":\"2012-01-30T19:23:55+00:00\",\"breadcrumb\":{\"@id\":\"https:\\\/\\\/www.bellunopress.it\\\/2012\\\/01\\\/30\\\/prade-dovera-di-irma-visalli\\\/#breadcrumb\"},\"inLanguage\":\"fr-FR\",\"potentialAction\":[{\"@type\":\"ReadAction\",\"target\":[\"https:\\\/\\\/www.bellunopress.it\\\/2012\\\/01\\\/30\\\/prade-dovera-di-irma-visalli\\\/\"]}]},{\"@type\":\"ImageObject\",\"inLanguage\":\"fr-FR\",\"@id\":\"https:\\\/\\\/www.bellunopress.it\\\/2012\\\/01\\\/30\\\/prade-dovera-di-irma-visalli\\\/#primaryimage\",\"url\":\"http:\\\/\\\/www.bellunopress.it\\\/wp-content\\\/uploads\\\/2009\\\/10\\\/irma-visalli-pd.jpg\",\"contentUrl\":\"http:\\\/\\\/www.bellunopress.it\\\/wp-content\\\/uploads\\\/2009\\\/10\\\/irma-visalli-pd.jpg\"},{\"@type\":\"BreadcrumbList\",\"@id\":\"https:\\\/\\\/www.bellunopress.it\\\/2012\\\/01\\\/30\\\/prade-dovera-di-irma-visalli\\\/#breadcrumb\",\"itemListElement\":[{\"@type\":\"ListItem\",\"position\":1,\"name\":\"Home\",\"item\":\"https:\\\/\\\/www.bellunopress.it\\\/\"},{\"@type\":\"ListItem\",\"position\":2,\"name\":\"Prade dov&#8217;era? * di Irma Visalli\"}]},{\"@type\":\"WebSite\",\"@id\":\"https:\\\/\\\/www.bellunopress.it\\\/#website\",\"url\":\"https:\\\/\\\/www.bellunopress.it\\\/\",\"name\":\"Bellunopress - Dolomiti\",\"description\":\"e-mail: redazione@bellunopress.it\",\"publisher\":{\"@id\":\"https:\\\/\\\/www.bellunopress.it\\\/#organization\"},\"potentialAction\":[{\"@type\":\"SearchAction\",\"target\":{\"@type\":\"EntryPoint\",\"urlTemplate\":\"https:\\\/\\\/www.bellunopress.it\\\/?s={search_term_string}\"},\"query-input\":{\"@type\":\"PropertyValueSpecification\",\"valueRequired\":true,\"valueName\":\"search_term_string\"}}],\"inLanguage\":\"fr-FR\"},{\"@type\":\"Organization\",\"@id\":\"https:\\\/\\\/www.bellunopress.it\\\/#organization\",\"name\":\"Bellunopress\",\"url\":\"https:\\\/\\\/www.bellunopress.it\\\/\",\"logo\":{\"@type\":\"ImageObject\",\"inLanguage\":\"fr-FR\",\"@id\":\"https:\\\/\\\/www.bellunopress.it\\\/#\\\/schema\\\/logo\\\/image\\\/\",\"url\":\"https:\\\/\\\/www.bellunopress.it\\\/wp-content\\\/uploads\\\/2011\\\/05\\\/cropped-logo-bellunopress-.jpg\",\"contentUrl\":\"https:\\\/\\\/www.bellunopress.it\\\/wp-content\\\/uploads\\\/2011\\\/05\\\/cropped-logo-bellunopress-.jpg\",\"width\":512,\"height\":512,\"caption\":\"Bellunopress\"},\"image\":{\"@id\":\"https:\\\/\\\/www.bellunopress.it\\\/#\\\/schema\\\/logo\\\/image\\\/\"},\"sameAs\":[\"https:\\\/\\\/www.facebook.com\\\/profile.php?id=100008943462799\",\"https:\\\/\\\/x.com\\\/bellunopress\",\"https:\\\/\\\/www.linkedin.com\\\/hp\\\/?dnr=JBzUWaJfMUw8vbXJJ2tVW5-I3jZKvC4wsoxE&amp;amp;amp;amp;amp;amp;trk=nav_responsive_tab_home\",\"https:\\\/\\\/www.youtube.com\\\/channel\\\/UCxL0wu1uN0_3_7hGG0306cw\"]},{\"@type\":\"Person\",\"@id\":\"https:\\\/\\\/www.bellunopress.it\\\/#\\\/schema\\\/person\\\/79bb06722b37ece1c03d3e94beb30d73\",\"name\":\"redazione\",\"image\":{\"@type\":\"ImageObject\",\"inLanguage\":\"fr-FR\",\"@id\":\"https:\\\/\\\/secure.gravatar.com\\\/avatar\\\/37d968a2e67a6fd04c169c4bdef102d0bc5d31b2546345219e348575eb80e9a0?s=96&d=mm&r=g\",\"url\":\"https:\\\/\\\/secure.gravatar.com\\\/avatar\\\/37d968a2e67a6fd04c169c4bdef102d0bc5d31b2546345219e348575eb80e9a0?s=96&d=mm&r=g\",\"contentUrl\":\"https:\\\/\\\/secure.gravatar.com\\\/avatar\\\/37d968a2e67a6fd04c169c4bdef102d0bc5d31b2546345219e348575eb80e9a0?s=96&d=mm&r=g\",\"caption\":\"redazione\"},\"sameAs\":[\"http:\\\/\\\/www.bellunopress.it\",\"https:\\\/\\\/x.com\\\/bellunopress\"],\"url\":\"https:\\\/\\\/www.bellunopress.it\\\/fr\\\/author\\\/redazione\\\/\"}]}<\/script>\n<!-- \/ Yoast SEO plugin. -->","yoast_head_json":{"title":"Prade dov'era?  * di Irma Visalli - Bellunopress - Dolomiti","robots":{"index":"index","follow":"follow","max-snippet":"max-snippet:-1","max-image-preview":"max-image-preview:large","max-video-preview":"max-video-preview:-1"},"canonical":"https:\/\/www.bellunopress.it\/fr\/2012\/01\/30\/prade-dovera-di-irma-visalli\/","og_locale":"fr_FR","og_type":"article","og_title":"Prade dov'era?  * di Irma Visalli - Bellunopress - Dolomiti","og_description":"C\u2019\u00e8 da chiedersi dov\u2019era Prade in questi anni e cosa ha fatto perch\u00e9 Belluno assumesse il proprio ruolo \u201cguida\u201d delle politiche di coesione di cui questo territorio ha bisogno, non oggi ma da sempre. Dov\u2019era il Comune quando l\u2019Ente Provincia e gli Stati Generali , insieme di tutte le forze sociali , economiche, religiose e [&hellip;]","og_url":"https:\/\/www.bellunopress.it\/fr\/2012\/01\/30\/prade-dovera-di-irma-visalli\/","og_site_name":"Bellunopress - Dolomiti","article_publisher":"https:\/\/www.facebook.com\/profile.php?id=100008943462799","article_published_time":"2012-01-30T19:23:55+00:00","og_image":[{"url":"http:\/\/www.bellunopress.it\/wp-content\/uploads\/2009\/10\/irma-visalli-pd.jpg","type":"","width":"","height":""}],"author":"redazione","twitter_card":"summary_large_image","twitter_creator":"@bellunopress","twitter_site":"@bellunopress","twitter_misc":{"\u00c9crit par":"redazione","Dur\u00e9e de lecture estim\u00e9e":"2 minutes"},"schema":{"@context":"https:\/\/schema.org","@graph":[{"@type":"Article","@id":"https:\/\/www.bellunopress.it\/2012\/01\/30\/prade-dovera-di-irma-visalli\/#article","isPartOf":{"@id":"https:\/\/www.bellunopress.it\/2012\/01\/30\/prade-dovera-di-irma-visalli\/"},"author":{"name":"redazione","@id":"https:\/\/www.bellunopress.it\/#\/schema\/person\/79bb06722b37ece1c03d3e94beb30d73"},"headline":"Prade dov&#8217;era? * di Irma Visalli","datePublished":"2012-01-30T19:23:55+00:00","mainEntityOfPage":{"@id":"https:\/\/www.bellunopress.it\/2012\/01\/30\/prade-dovera-di-irma-visalli\/"},"wordCount":418,"publisher":{"@id":"https:\/\/www.bellunopress.it\/#organization"},"image":{"@id":"https:\/\/www.bellunopress.it\/2012\/01\/30\/prade-dovera-di-irma-visalli\/#primaryimage"},"thumbnailUrl":"http:\/\/www.bellunopress.it\/wp-content\/uploads\/2009\/10\/irma-visalli-pd.jpg","articleSection":["Cronaca\/Politica","Lettere Opinioni","Prima Pagina"],"inLanguage":"fr-FR"},{"@type":"WebPage","@id":"https:\/\/www.bellunopress.it\/2012\/01\/30\/prade-dovera-di-irma-visalli\/","url":"https:\/\/www.bellunopress.it\/2012\/01\/30\/prade-dovera-di-irma-visalli\/","name":"Prade dov'era? * di Irma Visalli - Bellunopress - Dolomiti","isPartOf":{"@id":"https:\/\/www.bellunopress.it\/#website"},"primaryImageOfPage":{"@id":"https:\/\/www.bellunopress.it\/2012\/01\/30\/prade-dovera-di-irma-visalli\/#primaryimage"},"image":{"@id":"https:\/\/www.bellunopress.it\/2012\/01\/30\/prade-dovera-di-irma-visalli\/#primaryimage"},"thumbnailUrl":"http:\/\/www.bellunopress.it\/wp-content\/uploads\/2009\/10\/irma-visalli-pd.jpg","datePublished":"2012-01-30T19:23:55+00:00","breadcrumb":{"@id":"https:\/\/www.bellunopress.it\/2012\/01\/30\/prade-dovera-di-irma-visalli\/#breadcrumb"},"inLanguage":"fr-FR","potentialAction":[{"@type":"ReadAction","target":["https:\/\/www.bellunopress.it\/2012\/01\/30\/prade-dovera-di-irma-visalli\/"]}]},{"@type":"ImageObject","inLanguage":"fr-FR","@id":"https:\/\/www.bellunopress.it\/2012\/01\/30\/prade-dovera-di-irma-visalli\/#primaryimage","url":"http:\/\/www.bellunopress.it\/wp-content\/uploads\/2009\/10\/irma-visalli-pd.jpg","contentUrl":"http:\/\/www.bellunopress.it\/wp-content\/uploads\/2009\/10\/irma-visalli-pd.jpg"},{"@type":"BreadcrumbList","@id":"https:\/\/www.bellunopress.it\/2012\/01\/30\/prade-dovera-di-irma-visalli\/#breadcrumb","itemListElement":[{"@type":"ListItem","position":1,"name":"Home","item":"https:\/\/www.bellunopress.it\/"},{"@type":"ListItem","position":2,"name":"Prade dov&#8217;era? * di Irma Visalli"}]},{"@type":"WebSite","@id":"https:\/\/www.bellunopress.it\/#website","url":"https:\/\/www.bellunopress.it\/","name":"Bellunopress - Dolomiti","description":"e-mail: redazione@bellunopress.it","publisher":{"@id":"https:\/\/www.bellunopress.it\/#organization"},"potentialAction":[{"@type":"SearchAction","target":{"@type":"EntryPoint","urlTemplate":"https:\/\/www.bellunopress.it\/?s={search_term_string}"},"query-input":{"@type":"PropertyValueSpecification","valueRequired":true,"valueName":"search_term_string"}}],"inLanguage":"fr-FR"},{"@type":"Organization","@id":"https:\/\/www.bellunopress.it\/#organization","name":"Bellunopress","url":"https:\/\/www.bellunopress.it\/","logo":{"@type":"ImageObject","inLanguage":"fr-FR","@id":"https:\/\/www.bellunopress.it\/#\/schema\/logo\/image\/","url":"https:\/\/www.bellunopress.it\/wp-content\/uploads\/2011\/05\/cropped-logo-bellunopress-.jpg","contentUrl":"https:\/\/www.bellunopress.it\/wp-content\/uploads\/2011\/05\/cropped-logo-bellunopress-.jpg","width":512,"height":512,"caption":"Bellunopress"},"image":{"@id":"https:\/\/www.bellunopress.it\/#\/schema\/logo\/image\/"},"sameAs":["https:\/\/www.facebook.com\/profile.php?id=100008943462799","https:\/\/x.com\/bellunopress","https:\/\/www.linkedin.com\/hp\/?dnr=JBzUWaJfMUw8vbXJJ2tVW5-I3jZKvC4wsoxE&amp;amp;amp;amp;amp;amp;trk=nav_responsive_tab_home","https:\/\/www.youtube.com\/channel\/UCxL0wu1uN0_3_7hGG0306cw"]},{"@type":"Person","@id":"https:\/\/www.bellunopress.it\/#\/schema\/person\/79bb06722b37ece1c03d3e94beb30d73","name":"r\u00e9daction","image":{"@type":"ImageObject","inLanguage":"fr-FR","@id":"https:\/\/secure.gravatar.com\/avatar\/37d968a2e67a6fd04c169c4bdef102d0bc5d31b2546345219e348575eb80e9a0?s=96&d=mm&r=g","url":"https:\/\/secure.gravatar.com\/avatar\/37d968a2e67a6fd04c169c4bdef102d0bc5d31b2546345219e348575eb80e9a0?s=96&d=mm&r=g","contentUrl":"https:\/\/secure.gravatar.com\/avatar\/37d968a2e67a6fd04c169c4bdef102d0bc5d31b2546345219e348575eb80e9a0?s=96&d=mm&r=g","caption":"redazione"},"sameAs":["http:\/\/www.bellunopress.it","https:\/\/x.com\/bellunopress"],"url":"https:\/\/www.bellunopress.it\/fr\/author\/redazione\/"}]}},"_links":{"self":[{"href":"https:\/\/www.bellunopress.it\/fr\/wp-json\/wp\/v2\/posts\/34604","targetHints":{"allow":["GET"]}}],"collection":[{"href":"https:\/\/www.bellunopress.it\/fr\/wp-json\/wp\/v2\/posts"}],"about":[{"href":"https:\/\/www.bellunopress.it\/fr\/wp-json\/wp\/v2\/types\/post"}],"author":[{"embeddable":true,"href":"https:\/\/www.bellunopress.it\/fr\/wp-json\/wp\/v2\/users\/2"}],"replies":[{"embeddable":true,"href":"https:\/\/www.bellunopress.it\/fr\/wp-json\/wp\/v2\/comments?post=34604"}],"version-history":[{"count":1,"href":"https:\/\/www.bellunopress.it\/fr\/wp-json\/wp\/v2\/posts\/34604\/revisions"}],"predecessor-version":[{"id":34605,"href":"https:\/\/www.bellunopress.it\/fr\/wp-json\/wp\/v2\/posts\/34604\/revisions\/34605"}],"wp:attachment":[{"href":"https:\/\/www.bellunopress.it\/fr\/wp-json\/wp\/v2\/media?parent=34604"}],"wp:term":[{"taxonomy":"category","embeddable":true,"href":"https:\/\/www.bellunopress.it\/fr\/wp-json\/wp\/v2\/categories?post=34604"},{"taxonomy":"post_tag","embeddable":true,"href":"https:\/\/www.bellunopress.it\/fr\/wp-json\/wp\/v2\/tags?post=34604"}],"curies":[{"name":"wp","href":"https:\/\/api.w.org\/{rel}","templated":true}]}}