{"id":34602,"date":"2012-01-30T20:19:44","date_gmt":"2012-01-30T19:19:44","guid":{"rendered":"http:\/\/www.bellunopress.it\/?p=34602"},"modified":"2012-01-30T20:19:44","modified_gmt":"2012-01-30T19:19:44","slug":"dinverno-a-tavola-venerdi-protagonista-il-ristorante-alla-stanga","status":"publish","type":"post","link":"https:\/\/www.bellunopress.it\/fr\/2012\/01\/30\/dinverno-a-tavola-venerdi-protagonista-il-ristorante-alla-stanga\/","title":{"rendered":"\u201cD&#8217;Inverno a Tavola\u201d: venerd\u00ec protagonista il ristorante \u201cAlla Stanga\u201d"},"content":{"rendered":"<p>Il ristorante \u201cAlla Stanga\u201d in comune di Sedico interpreta la terza tappa della rassegna eno-gastronomica \u201cD\u2019Inverno a tavola\u201d. Il prossimo venerd\u00ec 3 febbraio alle 20:00 l\u2019antico locale lungo la direttrice agordina condotto da Luca De Cia e Patrizia Da Re sar\u00e0 il fulcro di una serata gastronomica in linea con la grande tradizione del ristorante. Il menu prevede: trilogia di radicchio trevigiano; crema di cipolle con crostini di pane nero al miele d&#8217;acacia; tortelli invernali (su questo piatto si svolger\u00e0 il concorso \u201cChef per un piatto\u201d con in palio una cena per il pi\u00f9 bravo nell\u2019indovinare gli ingredienti); guanciale di vitello brasato al vino rosso; guarniture di stagione; selezione di formaggi (tutti della Strada dei formaggi e dei sapori) con miele; sfogliatine di mele con spuma al rhum. Prenotazioni allo 0437 87611 o <a href=\"mailto:info@ristoranteallastanga.it\">info@ristoranteallastanga.it<\/a><\/p>","protected":false},"excerpt":{"rendered":"<p>Il ristorante \u201cAlla Stanga\u201d in comune di Sedico interpreta la terza tappa della rassegna eno-gastronomica \u201cD\u2019Inverno a tavola\u201d. Il prossimo venerd\u00ec 3 febbraio alle 20:00 l\u2019antico locale lungo la direttrice agordina condotto da Luca De Cia e Patrizia Da Re sar\u00e0 il fulcro di una serata gastronomica in linea con la grande tradizione del ristorante. [&hellip;]<\/p>\n","protected":false},"author":2,"featured_media":0,"comment_status":"closed","ping_status":"open","sticky":false,"template":"","format":"standard","meta":{"footnotes":""},"categories":[27,25],"tags":[],"class_list":["post-34602","post","type-post","status-publish","format-standard","category-appuntamenti","category-pausa-caffe"],"yoast_head":"<!-- This site is optimized with the Yoast SEO plugin v28.4 - https:\/\/yoast.com\/product\/yoast-seo-wordpress\/ -->\n<title>\u201cD&#039;Inverno a Tavola\u201d: venerd\u00ec protagonista il ristorante \u201cAlla Stanga\u201d - Bellunopress - Dolomiti<\/title>\n<meta name=\"robots\" content=\"index, follow, max-snippet:-1, max-image-preview:large, max-video-preview:-1\" \/>\n<link rel=\"canonical\" href=\"https:\/\/www.bellunopress.it\/fr\/2012\/01\/30\/dinverno-a-tavola-venerdi-protagonista-il-ristorante-alla-stanga\/\" \/>\n<meta property=\"og:locale\" content=\"fr_FR\" \/>\n<meta property=\"og:type\" content=\"article\" \/>\n<meta property=\"og:title\" content=\"\u201cD&#039;Inverno a Tavola\u201d: venerd\u00ec protagonista il ristorante \u201cAlla Stanga\u201d - Bellunopress - Dolomiti\" \/>\n<meta property=\"og:description\" content=\"Il ristorante \u201cAlla Stanga\u201d in comune di Sedico interpreta la terza tappa della rassegna eno-gastronomica \u201cD\u2019Inverno a tavola\u201d. Il prossimo venerd\u00ec 3 febbraio alle 20:00 l\u2019antico locale lungo la direttrice agordina condotto da Luca De Cia e Patrizia Da Re sar\u00e0 il fulcro di una serata gastronomica in linea con la grande tradizione del ristorante. [&hellip;]\" \/>\n<meta property=\"og:url\" content=\"https:\/\/www.bellunopress.it\/fr\/2012\/01\/30\/dinverno-a-tavola-venerdi-protagonista-il-ristorante-alla-stanga\/\" \/>\n<meta property=\"og:site_name\" content=\"Bellunopress - Dolomiti\" \/>\n<meta property=\"article:publisher\" content=\"https:\/\/www.facebook.com\/profile.php?id=100008943462799\" \/>\n<meta property=\"article:published_time\" content=\"2012-01-30T19:19:44+00:00\" \/>\n<meta property=\"og:image\" content=\"http:\/\/www.bellunopress.it\/wp-content\/uploads\/2012\/07\/logo-bellunopress-250x250-2012.jpg\" \/>\n<meta name=\"author\" content=\"redazione\" \/>\n<meta name=\"twitter:card\" content=\"summary_large_image\" \/>\n<meta name=\"twitter:creator\" content=\"@bellunopress\" \/>\n<meta name=\"twitter:site\" content=\"@bellunopress\" \/>\n<meta name=\"twitter:label1\" content=\"\u00c9crit par\" \/>\n\t<meta name=\"twitter:data1\" content=\"redazione\" \/>\n\t<meta name=\"twitter:label2\" content=\"Dur\u00e9e de lecture estim\u00e9e\" \/>\n\t<meta name=\"twitter:data2\" content=\"1 minute\" \/>\n<script type=\"application\/ld+json\" class=\"yoast-schema-graph\">{\"@context\":\"https:\\\/\\\/schema.org\",\"@graph\":[{\"@type\":\"Article\",\"@id\":\"https:\\\/\\\/www.bellunopress.it\\\/2012\\\/01\\\/30\\\/dinverno-a-tavola-venerdi-protagonista-il-ristorante-alla-stanga\\\/#article\",\"isPartOf\":{\"@id\":\"https:\\\/\\\/www.bellunopress.it\\\/2012\\\/01\\\/30\\\/dinverno-a-tavola-venerdi-protagonista-il-ristorante-alla-stanga\\\/\"},\"author\":{\"name\":\"redazione\",\"@id\":\"https:\\\/\\\/www.bellunopress.it\\\/#\\\/schema\\\/person\\\/79bb06722b37ece1c03d3e94beb30d73\"},\"headline\":\"\u201cD&#8217;Inverno a Tavola\u201d: venerd\u00ec protagonista il ristorante \u201cAlla Stanga\u201d\",\"datePublished\":\"2012-01-30T19:19:44+00:00\",\"mainEntityOfPage\":{\"@id\":\"https:\\\/\\\/www.bellunopress.it\\\/2012\\\/01\\\/30\\\/dinverno-a-tavola-venerdi-protagonista-il-ristorante-alla-stanga\\\/\"},\"wordCount\":146,\"publisher\":{\"@id\":\"https:\\\/\\\/www.bellunopress.it\\\/#organization\"},\"articleSection\":[\"Appuntamenti, Eventi\",\"Pausa Caff\u00e8\"],\"inLanguage\":\"fr-FR\"},{\"@type\":\"WebPage\",\"@id\":\"https:\\\/\\\/www.bellunopress.it\\\/2012\\\/01\\\/30\\\/dinverno-a-tavola-venerdi-protagonista-il-ristorante-alla-stanga\\\/\",\"url\":\"https:\\\/\\\/www.bellunopress.it\\\/2012\\\/01\\\/30\\\/dinverno-a-tavola-venerdi-protagonista-il-ristorante-alla-stanga\\\/\",\"name\":\"\u201cD'Inverno a Tavola\u201d: venerd\u00ec protagonista il ristorante \u201cAlla Stanga\u201d - Bellunopress - Dolomiti\",\"isPartOf\":{\"@id\":\"https:\\\/\\\/www.bellunopress.it\\\/#website\"},\"datePublished\":\"2012-01-30T19:19:44+00:00\",\"breadcrumb\":{\"@id\":\"https:\\\/\\\/www.bellunopress.it\\\/2012\\\/01\\\/30\\\/dinverno-a-tavola-venerdi-protagonista-il-ristorante-alla-stanga\\\/#breadcrumb\"},\"inLanguage\":\"fr-FR\",\"potentialAction\":[{\"@type\":\"ReadAction\",\"target\":[\"https:\\\/\\\/www.bellunopress.it\\\/2012\\\/01\\\/30\\\/dinverno-a-tavola-venerdi-protagonista-il-ristorante-alla-stanga\\\/\"]}]},{\"@type\":\"BreadcrumbList\",\"@id\":\"https:\\\/\\\/www.bellunopress.it\\\/2012\\\/01\\\/30\\\/dinverno-a-tavola-venerdi-protagonista-il-ristorante-alla-stanga\\\/#breadcrumb\",\"itemListElement\":[{\"@type\":\"ListItem\",\"position\":1,\"name\":\"Home\",\"item\":\"https:\\\/\\\/www.bellunopress.it\\\/\"},{\"@type\":\"ListItem\",\"position\":2,\"name\":\"\u201cD&#8217;Inverno a Tavola\u201d: venerd\u00ec protagonista il ristorante \u201cAlla Stanga\u201d\"}]},{\"@type\":\"WebSite\",\"@id\":\"https:\\\/\\\/www.bellunopress.it\\\/#website\",\"url\":\"https:\\\/\\\/www.bellunopress.it\\\/\",\"name\":\"Bellunopress - Dolomiti\",\"description\":\"e-mail: redazione@bellunopress.it\",\"publisher\":{\"@id\":\"https:\\\/\\\/www.bellunopress.it\\\/#organization\"},\"potentialAction\":[{\"@type\":\"SearchAction\",\"target\":{\"@type\":\"EntryPoint\",\"urlTemplate\":\"https:\\\/\\\/www.bellunopress.it\\\/?s={search_term_string}\"},\"query-input\":{\"@type\":\"PropertyValueSpecification\",\"valueRequired\":true,\"valueName\":\"search_term_string\"}}],\"inLanguage\":\"fr-FR\"},{\"@type\":\"Organization\",\"@id\":\"https:\\\/\\\/www.bellunopress.it\\\/#organization\",\"name\":\"Bellunopress\",\"url\":\"https:\\\/\\\/www.bellunopress.it\\\/\",\"logo\":{\"@type\":\"ImageObject\",\"inLanguage\":\"fr-FR\",\"@id\":\"https:\\\/\\\/www.bellunopress.it\\\/#\\\/schema\\\/logo\\\/image\\\/\",\"url\":\"https:\\\/\\\/www.bellunopress.it\\\/wp-content\\\/uploads\\\/2011\\\/05\\\/cropped-logo-bellunopress-.jpg\",\"contentUrl\":\"https:\\\/\\\/www.bellunopress.it\\\/wp-content\\\/uploads\\\/2011\\\/05\\\/cropped-logo-bellunopress-.jpg\",\"width\":512,\"height\":512,\"caption\":\"Bellunopress\"},\"image\":{\"@id\":\"https:\\\/\\\/www.bellunopress.it\\\/#\\\/schema\\\/logo\\\/image\\\/\"},\"sameAs\":[\"https:\\\/\\\/www.facebook.com\\\/profile.php?id=100008943462799\",\"https:\\\/\\\/x.com\\\/bellunopress\",\"https:\\\/\\\/www.linkedin.com\\\/hp\\\/?dnr=JBzUWaJfMUw8vbXJJ2tVW5-I3jZKvC4wsoxE&amp;amp;amp;amp;amp;amp;trk=nav_responsive_tab_home\",\"https:\\\/\\\/www.youtube.com\\\/channel\\\/UCxL0wu1uN0_3_7hGG0306cw\"]},{\"@type\":\"Person\",\"@id\":\"https:\\\/\\\/www.bellunopress.it\\\/#\\\/schema\\\/person\\\/79bb06722b37ece1c03d3e94beb30d73\",\"name\":\"redazione\",\"image\":{\"@type\":\"ImageObject\",\"inLanguage\":\"fr-FR\",\"@id\":\"https:\\\/\\\/secure.gravatar.com\\\/avatar\\\/37d968a2e67a6fd04c169c4bdef102d0bc5d31b2546345219e348575eb80e9a0?s=96&d=mm&r=g\",\"url\":\"https:\\\/\\\/secure.gravatar.com\\\/avatar\\\/37d968a2e67a6fd04c169c4bdef102d0bc5d31b2546345219e348575eb80e9a0?s=96&d=mm&r=g\",\"contentUrl\":\"https:\\\/\\\/secure.gravatar.com\\\/avatar\\\/37d968a2e67a6fd04c169c4bdef102d0bc5d31b2546345219e348575eb80e9a0?s=96&d=mm&r=g\",\"caption\":\"redazione\"},\"sameAs\":[\"http:\\\/\\\/www.bellunopress.it\",\"https:\\\/\\\/x.com\\\/bellunopress\"],\"url\":\"https:\\\/\\\/www.bellunopress.it\\\/fr\\\/author\\\/redazione\\\/\"}]}<\/script>\n<!-- \/ Yoast SEO plugin. -->","yoast_head_json":{"title":"\u201cD'Inverno a Tavola\u201d: venerd\u00ec protagonista il ristorante \u201cAlla Stanga\u201d - Bellunopress - Dolomiti","robots":{"index":"index","follow":"follow","max-snippet":"max-snippet:-1","max-image-preview":"max-image-preview:large","max-video-preview":"max-video-preview:-1"},"canonical":"https:\/\/www.bellunopress.it\/fr\/2012\/01\/30\/dinverno-a-tavola-venerdi-protagonista-il-ristorante-alla-stanga\/","og_locale":"fr_FR","og_type":"article","og_title":"\u201cD'Inverno a Tavola\u201d: venerd\u00ec protagonista il ristorante \u201cAlla Stanga\u201d - Bellunopress - Dolomiti","og_description":"Il ristorante \u201cAlla Stanga\u201d in comune di Sedico interpreta la terza tappa della rassegna eno-gastronomica \u201cD\u2019Inverno a tavola\u201d. Il prossimo venerd\u00ec 3 febbraio alle 20:00 l\u2019antico locale lungo la direttrice agordina condotto da Luca De Cia e Patrizia Da Re sar\u00e0 il fulcro di una serata gastronomica in linea con la grande tradizione del ristorante. [&hellip;]","og_url":"https:\/\/www.bellunopress.it\/fr\/2012\/01\/30\/dinverno-a-tavola-venerdi-protagonista-il-ristorante-alla-stanga\/","og_site_name":"Bellunopress - Dolomiti","article_publisher":"https:\/\/www.facebook.com\/profile.php?id=100008943462799","article_published_time":"2012-01-30T19:19:44+00:00","og_image":[{"url":"http:\/\/www.bellunopress.it\/wp-content\/uploads\/2012\/07\/logo-bellunopress-250x250-2012.jpg","type":"","width":"","height":""}],"author":"redazione","twitter_card":"summary_large_image","twitter_creator":"@bellunopress","twitter_site":"@bellunopress","twitter_misc":{"\u00c9crit par":"redazione","Dur\u00e9e de lecture estim\u00e9e":"1 minute"},"schema":{"@context":"https:\/\/schema.org","@graph":[{"@type":"Article","@id":"https:\/\/www.bellunopress.it\/2012\/01\/30\/dinverno-a-tavola-venerdi-protagonista-il-ristorante-alla-stanga\/#article","isPartOf":{"@id":"https:\/\/www.bellunopress.it\/2012\/01\/30\/dinverno-a-tavola-venerdi-protagonista-il-ristorante-alla-stanga\/"},"author":{"name":"redazione","@id":"https:\/\/www.bellunopress.it\/#\/schema\/person\/79bb06722b37ece1c03d3e94beb30d73"},"headline":"\u201cD&#8217;Inverno a Tavola\u201d: venerd\u00ec protagonista il ristorante \u201cAlla Stanga\u201d","datePublished":"2012-01-30T19:19:44+00:00","mainEntityOfPage":{"@id":"https:\/\/www.bellunopress.it\/2012\/01\/30\/dinverno-a-tavola-venerdi-protagonista-il-ristorante-alla-stanga\/"},"wordCount":146,"publisher":{"@id":"https:\/\/www.bellunopress.it\/#organization"},"articleSection":["Appuntamenti, Eventi","Pausa Caff\u00e8"],"inLanguage":"fr-FR"},{"@type":"WebPage","@id":"https:\/\/www.bellunopress.it\/2012\/01\/30\/dinverno-a-tavola-venerdi-protagonista-il-ristorante-alla-stanga\/","url":"https:\/\/www.bellunopress.it\/2012\/01\/30\/dinverno-a-tavola-venerdi-protagonista-il-ristorante-alla-stanga\/","name":"\u201cD'Inverno a Tavola\u201d: venerd\u00ec protagonista il ristorante \u201cAlla Stanga\u201d - Bellunopress - Dolomiti","isPartOf":{"@id":"https:\/\/www.bellunopress.it\/#website"},"datePublished":"2012-01-30T19:19:44+00:00","breadcrumb":{"@id":"https:\/\/www.bellunopress.it\/2012\/01\/30\/dinverno-a-tavola-venerdi-protagonista-il-ristorante-alla-stanga\/#breadcrumb"},"inLanguage":"fr-FR","potentialAction":[{"@type":"ReadAction","target":["https:\/\/www.bellunopress.it\/2012\/01\/30\/dinverno-a-tavola-venerdi-protagonista-il-ristorante-alla-stanga\/"]}]},{"@type":"BreadcrumbList","@id":"https:\/\/www.bellunopress.it\/2012\/01\/30\/dinverno-a-tavola-venerdi-protagonista-il-ristorante-alla-stanga\/#breadcrumb","itemListElement":[{"@type":"ListItem","position":1,"name":"Home","item":"https:\/\/www.bellunopress.it\/"},{"@type":"ListItem","position":2,"name":"\u201cD&#8217;Inverno a Tavola\u201d: venerd\u00ec protagonista il ristorante \u201cAlla Stanga\u201d"}]},{"@type":"WebSite","@id":"https:\/\/www.bellunopress.it\/#website","url":"https:\/\/www.bellunopress.it\/","name":"Bellunopress - Dolomiti","description":"e-mail: redazione@bellunopress.it","publisher":{"@id":"https:\/\/www.bellunopress.it\/#organization"},"potentialAction":[{"@type":"SearchAction","target":{"@type":"EntryPoint","urlTemplate":"https:\/\/www.bellunopress.it\/?s={search_term_string}"},"query-input":{"@type":"PropertyValueSpecification","valueRequired":true,"valueName":"search_term_string"}}],"inLanguage":"fr-FR"},{"@type":"Organization","@id":"https:\/\/www.bellunopress.it\/#organization","name":"Bellunopress","url":"https:\/\/www.bellunopress.it\/","logo":{"@type":"ImageObject","inLanguage":"fr-FR","@id":"https:\/\/www.bellunopress.it\/#\/schema\/logo\/image\/","url":"https:\/\/www.bellunopress.it\/wp-content\/uploads\/2011\/05\/cropped-logo-bellunopress-.jpg","contentUrl":"https:\/\/www.bellunopress.it\/wp-content\/uploads\/2011\/05\/cropped-logo-bellunopress-.jpg","width":512,"height":512,"caption":"Bellunopress"},"image":{"@id":"https:\/\/www.bellunopress.it\/#\/schema\/logo\/image\/"},"sameAs":["https:\/\/www.facebook.com\/profile.php?id=100008943462799","https:\/\/x.com\/bellunopress","https:\/\/www.linkedin.com\/hp\/?dnr=JBzUWaJfMUw8vbXJJ2tVW5-I3jZKvC4wsoxE&amp;amp;amp;amp;amp;amp;trk=nav_responsive_tab_home","https:\/\/www.youtube.com\/channel\/UCxL0wu1uN0_3_7hGG0306cw"]},{"@type":"Person","@id":"https:\/\/www.bellunopress.it\/#\/schema\/person\/79bb06722b37ece1c03d3e94beb30d73","name":"r\u00e9daction","image":{"@type":"ImageObject","inLanguage":"fr-FR","@id":"https:\/\/secure.gravatar.com\/avatar\/37d968a2e67a6fd04c169c4bdef102d0bc5d31b2546345219e348575eb80e9a0?s=96&d=mm&r=g","url":"https:\/\/secure.gravatar.com\/avatar\/37d968a2e67a6fd04c169c4bdef102d0bc5d31b2546345219e348575eb80e9a0?s=96&d=mm&r=g","contentUrl":"https:\/\/secure.gravatar.com\/avatar\/37d968a2e67a6fd04c169c4bdef102d0bc5d31b2546345219e348575eb80e9a0?s=96&d=mm&r=g","caption":"redazione"},"sameAs":["http:\/\/www.bellunopress.it","https:\/\/x.com\/bellunopress"],"url":"https:\/\/www.bellunopress.it\/fr\/author\/redazione\/"}]}},"_links":{"self":[{"href":"https:\/\/www.bellunopress.it\/fr\/wp-json\/wp\/v2\/posts\/34602","targetHints":{"allow":["GET"]}}],"collection":[{"href":"https:\/\/www.bellunopress.it\/fr\/wp-json\/wp\/v2\/posts"}],"about":[{"href":"https:\/\/www.bellunopress.it\/fr\/wp-json\/wp\/v2\/types\/post"}],"author":[{"embeddable":true,"href":"https:\/\/www.bellunopress.it\/fr\/wp-json\/wp\/v2\/users\/2"}],"replies":[{"embeddable":true,"href":"https:\/\/www.bellunopress.it\/fr\/wp-json\/wp\/v2\/comments?post=34602"}],"version-history":[{"count":1,"href":"https:\/\/www.bellunopress.it\/fr\/wp-json\/wp\/v2\/posts\/34602\/revisions"}],"predecessor-version":[{"id":34603,"href":"https:\/\/www.bellunopress.it\/fr\/wp-json\/wp\/v2\/posts\/34602\/revisions\/34603"}],"wp:attachment":[{"href":"https:\/\/www.bellunopress.it\/fr\/wp-json\/wp\/v2\/media?parent=34602"}],"wp:term":[{"taxonomy":"category","embeddable":true,"href":"https:\/\/www.bellunopress.it\/fr\/wp-json\/wp\/v2\/categories?post=34602"},{"taxonomy":"post_tag","embeddable":true,"href":"https:\/\/www.bellunopress.it\/fr\/wp-json\/wp\/v2\/tags?post=34602"}],"curies":[{"name":"wp","href":"https:\/\/api.w.org\/{rel}","templated":true}]}}