{"id":34595,"date":"2012-01-30T13:00:22","date_gmt":"2012-01-30T12:00:22","guid":{"rendered":"http:\/\/www.bellunopress.it\/?p=34595"},"modified":"2012-01-30T13:00:22","modified_gmt":"2012-01-30T12:00:22","slug":"sala-consiliare-gremita-a-calalzo-per-la-giornata-dei-bambini-consegnati-i-bonus-bebe-e-presentato-il-progetto-nati-per-leggere","status":"publish","type":"post","link":"https:\/\/www.bellunopress.it\/fr\/2012\/01\/30\/sala-consiliare-gremita-a-calalzo-per-la-giornata-dei-bambini-consegnati-i-bonus-bebe-e-presentato-il-progetto-nati-per-leggere\/","title":{"rendered":"Sala consiliare gremita a Calalzo per la \u201cGiornata dei bambini\u201d: consegnati i Bonus beb\u00e8 e presentato il progetto \u201cNati per leggere\u201d"},"content":{"rendered":"<figure id=\"attachment_33486\" aria-describedby=\"caption-attachment-33486\" style=\"width: 218px\" class=\"wp-caption alignleft\"><a href=\"http:\/\/www.bellunopress.it\/wp-content\/uploads\/2011\/12\/De-Carlo.jpg\"><img loading=\"lazy\" decoding=\"async\" class=\"size-full wp-image-33486\" title=\"De Carlo\" src=\"http:\/\/www.bellunopress.it\/wp-content\/uploads\/2011\/12\/De-Carlo.jpg\" alt=\"\" width=\"218\" height=\"240\" \/><\/a><figcaption id=\"caption-attachment-33486\" class=\"wp-caption-text\">Luca De Carlo<\/figcaption><\/figure>\n<p>Sala consiliare gremita di genitori e bambini sabato a Calalzo per la mattinata dedicata ai pi\u00f9 piccoli, con la consegna dei Bonus beb\u00e8 e la conferenza di presentazione del progetto \u201cNati per leggere\u201d. Protagoniste sono state le famiglie che nell\u2019ultimo anno hanno accolto un nuovo nato: a loro, grazie anche alla collaborazione della Cassa di Risparmio del Veneto, sono stati consegnati i Bonus da 250 euro (200 dal Comune, 50 dall\u2019Istituto di credito, sotto forma di carta prepagata) da parte del sindaco De Carlo e del direttore della filiale della banca Giuseppe Visintin.<br \/>\n\u201cIl Bonus, che ripetiamo per la seconda volta a vantaggio di tutti i nati nell\u2019anno appena trascorso \u2013 spiega De Carlo \u2013 \u00e8 contemporaneamente un messaggio di benvenuto ai piccoli calaltini, e un supporto alle famiglie nei primi mesi di vita del loro figlio. Non ci illudiamo che rappresenti da solo la ragione per restare a vivere in montagna, ma aggiungendosi ad un \u2018pacchetto sociale\u2019 di interventi per le famiglie pu\u00f2 costituire un supporto concreto a contrasto dello spopolamento. In questo, troviamo nuovamente il supporto della Cassa di Risparmio del Veneto, appoggio prezioso per rendere pi\u00f9 significativo il Bonus offerto ai giovani genitori\u201d.<br \/>\nSempre sabato mattina in sala consiliare \u00e8 stato presentato il progetto \u201cNati per leggere\u201d: \u201cBen 60 persone \u2013 prosegue De Carlo &#8211; hanno ascoltato la spiegazione di questa iniziativa di promozione alla lettura rivolta a bambini dal primo anno d\u2019et\u00e0 e alle loro famiglie, allo scopo di creare familiarit\u00e0 con il libro anche da piccolissimi. Leggere fin dai primi mesi di vita aumenta le possibilit\u00e0 che il bambino rimanga un lettore in futuro, con le implicazioni che questo comporta per il rendimento scolastico\u201d. Il progetto coinvolge in primo luogo i genitori, che con il bambino hanno il principale e privilegiato rapporto affettivo, e come mediatori i pediatri, i consultori familiari, le biblioteche. Spetta a questi ultimi tre istituti informare i genitori del progetto e soprattutto delle ricadute positive della lettura partecipata ai propri figli fin dall\u2019et\u00e0 di 6 mesi. \u201cLa presentazione di questa iniziativa \u2013 conclude De Carlo \u2013 non vuol essere il solito convegno senza esito: stiamo infatti organizzando dei Corsi di formazione in merito sia per i lettori che per i genitori. Il fatto che ci fossero in sala consiliare molti operatori dell\u2019infanzia, pediatri, educatori, pap\u00e0 e mamme, certifica quanto questo tema sia sentito ed abbia opportunit\u00e0 di sviluppo. Per favorirlo, apriremo a breve in Biblioteca uno spazio \u2018ZeroSei\u2019, riservato proprio ai pi\u00f9 piccoli e ad attivit\u00e0 ad essi dedicate\u201d.<\/p>","protected":false},"excerpt":{"rendered":"<p>Sala consiliare gremita di genitori e bambini sabato a Calalzo per la mattinata dedicata ai pi\u00f9 piccoli, con la consegna dei Bonus beb\u00e8 e la conferenza di presentazione del progetto \u201cNati per leggere\u201d. Protagoniste sono state le famiglie che nell\u2019ultimo anno hanno accolto un nuovo nato: a loro, grazie anche alla collaborazione della Cassa di [&hellip;]<\/p>\n","protected":false},"author":2,"featured_media":0,"comment_status":"closed","ping_status":"open","sticky":false,"template":"","format":"standard","meta":{"footnotes":""},"categories":[5,26],"tags":[],"class_list":["post-34595","post","type-post","status-publish","format-standard","category-cronaca","category-prima-pagina"],"yoast_head":"<!-- This site is optimized with the Yoast SEO plugin v28.4 - https:\/\/yoast.com\/product\/yoast-seo-wordpress\/ -->\n<title>Sala consiliare gremita a Calalzo per la \u201cGiornata dei bambini\u201d: consegnati i Bonus beb\u00e8 e presentato il progetto \u201cNati per leggere\u201d  - Bellunopress - Dolomiti<\/title>\n<meta name=\"robots\" content=\"index, follow, max-snippet:-1, max-image-preview:large, max-video-preview:-1\" \/>\n<link rel=\"canonical\" href=\"https:\/\/www.bellunopress.it\/fr\/2012\/01\/30\/sala-consiliare-gremita-a-calalzo-per-la-giornata-dei-bambini-consegnati-i-bonus-bebe-e-presentato-il-progetto-nati-per-leggere\/\" \/>\n<meta property=\"og:locale\" content=\"fr_FR\" \/>\n<meta property=\"og:type\" content=\"article\" \/>\n<meta property=\"og:title\" content=\"Sala consiliare gremita a Calalzo per la \u201cGiornata dei bambini\u201d: consegnati i Bonus beb\u00e8 e presentato il progetto \u201cNati per leggere\u201d  - Bellunopress - Dolomiti\" \/>\n<meta property=\"og:description\" content=\"Sala consiliare gremita di genitori e bambini sabato a Calalzo per la mattinata dedicata ai pi\u00f9 piccoli, con la consegna dei Bonus beb\u00e8 e la conferenza di presentazione del progetto \u201cNati per leggere\u201d. Protagoniste sono state le famiglie che nell\u2019ultimo anno hanno accolto un nuovo nato: a loro, grazie anche alla collaborazione della Cassa di [&hellip;]\" \/>\n<meta property=\"og:url\" content=\"https:\/\/www.bellunopress.it\/fr\/2012\/01\/30\/sala-consiliare-gremita-a-calalzo-per-la-giornata-dei-bambini-consegnati-i-bonus-bebe-e-presentato-il-progetto-nati-per-leggere\/\" \/>\n<meta property=\"og:site_name\" content=\"Bellunopress - Dolomiti\" \/>\n<meta property=\"article:publisher\" content=\"https:\/\/www.facebook.com\/profile.php?id=100008943462799\" \/>\n<meta property=\"article:published_time\" content=\"2012-01-30T12:00:22+00:00\" \/>\n<meta property=\"og:image\" content=\"http:\/\/www.bellunopress.it\/wp-content\/uploads\/2011\/12\/De-Carlo.jpg\" \/>\n<meta name=\"author\" content=\"redazione\" \/>\n<meta name=\"twitter:card\" content=\"summary_large_image\" \/>\n<meta name=\"twitter:creator\" content=\"@bellunopress\" \/>\n<meta name=\"twitter:site\" content=\"@bellunopress\" \/>\n<meta name=\"twitter:label1\" content=\"\u00c9crit par\" \/>\n\t<meta name=\"twitter:data1\" content=\"redazione\" \/>\n\t<meta name=\"twitter:label2\" content=\"Dur\u00e9e de lecture estim\u00e9e\" \/>\n\t<meta name=\"twitter:data2\" content=\"2 minutes\" \/>\n<script type=\"application\/ld+json\" class=\"yoast-schema-graph\">{\"@context\":\"https:\\\/\\\/schema.org\",\"@graph\":[{\"@type\":\"Article\",\"@id\":\"https:\\\/\\\/www.bellunopress.it\\\/2012\\\/01\\\/30\\\/sala-consiliare-gremita-a-calalzo-per-la-giornata-dei-bambini-consegnati-i-bonus-bebe-e-presentato-il-progetto-nati-per-leggere\\\/#article\",\"isPartOf\":{\"@id\":\"https:\\\/\\\/www.bellunopress.it\\\/2012\\\/01\\\/30\\\/sala-consiliare-gremita-a-calalzo-per-la-giornata-dei-bambini-consegnati-i-bonus-bebe-e-presentato-il-progetto-nati-per-leggere\\\/\"},\"author\":{\"name\":\"redazione\",\"@id\":\"https:\\\/\\\/www.bellunopress.it\\\/#\\\/schema\\\/person\\\/79bb06722b37ece1c03d3e94beb30d73\"},\"headline\":\"Sala consiliare gremita a Calalzo per la \u201cGiornata dei bambini\u201d: consegnati i Bonus beb\u00e8 e presentato il progetto \u201cNati per leggere\u201d\",\"datePublished\":\"2012-01-30T12:00:22+00:00\",\"mainEntityOfPage\":{\"@id\":\"https:\\\/\\\/www.bellunopress.it\\\/2012\\\/01\\\/30\\\/sala-consiliare-gremita-a-calalzo-per-la-giornata-dei-bambini-consegnati-i-bonus-bebe-e-presentato-il-progetto-nati-per-leggere\\\/\"},\"wordCount\":444,\"publisher\":{\"@id\":\"https:\\\/\\\/www.bellunopress.it\\\/#organization\"},\"image\":{\"@id\":\"https:\\\/\\\/www.bellunopress.it\\\/2012\\\/01\\\/30\\\/sala-consiliare-gremita-a-calalzo-per-la-giornata-dei-bambini-consegnati-i-bonus-bebe-e-presentato-il-progetto-nati-per-leggere\\\/#primaryimage\"},\"thumbnailUrl\":\"http:\\\/\\\/www.bellunopress.it\\\/wp-content\\\/uploads\\\/2011\\\/12\\\/De-Carlo.jpg\",\"articleSection\":[\"Cronaca\\\/Politica\",\"Prima Pagina\"],\"inLanguage\":\"fr-FR\"},{\"@type\":\"WebPage\",\"@id\":\"https:\\\/\\\/www.bellunopress.it\\\/2012\\\/01\\\/30\\\/sala-consiliare-gremita-a-calalzo-per-la-giornata-dei-bambini-consegnati-i-bonus-bebe-e-presentato-il-progetto-nati-per-leggere\\\/\",\"url\":\"https:\\\/\\\/www.bellunopress.it\\\/2012\\\/01\\\/30\\\/sala-consiliare-gremita-a-calalzo-per-la-giornata-dei-bambini-consegnati-i-bonus-bebe-e-presentato-il-progetto-nati-per-leggere\\\/\",\"name\":\"Sala consiliare gremita a Calalzo per la \u201cGiornata dei bambini\u201d: consegnati i Bonus beb\u00e8 e presentato il progetto \u201cNati per leggere\u201d - Bellunopress - Dolomiti\",\"isPartOf\":{\"@id\":\"https:\\\/\\\/www.bellunopress.it\\\/#website\"},\"primaryImageOfPage\":{\"@id\":\"https:\\\/\\\/www.bellunopress.it\\\/2012\\\/01\\\/30\\\/sala-consiliare-gremita-a-calalzo-per-la-giornata-dei-bambini-consegnati-i-bonus-bebe-e-presentato-il-progetto-nati-per-leggere\\\/#primaryimage\"},\"image\":{\"@id\":\"https:\\\/\\\/www.bellunopress.it\\\/2012\\\/01\\\/30\\\/sala-consiliare-gremita-a-calalzo-per-la-giornata-dei-bambini-consegnati-i-bonus-bebe-e-presentato-il-progetto-nati-per-leggere\\\/#primaryimage\"},\"thumbnailUrl\":\"http:\\\/\\\/www.bellunopress.it\\\/wp-content\\\/uploads\\\/2011\\\/12\\\/De-Carlo.jpg\",\"datePublished\":\"2012-01-30T12:00:22+00:00\",\"breadcrumb\":{\"@id\":\"https:\\\/\\\/www.bellunopress.it\\\/2012\\\/01\\\/30\\\/sala-consiliare-gremita-a-calalzo-per-la-giornata-dei-bambini-consegnati-i-bonus-bebe-e-presentato-il-progetto-nati-per-leggere\\\/#breadcrumb\"},\"inLanguage\":\"fr-FR\",\"potentialAction\":[{\"@type\":\"ReadAction\",\"target\":[\"https:\\\/\\\/www.bellunopress.it\\\/2012\\\/01\\\/30\\\/sala-consiliare-gremita-a-calalzo-per-la-giornata-dei-bambini-consegnati-i-bonus-bebe-e-presentato-il-progetto-nati-per-leggere\\\/\"]}]},{\"@type\":\"ImageObject\",\"inLanguage\":\"fr-FR\",\"@id\":\"https:\\\/\\\/www.bellunopress.it\\\/2012\\\/01\\\/30\\\/sala-consiliare-gremita-a-calalzo-per-la-giornata-dei-bambini-consegnati-i-bonus-bebe-e-presentato-il-progetto-nati-per-leggere\\\/#primaryimage\",\"url\":\"http:\\\/\\\/www.bellunopress.it\\\/wp-content\\\/uploads\\\/2011\\\/12\\\/De-Carlo.jpg\",\"contentUrl\":\"http:\\\/\\\/www.bellunopress.it\\\/wp-content\\\/uploads\\\/2011\\\/12\\\/De-Carlo.jpg\"},{\"@type\":\"BreadcrumbList\",\"@id\":\"https:\\\/\\\/www.bellunopress.it\\\/2012\\\/01\\\/30\\\/sala-consiliare-gremita-a-calalzo-per-la-giornata-dei-bambini-consegnati-i-bonus-bebe-e-presentato-il-progetto-nati-per-leggere\\\/#breadcrumb\",\"itemListElement\":[{\"@type\":\"ListItem\",\"position\":1,\"name\":\"Home\",\"item\":\"https:\\\/\\\/www.bellunopress.it\\\/\"},{\"@type\":\"ListItem\",\"position\":2,\"name\":\"Sala consiliare gremita a Calalzo per la \u201cGiornata dei bambini\u201d: consegnati i Bonus beb\u00e8 e presentato il progetto \u201cNati per leggere\u201d\"}]},{\"@type\":\"WebSite\",\"@id\":\"https:\\\/\\\/www.bellunopress.it\\\/#website\",\"url\":\"https:\\\/\\\/www.bellunopress.it\\\/\",\"name\":\"Bellunopress - Dolomiti\",\"description\":\"e-mail: redazione@bellunopress.it\",\"publisher\":{\"@id\":\"https:\\\/\\\/www.bellunopress.it\\\/#organization\"},\"potentialAction\":[{\"@type\":\"SearchAction\",\"target\":{\"@type\":\"EntryPoint\",\"urlTemplate\":\"https:\\\/\\\/www.bellunopress.it\\\/?s={search_term_string}\"},\"query-input\":{\"@type\":\"PropertyValueSpecification\",\"valueRequired\":true,\"valueName\":\"search_term_string\"}}],\"inLanguage\":\"fr-FR\"},{\"@type\":\"Organization\",\"@id\":\"https:\\\/\\\/www.bellunopress.it\\\/#organization\",\"name\":\"Bellunopress\",\"url\":\"https:\\\/\\\/www.bellunopress.it\\\/\",\"logo\":{\"@type\":\"ImageObject\",\"inLanguage\":\"fr-FR\",\"@id\":\"https:\\\/\\\/www.bellunopress.it\\\/#\\\/schema\\\/logo\\\/image\\\/\",\"url\":\"https:\\\/\\\/www.bellunopress.it\\\/wp-content\\\/uploads\\\/2011\\\/05\\\/cropped-logo-bellunopress-.jpg\",\"contentUrl\":\"https:\\\/\\\/www.bellunopress.it\\\/wp-content\\\/uploads\\\/2011\\\/05\\\/cropped-logo-bellunopress-.jpg\",\"width\":512,\"height\":512,\"caption\":\"Bellunopress\"},\"image\":{\"@id\":\"https:\\\/\\\/www.bellunopress.it\\\/#\\\/schema\\\/logo\\\/image\\\/\"},\"sameAs\":[\"https:\\\/\\\/www.facebook.com\\\/profile.php?id=100008943462799\",\"https:\\\/\\\/x.com\\\/bellunopress\",\"https:\\\/\\\/www.linkedin.com\\\/hp\\\/?dnr=JBzUWaJfMUw8vbXJJ2tVW5-I3jZKvC4wsoxE&amp;amp;amp;amp;amp;amp;trk=nav_responsive_tab_home\",\"https:\\\/\\\/www.youtube.com\\\/channel\\\/UCxL0wu1uN0_3_7hGG0306cw\"]},{\"@type\":\"Person\",\"@id\":\"https:\\\/\\\/www.bellunopress.it\\\/#\\\/schema\\\/person\\\/79bb06722b37ece1c03d3e94beb30d73\",\"name\":\"redazione\",\"image\":{\"@type\":\"ImageObject\",\"inLanguage\":\"fr-FR\",\"@id\":\"https:\\\/\\\/secure.gravatar.com\\\/avatar\\\/37d968a2e67a6fd04c169c4bdef102d0bc5d31b2546345219e348575eb80e9a0?s=96&d=mm&r=g\",\"url\":\"https:\\\/\\\/secure.gravatar.com\\\/avatar\\\/37d968a2e67a6fd04c169c4bdef102d0bc5d31b2546345219e348575eb80e9a0?s=96&d=mm&r=g\",\"contentUrl\":\"https:\\\/\\\/secure.gravatar.com\\\/avatar\\\/37d968a2e67a6fd04c169c4bdef102d0bc5d31b2546345219e348575eb80e9a0?s=96&d=mm&r=g\",\"caption\":\"redazione\"},\"sameAs\":[\"http:\\\/\\\/www.bellunopress.it\",\"https:\\\/\\\/x.com\\\/bellunopress\"],\"url\":\"https:\\\/\\\/www.bellunopress.it\\\/fr\\\/author\\\/redazione\\\/\"}]}<\/script>\n<!-- \/ Yoast SEO plugin. -->","yoast_head_json":{"title":"Sala consiliare gremita a Calalzo per la \u201cGiornata dei bambini\u201d: consegnati i Bonus beb\u00e8 e presentato il progetto \u201cNati per leggere\u201d  - Bellunopress - Dolomiti","robots":{"index":"index","follow":"follow","max-snippet":"max-snippet:-1","max-image-preview":"max-image-preview:large","max-video-preview":"max-video-preview:-1"},"canonical":"https:\/\/www.bellunopress.it\/fr\/2012\/01\/30\/sala-consiliare-gremita-a-calalzo-per-la-giornata-dei-bambini-consegnati-i-bonus-bebe-e-presentato-il-progetto-nati-per-leggere\/","og_locale":"fr_FR","og_type":"article","og_title":"Sala consiliare gremita a Calalzo per la \u201cGiornata dei bambini\u201d: consegnati i Bonus beb\u00e8 e presentato il progetto \u201cNati per leggere\u201d  - Bellunopress - Dolomiti","og_description":"Sala consiliare gremita di genitori e bambini sabato a Calalzo per la mattinata dedicata ai pi\u00f9 piccoli, con la consegna dei Bonus beb\u00e8 e la conferenza di presentazione del progetto \u201cNati per leggere\u201d. Protagoniste sono state le famiglie che nell\u2019ultimo anno hanno accolto un nuovo nato: a loro, grazie anche alla collaborazione della Cassa di [&hellip;]","og_url":"https:\/\/www.bellunopress.it\/fr\/2012\/01\/30\/sala-consiliare-gremita-a-calalzo-per-la-giornata-dei-bambini-consegnati-i-bonus-bebe-e-presentato-il-progetto-nati-per-leggere\/","og_site_name":"Bellunopress - Dolomiti","article_publisher":"https:\/\/www.facebook.com\/profile.php?id=100008943462799","article_published_time":"2012-01-30T12:00:22+00:00","og_image":[{"url":"http:\/\/www.bellunopress.it\/wp-content\/uploads\/2011\/12\/De-Carlo.jpg","type":"","width":"","height":""}],"author":"redazione","twitter_card":"summary_large_image","twitter_creator":"@bellunopress","twitter_site":"@bellunopress","twitter_misc":{"\u00c9crit par":"redazione","Dur\u00e9e de lecture estim\u00e9e":"2 minutes"},"schema":{"@context":"https:\/\/schema.org","@graph":[{"@type":"Article","@id":"https:\/\/www.bellunopress.it\/2012\/01\/30\/sala-consiliare-gremita-a-calalzo-per-la-giornata-dei-bambini-consegnati-i-bonus-bebe-e-presentato-il-progetto-nati-per-leggere\/#article","isPartOf":{"@id":"https:\/\/www.bellunopress.it\/2012\/01\/30\/sala-consiliare-gremita-a-calalzo-per-la-giornata-dei-bambini-consegnati-i-bonus-bebe-e-presentato-il-progetto-nati-per-leggere\/"},"author":{"name":"redazione","@id":"https:\/\/www.bellunopress.it\/#\/schema\/person\/79bb06722b37ece1c03d3e94beb30d73"},"headline":"Sala consiliare gremita a Calalzo per la \u201cGiornata dei bambini\u201d: consegnati i Bonus beb\u00e8 e presentato il progetto \u201cNati per leggere\u201d","datePublished":"2012-01-30T12:00:22+00:00","mainEntityOfPage":{"@id":"https:\/\/www.bellunopress.it\/2012\/01\/30\/sala-consiliare-gremita-a-calalzo-per-la-giornata-dei-bambini-consegnati-i-bonus-bebe-e-presentato-il-progetto-nati-per-leggere\/"},"wordCount":444,"publisher":{"@id":"https:\/\/www.bellunopress.it\/#organization"},"image":{"@id":"https:\/\/www.bellunopress.it\/2012\/01\/30\/sala-consiliare-gremita-a-calalzo-per-la-giornata-dei-bambini-consegnati-i-bonus-bebe-e-presentato-il-progetto-nati-per-leggere\/#primaryimage"},"thumbnailUrl":"http:\/\/www.bellunopress.it\/wp-content\/uploads\/2011\/12\/De-Carlo.jpg","articleSection":["Cronaca\/Politica","Prima Pagina"],"inLanguage":"fr-FR"},{"@type":"WebPage","@id":"https:\/\/www.bellunopress.it\/2012\/01\/30\/sala-consiliare-gremita-a-calalzo-per-la-giornata-dei-bambini-consegnati-i-bonus-bebe-e-presentato-il-progetto-nati-per-leggere\/","url":"https:\/\/www.bellunopress.it\/2012\/01\/30\/sala-consiliare-gremita-a-calalzo-per-la-giornata-dei-bambini-consegnati-i-bonus-bebe-e-presentato-il-progetto-nati-per-leggere\/","name":"Sala consiliare gremita a Calalzo per la \u201cGiornata dei bambini\u201d: consegnati i Bonus beb\u00e8 e presentato il progetto \u201cNati per leggere\u201d - Bellunopress - Dolomiti","isPartOf":{"@id":"https:\/\/www.bellunopress.it\/#website"},"primaryImageOfPage":{"@id":"https:\/\/www.bellunopress.it\/2012\/01\/30\/sala-consiliare-gremita-a-calalzo-per-la-giornata-dei-bambini-consegnati-i-bonus-bebe-e-presentato-il-progetto-nati-per-leggere\/#primaryimage"},"image":{"@id":"https:\/\/www.bellunopress.it\/2012\/01\/30\/sala-consiliare-gremita-a-calalzo-per-la-giornata-dei-bambini-consegnati-i-bonus-bebe-e-presentato-il-progetto-nati-per-leggere\/#primaryimage"},"thumbnailUrl":"http:\/\/www.bellunopress.it\/wp-content\/uploads\/2011\/12\/De-Carlo.jpg","datePublished":"2012-01-30T12:00:22+00:00","breadcrumb":{"@id":"https:\/\/www.bellunopress.it\/2012\/01\/30\/sala-consiliare-gremita-a-calalzo-per-la-giornata-dei-bambini-consegnati-i-bonus-bebe-e-presentato-il-progetto-nati-per-leggere\/#breadcrumb"},"inLanguage":"fr-FR","potentialAction":[{"@type":"ReadAction","target":["https:\/\/www.bellunopress.it\/2012\/01\/30\/sala-consiliare-gremita-a-calalzo-per-la-giornata-dei-bambini-consegnati-i-bonus-bebe-e-presentato-il-progetto-nati-per-leggere\/"]}]},{"@type":"ImageObject","inLanguage":"fr-FR","@id":"https:\/\/www.bellunopress.it\/2012\/01\/30\/sala-consiliare-gremita-a-calalzo-per-la-giornata-dei-bambini-consegnati-i-bonus-bebe-e-presentato-il-progetto-nati-per-leggere\/#primaryimage","url":"http:\/\/www.bellunopress.it\/wp-content\/uploads\/2011\/12\/De-Carlo.jpg","contentUrl":"http:\/\/www.bellunopress.it\/wp-content\/uploads\/2011\/12\/De-Carlo.jpg"},{"@type":"BreadcrumbList","@id":"https:\/\/www.bellunopress.it\/2012\/01\/30\/sala-consiliare-gremita-a-calalzo-per-la-giornata-dei-bambini-consegnati-i-bonus-bebe-e-presentato-il-progetto-nati-per-leggere\/#breadcrumb","itemListElement":[{"@type":"ListItem","position":1,"name":"Home","item":"https:\/\/www.bellunopress.it\/"},{"@type":"ListItem","position":2,"name":"Sala consiliare gremita a Calalzo per la \u201cGiornata dei bambini\u201d: consegnati i Bonus beb\u00e8 e presentato il progetto \u201cNati per leggere\u201d"}]},{"@type":"WebSite","@id":"https:\/\/www.bellunopress.it\/#website","url":"https:\/\/www.bellunopress.it\/","name":"Bellunopress - Dolomiti","description":"e-mail: redazione@bellunopress.it","publisher":{"@id":"https:\/\/www.bellunopress.it\/#organization"},"potentialAction":[{"@type":"SearchAction","target":{"@type":"EntryPoint","urlTemplate":"https:\/\/www.bellunopress.it\/?s={search_term_string}"},"query-input":{"@type":"PropertyValueSpecification","valueRequired":true,"valueName":"search_term_string"}}],"inLanguage":"fr-FR"},{"@type":"Organization","@id":"https:\/\/www.bellunopress.it\/#organization","name":"Bellunopress","url":"https:\/\/www.bellunopress.it\/","logo":{"@type":"ImageObject","inLanguage":"fr-FR","@id":"https:\/\/www.bellunopress.it\/#\/schema\/logo\/image\/","url":"https:\/\/www.bellunopress.it\/wp-content\/uploads\/2011\/05\/cropped-logo-bellunopress-.jpg","contentUrl":"https:\/\/www.bellunopress.it\/wp-content\/uploads\/2011\/05\/cropped-logo-bellunopress-.jpg","width":512,"height":512,"caption":"Bellunopress"},"image":{"@id":"https:\/\/www.bellunopress.it\/#\/schema\/logo\/image\/"},"sameAs":["https:\/\/www.facebook.com\/profile.php?id=100008943462799","https:\/\/x.com\/bellunopress","https:\/\/www.linkedin.com\/hp\/?dnr=JBzUWaJfMUw8vbXJJ2tVW5-I3jZKvC4wsoxE&amp;amp;amp;amp;amp;amp;trk=nav_responsive_tab_home","https:\/\/www.youtube.com\/channel\/UCxL0wu1uN0_3_7hGG0306cw"]},{"@type":"Person","@id":"https:\/\/www.bellunopress.it\/#\/schema\/person\/79bb06722b37ece1c03d3e94beb30d73","name":"r\u00e9daction","image":{"@type":"ImageObject","inLanguage":"fr-FR","@id":"https:\/\/secure.gravatar.com\/avatar\/37d968a2e67a6fd04c169c4bdef102d0bc5d31b2546345219e348575eb80e9a0?s=96&d=mm&r=g","url":"https:\/\/secure.gravatar.com\/avatar\/37d968a2e67a6fd04c169c4bdef102d0bc5d31b2546345219e348575eb80e9a0?s=96&d=mm&r=g","contentUrl":"https:\/\/secure.gravatar.com\/avatar\/37d968a2e67a6fd04c169c4bdef102d0bc5d31b2546345219e348575eb80e9a0?s=96&d=mm&r=g","caption":"redazione"},"sameAs":["http:\/\/www.bellunopress.it","https:\/\/x.com\/bellunopress"],"url":"https:\/\/www.bellunopress.it\/fr\/author\/redazione\/"}]}},"_links":{"self":[{"href":"https:\/\/www.bellunopress.it\/fr\/wp-json\/wp\/v2\/posts\/34595","targetHints":{"allow":["GET"]}}],"collection":[{"href":"https:\/\/www.bellunopress.it\/fr\/wp-json\/wp\/v2\/posts"}],"about":[{"href":"https:\/\/www.bellunopress.it\/fr\/wp-json\/wp\/v2\/types\/post"}],"author":[{"embeddable":true,"href":"https:\/\/www.bellunopress.it\/fr\/wp-json\/wp\/v2\/users\/2"}],"replies":[{"embeddable":true,"href":"https:\/\/www.bellunopress.it\/fr\/wp-json\/wp\/v2\/comments?post=34595"}],"version-history":[{"count":1,"href":"https:\/\/www.bellunopress.it\/fr\/wp-json\/wp\/v2\/posts\/34595\/revisions"}],"predecessor-version":[{"id":34596,"href":"https:\/\/www.bellunopress.it\/fr\/wp-json\/wp\/v2\/posts\/34595\/revisions\/34596"}],"wp:attachment":[{"href":"https:\/\/www.bellunopress.it\/fr\/wp-json\/wp\/v2\/media?parent=34595"}],"wp:term":[{"taxonomy":"category","embeddable":true,"href":"https:\/\/www.bellunopress.it\/fr\/wp-json\/wp\/v2\/categories?post=34595"},{"taxonomy":"post_tag","embeddable":true,"href":"https:\/\/www.bellunopress.it\/fr\/wp-json\/wp\/v2\/tags?post=34595"}],"curies":[{"name":"wp","href":"https:\/\/api.w.org\/{rel}","templated":true}]}}