{"id":34564,"date":"2012-02-02T07:01:25","date_gmt":"2012-02-02T06:01:25","guid":{"rendered":"http:\/\/www.bellunopress.it\/?p=34564"},"modified":"2012-01-29T09:03:37","modified_gmt":"2012-01-29T08:03:37","slug":"dove-va-leconomia-di-montagna-sabato-al-miramonti-di-cortina-monestier-intervista-vietina","status":"publish","type":"post","link":"https:\/\/www.bellunopress.it\/fr\/2012\/02\/02\/dove-va-leconomia-di-montagna-sabato-al-miramonti-di-cortina-monestier-intervista-vietina\/","title":{"rendered":"Dove va l&#8217;economia di montagna? sabato al Miramonti di Cortina, Monestier intervista Vietina"},"content":{"rendered":"<p>Sabato 4 febbraio alle ore 18, al Grand Hotel Miramonti Majestic di Cortina d&#8217;Ampazzo, si terr\u00e0 l&#8217;incontro dal titolo: Dove va l&#8217;economia di montagna? Omar Monestier, direttore del Corriere delle Alpi intervista Stefano Vietina autore del libro Storie di uomini e imprese che fanno vivere la montagna. Introduce Rosanna Raffaelli Ghedina.<\/p>\n<figure id=\"attachment_30928\" aria-describedby=\"caption-attachment-30928\" style=\"width: 109px\" class=\"wp-caption alignleft\"><a href=\"http:\/\/www.bellunopress.it\/wp-content\/uploads\/2011\/09\/Stefano-Vietina.jpg\"><img loading=\"lazy\" decoding=\"async\" class=\"size-full wp-image-30928\" title=\"Stefano Vietina\" src=\"http:\/\/www.bellunopress.it\/wp-content\/uploads\/2011\/09\/Stefano-Vietina.jpg\" alt=\"\" width=\"109\" height=\"150\" \/><\/a><figcaption id=\"caption-attachment-30928\" class=\"wp-caption-text\">Stefano Vietina<\/figcaption><\/figure>\n<p>Il libro \u201cStorie di uomini e imprese che fanno vivere la montagna\u201d di Stefano Vietina Una finestra affacciata sul Comelico, sul Cadore e dintorni.\u00a0 Un viaggio alla scoperta, o riscoperta, di alcune realt\u00e0 economiche grandi e piccole in un\u2019area montana defilata rispetto a localit\u00e0 pi\u00f9 blasonate e alla moda, ma per ci\u00f2 stesso pi\u00f9 autentica e familiare. Questa finestra \u00e8 il libro \u201cStorie di uomini e imprese\u201d, di Stefano Vietina: una raccolta di 45 sfide imprenditoriali nate e cresciute all\u2019ombra delle Dolomiti bellunesi, che rappresentano la variegata capacit\u00e0 di reagire alla fine del boom dell\u2019occhialeria che pareva aver monopolizzato gran parte delle risorse e delle energie\u00a0 vitali di queste vallate.\u00a0 Oggi la globalizzazione ha imposto di cambiare equilibri e prospettive, di\u00a0 puntare su settori nuovi come, ad esempio, la tecnologia avanzata e la robotica, o di reinventare quelli tradizionali come l\u2019allevamento, l\u2019agricoltura e la lavorazione del legno.\u00a0 Ma che ha consentito anche di riscoprire abilit\u00e0 antiche come la produzione artigianale di gelato e di confetture di tarassaco, o mestieri tradizionali come lo spazzacamino, la guida alpina, l\u2019apicoltore\u2026 Stefano Vietina, toscano di origine, appassionato e fedele frequentatore di questi luoghi, ha unito l\u2019utile al dilettevole e, da buon giornalista, \u00e8 riuscito a tradurre in interviste, reportage e approfondimenti una curiosit\u00e0 non solo professionale ma anche affettiva, per conoscere dal di dentro genti e luoghi divenuti, negli anni, quasi una \u201cseconda patria\u201d. \u00a0\u201cCi voleva una scrittura gentile, con un accento &#8216;foresto&#8217; \u2013 osserva Omar Monestier, direttore del Corriere delle Alpi e del Mattino di Padova, che firma la presentazione \u2013 Stefano Vietina si \u00e8 fatto aprire porte sempre chiuse, ha sfogliato album privati mai visti prima. E\u2019 penetrato nel cuore di tanti bellunesi che continuavano a lavorare in silenzio e li ha portati alla luce\u201d. Ne sono scaturite numerose interviste pubblicate, nel corso di un anno,\u00a0 appunto sul quotidiano Il Corriere delle Alpi,\u00a0 raccolte ora in questo volume di 238 pagine, ricco di foto a colori e il cui titolo completo \u00e8, significativamente,\u00a0 \u201cStorie di uomini e imprese che fanno vivere la montagna\u201d. E vivere in montagna si pu\u00f2,\u00a0 malgrado le oggettive difficolt\u00e0 climatiche e di collegamenti, che spesso si traducono in anacronistici campanilismi. E\u2019 la difficolt\u00e0 a \u201cfare squadra\u201d il vero ostacolo da superare, secondo l\u2019analisi di Gianpiero Dalla Zuanna,\u00a0 Preside di Scienze Statistiche dell\u2019Universit\u00e0 di Padova, che nella Prefazione del libro\u00a0 afferma che \u201cl\u2019incapacit\u00e0 di cooperare pu\u00f2 portare alla morte economica.\u201d E aggiunge: \u201cOggi buona parte dei giovani della Val Comelico lavora fuori della valle, sulle tracce dei nonni migranti. Il libro di Vietina indica qualche sentiero per invertire questa tendenza.\u00a0 Ma la strada \u00e8 lunga, e per essere percorsa con successo ha bisogno di un deciso cambio di mentalit\u00e0.\u201d Il libro, edito a novembre 2011 dalla societ\u00e0 \u201cArco\u201d di Padova, costa 10 euro e\u00a0 pu\u00f2 essere\u00a0 acquistato online sui siti <a href=\"http:\/\/www.stefanovietina.it\">www.stefanovietina.it<\/a> e <a href=\"http:\/\/www.arcosrl.info\">www.arcosrl.info<\/a> . E\u2019 inoltre disponibile presso alcune librerie ed edicole di Cortina, San Vito, Santo Stefano Pieve di Cadore ed altri centri del Cadore e del Comelico, oltre ad alcune librerie di Belluno e Padova,\u00a0 elencate nello stesso sito.<\/p>","protected":false},"excerpt":{"rendered":"<p>Sabato 4 febbraio alle ore 18, al Grand Hotel Miramonti Majestic di Cortina d&#8217;Ampazzo, si terr\u00e0 l&#8217;incontro dal titolo: Dove va l&#8217;economia di montagna? Omar Monestier, direttore del Corriere delle Alpi intervista Stefano Vietina autore del libro Storie di uomini e imprese che fanno vivere la montagna. Introduce Rosanna Raffaelli Ghedina. Il libro \u201cStorie di [&hellip;]<\/p>\n","protected":false},"author":2,"featured_media":0,"comment_status":"closed","ping_status":"open","sticky":false,"template":"","format":"standard","meta":{"footnotes":""},"categories":[27,36,25],"tags":[],"class_list":["post-34564","post","type-post","status-publish","format-standard","category-appuntamenti","category-lavoro-economia","category-pausa-caffe"],"yoast_head":"<!-- This site is optimized with the Yoast SEO plugin v28.4 - https:\/\/yoast.com\/product\/yoast-seo-wordpress\/ -->\n<title>Dove va l&#039;economia di montagna? sabato al Miramonti di Cortina, Monestier intervista Vietina - Bellunopress - Dolomiti<\/title>\n<meta name=\"robots\" content=\"index, follow, max-snippet:-1, max-image-preview:large, max-video-preview:-1\" \/>\n<link rel=\"canonical\" href=\"https:\/\/www.bellunopress.it\/fr\/2012\/02\/02\/dove-va-leconomia-di-montagna-sabato-al-miramonti-di-cortina-monestier-intervista-vietina\/\" \/>\n<meta property=\"og:locale\" content=\"fr_FR\" \/>\n<meta property=\"og:type\" content=\"article\" \/>\n<meta property=\"og:title\" content=\"Dove va l&#039;economia di montagna? sabato al Miramonti di Cortina, Monestier intervista Vietina - Bellunopress - Dolomiti\" \/>\n<meta property=\"og:description\" content=\"Sabato 4 febbraio alle ore 18, al Grand Hotel Miramonti Majestic di Cortina d&#8217;Ampazzo, si terr\u00e0 l&#8217;incontro dal titolo: Dove va l&#8217;economia di montagna? Omar Monestier, direttore del Corriere delle Alpi intervista Stefano Vietina autore del libro Storie di uomini e imprese che fanno vivere la montagna. Introduce Rosanna Raffaelli Ghedina. Il libro \u201cStorie di [&hellip;]\" \/>\n<meta property=\"og:url\" content=\"https:\/\/www.bellunopress.it\/fr\/2012\/02\/02\/dove-va-leconomia-di-montagna-sabato-al-miramonti-di-cortina-monestier-intervista-vietina\/\" \/>\n<meta property=\"og:site_name\" content=\"Bellunopress - Dolomiti\" \/>\n<meta property=\"article:publisher\" content=\"https:\/\/www.facebook.com\/profile.php?id=100008943462799\" \/>\n<meta property=\"article:published_time\" content=\"2012-02-02T06:01:25+00:00\" \/>\n<meta property=\"og:image\" content=\"http:\/\/www.bellunopress.it\/wp-content\/uploads\/2011\/09\/Stefano-Vietina.jpg\" \/>\n<meta name=\"author\" content=\"redazione\" \/>\n<meta name=\"twitter:card\" content=\"summary_large_image\" \/>\n<meta name=\"twitter:creator\" content=\"@bellunopress\" \/>\n<meta name=\"twitter:site\" content=\"@bellunopress\" \/>\n<meta name=\"twitter:label1\" content=\"\u00c9crit par\" \/>\n\t<meta name=\"twitter:data1\" content=\"redazione\" \/>\n\t<meta name=\"twitter:label2\" content=\"Dur\u00e9e de lecture estim\u00e9e\" \/>\n\t<meta name=\"twitter:data2\" content=\"3 minutes\" \/>\n<script type=\"application\/ld+json\" class=\"yoast-schema-graph\">{\"@context\":\"https:\\\/\\\/schema.org\",\"@graph\":[{\"@type\":\"Article\",\"@id\":\"https:\\\/\\\/www.bellunopress.it\\\/2012\\\/02\\\/02\\\/dove-va-leconomia-di-montagna-sabato-al-miramonti-di-cortina-monestier-intervista-vietina\\\/#article\",\"isPartOf\":{\"@id\":\"https:\\\/\\\/www.bellunopress.it\\\/2012\\\/02\\\/02\\\/dove-va-leconomia-di-montagna-sabato-al-miramonti-di-cortina-monestier-intervista-vietina\\\/\"},\"author\":{\"name\":\"redazione\",\"@id\":\"https:\\\/\\\/www.bellunopress.it\\\/#\\\/schema\\\/person\\\/79bb06722b37ece1c03d3e94beb30d73\"},\"headline\":\"Dove va l&#8217;economia di montagna? sabato al Miramonti di Cortina, Monestier intervista Vietina\",\"datePublished\":\"2012-02-02T06:01:25+00:00\",\"mainEntityOfPage\":{\"@id\":\"https:\\\/\\\/www.bellunopress.it\\\/2012\\\/02\\\/02\\\/dove-va-leconomia-di-montagna-sabato-al-miramonti-di-cortina-monestier-intervista-vietina\\\/\"},\"wordCount\":590,\"publisher\":{\"@id\":\"https:\\\/\\\/www.bellunopress.it\\\/#organization\"},\"image\":{\"@id\":\"https:\\\/\\\/www.bellunopress.it\\\/2012\\\/02\\\/02\\\/dove-va-leconomia-di-montagna-sabato-al-miramonti-di-cortina-monestier-intervista-vietina\\\/#primaryimage\"},\"thumbnailUrl\":\"http:\\\/\\\/www.bellunopress.it\\\/wp-content\\\/uploads\\\/2011\\\/09\\\/Stefano-Vietina.jpg\",\"articleSection\":[\"Appuntamenti, Eventi\",\"Lavoro, Economia, Turismo\",\"Pausa Caff\u00e8\"],\"inLanguage\":\"fr-FR\"},{\"@type\":\"WebPage\",\"@id\":\"https:\\\/\\\/www.bellunopress.it\\\/2012\\\/02\\\/02\\\/dove-va-leconomia-di-montagna-sabato-al-miramonti-di-cortina-monestier-intervista-vietina\\\/\",\"url\":\"https:\\\/\\\/www.bellunopress.it\\\/2012\\\/02\\\/02\\\/dove-va-leconomia-di-montagna-sabato-al-miramonti-di-cortina-monestier-intervista-vietina\\\/\",\"name\":\"Dove va l'economia di montagna? sabato al Miramonti di Cortina, Monestier intervista Vietina - Bellunopress - Dolomiti\",\"isPartOf\":{\"@id\":\"https:\\\/\\\/www.bellunopress.it\\\/#website\"},\"primaryImageOfPage\":{\"@id\":\"https:\\\/\\\/www.bellunopress.it\\\/2012\\\/02\\\/02\\\/dove-va-leconomia-di-montagna-sabato-al-miramonti-di-cortina-monestier-intervista-vietina\\\/#primaryimage\"},\"image\":{\"@id\":\"https:\\\/\\\/www.bellunopress.it\\\/2012\\\/02\\\/02\\\/dove-va-leconomia-di-montagna-sabato-al-miramonti-di-cortina-monestier-intervista-vietina\\\/#primaryimage\"},\"thumbnailUrl\":\"http:\\\/\\\/www.bellunopress.it\\\/wp-content\\\/uploads\\\/2011\\\/09\\\/Stefano-Vietina.jpg\",\"datePublished\":\"2012-02-02T06:01:25+00:00\",\"breadcrumb\":{\"@id\":\"https:\\\/\\\/www.bellunopress.it\\\/2012\\\/02\\\/02\\\/dove-va-leconomia-di-montagna-sabato-al-miramonti-di-cortina-monestier-intervista-vietina\\\/#breadcrumb\"},\"inLanguage\":\"fr-FR\",\"potentialAction\":[{\"@type\":\"ReadAction\",\"target\":[\"https:\\\/\\\/www.bellunopress.it\\\/2012\\\/02\\\/02\\\/dove-va-leconomia-di-montagna-sabato-al-miramonti-di-cortina-monestier-intervista-vietina\\\/\"]}]},{\"@type\":\"ImageObject\",\"inLanguage\":\"fr-FR\",\"@id\":\"https:\\\/\\\/www.bellunopress.it\\\/2012\\\/02\\\/02\\\/dove-va-leconomia-di-montagna-sabato-al-miramonti-di-cortina-monestier-intervista-vietina\\\/#primaryimage\",\"url\":\"http:\\\/\\\/www.bellunopress.it\\\/wp-content\\\/uploads\\\/2011\\\/09\\\/Stefano-Vietina.jpg\",\"contentUrl\":\"http:\\\/\\\/www.bellunopress.it\\\/wp-content\\\/uploads\\\/2011\\\/09\\\/Stefano-Vietina.jpg\"},{\"@type\":\"BreadcrumbList\",\"@id\":\"https:\\\/\\\/www.bellunopress.it\\\/2012\\\/02\\\/02\\\/dove-va-leconomia-di-montagna-sabato-al-miramonti-di-cortina-monestier-intervista-vietina\\\/#breadcrumb\",\"itemListElement\":[{\"@type\":\"ListItem\",\"position\":1,\"name\":\"Home\",\"item\":\"https:\\\/\\\/www.bellunopress.it\\\/\"},{\"@type\":\"ListItem\",\"position\":2,\"name\":\"Dove va l&#8217;economia di montagna? sabato al Miramonti di Cortina, Monestier intervista Vietina\"}]},{\"@type\":\"WebSite\",\"@id\":\"https:\\\/\\\/www.bellunopress.it\\\/#website\",\"url\":\"https:\\\/\\\/www.bellunopress.it\\\/\",\"name\":\"Bellunopress - Dolomiti\",\"description\":\"e-mail: redazione@bellunopress.it\",\"publisher\":{\"@id\":\"https:\\\/\\\/www.bellunopress.it\\\/#organization\"},\"potentialAction\":[{\"@type\":\"SearchAction\",\"target\":{\"@type\":\"EntryPoint\",\"urlTemplate\":\"https:\\\/\\\/www.bellunopress.it\\\/?s={search_term_string}\"},\"query-input\":{\"@type\":\"PropertyValueSpecification\",\"valueRequired\":true,\"valueName\":\"search_term_string\"}}],\"inLanguage\":\"fr-FR\"},{\"@type\":\"Organization\",\"@id\":\"https:\\\/\\\/www.bellunopress.it\\\/#organization\",\"name\":\"Bellunopress\",\"url\":\"https:\\\/\\\/www.bellunopress.it\\\/\",\"logo\":{\"@type\":\"ImageObject\",\"inLanguage\":\"fr-FR\",\"@id\":\"https:\\\/\\\/www.bellunopress.it\\\/#\\\/schema\\\/logo\\\/image\\\/\",\"url\":\"https:\\\/\\\/www.bellunopress.it\\\/wp-content\\\/uploads\\\/2011\\\/05\\\/cropped-logo-bellunopress-.jpg\",\"contentUrl\":\"https:\\\/\\\/www.bellunopress.it\\\/wp-content\\\/uploads\\\/2011\\\/05\\\/cropped-logo-bellunopress-.jpg\",\"width\":512,\"height\":512,\"caption\":\"Bellunopress\"},\"image\":{\"@id\":\"https:\\\/\\\/www.bellunopress.it\\\/#\\\/schema\\\/logo\\\/image\\\/\"},\"sameAs\":[\"https:\\\/\\\/www.facebook.com\\\/profile.php?id=100008943462799\",\"https:\\\/\\\/x.com\\\/bellunopress\",\"https:\\\/\\\/www.linkedin.com\\\/hp\\\/?dnr=JBzUWaJfMUw8vbXJJ2tVW5-I3jZKvC4wsoxE&amp;amp;amp;amp;amp;amp;trk=nav_responsive_tab_home\",\"https:\\\/\\\/www.youtube.com\\\/channel\\\/UCxL0wu1uN0_3_7hGG0306cw\"]},{\"@type\":\"Person\",\"@id\":\"https:\\\/\\\/www.bellunopress.it\\\/#\\\/schema\\\/person\\\/79bb06722b37ece1c03d3e94beb30d73\",\"name\":\"redazione\",\"image\":{\"@type\":\"ImageObject\",\"inLanguage\":\"fr-FR\",\"@id\":\"https:\\\/\\\/secure.gravatar.com\\\/avatar\\\/37d968a2e67a6fd04c169c4bdef102d0bc5d31b2546345219e348575eb80e9a0?s=96&d=mm&r=g\",\"url\":\"https:\\\/\\\/secure.gravatar.com\\\/avatar\\\/37d968a2e67a6fd04c169c4bdef102d0bc5d31b2546345219e348575eb80e9a0?s=96&d=mm&r=g\",\"contentUrl\":\"https:\\\/\\\/secure.gravatar.com\\\/avatar\\\/37d968a2e67a6fd04c169c4bdef102d0bc5d31b2546345219e348575eb80e9a0?s=96&d=mm&r=g\",\"caption\":\"redazione\"},\"sameAs\":[\"http:\\\/\\\/www.bellunopress.it\",\"https:\\\/\\\/x.com\\\/bellunopress\"],\"url\":\"https:\\\/\\\/www.bellunopress.it\\\/fr\\\/author\\\/redazione\\\/\"}]}<\/script>\n<!-- \/ Yoast SEO plugin. -->","yoast_head_json":{"title":"Dove va l'economia di montagna? sabato al Miramonti di Cortina, Monestier intervista Vietina - Bellunopress - Dolomiti","robots":{"index":"index","follow":"follow","max-snippet":"max-snippet:-1","max-image-preview":"max-image-preview:large","max-video-preview":"max-video-preview:-1"},"canonical":"https:\/\/www.bellunopress.it\/fr\/2012\/02\/02\/dove-va-leconomia-di-montagna-sabato-al-miramonti-di-cortina-monestier-intervista-vietina\/","og_locale":"fr_FR","og_type":"article","og_title":"Dove va l'economia di montagna? sabato al Miramonti di Cortina, Monestier intervista Vietina - Bellunopress - Dolomiti","og_description":"Sabato 4 febbraio alle ore 18, al Grand Hotel Miramonti Majestic di Cortina d&#8217;Ampazzo, si terr\u00e0 l&#8217;incontro dal titolo: Dove va l&#8217;economia di montagna? Omar Monestier, direttore del Corriere delle Alpi intervista Stefano Vietina autore del libro Storie di uomini e imprese che fanno vivere la montagna. Introduce Rosanna Raffaelli Ghedina. Il libro \u201cStorie di [&hellip;]","og_url":"https:\/\/www.bellunopress.it\/fr\/2012\/02\/02\/dove-va-leconomia-di-montagna-sabato-al-miramonti-di-cortina-monestier-intervista-vietina\/","og_site_name":"Bellunopress - Dolomiti","article_publisher":"https:\/\/www.facebook.com\/profile.php?id=100008943462799","article_published_time":"2012-02-02T06:01:25+00:00","og_image":[{"url":"http:\/\/www.bellunopress.it\/wp-content\/uploads\/2011\/09\/Stefano-Vietina.jpg","type":"","width":"","height":""}],"author":"redazione","twitter_card":"summary_large_image","twitter_creator":"@bellunopress","twitter_site":"@bellunopress","twitter_misc":{"\u00c9crit par":"redazione","Dur\u00e9e de lecture estim\u00e9e":"3 minutes"},"schema":{"@context":"https:\/\/schema.org","@graph":[{"@type":"Article","@id":"https:\/\/www.bellunopress.it\/2012\/02\/02\/dove-va-leconomia-di-montagna-sabato-al-miramonti-di-cortina-monestier-intervista-vietina\/#article","isPartOf":{"@id":"https:\/\/www.bellunopress.it\/2012\/02\/02\/dove-va-leconomia-di-montagna-sabato-al-miramonti-di-cortina-monestier-intervista-vietina\/"},"author":{"name":"redazione","@id":"https:\/\/www.bellunopress.it\/#\/schema\/person\/79bb06722b37ece1c03d3e94beb30d73"},"headline":"Dove va l&#8217;economia di montagna? sabato al Miramonti di Cortina, Monestier intervista Vietina","datePublished":"2012-02-02T06:01:25+00:00","mainEntityOfPage":{"@id":"https:\/\/www.bellunopress.it\/2012\/02\/02\/dove-va-leconomia-di-montagna-sabato-al-miramonti-di-cortina-monestier-intervista-vietina\/"},"wordCount":590,"publisher":{"@id":"https:\/\/www.bellunopress.it\/#organization"},"image":{"@id":"https:\/\/www.bellunopress.it\/2012\/02\/02\/dove-va-leconomia-di-montagna-sabato-al-miramonti-di-cortina-monestier-intervista-vietina\/#primaryimage"},"thumbnailUrl":"http:\/\/www.bellunopress.it\/wp-content\/uploads\/2011\/09\/Stefano-Vietina.jpg","articleSection":["Appuntamenti, Eventi","Lavoro, Economia, Turismo","Pausa Caff\u00e8"],"inLanguage":"fr-FR"},{"@type":"WebPage","@id":"https:\/\/www.bellunopress.it\/2012\/02\/02\/dove-va-leconomia-di-montagna-sabato-al-miramonti-di-cortina-monestier-intervista-vietina\/","url":"https:\/\/www.bellunopress.it\/2012\/02\/02\/dove-va-leconomia-di-montagna-sabato-al-miramonti-di-cortina-monestier-intervista-vietina\/","name":"Dove va l'economia di montagna? sabato al Miramonti di Cortina, Monestier intervista Vietina - Bellunopress - Dolomiti","isPartOf":{"@id":"https:\/\/www.bellunopress.it\/#website"},"primaryImageOfPage":{"@id":"https:\/\/www.bellunopress.it\/2012\/02\/02\/dove-va-leconomia-di-montagna-sabato-al-miramonti-di-cortina-monestier-intervista-vietina\/#primaryimage"},"image":{"@id":"https:\/\/www.bellunopress.it\/2012\/02\/02\/dove-va-leconomia-di-montagna-sabato-al-miramonti-di-cortina-monestier-intervista-vietina\/#primaryimage"},"thumbnailUrl":"http:\/\/www.bellunopress.it\/wp-content\/uploads\/2011\/09\/Stefano-Vietina.jpg","datePublished":"2012-02-02T06:01:25+00:00","breadcrumb":{"@id":"https:\/\/www.bellunopress.it\/2012\/02\/02\/dove-va-leconomia-di-montagna-sabato-al-miramonti-di-cortina-monestier-intervista-vietina\/#breadcrumb"},"inLanguage":"fr-FR","potentialAction":[{"@type":"ReadAction","target":["https:\/\/www.bellunopress.it\/2012\/02\/02\/dove-va-leconomia-di-montagna-sabato-al-miramonti-di-cortina-monestier-intervista-vietina\/"]}]},{"@type":"ImageObject","inLanguage":"fr-FR","@id":"https:\/\/www.bellunopress.it\/2012\/02\/02\/dove-va-leconomia-di-montagna-sabato-al-miramonti-di-cortina-monestier-intervista-vietina\/#primaryimage","url":"http:\/\/www.bellunopress.it\/wp-content\/uploads\/2011\/09\/Stefano-Vietina.jpg","contentUrl":"http:\/\/www.bellunopress.it\/wp-content\/uploads\/2011\/09\/Stefano-Vietina.jpg"},{"@type":"BreadcrumbList","@id":"https:\/\/www.bellunopress.it\/2012\/02\/02\/dove-va-leconomia-di-montagna-sabato-al-miramonti-di-cortina-monestier-intervista-vietina\/#breadcrumb","itemListElement":[{"@type":"ListItem","position":1,"name":"Home","item":"https:\/\/www.bellunopress.it\/"},{"@type":"ListItem","position":2,"name":"Dove va l&#8217;economia di montagna? sabato al Miramonti di Cortina, Monestier intervista Vietina"}]},{"@type":"WebSite","@id":"https:\/\/www.bellunopress.it\/#website","url":"https:\/\/www.bellunopress.it\/","name":"Bellunopress - Dolomiti","description":"e-mail: redazione@bellunopress.it","publisher":{"@id":"https:\/\/www.bellunopress.it\/#organization"},"potentialAction":[{"@type":"SearchAction","target":{"@type":"EntryPoint","urlTemplate":"https:\/\/www.bellunopress.it\/?s={search_term_string}"},"query-input":{"@type":"PropertyValueSpecification","valueRequired":true,"valueName":"search_term_string"}}],"inLanguage":"fr-FR"},{"@type":"Organization","@id":"https:\/\/www.bellunopress.it\/#organization","name":"Bellunopress","url":"https:\/\/www.bellunopress.it\/","logo":{"@type":"ImageObject","inLanguage":"fr-FR","@id":"https:\/\/www.bellunopress.it\/#\/schema\/logo\/image\/","url":"https:\/\/www.bellunopress.it\/wp-content\/uploads\/2011\/05\/cropped-logo-bellunopress-.jpg","contentUrl":"https:\/\/www.bellunopress.it\/wp-content\/uploads\/2011\/05\/cropped-logo-bellunopress-.jpg","width":512,"height":512,"caption":"Bellunopress"},"image":{"@id":"https:\/\/www.bellunopress.it\/#\/schema\/logo\/image\/"},"sameAs":["https:\/\/www.facebook.com\/profile.php?id=100008943462799","https:\/\/x.com\/bellunopress","https:\/\/www.linkedin.com\/hp\/?dnr=JBzUWaJfMUw8vbXJJ2tVW5-I3jZKvC4wsoxE&amp;amp;amp;amp;amp;amp;trk=nav_responsive_tab_home","https:\/\/www.youtube.com\/channel\/UCxL0wu1uN0_3_7hGG0306cw"]},{"@type":"Person","@id":"https:\/\/www.bellunopress.it\/#\/schema\/person\/79bb06722b37ece1c03d3e94beb30d73","name":"r\u00e9daction","image":{"@type":"ImageObject","inLanguage":"fr-FR","@id":"https:\/\/secure.gravatar.com\/avatar\/37d968a2e67a6fd04c169c4bdef102d0bc5d31b2546345219e348575eb80e9a0?s=96&d=mm&r=g","url":"https:\/\/secure.gravatar.com\/avatar\/37d968a2e67a6fd04c169c4bdef102d0bc5d31b2546345219e348575eb80e9a0?s=96&d=mm&r=g","contentUrl":"https:\/\/secure.gravatar.com\/avatar\/37d968a2e67a6fd04c169c4bdef102d0bc5d31b2546345219e348575eb80e9a0?s=96&d=mm&r=g","caption":"redazione"},"sameAs":["http:\/\/www.bellunopress.it","https:\/\/x.com\/bellunopress"],"url":"https:\/\/www.bellunopress.it\/fr\/author\/redazione\/"}]}},"_links":{"self":[{"href":"https:\/\/www.bellunopress.it\/fr\/wp-json\/wp\/v2\/posts\/34564","targetHints":{"allow":["GET"]}}],"collection":[{"href":"https:\/\/www.bellunopress.it\/fr\/wp-json\/wp\/v2\/posts"}],"about":[{"href":"https:\/\/www.bellunopress.it\/fr\/wp-json\/wp\/v2\/types\/post"}],"author":[{"embeddable":true,"href":"https:\/\/www.bellunopress.it\/fr\/wp-json\/wp\/v2\/users\/2"}],"replies":[{"embeddable":true,"href":"https:\/\/www.bellunopress.it\/fr\/wp-json\/wp\/v2\/comments?post=34564"}],"version-history":[{"count":1,"href":"https:\/\/www.bellunopress.it\/fr\/wp-json\/wp\/v2\/posts\/34564\/revisions"}],"predecessor-version":[{"id":34565,"href":"https:\/\/www.bellunopress.it\/fr\/wp-json\/wp\/v2\/posts\/34564\/revisions\/34565"}],"wp:attachment":[{"href":"https:\/\/www.bellunopress.it\/fr\/wp-json\/wp\/v2\/media?parent=34564"}],"wp:term":[{"taxonomy":"category","embeddable":true,"href":"https:\/\/www.bellunopress.it\/fr\/wp-json\/wp\/v2\/categories?post=34564"},{"taxonomy":"post_tag","embeddable":true,"href":"https:\/\/www.bellunopress.it\/fr\/wp-json\/wp\/v2\/tags?post=34564"}],"curies":[{"name":"wp","href":"https:\/\/api.w.org\/{rel}","templated":true}]}}