{"id":34541,"date":"2012-01-28T09:25:30","date_gmt":"2012-01-28T08:25:30","guid":{"rendered":"http:\/\/www.bellunopress.it\/?p=34541"},"modified":"2012-01-28T09:27:49","modified_gmt":"2012-01-28T08:27:49","slug":"i-miracoli-di-valmorel-ritorna-in-libreria-nel-40mo-dalla-morte-di-dino-buzzati-il-libro-e-stato-presentato-venerdi-sera-alla-liibreria-alessandro-tarantola-da-lorenzo-vigano","status":"publish","type":"post","link":"https:\/\/www.bellunopress.it\/fr\/2012\/01\/28\/i-miracoli-di-valmorel-ritorna-in-libreria-nel-40mo-dalla-morte-di-dino-buzzati-il-libro-e-stato-presentato-venerdi-sera-alla-liibreria-alessandro-tarantola-da-lorenzo-vigano\/","title":{"rendered":"I miracoli di Valmorel ritornano in libreria nel 40mo dalla morte di Dino Buzzati. Il libro \u00e8 stato presentato venerd\u00ec sera alla libreria Alessandro Tarantola da Lorenzo Vigan\u00f2"},"content":{"rendered":"<p><a href=\"http:\/\/www.bellunopress.it\/wp-content\/uploads\/2012\/01\/lorenzo-vigan\u00f2-michela-canova.jpg\"><img loading=\"lazy\" decoding=\"async\" class=\"alignleft size-full wp-image-34543\" title=\"lorenzo vigan\u00f2 michela canova\" src=\"http:\/\/www.bellunopress.it\/wp-content\/uploads\/2012\/01\/lorenzo-vigan\u00f2-michela-canova.jpg\" alt=\"\" width=\"290\" height=\"174\" \/><\/a>Quarant&#8217;anni fa, alle 4 e 20 del pomeriggio del 28 gennaio del 1972 nella stanza 201 della clinica Madonnina di Milano, moriva Dino Buzzati. Per ricordarne la memoria, Mondadori ha ristampato il libro \u201cI miracoli di Valmorel\u201d, da tempo introvabile, pubblicato per la prima volta nel novembre del 1971.<\/p>\n<p>Il volume \u00e8 stato presentato ieri sera alla libreria Alessandro Tarantola di Belluno da Lorenzo Vigan\u00f2, giornalista del Corriere della Sera, che ha curato la postfazione. A moderare l&#8217;incontro c&#8217;era Michela Canova, giornalista, responsabile dell&#8217;ufficio stampa del Soccorso alpino.<\/p>\n<p>Vigan\u00f2 ha raccontato in una serie di aneddoti la genesi del libro, nato dalle 39 tavole ex voto originariamente dipinte da Buzzati per la mostra alla Gelleria Cardazzo di Venezia inaugurata il 3 settembre del 1970. Poi vi aggiunse i racconti, che anzich\u00e9 spiegare la tavola, come avviene nelle consuete didascalie, aggiunge mistero al mistero, depistando il lettore. Buzzati racconta i miracoli di Santa Rita da Cascia, sullo sfondo di Valmorel, sovrapponendo luoghi e fatti immaginari a luoghi reali in un gioco surreale con il lettore. Il libro \u00e8 popolato da animali immaginari, il terribile &#8220;gatto mammone&#8221;, le &#8220;formiche mentali&#8221; che fanno impazzire gli uomini. Un nobiluomo perduto nel labirinto di Villa Gaggia dove nel 1943 si svolse lo storico incontro tra Hitler e Mussolini.<\/p>\n<p>Il libro \u00e8 anche il biglietto d&#8217;addio alla vita di Dino Buzzati, inviato e giornalista di nera al Corriere della Sera, che per tutta la vita ha dialogato con la morte nei suoi articoli, fortemente provato dalla malattia sa che \u00e8 giunto il suo momento. Ma proseguendo nel gioco, conserva un pizzico di speranza lanciando un messaggio a Santa Rita per un miracolo. Che non avviene. O forse, come ha osservato Vigan\u00f2 in chiusura della serata, \u201c<span style=\"font-family: Times New Roman, serif;\">il miracolo \u00e8 stata la nevicata che il 28 gennaio del &#8217;72 che ha imbiancato Milano, rendendo i palazzi simili alle sue Dolomiti\u201d.<\/span><\/p>","protected":false},"excerpt":{"rendered":"<p>Quarant&#8217;anni fa, alle 4 e 20 del pomeriggio del 28 gennaio del 1972 nella stanza 201 della clinica Madonnina di Milano, moriva Dino Buzzati. Per ricordarne la memoria, Mondadori ha ristampato il libro \u201cI miracoli di Valmorel\u201d, da tempo introvabile, pubblicato per la prima volta nel novembre del 1971. Il volume \u00e8 stato presentato ieri [&hellip;]<\/p>\n","protected":false},"author":2,"featured_media":0,"comment_status":"closed","ping_status":"open","sticky":false,"template":"","format":"standard","meta":{"footnotes":""},"categories":[3,26],"tags":[],"class_list":["post-34541","post","type-post","status-publish","format-standard","category-arte-cultura-spettacoli-scienza-archivi","category-prima-pagina"],"yoast_head":"<!-- This site is optimized with the Yoast SEO plugin v28.4 - https:\/\/yoast.com\/product\/yoast-seo-wordpress\/ -->\n<title>I miracoli di Valmorel ritornano in libreria nel 40mo dalla morte di Dino Buzzati. Il libro \u00e8 stato presentato venerd\u00ec sera alla libreria Alessandro Tarantola da Lorenzo Vigan\u00f2 - Bellunopress - Dolomiti<\/title>\n<meta name=\"robots\" content=\"index, follow, max-snippet:-1, max-image-preview:large, max-video-preview:-1\" \/>\n<link rel=\"canonical\" href=\"https:\/\/www.bellunopress.it\/fr\/2012\/01\/28\/i-miracoli-di-valmorel-ritorna-in-libreria-nel-40mo-dalla-morte-di-dino-buzzati-il-libro-e-stato-presentato-venerdi-sera-alla-liibreria-alessandro-tarantola-da-lorenzo-vigano\/\" \/>\n<meta property=\"og:locale\" content=\"fr_FR\" \/>\n<meta property=\"og:type\" content=\"article\" \/>\n<meta property=\"og:title\" content=\"I miracoli di Valmorel ritornano in libreria nel 40mo dalla morte di Dino Buzzati. Il libro \u00e8 stato presentato venerd\u00ec sera alla libreria Alessandro Tarantola da Lorenzo Vigan\u00f2 - Bellunopress - Dolomiti\" \/>\n<meta property=\"og:description\" content=\"Quarant&#8217;anni fa, alle 4 e 20 del pomeriggio del 28 gennaio del 1972 nella stanza 201 della clinica Madonnina di Milano, moriva Dino Buzzati. Per ricordarne la memoria, Mondadori ha ristampato il libro \u201cI miracoli di Valmorel\u201d, da tempo introvabile, pubblicato per la prima volta nel novembre del 1971. Il volume \u00e8 stato presentato ieri [&hellip;]\" \/>\n<meta property=\"og:url\" content=\"https:\/\/www.bellunopress.it\/fr\/2012\/01\/28\/i-miracoli-di-valmorel-ritorna-in-libreria-nel-40mo-dalla-morte-di-dino-buzzati-il-libro-e-stato-presentato-venerdi-sera-alla-liibreria-alessandro-tarantola-da-lorenzo-vigano\/\" \/>\n<meta property=\"og:site_name\" content=\"Bellunopress - Dolomiti\" \/>\n<meta property=\"article:publisher\" content=\"https:\/\/www.facebook.com\/profile.php?id=100008943462799\" \/>\n<meta property=\"article:published_time\" content=\"2012-01-28T08:25:30+00:00\" \/>\n<meta property=\"article:modified_time\" content=\"2012-01-28T08:27:49+00:00\" \/>\n<meta property=\"og:image\" content=\"http:\/\/www.bellunopress.it\/wp-content\/uploads\/2012\/01\/lorenzo-vigan\u00f2-michela-canova.jpg\" \/>\n<meta name=\"author\" content=\"redazione\" \/>\n<meta name=\"twitter:card\" content=\"summary_large_image\" \/>\n<meta name=\"twitter:creator\" content=\"@bellunopress\" \/>\n<meta name=\"twitter:site\" content=\"@bellunopress\" \/>\n<meta name=\"twitter:label1\" content=\"\u00c9crit par\" \/>\n\t<meta name=\"twitter:data1\" content=\"redazione\" \/>\n\t<meta name=\"twitter:label2\" content=\"Dur\u00e9e de lecture estim\u00e9e\" \/>\n\t<meta name=\"twitter:data2\" content=\"1 minute\" \/>\n<script type=\"application\/ld+json\" class=\"yoast-schema-graph\">{\"@context\":\"https:\\\/\\\/schema.org\",\"@graph\":[{\"@type\":\"Article\",\"@id\":\"https:\\\/\\\/www.bellunopress.it\\\/2012\\\/01\\\/28\\\/i-miracoli-di-valmorel-ritorna-in-libreria-nel-40mo-dalla-morte-di-dino-buzzati-il-libro-e-stato-presentato-venerdi-sera-alla-liibreria-alessandro-tarantola-da-lorenzo-vigano\\\/#article\",\"isPartOf\":{\"@id\":\"https:\\\/\\\/www.bellunopress.it\\\/2012\\\/01\\\/28\\\/i-miracoli-di-valmorel-ritorna-in-libreria-nel-40mo-dalla-morte-di-dino-buzzati-il-libro-e-stato-presentato-venerdi-sera-alla-liibreria-alessandro-tarantola-da-lorenzo-vigano\\\/\"},\"author\":{\"name\":\"redazione\",\"@id\":\"https:\\\/\\\/www.bellunopress.it\\\/#\\\/schema\\\/person\\\/79bb06722b37ece1c03d3e94beb30d73\"},\"headline\":\"I miracoli di Valmorel ritornano in libreria nel 40mo dalla morte di Dino Buzzati. Il libro \u00e8 stato presentato venerd\u00ec sera alla libreria Alessandro Tarantola da Lorenzo Vigan\u00f2\",\"datePublished\":\"2012-01-28T08:25:30+00:00\",\"dateModified\":\"2012-01-28T08:27:49+00:00\",\"mainEntityOfPage\":{\"@id\":\"https:\\\/\\\/www.bellunopress.it\\\/2012\\\/01\\\/28\\\/i-miracoli-di-valmorel-ritorna-in-libreria-nel-40mo-dalla-morte-di-dino-buzzati-il-libro-e-stato-presentato-venerdi-sera-alla-liibreria-alessandro-tarantola-da-lorenzo-vigano\\\/\"},\"wordCount\":327,\"publisher\":{\"@id\":\"https:\\\/\\\/www.bellunopress.it\\\/#organization\"},\"articleSection\":[\"Arte, Cultura, Spettacoli, Scienza\",\"Prima Pagina\"],\"inLanguage\":\"fr-FR\"},{\"@type\":\"WebPage\",\"@id\":\"https:\\\/\\\/www.bellunopress.it\\\/2012\\\/01\\\/28\\\/i-miracoli-di-valmorel-ritorna-in-libreria-nel-40mo-dalla-morte-di-dino-buzzati-il-libro-e-stato-presentato-venerdi-sera-alla-liibreria-alessandro-tarantola-da-lorenzo-vigano\\\/\",\"url\":\"https:\\\/\\\/www.bellunopress.it\\\/2012\\\/01\\\/28\\\/i-miracoli-di-valmorel-ritorna-in-libreria-nel-40mo-dalla-morte-di-dino-buzzati-il-libro-e-stato-presentato-venerdi-sera-alla-liibreria-alessandro-tarantola-da-lorenzo-vigano\\\/\",\"name\":\"I miracoli di Valmorel ritornano in libreria nel 40mo dalla morte di Dino Buzzati. Il libro \u00e8 stato presentato venerd\u00ec sera alla libreria Alessandro Tarantola da Lorenzo Vigan\u00f2 - Bellunopress - Dolomiti\",\"isPartOf\":{\"@id\":\"https:\\\/\\\/www.bellunopress.it\\\/#website\"},\"datePublished\":\"2012-01-28T08:25:30+00:00\",\"dateModified\":\"2012-01-28T08:27:49+00:00\",\"breadcrumb\":{\"@id\":\"https:\\\/\\\/www.bellunopress.it\\\/2012\\\/01\\\/28\\\/i-miracoli-di-valmorel-ritorna-in-libreria-nel-40mo-dalla-morte-di-dino-buzzati-il-libro-e-stato-presentato-venerdi-sera-alla-liibreria-alessandro-tarantola-da-lorenzo-vigano\\\/#breadcrumb\"},\"inLanguage\":\"fr-FR\",\"potentialAction\":[{\"@type\":\"ReadAction\",\"target\":[\"https:\\\/\\\/www.bellunopress.it\\\/2012\\\/01\\\/28\\\/i-miracoli-di-valmorel-ritorna-in-libreria-nel-40mo-dalla-morte-di-dino-buzzati-il-libro-e-stato-presentato-venerdi-sera-alla-liibreria-alessandro-tarantola-da-lorenzo-vigano\\\/\"]}]},{\"@type\":\"BreadcrumbList\",\"@id\":\"https:\\\/\\\/www.bellunopress.it\\\/2012\\\/01\\\/28\\\/i-miracoli-di-valmorel-ritorna-in-libreria-nel-40mo-dalla-morte-di-dino-buzzati-il-libro-e-stato-presentato-venerdi-sera-alla-liibreria-alessandro-tarantola-da-lorenzo-vigano\\\/#breadcrumb\",\"itemListElement\":[{\"@type\":\"ListItem\",\"position\":1,\"name\":\"Home\",\"item\":\"https:\\\/\\\/www.bellunopress.it\\\/\"},{\"@type\":\"ListItem\",\"position\":2,\"name\":\"I miracoli di Valmorel ritornano in libreria nel 40mo dalla morte di Dino Buzzati. Il libro \u00e8 stato presentato venerd\u00ec sera alla libreria Alessandro Tarantola da Lorenzo Vigan\u00f2\"}]},{\"@type\":\"WebSite\",\"@id\":\"https:\\\/\\\/www.bellunopress.it\\\/#website\",\"url\":\"https:\\\/\\\/www.bellunopress.it\\\/\",\"name\":\"Bellunopress - Dolomiti\",\"description\":\"e-mail: redazione@bellunopress.it\",\"publisher\":{\"@id\":\"https:\\\/\\\/www.bellunopress.it\\\/#organization\"},\"potentialAction\":[{\"@type\":\"SearchAction\",\"target\":{\"@type\":\"EntryPoint\",\"urlTemplate\":\"https:\\\/\\\/www.bellunopress.it\\\/?s={search_term_string}\"},\"query-input\":{\"@type\":\"PropertyValueSpecification\",\"valueRequired\":true,\"valueName\":\"search_term_string\"}}],\"inLanguage\":\"fr-FR\"},{\"@type\":\"Organization\",\"@id\":\"https:\\\/\\\/www.bellunopress.it\\\/#organization\",\"name\":\"Bellunopress\",\"url\":\"https:\\\/\\\/www.bellunopress.it\\\/\",\"logo\":{\"@type\":\"ImageObject\",\"inLanguage\":\"fr-FR\",\"@id\":\"https:\\\/\\\/www.bellunopress.it\\\/#\\\/schema\\\/logo\\\/image\\\/\",\"url\":\"https:\\\/\\\/www.bellunopress.it\\\/wp-content\\\/uploads\\\/2011\\\/05\\\/cropped-logo-bellunopress-.jpg\",\"contentUrl\":\"https:\\\/\\\/www.bellunopress.it\\\/wp-content\\\/uploads\\\/2011\\\/05\\\/cropped-logo-bellunopress-.jpg\",\"width\":512,\"height\":512,\"caption\":\"Bellunopress\"},\"image\":{\"@id\":\"https:\\\/\\\/www.bellunopress.it\\\/#\\\/schema\\\/logo\\\/image\\\/\"},\"sameAs\":[\"https:\\\/\\\/www.facebook.com\\\/profile.php?id=100008943462799\",\"https:\\\/\\\/x.com\\\/bellunopress\",\"https:\\\/\\\/www.linkedin.com\\\/hp\\\/?dnr=JBzUWaJfMUw8vbXJJ2tVW5-I3jZKvC4wsoxE&amp;amp;amp;amp;amp;amp;trk=nav_responsive_tab_home\",\"https:\\\/\\\/www.youtube.com\\\/channel\\\/UCxL0wu1uN0_3_7hGG0306cw\"]},{\"@type\":\"Person\",\"@id\":\"https:\\\/\\\/www.bellunopress.it\\\/#\\\/schema\\\/person\\\/79bb06722b37ece1c03d3e94beb30d73\",\"name\":\"redazione\",\"image\":{\"@type\":\"ImageObject\",\"inLanguage\":\"fr-FR\",\"@id\":\"https:\\\/\\\/secure.gravatar.com\\\/avatar\\\/37d968a2e67a6fd04c169c4bdef102d0bc5d31b2546345219e348575eb80e9a0?s=96&d=mm&r=g\",\"url\":\"https:\\\/\\\/secure.gravatar.com\\\/avatar\\\/37d968a2e67a6fd04c169c4bdef102d0bc5d31b2546345219e348575eb80e9a0?s=96&d=mm&r=g\",\"contentUrl\":\"https:\\\/\\\/secure.gravatar.com\\\/avatar\\\/37d968a2e67a6fd04c169c4bdef102d0bc5d31b2546345219e348575eb80e9a0?s=96&d=mm&r=g\",\"caption\":\"redazione\"},\"sameAs\":[\"http:\\\/\\\/www.bellunopress.it\",\"https:\\\/\\\/x.com\\\/bellunopress\"],\"url\":\"https:\\\/\\\/www.bellunopress.it\\\/fr\\\/author\\\/redazione\\\/\"}]}<\/script>\n<!-- \/ Yoast SEO plugin. -->","yoast_head_json":{"title":"I miracoli di Valmorel ritornano in libreria nel 40mo dalla morte di Dino Buzzati. Il libro \u00e8 stato presentato venerd\u00ec sera alla libreria Alessandro Tarantola da Lorenzo Vigan\u00f2 - Bellunopress - Dolomiti","robots":{"index":"index","follow":"follow","max-snippet":"max-snippet:-1","max-image-preview":"max-image-preview:large","max-video-preview":"max-video-preview:-1"},"canonical":"https:\/\/www.bellunopress.it\/fr\/2012\/01\/28\/i-miracoli-di-valmorel-ritorna-in-libreria-nel-40mo-dalla-morte-di-dino-buzzati-il-libro-e-stato-presentato-venerdi-sera-alla-liibreria-alessandro-tarantola-da-lorenzo-vigano\/","og_locale":"fr_FR","og_type":"article","og_title":"I miracoli di Valmorel ritornano in libreria nel 40mo dalla morte di Dino Buzzati. Il libro \u00e8 stato presentato venerd\u00ec sera alla libreria Alessandro Tarantola da Lorenzo Vigan\u00f2 - Bellunopress - Dolomiti","og_description":"Quarant&#8217;anni fa, alle 4 e 20 del pomeriggio del 28 gennaio del 1972 nella stanza 201 della clinica Madonnina di Milano, moriva Dino Buzzati. Per ricordarne la memoria, Mondadori ha ristampato il libro \u201cI miracoli di Valmorel\u201d, da tempo introvabile, pubblicato per la prima volta nel novembre del 1971. Il volume \u00e8 stato presentato ieri [&hellip;]","og_url":"https:\/\/www.bellunopress.it\/fr\/2012\/01\/28\/i-miracoli-di-valmorel-ritorna-in-libreria-nel-40mo-dalla-morte-di-dino-buzzati-il-libro-e-stato-presentato-venerdi-sera-alla-liibreria-alessandro-tarantola-da-lorenzo-vigano\/","og_site_name":"Bellunopress - Dolomiti","article_publisher":"https:\/\/www.facebook.com\/profile.php?id=100008943462799","article_published_time":"2012-01-28T08:25:30+00:00","article_modified_time":"2012-01-28T08:27:49+00:00","og_image":[{"url":"http:\/\/www.bellunopress.it\/wp-content\/uploads\/2012\/01\/lorenzo-vigan\u00f2-michela-canova.jpg","type":"","width":"","height":""}],"author":"redazione","twitter_card":"summary_large_image","twitter_creator":"@bellunopress","twitter_site":"@bellunopress","twitter_misc":{"\u00c9crit par":"redazione","Dur\u00e9e de lecture estim\u00e9e":"1 minute"},"schema":{"@context":"https:\/\/schema.org","@graph":[{"@type":"Article","@id":"https:\/\/www.bellunopress.it\/2012\/01\/28\/i-miracoli-di-valmorel-ritorna-in-libreria-nel-40mo-dalla-morte-di-dino-buzzati-il-libro-e-stato-presentato-venerdi-sera-alla-liibreria-alessandro-tarantola-da-lorenzo-vigano\/#article","isPartOf":{"@id":"https:\/\/www.bellunopress.it\/2012\/01\/28\/i-miracoli-di-valmorel-ritorna-in-libreria-nel-40mo-dalla-morte-di-dino-buzzati-il-libro-e-stato-presentato-venerdi-sera-alla-liibreria-alessandro-tarantola-da-lorenzo-vigano\/"},"author":{"name":"redazione","@id":"https:\/\/www.bellunopress.it\/#\/schema\/person\/79bb06722b37ece1c03d3e94beb30d73"},"headline":"I miracoli di Valmorel ritornano in libreria nel 40mo dalla morte di Dino Buzzati. Il libro \u00e8 stato presentato venerd\u00ec sera alla libreria Alessandro Tarantola da Lorenzo Vigan\u00f2","datePublished":"2012-01-28T08:25:30+00:00","dateModified":"2012-01-28T08:27:49+00:00","mainEntityOfPage":{"@id":"https:\/\/www.bellunopress.it\/2012\/01\/28\/i-miracoli-di-valmorel-ritorna-in-libreria-nel-40mo-dalla-morte-di-dino-buzzati-il-libro-e-stato-presentato-venerdi-sera-alla-liibreria-alessandro-tarantola-da-lorenzo-vigano\/"},"wordCount":327,"publisher":{"@id":"https:\/\/www.bellunopress.it\/#organization"},"articleSection":["Arte, Cultura, Spettacoli, Scienza","Prima Pagina"],"inLanguage":"fr-FR"},{"@type":"WebPage","@id":"https:\/\/www.bellunopress.it\/2012\/01\/28\/i-miracoli-di-valmorel-ritorna-in-libreria-nel-40mo-dalla-morte-di-dino-buzzati-il-libro-e-stato-presentato-venerdi-sera-alla-liibreria-alessandro-tarantola-da-lorenzo-vigano\/","url":"https:\/\/www.bellunopress.it\/2012\/01\/28\/i-miracoli-di-valmorel-ritorna-in-libreria-nel-40mo-dalla-morte-di-dino-buzzati-il-libro-e-stato-presentato-venerdi-sera-alla-liibreria-alessandro-tarantola-da-lorenzo-vigano\/","name":"I miracoli di Valmorel ritornano in libreria nel 40mo dalla morte di Dino Buzzati. Il libro \u00e8 stato presentato venerd\u00ec sera alla libreria Alessandro Tarantola da Lorenzo Vigan\u00f2 - Bellunopress - Dolomiti","isPartOf":{"@id":"https:\/\/www.bellunopress.it\/#website"},"datePublished":"2012-01-28T08:25:30+00:00","dateModified":"2012-01-28T08:27:49+00:00","breadcrumb":{"@id":"https:\/\/www.bellunopress.it\/2012\/01\/28\/i-miracoli-di-valmorel-ritorna-in-libreria-nel-40mo-dalla-morte-di-dino-buzzati-il-libro-e-stato-presentato-venerdi-sera-alla-liibreria-alessandro-tarantola-da-lorenzo-vigano\/#breadcrumb"},"inLanguage":"fr-FR","potentialAction":[{"@type":"ReadAction","target":["https:\/\/www.bellunopress.it\/2012\/01\/28\/i-miracoli-di-valmorel-ritorna-in-libreria-nel-40mo-dalla-morte-di-dino-buzzati-il-libro-e-stato-presentato-venerdi-sera-alla-liibreria-alessandro-tarantola-da-lorenzo-vigano\/"]}]},{"@type":"BreadcrumbList","@id":"https:\/\/www.bellunopress.it\/2012\/01\/28\/i-miracoli-di-valmorel-ritorna-in-libreria-nel-40mo-dalla-morte-di-dino-buzzati-il-libro-e-stato-presentato-venerdi-sera-alla-liibreria-alessandro-tarantola-da-lorenzo-vigano\/#breadcrumb","itemListElement":[{"@type":"ListItem","position":1,"name":"Home","item":"https:\/\/www.bellunopress.it\/"},{"@type":"ListItem","position":2,"name":"I miracoli di Valmorel ritornano in libreria nel 40mo dalla morte di Dino Buzzati. Il libro \u00e8 stato presentato venerd\u00ec sera alla libreria Alessandro Tarantola da Lorenzo Vigan\u00f2"}]},{"@type":"WebSite","@id":"https:\/\/www.bellunopress.it\/#website","url":"https:\/\/www.bellunopress.it\/","name":"Bellunopress - Dolomiti","description":"e-mail: redazione@bellunopress.it","publisher":{"@id":"https:\/\/www.bellunopress.it\/#organization"},"potentialAction":[{"@type":"SearchAction","target":{"@type":"EntryPoint","urlTemplate":"https:\/\/www.bellunopress.it\/?s={search_term_string}"},"query-input":{"@type":"PropertyValueSpecification","valueRequired":true,"valueName":"search_term_string"}}],"inLanguage":"fr-FR"},{"@type":"Organization","@id":"https:\/\/www.bellunopress.it\/#organization","name":"Bellunopress","url":"https:\/\/www.bellunopress.it\/","logo":{"@type":"ImageObject","inLanguage":"fr-FR","@id":"https:\/\/www.bellunopress.it\/#\/schema\/logo\/image\/","url":"https:\/\/www.bellunopress.it\/wp-content\/uploads\/2011\/05\/cropped-logo-bellunopress-.jpg","contentUrl":"https:\/\/www.bellunopress.it\/wp-content\/uploads\/2011\/05\/cropped-logo-bellunopress-.jpg","width":512,"height":512,"caption":"Bellunopress"},"image":{"@id":"https:\/\/www.bellunopress.it\/#\/schema\/logo\/image\/"},"sameAs":["https:\/\/www.facebook.com\/profile.php?id=100008943462799","https:\/\/x.com\/bellunopress","https:\/\/www.linkedin.com\/hp\/?dnr=JBzUWaJfMUw8vbXJJ2tVW5-I3jZKvC4wsoxE&amp;amp;amp;amp;amp;amp;trk=nav_responsive_tab_home","https:\/\/www.youtube.com\/channel\/UCxL0wu1uN0_3_7hGG0306cw"]},{"@type":"Person","@id":"https:\/\/www.bellunopress.it\/#\/schema\/person\/79bb06722b37ece1c03d3e94beb30d73","name":"r\u00e9daction","image":{"@type":"ImageObject","inLanguage":"fr-FR","@id":"https:\/\/secure.gravatar.com\/avatar\/37d968a2e67a6fd04c169c4bdef102d0bc5d31b2546345219e348575eb80e9a0?s=96&d=mm&r=g","url":"https:\/\/secure.gravatar.com\/avatar\/37d968a2e67a6fd04c169c4bdef102d0bc5d31b2546345219e348575eb80e9a0?s=96&d=mm&r=g","contentUrl":"https:\/\/secure.gravatar.com\/avatar\/37d968a2e67a6fd04c169c4bdef102d0bc5d31b2546345219e348575eb80e9a0?s=96&d=mm&r=g","caption":"redazione"},"sameAs":["http:\/\/www.bellunopress.it","https:\/\/x.com\/bellunopress"],"url":"https:\/\/www.bellunopress.it\/fr\/author\/redazione\/"}]}},"_links":{"self":[{"href":"https:\/\/www.bellunopress.it\/fr\/wp-json\/wp\/v2\/posts\/34541","targetHints":{"allow":["GET"]}}],"collection":[{"href":"https:\/\/www.bellunopress.it\/fr\/wp-json\/wp\/v2\/posts"}],"about":[{"href":"https:\/\/www.bellunopress.it\/fr\/wp-json\/wp\/v2\/types\/post"}],"author":[{"embeddable":true,"href":"https:\/\/www.bellunopress.it\/fr\/wp-json\/wp\/v2\/users\/2"}],"replies":[{"embeddable":true,"href":"https:\/\/www.bellunopress.it\/fr\/wp-json\/wp\/v2\/comments?post=34541"}],"version-history":[{"count":3,"href":"https:\/\/www.bellunopress.it\/fr\/wp-json\/wp\/v2\/posts\/34541\/revisions"}],"predecessor-version":[{"id":34546,"href":"https:\/\/www.bellunopress.it\/fr\/wp-json\/wp\/v2\/posts\/34541\/revisions\/34546"}],"wp:attachment":[{"href":"https:\/\/www.bellunopress.it\/fr\/wp-json\/wp\/v2\/media?parent=34541"}],"wp:term":[{"taxonomy":"category","embeddable":true,"href":"https:\/\/www.bellunopress.it\/fr\/wp-json\/wp\/v2\/categories?post=34541"},{"taxonomy":"post_tag","embeddable":true,"href":"https:\/\/www.bellunopress.it\/fr\/wp-json\/wp\/v2\/tags?post=34541"}],"curies":[{"name":"wp","href":"https:\/\/api.w.org\/{rel}","templated":true}]}}