{"id":34516,"date":"2012-01-24T21:13:20","date_gmt":"2012-01-24T20:13:20","guid":{"rendered":"http:\/\/www.bellunopress.it\/?p=34516"},"modified":"2012-01-27T22:14:55","modified_gmt":"2012-01-27T21:14:55","slug":"venerdi-ore-21-alla-sala-della-cooperativa-di-cirvoi-michela-fregona-presenta-il-libro-buenos-aires-caffe","status":"publish","type":"post","link":"https:\/\/www.bellunopress.it\/fr\/2012\/01\/24\/venerdi-ore-21-alla-sala-della-cooperativa-di-cirvoi-michela-fregona-presenta-il-libro-buenos-aires-caffe\/","title":{"rendered":"Venerd\u00ec ore 21 alla Sala della cooperativa di Cirvoi Michela Fregona presenta il libro Buenos Aires caff\u00e8"},"content":{"rendered":"<p>Un viaggio a quattro mani lungo le strade di Buenos Aires, tra epiche di quartiere, taxi, vecchi caff\u00e9, silenzi, naufragi, lune alla rovescia. E, naturalmente, tango. Ma si pu\u00f2 veramente conoscere un luogo che ha per padre il porto e per madre l\u2019emigrazione? Quando si parla di Buenos Aires non \u00e8 possibile essere lineari: due dimensioni non bastano, tre sono troppo poche. E allora serve chiedere aiuto a pi\u00f9 linguaggi: il cinema, la musica, i fotogrammi del passato, le voci raccolte nei bar. Cos\u00ec la presentazione del libro \u201cBuenos Aires Caf\u00e9\u201d, edito da Postcart nel 2009,\u00a0 gi\u00e0 vincitore del premio Bastianelli della rivista Reflex nel 2010: Michela Fregona, autrice dei testi, ne parler\u00e0 venerd\u00ec 27 gennaio alle 21, alla Cooperativa di Cirvoi, per l\u2019organizzazione dell\u2019associazione Amici dei Cortivi. \u201cBuenos Aires Caf\u00e9\u201d \u00e8 il terzo lavoro dedicato al mondo del tango da Michela Fregona e dalla fotografa toscana Lucia Baldini, che collaborano da una decina di anni: insieme, hanno gi\u00e0 pubblicato \u201cAnime Altrove \u2013 luoghi e genti del tango argentino in Italia\u201d\u00a0 (2001, Colombi ed.) e\u00a0 \u201cTangomal\u00eca \u2013 storie, miti e abbracci nelle milonghe italiane\u201d (2005, Postcart), di recente scelto dalla rivista Il Fotografo come miglior titolo della giovane casa editrice romana.<\/p>\n<figure id=\"attachment_16232\" aria-describedby=\"caption-attachment-16232\" style=\"width: 280px\" class=\"wp-caption alignleft\"><a href=\"http:\/\/www.bellunopress.it\/wp-content\/uploads\/2010\/06\/lucia-baldini-michela-fregona.jpg\"><img loading=\"lazy\" decoding=\"async\" class=\"size-full wp-image-16232\" title=\"lucia-baldini-michela-fregona\" src=\"http:\/\/www.bellunopress.it\/wp-content\/uploads\/2010\/06\/lucia-baldini-michela-fregona.jpg\" alt=\"\" width=\"280\" height=\"280\" srcset=\"https:\/\/www.bellunopress.it\/wp-content\/uploads\/2010\/06\/lucia-baldini-michela-fregona.jpg 280w, https:\/\/www.bellunopress.it\/wp-content\/uploads\/2010\/06\/lucia-baldini-michela-fregona-150x150.jpg 150w\" sizes=\"auto, (max-width: 280px) 100vw, 280px\" \/><\/a><figcaption id=\"caption-attachment-16232\" class=\"wp-caption-text\">Lucia Baldini e Michela Fregona<\/figcaption><\/figure>\n<p>Dire Buenos Aires \u00e8 come dire tango. Ma dire Buenos Aires \u00e8 anche come dire Evita; o Borges; o cielo immenso sopra una metropoli immensa, immigrazione italiana e concrezione di dialetti in una lingua immaginaria \u2013 il lunfardo. E, ancora, dire Buenos Aires \u00e8 come dire: golpe, esilio, desaparecidos, quartieri della miseria, scandali politici ed inflazione galoppante. Ad ognuna di queste parole la citt\u00e0 presta la propria faccia: interpreta la parte che le \u00e8 stata assegnata e poi, ancora, cambia di nuovo. Non \u00e8 possibile essere lineari, quando si parla di questa citt\u00e0: due dimensioni non bastano, tre sono troppo poche. E allora serve chiedere aiuto a pi\u00f9 linguaggi, mescolarli e dare vita a qualcosa di diverso: cos\u00ec fanno Lucia Baldini e Michela Fregona in questo libro, Buenos Aires Caf\u00e9. Una decina di anni fa avevano indagato, insieme, la risonanza che aveva portato in Italia l\u2019ultima ondata del tango argentino attraverso echi, imitazioni e mutazioni. Avevano dragato, prima in Anime Altrove (2001, Colombi ed.) e poi in Tangomal\u00eca (2005, Postcart) le notti della Penisola in cui si infilava una nuova generazione di entusiasti tangueros. Ora le due ribaltano la prospettiva: vanno di l\u00e0 del mare per costruire questo libro, che \u00e8, insieme diario di viaggio; guida sentimentale; romanzo fotografico. Non si pu\u00f2 semplificare una citt\u00e0 che \u00e8, sin dalla sua nascita, il risultato della stratificazione e dell\u2019imitazione. Per questo \u00e8 necessario ricorrere a pi\u00f9 forme dell\u2019espressione, occorre ibridarsi. E Lucia Baldini e\u00a0 Michela Fregona fanno esattamente questo:\u00a0 mescolano i linguaggi, raccontano attraverso le fotografie, fermano un\u2019immagine nella parola. La macchina fotografica di Lucia Baldini \u00e8 pi\u00f9 che mai precisa. Ascolta i particolari, fa parlare le ombre, rapisce il pensiero di un albero, di una piazza, di un salone da tango, di un selciato. \u00c9 inquieta fino all\u2019angoscia, e lucida fino all\u2019impudicizia. Dal canto suo Michela Fregona mette in fila i personaggi, i caratteri, le assenze: crea un singolare mosaico di voci, di suoni, di musiche. Cos\u00ec il diario del viaggio delle due diventa, in un tempo solo, il racconto dell\u2019amicizia instaurata di strada in strada con la vita di Buenos Aires e il luogo dal quale scaturisce una inedita galleria di fantasmi. Lucia Baldini e Michela Fregona fanno, insomma, l\u2019esperimento di una differita sulla memoria della citt\u00e0; sul suo passato recente e lontano. Sulla mescolanza perenne e inestricabile di queste due dimensioni (la mitica e la quotidiana) che sono la sostanza di cui Buenos Aires, da sempre, si nutre. E, in questo, sono i caff\u00e9 il luogo d\u2019elezione: quello dove la metropoli si fa piccola; dove l\u2019enormit\u00e0, l\u2019assurdo, lo spaesamento cercano di sopravviversi attraverso il calore e l\u2019intimit\u00e0 rassicurante del contatto umano. Basta chiedere ai grandi, del passato ma non solo, e ognuno del proprio passaggio formativo a Buenos Aires citer\u00e0 il proprio locale preferito: Pirandello aveva il nobile Tortoni; Garc\u00eda Lorca la confiteria dell\u2019Hotel Castel\u00e1r;\u00a0 Roberto Arlt il Caf\u00e9 Margot; Borges il giardino esterno de La Bi\u00e9la. Per ciascuno un locale, uno stile, una storia. Lucia Baldini e Michela Fregona si muovono sull\u2019inflessibile reticolato stradale della citt\u00e0 come in una scacchiera della memoria. E pi\u00f9 la costruzione geometrica delle avenidas appare rigida, pi\u00f9 inaspettati sono gli incontri che ne scaturiscono. Perch\u00e8 Buenos Aires \u00e8, insieme, la citt\u00e0 pi\u00f9 a sud dell\u2019occidente; e la citt\u00e0 pi\u00f9 occidentale del sud. Ed \u00e8, fondamentalmente,\u00a0 una sola cosa: una lunga insonnia.<\/p>","protected":false},"excerpt":{"rendered":"<p>Un viaggio a quattro mani lungo le strade di Buenos Aires, tra epiche di quartiere, taxi, vecchi caff\u00e9, silenzi, naufragi, lune alla rovescia. E, naturalmente, tango. Ma si pu\u00f2 veramente conoscere un luogo che ha per padre il porto e per madre l\u2019emigrazione? Quando si parla di Buenos Aires non \u00e8 possibile essere lineari: due [&hellip;]<\/p>\n","protected":false},"author":2,"featured_media":0,"comment_status":"closed","ping_status":"open","sticky":false,"template":"","format":"standard","meta":{"footnotes":""},"categories":[27,3,25],"tags":[],"class_list":["post-34516","post","type-post","status-publish","format-standard","category-appuntamenti","category-arte-cultura-spettacoli-scienza-archivi","category-pausa-caffe"],"yoast_head":"<!-- This site is optimized with the Yoast SEO plugin v28.4 - https:\/\/yoast.com\/product\/yoast-seo-wordpress\/ -->\n<title>Venerd\u00ec ore 21 alla Sala della cooperativa di Cirvoi Michela Fregona presenta il libro Buenos Aires caff\u00e8 - Bellunopress - Dolomiti<\/title>\n<meta name=\"robots\" content=\"index, follow, max-snippet:-1, max-image-preview:large, max-video-preview:-1\" \/>\n<link rel=\"canonical\" href=\"https:\/\/www.bellunopress.it\/fr\/2012\/01\/24\/venerdi-ore-21-alla-sala-della-cooperativa-di-cirvoi-michela-fregona-presenta-il-libro-buenos-aires-caffe\/\" \/>\n<meta property=\"og:locale\" content=\"fr_FR\" \/>\n<meta property=\"og:type\" content=\"article\" \/>\n<meta property=\"og:title\" content=\"Venerd\u00ec ore 21 alla Sala della cooperativa di Cirvoi Michela Fregona presenta il libro Buenos Aires caff\u00e8 - Bellunopress - Dolomiti\" \/>\n<meta property=\"og:description\" content=\"Un viaggio a quattro mani lungo le strade di Buenos Aires, tra epiche di quartiere, taxi, vecchi caff\u00e9, silenzi, naufragi, lune alla rovescia. E, naturalmente, tango. Ma si pu\u00f2 veramente conoscere un luogo che ha per padre il porto e per madre l\u2019emigrazione? Quando si parla di Buenos Aires non \u00e8 possibile essere lineari: due [&hellip;]\" \/>\n<meta property=\"og:url\" content=\"https:\/\/www.bellunopress.it\/fr\/2012\/01\/24\/venerdi-ore-21-alla-sala-della-cooperativa-di-cirvoi-michela-fregona-presenta-il-libro-buenos-aires-caffe\/\" \/>\n<meta property=\"og:site_name\" content=\"Bellunopress - Dolomiti\" \/>\n<meta property=\"article:publisher\" content=\"https:\/\/www.facebook.com\/profile.php?id=100008943462799\" \/>\n<meta property=\"article:published_time\" content=\"2012-01-24T20:13:20+00:00\" \/>\n<meta property=\"article:modified_time\" content=\"2012-01-27T21:14:55+00:00\" \/>\n<meta property=\"og:image\" content=\"http:\/\/www.bellunopress.it\/wp-content\/uploads\/2010\/06\/lucia-baldini-michela-fregona.jpg\" \/>\n<meta name=\"author\" content=\"redazione\" \/>\n<meta name=\"twitter:card\" content=\"summary_large_image\" \/>\n<meta name=\"twitter:creator\" content=\"@bellunopress\" \/>\n<meta name=\"twitter:site\" content=\"@bellunopress\" \/>\n<meta name=\"twitter:label1\" content=\"Written by\" \/>\n\t<meta name=\"twitter:data1\" content=\"redazione\" \/>\n\t<meta name=\"twitter:label2\" content=\"Est. reading time\" \/>\n\t<meta name=\"twitter:data2\" content=\"4 minutes\" \/>\n<script type=\"application\/ld+json\" class=\"yoast-schema-graph\">{\"@context\":\"https:\\\/\\\/schema.org\",\"@graph\":[{\"@type\":\"Article\",\"@id\":\"https:\\\/\\\/www.bellunopress.it\\\/2012\\\/01\\\/24\\\/venerdi-ore-21-alla-sala-della-cooperativa-di-cirvoi-michela-fregona-presenta-il-libro-buenos-aires-caffe\\\/#article\",\"isPartOf\":{\"@id\":\"https:\\\/\\\/www.bellunopress.it\\\/2012\\\/01\\\/24\\\/venerdi-ore-21-alla-sala-della-cooperativa-di-cirvoi-michela-fregona-presenta-il-libro-buenos-aires-caffe\\\/\"},\"author\":{\"name\":\"redazione\",\"@id\":\"https:\\\/\\\/www.bellunopress.it\\\/#\\\/schema\\\/person\\\/79bb06722b37ece1c03d3e94beb30d73\"},\"headline\":\"Venerd\u00ec ore 21 alla Sala della cooperativa di Cirvoi Michela Fregona presenta il libro Buenos Aires caff\u00e8\",\"datePublished\":\"2012-01-24T20:13:20+00:00\",\"dateModified\":\"2012-01-27T21:14:55+00:00\",\"mainEntityOfPage\":{\"@id\":\"https:\\\/\\\/www.bellunopress.it\\\/2012\\\/01\\\/24\\\/venerdi-ore-21-alla-sala-della-cooperativa-di-cirvoi-michela-fregona-presenta-il-libro-buenos-aires-caffe\\\/\"},\"wordCount\":786,\"publisher\":{\"@id\":\"https:\\\/\\\/www.bellunopress.it\\\/#organization\"},\"image\":{\"@id\":\"https:\\\/\\\/www.bellunopress.it\\\/2012\\\/01\\\/24\\\/venerdi-ore-21-alla-sala-della-cooperativa-di-cirvoi-michela-fregona-presenta-il-libro-buenos-aires-caffe\\\/#primaryimage\"},\"thumbnailUrl\":\"http:\\\/\\\/www.bellunopress.it\\\/wp-content\\\/uploads\\\/2010\\\/06\\\/lucia-baldini-michela-fregona.jpg\",\"articleSection\":[\"Appuntamenti, Eventi\",\"Arte, Cultura, Spettacoli, Scienza\",\"Pausa Caff\u00e8\"],\"inLanguage\":\"fr-FR\"},{\"@type\":\"WebPage\",\"@id\":\"https:\\\/\\\/www.bellunopress.it\\\/2012\\\/01\\\/24\\\/venerdi-ore-21-alla-sala-della-cooperativa-di-cirvoi-michela-fregona-presenta-il-libro-buenos-aires-caffe\\\/\",\"url\":\"https:\\\/\\\/www.bellunopress.it\\\/2012\\\/01\\\/24\\\/venerdi-ore-21-alla-sala-della-cooperativa-di-cirvoi-michela-fregona-presenta-il-libro-buenos-aires-caffe\\\/\",\"name\":\"Venerd\u00ec ore 21 alla Sala della cooperativa di Cirvoi Michela Fregona presenta il libro Buenos Aires caff\u00e8 - Bellunopress - Dolomiti\",\"isPartOf\":{\"@id\":\"https:\\\/\\\/www.bellunopress.it\\\/#website\"},\"primaryImageOfPage\":{\"@id\":\"https:\\\/\\\/www.bellunopress.it\\\/2012\\\/01\\\/24\\\/venerdi-ore-21-alla-sala-della-cooperativa-di-cirvoi-michela-fregona-presenta-il-libro-buenos-aires-caffe\\\/#primaryimage\"},\"image\":{\"@id\":\"https:\\\/\\\/www.bellunopress.it\\\/2012\\\/01\\\/24\\\/venerdi-ore-21-alla-sala-della-cooperativa-di-cirvoi-michela-fregona-presenta-il-libro-buenos-aires-caffe\\\/#primaryimage\"},\"thumbnailUrl\":\"http:\\\/\\\/www.bellunopress.it\\\/wp-content\\\/uploads\\\/2010\\\/06\\\/lucia-baldini-michela-fregona.jpg\",\"datePublished\":\"2012-01-24T20:13:20+00:00\",\"dateModified\":\"2012-01-27T21:14:55+00:00\",\"breadcrumb\":{\"@id\":\"https:\\\/\\\/www.bellunopress.it\\\/2012\\\/01\\\/24\\\/venerdi-ore-21-alla-sala-della-cooperativa-di-cirvoi-michela-fregona-presenta-il-libro-buenos-aires-caffe\\\/#breadcrumb\"},\"inLanguage\":\"fr-FR\",\"potentialAction\":[{\"@type\":\"ReadAction\",\"target\":[\"https:\\\/\\\/www.bellunopress.it\\\/2012\\\/01\\\/24\\\/venerdi-ore-21-alla-sala-della-cooperativa-di-cirvoi-michela-fregona-presenta-il-libro-buenos-aires-caffe\\\/\"]}]},{\"@type\":\"ImageObject\",\"inLanguage\":\"fr-FR\",\"@id\":\"https:\\\/\\\/www.bellunopress.it\\\/2012\\\/01\\\/24\\\/venerdi-ore-21-alla-sala-della-cooperativa-di-cirvoi-michela-fregona-presenta-il-libro-buenos-aires-caffe\\\/#primaryimage\",\"url\":\"http:\\\/\\\/www.bellunopress.it\\\/wp-content\\\/uploads\\\/2010\\\/06\\\/lucia-baldini-michela-fregona.jpg\",\"contentUrl\":\"http:\\\/\\\/www.bellunopress.it\\\/wp-content\\\/uploads\\\/2010\\\/06\\\/lucia-baldini-michela-fregona.jpg\"},{\"@type\":\"BreadcrumbList\",\"@id\":\"https:\\\/\\\/www.bellunopress.it\\\/2012\\\/01\\\/24\\\/venerdi-ore-21-alla-sala-della-cooperativa-di-cirvoi-michela-fregona-presenta-il-libro-buenos-aires-caffe\\\/#breadcrumb\",\"itemListElement\":[{\"@type\":\"ListItem\",\"position\":1,\"name\":\"Home\",\"item\":\"https:\\\/\\\/www.bellunopress.it\\\/\"},{\"@type\":\"ListItem\",\"position\":2,\"name\":\"Venerd\u00ec ore 21 alla Sala della cooperativa di Cirvoi Michela Fregona presenta il libro Buenos Aires caff\u00e8\"}]},{\"@type\":\"WebSite\",\"@id\":\"https:\\\/\\\/www.bellunopress.it\\\/#website\",\"url\":\"https:\\\/\\\/www.bellunopress.it\\\/\",\"name\":\"Bellunopress - Dolomiti\",\"description\":\"e-mail: redazione@bellunopress.it\",\"publisher\":{\"@id\":\"https:\\\/\\\/www.bellunopress.it\\\/#organization\"},\"potentialAction\":[{\"@type\":\"SearchAction\",\"target\":{\"@type\":\"EntryPoint\",\"urlTemplate\":\"https:\\\/\\\/www.bellunopress.it\\\/?s={search_term_string}\"},\"query-input\":{\"@type\":\"PropertyValueSpecification\",\"valueRequired\":true,\"valueName\":\"search_term_string\"}}],\"inLanguage\":\"fr-FR\"},{\"@type\":\"Organization\",\"@id\":\"https:\\\/\\\/www.bellunopress.it\\\/#organization\",\"name\":\"Bellunopress\",\"url\":\"https:\\\/\\\/www.bellunopress.it\\\/\",\"logo\":{\"@type\":\"ImageObject\",\"inLanguage\":\"fr-FR\",\"@id\":\"https:\\\/\\\/www.bellunopress.it\\\/#\\\/schema\\\/logo\\\/image\\\/\",\"url\":\"https:\\\/\\\/www.bellunopress.it\\\/wp-content\\\/uploads\\\/2011\\\/05\\\/cropped-logo-bellunopress-.jpg\",\"contentUrl\":\"https:\\\/\\\/www.bellunopress.it\\\/wp-content\\\/uploads\\\/2011\\\/05\\\/cropped-logo-bellunopress-.jpg\",\"width\":512,\"height\":512,\"caption\":\"Bellunopress\"},\"image\":{\"@id\":\"https:\\\/\\\/www.bellunopress.it\\\/#\\\/schema\\\/logo\\\/image\\\/\"},\"sameAs\":[\"https:\\\/\\\/www.facebook.com\\\/profile.php?id=100008943462799\",\"https:\\\/\\\/x.com\\\/bellunopress\",\"https:\\\/\\\/www.linkedin.com\\\/hp\\\/?dnr=JBzUWaJfMUw8vbXJJ2tVW5-I3jZKvC4wsoxE&amp;amp;amp;amp;amp;amp;trk=nav_responsive_tab_home\",\"https:\\\/\\\/www.youtube.com\\\/channel\\\/UCxL0wu1uN0_3_7hGG0306cw\"]},{\"@type\":\"Person\",\"@id\":\"https:\\\/\\\/www.bellunopress.it\\\/#\\\/schema\\\/person\\\/79bb06722b37ece1c03d3e94beb30d73\",\"name\":\"redazione\",\"image\":{\"@type\":\"ImageObject\",\"inLanguage\":\"fr-FR\",\"@id\":\"https:\\\/\\\/secure.gravatar.com\\\/avatar\\\/37d968a2e67a6fd04c169c4bdef102d0bc5d31b2546345219e348575eb80e9a0?s=96&d=mm&r=g\",\"url\":\"https:\\\/\\\/secure.gravatar.com\\\/avatar\\\/37d968a2e67a6fd04c169c4bdef102d0bc5d31b2546345219e348575eb80e9a0?s=96&d=mm&r=g\",\"contentUrl\":\"https:\\\/\\\/secure.gravatar.com\\\/avatar\\\/37d968a2e67a6fd04c169c4bdef102d0bc5d31b2546345219e348575eb80e9a0?s=96&d=mm&r=g\",\"caption\":\"redazione\"},\"sameAs\":[\"http:\\\/\\\/www.bellunopress.it\",\"https:\\\/\\\/x.com\\\/bellunopress\"],\"url\":\"https:\\\/\\\/www.bellunopress.it\\\/fr\\\/author\\\/redazione\\\/\"}]}<\/script>\n<!-- \/ Yoast SEO plugin. -->","yoast_head_json":{"title":"Venerd\u00ec ore 21 alla Sala della cooperativa di Cirvoi Michela Fregona presenta il libro Buenos Aires caff\u00e8 - Bellunopress - Dolomiti","robots":{"index":"index","follow":"follow","max-snippet":"max-snippet:-1","max-image-preview":"max-image-preview:large","max-video-preview":"max-video-preview:-1"},"canonical":"https:\/\/www.bellunopress.it\/fr\/2012\/01\/24\/venerdi-ore-21-alla-sala-della-cooperativa-di-cirvoi-michela-fregona-presenta-il-libro-buenos-aires-caffe\/","og_locale":"fr_FR","og_type":"article","og_title":"Venerd\u00ec ore 21 alla Sala della cooperativa di Cirvoi Michela Fregona presenta il libro Buenos Aires caff\u00e8 - Bellunopress - Dolomiti","og_description":"Un viaggio a quattro mani lungo le strade di Buenos Aires, tra epiche di quartiere, taxi, vecchi caff\u00e9, silenzi, naufragi, lune alla rovescia. E, naturalmente, tango. Ma si pu\u00f2 veramente conoscere un luogo che ha per padre il porto e per madre l\u2019emigrazione? Quando si parla di Buenos Aires non \u00e8 possibile essere lineari: due [&hellip;]","og_url":"https:\/\/www.bellunopress.it\/fr\/2012\/01\/24\/venerdi-ore-21-alla-sala-della-cooperativa-di-cirvoi-michela-fregona-presenta-il-libro-buenos-aires-caffe\/","og_site_name":"Bellunopress - Dolomiti","article_publisher":"https:\/\/www.facebook.com\/profile.php?id=100008943462799","article_published_time":"2012-01-24T20:13:20+00:00","article_modified_time":"2012-01-27T21:14:55+00:00","og_image":[{"url":"http:\/\/www.bellunopress.it\/wp-content\/uploads\/2010\/06\/lucia-baldini-michela-fregona.jpg","type":"","width":"","height":""}],"author":"redazione","twitter_card":"summary_large_image","twitter_creator":"@bellunopress","twitter_site":"@bellunopress","twitter_misc":{"Written by":"redazione","Est. reading time":"4 minutes"},"schema":{"@context":"https:\/\/schema.org","@graph":[{"@type":"Article","@id":"https:\/\/www.bellunopress.it\/2012\/01\/24\/venerdi-ore-21-alla-sala-della-cooperativa-di-cirvoi-michela-fregona-presenta-il-libro-buenos-aires-caffe\/#article","isPartOf":{"@id":"https:\/\/www.bellunopress.it\/2012\/01\/24\/venerdi-ore-21-alla-sala-della-cooperativa-di-cirvoi-michela-fregona-presenta-il-libro-buenos-aires-caffe\/"},"author":{"name":"redazione","@id":"https:\/\/www.bellunopress.it\/#\/schema\/person\/79bb06722b37ece1c03d3e94beb30d73"},"headline":"Venerd\u00ec ore 21 alla Sala della cooperativa di Cirvoi Michela Fregona presenta il libro Buenos Aires caff\u00e8","datePublished":"2012-01-24T20:13:20+00:00","dateModified":"2012-01-27T21:14:55+00:00","mainEntityOfPage":{"@id":"https:\/\/www.bellunopress.it\/2012\/01\/24\/venerdi-ore-21-alla-sala-della-cooperativa-di-cirvoi-michela-fregona-presenta-il-libro-buenos-aires-caffe\/"},"wordCount":786,"publisher":{"@id":"https:\/\/www.bellunopress.it\/#organization"},"image":{"@id":"https:\/\/www.bellunopress.it\/2012\/01\/24\/venerdi-ore-21-alla-sala-della-cooperativa-di-cirvoi-michela-fregona-presenta-il-libro-buenos-aires-caffe\/#primaryimage"},"thumbnailUrl":"http:\/\/www.bellunopress.it\/wp-content\/uploads\/2010\/06\/lucia-baldini-michela-fregona.jpg","articleSection":["Appuntamenti, Eventi","Arte, Cultura, Spettacoli, Scienza","Pausa Caff\u00e8"],"inLanguage":"fr-FR"},{"@type":"WebPage","@id":"https:\/\/www.bellunopress.it\/2012\/01\/24\/venerdi-ore-21-alla-sala-della-cooperativa-di-cirvoi-michela-fregona-presenta-il-libro-buenos-aires-caffe\/","url":"https:\/\/www.bellunopress.it\/2012\/01\/24\/venerdi-ore-21-alla-sala-della-cooperativa-di-cirvoi-michela-fregona-presenta-il-libro-buenos-aires-caffe\/","name":"Venerd\u00ec ore 21 alla Sala della cooperativa di Cirvoi Michela Fregona presenta il libro Buenos Aires caff\u00e8 - Bellunopress - Dolomiti","isPartOf":{"@id":"https:\/\/www.bellunopress.it\/#website"},"primaryImageOfPage":{"@id":"https:\/\/www.bellunopress.it\/2012\/01\/24\/venerdi-ore-21-alla-sala-della-cooperativa-di-cirvoi-michela-fregona-presenta-il-libro-buenos-aires-caffe\/#primaryimage"},"image":{"@id":"https:\/\/www.bellunopress.it\/2012\/01\/24\/venerdi-ore-21-alla-sala-della-cooperativa-di-cirvoi-michela-fregona-presenta-il-libro-buenos-aires-caffe\/#primaryimage"},"thumbnailUrl":"http:\/\/www.bellunopress.it\/wp-content\/uploads\/2010\/06\/lucia-baldini-michela-fregona.jpg","datePublished":"2012-01-24T20:13:20+00:00","dateModified":"2012-01-27T21:14:55+00:00","breadcrumb":{"@id":"https:\/\/www.bellunopress.it\/2012\/01\/24\/venerdi-ore-21-alla-sala-della-cooperativa-di-cirvoi-michela-fregona-presenta-il-libro-buenos-aires-caffe\/#breadcrumb"},"inLanguage":"fr-FR","potentialAction":[{"@type":"ReadAction","target":["https:\/\/www.bellunopress.it\/2012\/01\/24\/venerdi-ore-21-alla-sala-della-cooperativa-di-cirvoi-michela-fregona-presenta-il-libro-buenos-aires-caffe\/"]}]},{"@type":"ImageObject","inLanguage":"fr-FR","@id":"https:\/\/www.bellunopress.it\/2012\/01\/24\/venerdi-ore-21-alla-sala-della-cooperativa-di-cirvoi-michela-fregona-presenta-il-libro-buenos-aires-caffe\/#primaryimage","url":"http:\/\/www.bellunopress.it\/wp-content\/uploads\/2010\/06\/lucia-baldini-michela-fregona.jpg","contentUrl":"http:\/\/www.bellunopress.it\/wp-content\/uploads\/2010\/06\/lucia-baldini-michela-fregona.jpg"},{"@type":"BreadcrumbList","@id":"https:\/\/www.bellunopress.it\/2012\/01\/24\/venerdi-ore-21-alla-sala-della-cooperativa-di-cirvoi-michela-fregona-presenta-il-libro-buenos-aires-caffe\/#breadcrumb","itemListElement":[{"@type":"ListItem","position":1,"name":"Home","item":"https:\/\/www.bellunopress.it\/"},{"@type":"ListItem","position":2,"name":"Venerd\u00ec ore 21 alla Sala della cooperativa di Cirvoi Michela Fregona presenta il libro Buenos Aires caff\u00e8"}]},{"@type":"WebSite","@id":"https:\/\/www.bellunopress.it\/#website","url":"https:\/\/www.bellunopress.it\/","name":"Bellunopress - Dolomiti","description":"e-mail: redazione@bellunopress.it","publisher":{"@id":"https:\/\/www.bellunopress.it\/#organization"},"potentialAction":[{"@type":"SearchAction","target":{"@type":"EntryPoint","urlTemplate":"https:\/\/www.bellunopress.it\/?s={search_term_string}"},"query-input":{"@type":"PropertyValueSpecification","valueRequired":true,"valueName":"search_term_string"}}],"inLanguage":"fr-FR"},{"@type":"Organization","@id":"https:\/\/www.bellunopress.it\/#organization","name":"Bellunopress","url":"https:\/\/www.bellunopress.it\/","logo":{"@type":"ImageObject","inLanguage":"fr-FR","@id":"https:\/\/www.bellunopress.it\/#\/schema\/logo\/image\/","url":"https:\/\/www.bellunopress.it\/wp-content\/uploads\/2011\/05\/cropped-logo-bellunopress-.jpg","contentUrl":"https:\/\/www.bellunopress.it\/wp-content\/uploads\/2011\/05\/cropped-logo-bellunopress-.jpg","width":512,"height":512,"caption":"Bellunopress"},"image":{"@id":"https:\/\/www.bellunopress.it\/#\/schema\/logo\/image\/"},"sameAs":["https:\/\/www.facebook.com\/profile.php?id=100008943462799","https:\/\/x.com\/bellunopress","https:\/\/www.linkedin.com\/hp\/?dnr=JBzUWaJfMUw8vbXJJ2tVW5-I3jZKvC4wsoxE&amp;amp;amp;amp;amp;amp;trk=nav_responsive_tab_home","https:\/\/www.youtube.com\/channel\/UCxL0wu1uN0_3_7hGG0306cw"]},{"@type":"Person","@id":"https:\/\/www.bellunopress.it\/#\/schema\/person\/79bb06722b37ece1c03d3e94beb30d73","name":"r\u00e9daction","image":{"@type":"ImageObject","inLanguage":"fr-FR","@id":"https:\/\/secure.gravatar.com\/avatar\/37d968a2e67a6fd04c169c4bdef102d0bc5d31b2546345219e348575eb80e9a0?s=96&d=mm&r=g","url":"https:\/\/secure.gravatar.com\/avatar\/37d968a2e67a6fd04c169c4bdef102d0bc5d31b2546345219e348575eb80e9a0?s=96&d=mm&r=g","contentUrl":"https:\/\/secure.gravatar.com\/avatar\/37d968a2e67a6fd04c169c4bdef102d0bc5d31b2546345219e348575eb80e9a0?s=96&d=mm&r=g","caption":"redazione"},"sameAs":["http:\/\/www.bellunopress.it","https:\/\/x.com\/bellunopress"],"url":"https:\/\/www.bellunopress.it\/fr\/author\/redazione\/"}]}},"_links":{"self":[{"href":"https:\/\/www.bellunopress.it\/fr\/wp-json\/wp\/v2\/posts\/34516","targetHints":{"allow":["GET"]}}],"collection":[{"href":"https:\/\/www.bellunopress.it\/fr\/wp-json\/wp\/v2\/posts"}],"about":[{"href":"https:\/\/www.bellunopress.it\/fr\/wp-json\/wp\/v2\/types\/post"}],"author":[{"embeddable":true,"href":"https:\/\/www.bellunopress.it\/fr\/wp-json\/wp\/v2\/users\/2"}],"replies":[{"embeddable":true,"href":"https:\/\/www.bellunopress.it\/fr\/wp-json\/wp\/v2\/comments?post=34516"}],"version-history":[{"count":3,"href":"https:\/\/www.bellunopress.it\/fr\/wp-json\/wp\/v2\/posts\/34516\/revisions"}],"predecessor-version":[{"id":34518,"href":"https:\/\/www.bellunopress.it\/fr\/wp-json\/wp\/v2\/posts\/34516\/revisions\/34518"}],"wp:attachment":[{"href":"https:\/\/www.bellunopress.it\/fr\/wp-json\/wp\/v2\/media?parent=34516"}],"wp:term":[{"taxonomy":"category","embeddable":true,"href":"https:\/\/www.bellunopress.it\/fr\/wp-json\/wp\/v2\/categories?post=34516"},{"taxonomy":"post_tag","embeddable":true,"href":"https:\/\/www.bellunopress.it\/fr\/wp-json\/wp\/v2\/tags?post=34516"}],"curies":[{"name":"wp","href":"https:\/\/api.w.org\/{rel}","templated":true}]}}