{"id":34468,"date":"2012-01-25T15:29:39","date_gmt":"2012-01-25T14:29:39","guid":{"rendered":"http:\/\/www.bellunopress.it\/?p=34468"},"modified":"2012-01-26T00:32:40","modified_gmt":"2012-01-25T23:32:40","slug":"roberto-bof-e-il-nuovo-capogruppo-degli-alpini-di-pez-cesiomaggiore","status":"publish","type":"post","link":"https:\/\/www.bellunopress.it\/fr\/2012\/01\/25\/roberto-bof-e-il-nuovo-capogruppo-degli-alpini-di-pez-cesiomaggiore\/","title":{"rendered":"Roberto Bof \u00e8 il nuovo capogruppo degli alpini di Pez (Cesiomaggiore)"},"content":{"rendered":"<figure id=\"attachment_34469\" aria-describedby=\"caption-attachment-34469\" style=\"width: 128px\" class=\"wp-caption alignleft\"><a href=\"http:\/\/www.bellunopress.it\/wp-content\/uploads\/2012\/01\/Bof-Roberto.jpg\"><img loading=\"lazy\" decoding=\"async\" class=\"size-full wp-image-34469\" title=\"Bof Roberto\" src=\"http:\/\/www.bellunopress.it\/wp-content\/uploads\/2012\/01\/Bof-Roberto.jpg\" alt=\"\" width=\"128\" height=\"150\" \/><\/a><figcaption id=\"caption-attachment-34469\" class=\"wp-caption-text\">Roberto Bof<\/figcaption><\/figure>\n<p>Roberto Bof, 43enne di Cesiomaggiore, \u00e8 il nuovo capogruppo del Gruppo alpini di Pez (Sezione di Feltre). Lo ha eletto il consiglio direttivo riunitosi lo scorso 18 gennaio. Nella stessa riunione sono stati eletti vicecapogruppo De Lazzer Renzo e Casanova Matteo, segretario Tirel Carlo, cassiere De Lazzer Renzo, revisori dei conti Menegat Dino e Menegat Sergio, consiglieri Tremea Ivo e Perenzin Gino. Dopo oltre un decennio, dunque, Roberto Bof succede a Renzo De Lazzer. Bof, oltre alle molteplici attivit\u00e0 nel mondo del volontariato (gruppo ANA, Protezione Civile ecc.) \u00e8 anche consigliere comunale di Cesiomaggiore.<\/p>","protected":false},"excerpt":{"rendered":"<p>Roberto Bof, 43enne di Cesiomaggiore, \u00e8 il nuovo capogruppo del Gruppo alpini di Pez (Sezione di Feltre). Lo ha eletto il consiglio direttivo riunitosi lo scorso 18 gennaio. Nella stessa riunione sono stati eletti vicecapogruppo De Lazzer Renzo e Casanova Matteo, segretario Tirel Carlo, cassiere De Lazzer Renzo, revisori dei conti Menegat Dino e Menegat [&hellip;]<\/p>\n","protected":false},"author":2,"featured_media":0,"comment_status":"closed","ping_status":"open","sticky":false,"template":"","format":"standard","meta":{"footnotes":""},"categories":[5,26],"tags":[],"class_list":["post-34468","post","type-post","status-publish","format-standard","category-cronaca","category-prima-pagina"],"yoast_head":"<!-- This site is optimized with the Yoast SEO plugin v28.4 - https:\/\/yoast.com\/product\/yoast-seo-wordpress\/ -->\n<title>Roberto Bof \u00e8 il nuovo capogruppo degli alpini di Pez (Cesiomaggiore) - Bellunopress - Dolomiti<\/title>\n<meta name=\"robots\" content=\"index, follow, max-snippet:-1, max-image-preview:large, max-video-preview:-1\" \/>\n<link rel=\"canonical\" href=\"https:\/\/www.bellunopress.it\/fr\/2012\/01\/25\/roberto-bof-e-il-nuovo-capogruppo-degli-alpini-di-pez-cesiomaggiore\/\" \/>\n<meta property=\"og:locale\" content=\"fr_FR\" \/>\n<meta property=\"og:type\" content=\"article\" \/>\n<meta property=\"og:title\" content=\"Roberto Bof \u00e8 il nuovo capogruppo degli alpini di Pez (Cesiomaggiore) - Bellunopress - Dolomiti\" \/>\n<meta property=\"og:description\" content=\"Roberto Bof, 43enne di Cesiomaggiore, \u00e8 il nuovo capogruppo del Gruppo alpini di Pez (Sezione di Feltre). Lo ha eletto il consiglio direttivo riunitosi lo scorso 18 gennaio. Nella stessa riunione sono stati eletti vicecapogruppo De Lazzer Renzo e Casanova Matteo, segretario Tirel Carlo, cassiere De Lazzer Renzo, revisori dei conti Menegat Dino e Menegat [&hellip;]\" \/>\n<meta property=\"og:url\" content=\"https:\/\/www.bellunopress.it\/fr\/2012\/01\/25\/roberto-bof-e-il-nuovo-capogruppo-degli-alpini-di-pez-cesiomaggiore\/\" \/>\n<meta property=\"og:site_name\" content=\"Bellunopress - Dolomiti\" \/>\n<meta property=\"article:publisher\" content=\"https:\/\/www.facebook.com\/profile.php?id=100008943462799\" \/>\n<meta property=\"article:published_time\" content=\"2012-01-25T14:29:39+00:00\" \/>\n<meta property=\"article:modified_time\" content=\"2012-01-25T23:32:40+00:00\" \/>\n<meta property=\"og:image\" content=\"http:\/\/www.bellunopress.it\/wp-content\/uploads\/2012\/01\/Bof-Roberto.jpg\" \/>\n<meta name=\"author\" content=\"redazione\" \/>\n<meta name=\"twitter:card\" content=\"summary_large_image\" \/>\n<meta name=\"twitter:creator\" content=\"@bellunopress\" \/>\n<meta name=\"twitter:site\" content=\"@bellunopress\" \/>\n<meta name=\"twitter:label1\" content=\"\u00c9crit par\" \/>\n\t<meta name=\"twitter:data1\" content=\"redazione\" \/>\n\t<meta name=\"twitter:label2\" content=\"Dur\u00e9e de lecture estim\u00e9e\" \/>\n\t<meta name=\"twitter:data2\" content=\"1 minute\" \/>\n<script type=\"application\/ld+json\" class=\"yoast-schema-graph\">{\"@context\":\"https:\\\/\\\/schema.org\",\"@graph\":[{\"@type\":\"Article\",\"@id\":\"https:\\\/\\\/www.bellunopress.it\\\/2012\\\/01\\\/25\\\/roberto-bof-e-il-nuovo-capogruppo-degli-alpini-di-pez-cesiomaggiore\\\/#article\",\"isPartOf\":{\"@id\":\"https:\\\/\\\/www.bellunopress.it\\\/2012\\\/01\\\/25\\\/roberto-bof-e-il-nuovo-capogruppo-degli-alpini-di-pez-cesiomaggiore\\\/\"},\"author\":{\"name\":\"redazione\",\"@id\":\"https:\\\/\\\/www.bellunopress.it\\\/#\\\/schema\\\/person\\\/79bb06722b37ece1c03d3e94beb30d73\"},\"headline\":\"Roberto Bof \u00e8 il nuovo capogruppo degli alpini di Pez (Cesiomaggiore)\",\"datePublished\":\"2012-01-25T14:29:39+00:00\",\"dateModified\":\"2012-01-25T23:32:40+00:00\",\"mainEntityOfPage\":{\"@id\":\"https:\\\/\\\/www.bellunopress.it\\\/2012\\\/01\\\/25\\\/roberto-bof-e-il-nuovo-capogruppo-degli-alpini-di-pez-cesiomaggiore\\\/\"},\"wordCount\":111,\"publisher\":{\"@id\":\"https:\\\/\\\/www.bellunopress.it\\\/#organization\"},\"image\":{\"@id\":\"https:\\\/\\\/www.bellunopress.it\\\/2012\\\/01\\\/25\\\/roberto-bof-e-il-nuovo-capogruppo-degli-alpini-di-pez-cesiomaggiore\\\/#primaryimage\"},\"thumbnailUrl\":\"http:\\\/\\\/www.bellunopress.it\\\/wp-content\\\/uploads\\\/2012\\\/01\\\/Bof-Roberto.jpg\",\"articleSection\":[\"Cronaca\\\/Politica\",\"Prima Pagina\"],\"inLanguage\":\"fr-FR\"},{\"@type\":\"WebPage\",\"@id\":\"https:\\\/\\\/www.bellunopress.it\\\/2012\\\/01\\\/25\\\/roberto-bof-e-il-nuovo-capogruppo-degli-alpini-di-pez-cesiomaggiore\\\/\",\"url\":\"https:\\\/\\\/www.bellunopress.it\\\/2012\\\/01\\\/25\\\/roberto-bof-e-il-nuovo-capogruppo-degli-alpini-di-pez-cesiomaggiore\\\/\",\"name\":\"Roberto Bof \u00e8 il nuovo capogruppo degli alpini di Pez (Cesiomaggiore) - Bellunopress - Dolomiti\",\"isPartOf\":{\"@id\":\"https:\\\/\\\/www.bellunopress.it\\\/#website\"},\"primaryImageOfPage\":{\"@id\":\"https:\\\/\\\/www.bellunopress.it\\\/2012\\\/01\\\/25\\\/roberto-bof-e-il-nuovo-capogruppo-degli-alpini-di-pez-cesiomaggiore\\\/#primaryimage\"},\"image\":{\"@id\":\"https:\\\/\\\/www.bellunopress.it\\\/2012\\\/01\\\/25\\\/roberto-bof-e-il-nuovo-capogruppo-degli-alpini-di-pez-cesiomaggiore\\\/#primaryimage\"},\"thumbnailUrl\":\"http:\\\/\\\/www.bellunopress.it\\\/wp-content\\\/uploads\\\/2012\\\/01\\\/Bof-Roberto.jpg\",\"datePublished\":\"2012-01-25T14:29:39+00:00\",\"dateModified\":\"2012-01-25T23:32:40+00:00\",\"breadcrumb\":{\"@id\":\"https:\\\/\\\/www.bellunopress.it\\\/2012\\\/01\\\/25\\\/roberto-bof-e-il-nuovo-capogruppo-degli-alpini-di-pez-cesiomaggiore\\\/#breadcrumb\"},\"inLanguage\":\"fr-FR\",\"potentialAction\":[{\"@type\":\"ReadAction\",\"target\":[\"https:\\\/\\\/www.bellunopress.it\\\/2012\\\/01\\\/25\\\/roberto-bof-e-il-nuovo-capogruppo-degli-alpini-di-pez-cesiomaggiore\\\/\"]}]},{\"@type\":\"ImageObject\",\"inLanguage\":\"fr-FR\",\"@id\":\"https:\\\/\\\/www.bellunopress.it\\\/2012\\\/01\\\/25\\\/roberto-bof-e-il-nuovo-capogruppo-degli-alpini-di-pez-cesiomaggiore\\\/#primaryimage\",\"url\":\"http:\\\/\\\/www.bellunopress.it\\\/wp-content\\\/uploads\\\/2012\\\/01\\\/Bof-Roberto.jpg\",\"contentUrl\":\"http:\\\/\\\/www.bellunopress.it\\\/wp-content\\\/uploads\\\/2012\\\/01\\\/Bof-Roberto.jpg\"},{\"@type\":\"BreadcrumbList\",\"@id\":\"https:\\\/\\\/www.bellunopress.it\\\/2012\\\/01\\\/25\\\/roberto-bof-e-il-nuovo-capogruppo-degli-alpini-di-pez-cesiomaggiore\\\/#breadcrumb\",\"itemListElement\":[{\"@type\":\"ListItem\",\"position\":1,\"name\":\"Home\",\"item\":\"https:\\\/\\\/www.bellunopress.it\\\/\"},{\"@type\":\"ListItem\",\"position\":2,\"name\":\"Roberto Bof \u00e8 il nuovo capogruppo degli alpini di Pez (Cesiomaggiore)\"}]},{\"@type\":\"WebSite\",\"@id\":\"https:\\\/\\\/www.bellunopress.it\\\/#website\",\"url\":\"https:\\\/\\\/www.bellunopress.it\\\/\",\"name\":\"Bellunopress - Dolomiti\",\"description\":\"e-mail: redazione@bellunopress.it\",\"publisher\":{\"@id\":\"https:\\\/\\\/www.bellunopress.it\\\/#organization\"},\"potentialAction\":[{\"@type\":\"SearchAction\",\"target\":{\"@type\":\"EntryPoint\",\"urlTemplate\":\"https:\\\/\\\/www.bellunopress.it\\\/?s={search_term_string}\"},\"query-input\":{\"@type\":\"PropertyValueSpecification\",\"valueRequired\":true,\"valueName\":\"search_term_string\"}}],\"inLanguage\":\"fr-FR\"},{\"@type\":\"Organization\",\"@id\":\"https:\\\/\\\/www.bellunopress.it\\\/#organization\",\"name\":\"Bellunopress\",\"url\":\"https:\\\/\\\/www.bellunopress.it\\\/\",\"logo\":{\"@type\":\"ImageObject\",\"inLanguage\":\"fr-FR\",\"@id\":\"https:\\\/\\\/www.bellunopress.it\\\/#\\\/schema\\\/logo\\\/image\\\/\",\"url\":\"https:\\\/\\\/www.bellunopress.it\\\/wp-content\\\/uploads\\\/2011\\\/05\\\/cropped-logo-bellunopress-.jpg\",\"contentUrl\":\"https:\\\/\\\/www.bellunopress.it\\\/wp-content\\\/uploads\\\/2011\\\/05\\\/cropped-logo-bellunopress-.jpg\",\"width\":512,\"height\":512,\"caption\":\"Bellunopress\"},\"image\":{\"@id\":\"https:\\\/\\\/www.bellunopress.it\\\/#\\\/schema\\\/logo\\\/image\\\/\"},\"sameAs\":[\"https:\\\/\\\/www.facebook.com\\\/profile.php?id=100008943462799\",\"https:\\\/\\\/x.com\\\/bellunopress\",\"https:\\\/\\\/www.linkedin.com\\\/hp\\\/?dnr=JBzUWaJfMUw8vbXJJ2tVW5-I3jZKvC4wsoxE&amp;amp;amp;amp;amp;amp;trk=nav_responsive_tab_home\",\"https:\\\/\\\/www.youtube.com\\\/channel\\\/UCxL0wu1uN0_3_7hGG0306cw\"]},{\"@type\":\"Person\",\"@id\":\"https:\\\/\\\/www.bellunopress.it\\\/#\\\/schema\\\/person\\\/79bb06722b37ece1c03d3e94beb30d73\",\"name\":\"redazione\",\"image\":{\"@type\":\"ImageObject\",\"inLanguage\":\"fr-FR\",\"@id\":\"https:\\\/\\\/secure.gravatar.com\\\/avatar\\\/37d968a2e67a6fd04c169c4bdef102d0bc5d31b2546345219e348575eb80e9a0?s=96&d=mm&r=g\",\"url\":\"https:\\\/\\\/secure.gravatar.com\\\/avatar\\\/37d968a2e67a6fd04c169c4bdef102d0bc5d31b2546345219e348575eb80e9a0?s=96&d=mm&r=g\",\"contentUrl\":\"https:\\\/\\\/secure.gravatar.com\\\/avatar\\\/37d968a2e67a6fd04c169c4bdef102d0bc5d31b2546345219e348575eb80e9a0?s=96&d=mm&r=g\",\"caption\":\"redazione\"},\"sameAs\":[\"http:\\\/\\\/www.bellunopress.it\",\"https:\\\/\\\/x.com\\\/bellunopress\"],\"url\":\"https:\\\/\\\/www.bellunopress.it\\\/fr\\\/author\\\/redazione\\\/\"}]}<\/script>\n<!-- \/ Yoast SEO plugin. -->","yoast_head_json":{"title":"Roberto Bof \u00e8 il nuovo capogruppo degli alpini di Pez (Cesiomaggiore) - Bellunopress - Dolomiti","robots":{"index":"index","follow":"follow","max-snippet":"max-snippet:-1","max-image-preview":"max-image-preview:large","max-video-preview":"max-video-preview:-1"},"canonical":"https:\/\/www.bellunopress.it\/fr\/2012\/01\/25\/roberto-bof-e-il-nuovo-capogruppo-degli-alpini-di-pez-cesiomaggiore\/","og_locale":"fr_FR","og_type":"article","og_title":"Roberto Bof \u00e8 il nuovo capogruppo degli alpini di Pez (Cesiomaggiore) - Bellunopress - Dolomiti","og_description":"Roberto Bof, 43enne di Cesiomaggiore, \u00e8 il nuovo capogruppo del Gruppo alpini di Pez (Sezione di Feltre). Lo ha eletto il consiglio direttivo riunitosi lo scorso 18 gennaio. Nella stessa riunione sono stati eletti vicecapogruppo De Lazzer Renzo e Casanova Matteo, segretario Tirel Carlo, cassiere De Lazzer Renzo, revisori dei conti Menegat Dino e Menegat [&hellip;]","og_url":"https:\/\/www.bellunopress.it\/fr\/2012\/01\/25\/roberto-bof-e-il-nuovo-capogruppo-degli-alpini-di-pez-cesiomaggiore\/","og_site_name":"Bellunopress - Dolomiti","article_publisher":"https:\/\/www.facebook.com\/profile.php?id=100008943462799","article_published_time":"2012-01-25T14:29:39+00:00","article_modified_time":"2012-01-25T23:32:40+00:00","og_image":[{"url":"http:\/\/www.bellunopress.it\/wp-content\/uploads\/2012\/01\/Bof-Roberto.jpg","type":"","width":"","height":""}],"author":"redazione","twitter_card":"summary_large_image","twitter_creator":"@bellunopress","twitter_site":"@bellunopress","twitter_misc":{"\u00c9crit par":"redazione","Dur\u00e9e de lecture estim\u00e9e":"1 minute"},"schema":{"@context":"https:\/\/schema.org","@graph":[{"@type":"Article","@id":"https:\/\/www.bellunopress.it\/2012\/01\/25\/roberto-bof-e-il-nuovo-capogruppo-degli-alpini-di-pez-cesiomaggiore\/#article","isPartOf":{"@id":"https:\/\/www.bellunopress.it\/2012\/01\/25\/roberto-bof-e-il-nuovo-capogruppo-degli-alpini-di-pez-cesiomaggiore\/"},"author":{"name":"redazione","@id":"https:\/\/www.bellunopress.it\/#\/schema\/person\/79bb06722b37ece1c03d3e94beb30d73"},"headline":"Roberto Bof \u00e8 il nuovo capogruppo degli alpini di Pez (Cesiomaggiore)","datePublished":"2012-01-25T14:29:39+00:00","dateModified":"2012-01-25T23:32:40+00:00","mainEntityOfPage":{"@id":"https:\/\/www.bellunopress.it\/2012\/01\/25\/roberto-bof-e-il-nuovo-capogruppo-degli-alpini-di-pez-cesiomaggiore\/"},"wordCount":111,"publisher":{"@id":"https:\/\/www.bellunopress.it\/#organization"},"image":{"@id":"https:\/\/www.bellunopress.it\/2012\/01\/25\/roberto-bof-e-il-nuovo-capogruppo-degli-alpini-di-pez-cesiomaggiore\/#primaryimage"},"thumbnailUrl":"http:\/\/www.bellunopress.it\/wp-content\/uploads\/2012\/01\/Bof-Roberto.jpg","articleSection":["Cronaca\/Politica","Prima Pagina"],"inLanguage":"fr-FR"},{"@type":"WebPage","@id":"https:\/\/www.bellunopress.it\/2012\/01\/25\/roberto-bof-e-il-nuovo-capogruppo-degli-alpini-di-pez-cesiomaggiore\/","url":"https:\/\/www.bellunopress.it\/2012\/01\/25\/roberto-bof-e-il-nuovo-capogruppo-degli-alpini-di-pez-cesiomaggiore\/","name":"Roberto Bof \u00e8 il nuovo capogruppo degli alpini di Pez (Cesiomaggiore) - Bellunopress - Dolomiti","isPartOf":{"@id":"https:\/\/www.bellunopress.it\/#website"},"primaryImageOfPage":{"@id":"https:\/\/www.bellunopress.it\/2012\/01\/25\/roberto-bof-e-il-nuovo-capogruppo-degli-alpini-di-pez-cesiomaggiore\/#primaryimage"},"image":{"@id":"https:\/\/www.bellunopress.it\/2012\/01\/25\/roberto-bof-e-il-nuovo-capogruppo-degli-alpini-di-pez-cesiomaggiore\/#primaryimage"},"thumbnailUrl":"http:\/\/www.bellunopress.it\/wp-content\/uploads\/2012\/01\/Bof-Roberto.jpg","datePublished":"2012-01-25T14:29:39+00:00","dateModified":"2012-01-25T23:32:40+00:00","breadcrumb":{"@id":"https:\/\/www.bellunopress.it\/2012\/01\/25\/roberto-bof-e-il-nuovo-capogruppo-degli-alpini-di-pez-cesiomaggiore\/#breadcrumb"},"inLanguage":"fr-FR","potentialAction":[{"@type":"ReadAction","target":["https:\/\/www.bellunopress.it\/2012\/01\/25\/roberto-bof-e-il-nuovo-capogruppo-degli-alpini-di-pez-cesiomaggiore\/"]}]},{"@type":"ImageObject","inLanguage":"fr-FR","@id":"https:\/\/www.bellunopress.it\/2012\/01\/25\/roberto-bof-e-il-nuovo-capogruppo-degli-alpini-di-pez-cesiomaggiore\/#primaryimage","url":"http:\/\/www.bellunopress.it\/wp-content\/uploads\/2012\/01\/Bof-Roberto.jpg","contentUrl":"http:\/\/www.bellunopress.it\/wp-content\/uploads\/2012\/01\/Bof-Roberto.jpg"},{"@type":"BreadcrumbList","@id":"https:\/\/www.bellunopress.it\/2012\/01\/25\/roberto-bof-e-il-nuovo-capogruppo-degli-alpini-di-pez-cesiomaggiore\/#breadcrumb","itemListElement":[{"@type":"ListItem","position":1,"name":"Home","item":"https:\/\/www.bellunopress.it\/"},{"@type":"ListItem","position":2,"name":"Roberto Bof \u00e8 il nuovo capogruppo degli alpini di Pez (Cesiomaggiore)"}]},{"@type":"WebSite","@id":"https:\/\/www.bellunopress.it\/#website","url":"https:\/\/www.bellunopress.it\/","name":"Bellunopress - Dolomiti","description":"e-mail: redazione@bellunopress.it","publisher":{"@id":"https:\/\/www.bellunopress.it\/#organization"},"potentialAction":[{"@type":"SearchAction","target":{"@type":"EntryPoint","urlTemplate":"https:\/\/www.bellunopress.it\/?s={search_term_string}"},"query-input":{"@type":"PropertyValueSpecification","valueRequired":true,"valueName":"search_term_string"}}],"inLanguage":"fr-FR"},{"@type":"Organization","@id":"https:\/\/www.bellunopress.it\/#organization","name":"Bellunopress","url":"https:\/\/www.bellunopress.it\/","logo":{"@type":"ImageObject","inLanguage":"fr-FR","@id":"https:\/\/www.bellunopress.it\/#\/schema\/logo\/image\/","url":"https:\/\/www.bellunopress.it\/wp-content\/uploads\/2011\/05\/cropped-logo-bellunopress-.jpg","contentUrl":"https:\/\/www.bellunopress.it\/wp-content\/uploads\/2011\/05\/cropped-logo-bellunopress-.jpg","width":512,"height":512,"caption":"Bellunopress"},"image":{"@id":"https:\/\/www.bellunopress.it\/#\/schema\/logo\/image\/"},"sameAs":["https:\/\/www.facebook.com\/profile.php?id=100008943462799","https:\/\/x.com\/bellunopress","https:\/\/www.linkedin.com\/hp\/?dnr=JBzUWaJfMUw8vbXJJ2tVW5-I3jZKvC4wsoxE&amp;amp;amp;amp;amp;amp;trk=nav_responsive_tab_home","https:\/\/www.youtube.com\/channel\/UCxL0wu1uN0_3_7hGG0306cw"]},{"@type":"Person","@id":"https:\/\/www.bellunopress.it\/#\/schema\/person\/79bb06722b37ece1c03d3e94beb30d73","name":"r\u00e9daction","image":{"@type":"ImageObject","inLanguage":"fr-FR","@id":"https:\/\/secure.gravatar.com\/avatar\/37d968a2e67a6fd04c169c4bdef102d0bc5d31b2546345219e348575eb80e9a0?s=96&d=mm&r=g","url":"https:\/\/secure.gravatar.com\/avatar\/37d968a2e67a6fd04c169c4bdef102d0bc5d31b2546345219e348575eb80e9a0?s=96&d=mm&r=g","contentUrl":"https:\/\/secure.gravatar.com\/avatar\/37d968a2e67a6fd04c169c4bdef102d0bc5d31b2546345219e348575eb80e9a0?s=96&d=mm&r=g","caption":"redazione"},"sameAs":["http:\/\/www.bellunopress.it","https:\/\/x.com\/bellunopress"],"url":"https:\/\/www.bellunopress.it\/fr\/author\/redazione\/"}]}},"_links":{"self":[{"href":"https:\/\/www.bellunopress.it\/fr\/wp-json\/wp\/v2\/posts\/34468","targetHints":{"allow":["GET"]}}],"collection":[{"href":"https:\/\/www.bellunopress.it\/fr\/wp-json\/wp\/v2\/posts"}],"about":[{"href":"https:\/\/www.bellunopress.it\/fr\/wp-json\/wp\/v2\/types\/post"}],"author":[{"embeddable":true,"href":"https:\/\/www.bellunopress.it\/fr\/wp-json\/wp\/v2\/users\/2"}],"replies":[{"embeddable":true,"href":"https:\/\/www.bellunopress.it\/fr\/wp-json\/wp\/v2\/comments?post=34468"}],"version-history":[{"count":2,"href":"https:\/\/www.bellunopress.it\/fr\/wp-json\/wp\/v2\/posts\/34468\/revisions"}],"predecessor-version":[{"id":34471,"href":"https:\/\/www.bellunopress.it\/fr\/wp-json\/wp\/v2\/posts\/34468\/revisions\/34471"}],"wp:attachment":[{"href":"https:\/\/www.bellunopress.it\/fr\/wp-json\/wp\/v2\/media?parent=34468"}],"wp:term":[{"taxonomy":"category","embeddable":true,"href":"https:\/\/www.bellunopress.it\/fr\/wp-json\/wp\/v2\/categories?post=34468"},{"taxonomy":"post_tag","embeddable":true,"href":"https:\/\/www.bellunopress.it\/fr\/wp-json\/wp\/v2\/tags?post=34468"}],"curies":[{"name":"wp","href":"https:\/\/api.w.org\/{rel}","templated":true}]}}