{"id":34449,"date":"2012-01-25T10:37:54","date_gmt":"2012-01-25T09:37:54","guid":{"rendered":"http:\/\/www.bellunopress.it\/?p=34449"},"modified":"2012-01-25T10:39:28","modified_gmt":"2012-01-25T09:39:28","slug":"34449","status":"publish","type":"post","link":"https:\/\/www.bellunopress.it\/fr\/2012\/01\/25\/34449\/","title":{"rendered":"Venerd\u00ec al Liceo \u201cTiziano\u201d si parla di neutrini con il prof. Roberto Carlin  docente di Fisica all&#8217;Universit\u00e0 di Padova"},"content":{"rendered":"<p>Inizia venerd\u00ec prossimo il ciclo di incontri organizzato dai Licei Galilei \u2013 Tiziano e dedicato ai pi\u00f9 recenti sviluppi e problemi della ricerca scientifica contemporanea. <a href=\"http:\/\/www.bellunopress.it\/wp-content\/uploads\/2010\/02\/liceo-classico-tiziano.jpg\"><img loading=\"lazy\" decoding=\"async\" class=\"alignleft size-full wp-image-12661\" title=\"liceo-classico-tiziano\" src=\"http:\/\/www.bellunopress.it\/wp-content\/uploads\/2010\/02\/liceo-classico-tiziano.jpg\" alt=\"\" width=\"270\" height=\"202\" \/><\/a>Roberto Carlin, docente di Fisica generale dell\u2019Universit\u00e0 di Padova, terr\u00e0 la prima lezione, dal titolo \u201cIl laboratorio del CERN e le recenti scoperte\u201d, venerd\u00ec 27 gennaio alle 14.15 nell\u2019aula magna del Liceo classico Tiziano di Belluno. Carlin, che collabora direttamente agli esperimenti del CERN di Ginevra, illustrer\u00e0 le pi\u00f9 importanti ricerche nel campo della fisica delle particelle, ricerche che hanno gi\u00e0 portato a clamorose scoperte sulla velocit\u00e0 dei neutrini, che risulterebbe superiore a quella della luce, mettendo in crisi la teoria della relativit\u00e0 di Einstein, e sul Bosone di Higgs, la cosiddetta \u201cparticella di Dio\u201d, la cui esistenza accertata confermerebbe la pi\u00f9 accreditata teoria sull\u2019Unificazione delle Forze dell\u2019Universo, il Modello Standard. Il ciclo di incontri proseguir\u00e0 nel corso della primavera con altre quattro conferenze che vedranno interventi di matematici, fisici e di un epistemologo.<\/p>\n<p align=\"left\">Appuntamento quindi per studenti e docenti, ma anche per appassionati o semplici curiosi, venerdi 27 al Liceo Tiziano alle 14.15.<\/p>","protected":false},"excerpt":{"rendered":"<p>Inizia venerd\u00ec prossimo il ciclo di incontri organizzato dai Licei Galilei \u2013 Tiziano e dedicato ai pi\u00f9 recenti sviluppi e problemi della ricerca scientifica contemporanea. Roberto Carlin, docente di Fisica generale dell\u2019Universit\u00e0 di Padova, terr\u00e0 la prima lezione, dal titolo \u201cIl laboratorio del CERN e le recenti scoperte\u201d, venerd\u00ec 27 gennaio alle 14.15 nell\u2019aula magna [&hellip;]<\/p>\n","protected":false},"author":2,"featured_media":0,"comment_status":"closed","ping_status":"open","sticky":false,"template":"","format":"standard","meta":{"footnotes":""},"categories":[27,25],"tags":[],"class_list":["post-34449","post","type-post","status-publish","format-standard","category-appuntamenti","category-pausa-caffe"],"yoast_head":"<!-- This site is optimized with the Yoast SEO plugin v28.4 - https:\/\/yoast.com\/product\/yoast-seo-wordpress\/ -->\n<title>Venerd\u00ec al Liceo \u201cTiziano\u201d si parla di neutrini con il prof. Roberto Carlin docente di Fisica all&#039;Universit\u00e0 di Padova  - Bellunopress - Dolomiti<\/title>\n<meta name=\"robots\" content=\"index, follow, max-snippet:-1, max-image-preview:large, max-video-preview:-1\" \/>\n<link rel=\"canonical\" href=\"https:\/\/www.bellunopress.it\/fr\/2012\/01\/25\/34449\/\" \/>\n<meta property=\"og:locale\" content=\"fr_FR\" \/>\n<meta property=\"og:type\" content=\"article\" \/>\n<meta property=\"og:title\" content=\"Venerd\u00ec al Liceo \u201cTiziano\u201d si parla di neutrini con il prof. Roberto Carlin docente di Fisica all&#039;Universit\u00e0 di Padova  - Bellunopress - Dolomiti\" \/>\n<meta property=\"og:description\" content=\"Inizia venerd\u00ec prossimo il ciclo di incontri organizzato dai Licei Galilei \u2013 Tiziano e dedicato ai pi\u00f9 recenti sviluppi e problemi della ricerca scientifica contemporanea. Roberto Carlin, docente di Fisica generale dell\u2019Universit\u00e0 di Padova, terr\u00e0 la prima lezione, dal titolo \u201cIl laboratorio del CERN e le recenti scoperte\u201d, venerd\u00ec 27 gennaio alle 14.15 nell\u2019aula magna [&hellip;]\" \/>\n<meta property=\"og:url\" content=\"https:\/\/www.bellunopress.it\/fr\/2012\/01\/25\/34449\/\" \/>\n<meta property=\"og:site_name\" content=\"Bellunopress - Dolomiti\" \/>\n<meta property=\"article:publisher\" content=\"https:\/\/www.facebook.com\/profile.php?id=100008943462799\" \/>\n<meta property=\"article:published_time\" content=\"2012-01-25T09:37:54+00:00\" \/>\n<meta property=\"article:modified_time\" content=\"2012-01-25T09:39:28+00:00\" \/>\n<meta property=\"og:image\" content=\"http:\/\/www.bellunopress.it\/wp-content\/uploads\/2010\/02\/liceo-classico-tiziano.jpg\" \/>\n<meta name=\"author\" content=\"redazione\" \/>\n<meta name=\"twitter:card\" content=\"summary_large_image\" \/>\n<meta name=\"twitter:creator\" content=\"@bellunopress\" \/>\n<meta name=\"twitter:site\" content=\"@bellunopress\" \/>\n<meta name=\"twitter:label1\" content=\"\u00c9crit par\" \/>\n\t<meta name=\"twitter:data1\" content=\"redazione\" \/>\n\t<meta name=\"twitter:label2\" content=\"Dur\u00e9e de lecture estim\u00e9e\" \/>\n\t<meta name=\"twitter:data2\" content=\"1 minute\" \/>\n<script type=\"application\/ld+json\" class=\"yoast-schema-graph\">{\"@context\":\"https:\\\/\\\/schema.org\",\"@graph\":[{\"@type\":\"Article\",\"@id\":\"https:\\\/\\\/www.bellunopress.it\\\/2012\\\/01\\\/25\\\/34449\\\/#article\",\"isPartOf\":{\"@id\":\"https:\\\/\\\/www.bellunopress.it\\\/2012\\\/01\\\/25\\\/34449\\\/\"},\"author\":{\"name\":\"redazione\",\"@id\":\"https:\\\/\\\/www.bellunopress.it\\\/#\\\/schema\\\/person\\\/79bb06722b37ece1c03d3e94beb30d73\"},\"headline\":\"Venerd\u00ec al Liceo \u201cTiziano\u201d si parla di neutrini con il prof. Roberto Carlin docente di Fisica all&#8217;Universit\u00e0 di Padova\",\"datePublished\":\"2012-01-25T09:37:54+00:00\",\"dateModified\":\"2012-01-25T09:39:28+00:00\",\"mainEntityOfPage\":{\"@id\":\"https:\\\/\\\/www.bellunopress.it\\\/2012\\\/01\\\/25\\\/34449\\\/\"},\"wordCount\":198,\"publisher\":{\"@id\":\"https:\\\/\\\/www.bellunopress.it\\\/#organization\"},\"image\":{\"@id\":\"https:\\\/\\\/www.bellunopress.it\\\/2012\\\/01\\\/25\\\/34449\\\/#primaryimage\"},\"thumbnailUrl\":\"http:\\\/\\\/www.bellunopress.it\\\/wp-content\\\/uploads\\\/2010\\\/02\\\/liceo-classico-tiziano.jpg\",\"articleSection\":[\"Appuntamenti, Eventi\",\"Pausa Caff\u00e8\"],\"inLanguage\":\"fr-FR\"},{\"@type\":\"WebPage\",\"@id\":\"https:\\\/\\\/www.bellunopress.it\\\/2012\\\/01\\\/25\\\/34449\\\/\",\"url\":\"https:\\\/\\\/www.bellunopress.it\\\/2012\\\/01\\\/25\\\/34449\\\/\",\"name\":\"Venerd\u00ec al Liceo \u201cTiziano\u201d si parla di neutrini con il prof. Roberto Carlin docente di Fisica all'Universit\u00e0 di Padova - Bellunopress - Dolomiti\",\"isPartOf\":{\"@id\":\"https:\\\/\\\/www.bellunopress.it\\\/#website\"},\"primaryImageOfPage\":{\"@id\":\"https:\\\/\\\/www.bellunopress.it\\\/2012\\\/01\\\/25\\\/34449\\\/#primaryimage\"},\"image\":{\"@id\":\"https:\\\/\\\/www.bellunopress.it\\\/2012\\\/01\\\/25\\\/34449\\\/#primaryimage\"},\"thumbnailUrl\":\"http:\\\/\\\/www.bellunopress.it\\\/wp-content\\\/uploads\\\/2010\\\/02\\\/liceo-classico-tiziano.jpg\",\"datePublished\":\"2012-01-25T09:37:54+00:00\",\"dateModified\":\"2012-01-25T09:39:28+00:00\",\"breadcrumb\":{\"@id\":\"https:\\\/\\\/www.bellunopress.it\\\/2012\\\/01\\\/25\\\/34449\\\/#breadcrumb\"},\"inLanguage\":\"fr-FR\",\"potentialAction\":[{\"@type\":\"ReadAction\",\"target\":[\"https:\\\/\\\/www.bellunopress.it\\\/2012\\\/01\\\/25\\\/34449\\\/\"]}]},{\"@type\":\"ImageObject\",\"inLanguage\":\"fr-FR\",\"@id\":\"https:\\\/\\\/www.bellunopress.it\\\/2012\\\/01\\\/25\\\/34449\\\/#primaryimage\",\"url\":\"http:\\\/\\\/www.bellunopress.it\\\/wp-content\\\/uploads\\\/2010\\\/02\\\/liceo-classico-tiziano.jpg\",\"contentUrl\":\"http:\\\/\\\/www.bellunopress.it\\\/wp-content\\\/uploads\\\/2010\\\/02\\\/liceo-classico-tiziano.jpg\"},{\"@type\":\"BreadcrumbList\",\"@id\":\"https:\\\/\\\/www.bellunopress.it\\\/2012\\\/01\\\/25\\\/34449\\\/#breadcrumb\",\"itemListElement\":[{\"@type\":\"ListItem\",\"position\":1,\"name\":\"Home\",\"item\":\"https:\\\/\\\/www.bellunopress.it\\\/\"},{\"@type\":\"ListItem\",\"position\":2,\"name\":\"Venerd\u00ec al Liceo \u201cTiziano\u201d si parla di neutrini con il prof. Roberto Carlin docente di Fisica all&#8217;Universit\u00e0 di Padova\"}]},{\"@type\":\"WebSite\",\"@id\":\"https:\\\/\\\/www.bellunopress.it\\\/#website\",\"url\":\"https:\\\/\\\/www.bellunopress.it\\\/\",\"name\":\"Bellunopress - Dolomiti\",\"description\":\"e-mail: redazione@bellunopress.it\",\"publisher\":{\"@id\":\"https:\\\/\\\/www.bellunopress.it\\\/#organization\"},\"potentialAction\":[{\"@type\":\"SearchAction\",\"target\":{\"@type\":\"EntryPoint\",\"urlTemplate\":\"https:\\\/\\\/www.bellunopress.it\\\/?s={search_term_string}\"},\"query-input\":{\"@type\":\"PropertyValueSpecification\",\"valueRequired\":true,\"valueName\":\"search_term_string\"}}],\"inLanguage\":\"fr-FR\"},{\"@type\":\"Organization\",\"@id\":\"https:\\\/\\\/www.bellunopress.it\\\/#organization\",\"name\":\"Bellunopress\",\"url\":\"https:\\\/\\\/www.bellunopress.it\\\/\",\"logo\":{\"@type\":\"ImageObject\",\"inLanguage\":\"fr-FR\",\"@id\":\"https:\\\/\\\/www.bellunopress.it\\\/#\\\/schema\\\/logo\\\/image\\\/\",\"url\":\"https:\\\/\\\/www.bellunopress.it\\\/wp-content\\\/uploads\\\/2011\\\/05\\\/cropped-logo-bellunopress-.jpg\",\"contentUrl\":\"https:\\\/\\\/www.bellunopress.it\\\/wp-content\\\/uploads\\\/2011\\\/05\\\/cropped-logo-bellunopress-.jpg\",\"width\":512,\"height\":512,\"caption\":\"Bellunopress\"},\"image\":{\"@id\":\"https:\\\/\\\/www.bellunopress.it\\\/#\\\/schema\\\/logo\\\/image\\\/\"},\"sameAs\":[\"https:\\\/\\\/www.facebook.com\\\/profile.php?id=100008943462799\",\"https:\\\/\\\/x.com\\\/bellunopress\",\"https:\\\/\\\/www.linkedin.com\\\/hp\\\/?dnr=JBzUWaJfMUw8vbXJJ2tVW5-I3jZKvC4wsoxE&amp;amp;amp;amp;amp;amp;trk=nav_responsive_tab_home\",\"https:\\\/\\\/www.youtube.com\\\/channel\\\/UCxL0wu1uN0_3_7hGG0306cw\"]},{\"@type\":\"Person\",\"@id\":\"https:\\\/\\\/www.bellunopress.it\\\/#\\\/schema\\\/person\\\/79bb06722b37ece1c03d3e94beb30d73\",\"name\":\"redazione\",\"image\":{\"@type\":\"ImageObject\",\"inLanguage\":\"fr-FR\",\"@id\":\"https:\\\/\\\/secure.gravatar.com\\\/avatar\\\/37d968a2e67a6fd04c169c4bdef102d0bc5d31b2546345219e348575eb80e9a0?s=96&d=mm&r=g\",\"url\":\"https:\\\/\\\/secure.gravatar.com\\\/avatar\\\/37d968a2e67a6fd04c169c4bdef102d0bc5d31b2546345219e348575eb80e9a0?s=96&d=mm&r=g\",\"contentUrl\":\"https:\\\/\\\/secure.gravatar.com\\\/avatar\\\/37d968a2e67a6fd04c169c4bdef102d0bc5d31b2546345219e348575eb80e9a0?s=96&d=mm&r=g\",\"caption\":\"redazione\"},\"sameAs\":[\"http:\\\/\\\/www.bellunopress.it\",\"https:\\\/\\\/x.com\\\/bellunopress\"],\"url\":\"https:\\\/\\\/www.bellunopress.it\\\/fr\\\/author\\\/redazione\\\/\"}]}<\/script>\n<!-- \/ Yoast SEO plugin. -->","yoast_head_json":{"title":"Venerd\u00ec al Liceo \u201cTiziano\u201d si parla di neutrini con il prof. Roberto Carlin docente di Fisica all'Universit\u00e0 di Padova  - Bellunopress - Dolomiti","robots":{"index":"index","follow":"follow","max-snippet":"max-snippet:-1","max-image-preview":"max-image-preview:large","max-video-preview":"max-video-preview:-1"},"canonical":"https:\/\/www.bellunopress.it\/fr\/2012\/01\/25\/34449\/","og_locale":"fr_FR","og_type":"article","og_title":"Venerd\u00ec al Liceo \u201cTiziano\u201d si parla di neutrini con il prof. Roberto Carlin docente di Fisica all'Universit\u00e0 di Padova  - Bellunopress - Dolomiti","og_description":"Inizia venerd\u00ec prossimo il ciclo di incontri organizzato dai Licei Galilei \u2013 Tiziano e dedicato ai pi\u00f9 recenti sviluppi e problemi della ricerca scientifica contemporanea. Roberto Carlin, docente di Fisica generale dell\u2019Universit\u00e0 di Padova, terr\u00e0 la prima lezione, dal titolo \u201cIl laboratorio del CERN e le recenti scoperte\u201d, venerd\u00ec 27 gennaio alle 14.15 nell\u2019aula magna [&hellip;]","og_url":"https:\/\/www.bellunopress.it\/fr\/2012\/01\/25\/34449\/","og_site_name":"Bellunopress - Dolomiti","article_publisher":"https:\/\/www.facebook.com\/profile.php?id=100008943462799","article_published_time":"2012-01-25T09:37:54+00:00","article_modified_time":"2012-01-25T09:39:28+00:00","og_image":[{"url":"http:\/\/www.bellunopress.it\/wp-content\/uploads\/2010\/02\/liceo-classico-tiziano.jpg","type":"","width":"","height":""}],"author":"redazione","twitter_card":"summary_large_image","twitter_creator":"@bellunopress","twitter_site":"@bellunopress","twitter_misc":{"\u00c9crit par":"redazione","Dur\u00e9e de lecture estim\u00e9e":"1 minute"},"schema":{"@context":"https:\/\/schema.org","@graph":[{"@type":"Article","@id":"https:\/\/www.bellunopress.it\/2012\/01\/25\/34449\/#article","isPartOf":{"@id":"https:\/\/www.bellunopress.it\/2012\/01\/25\/34449\/"},"author":{"name":"redazione","@id":"https:\/\/www.bellunopress.it\/#\/schema\/person\/79bb06722b37ece1c03d3e94beb30d73"},"headline":"Venerd\u00ec al Liceo \u201cTiziano\u201d si parla di neutrini con il prof. Roberto Carlin docente di Fisica all&#8217;Universit\u00e0 di Padova","datePublished":"2012-01-25T09:37:54+00:00","dateModified":"2012-01-25T09:39:28+00:00","mainEntityOfPage":{"@id":"https:\/\/www.bellunopress.it\/2012\/01\/25\/34449\/"},"wordCount":198,"publisher":{"@id":"https:\/\/www.bellunopress.it\/#organization"},"image":{"@id":"https:\/\/www.bellunopress.it\/2012\/01\/25\/34449\/#primaryimage"},"thumbnailUrl":"http:\/\/www.bellunopress.it\/wp-content\/uploads\/2010\/02\/liceo-classico-tiziano.jpg","articleSection":["Appuntamenti, Eventi","Pausa Caff\u00e8"],"inLanguage":"fr-FR"},{"@type":"WebPage","@id":"https:\/\/www.bellunopress.it\/2012\/01\/25\/34449\/","url":"https:\/\/www.bellunopress.it\/2012\/01\/25\/34449\/","name":"Venerd\u00ec al Liceo \u201cTiziano\u201d si parla di neutrini con il prof. Roberto Carlin docente di Fisica all'Universit\u00e0 di Padova - Bellunopress - Dolomiti","isPartOf":{"@id":"https:\/\/www.bellunopress.it\/#website"},"primaryImageOfPage":{"@id":"https:\/\/www.bellunopress.it\/2012\/01\/25\/34449\/#primaryimage"},"image":{"@id":"https:\/\/www.bellunopress.it\/2012\/01\/25\/34449\/#primaryimage"},"thumbnailUrl":"http:\/\/www.bellunopress.it\/wp-content\/uploads\/2010\/02\/liceo-classico-tiziano.jpg","datePublished":"2012-01-25T09:37:54+00:00","dateModified":"2012-01-25T09:39:28+00:00","breadcrumb":{"@id":"https:\/\/www.bellunopress.it\/2012\/01\/25\/34449\/#breadcrumb"},"inLanguage":"fr-FR","potentialAction":[{"@type":"ReadAction","target":["https:\/\/www.bellunopress.it\/2012\/01\/25\/34449\/"]}]},{"@type":"ImageObject","inLanguage":"fr-FR","@id":"https:\/\/www.bellunopress.it\/2012\/01\/25\/34449\/#primaryimage","url":"http:\/\/www.bellunopress.it\/wp-content\/uploads\/2010\/02\/liceo-classico-tiziano.jpg","contentUrl":"http:\/\/www.bellunopress.it\/wp-content\/uploads\/2010\/02\/liceo-classico-tiziano.jpg"},{"@type":"BreadcrumbList","@id":"https:\/\/www.bellunopress.it\/2012\/01\/25\/34449\/#breadcrumb","itemListElement":[{"@type":"ListItem","position":1,"name":"Home","item":"https:\/\/www.bellunopress.it\/"},{"@type":"ListItem","position":2,"name":"Venerd\u00ec al Liceo \u201cTiziano\u201d si parla di neutrini con il prof. Roberto Carlin docente di Fisica all&#8217;Universit\u00e0 di Padova"}]},{"@type":"WebSite","@id":"https:\/\/www.bellunopress.it\/#website","url":"https:\/\/www.bellunopress.it\/","name":"Bellunopress - Dolomiti","description":"e-mail: redazione@bellunopress.it","publisher":{"@id":"https:\/\/www.bellunopress.it\/#organization"},"potentialAction":[{"@type":"SearchAction","target":{"@type":"EntryPoint","urlTemplate":"https:\/\/www.bellunopress.it\/?s={search_term_string}"},"query-input":{"@type":"PropertyValueSpecification","valueRequired":true,"valueName":"search_term_string"}}],"inLanguage":"fr-FR"},{"@type":"Organization","@id":"https:\/\/www.bellunopress.it\/#organization","name":"Bellunopress","url":"https:\/\/www.bellunopress.it\/","logo":{"@type":"ImageObject","inLanguage":"fr-FR","@id":"https:\/\/www.bellunopress.it\/#\/schema\/logo\/image\/","url":"https:\/\/www.bellunopress.it\/wp-content\/uploads\/2011\/05\/cropped-logo-bellunopress-.jpg","contentUrl":"https:\/\/www.bellunopress.it\/wp-content\/uploads\/2011\/05\/cropped-logo-bellunopress-.jpg","width":512,"height":512,"caption":"Bellunopress"},"image":{"@id":"https:\/\/www.bellunopress.it\/#\/schema\/logo\/image\/"},"sameAs":["https:\/\/www.facebook.com\/profile.php?id=100008943462799","https:\/\/x.com\/bellunopress","https:\/\/www.linkedin.com\/hp\/?dnr=JBzUWaJfMUw8vbXJJ2tVW5-I3jZKvC4wsoxE&amp;amp;amp;amp;amp;amp;trk=nav_responsive_tab_home","https:\/\/www.youtube.com\/channel\/UCxL0wu1uN0_3_7hGG0306cw"]},{"@type":"Person","@id":"https:\/\/www.bellunopress.it\/#\/schema\/person\/79bb06722b37ece1c03d3e94beb30d73","name":"r\u00e9daction","image":{"@type":"ImageObject","inLanguage":"fr-FR","@id":"https:\/\/secure.gravatar.com\/avatar\/37d968a2e67a6fd04c169c4bdef102d0bc5d31b2546345219e348575eb80e9a0?s=96&d=mm&r=g","url":"https:\/\/secure.gravatar.com\/avatar\/37d968a2e67a6fd04c169c4bdef102d0bc5d31b2546345219e348575eb80e9a0?s=96&d=mm&r=g","contentUrl":"https:\/\/secure.gravatar.com\/avatar\/37d968a2e67a6fd04c169c4bdef102d0bc5d31b2546345219e348575eb80e9a0?s=96&d=mm&r=g","caption":"redazione"},"sameAs":["http:\/\/www.bellunopress.it","https:\/\/x.com\/bellunopress"],"url":"https:\/\/www.bellunopress.it\/fr\/author\/redazione\/"}]}},"_links":{"self":[{"href":"https:\/\/www.bellunopress.it\/fr\/wp-json\/wp\/v2\/posts\/34449","targetHints":{"allow":["GET"]}}],"collection":[{"href":"https:\/\/www.bellunopress.it\/fr\/wp-json\/wp\/v2\/posts"}],"about":[{"href":"https:\/\/www.bellunopress.it\/fr\/wp-json\/wp\/v2\/types\/post"}],"author":[{"embeddable":true,"href":"https:\/\/www.bellunopress.it\/fr\/wp-json\/wp\/v2\/users\/2"}],"replies":[{"embeddable":true,"href":"https:\/\/www.bellunopress.it\/fr\/wp-json\/wp\/v2\/comments?post=34449"}],"version-history":[{"count":2,"href":"https:\/\/www.bellunopress.it\/fr\/wp-json\/wp\/v2\/posts\/34449\/revisions"}],"predecessor-version":[{"id":34451,"href":"https:\/\/www.bellunopress.it\/fr\/wp-json\/wp\/v2\/posts\/34449\/revisions\/34451"}],"wp:attachment":[{"href":"https:\/\/www.bellunopress.it\/fr\/wp-json\/wp\/v2\/media?parent=34449"}],"wp:term":[{"taxonomy":"category","embeddable":true,"href":"https:\/\/www.bellunopress.it\/fr\/wp-json\/wp\/v2\/categories?post=34449"},{"taxonomy":"post_tag","embeddable":true,"href":"https:\/\/www.bellunopress.it\/fr\/wp-json\/wp\/v2\/tags?post=34449"}],"curies":[{"name":"wp","href":"https:\/\/api.w.org\/{rel}","templated":true}]}}