{"id":34447,"date":"2012-01-25T09:05:05","date_gmt":"2012-01-25T08:05:05","guid":{"rendered":"http:\/\/www.bellunopress.it\/?p=34447"},"modified":"2012-01-25T09:05:05","modified_gmt":"2012-01-25T08:05:05","slug":"consumatori-e-riparatori-penalizzati-dalle-nuove-norme-sul-risarcimento-danni-ranon-evidente-il-danno-che-le-imprese-di-autoriparazione-indipendenti-avrebbero-rispetto-a-quelle-convenzionate","status":"publish","type":"post","link":"https:\/\/www.bellunopress.it\/fr\/2012\/01\/25\/consumatori-e-riparatori-penalizzati-dalle-nuove-norme-sul-risarcimento-danni-ranon-evidente-il-danno-che-le-imprese-di-autoriparazione-indipendenti-avrebbero-rispetto-a-quelle-convenzionate\/","title":{"rendered":"Consumatori e riparatori penalizzati dalle nuove norme sul risarcimento danni. Ranon: &#8220;evidente il danno che le imprese di autoriparazione indipendenti avrebbero rispetto a quelle convenzionate&#8221;"},"content":{"rendered":"<figure id=\"attachment_7601\" aria-describedby=\"caption-attachment-7601\" style=\"width: 180px\" class=\"wp-caption alignleft\"><a href=\"http:\/\/www.bellunopress.it\/wp-content\/uploads\/2009\/09\/maurizio-ranon.jpg\"><img loading=\"lazy\" decoding=\"async\" class=\"size-full wp-image-7601\" title=\"maurizio-ranon 270x180\" src=\"http:\/\/www.bellunopress.it\/wp-content\/uploads\/2009\/09\/maurizio-ranon.jpg\" alt=\"\" width=\"180\" height=\"270\" \/><\/a><figcaption id=\"caption-attachment-7601\" class=\"wp-caption-text\">Maurizio Ranon direttore Appia<\/figcaption><\/figure>\n<p>Dura presa di posizione dei carrozzieri artigiani rispetto al decreto liberalizzazioni emanato dal Governo Monti che riguarda le norme sul risarcimento dei danni. All\u2019art. 30 comma 2 si prevede che: in alternativa ai risarcimenti per equivalente, \u00e8 facolt\u00e0 delle compagnie offrire, nel caso di danni a cose, il risarcimento in forma specifica. In questo caso, se il risarcimento \u00e8 accompagnato da idonea garanzia sulle riparazioni, di validit\u00e0 non inferiore ai due anni per tutte le parti non soggette a usura ordinaria, il risarcimento per equivalente \u00e8 ridotto del 30%.<br \/>\n\u201cQuesto significa che i consumatori \u2013 sostiene Maurizio Ranon direttore dell\u2019A.P.P.I.A. \u2013 solo teoricamente saranno liberi di scegliere tra il risarcimento in forma specifica cio\u00e8 la riparazione gratuita dell\u2019auto attraverso officine convenzionate con le compagnie di assicurazione oppure il risarcimento per equivalente che consiste nel rimborso del danno dalla propria compagnia di assicurazione visto che questa seconda possibilit\u00e0 verr\u00e0 penalizzata con una riduzione del 30% del costo sopportato per la riparazione.\u201d<br \/>\nSi tratta di una alterazione evidente della libera concorrenza nel mercato dell\u2019autoriparazione: le officine convenzionate con le assicurazioni sono sempre esistite ma ora, se il decreto dovesse essere approvato, l\u2019automobilista non potrebbe pi\u00f9 scegliere di farsi riparare l\u2019auto da chi vuole a meno che non decida di rimetterci di tasca propria il 30% di quanto gli \u00e8 dovuto.<br \/>\nEvidente, conclude Ranon, il danno che le imprese di autoriparazione indipendenti avrebbero rispetto a quelle convenzionate ed altrettanto palese il venir meno della libera scelta del consumatore anche se una recente sentenza della Corte Costituzionale afferma che il risarcimento diretto, al cui interno si colloca il risarcimento in forma specifica, \u00e8 facoltativo e non pu\u00f2 essere obbligatorio. Scontato quindi, nei prossimi giorni, un forte impegno degli autoriparatori per far valere le loro ragioni e per modificare il testo del decreto.<\/p>\n<p>&nbsp;<\/p>","protected":false},"excerpt":{"rendered":"<p>Dura presa di posizione dei carrozzieri artigiani rispetto al decreto liberalizzazioni emanato dal Governo Monti che riguarda le norme sul risarcimento dei danni. All\u2019art. 30 comma 2 si prevede che: in alternativa ai risarcimenti per equivalente, \u00e8 facolt\u00e0 delle compagnie offrire, nel caso di danni a cose, il risarcimento in forma specifica. In questo caso, [&hellip;]<\/p>\n","protected":false},"author":2,"featured_media":0,"comment_status":"closed","ping_status":"open","sticky":false,"template":"","format":"standard","meta":{"footnotes":""},"categories":[36,26],"tags":[],"class_list":["post-34447","post","type-post","status-publish","format-standard","category-lavoro-economia","category-prima-pagina"],"yoast_head":"<!-- This site is optimized with the Yoast SEO plugin v28.4 - https:\/\/yoast.com\/product\/yoast-seo-wordpress\/ -->\n<title>Consumatori e riparatori penalizzati dalle nuove norme sul risarcimento danni. Ranon: &quot;evidente il danno che le imprese di autoriparazione indipendenti avrebbero rispetto a quelle convenzionate&quot; - Bellunopress - Dolomiti<\/title>\n<meta name=\"robots\" content=\"index, follow, max-snippet:-1, max-image-preview:large, max-video-preview:-1\" \/>\n<link rel=\"canonical\" href=\"https:\/\/www.bellunopress.it\/fr\/2012\/01\/25\/consumatori-e-riparatori-penalizzati-dalle-nuove-norme-sul-risarcimento-danni-ranon-evidente-il-danno-che-le-imprese-di-autoriparazione-indipendenti-avrebbero-rispetto-a-quelle-convenzionate\/\" \/>\n<meta property=\"og:locale\" content=\"fr_FR\" \/>\n<meta property=\"og:type\" content=\"article\" \/>\n<meta property=\"og:title\" content=\"Consumatori e riparatori penalizzati dalle nuove norme sul risarcimento danni. Ranon: &quot;evidente il danno che le imprese di autoriparazione indipendenti avrebbero rispetto a quelle convenzionate&quot; - Bellunopress - Dolomiti\" \/>\n<meta property=\"og:description\" content=\"Dura presa di posizione dei carrozzieri artigiani rispetto al decreto liberalizzazioni emanato dal Governo Monti che riguarda le norme sul risarcimento dei danni. All\u2019art. 30 comma 2 si prevede che: in alternativa ai risarcimenti per equivalente, \u00e8 facolt\u00e0 delle compagnie offrire, nel caso di danni a cose, il risarcimento in forma specifica. In questo caso, [&hellip;]\" \/>\n<meta property=\"og:url\" content=\"https:\/\/www.bellunopress.it\/fr\/2012\/01\/25\/consumatori-e-riparatori-penalizzati-dalle-nuove-norme-sul-risarcimento-danni-ranon-evidente-il-danno-che-le-imprese-di-autoriparazione-indipendenti-avrebbero-rispetto-a-quelle-convenzionate\/\" \/>\n<meta property=\"og:site_name\" content=\"Bellunopress - Dolomiti\" \/>\n<meta property=\"article:publisher\" content=\"https:\/\/www.facebook.com\/profile.php?id=100008943462799\" \/>\n<meta property=\"article:published_time\" content=\"2012-01-25T08:05:05+00:00\" \/>\n<meta property=\"og:image\" content=\"http:\/\/www.bellunopress.it\/wp-content\/uploads\/2009\/09\/maurizio-ranon.jpg\" \/>\n<meta name=\"author\" content=\"redazione\" \/>\n<meta name=\"twitter:card\" content=\"summary_large_image\" \/>\n<meta name=\"twitter:creator\" content=\"@bellunopress\" \/>\n<meta name=\"twitter:site\" content=\"@bellunopress\" \/>\n<meta name=\"twitter:label1\" content=\"\u00c9crit par\" \/>\n\t<meta name=\"twitter:data1\" content=\"redazione\" \/>\n\t<meta name=\"twitter:label2\" content=\"Dur\u00e9e de lecture estim\u00e9e\" \/>\n\t<meta name=\"twitter:data2\" content=\"2 minutes\" \/>\n<script type=\"application\/ld+json\" class=\"yoast-schema-graph\">{\"@context\":\"https:\\\/\\\/schema.org\",\"@graph\":[{\"@type\":\"Article\",\"@id\":\"https:\\\/\\\/www.bellunopress.it\\\/2012\\\/01\\\/25\\\/consumatori-e-riparatori-penalizzati-dalle-nuove-norme-sul-risarcimento-danni-ranon-evidente-il-danno-che-le-imprese-di-autoriparazione-indipendenti-avrebbero-rispetto-a-quelle-convenzionate\\\/#article\",\"isPartOf\":{\"@id\":\"https:\\\/\\\/www.bellunopress.it\\\/2012\\\/01\\\/25\\\/consumatori-e-riparatori-penalizzati-dalle-nuove-norme-sul-risarcimento-danni-ranon-evidente-il-danno-che-le-imprese-di-autoriparazione-indipendenti-avrebbero-rispetto-a-quelle-convenzionate\\\/\"},\"author\":{\"name\":\"redazione\",\"@id\":\"https:\\\/\\\/www.bellunopress.it\\\/#\\\/schema\\\/person\\\/79bb06722b37ece1c03d3e94beb30d73\"},\"headline\":\"Consumatori e riparatori penalizzati dalle nuove norme sul risarcimento danni. Ranon: &#8220;evidente il danno che le imprese di autoriparazione indipendenti avrebbero rispetto a quelle convenzionate&#8221;\",\"datePublished\":\"2012-01-25T08:05:05+00:00\",\"mainEntityOfPage\":{\"@id\":\"https:\\\/\\\/www.bellunopress.it\\\/2012\\\/01\\\/25\\\/consumatori-e-riparatori-penalizzati-dalle-nuove-norme-sul-risarcimento-danni-ranon-evidente-il-danno-che-le-imprese-di-autoriparazione-indipendenti-avrebbero-rispetto-a-quelle-convenzionate\\\/\"},\"wordCount\":334,\"publisher\":{\"@id\":\"https:\\\/\\\/www.bellunopress.it\\\/#organization\"},\"image\":{\"@id\":\"https:\\\/\\\/www.bellunopress.it\\\/2012\\\/01\\\/25\\\/consumatori-e-riparatori-penalizzati-dalle-nuove-norme-sul-risarcimento-danni-ranon-evidente-il-danno-che-le-imprese-di-autoriparazione-indipendenti-avrebbero-rispetto-a-quelle-convenzionate\\\/#primaryimage\"},\"thumbnailUrl\":\"http:\\\/\\\/www.bellunopress.it\\\/wp-content\\\/uploads\\\/2009\\\/09\\\/maurizio-ranon.jpg\",\"articleSection\":[\"Lavoro, Economia, Turismo\",\"Prima Pagina\"],\"inLanguage\":\"fr-FR\"},{\"@type\":\"WebPage\",\"@id\":\"https:\\\/\\\/www.bellunopress.it\\\/2012\\\/01\\\/25\\\/consumatori-e-riparatori-penalizzati-dalle-nuove-norme-sul-risarcimento-danni-ranon-evidente-il-danno-che-le-imprese-di-autoriparazione-indipendenti-avrebbero-rispetto-a-quelle-convenzionate\\\/\",\"url\":\"https:\\\/\\\/www.bellunopress.it\\\/2012\\\/01\\\/25\\\/consumatori-e-riparatori-penalizzati-dalle-nuove-norme-sul-risarcimento-danni-ranon-evidente-il-danno-che-le-imprese-di-autoriparazione-indipendenti-avrebbero-rispetto-a-quelle-convenzionate\\\/\",\"name\":\"Consumatori e riparatori penalizzati dalle nuove norme sul risarcimento danni. Ranon: \\\"evidente il danno che le imprese di autoriparazione indipendenti avrebbero rispetto a quelle convenzionate\\\" - Bellunopress - Dolomiti\",\"isPartOf\":{\"@id\":\"https:\\\/\\\/www.bellunopress.it\\\/#website\"},\"primaryImageOfPage\":{\"@id\":\"https:\\\/\\\/www.bellunopress.it\\\/2012\\\/01\\\/25\\\/consumatori-e-riparatori-penalizzati-dalle-nuove-norme-sul-risarcimento-danni-ranon-evidente-il-danno-che-le-imprese-di-autoriparazione-indipendenti-avrebbero-rispetto-a-quelle-convenzionate\\\/#primaryimage\"},\"image\":{\"@id\":\"https:\\\/\\\/www.bellunopress.it\\\/2012\\\/01\\\/25\\\/consumatori-e-riparatori-penalizzati-dalle-nuove-norme-sul-risarcimento-danni-ranon-evidente-il-danno-che-le-imprese-di-autoriparazione-indipendenti-avrebbero-rispetto-a-quelle-convenzionate\\\/#primaryimage\"},\"thumbnailUrl\":\"http:\\\/\\\/www.bellunopress.it\\\/wp-content\\\/uploads\\\/2009\\\/09\\\/maurizio-ranon.jpg\",\"datePublished\":\"2012-01-25T08:05:05+00:00\",\"breadcrumb\":{\"@id\":\"https:\\\/\\\/www.bellunopress.it\\\/2012\\\/01\\\/25\\\/consumatori-e-riparatori-penalizzati-dalle-nuove-norme-sul-risarcimento-danni-ranon-evidente-il-danno-che-le-imprese-di-autoriparazione-indipendenti-avrebbero-rispetto-a-quelle-convenzionate\\\/#breadcrumb\"},\"inLanguage\":\"fr-FR\",\"potentialAction\":[{\"@type\":\"ReadAction\",\"target\":[\"https:\\\/\\\/www.bellunopress.it\\\/2012\\\/01\\\/25\\\/consumatori-e-riparatori-penalizzati-dalle-nuove-norme-sul-risarcimento-danni-ranon-evidente-il-danno-che-le-imprese-di-autoriparazione-indipendenti-avrebbero-rispetto-a-quelle-convenzionate\\\/\"]}]},{\"@type\":\"ImageObject\",\"inLanguage\":\"fr-FR\",\"@id\":\"https:\\\/\\\/www.bellunopress.it\\\/2012\\\/01\\\/25\\\/consumatori-e-riparatori-penalizzati-dalle-nuove-norme-sul-risarcimento-danni-ranon-evidente-il-danno-che-le-imprese-di-autoriparazione-indipendenti-avrebbero-rispetto-a-quelle-convenzionate\\\/#primaryimage\",\"url\":\"http:\\\/\\\/www.bellunopress.it\\\/wp-content\\\/uploads\\\/2009\\\/09\\\/maurizio-ranon.jpg\",\"contentUrl\":\"http:\\\/\\\/www.bellunopress.it\\\/wp-content\\\/uploads\\\/2009\\\/09\\\/maurizio-ranon.jpg\"},{\"@type\":\"BreadcrumbList\",\"@id\":\"https:\\\/\\\/www.bellunopress.it\\\/2012\\\/01\\\/25\\\/consumatori-e-riparatori-penalizzati-dalle-nuove-norme-sul-risarcimento-danni-ranon-evidente-il-danno-che-le-imprese-di-autoriparazione-indipendenti-avrebbero-rispetto-a-quelle-convenzionate\\\/#breadcrumb\",\"itemListElement\":[{\"@type\":\"ListItem\",\"position\":1,\"name\":\"Home\",\"item\":\"https:\\\/\\\/www.bellunopress.it\\\/\"},{\"@type\":\"ListItem\",\"position\":2,\"name\":\"Consumatori e riparatori penalizzati dalle nuove norme sul risarcimento danni. Ranon: &#8220;evidente il danno che le imprese di autoriparazione indipendenti avrebbero rispetto a quelle convenzionate&#8221;\"}]},{\"@type\":\"WebSite\",\"@id\":\"https:\\\/\\\/www.bellunopress.it\\\/#website\",\"url\":\"https:\\\/\\\/www.bellunopress.it\\\/\",\"name\":\"Bellunopress - Dolomiti\",\"description\":\"e-mail: redazione@bellunopress.it\",\"publisher\":{\"@id\":\"https:\\\/\\\/www.bellunopress.it\\\/#organization\"},\"potentialAction\":[{\"@type\":\"SearchAction\",\"target\":{\"@type\":\"EntryPoint\",\"urlTemplate\":\"https:\\\/\\\/www.bellunopress.it\\\/?s={search_term_string}\"},\"query-input\":{\"@type\":\"PropertyValueSpecification\",\"valueRequired\":true,\"valueName\":\"search_term_string\"}}],\"inLanguage\":\"fr-FR\"},{\"@type\":\"Organization\",\"@id\":\"https:\\\/\\\/www.bellunopress.it\\\/#organization\",\"name\":\"Bellunopress\",\"url\":\"https:\\\/\\\/www.bellunopress.it\\\/\",\"logo\":{\"@type\":\"ImageObject\",\"inLanguage\":\"fr-FR\",\"@id\":\"https:\\\/\\\/www.bellunopress.it\\\/#\\\/schema\\\/logo\\\/image\\\/\",\"url\":\"https:\\\/\\\/www.bellunopress.it\\\/wp-content\\\/uploads\\\/2011\\\/05\\\/cropped-logo-bellunopress-.jpg\",\"contentUrl\":\"https:\\\/\\\/www.bellunopress.it\\\/wp-content\\\/uploads\\\/2011\\\/05\\\/cropped-logo-bellunopress-.jpg\",\"width\":512,\"height\":512,\"caption\":\"Bellunopress\"},\"image\":{\"@id\":\"https:\\\/\\\/www.bellunopress.it\\\/#\\\/schema\\\/logo\\\/image\\\/\"},\"sameAs\":[\"https:\\\/\\\/www.facebook.com\\\/profile.php?id=100008943462799\",\"https:\\\/\\\/x.com\\\/bellunopress\",\"https:\\\/\\\/www.linkedin.com\\\/hp\\\/?dnr=JBzUWaJfMUw8vbXJJ2tVW5-I3jZKvC4wsoxE&amp;amp;amp;amp;amp;amp;trk=nav_responsive_tab_home\",\"https:\\\/\\\/www.youtube.com\\\/channel\\\/UCxL0wu1uN0_3_7hGG0306cw\"]},{\"@type\":\"Person\",\"@id\":\"https:\\\/\\\/www.bellunopress.it\\\/#\\\/schema\\\/person\\\/79bb06722b37ece1c03d3e94beb30d73\",\"name\":\"redazione\",\"image\":{\"@type\":\"ImageObject\",\"inLanguage\":\"fr-FR\",\"@id\":\"https:\\\/\\\/secure.gravatar.com\\\/avatar\\\/37d968a2e67a6fd04c169c4bdef102d0bc5d31b2546345219e348575eb80e9a0?s=96&d=mm&r=g\",\"url\":\"https:\\\/\\\/secure.gravatar.com\\\/avatar\\\/37d968a2e67a6fd04c169c4bdef102d0bc5d31b2546345219e348575eb80e9a0?s=96&d=mm&r=g\",\"contentUrl\":\"https:\\\/\\\/secure.gravatar.com\\\/avatar\\\/37d968a2e67a6fd04c169c4bdef102d0bc5d31b2546345219e348575eb80e9a0?s=96&d=mm&r=g\",\"caption\":\"redazione\"},\"sameAs\":[\"http:\\\/\\\/www.bellunopress.it\",\"https:\\\/\\\/x.com\\\/bellunopress\"],\"url\":\"https:\\\/\\\/www.bellunopress.it\\\/fr\\\/author\\\/redazione\\\/\"}]}<\/script>\n<!-- \/ Yoast SEO plugin. -->","yoast_head_json":{"title":"Consumatori e riparatori penalizzati dalle nuove norme sul risarcimento danni. Ranon: \"evidente il danno che le imprese di autoriparazione indipendenti avrebbero rispetto a quelle convenzionate\" - Bellunopress - Dolomiti","robots":{"index":"index","follow":"follow","max-snippet":"max-snippet:-1","max-image-preview":"max-image-preview:large","max-video-preview":"max-video-preview:-1"},"canonical":"https:\/\/www.bellunopress.it\/fr\/2012\/01\/25\/consumatori-e-riparatori-penalizzati-dalle-nuove-norme-sul-risarcimento-danni-ranon-evidente-il-danno-che-le-imprese-di-autoriparazione-indipendenti-avrebbero-rispetto-a-quelle-convenzionate\/","og_locale":"fr_FR","og_type":"article","og_title":"Consumatori e riparatori penalizzati dalle nuove norme sul risarcimento danni. Ranon: \"evidente il danno che le imprese di autoriparazione indipendenti avrebbero rispetto a quelle convenzionate\" - Bellunopress - Dolomiti","og_description":"Dura presa di posizione dei carrozzieri artigiani rispetto al decreto liberalizzazioni emanato dal Governo Monti che riguarda le norme sul risarcimento dei danni. All\u2019art. 30 comma 2 si prevede che: in alternativa ai risarcimenti per equivalente, \u00e8 facolt\u00e0 delle compagnie offrire, nel caso di danni a cose, il risarcimento in forma specifica. In questo caso, [&hellip;]","og_url":"https:\/\/www.bellunopress.it\/fr\/2012\/01\/25\/consumatori-e-riparatori-penalizzati-dalle-nuove-norme-sul-risarcimento-danni-ranon-evidente-il-danno-che-le-imprese-di-autoriparazione-indipendenti-avrebbero-rispetto-a-quelle-convenzionate\/","og_site_name":"Bellunopress - Dolomiti","article_publisher":"https:\/\/www.facebook.com\/profile.php?id=100008943462799","article_published_time":"2012-01-25T08:05:05+00:00","og_image":[{"url":"http:\/\/www.bellunopress.it\/wp-content\/uploads\/2009\/09\/maurizio-ranon.jpg","type":"","width":"","height":""}],"author":"redazione","twitter_card":"summary_large_image","twitter_creator":"@bellunopress","twitter_site":"@bellunopress","twitter_misc":{"\u00c9crit par":"redazione","Dur\u00e9e de lecture estim\u00e9e":"2 minutes"},"schema":{"@context":"https:\/\/schema.org","@graph":[{"@type":"Article","@id":"https:\/\/www.bellunopress.it\/2012\/01\/25\/consumatori-e-riparatori-penalizzati-dalle-nuove-norme-sul-risarcimento-danni-ranon-evidente-il-danno-che-le-imprese-di-autoriparazione-indipendenti-avrebbero-rispetto-a-quelle-convenzionate\/#article","isPartOf":{"@id":"https:\/\/www.bellunopress.it\/2012\/01\/25\/consumatori-e-riparatori-penalizzati-dalle-nuove-norme-sul-risarcimento-danni-ranon-evidente-il-danno-che-le-imprese-di-autoriparazione-indipendenti-avrebbero-rispetto-a-quelle-convenzionate\/"},"author":{"name":"redazione","@id":"https:\/\/www.bellunopress.it\/#\/schema\/person\/79bb06722b37ece1c03d3e94beb30d73"},"headline":"Consumatori e riparatori penalizzati dalle nuove norme sul risarcimento danni. Ranon: &#8220;evidente il danno che le imprese di autoriparazione indipendenti avrebbero rispetto a quelle convenzionate&#8221;","datePublished":"2012-01-25T08:05:05+00:00","mainEntityOfPage":{"@id":"https:\/\/www.bellunopress.it\/2012\/01\/25\/consumatori-e-riparatori-penalizzati-dalle-nuove-norme-sul-risarcimento-danni-ranon-evidente-il-danno-che-le-imprese-di-autoriparazione-indipendenti-avrebbero-rispetto-a-quelle-convenzionate\/"},"wordCount":334,"publisher":{"@id":"https:\/\/www.bellunopress.it\/#organization"},"image":{"@id":"https:\/\/www.bellunopress.it\/2012\/01\/25\/consumatori-e-riparatori-penalizzati-dalle-nuove-norme-sul-risarcimento-danni-ranon-evidente-il-danno-che-le-imprese-di-autoriparazione-indipendenti-avrebbero-rispetto-a-quelle-convenzionate\/#primaryimage"},"thumbnailUrl":"http:\/\/www.bellunopress.it\/wp-content\/uploads\/2009\/09\/maurizio-ranon.jpg","articleSection":["Lavoro, Economia, Turismo","Prima Pagina"],"inLanguage":"fr-FR"},{"@type":"WebPage","@id":"https:\/\/www.bellunopress.it\/2012\/01\/25\/consumatori-e-riparatori-penalizzati-dalle-nuove-norme-sul-risarcimento-danni-ranon-evidente-il-danno-che-le-imprese-di-autoriparazione-indipendenti-avrebbero-rispetto-a-quelle-convenzionate\/","url":"https:\/\/www.bellunopress.it\/2012\/01\/25\/consumatori-e-riparatori-penalizzati-dalle-nuove-norme-sul-risarcimento-danni-ranon-evidente-il-danno-che-le-imprese-di-autoriparazione-indipendenti-avrebbero-rispetto-a-quelle-convenzionate\/","name":"Consumatori e riparatori penalizzati dalle nuove norme sul risarcimento danni. Ranon: \"evidente il danno che le imprese di autoriparazione indipendenti avrebbero rispetto a quelle convenzionate\" - Bellunopress - Dolomiti","isPartOf":{"@id":"https:\/\/www.bellunopress.it\/#website"},"primaryImageOfPage":{"@id":"https:\/\/www.bellunopress.it\/2012\/01\/25\/consumatori-e-riparatori-penalizzati-dalle-nuove-norme-sul-risarcimento-danni-ranon-evidente-il-danno-che-le-imprese-di-autoriparazione-indipendenti-avrebbero-rispetto-a-quelle-convenzionate\/#primaryimage"},"image":{"@id":"https:\/\/www.bellunopress.it\/2012\/01\/25\/consumatori-e-riparatori-penalizzati-dalle-nuove-norme-sul-risarcimento-danni-ranon-evidente-il-danno-che-le-imprese-di-autoriparazione-indipendenti-avrebbero-rispetto-a-quelle-convenzionate\/#primaryimage"},"thumbnailUrl":"http:\/\/www.bellunopress.it\/wp-content\/uploads\/2009\/09\/maurizio-ranon.jpg","datePublished":"2012-01-25T08:05:05+00:00","breadcrumb":{"@id":"https:\/\/www.bellunopress.it\/2012\/01\/25\/consumatori-e-riparatori-penalizzati-dalle-nuove-norme-sul-risarcimento-danni-ranon-evidente-il-danno-che-le-imprese-di-autoriparazione-indipendenti-avrebbero-rispetto-a-quelle-convenzionate\/#breadcrumb"},"inLanguage":"fr-FR","potentialAction":[{"@type":"ReadAction","target":["https:\/\/www.bellunopress.it\/2012\/01\/25\/consumatori-e-riparatori-penalizzati-dalle-nuove-norme-sul-risarcimento-danni-ranon-evidente-il-danno-che-le-imprese-di-autoriparazione-indipendenti-avrebbero-rispetto-a-quelle-convenzionate\/"]}]},{"@type":"ImageObject","inLanguage":"fr-FR","@id":"https:\/\/www.bellunopress.it\/2012\/01\/25\/consumatori-e-riparatori-penalizzati-dalle-nuove-norme-sul-risarcimento-danni-ranon-evidente-il-danno-che-le-imprese-di-autoriparazione-indipendenti-avrebbero-rispetto-a-quelle-convenzionate\/#primaryimage","url":"http:\/\/www.bellunopress.it\/wp-content\/uploads\/2009\/09\/maurizio-ranon.jpg","contentUrl":"http:\/\/www.bellunopress.it\/wp-content\/uploads\/2009\/09\/maurizio-ranon.jpg"},{"@type":"BreadcrumbList","@id":"https:\/\/www.bellunopress.it\/2012\/01\/25\/consumatori-e-riparatori-penalizzati-dalle-nuove-norme-sul-risarcimento-danni-ranon-evidente-il-danno-che-le-imprese-di-autoriparazione-indipendenti-avrebbero-rispetto-a-quelle-convenzionate\/#breadcrumb","itemListElement":[{"@type":"ListItem","position":1,"name":"Home","item":"https:\/\/www.bellunopress.it\/"},{"@type":"ListItem","position":2,"name":"Consumatori e riparatori penalizzati dalle nuove norme sul risarcimento danni. Ranon: &#8220;evidente il danno che le imprese di autoriparazione indipendenti avrebbero rispetto a quelle convenzionate&#8221;"}]},{"@type":"WebSite","@id":"https:\/\/www.bellunopress.it\/#website","url":"https:\/\/www.bellunopress.it\/","name":"Bellunopress - Dolomiti","description":"e-mail: redazione@bellunopress.it","publisher":{"@id":"https:\/\/www.bellunopress.it\/#organization"},"potentialAction":[{"@type":"SearchAction","target":{"@type":"EntryPoint","urlTemplate":"https:\/\/www.bellunopress.it\/?s={search_term_string}"},"query-input":{"@type":"PropertyValueSpecification","valueRequired":true,"valueName":"search_term_string"}}],"inLanguage":"fr-FR"},{"@type":"Organization","@id":"https:\/\/www.bellunopress.it\/#organization","name":"Bellunopress","url":"https:\/\/www.bellunopress.it\/","logo":{"@type":"ImageObject","inLanguage":"fr-FR","@id":"https:\/\/www.bellunopress.it\/#\/schema\/logo\/image\/","url":"https:\/\/www.bellunopress.it\/wp-content\/uploads\/2011\/05\/cropped-logo-bellunopress-.jpg","contentUrl":"https:\/\/www.bellunopress.it\/wp-content\/uploads\/2011\/05\/cropped-logo-bellunopress-.jpg","width":512,"height":512,"caption":"Bellunopress"},"image":{"@id":"https:\/\/www.bellunopress.it\/#\/schema\/logo\/image\/"},"sameAs":["https:\/\/www.facebook.com\/profile.php?id=100008943462799","https:\/\/x.com\/bellunopress","https:\/\/www.linkedin.com\/hp\/?dnr=JBzUWaJfMUw8vbXJJ2tVW5-I3jZKvC4wsoxE&amp;amp;amp;amp;amp;amp;trk=nav_responsive_tab_home","https:\/\/www.youtube.com\/channel\/UCxL0wu1uN0_3_7hGG0306cw"]},{"@type":"Person","@id":"https:\/\/www.bellunopress.it\/#\/schema\/person\/79bb06722b37ece1c03d3e94beb30d73","name":"r\u00e9daction","image":{"@type":"ImageObject","inLanguage":"fr-FR","@id":"https:\/\/secure.gravatar.com\/avatar\/37d968a2e67a6fd04c169c4bdef102d0bc5d31b2546345219e348575eb80e9a0?s=96&d=mm&r=g","url":"https:\/\/secure.gravatar.com\/avatar\/37d968a2e67a6fd04c169c4bdef102d0bc5d31b2546345219e348575eb80e9a0?s=96&d=mm&r=g","contentUrl":"https:\/\/secure.gravatar.com\/avatar\/37d968a2e67a6fd04c169c4bdef102d0bc5d31b2546345219e348575eb80e9a0?s=96&d=mm&r=g","caption":"redazione"},"sameAs":["http:\/\/www.bellunopress.it","https:\/\/x.com\/bellunopress"],"url":"https:\/\/www.bellunopress.it\/fr\/author\/redazione\/"}]}},"_links":{"self":[{"href":"https:\/\/www.bellunopress.it\/fr\/wp-json\/wp\/v2\/posts\/34447","targetHints":{"allow":["GET"]}}],"collection":[{"href":"https:\/\/www.bellunopress.it\/fr\/wp-json\/wp\/v2\/posts"}],"about":[{"href":"https:\/\/www.bellunopress.it\/fr\/wp-json\/wp\/v2\/types\/post"}],"author":[{"embeddable":true,"href":"https:\/\/www.bellunopress.it\/fr\/wp-json\/wp\/v2\/users\/2"}],"replies":[{"embeddable":true,"href":"https:\/\/www.bellunopress.it\/fr\/wp-json\/wp\/v2\/comments?post=34447"}],"version-history":[{"count":1,"href":"https:\/\/www.bellunopress.it\/fr\/wp-json\/wp\/v2\/posts\/34447\/revisions"}],"predecessor-version":[{"id":34448,"href":"https:\/\/www.bellunopress.it\/fr\/wp-json\/wp\/v2\/posts\/34447\/revisions\/34448"}],"wp:attachment":[{"href":"https:\/\/www.bellunopress.it\/fr\/wp-json\/wp\/v2\/media?parent=34447"}],"wp:term":[{"taxonomy":"category","embeddable":true,"href":"https:\/\/www.bellunopress.it\/fr\/wp-json\/wp\/v2\/categories?post=34447"},{"taxonomy":"post_tag","embeddable":true,"href":"https:\/\/www.bellunopress.it\/fr\/wp-json\/wp\/v2\/tags?post=34447"}],"curies":[{"name":"wp","href":"https:\/\/api.w.org\/{rel}","templated":true}]}}