{"id":34445,"date":"2012-01-24T21:43:10","date_gmt":"2012-01-24T20:43:10","guid":{"rendered":"http:\/\/www.bellunopress.it\/?p=34445"},"modified":"2012-01-24T21:43:10","modified_gmt":"2012-01-24T20:43:10","slug":"polveri-sottili-sforamento-dei-limiti-gli-interventi-attuati-dallamministrazione-di-feltre","status":"publish","type":"post","link":"https:\/\/www.bellunopress.it\/fr\/2012\/01\/24\/polveri-sottili-sforamento-dei-limiti-gli-interventi-attuati-dallamministrazione-di-feltre\/","title":{"rendered":"Polveri sottili, sforamento dei limiti: gli interventi attuati dall&#8217;amministrazione di Feltre"},"content":{"rendered":"<figure id=\"attachment_7144\" aria-describedby=\"caption-attachment-7144\" style=\"width: 130px\" class=\"wp-caption alignleft\"><a href=\"http:\/\/www.bellunopress.it\/wp-content\/uploads\/2009\/08\/raffaele-riposi-assessore-feltre.jpg\"><img loading=\"lazy\" decoding=\"async\" class=\"size-full wp-image-7144\" title=\"raffaele-riposi-assessore-feltre\" src=\"http:\/\/www.bellunopress.it\/wp-content\/uploads\/2009\/08\/raffaele-riposi-assessore-feltre.jpg\" alt=\"\" width=\"130\" height=\"98\" \/><\/a><figcaption id=\"caption-attachment-7144\" class=\"wp-caption-text\">Raffaele Riposi<\/figcaption><\/figure>\n<p>Il superamento dei livelli di inquinamento delle polveri sottili degli ultimi giorni \u00e8 presumibilmente dovuto alle particolari condizioni delle instabilit\u00e0 atmosferica. &#8211; Lo scrive in una nota l&#8217;assessore all&#8217;Ambiente del Comune di Feltre Raffaele Riposi &#8211; \u00a0La perdurante mancanza di precipitazioni nelle ultime settimane, associata ai fenomeni consueti di inversione termica ha determinato l&#8217; accumulo degli inquinanti con una crescita dei valori particolarmente da inizio anno. Analizzando anche i dati delle stazioni di rilevamento di Belluno citt\u00e0 e di Pieve d&#8217;Alpago si riscontra un andamento similare, seppur con valori pi\u00f9 bassi, rispetto all&#8217; \u201cArea Feltrina\u201d. Ci\u00f2 a comprova anche della posizione particolare della vallata Feltrina che \u00e8 caratterizzata da calma di vento e ad inversioni termiche nonch\u00e9 da una orografia angusta. Provvedimenti quali la riduzione o il blocco del traffico nell&#8217;intero comune di Feltre, considerando che alla qualit\u00e0 dell&#8217;aria in una zona concorrono anche tutti i Comuni della Val Belluna, potrebbe portare ad una riduzione solo di alcuni punti percentuali del carico di polveri sottili nell&#8217;area feltrina. Nella primavera 2010 \u00e8 stata fatta dal Comune di Feltre un&#8217;indagine sul sistema di riscaldamento utilizzato nelle famiglie, tramite la compilazione di un questionario sottoscritto, che ha evidenziato che ormai la principale fonte di riscaldamento \u00e8 il metano, non \u00e8 pi\u00f9 la legna. La Giunta Municipale ha approvato a marzo 2011 la revisione del Piano d&#8217;Azione finalizzato alla riduzione degli inquinanti in atmosfera, recepita dalla Provincia di Belluno.<\/p>\n<p>Nel Piano &#8211; prosegue la nota dell&#8217;assessore Riposi &#8211;\u00a0\u00a0sono contenute delle azioni a breve e medio\/lungo termine, che l&#8217;Amministrazione si prefigge di attuare per ridurre l&#8217;inquinamento atmosferico e, tra le pi\u00f9 significative si elencano: 1. E&#8217; stata confermata la limitazione al traffico veicolare nelle giornate del marted\u00ec mattina e della domenica pomeriggio nel centro citt\u00e0; via Valentine (sabato e domenica pomeriggio) dalla seconda settimana di marzo e fino all&#8217;ultimo sabato e domenica di ottobre. 2. Limitazione del traffico veicolare in centro citt\u00e0 e precisamente: &#8211; divieto di transito all&#8217;interno del centro cittadino ai veicoli individuati EURO 0. I veicoli ad EURO 0 alimentati a benzina inquinano circa il doppio rispetto ai veicoli EURO 5 a benzina, mentre quelli a diesel pi\u00f9 di 5 volte. Mentre gli ERURO 1 a benzina emettono poco di pi\u00f9 rispetto ai veicoli pi\u00f9 recenti; EURO 1 incidono pi\u00f9 del doppio sugli EURO pi\u00f9 recenti. &#8211; Sono stati organizzati idonei controlli da parte della Polizia Locale sul rispetto delle norme sul \u201cBollino blu\u201d. &#8211; deviazione del traffico pesante e precisamente di tutti i veicoli con portata a pieno carico superiore alle 7,5 t. lungo la SS 50 VAR\/bis; 3. E&#8217; in corso un programma di razionalizzazione del trasporto pubblico in citt\u00e0 in termini di efficacia (orari e frequenza) e di efficienza in termini di riduzione delle emissioni dei mezzi. 4. E&#8217; stata riconfermata l&#8217;ordinanza di divieto di accensione fuochi, valida dall&#8217;1 novembre 2011 al 31 marzo 2012 5. E&#8217; stata fatta pubblicit\u00e0, anche tramite internet e comunicato stampa, per l&#8217;effettuazione della pulizia periodica dei camini degli impianti di riscaldamento, siano essi a metano o a legna o ad altro combustibile. Il Comune ha sensibilizzato l&#8217;utenza sui programmi promossi dalla Provincia per la manutenzione delle caldaie. E&#8217; stato pubblicizzato nel territorio, come progetto in collaborazione con la Provincia di Belluno, il bando per la rottamazione delle stufe a fuoco continuo, a legna, delle caldaie a gas non ad alta efficienza e di quelle a gasolio con conversione a gas. Il bando si \u00e8 chiuso a novembre 2011 con l&#8217;esaurimento del fondo di \u20ac 207.000: i contributi sono stati 470. E&#8217; probabile che venga riproposto anche per il 2012.<\/p>\n<p>6. Gli Uffici comunali stanno revisionando il regolamento urbanistico implementandolo con norme sul risparmio energetico. 7. Continua il progetto \u201cC&#8217;entro in bici\u201d per la mobilit\u00e0 cittadina tramite 24 biciclette messe a disposizione gratuitamente dal Comune. Gi\u00e0 nel 2011 l&#8217;Assessorato all&#8217;Ambiente del Comune si \u00e8 attivato per coinvolgere i Comuni limitrofi attraverso conferenze di servizio per sensibilizzare le Amministrazioni sul problema dell&#8217;inquinamento atmosferico e all&#8217;adozione eventuale di iniziative da intraprendersi congiuntamente.<\/p>\n<p>Per domani, 25 gennaio 2012 \u00e8 infatti in programma un Tavolo Tecnico Zonale avente per oggetto il \u201cPiano Regionale di Tutela e risanamento dell&#8217;Atmosfera\u201d, che vedr\u00e0 partecipi, non solo le Amministrazioni comunali, ma anche l&#8217;ARPAV e le ULSS del bellunese.<\/p>","protected":false},"excerpt":{"rendered":"<p>Il superamento dei livelli di inquinamento delle polveri sottili degli ultimi giorni \u00e8 presumibilmente dovuto alle particolari condizioni delle instabilit\u00e0 atmosferica. &#8211; Lo scrive in una nota l&#8217;assessore all&#8217;Ambiente del Comune di Feltre Raffaele Riposi &#8211; \u00a0La perdurante mancanza di precipitazioni nelle ultime settimane, associata ai fenomeni consueti di inversione termica ha determinato l&#8217; accumulo [&hellip;]<\/p>\n","protected":false},"author":2,"featured_media":0,"comment_status":"closed","ping_status":"open","sticky":false,"template":"","format":"standard","meta":{"footnotes":""},"categories":[5,38,26],"tags":[],"class_list":["post-34445","post","type-post","status-publish","format-standard","category-cronaca","category-natura-ambiente","category-prima-pagina"],"yoast_head":"<!-- This site is optimized with the Yoast SEO plugin v28.4 - https:\/\/yoast.com\/product\/yoast-seo-wordpress\/ -->\n<title>Polveri sottili, sforamento dei limiti: gli interventi attuati dall&#039;amministrazione di Feltre - Bellunopress - Dolomiti<\/title>\n<meta name=\"robots\" content=\"index, follow, max-snippet:-1, max-image-preview:large, max-video-preview:-1\" \/>\n<link rel=\"canonical\" href=\"https:\/\/www.bellunopress.it\/fr\/2012\/01\/24\/polveri-sottili-sforamento-dei-limiti-gli-interventi-attuati-dallamministrazione-di-feltre\/\" \/>\n<meta property=\"og:locale\" content=\"fr_FR\" \/>\n<meta property=\"og:type\" content=\"article\" \/>\n<meta property=\"og:title\" content=\"Polveri sottili, sforamento dei limiti: gli interventi attuati dall&#039;amministrazione di Feltre - Bellunopress - Dolomiti\" \/>\n<meta property=\"og:description\" content=\"Il superamento dei livelli di inquinamento delle polveri sottili degli ultimi giorni \u00e8 presumibilmente dovuto alle particolari condizioni delle instabilit\u00e0 atmosferica. &#8211; Lo scrive in una nota l&#8217;assessore all&#8217;Ambiente del Comune di Feltre Raffaele Riposi &#8211; \u00a0La perdurante mancanza di precipitazioni nelle ultime settimane, associata ai fenomeni consueti di inversione termica ha determinato l&#8217; accumulo [&hellip;]\" \/>\n<meta property=\"og:url\" content=\"https:\/\/www.bellunopress.it\/fr\/2012\/01\/24\/polveri-sottili-sforamento-dei-limiti-gli-interventi-attuati-dallamministrazione-di-feltre\/\" \/>\n<meta property=\"og:site_name\" content=\"Bellunopress - Dolomiti\" \/>\n<meta property=\"article:publisher\" content=\"https:\/\/www.facebook.com\/profile.php?id=100008943462799\" \/>\n<meta property=\"article:published_time\" content=\"2012-01-24T20:43:10+00:00\" \/>\n<meta property=\"og:image\" content=\"http:\/\/www.bellunopress.it\/wp-content\/uploads\/2009\/08\/raffaele-riposi-assessore-feltre.jpg\" \/>\n<meta name=\"author\" content=\"redazione\" \/>\n<meta name=\"twitter:card\" content=\"summary_large_image\" \/>\n<meta name=\"twitter:creator\" content=\"@bellunopress\" \/>\n<meta name=\"twitter:site\" content=\"@bellunopress\" \/>\n<meta name=\"twitter:label1\" content=\"\u00c9crit par\" \/>\n\t<meta name=\"twitter:data1\" content=\"redazione\" \/>\n\t<meta name=\"twitter:label2\" content=\"Dur\u00e9e de lecture estim\u00e9e\" \/>\n\t<meta name=\"twitter:data2\" content=\"3 minutes\" \/>\n<script type=\"application\/ld+json\" class=\"yoast-schema-graph\">{\"@context\":\"https:\\\/\\\/schema.org\",\"@graph\":[{\"@type\":\"Article\",\"@id\":\"https:\\\/\\\/www.bellunopress.it\\\/2012\\\/01\\\/24\\\/polveri-sottili-sforamento-dei-limiti-gli-interventi-attuati-dallamministrazione-di-feltre\\\/#article\",\"isPartOf\":{\"@id\":\"https:\\\/\\\/www.bellunopress.it\\\/2012\\\/01\\\/24\\\/polveri-sottili-sforamento-dei-limiti-gli-interventi-attuati-dallamministrazione-di-feltre\\\/\"},\"author\":{\"name\":\"redazione\",\"@id\":\"https:\\\/\\\/www.bellunopress.it\\\/#\\\/schema\\\/person\\\/79bb06722b37ece1c03d3e94beb30d73\"},\"headline\":\"Polveri sottili, sforamento dei limiti: gli interventi attuati dall&#8217;amministrazione di Feltre\",\"datePublished\":\"2012-01-24T20:43:10+00:00\",\"mainEntityOfPage\":{\"@id\":\"https:\\\/\\\/www.bellunopress.it\\\/2012\\\/01\\\/24\\\/polveri-sottili-sforamento-dei-limiti-gli-interventi-attuati-dallamministrazione-di-feltre\\\/\"},\"wordCount\":718,\"publisher\":{\"@id\":\"https:\\\/\\\/www.bellunopress.it\\\/#organization\"},\"image\":{\"@id\":\"https:\\\/\\\/www.bellunopress.it\\\/2012\\\/01\\\/24\\\/polveri-sottili-sforamento-dei-limiti-gli-interventi-attuati-dallamministrazione-di-feltre\\\/#primaryimage\"},\"thumbnailUrl\":\"http:\\\/\\\/www.bellunopress.it\\\/wp-content\\\/uploads\\\/2009\\\/08\\\/raffaele-riposi-assessore-feltre.jpg\",\"articleSection\":[\"Cronaca\\\/Politica\",\"Meteo, natura, ambiente, animali\",\"Prima Pagina\"],\"inLanguage\":\"fr-FR\"},{\"@type\":\"WebPage\",\"@id\":\"https:\\\/\\\/www.bellunopress.it\\\/2012\\\/01\\\/24\\\/polveri-sottili-sforamento-dei-limiti-gli-interventi-attuati-dallamministrazione-di-feltre\\\/\",\"url\":\"https:\\\/\\\/www.bellunopress.it\\\/2012\\\/01\\\/24\\\/polveri-sottili-sforamento-dei-limiti-gli-interventi-attuati-dallamministrazione-di-feltre\\\/\",\"name\":\"Polveri sottili, sforamento dei limiti: gli interventi attuati dall'amministrazione di Feltre - Bellunopress - Dolomiti\",\"isPartOf\":{\"@id\":\"https:\\\/\\\/www.bellunopress.it\\\/#website\"},\"primaryImageOfPage\":{\"@id\":\"https:\\\/\\\/www.bellunopress.it\\\/2012\\\/01\\\/24\\\/polveri-sottili-sforamento-dei-limiti-gli-interventi-attuati-dallamministrazione-di-feltre\\\/#primaryimage\"},\"image\":{\"@id\":\"https:\\\/\\\/www.bellunopress.it\\\/2012\\\/01\\\/24\\\/polveri-sottili-sforamento-dei-limiti-gli-interventi-attuati-dallamministrazione-di-feltre\\\/#primaryimage\"},\"thumbnailUrl\":\"http:\\\/\\\/www.bellunopress.it\\\/wp-content\\\/uploads\\\/2009\\\/08\\\/raffaele-riposi-assessore-feltre.jpg\",\"datePublished\":\"2012-01-24T20:43:10+00:00\",\"breadcrumb\":{\"@id\":\"https:\\\/\\\/www.bellunopress.it\\\/2012\\\/01\\\/24\\\/polveri-sottili-sforamento-dei-limiti-gli-interventi-attuati-dallamministrazione-di-feltre\\\/#breadcrumb\"},\"inLanguage\":\"fr-FR\",\"potentialAction\":[{\"@type\":\"ReadAction\",\"target\":[\"https:\\\/\\\/www.bellunopress.it\\\/2012\\\/01\\\/24\\\/polveri-sottili-sforamento-dei-limiti-gli-interventi-attuati-dallamministrazione-di-feltre\\\/\"]}]},{\"@type\":\"ImageObject\",\"inLanguage\":\"fr-FR\",\"@id\":\"https:\\\/\\\/www.bellunopress.it\\\/2012\\\/01\\\/24\\\/polveri-sottili-sforamento-dei-limiti-gli-interventi-attuati-dallamministrazione-di-feltre\\\/#primaryimage\",\"url\":\"http:\\\/\\\/www.bellunopress.it\\\/wp-content\\\/uploads\\\/2009\\\/08\\\/raffaele-riposi-assessore-feltre.jpg\",\"contentUrl\":\"http:\\\/\\\/www.bellunopress.it\\\/wp-content\\\/uploads\\\/2009\\\/08\\\/raffaele-riposi-assessore-feltre.jpg\"},{\"@type\":\"BreadcrumbList\",\"@id\":\"https:\\\/\\\/www.bellunopress.it\\\/2012\\\/01\\\/24\\\/polveri-sottili-sforamento-dei-limiti-gli-interventi-attuati-dallamministrazione-di-feltre\\\/#breadcrumb\",\"itemListElement\":[{\"@type\":\"ListItem\",\"position\":1,\"name\":\"Home\",\"item\":\"https:\\\/\\\/www.bellunopress.it\\\/\"},{\"@type\":\"ListItem\",\"position\":2,\"name\":\"Polveri sottili, sforamento dei limiti: gli interventi attuati dall&#8217;amministrazione di Feltre\"}]},{\"@type\":\"WebSite\",\"@id\":\"https:\\\/\\\/www.bellunopress.it\\\/#website\",\"url\":\"https:\\\/\\\/www.bellunopress.it\\\/\",\"name\":\"Bellunopress - Dolomiti\",\"description\":\"e-mail: redazione@bellunopress.it\",\"publisher\":{\"@id\":\"https:\\\/\\\/www.bellunopress.it\\\/#organization\"},\"potentialAction\":[{\"@type\":\"SearchAction\",\"target\":{\"@type\":\"EntryPoint\",\"urlTemplate\":\"https:\\\/\\\/www.bellunopress.it\\\/?s={search_term_string}\"},\"query-input\":{\"@type\":\"PropertyValueSpecification\",\"valueRequired\":true,\"valueName\":\"search_term_string\"}}],\"inLanguage\":\"fr-FR\"},{\"@type\":\"Organization\",\"@id\":\"https:\\\/\\\/www.bellunopress.it\\\/#organization\",\"name\":\"Bellunopress\",\"url\":\"https:\\\/\\\/www.bellunopress.it\\\/\",\"logo\":{\"@type\":\"ImageObject\",\"inLanguage\":\"fr-FR\",\"@id\":\"https:\\\/\\\/www.bellunopress.it\\\/#\\\/schema\\\/logo\\\/image\\\/\",\"url\":\"https:\\\/\\\/www.bellunopress.it\\\/wp-content\\\/uploads\\\/2011\\\/05\\\/cropped-logo-bellunopress-.jpg\",\"contentUrl\":\"https:\\\/\\\/www.bellunopress.it\\\/wp-content\\\/uploads\\\/2011\\\/05\\\/cropped-logo-bellunopress-.jpg\",\"width\":512,\"height\":512,\"caption\":\"Bellunopress\"},\"image\":{\"@id\":\"https:\\\/\\\/www.bellunopress.it\\\/#\\\/schema\\\/logo\\\/image\\\/\"},\"sameAs\":[\"https:\\\/\\\/www.facebook.com\\\/profile.php?id=100008943462799\",\"https:\\\/\\\/x.com\\\/bellunopress\",\"https:\\\/\\\/www.linkedin.com\\\/hp\\\/?dnr=JBzUWaJfMUw8vbXJJ2tVW5-I3jZKvC4wsoxE&amp;amp;amp;amp;amp;amp;trk=nav_responsive_tab_home\",\"https:\\\/\\\/www.youtube.com\\\/channel\\\/UCxL0wu1uN0_3_7hGG0306cw\"]},{\"@type\":\"Person\",\"@id\":\"https:\\\/\\\/www.bellunopress.it\\\/#\\\/schema\\\/person\\\/79bb06722b37ece1c03d3e94beb30d73\",\"name\":\"redazione\",\"image\":{\"@type\":\"ImageObject\",\"inLanguage\":\"fr-FR\",\"@id\":\"https:\\\/\\\/secure.gravatar.com\\\/avatar\\\/37d968a2e67a6fd04c169c4bdef102d0bc5d31b2546345219e348575eb80e9a0?s=96&d=mm&r=g\",\"url\":\"https:\\\/\\\/secure.gravatar.com\\\/avatar\\\/37d968a2e67a6fd04c169c4bdef102d0bc5d31b2546345219e348575eb80e9a0?s=96&d=mm&r=g\",\"contentUrl\":\"https:\\\/\\\/secure.gravatar.com\\\/avatar\\\/37d968a2e67a6fd04c169c4bdef102d0bc5d31b2546345219e348575eb80e9a0?s=96&d=mm&r=g\",\"caption\":\"redazione\"},\"sameAs\":[\"http:\\\/\\\/www.bellunopress.it\",\"https:\\\/\\\/x.com\\\/bellunopress\"],\"url\":\"https:\\\/\\\/www.bellunopress.it\\\/fr\\\/author\\\/redazione\\\/\"}]}<\/script>\n<!-- \/ Yoast SEO plugin. -->","yoast_head_json":{"title":"Polveri sottili, sforamento dei limiti: gli interventi attuati dall'amministrazione di Feltre - Bellunopress - Dolomiti","robots":{"index":"index","follow":"follow","max-snippet":"max-snippet:-1","max-image-preview":"max-image-preview:large","max-video-preview":"max-video-preview:-1"},"canonical":"https:\/\/www.bellunopress.it\/fr\/2012\/01\/24\/polveri-sottili-sforamento-dei-limiti-gli-interventi-attuati-dallamministrazione-di-feltre\/","og_locale":"fr_FR","og_type":"article","og_title":"Polveri sottili, sforamento dei limiti: gli interventi attuati dall'amministrazione di Feltre - Bellunopress - Dolomiti","og_description":"Il superamento dei livelli di inquinamento delle polveri sottili degli ultimi giorni \u00e8 presumibilmente dovuto alle particolari condizioni delle instabilit\u00e0 atmosferica. &#8211; Lo scrive in una nota l&#8217;assessore all&#8217;Ambiente del Comune di Feltre Raffaele Riposi &#8211; \u00a0La perdurante mancanza di precipitazioni nelle ultime settimane, associata ai fenomeni consueti di inversione termica ha determinato l&#8217; accumulo [&hellip;]","og_url":"https:\/\/www.bellunopress.it\/fr\/2012\/01\/24\/polveri-sottili-sforamento-dei-limiti-gli-interventi-attuati-dallamministrazione-di-feltre\/","og_site_name":"Bellunopress - Dolomiti","article_publisher":"https:\/\/www.facebook.com\/profile.php?id=100008943462799","article_published_time":"2012-01-24T20:43:10+00:00","og_image":[{"url":"http:\/\/www.bellunopress.it\/wp-content\/uploads\/2009\/08\/raffaele-riposi-assessore-feltre.jpg","type":"","width":"","height":""}],"author":"redazione","twitter_card":"summary_large_image","twitter_creator":"@bellunopress","twitter_site":"@bellunopress","twitter_misc":{"\u00c9crit par":"redazione","Dur\u00e9e de lecture estim\u00e9e":"3 minutes"},"schema":{"@context":"https:\/\/schema.org","@graph":[{"@type":"Article","@id":"https:\/\/www.bellunopress.it\/2012\/01\/24\/polveri-sottili-sforamento-dei-limiti-gli-interventi-attuati-dallamministrazione-di-feltre\/#article","isPartOf":{"@id":"https:\/\/www.bellunopress.it\/2012\/01\/24\/polveri-sottili-sforamento-dei-limiti-gli-interventi-attuati-dallamministrazione-di-feltre\/"},"author":{"name":"redazione","@id":"https:\/\/www.bellunopress.it\/#\/schema\/person\/79bb06722b37ece1c03d3e94beb30d73"},"headline":"Polveri sottili, sforamento dei limiti: gli interventi attuati dall&#8217;amministrazione di Feltre","datePublished":"2012-01-24T20:43:10+00:00","mainEntityOfPage":{"@id":"https:\/\/www.bellunopress.it\/2012\/01\/24\/polveri-sottili-sforamento-dei-limiti-gli-interventi-attuati-dallamministrazione-di-feltre\/"},"wordCount":718,"publisher":{"@id":"https:\/\/www.bellunopress.it\/#organization"},"image":{"@id":"https:\/\/www.bellunopress.it\/2012\/01\/24\/polveri-sottili-sforamento-dei-limiti-gli-interventi-attuati-dallamministrazione-di-feltre\/#primaryimage"},"thumbnailUrl":"http:\/\/www.bellunopress.it\/wp-content\/uploads\/2009\/08\/raffaele-riposi-assessore-feltre.jpg","articleSection":["Cronaca\/Politica","Meteo, natura, ambiente, animali","Prima Pagina"],"inLanguage":"fr-FR"},{"@type":"WebPage","@id":"https:\/\/www.bellunopress.it\/2012\/01\/24\/polveri-sottili-sforamento-dei-limiti-gli-interventi-attuati-dallamministrazione-di-feltre\/","url":"https:\/\/www.bellunopress.it\/2012\/01\/24\/polveri-sottili-sforamento-dei-limiti-gli-interventi-attuati-dallamministrazione-di-feltre\/","name":"Polveri sottili, sforamento dei limiti: gli interventi attuati dall'amministrazione di Feltre - Bellunopress - Dolomiti","isPartOf":{"@id":"https:\/\/www.bellunopress.it\/#website"},"primaryImageOfPage":{"@id":"https:\/\/www.bellunopress.it\/2012\/01\/24\/polveri-sottili-sforamento-dei-limiti-gli-interventi-attuati-dallamministrazione-di-feltre\/#primaryimage"},"image":{"@id":"https:\/\/www.bellunopress.it\/2012\/01\/24\/polveri-sottili-sforamento-dei-limiti-gli-interventi-attuati-dallamministrazione-di-feltre\/#primaryimage"},"thumbnailUrl":"http:\/\/www.bellunopress.it\/wp-content\/uploads\/2009\/08\/raffaele-riposi-assessore-feltre.jpg","datePublished":"2012-01-24T20:43:10+00:00","breadcrumb":{"@id":"https:\/\/www.bellunopress.it\/2012\/01\/24\/polveri-sottili-sforamento-dei-limiti-gli-interventi-attuati-dallamministrazione-di-feltre\/#breadcrumb"},"inLanguage":"fr-FR","potentialAction":[{"@type":"ReadAction","target":["https:\/\/www.bellunopress.it\/2012\/01\/24\/polveri-sottili-sforamento-dei-limiti-gli-interventi-attuati-dallamministrazione-di-feltre\/"]}]},{"@type":"ImageObject","inLanguage":"fr-FR","@id":"https:\/\/www.bellunopress.it\/2012\/01\/24\/polveri-sottili-sforamento-dei-limiti-gli-interventi-attuati-dallamministrazione-di-feltre\/#primaryimage","url":"http:\/\/www.bellunopress.it\/wp-content\/uploads\/2009\/08\/raffaele-riposi-assessore-feltre.jpg","contentUrl":"http:\/\/www.bellunopress.it\/wp-content\/uploads\/2009\/08\/raffaele-riposi-assessore-feltre.jpg"},{"@type":"BreadcrumbList","@id":"https:\/\/www.bellunopress.it\/2012\/01\/24\/polveri-sottili-sforamento-dei-limiti-gli-interventi-attuati-dallamministrazione-di-feltre\/#breadcrumb","itemListElement":[{"@type":"ListItem","position":1,"name":"Home","item":"https:\/\/www.bellunopress.it\/"},{"@type":"ListItem","position":2,"name":"Polveri sottili, sforamento dei limiti: gli interventi attuati dall&#8217;amministrazione di Feltre"}]},{"@type":"WebSite","@id":"https:\/\/www.bellunopress.it\/#website","url":"https:\/\/www.bellunopress.it\/","name":"Bellunopress - Dolomiti","description":"e-mail: redazione@bellunopress.it","publisher":{"@id":"https:\/\/www.bellunopress.it\/#organization"},"potentialAction":[{"@type":"SearchAction","target":{"@type":"EntryPoint","urlTemplate":"https:\/\/www.bellunopress.it\/?s={search_term_string}"},"query-input":{"@type":"PropertyValueSpecification","valueRequired":true,"valueName":"search_term_string"}}],"inLanguage":"fr-FR"},{"@type":"Organization","@id":"https:\/\/www.bellunopress.it\/#organization","name":"Bellunopress","url":"https:\/\/www.bellunopress.it\/","logo":{"@type":"ImageObject","inLanguage":"fr-FR","@id":"https:\/\/www.bellunopress.it\/#\/schema\/logo\/image\/","url":"https:\/\/www.bellunopress.it\/wp-content\/uploads\/2011\/05\/cropped-logo-bellunopress-.jpg","contentUrl":"https:\/\/www.bellunopress.it\/wp-content\/uploads\/2011\/05\/cropped-logo-bellunopress-.jpg","width":512,"height":512,"caption":"Bellunopress"},"image":{"@id":"https:\/\/www.bellunopress.it\/#\/schema\/logo\/image\/"},"sameAs":["https:\/\/www.facebook.com\/profile.php?id=100008943462799","https:\/\/x.com\/bellunopress","https:\/\/www.linkedin.com\/hp\/?dnr=JBzUWaJfMUw8vbXJJ2tVW5-I3jZKvC4wsoxE&amp;amp;amp;amp;amp;amp;trk=nav_responsive_tab_home","https:\/\/www.youtube.com\/channel\/UCxL0wu1uN0_3_7hGG0306cw"]},{"@type":"Person","@id":"https:\/\/www.bellunopress.it\/#\/schema\/person\/79bb06722b37ece1c03d3e94beb30d73","name":"r\u00e9daction","image":{"@type":"ImageObject","inLanguage":"fr-FR","@id":"https:\/\/secure.gravatar.com\/avatar\/37d968a2e67a6fd04c169c4bdef102d0bc5d31b2546345219e348575eb80e9a0?s=96&d=mm&r=g","url":"https:\/\/secure.gravatar.com\/avatar\/37d968a2e67a6fd04c169c4bdef102d0bc5d31b2546345219e348575eb80e9a0?s=96&d=mm&r=g","contentUrl":"https:\/\/secure.gravatar.com\/avatar\/37d968a2e67a6fd04c169c4bdef102d0bc5d31b2546345219e348575eb80e9a0?s=96&d=mm&r=g","caption":"redazione"},"sameAs":["http:\/\/www.bellunopress.it","https:\/\/x.com\/bellunopress"],"url":"https:\/\/www.bellunopress.it\/fr\/author\/redazione\/"}]}},"_links":{"self":[{"href":"https:\/\/www.bellunopress.it\/fr\/wp-json\/wp\/v2\/posts\/34445","targetHints":{"allow":["GET"]}}],"collection":[{"href":"https:\/\/www.bellunopress.it\/fr\/wp-json\/wp\/v2\/posts"}],"about":[{"href":"https:\/\/www.bellunopress.it\/fr\/wp-json\/wp\/v2\/types\/post"}],"author":[{"embeddable":true,"href":"https:\/\/www.bellunopress.it\/fr\/wp-json\/wp\/v2\/users\/2"}],"replies":[{"embeddable":true,"href":"https:\/\/www.bellunopress.it\/fr\/wp-json\/wp\/v2\/comments?post=34445"}],"version-history":[{"count":1,"href":"https:\/\/www.bellunopress.it\/fr\/wp-json\/wp\/v2\/posts\/34445\/revisions"}],"predecessor-version":[{"id":34446,"href":"https:\/\/www.bellunopress.it\/fr\/wp-json\/wp\/v2\/posts\/34445\/revisions\/34446"}],"wp:attachment":[{"href":"https:\/\/www.bellunopress.it\/fr\/wp-json\/wp\/v2\/media?parent=34445"}],"wp:term":[{"taxonomy":"category","embeddable":true,"href":"https:\/\/www.bellunopress.it\/fr\/wp-json\/wp\/v2\/categories?post=34445"},{"taxonomy":"post_tag","embeddable":true,"href":"https:\/\/www.bellunopress.it\/fr\/wp-json\/wp\/v2\/tags?post=34445"}],"curies":[{"name":"wp","href":"https:\/\/api.w.org\/{rel}","templated":true}]}}