{"id":34416,"date":"2012-01-24T12:15:55","date_gmt":"2012-01-24T11:15:55","guid":{"rendered":"http:\/\/www.bellunopress.it\/?p=34416"},"modified":"2012-01-24T12:15:55","modified_gmt":"2012-01-24T11:15:55","slug":"cortina-style-incontra-gli-artigiani-ampezzani-un-binomio-imprescindibile-per-esportare-lo-stile-cortinese","status":"publish","type":"post","link":"https:\/\/www.bellunopress.it\/fr\/2012\/01\/24\/cortina-style-incontra-gli-artigiani-ampezzani-un-binomio-imprescindibile-per-esportare-lo-stile-cortinese\/","title":{"rendered":"&#8220;Cortina Style&#8221; incontra gli artigiani ampezzani. Un binomio imprescindibile per esportare lo stile cortinese"},"content":{"rendered":"<figure id=\"attachment_9243\" aria-describedby=\"caption-attachment-9243\" style=\"width: 241px\" class=\"wp-caption alignleft\"><a href=\"http:\/\/www.bellunopress.it\/wp-content\/uploads\/2009\/10\/ambra-piccin.png\"><img loading=\"lazy\" decoding=\"async\" class=\"size-full wp-image-9243\" title=\"ambra-piccin\" src=\"http:\/\/www.bellunopress.it\/wp-content\/uploads\/2009\/10\/ambra-piccin.png\" alt=\"\" width=\"241\" height=\"290\" \/><\/a><figcaption id=\"caption-attachment-9243\" class=\"wp-caption-text\">Ambra Piccin<\/figcaption><\/figure>\n<p>Ambra Piccin, prestigioso architetto delle case vip di Cortina, assieme al collega Luca Menardi Ruggeri, invita le maestranze locali ad un aperitivo presso LP 26 di Cortina d&#8217;Ampezzo, mercoled\u00ec 25 gennaio alle ore 18.00. Nell&#8217;occasione verr\u00e0 presentata in esclusiva la nuova iniziativa Cortina Style e le opportunit\u00e0 che offre.<\/p>\n<p>Mercoled\u00ec 25 gennaio, presso LP 26, uno dei locali simbolo della vita mondana cortinese, alle ore 18.00, l&#8217;iniziativa degli architetti Ambra Piccin e Luca Menardi Ruggeri, Cortina Style, muove un ulteriore passo verso la sua affermazione nella realt\u00e0 produttiva e sociale.<br \/>\nTutti i pi\u00f9 noti artigiani di Cortina infatti sono invitati ad un aperitivo dai due architetti che, nell&#8217;occasione, renderanno partecipi i presenti delle novit\u00e0 apportate nel modo di concepire lo stile di Cortina attraverso Cortina Style: il gusto del bello, l&#8217;attenzione per i particolari, la profonda conoscenza dei materiali e del loro uso, la capacit\u00e0 di gestire ogni singolo processo produttivo come parte del tutto sono un modello che Cortina pu\u00f2 e deve esportare. Inoltre evidenzieranno loro le importanti opportunit\u00e0 che potranno cogliere da questo progetto. Fra le tante, la realizzazione di interni di lusso nel rispetto della tradizione cortinese, ma comunque sempre aperti verso linee di design pi\u00f9 moderno; la produzione e la realizzazione di alcuni oggetti di alto design artigianale, spesso rivisitazione di oggetti di un tempo, realizzati uno ad uno con materiali di altissimo livello. Prende cos\u00ec vita la formula del general contract, che consentir\u00e0 il passaggio dalla &#8220;semplice&#8221; progettazione alla fornitura completa degli interni, in ogni parte del mondo.<br \/>\nNel contempo, Cortina Style si propone di diventare un riferimento culturale della localit\u00e0, attraverso un&#8217;intensa attivit\u00e0 di promozione e sviluppo dello stile di Cortina nel mondo, associando quante pi\u00f9 realt\u00e0 possibili attorno alla formula dell&#8217;associazionismo culturale, proprio a partire dalla serata di mercoled\u00ec 25 pv.<\/p>\n<p>&nbsp;<\/p>","protected":false},"excerpt":{"rendered":"<p>Ambra Piccin, prestigioso architetto delle case vip di Cortina, assieme al collega Luca Menardi Ruggeri, invita le maestranze locali ad un aperitivo presso LP 26 di Cortina d&#8217;Ampezzo, mercoled\u00ec 25 gennaio alle ore 18.00. Nell&#8217;occasione verr\u00e0 presentata in esclusiva la nuova iniziativa Cortina Style e le opportunit\u00e0 che offre. Mercoled\u00ec 25 gennaio, presso LP 26, [&hellip;]<\/p>\n","protected":false},"author":2,"featured_media":0,"comment_status":"closed","ping_status":"open","sticky":false,"template":"","format":"standard","meta":{"footnotes":""},"categories":[27,26,8],"tags":[],"class_list":["post-34416","post","type-post","status-publish","format-standard","category-appuntamenti","category-prima-pagina","category-societa-istituzioni"],"yoast_head":"<!-- This site is optimized with the Yoast SEO plugin v28.4 - https:\/\/yoast.com\/product\/yoast-seo-wordpress\/ -->\n<title>&quot;Cortina Style&quot; incontra gli artigiani ampezzani. Un binomio imprescindibile per esportare lo stile cortinese - Bellunopress - Dolomiti<\/title>\n<meta name=\"robots\" content=\"index, follow, max-snippet:-1, max-image-preview:large, max-video-preview:-1\" \/>\n<link rel=\"canonical\" href=\"https:\/\/www.bellunopress.it\/fr\/2012\/01\/24\/cortina-style-incontra-gli-artigiani-ampezzani-un-binomio-imprescindibile-per-esportare-lo-stile-cortinese\/\" \/>\n<meta property=\"og:locale\" content=\"fr_FR\" \/>\n<meta property=\"og:type\" content=\"article\" \/>\n<meta property=\"og:title\" content=\"&quot;Cortina Style&quot; incontra gli artigiani ampezzani. Un binomio imprescindibile per esportare lo stile cortinese - Bellunopress - Dolomiti\" \/>\n<meta property=\"og:description\" content=\"Ambra Piccin, prestigioso architetto delle case vip di Cortina, assieme al collega Luca Menardi Ruggeri, invita le maestranze locali ad un aperitivo presso LP 26 di Cortina d&#8217;Ampezzo, mercoled\u00ec 25 gennaio alle ore 18.00. Nell&#8217;occasione verr\u00e0 presentata in esclusiva la nuova iniziativa Cortina Style e le opportunit\u00e0 che offre. Mercoled\u00ec 25 gennaio, presso LP 26, [&hellip;]\" \/>\n<meta property=\"og:url\" content=\"https:\/\/www.bellunopress.it\/fr\/2012\/01\/24\/cortina-style-incontra-gli-artigiani-ampezzani-un-binomio-imprescindibile-per-esportare-lo-stile-cortinese\/\" \/>\n<meta property=\"og:site_name\" content=\"Bellunopress - Dolomiti\" \/>\n<meta property=\"article:publisher\" content=\"https:\/\/www.facebook.com\/profile.php?id=100008943462799\" \/>\n<meta property=\"article:published_time\" content=\"2012-01-24T11:15:55+00:00\" \/>\n<meta property=\"og:image\" content=\"http:\/\/www.bellunopress.it\/wp-content\/uploads\/2009\/10\/ambra-piccin.png\" \/>\n<meta name=\"author\" content=\"redazione\" \/>\n<meta name=\"twitter:card\" content=\"summary_large_image\" \/>\n<meta name=\"twitter:creator\" content=\"@bellunopress\" \/>\n<meta name=\"twitter:site\" content=\"@bellunopress\" \/>\n<meta name=\"twitter:label1\" content=\"\u00c9crit par\" \/>\n\t<meta name=\"twitter:data1\" content=\"redazione\" \/>\n\t<meta name=\"twitter:label2\" content=\"Dur\u00e9e de lecture estim\u00e9e\" \/>\n\t<meta name=\"twitter:data2\" content=\"2 minutes\" \/>\n<script type=\"application\/ld+json\" class=\"yoast-schema-graph\">{\"@context\":\"https:\\\/\\\/schema.org\",\"@graph\":[{\"@type\":\"Article\",\"@id\":\"https:\\\/\\\/www.bellunopress.it\\\/2012\\\/01\\\/24\\\/cortina-style-incontra-gli-artigiani-ampezzani-un-binomio-imprescindibile-per-esportare-lo-stile-cortinese\\\/#article\",\"isPartOf\":{\"@id\":\"https:\\\/\\\/www.bellunopress.it\\\/2012\\\/01\\\/24\\\/cortina-style-incontra-gli-artigiani-ampezzani-un-binomio-imprescindibile-per-esportare-lo-stile-cortinese\\\/\"},\"author\":{\"name\":\"redazione\",\"@id\":\"https:\\\/\\\/www.bellunopress.it\\\/#\\\/schema\\\/person\\\/79bb06722b37ece1c03d3e94beb30d73\"},\"headline\":\"&#8220;Cortina Style&#8221; incontra gli artigiani ampezzani. Un binomio imprescindibile per esportare lo stile cortinese\",\"datePublished\":\"2012-01-24T11:15:55+00:00\",\"mainEntityOfPage\":{\"@id\":\"https:\\\/\\\/www.bellunopress.it\\\/2012\\\/01\\\/24\\\/cortina-style-incontra-gli-artigiani-ampezzani-un-binomio-imprescindibile-per-esportare-lo-stile-cortinese\\\/\"},\"wordCount\":323,\"publisher\":{\"@id\":\"https:\\\/\\\/www.bellunopress.it\\\/#organization\"},\"image\":{\"@id\":\"https:\\\/\\\/www.bellunopress.it\\\/2012\\\/01\\\/24\\\/cortina-style-incontra-gli-artigiani-ampezzani-un-binomio-imprescindibile-per-esportare-lo-stile-cortinese\\\/#primaryimage\"},\"thumbnailUrl\":\"http:\\\/\\\/www.bellunopress.it\\\/wp-content\\\/uploads\\\/2009\\\/10\\\/ambra-piccin.png\",\"articleSection\":[\"Appuntamenti, Eventi\",\"Prima Pagina\",\"Societ\u00e0, Associazioni, Istituzioni\"],\"inLanguage\":\"fr-FR\"},{\"@type\":\"WebPage\",\"@id\":\"https:\\\/\\\/www.bellunopress.it\\\/2012\\\/01\\\/24\\\/cortina-style-incontra-gli-artigiani-ampezzani-un-binomio-imprescindibile-per-esportare-lo-stile-cortinese\\\/\",\"url\":\"https:\\\/\\\/www.bellunopress.it\\\/2012\\\/01\\\/24\\\/cortina-style-incontra-gli-artigiani-ampezzani-un-binomio-imprescindibile-per-esportare-lo-stile-cortinese\\\/\",\"name\":\"\\\"Cortina Style\\\" incontra gli artigiani ampezzani. Un binomio imprescindibile per esportare lo stile cortinese - Bellunopress - Dolomiti\",\"isPartOf\":{\"@id\":\"https:\\\/\\\/www.bellunopress.it\\\/#website\"},\"primaryImageOfPage\":{\"@id\":\"https:\\\/\\\/www.bellunopress.it\\\/2012\\\/01\\\/24\\\/cortina-style-incontra-gli-artigiani-ampezzani-un-binomio-imprescindibile-per-esportare-lo-stile-cortinese\\\/#primaryimage\"},\"image\":{\"@id\":\"https:\\\/\\\/www.bellunopress.it\\\/2012\\\/01\\\/24\\\/cortina-style-incontra-gli-artigiani-ampezzani-un-binomio-imprescindibile-per-esportare-lo-stile-cortinese\\\/#primaryimage\"},\"thumbnailUrl\":\"http:\\\/\\\/www.bellunopress.it\\\/wp-content\\\/uploads\\\/2009\\\/10\\\/ambra-piccin.png\",\"datePublished\":\"2012-01-24T11:15:55+00:00\",\"breadcrumb\":{\"@id\":\"https:\\\/\\\/www.bellunopress.it\\\/2012\\\/01\\\/24\\\/cortina-style-incontra-gli-artigiani-ampezzani-un-binomio-imprescindibile-per-esportare-lo-stile-cortinese\\\/#breadcrumb\"},\"inLanguage\":\"fr-FR\",\"potentialAction\":[{\"@type\":\"ReadAction\",\"target\":[\"https:\\\/\\\/www.bellunopress.it\\\/2012\\\/01\\\/24\\\/cortina-style-incontra-gli-artigiani-ampezzani-un-binomio-imprescindibile-per-esportare-lo-stile-cortinese\\\/\"]}]},{\"@type\":\"ImageObject\",\"inLanguage\":\"fr-FR\",\"@id\":\"https:\\\/\\\/www.bellunopress.it\\\/2012\\\/01\\\/24\\\/cortina-style-incontra-gli-artigiani-ampezzani-un-binomio-imprescindibile-per-esportare-lo-stile-cortinese\\\/#primaryimage\",\"url\":\"http:\\\/\\\/www.bellunopress.it\\\/wp-content\\\/uploads\\\/2009\\\/10\\\/ambra-piccin.png\",\"contentUrl\":\"http:\\\/\\\/www.bellunopress.it\\\/wp-content\\\/uploads\\\/2009\\\/10\\\/ambra-piccin.png\"},{\"@type\":\"BreadcrumbList\",\"@id\":\"https:\\\/\\\/www.bellunopress.it\\\/2012\\\/01\\\/24\\\/cortina-style-incontra-gli-artigiani-ampezzani-un-binomio-imprescindibile-per-esportare-lo-stile-cortinese\\\/#breadcrumb\",\"itemListElement\":[{\"@type\":\"ListItem\",\"position\":1,\"name\":\"Home\",\"item\":\"https:\\\/\\\/www.bellunopress.it\\\/\"},{\"@type\":\"ListItem\",\"position\":2,\"name\":\"&#8220;Cortina Style&#8221; incontra gli artigiani ampezzani. Un binomio imprescindibile per esportare lo stile cortinese\"}]},{\"@type\":\"WebSite\",\"@id\":\"https:\\\/\\\/www.bellunopress.it\\\/#website\",\"url\":\"https:\\\/\\\/www.bellunopress.it\\\/\",\"name\":\"Bellunopress - Dolomiti\",\"description\":\"e-mail: redazione@bellunopress.it\",\"publisher\":{\"@id\":\"https:\\\/\\\/www.bellunopress.it\\\/#organization\"},\"potentialAction\":[{\"@type\":\"SearchAction\",\"target\":{\"@type\":\"EntryPoint\",\"urlTemplate\":\"https:\\\/\\\/www.bellunopress.it\\\/?s={search_term_string}\"},\"query-input\":{\"@type\":\"PropertyValueSpecification\",\"valueRequired\":true,\"valueName\":\"search_term_string\"}}],\"inLanguage\":\"fr-FR\"},{\"@type\":\"Organization\",\"@id\":\"https:\\\/\\\/www.bellunopress.it\\\/#organization\",\"name\":\"Bellunopress\",\"url\":\"https:\\\/\\\/www.bellunopress.it\\\/\",\"logo\":{\"@type\":\"ImageObject\",\"inLanguage\":\"fr-FR\",\"@id\":\"https:\\\/\\\/www.bellunopress.it\\\/#\\\/schema\\\/logo\\\/image\\\/\",\"url\":\"https:\\\/\\\/www.bellunopress.it\\\/wp-content\\\/uploads\\\/2011\\\/05\\\/cropped-logo-bellunopress-.jpg\",\"contentUrl\":\"https:\\\/\\\/www.bellunopress.it\\\/wp-content\\\/uploads\\\/2011\\\/05\\\/cropped-logo-bellunopress-.jpg\",\"width\":512,\"height\":512,\"caption\":\"Bellunopress\"},\"image\":{\"@id\":\"https:\\\/\\\/www.bellunopress.it\\\/#\\\/schema\\\/logo\\\/image\\\/\"},\"sameAs\":[\"https:\\\/\\\/www.facebook.com\\\/profile.php?id=100008943462799\",\"https:\\\/\\\/x.com\\\/bellunopress\",\"https:\\\/\\\/www.linkedin.com\\\/hp\\\/?dnr=JBzUWaJfMUw8vbXJJ2tVW5-I3jZKvC4wsoxE&amp;amp;amp;amp;amp;amp;trk=nav_responsive_tab_home\",\"https:\\\/\\\/www.youtube.com\\\/channel\\\/UCxL0wu1uN0_3_7hGG0306cw\"]},{\"@type\":\"Person\",\"@id\":\"https:\\\/\\\/www.bellunopress.it\\\/#\\\/schema\\\/person\\\/79bb06722b37ece1c03d3e94beb30d73\",\"name\":\"redazione\",\"image\":{\"@type\":\"ImageObject\",\"inLanguage\":\"fr-FR\",\"@id\":\"https:\\\/\\\/secure.gravatar.com\\\/avatar\\\/37d968a2e67a6fd04c169c4bdef102d0bc5d31b2546345219e348575eb80e9a0?s=96&d=mm&r=g\",\"url\":\"https:\\\/\\\/secure.gravatar.com\\\/avatar\\\/37d968a2e67a6fd04c169c4bdef102d0bc5d31b2546345219e348575eb80e9a0?s=96&d=mm&r=g\",\"contentUrl\":\"https:\\\/\\\/secure.gravatar.com\\\/avatar\\\/37d968a2e67a6fd04c169c4bdef102d0bc5d31b2546345219e348575eb80e9a0?s=96&d=mm&r=g\",\"caption\":\"redazione\"},\"sameAs\":[\"http:\\\/\\\/www.bellunopress.it\",\"https:\\\/\\\/x.com\\\/bellunopress\"],\"url\":\"https:\\\/\\\/www.bellunopress.it\\\/fr\\\/author\\\/redazione\\\/\"}]}<\/script>\n<!-- \/ Yoast SEO plugin. -->","yoast_head_json":{"title":"\"Cortina Style\" incontra gli artigiani ampezzani. Un binomio imprescindibile per esportare lo stile cortinese - Bellunopress - Dolomiti","robots":{"index":"index","follow":"follow","max-snippet":"max-snippet:-1","max-image-preview":"max-image-preview:large","max-video-preview":"max-video-preview:-1"},"canonical":"https:\/\/www.bellunopress.it\/fr\/2012\/01\/24\/cortina-style-incontra-gli-artigiani-ampezzani-un-binomio-imprescindibile-per-esportare-lo-stile-cortinese\/","og_locale":"fr_FR","og_type":"article","og_title":"\"Cortina Style\" incontra gli artigiani ampezzani. Un binomio imprescindibile per esportare lo stile cortinese - Bellunopress - Dolomiti","og_description":"Ambra Piccin, prestigioso architetto delle case vip di Cortina, assieme al collega Luca Menardi Ruggeri, invita le maestranze locali ad un aperitivo presso LP 26 di Cortina d&#8217;Ampezzo, mercoled\u00ec 25 gennaio alle ore 18.00. Nell&#8217;occasione verr\u00e0 presentata in esclusiva la nuova iniziativa Cortina Style e le opportunit\u00e0 che offre. Mercoled\u00ec 25 gennaio, presso LP 26, [&hellip;]","og_url":"https:\/\/www.bellunopress.it\/fr\/2012\/01\/24\/cortina-style-incontra-gli-artigiani-ampezzani-un-binomio-imprescindibile-per-esportare-lo-stile-cortinese\/","og_site_name":"Bellunopress - Dolomiti","article_publisher":"https:\/\/www.facebook.com\/profile.php?id=100008943462799","article_published_time":"2012-01-24T11:15:55+00:00","og_image":[{"url":"http:\/\/www.bellunopress.it\/wp-content\/uploads\/2009\/10\/ambra-piccin.png","type":"","width":"","height":""}],"author":"redazione","twitter_card":"summary_large_image","twitter_creator":"@bellunopress","twitter_site":"@bellunopress","twitter_misc":{"\u00c9crit par":"redazione","Dur\u00e9e de lecture estim\u00e9e":"2 minutes"},"schema":{"@context":"https:\/\/schema.org","@graph":[{"@type":"Article","@id":"https:\/\/www.bellunopress.it\/2012\/01\/24\/cortina-style-incontra-gli-artigiani-ampezzani-un-binomio-imprescindibile-per-esportare-lo-stile-cortinese\/#article","isPartOf":{"@id":"https:\/\/www.bellunopress.it\/2012\/01\/24\/cortina-style-incontra-gli-artigiani-ampezzani-un-binomio-imprescindibile-per-esportare-lo-stile-cortinese\/"},"author":{"name":"redazione","@id":"https:\/\/www.bellunopress.it\/#\/schema\/person\/79bb06722b37ece1c03d3e94beb30d73"},"headline":"&#8220;Cortina Style&#8221; incontra gli artigiani ampezzani. Un binomio imprescindibile per esportare lo stile cortinese","datePublished":"2012-01-24T11:15:55+00:00","mainEntityOfPage":{"@id":"https:\/\/www.bellunopress.it\/2012\/01\/24\/cortina-style-incontra-gli-artigiani-ampezzani-un-binomio-imprescindibile-per-esportare-lo-stile-cortinese\/"},"wordCount":323,"publisher":{"@id":"https:\/\/www.bellunopress.it\/#organization"},"image":{"@id":"https:\/\/www.bellunopress.it\/2012\/01\/24\/cortina-style-incontra-gli-artigiani-ampezzani-un-binomio-imprescindibile-per-esportare-lo-stile-cortinese\/#primaryimage"},"thumbnailUrl":"http:\/\/www.bellunopress.it\/wp-content\/uploads\/2009\/10\/ambra-piccin.png","articleSection":["Appuntamenti, Eventi","Prima Pagina","Societ\u00e0, Associazioni, Istituzioni"],"inLanguage":"fr-FR"},{"@type":"WebPage","@id":"https:\/\/www.bellunopress.it\/2012\/01\/24\/cortina-style-incontra-gli-artigiani-ampezzani-un-binomio-imprescindibile-per-esportare-lo-stile-cortinese\/","url":"https:\/\/www.bellunopress.it\/2012\/01\/24\/cortina-style-incontra-gli-artigiani-ampezzani-un-binomio-imprescindibile-per-esportare-lo-stile-cortinese\/","name":"\"Cortina Style\" incontra gli artigiani ampezzani. Un binomio imprescindibile per esportare lo stile cortinese - Bellunopress - Dolomiti","isPartOf":{"@id":"https:\/\/www.bellunopress.it\/#website"},"primaryImageOfPage":{"@id":"https:\/\/www.bellunopress.it\/2012\/01\/24\/cortina-style-incontra-gli-artigiani-ampezzani-un-binomio-imprescindibile-per-esportare-lo-stile-cortinese\/#primaryimage"},"image":{"@id":"https:\/\/www.bellunopress.it\/2012\/01\/24\/cortina-style-incontra-gli-artigiani-ampezzani-un-binomio-imprescindibile-per-esportare-lo-stile-cortinese\/#primaryimage"},"thumbnailUrl":"http:\/\/www.bellunopress.it\/wp-content\/uploads\/2009\/10\/ambra-piccin.png","datePublished":"2012-01-24T11:15:55+00:00","breadcrumb":{"@id":"https:\/\/www.bellunopress.it\/2012\/01\/24\/cortina-style-incontra-gli-artigiani-ampezzani-un-binomio-imprescindibile-per-esportare-lo-stile-cortinese\/#breadcrumb"},"inLanguage":"fr-FR","potentialAction":[{"@type":"ReadAction","target":["https:\/\/www.bellunopress.it\/2012\/01\/24\/cortina-style-incontra-gli-artigiani-ampezzani-un-binomio-imprescindibile-per-esportare-lo-stile-cortinese\/"]}]},{"@type":"ImageObject","inLanguage":"fr-FR","@id":"https:\/\/www.bellunopress.it\/2012\/01\/24\/cortina-style-incontra-gli-artigiani-ampezzani-un-binomio-imprescindibile-per-esportare-lo-stile-cortinese\/#primaryimage","url":"http:\/\/www.bellunopress.it\/wp-content\/uploads\/2009\/10\/ambra-piccin.png","contentUrl":"http:\/\/www.bellunopress.it\/wp-content\/uploads\/2009\/10\/ambra-piccin.png"},{"@type":"BreadcrumbList","@id":"https:\/\/www.bellunopress.it\/2012\/01\/24\/cortina-style-incontra-gli-artigiani-ampezzani-un-binomio-imprescindibile-per-esportare-lo-stile-cortinese\/#breadcrumb","itemListElement":[{"@type":"ListItem","position":1,"name":"Home","item":"https:\/\/www.bellunopress.it\/"},{"@type":"ListItem","position":2,"name":"&#8220;Cortina Style&#8221; incontra gli artigiani ampezzani. Un binomio imprescindibile per esportare lo stile cortinese"}]},{"@type":"WebSite","@id":"https:\/\/www.bellunopress.it\/#website","url":"https:\/\/www.bellunopress.it\/","name":"Bellunopress - Dolomiti","description":"e-mail: redazione@bellunopress.it","publisher":{"@id":"https:\/\/www.bellunopress.it\/#organization"},"potentialAction":[{"@type":"SearchAction","target":{"@type":"EntryPoint","urlTemplate":"https:\/\/www.bellunopress.it\/?s={search_term_string}"},"query-input":{"@type":"PropertyValueSpecification","valueRequired":true,"valueName":"search_term_string"}}],"inLanguage":"fr-FR"},{"@type":"Organization","@id":"https:\/\/www.bellunopress.it\/#organization","name":"Bellunopress","url":"https:\/\/www.bellunopress.it\/","logo":{"@type":"ImageObject","inLanguage":"fr-FR","@id":"https:\/\/www.bellunopress.it\/#\/schema\/logo\/image\/","url":"https:\/\/www.bellunopress.it\/wp-content\/uploads\/2011\/05\/cropped-logo-bellunopress-.jpg","contentUrl":"https:\/\/www.bellunopress.it\/wp-content\/uploads\/2011\/05\/cropped-logo-bellunopress-.jpg","width":512,"height":512,"caption":"Bellunopress"},"image":{"@id":"https:\/\/www.bellunopress.it\/#\/schema\/logo\/image\/"},"sameAs":["https:\/\/www.facebook.com\/profile.php?id=100008943462799","https:\/\/x.com\/bellunopress","https:\/\/www.linkedin.com\/hp\/?dnr=JBzUWaJfMUw8vbXJJ2tVW5-I3jZKvC4wsoxE&amp;amp;amp;amp;amp;amp;trk=nav_responsive_tab_home","https:\/\/www.youtube.com\/channel\/UCxL0wu1uN0_3_7hGG0306cw"]},{"@type":"Person","@id":"https:\/\/www.bellunopress.it\/#\/schema\/person\/79bb06722b37ece1c03d3e94beb30d73","name":"r\u00e9daction","image":{"@type":"ImageObject","inLanguage":"fr-FR","@id":"https:\/\/secure.gravatar.com\/avatar\/37d968a2e67a6fd04c169c4bdef102d0bc5d31b2546345219e348575eb80e9a0?s=96&d=mm&r=g","url":"https:\/\/secure.gravatar.com\/avatar\/37d968a2e67a6fd04c169c4bdef102d0bc5d31b2546345219e348575eb80e9a0?s=96&d=mm&r=g","contentUrl":"https:\/\/secure.gravatar.com\/avatar\/37d968a2e67a6fd04c169c4bdef102d0bc5d31b2546345219e348575eb80e9a0?s=96&d=mm&r=g","caption":"redazione"},"sameAs":["http:\/\/www.bellunopress.it","https:\/\/x.com\/bellunopress"],"url":"https:\/\/www.bellunopress.it\/fr\/author\/redazione\/"}]}},"_links":{"self":[{"href":"https:\/\/www.bellunopress.it\/fr\/wp-json\/wp\/v2\/posts\/34416","targetHints":{"allow":["GET"]}}],"collection":[{"href":"https:\/\/www.bellunopress.it\/fr\/wp-json\/wp\/v2\/posts"}],"about":[{"href":"https:\/\/www.bellunopress.it\/fr\/wp-json\/wp\/v2\/types\/post"}],"author":[{"embeddable":true,"href":"https:\/\/www.bellunopress.it\/fr\/wp-json\/wp\/v2\/users\/2"}],"replies":[{"embeddable":true,"href":"https:\/\/www.bellunopress.it\/fr\/wp-json\/wp\/v2\/comments?post=34416"}],"version-history":[{"count":1,"href":"https:\/\/www.bellunopress.it\/fr\/wp-json\/wp\/v2\/posts\/34416\/revisions"}],"predecessor-version":[{"id":34417,"href":"https:\/\/www.bellunopress.it\/fr\/wp-json\/wp\/v2\/posts\/34416\/revisions\/34417"}],"wp:attachment":[{"href":"https:\/\/www.bellunopress.it\/fr\/wp-json\/wp\/v2\/media?parent=34416"}],"wp:term":[{"taxonomy":"category","embeddable":true,"href":"https:\/\/www.bellunopress.it\/fr\/wp-json\/wp\/v2\/categories?post=34416"},{"taxonomy":"post_tag","embeddable":true,"href":"https:\/\/www.bellunopress.it\/fr\/wp-json\/wp\/v2\/tags?post=34416"}],"curies":[{"name":"wp","href":"https:\/\/api.w.org\/{rel}","templated":true}]}}