{"id":34400,"date":"2012-01-23T20:43:28","date_gmt":"2012-01-23T19:43:28","guid":{"rendered":"http:\/\/www.bellunopress.it\/?p=34400"},"modified":"2012-01-23T20:43:28","modified_gmt":"2012-01-23T19:43:28","slug":"sabato-a-quero-va-in-scena-el-moroso-de-la-nona","status":"publish","type":"post","link":"https:\/\/www.bellunopress.it\/fr\/2012\/01\/23\/sabato-a-quero-va-in-scena-el-moroso-de-la-nona\/","title":{"rendered":"Sabato a Quero va in scena &#8220;El moroso de la nona&#8221;"},"content":{"rendered":"<p>Sabato 28 alle 20.30 \u201cEl moroso dela nona\u201d di Giacinto Gallina, dar\u00e0 il via alla 1\u00b0 Stagione di Prosa a Quero al Centro Culturale in Via Nazionale (vicino alla Chiesa). Lo spettacolo, messo in scena dalla compagnia Treviso Teatro, gi\u00e0 molto apprezzata a Pieve di Cadore, \u00e8 considerato la commedia di Gallina pi\u00f9 fortunata e divertente. La storia \u00e8 quella di Momolo Paneti, gondoliere senza una lira ma fiero della sua semplice onest\u00e0\u00a0, che vive con la moglie Bettina, la vecchia madre Rosa, e i due figli di primo letto Marieta e Nane, che segue come gondoliere le orme del padre. Marietta si innamora corrisposta di Carlo, nipote del ricco, rozzo e dispotico Bortolo Gavagni. Nonna Rosa per dissuaderla racconta alla nipote un suo infelice amore di giovent\u00f9: \u201cIncapricciarsi di un ragazzo non vuol dire che si vivr\u00e0\u00a0 felici assieme\u201d. A complicare la situazione, il portafogli di Bortolo, che ha perso proprio sulla gondola di Nane, che non ha resistito a tenerlo per s\u00e8. Bortolo, presentandosi all\u2019improvviso in casa Paneti per riaverlo indietro, scopre la tresca fra i due giovani e va su tutte le furie\u2026 L\u2019intreccio riserver\u00e0 numerosi colpi di scena e lascer\u00e0 spazio a scroscianti risate generate da quella comicit\u00e0 veneziana che Gallina esprime al meglio. La Stagione proseguir\u00e0 sabato 11 febbraio con \u201cProceso par na broca rota\u201d di H. von Kleist, nella traduzione in dialetto veneto di Mario Andreis, sabato 3 marzo con \u201cI Lazzaroni\u201d di Palmieri, venerd\u00ec 30 marzo con \u201cLe Testimoni\u201d, ispirato alle Troiane di Euripide, della compagnia bellunese Bretelle Lasche, fino ad arrivare al gran finale di sabato 14 aprile con \u201cSior Tita Paron\u201d di Gino Rocca. A cura del Circolo Cultura e Stampa Bellunese. Per informazioni e prenotazioni contattare la Biblioteca di Quero \u2013 tel. 0437 787097, <a href=\"mailto:biblioteca.quero@feltrino.bl.it\">biblioteca.quero@feltrino.bl.it<\/a>, marted\u00ec e gioved\u00ec dalle 14.30 alle 18.00 e sabato dalle 10.30 alle 12.30. Abbonamento: 60,00 euro, biglietto: 14,00 euro. Ritiro prenotazioni e acquisto biglietti: il giorno dello spettacolo al botteghino del Centro Culturale dalle 19.30 fino ad inizio spettacolo.<\/p>","protected":false},"excerpt":{"rendered":"<p>Sabato 28 alle 20.30 \u201cEl moroso dela nona\u201d di Giacinto Gallina, dar\u00e0 il via alla 1\u00b0 Stagione di Prosa a Quero al Centro Culturale in Via Nazionale (vicino alla Chiesa). Lo spettacolo, messo in scena dalla compagnia Treviso Teatro, gi\u00e0 molto apprezzata a Pieve di Cadore, \u00e8 considerato la commedia di Gallina pi\u00f9 fortunata e [&hellip;]<\/p>\n","protected":false},"author":2,"featured_media":0,"comment_status":"closed","ping_status":"open","sticky":false,"template":"","format":"standard","meta":{"footnotes":""},"categories":[27,3,25],"tags":[],"class_list":["post-34400","post","type-post","status-publish","format-standard","category-appuntamenti","category-arte-cultura-spettacoli-scienza-archivi","category-pausa-caffe"],"yoast_head":"<!-- This site is optimized with the Yoast SEO plugin v28.4 - https:\/\/yoast.com\/product\/yoast-seo-wordpress\/ -->\n<title>Sabato a Quero va in scena &quot;El moroso de la nona&quot; - Bellunopress - Dolomiti<\/title>\n<meta name=\"robots\" content=\"index, follow, max-snippet:-1, max-image-preview:large, max-video-preview:-1\" \/>\n<link rel=\"canonical\" href=\"https:\/\/www.bellunopress.it\/fr\/2012\/01\/23\/sabato-a-quero-va-in-scena-el-moroso-de-la-nona\/\" \/>\n<meta property=\"og:locale\" content=\"fr_FR\" \/>\n<meta property=\"og:type\" content=\"article\" \/>\n<meta property=\"og:title\" content=\"Sabato a Quero va in scena &quot;El moroso de la nona&quot; - Bellunopress - Dolomiti\" \/>\n<meta property=\"og:description\" content=\"Sabato 28 alle 20.30 \u201cEl moroso dela nona\u201d di Giacinto Gallina, dar\u00e0 il via alla 1\u00b0 Stagione di Prosa a Quero al Centro Culturale in Via Nazionale (vicino alla Chiesa). Lo spettacolo, messo in scena dalla compagnia Treviso Teatro, gi\u00e0 molto apprezzata a Pieve di Cadore, \u00e8 considerato la commedia di Gallina pi\u00f9 fortunata e [&hellip;]\" \/>\n<meta property=\"og:url\" content=\"https:\/\/www.bellunopress.it\/fr\/2012\/01\/23\/sabato-a-quero-va-in-scena-el-moroso-de-la-nona\/\" \/>\n<meta property=\"og:site_name\" content=\"Bellunopress - Dolomiti\" \/>\n<meta property=\"article:publisher\" content=\"https:\/\/www.facebook.com\/profile.php?id=100008943462799\" \/>\n<meta property=\"article:published_time\" content=\"2012-01-23T19:43:28+00:00\" \/>\n<meta property=\"og:image\" content=\"http:\/\/www.bellunopress.it\/wp-content\/uploads\/2012\/07\/logo-bellunopress-250x250-2012.jpg\" \/>\n<meta name=\"author\" content=\"redazione\" \/>\n<meta name=\"twitter:card\" content=\"summary_large_image\" \/>\n<meta name=\"twitter:creator\" content=\"@bellunopress\" \/>\n<meta name=\"twitter:site\" content=\"@bellunopress\" \/>\n<meta name=\"twitter:label1\" content=\"Written by\" \/>\n\t<meta name=\"twitter:data1\" content=\"redazione\" \/>\n\t<meta name=\"twitter:label2\" content=\"Est. reading time\" \/>\n\t<meta name=\"twitter:data2\" content=\"2 minutes\" \/>\n<script type=\"application\/ld+json\" class=\"yoast-schema-graph\">{\"@context\":\"https:\\\/\\\/schema.org\",\"@graph\":[{\"@type\":\"Article\",\"@id\":\"https:\\\/\\\/www.bellunopress.it\\\/2012\\\/01\\\/23\\\/sabato-a-quero-va-in-scena-el-moroso-de-la-nona\\\/#article\",\"isPartOf\":{\"@id\":\"https:\\\/\\\/www.bellunopress.it\\\/2012\\\/01\\\/23\\\/sabato-a-quero-va-in-scena-el-moroso-de-la-nona\\\/\"},\"author\":{\"name\":\"redazione\",\"@id\":\"https:\\\/\\\/www.bellunopress.it\\\/#\\\/schema\\\/person\\\/79bb06722b37ece1c03d3e94beb30d73\"},\"headline\":\"Sabato a Quero va in scena &#8220;El moroso de la nona&#8221;\",\"datePublished\":\"2012-01-23T19:43:28+00:00\",\"mainEntityOfPage\":{\"@id\":\"https:\\\/\\\/www.bellunopress.it\\\/2012\\\/01\\\/23\\\/sabato-a-quero-va-in-scena-el-moroso-de-la-nona\\\/\"},\"wordCount\":332,\"publisher\":{\"@id\":\"https:\\\/\\\/www.bellunopress.it\\\/#organization\"},\"articleSection\":[\"Appuntamenti, Eventi\",\"Arte, Cultura, Spettacoli, Scienza\",\"Pausa Caff\u00e8\"],\"inLanguage\":\"fr-FR\"},{\"@type\":\"WebPage\",\"@id\":\"https:\\\/\\\/www.bellunopress.it\\\/2012\\\/01\\\/23\\\/sabato-a-quero-va-in-scena-el-moroso-de-la-nona\\\/\",\"url\":\"https:\\\/\\\/www.bellunopress.it\\\/2012\\\/01\\\/23\\\/sabato-a-quero-va-in-scena-el-moroso-de-la-nona\\\/\",\"name\":\"Sabato a Quero va in scena \\\"El moroso de la nona\\\" - Bellunopress - Dolomiti\",\"isPartOf\":{\"@id\":\"https:\\\/\\\/www.bellunopress.it\\\/#website\"},\"datePublished\":\"2012-01-23T19:43:28+00:00\",\"breadcrumb\":{\"@id\":\"https:\\\/\\\/www.bellunopress.it\\\/2012\\\/01\\\/23\\\/sabato-a-quero-va-in-scena-el-moroso-de-la-nona\\\/#breadcrumb\"},\"inLanguage\":\"fr-FR\",\"potentialAction\":[{\"@type\":\"ReadAction\",\"target\":[\"https:\\\/\\\/www.bellunopress.it\\\/2012\\\/01\\\/23\\\/sabato-a-quero-va-in-scena-el-moroso-de-la-nona\\\/\"]}]},{\"@type\":\"BreadcrumbList\",\"@id\":\"https:\\\/\\\/www.bellunopress.it\\\/2012\\\/01\\\/23\\\/sabato-a-quero-va-in-scena-el-moroso-de-la-nona\\\/#breadcrumb\",\"itemListElement\":[{\"@type\":\"ListItem\",\"position\":1,\"name\":\"Home\",\"item\":\"https:\\\/\\\/www.bellunopress.it\\\/\"},{\"@type\":\"ListItem\",\"position\":2,\"name\":\"Sabato a Quero va in scena &#8220;El moroso de la nona&#8221;\"}]},{\"@type\":\"WebSite\",\"@id\":\"https:\\\/\\\/www.bellunopress.it\\\/#website\",\"url\":\"https:\\\/\\\/www.bellunopress.it\\\/\",\"name\":\"Bellunopress - Dolomiti\",\"description\":\"e-mail: redazione@bellunopress.it\",\"publisher\":{\"@id\":\"https:\\\/\\\/www.bellunopress.it\\\/#organization\"},\"potentialAction\":[{\"@type\":\"SearchAction\",\"target\":{\"@type\":\"EntryPoint\",\"urlTemplate\":\"https:\\\/\\\/www.bellunopress.it\\\/?s={search_term_string}\"},\"query-input\":{\"@type\":\"PropertyValueSpecification\",\"valueRequired\":true,\"valueName\":\"search_term_string\"}}],\"inLanguage\":\"fr-FR\"},{\"@type\":\"Organization\",\"@id\":\"https:\\\/\\\/www.bellunopress.it\\\/#organization\",\"name\":\"Bellunopress\",\"url\":\"https:\\\/\\\/www.bellunopress.it\\\/\",\"logo\":{\"@type\":\"ImageObject\",\"inLanguage\":\"fr-FR\",\"@id\":\"https:\\\/\\\/www.bellunopress.it\\\/#\\\/schema\\\/logo\\\/image\\\/\",\"url\":\"https:\\\/\\\/www.bellunopress.it\\\/wp-content\\\/uploads\\\/2011\\\/05\\\/cropped-logo-bellunopress-.jpg\",\"contentUrl\":\"https:\\\/\\\/www.bellunopress.it\\\/wp-content\\\/uploads\\\/2011\\\/05\\\/cropped-logo-bellunopress-.jpg\",\"width\":512,\"height\":512,\"caption\":\"Bellunopress\"},\"image\":{\"@id\":\"https:\\\/\\\/www.bellunopress.it\\\/#\\\/schema\\\/logo\\\/image\\\/\"},\"sameAs\":[\"https:\\\/\\\/www.facebook.com\\\/profile.php?id=100008943462799\",\"https:\\\/\\\/x.com\\\/bellunopress\",\"https:\\\/\\\/www.linkedin.com\\\/hp\\\/?dnr=JBzUWaJfMUw8vbXJJ2tVW5-I3jZKvC4wsoxE&amp;amp;amp;amp;amp;amp;trk=nav_responsive_tab_home\",\"https:\\\/\\\/www.youtube.com\\\/channel\\\/UCxL0wu1uN0_3_7hGG0306cw\"]},{\"@type\":\"Person\",\"@id\":\"https:\\\/\\\/www.bellunopress.it\\\/#\\\/schema\\\/person\\\/79bb06722b37ece1c03d3e94beb30d73\",\"name\":\"redazione\",\"image\":{\"@type\":\"ImageObject\",\"inLanguage\":\"fr-FR\",\"@id\":\"https:\\\/\\\/secure.gravatar.com\\\/avatar\\\/37d968a2e67a6fd04c169c4bdef102d0bc5d31b2546345219e348575eb80e9a0?s=96&d=mm&r=g\",\"url\":\"https:\\\/\\\/secure.gravatar.com\\\/avatar\\\/37d968a2e67a6fd04c169c4bdef102d0bc5d31b2546345219e348575eb80e9a0?s=96&d=mm&r=g\",\"contentUrl\":\"https:\\\/\\\/secure.gravatar.com\\\/avatar\\\/37d968a2e67a6fd04c169c4bdef102d0bc5d31b2546345219e348575eb80e9a0?s=96&d=mm&r=g\",\"caption\":\"redazione\"},\"sameAs\":[\"http:\\\/\\\/www.bellunopress.it\",\"https:\\\/\\\/x.com\\\/bellunopress\"],\"url\":\"https:\\\/\\\/www.bellunopress.it\\\/fr\\\/author\\\/redazione\\\/\"}]}<\/script>\n<!-- \/ Yoast SEO plugin. -->","yoast_head_json":{"title":"Sabato a Quero va in scena \"El moroso de la nona\" - Bellunopress - Dolomiti","robots":{"index":"index","follow":"follow","max-snippet":"max-snippet:-1","max-image-preview":"max-image-preview:large","max-video-preview":"max-video-preview:-1"},"canonical":"https:\/\/www.bellunopress.it\/fr\/2012\/01\/23\/sabato-a-quero-va-in-scena-el-moroso-de-la-nona\/","og_locale":"fr_FR","og_type":"article","og_title":"Sabato a Quero va in scena \"El moroso de la nona\" - Bellunopress - Dolomiti","og_description":"Sabato 28 alle 20.30 \u201cEl moroso dela nona\u201d di Giacinto Gallina, dar\u00e0 il via alla 1\u00b0 Stagione di Prosa a Quero al Centro Culturale in Via Nazionale (vicino alla Chiesa). Lo spettacolo, messo in scena dalla compagnia Treviso Teatro, gi\u00e0 molto apprezzata a Pieve di Cadore, \u00e8 considerato la commedia di Gallina pi\u00f9 fortunata e [&hellip;]","og_url":"https:\/\/www.bellunopress.it\/fr\/2012\/01\/23\/sabato-a-quero-va-in-scena-el-moroso-de-la-nona\/","og_site_name":"Bellunopress - Dolomiti","article_publisher":"https:\/\/www.facebook.com\/profile.php?id=100008943462799","article_published_time":"2012-01-23T19:43:28+00:00","og_image":[{"url":"http:\/\/www.bellunopress.it\/wp-content\/uploads\/2012\/07\/logo-bellunopress-250x250-2012.jpg","type":"","width":"","height":""}],"author":"redazione","twitter_card":"summary_large_image","twitter_creator":"@bellunopress","twitter_site":"@bellunopress","twitter_misc":{"Written by":"redazione","Est. reading time":"2 minutes"},"schema":{"@context":"https:\/\/schema.org","@graph":[{"@type":"Article","@id":"https:\/\/www.bellunopress.it\/2012\/01\/23\/sabato-a-quero-va-in-scena-el-moroso-de-la-nona\/#article","isPartOf":{"@id":"https:\/\/www.bellunopress.it\/2012\/01\/23\/sabato-a-quero-va-in-scena-el-moroso-de-la-nona\/"},"author":{"name":"redazione","@id":"https:\/\/www.bellunopress.it\/#\/schema\/person\/79bb06722b37ece1c03d3e94beb30d73"},"headline":"Sabato a Quero va in scena &#8220;El moroso de la nona&#8221;","datePublished":"2012-01-23T19:43:28+00:00","mainEntityOfPage":{"@id":"https:\/\/www.bellunopress.it\/2012\/01\/23\/sabato-a-quero-va-in-scena-el-moroso-de-la-nona\/"},"wordCount":332,"publisher":{"@id":"https:\/\/www.bellunopress.it\/#organization"},"articleSection":["Appuntamenti, Eventi","Arte, Cultura, Spettacoli, Scienza","Pausa Caff\u00e8"],"inLanguage":"fr-FR"},{"@type":"WebPage","@id":"https:\/\/www.bellunopress.it\/2012\/01\/23\/sabato-a-quero-va-in-scena-el-moroso-de-la-nona\/","url":"https:\/\/www.bellunopress.it\/2012\/01\/23\/sabato-a-quero-va-in-scena-el-moroso-de-la-nona\/","name":"Sabato a Quero va in scena \"El moroso de la nona\" - Bellunopress - Dolomiti","isPartOf":{"@id":"https:\/\/www.bellunopress.it\/#website"},"datePublished":"2012-01-23T19:43:28+00:00","breadcrumb":{"@id":"https:\/\/www.bellunopress.it\/2012\/01\/23\/sabato-a-quero-va-in-scena-el-moroso-de-la-nona\/#breadcrumb"},"inLanguage":"fr-FR","potentialAction":[{"@type":"ReadAction","target":["https:\/\/www.bellunopress.it\/2012\/01\/23\/sabato-a-quero-va-in-scena-el-moroso-de-la-nona\/"]}]},{"@type":"BreadcrumbList","@id":"https:\/\/www.bellunopress.it\/2012\/01\/23\/sabato-a-quero-va-in-scena-el-moroso-de-la-nona\/#breadcrumb","itemListElement":[{"@type":"ListItem","position":1,"name":"Home","item":"https:\/\/www.bellunopress.it\/"},{"@type":"ListItem","position":2,"name":"Sabato a Quero va in scena &#8220;El moroso de la nona&#8221;"}]},{"@type":"WebSite","@id":"https:\/\/www.bellunopress.it\/#website","url":"https:\/\/www.bellunopress.it\/","name":"Bellunopress - Dolomiti","description":"e-mail: redazione@bellunopress.it","publisher":{"@id":"https:\/\/www.bellunopress.it\/#organization"},"potentialAction":[{"@type":"SearchAction","target":{"@type":"EntryPoint","urlTemplate":"https:\/\/www.bellunopress.it\/?s={search_term_string}"},"query-input":{"@type":"PropertyValueSpecification","valueRequired":true,"valueName":"search_term_string"}}],"inLanguage":"fr-FR"},{"@type":"Organization","@id":"https:\/\/www.bellunopress.it\/#organization","name":"Bellunopress","url":"https:\/\/www.bellunopress.it\/","logo":{"@type":"ImageObject","inLanguage":"fr-FR","@id":"https:\/\/www.bellunopress.it\/#\/schema\/logo\/image\/","url":"https:\/\/www.bellunopress.it\/wp-content\/uploads\/2011\/05\/cropped-logo-bellunopress-.jpg","contentUrl":"https:\/\/www.bellunopress.it\/wp-content\/uploads\/2011\/05\/cropped-logo-bellunopress-.jpg","width":512,"height":512,"caption":"Bellunopress"},"image":{"@id":"https:\/\/www.bellunopress.it\/#\/schema\/logo\/image\/"},"sameAs":["https:\/\/www.facebook.com\/profile.php?id=100008943462799","https:\/\/x.com\/bellunopress","https:\/\/www.linkedin.com\/hp\/?dnr=JBzUWaJfMUw8vbXJJ2tVW5-I3jZKvC4wsoxE&amp;amp;amp;amp;amp;amp;trk=nav_responsive_tab_home","https:\/\/www.youtube.com\/channel\/UCxL0wu1uN0_3_7hGG0306cw"]},{"@type":"Person","@id":"https:\/\/www.bellunopress.it\/#\/schema\/person\/79bb06722b37ece1c03d3e94beb30d73","name":"r\u00e9daction","image":{"@type":"ImageObject","inLanguage":"fr-FR","@id":"https:\/\/secure.gravatar.com\/avatar\/37d968a2e67a6fd04c169c4bdef102d0bc5d31b2546345219e348575eb80e9a0?s=96&d=mm&r=g","url":"https:\/\/secure.gravatar.com\/avatar\/37d968a2e67a6fd04c169c4bdef102d0bc5d31b2546345219e348575eb80e9a0?s=96&d=mm&r=g","contentUrl":"https:\/\/secure.gravatar.com\/avatar\/37d968a2e67a6fd04c169c4bdef102d0bc5d31b2546345219e348575eb80e9a0?s=96&d=mm&r=g","caption":"redazione"},"sameAs":["http:\/\/www.bellunopress.it","https:\/\/x.com\/bellunopress"],"url":"https:\/\/www.bellunopress.it\/fr\/author\/redazione\/"}]}},"_links":{"self":[{"href":"https:\/\/www.bellunopress.it\/fr\/wp-json\/wp\/v2\/posts\/34400","targetHints":{"allow":["GET"]}}],"collection":[{"href":"https:\/\/www.bellunopress.it\/fr\/wp-json\/wp\/v2\/posts"}],"about":[{"href":"https:\/\/www.bellunopress.it\/fr\/wp-json\/wp\/v2\/types\/post"}],"author":[{"embeddable":true,"href":"https:\/\/www.bellunopress.it\/fr\/wp-json\/wp\/v2\/users\/2"}],"replies":[{"embeddable":true,"href":"https:\/\/www.bellunopress.it\/fr\/wp-json\/wp\/v2\/comments?post=34400"}],"version-history":[{"count":1,"href":"https:\/\/www.bellunopress.it\/fr\/wp-json\/wp\/v2\/posts\/34400\/revisions"}],"predecessor-version":[{"id":34401,"href":"https:\/\/www.bellunopress.it\/fr\/wp-json\/wp\/v2\/posts\/34400\/revisions\/34401"}],"wp:attachment":[{"href":"https:\/\/www.bellunopress.it\/fr\/wp-json\/wp\/v2\/media?parent=34400"}],"wp:term":[{"taxonomy":"category","embeddable":true,"href":"https:\/\/www.bellunopress.it\/fr\/wp-json\/wp\/v2\/categories?post=34400"},{"taxonomy":"post_tag","embeddable":true,"href":"https:\/\/www.bellunopress.it\/fr\/wp-json\/wp\/v2\/tags?post=34400"}],"curies":[{"name":"wp","href":"https:\/\/api.w.org\/{rel}","templated":true}]}}