{"id":34386,"date":"2012-01-23T17:22:07","date_gmt":"2012-01-23T16:22:07","guid":{"rendered":"http:\/\/www.bellunopress.it\/?p=34386"},"modified":"2012-01-23T17:22:07","modified_gmt":"2012-01-23T16:22:07","slug":"stagione-di-danza-spostato-a-martedi-7-febbraio-il-balletto-giselle-al-teatro-comunale-di-belluno","status":"publish","type":"post","link":"https:\/\/www.bellunopress.it\/fr\/2012\/01\/23\/stagione-di-danza-spostato-a-martedi-7-febbraio-il-balletto-giselle-al-teatro-comunale-di-belluno\/","title":{"rendered":"Stagione di danza: spostato a marted\u00ec 7 febbraio il balletto &#8220;Giselle&#8221; al Teatro comunale di Belluno"},"content":{"rendered":"<p>A causa dell\u2019annullamento dell\u2019intera tourn\u00e8e italiana dello Slovak National Theatre sabato 28 gennaio non andr\u00e0 in scena lo spettacolo Giselle programmato al Teatro Comunale di Belluno nell\u2019ambito della STAGIONE DI DANZA 2010\/12 promossa e organizzata dal Circuito Teatrale Arteven \/ Regione del Veneto e dalla Fondazione Teatri delle Dolomiti in collaborazione con TIB Teatro. L\u2019appuntamento in calendario viene recuperato Marted\u00ec 7 febbraio alle 20.45 quando sar\u00e0 il Russian Classical Theatre &#8211; oggi una delle pi\u00f9 prestigiose Compagnie di balletto in Russia, fondata a Mosca da grandi ballerini di provenienti dai Teatri di Balletto dell\u2019Ucraina, della Moldavia e altri paesi della CSI &#8211; a mettere in scena GISELLE, il balletto classico e romantico per eccellenza ideato da un grande della letteratura francese: Th\u00e9ophile\u00a0 Gautier.<\/p>\n<p><a href=\"http:\/\/www.bellunopress.it\/wp-content\/uploads\/2010\/01\/teatro-comunale-leggeriss.jpg\"><img loading=\"lazy\" decoding=\"async\" class=\"alignleft size-full wp-image-11952\" title=\"teatro-comunale-leggeriss\" src=\"http:\/\/www.bellunopress.it\/wp-content\/uploads\/2010\/01\/teatro-comunale-leggeriss.jpg\" alt=\"\" width=\"135\" height=\"108\" \/><\/a>INFO e PRENOTAZIONI Tel. 0437 943303 dal marted\u00ec al venerd\u00ec ore 10.30 -12.30 e 15.30 \u2013 17.30 e <a href=\"mailto:info@tibteatro.it\">info@tibteatro.it<\/a> Biglietto \u20ac 20,00 \u2013 Biglietto Gruppi Scuola unico \u20ac 10,00 biglietteria tutti i giorni di spettacolo ore 11 \u2013 13 e 17 &#8211; 20. I biglietti prenotati devono essere obbligatoriamente ritirati almeno un&#8217;ora prima dell&#8217;inizio dello spettacolo. Si prega, in ogni caso, di comunicare l&#8217;eventuale annullo della prenotazione <a href=\"http:\/\/www.arteven.it\">www.arteven.it<\/a><\/p>","protected":false},"excerpt":{"rendered":"<p>A causa dell\u2019annullamento dell\u2019intera tourn\u00e8e italiana dello Slovak National Theatre sabato 28 gennaio non andr\u00e0 in scena lo spettacolo Giselle programmato al Teatro Comunale di Belluno nell\u2019ambito della STAGIONE DI DANZA 2010\/12 promossa e organizzata dal Circuito Teatrale Arteven \/ Regione del Veneto e dalla Fondazione Teatri delle Dolomiti in collaborazione con TIB Teatro. L\u2019appuntamento [&hellip;]<\/p>\n","protected":false},"author":2,"featured_media":0,"comment_status":"closed","ping_status":"open","sticky":false,"template":"","format":"standard","meta":{"footnotes":""},"categories":[27,3,25],"tags":[],"class_list":["post-34386","post","type-post","status-publish","format-standard","category-appuntamenti","category-arte-cultura-spettacoli-scienza-archivi","category-pausa-caffe"],"yoast_head":"<!-- This site is optimized with the Yoast SEO plugin v28.4 - https:\/\/yoast.com\/product\/yoast-seo-wordpress\/ -->\n<title>Stagione di danza: spostato a marted\u00ec 7 febbraio il balletto &quot;Giselle&quot; al Teatro comunale di Belluno - Bellunopress - Dolomiti<\/title>\n<meta name=\"robots\" content=\"index, follow, max-snippet:-1, max-image-preview:large, max-video-preview:-1\" \/>\n<link rel=\"canonical\" href=\"https:\/\/www.bellunopress.it\/fr\/2012\/01\/23\/stagione-di-danza-spostato-a-martedi-7-febbraio-il-balletto-giselle-al-teatro-comunale-di-belluno\/\" \/>\n<meta property=\"og:locale\" content=\"fr_FR\" \/>\n<meta property=\"og:type\" content=\"article\" \/>\n<meta property=\"og:title\" content=\"Stagione di danza: spostato a marted\u00ec 7 febbraio il balletto &quot;Giselle&quot; al Teatro comunale di Belluno - Bellunopress - Dolomiti\" \/>\n<meta property=\"og:description\" content=\"A causa dell\u2019annullamento dell\u2019intera tourn\u00e8e italiana dello Slovak National Theatre sabato 28 gennaio non andr\u00e0 in scena lo spettacolo Giselle programmato al Teatro Comunale di Belluno nell\u2019ambito della STAGIONE DI DANZA 2010\/12 promossa e organizzata dal Circuito Teatrale Arteven \/ Regione del Veneto e dalla Fondazione Teatri delle Dolomiti in collaborazione con TIB Teatro. L\u2019appuntamento [&hellip;]\" \/>\n<meta property=\"og:url\" content=\"https:\/\/www.bellunopress.it\/fr\/2012\/01\/23\/stagione-di-danza-spostato-a-martedi-7-febbraio-il-balletto-giselle-al-teatro-comunale-di-belluno\/\" \/>\n<meta property=\"og:site_name\" content=\"Bellunopress - Dolomiti\" \/>\n<meta property=\"article:publisher\" content=\"https:\/\/www.facebook.com\/profile.php?id=100008943462799\" \/>\n<meta property=\"article:published_time\" content=\"2012-01-23T16:22:07+00:00\" \/>\n<meta property=\"og:image\" content=\"http:\/\/www.bellunopress.it\/wp-content\/uploads\/2010\/01\/teatro-comunale-leggeriss.jpg\" \/>\n<meta name=\"author\" content=\"redazione\" \/>\n<meta name=\"twitter:card\" content=\"summary_large_image\" \/>\n<meta name=\"twitter:creator\" content=\"@bellunopress\" \/>\n<meta name=\"twitter:site\" content=\"@bellunopress\" \/>\n<meta name=\"twitter:label1\" content=\"\u00c9crit par\" \/>\n\t<meta name=\"twitter:data1\" content=\"redazione\" \/>\n\t<meta name=\"twitter:label2\" content=\"Dur\u00e9e de lecture estim\u00e9e\" \/>\n\t<meta name=\"twitter:data2\" content=\"1 minute\" \/>\n<script type=\"application\/ld+json\" class=\"yoast-schema-graph\">{\"@context\":\"https:\\\/\\\/schema.org\",\"@graph\":[{\"@type\":\"Article\",\"@id\":\"https:\\\/\\\/www.bellunopress.it\\\/2012\\\/01\\\/23\\\/stagione-di-danza-spostato-a-martedi-7-febbraio-il-balletto-giselle-al-teatro-comunale-di-belluno\\\/#article\",\"isPartOf\":{\"@id\":\"https:\\\/\\\/www.bellunopress.it\\\/2012\\\/01\\\/23\\\/stagione-di-danza-spostato-a-martedi-7-febbraio-il-balletto-giselle-al-teatro-comunale-di-belluno\\\/\"},\"author\":{\"name\":\"redazione\",\"@id\":\"https:\\\/\\\/www.bellunopress.it\\\/#\\\/schema\\\/person\\\/79bb06722b37ece1c03d3e94beb30d73\"},\"headline\":\"Stagione di danza: spostato a marted\u00ec 7 febbraio il balletto &#8220;Giselle&#8221; al Teatro comunale di Belluno\",\"datePublished\":\"2012-01-23T16:22:07+00:00\",\"mainEntityOfPage\":{\"@id\":\"https:\\\/\\\/www.bellunopress.it\\\/2012\\\/01\\\/23\\\/stagione-di-danza-spostato-a-martedi-7-febbraio-il-balletto-giselle-al-teatro-comunale-di-belluno\\\/\"},\"wordCount\":199,\"publisher\":{\"@id\":\"https:\\\/\\\/www.bellunopress.it\\\/#organization\"},\"image\":{\"@id\":\"https:\\\/\\\/www.bellunopress.it\\\/2012\\\/01\\\/23\\\/stagione-di-danza-spostato-a-martedi-7-febbraio-il-balletto-giselle-al-teatro-comunale-di-belluno\\\/#primaryimage\"},\"thumbnailUrl\":\"http:\\\/\\\/www.bellunopress.it\\\/wp-content\\\/uploads\\\/2010\\\/01\\\/teatro-comunale-leggeriss.jpg\",\"articleSection\":[\"Appuntamenti, Eventi\",\"Arte, Cultura, Spettacoli, Scienza\",\"Pausa Caff\u00e8\"],\"inLanguage\":\"fr-FR\"},{\"@type\":\"WebPage\",\"@id\":\"https:\\\/\\\/www.bellunopress.it\\\/2012\\\/01\\\/23\\\/stagione-di-danza-spostato-a-martedi-7-febbraio-il-balletto-giselle-al-teatro-comunale-di-belluno\\\/\",\"url\":\"https:\\\/\\\/www.bellunopress.it\\\/2012\\\/01\\\/23\\\/stagione-di-danza-spostato-a-martedi-7-febbraio-il-balletto-giselle-al-teatro-comunale-di-belluno\\\/\",\"name\":\"Stagione di danza: spostato a marted\u00ec 7 febbraio il balletto \\\"Giselle\\\" al Teatro comunale di Belluno - Bellunopress - Dolomiti\",\"isPartOf\":{\"@id\":\"https:\\\/\\\/www.bellunopress.it\\\/#website\"},\"primaryImageOfPage\":{\"@id\":\"https:\\\/\\\/www.bellunopress.it\\\/2012\\\/01\\\/23\\\/stagione-di-danza-spostato-a-martedi-7-febbraio-il-balletto-giselle-al-teatro-comunale-di-belluno\\\/#primaryimage\"},\"image\":{\"@id\":\"https:\\\/\\\/www.bellunopress.it\\\/2012\\\/01\\\/23\\\/stagione-di-danza-spostato-a-martedi-7-febbraio-il-balletto-giselle-al-teatro-comunale-di-belluno\\\/#primaryimage\"},\"thumbnailUrl\":\"http:\\\/\\\/www.bellunopress.it\\\/wp-content\\\/uploads\\\/2010\\\/01\\\/teatro-comunale-leggeriss.jpg\",\"datePublished\":\"2012-01-23T16:22:07+00:00\",\"breadcrumb\":{\"@id\":\"https:\\\/\\\/www.bellunopress.it\\\/2012\\\/01\\\/23\\\/stagione-di-danza-spostato-a-martedi-7-febbraio-il-balletto-giselle-al-teatro-comunale-di-belluno\\\/#breadcrumb\"},\"inLanguage\":\"fr-FR\",\"potentialAction\":[{\"@type\":\"ReadAction\",\"target\":[\"https:\\\/\\\/www.bellunopress.it\\\/2012\\\/01\\\/23\\\/stagione-di-danza-spostato-a-martedi-7-febbraio-il-balletto-giselle-al-teatro-comunale-di-belluno\\\/\"]}]},{\"@type\":\"ImageObject\",\"inLanguage\":\"fr-FR\",\"@id\":\"https:\\\/\\\/www.bellunopress.it\\\/2012\\\/01\\\/23\\\/stagione-di-danza-spostato-a-martedi-7-febbraio-il-balletto-giselle-al-teatro-comunale-di-belluno\\\/#primaryimage\",\"url\":\"http:\\\/\\\/www.bellunopress.it\\\/wp-content\\\/uploads\\\/2010\\\/01\\\/teatro-comunale-leggeriss.jpg\",\"contentUrl\":\"http:\\\/\\\/www.bellunopress.it\\\/wp-content\\\/uploads\\\/2010\\\/01\\\/teatro-comunale-leggeriss.jpg\"},{\"@type\":\"BreadcrumbList\",\"@id\":\"https:\\\/\\\/www.bellunopress.it\\\/2012\\\/01\\\/23\\\/stagione-di-danza-spostato-a-martedi-7-febbraio-il-balletto-giselle-al-teatro-comunale-di-belluno\\\/#breadcrumb\",\"itemListElement\":[{\"@type\":\"ListItem\",\"position\":1,\"name\":\"Home\",\"item\":\"https:\\\/\\\/www.bellunopress.it\\\/\"},{\"@type\":\"ListItem\",\"position\":2,\"name\":\"Stagione di danza: spostato a marted\u00ec 7 febbraio il balletto &#8220;Giselle&#8221; al Teatro comunale di Belluno\"}]},{\"@type\":\"WebSite\",\"@id\":\"https:\\\/\\\/www.bellunopress.it\\\/#website\",\"url\":\"https:\\\/\\\/www.bellunopress.it\\\/\",\"name\":\"Bellunopress - Dolomiti\",\"description\":\"e-mail: redazione@bellunopress.it\",\"publisher\":{\"@id\":\"https:\\\/\\\/www.bellunopress.it\\\/#organization\"},\"potentialAction\":[{\"@type\":\"SearchAction\",\"target\":{\"@type\":\"EntryPoint\",\"urlTemplate\":\"https:\\\/\\\/www.bellunopress.it\\\/?s={search_term_string}\"},\"query-input\":{\"@type\":\"PropertyValueSpecification\",\"valueRequired\":true,\"valueName\":\"search_term_string\"}}],\"inLanguage\":\"fr-FR\"},{\"@type\":\"Organization\",\"@id\":\"https:\\\/\\\/www.bellunopress.it\\\/#organization\",\"name\":\"Bellunopress\",\"url\":\"https:\\\/\\\/www.bellunopress.it\\\/\",\"logo\":{\"@type\":\"ImageObject\",\"inLanguage\":\"fr-FR\",\"@id\":\"https:\\\/\\\/www.bellunopress.it\\\/#\\\/schema\\\/logo\\\/image\\\/\",\"url\":\"https:\\\/\\\/www.bellunopress.it\\\/wp-content\\\/uploads\\\/2011\\\/05\\\/cropped-logo-bellunopress-.jpg\",\"contentUrl\":\"https:\\\/\\\/www.bellunopress.it\\\/wp-content\\\/uploads\\\/2011\\\/05\\\/cropped-logo-bellunopress-.jpg\",\"width\":512,\"height\":512,\"caption\":\"Bellunopress\"},\"image\":{\"@id\":\"https:\\\/\\\/www.bellunopress.it\\\/#\\\/schema\\\/logo\\\/image\\\/\"},\"sameAs\":[\"https:\\\/\\\/www.facebook.com\\\/profile.php?id=100008943462799\",\"https:\\\/\\\/x.com\\\/bellunopress\",\"https:\\\/\\\/www.linkedin.com\\\/hp\\\/?dnr=JBzUWaJfMUw8vbXJJ2tVW5-I3jZKvC4wsoxE&amp;amp;amp;amp;amp;amp;trk=nav_responsive_tab_home\",\"https:\\\/\\\/www.youtube.com\\\/channel\\\/UCxL0wu1uN0_3_7hGG0306cw\"]},{\"@type\":\"Person\",\"@id\":\"https:\\\/\\\/www.bellunopress.it\\\/#\\\/schema\\\/person\\\/79bb06722b37ece1c03d3e94beb30d73\",\"name\":\"redazione\",\"image\":{\"@type\":\"ImageObject\",\"inLanguage\":\"fr-FR\",\"@id\":\"https:\\\/\\\/secure.gravatar.com\\\/avatar\\\/37d968a2e67a6fd04c169c4bdef102d0bc5d31b2546345219e348575eb80e9a0?s=96&d=mm&r=g\",\"url\":\"https:\\\/\\\/secure.gravatar.com\\\/avatar\\\/37d968a2e67a6fd04c169c4bdef102d0bc5d31b2546345219e348575eb80e9a0?s=96&d=mm&r=g\",\"contentUrl\":\"https:\\\/\\\/secure.gravatar.com\\\/avatar\\\/37d968a2e67a6fd04c169c4bdef102d0bc5d31b2546345219e348575eb80e9a0?s=96&d=mm&r=g\",\"caption\":\"redazione\"},\"sameAs\":[\"http:\\\/\\\/www.bellunopress.it\",\"https:\\\/\\\/x.com\\\/bellunopress\"],\"url\":\"https:\\\/\\\/www.bellunopress.it\\\/fr\\\/author\\\/redazione\\\/\"}]}<\/script>\n<!-- \/ Yoast SEO plugin. -->","yoast_head_json":{"title":"Stagione di danza: spostato a marted\u00ec 7 febbraio il balletto \"Giselle\" al Teatro comunale di Belluno - Bellunopress - Dolomiti","robots":{"index":"index","follow":"follow","max-snippet":"max-snippet:-1","max-image-preview":"max-image-preview:large","max-video-preview":"max-video-preview:-1"},"canonical":"https:\/\/www.bellunopress.it\/fr\/2012\/01\/23\/stagione-di-danza-spostato-a-martedi-7-febbraio-il-balletto-giselle-al-teatro-comunale-di-belluno\/","og_locale":"fr_FR","og_type":"article","og_title":"Stagione di danza: spostato a marted\u00ec 7 febbraio il balletto \"Giselle\" al Teatro comunale di Belluno - Bellunopress - Dolomiti","og_description":"A causa dell\u2019annullamento dell\u2019intera tourn\u00e8e italiana dello Slovak National Theatre sabato 28 gennaio non andr\u00e0 in scena lo spettacolo Giselle programmato al Teatro Comunale di Belluno nell\u2019ambito della STAGIONE DI DANZA 2010\/12 promossa e organizzata dal Circuito Teatrale Arteven \/ Regione del Veneto e dalla Fondazione Teatri delle Dolomiti in collaborazione con TIB Teatro. L\u2019appuntamento [&hellip;]","og_url":"https:\/\/www.bellunopress.it\/fr\/2012\/01\/23\/stagione-di-danza-spostato-a-martedi-7-febbraio-il-balletto-giselle-al-teatro-comunale-di-belluno\/","og_site_name":"Bellunopress - Dolomiti","article_publisher":"https:\/\/www.facebook.com\/profile.php?id=100008943462799","article_published_time":"2012-01-23T16:22:07+00:00","og_image":[{"url":"http:\/\/www.bellunopress.it\/wp-content\/uploads\/2010\/01\/teatro-comunale-leggeriss.jpg","type":"","width":"","height":""}],"author":"redazione","twitter_card":"summary_large_image","twitter_creator":"@bellunopress","twitter_site":"@bellunopress","twitter_misc":{"\u00c9crit par":"redazione","Dur\u00e9e de lecture estim\u00e9e":"1 minute"},"schema":{"@context":"https:\/\/schema.org","@graph":[{"@type":"Article","@id":"https:\/\/www.bellunopress.it\/2012\/01\/23\/stagione-di-danza-spostato-a-martedi-7-febbraio-il-balletto-giselle-al-teatro-comunale-di-belluno\/#article","isPartOf":{"@id":"https:\/\/www.bellunopress.it\/2012\/01\/23\/stagione-di-danza-spostato-a-martedi-7-febbraio-il-balletto-giselle-al-teatro-comunale-di-belluno\/"},"author":{"name":"redazione","@id":"https:\/\/www.bellunopress.it\/#\/schema\/person\/79bb06722b37ece1c03d3e94beb30d73"},"headline":"Stagione di danza: spostato a marted\u00ec 7 febbraio il balletto &#8220;Giselle&#8221; al Teatro comunale di Belluno","datePublished":"2012-01-23T16:22:07+00:00","mainEntityOfPage":{"@id":"https:\/\/www.bellunopress.it\/2012\/01\/23\/stagione-di-danza-spostato-a-martedi-7-febbraio-il-balletto-giselle-al-teatro-comunale-di-belluno\/"},"wordCount":199,"publisher":{"@id":"https:\/\/www.bellunopress.it\/#organization"},"image":{"@id":"https:\/\/www.bellunopress.it\/2012\/01\/23\/stagione-di-danza-spostato-a-martedi-7-febbraio-il-balletto-giselle-al-teatro-comunale-di-belluno\/#primaryimage"},"thumbnailUrl":"http:\/\/www.bellunopress.it\/wp-content\/uploads\/2010\/01\/teatro-comunale-leggeriss.jpg","articleSection":["Appuntamenti, Eventi","Arte, Cultura, Spettacoli, Scienza","Pausa Caff\u00e8"],"inLanguage":"fr-FR"},{"@type":"WebPage","@id":"https:\/\/www.bellunopress.it\/2012\/01\/23\/stagione-di-danza-spostato-a-martedi-7-febbraio-il-balletto-giselle-al-teatro-comunale-di-belluno\/","url":"https:\/\/www.bellunopress.it\/2012\/01\/23\/stagione-di-danza-spostato-a-martedi-7-febbraio-il-balletto-giselle-al-teatro-comunale-di-belluno\/","name":"Stagione di danza: spostato a marted\u00ec 7 febbraio il balletto \"Giselle\" al Teatro comunale di Belluno - Bellunopress - Dolomiti","isPartOf":{"@id":"https:\/\/www.bellunopress.it\/#website"},"primaryImageOfPage":{"@id":"https:\/\/www.bellunopress.it\/2012\/01\/23\/stagione-di-danza-spostato-a-martedi-7-febbraio-il-balletto-giselle-al-teatro-comunale-di-belluno\/#primaryimage"},"image":{"@id":"https:\/\/www.bellunopress.it\/2012\/01\/23\/stagione-di-danza-spostato-a-martedi-7-febbraio-il-balletto-giselle-al-teatro-comunale-di-belluno\/#primaryimage"},"thumbnailUrl":"http:\/\/www.bellunopress.it\/wp-content\/uploads\/2010\/01\/teatro-comunale-leggeriss.jpg","datePublished":"2012-01-23T16:22:07+00:00","breadcrumb":{"@id":"https:\/\/www.bellunopress.it\/2012\/01\/23\/stagione-di-danza-spostato-a-martedi-7-febbraio-il-balletto-giselle-al-teatro-comunale-di-belluno\/#breadcrumb"},"inLanguage":"fr-FR","potentialAction":[{"@type":"ReadAction","target":["https:\/\/www.bellunopress.it\/2012\/01\/23\/stagione-di-danza-spostato-a-martedi-7-febbraio-il-balletto-giselle-al-teatro-comunale-di-belluno\/"]}]},{"@type":"ImageObject","inLanguage":"fr-FR","@id":"https:\/\/www.bellunopress.it\/2012\/01\/23\/stagione-di-danza-spostato-a-martedi-7-febbraio-il-balletto-giselle-al-teatro-comunale-di-belluno\/#primaryimage","url":"http:\/\/www.bellunopress.it\/wp-content\/uploads\/2010\/01\/teatro-comunale-leggeriss.jpg","contentUrl":"http:\/\/www.bellunopress.it\/wp-content\/uploads\/2010\/01\/teatro-comunale-leggeriss.jpg"},{"@type":"BreadcrumbList","@id":"https:\/\/www.bellunopress.it\/2012\/01\/23\/stagione-di-danza-spostato-a-martedi-7-febbraio-il-balletto-giselle-al-teatro-comunale-di-belluno\/#breadcrumb","itemListElement":[{"@type":"ListItem","position":1,"name":"Home","item":"https:\/\/www.bellunopress.it\/"},{"@type":"ListItem","position":2,"name":"Stagione di danza: spostato a marted\u00ec 7 febbraio il balletto &#8220;Giselle&#8221; al Teatro comunale di Belluno"}]},{"@type":"WebSite","@id":"https:\/\/www.bellunopress.it\/#website","url":"https:\/\/www.bellunopress.it\/","name":"Bellunopress - Dolomiti","description":"e-mail: redazione@bellunopress.it","publisher":{"@id":"https:\/\/www.bellunopress.it\/#organization"},"potentialAction":[{"@type":"SearchAction","target":{"@type":"EntryPoint","urlTemplate":"https:\/\/www.bellunopress.it\/?s={search_term_string}"},"query-input":{"@type":"PropertyValueSpecification","valueRequired":true,"valueName":"search_term_string"}}],"inLanguage":"fr-FR"},{"@type":"Organization","@id":"https:\/\/www.bellunopress.it\/#organization","name":"Bellunopress","url":"https:\/\/www.bellunopress.it\/","logo":{"@type":"ImageObject","inLanguage":"fr-FR","@id":"https:\/\/www.bellunopress.it\/#\/schema\/logo\/image\/","url":"https:\/\/www.bellunopress.it\/wp-content\/uploads\/2011\/05\/cropped-logo-bellunopress-.jpg","contentUrl":"https:\/\/www.bellunopress.it\/wp-content\/uploads\/2011\/05\/cropped-logo-bellunopress-.jpg","width":512,"height":512,"caption":"Bellunopress"},"image":{"@id":"https:\/\/www.bellunopress.it\/#\/schema\/logo\/image\/"},"sameAs":["https:\/\/www.facebook.com\/profile.php?id=100008943462799","https:\/\/x.com\/bellunopress","https:\/\/www.linkedin.com\/hp\/?dnr=JBzUWaJfMUw8vbXJJ2tVW5-I3jZKvC4wsoxE&amp;amp;amp;amp;amp;amp;trk=nav_responsive_tab_home","https:\/\/www.youtube.com\/channel\/UCxL0wu1uN0_3_7hGG0306cw"]},{"@type":"Person","@id":"https:\/\/www.bellunopress.it\/#\/schema\/person\/79bb06722b37ece1c03d3e94beb30d73","name":"r\u00e9daction","image":{"@type":"ImageObject","inLanguage":"fr-FR","@id":"https:\/\/secure.gravatar.com\/avatar\/37d968a2e67a6fd04c169c4bdef102d0bc5d31b2546345219e348575eb80e9a0?s=96&d=mm&r=g","url":"https:\/\/secure.gravatar.com\/avatar\/37d968a2e67a6fd04c169c4bdef102d0bc5d31b2546345219e348575eb80e9a0?s=96&d=mm&r=g","contentUrl":"https:\/\/secure.gravatar.com\/avatar\/37d968a2e67a6fd04c169c4bdef102d0bc5d31b2546345219e348575eb80e9a0?s=96&d=mm&r=g","caption":"redazione"},"sameAs":["http:\/\/www.bellunopress.it","https:\/\/x.com\/bellunopress"],"url":"https:\/\/www.bellunopress.it\/fr\/author\/redazione\/"}]}},"_links":{"self":[{"href":"https:\/\/www.bellunopress.it\/fr\/wp-json\/wp\/v2\/posts\/34386","targetHints":{"allow":["GET"]}}],"collection":[{"href":"https:\/\/www.bellunopress.it\/fr\/wp-json\/wp\/v2\/posts"}],"about":[{"href":"https:\/\/www.bellunopress.it\/fr\/wp-json\/wp\/v2\/types\/post"}],"author":[{"embeddable":true,"href":"https:\/\/www.bellunopress.it\/fr\/wp-json\/wp\/v2\/users\/2"}],"replies":[{"embeddable":true,"href":"https:\/\/www.bellunopress.it\/fr\/wp-json\/wp\/v2\/comments?post=34386"}],"version-history":[{"count":2,"href":"https:\/\/www.bellunopress.it\/fr\/wp-json\/wp\/v2\/posts\/34386\/revisions"}],"predecessor-version":[{"id":34388,"href":"https:\/\/www.bellunopress.it\/fr\/wp-json\/wp\/v2\/posts\/34386\/revisions\/34388"}],"wp:attachment":[{"href":"https:\/\/www.bellunopress.it\/fr\/wp-json\/wp\/v2\/media?parent=34386"}],"wp:term":[{"taxonomy":"category","embeddable":true,"href":"https:\/\/www.bellunopress.it\/fr\/wp-json\/wp\/v2\/categories?post=34386"},{"taxonomy":"post_tag","embeddable":true,"href":"https:\/\/www.bellunopress.it\/fr\/wp-json\/wp\/v2\/tags?post=34386"}],"curies":[{"name":"wp","href":"https:\/\/api.w.org\/{rel}","templated":true}]}}