{"id":34377,"date":"2012-01-23T12:18:10","date_gmt":"2012-01-23T11:18:10","guid":{"rendered":"http:\/\/www.bellunopress.it\/?p=34377"},"modified":"2012-01-23T12:18:10","modified_gmt":"2012-01-23T11:18:10","slug":"giorno-della-memoria-mercoledi-linaugurazione-della-mostra-nella-chiesa-di-santa-maria-dei-battuti","status":"publish","type":"post","link":"https:\/\/www.bellunopress.it\/fr\/2012\/01\/23\/giorno-della-memoria-mercoledi-linaugurazione-della-mostra-nella-chiesa-di-santa-maria-dei-battuti\/","title":{"rendered":"Giorno della Memoria: mercoled\u00ec l&#8217;inaugurazione della mostra nella Chiesa di Santa Maria dei Battuti"},"content":{"rendered":"<p><a href=\"http:\/\/www.bellunopress.it\/wp-content\/uploads\/2010\/04\/interno-chiesa-santa-maria-dei-battuti.jpg\"><img loading=\"lazy\" decoding=\"async\" class=\"alignleft size-full wp-image-14651\" title=\"interno-chiesa-santa-maria-dei-battuti\" src=\"http:\/\/www.bellunopress.it\/wp-content\/uploads\/2010\/04\/interno-chiesa-santa-maria-dei-battuti.jpg\" alt=\"\" width=\"280\" height=\"210\" \/><\/a>Il ricordo dello sterminio e delle persecuzioni del popolo ebraico e degli italiani che hanno subito la deportazione nei campi nazisti, reso solenne dall\u2019istituzione, nel 2000, del Giorno della Memoria, sar\u00e0 celebrato quest\u2019anno dalla Prefettura e dall\u2019Archivio di Stato con due eventi, idealmente collegati, che testimoniano i fatti e le vicende dell\u2019epoca e ne onorano i protagonisti nelle persone dei deportati.<br \/>\nIl 25 gennaio 2012, alle ore 10.15, l\u2019Archivio di Stato di Belluno inaugurer\u00e0 nella chiesa di Santa Maria dei Battuti, una mostra, intitolata \u201cDalla memoria alla coscienza della vita libera e civile\u201d, aperta fino al 24 febbraio 2012, che offrir\u00e0 l\u2019occasione per conoscere direttamente carte e atti d\u2019archivio &#8211; provenienti dall\u2019Ufficio di Gabinetto della Prefettura e dall\u2019Ufficio Scolastico di Belluno &#8211; relativi alla vita degli ebrei, che vivevano come residenti o come internati nel territorio, ed alle persecuzioni dagli stessi subite, letti attraverso l\u2019apparente normalit\u00e0 delle procedure burocratiche che ne davano attuazione.<br \/>\nDar\u00e0 lustro all\u2019apertura della mostra la prestigiosa partecipazione del Presidente della Comunit\u00e0 ebraica di Venezia, Amos Luzzatto, che sar\u00e0 idealmente presente, con un indirizzo di saluto, anche alla cerimonia che avr\u00e0 luogo in Prefettura nella ricorrenza del Giorno della Memoria.<br \/>\nIl 27 gennaio 2012, alle ore 11.00 nel Salone di Rappresentanza di Palazzo dei Rettori, il Prefetto ed i Sindaci dei Comuni di residenza degli interessati consegneranno le Medaglie d\u2019Onore concesse, ai sensi della legge n. 296\/2006, ai militari ed ai civili deportati o internati nei lager nazisti.<br \/>\nQuest\u2019anno gli insigniti della provincia di Belluno sono 24, di cui 5 viventi. Per le persone decedute o impossibilitate a muoversi, il riconoscimento sar\u00e0 ritirato dai familiari.<br \/>\nNel corso della cerimonia, alla quale prenderanno parte due giovani rappresentanti della Consulta Scolastica Provinciale, saranno ricordati i momenti salienti delle tragiche esperienze vissute da alcuni cittadini insigniti.<br \/>\nELENCO INSIGNITI DELLA MEDAGLIA D\u2019ONORE PER LA PROVINCIA DI BELLUNO<br \/>\n&#8211; BARP Giuseppe \u2013 DECEDUTO &#8211; Alano di Piave;<br \/>\n&#8211; MENEGHIN Antonio \u2013 DECEDUTO- Alano di Piave;<br \/>\n&#8211; MONDIN Giacomo \u2013 DECEDUTO &#8211; Alano di Piave;<br \/>\n&#8211; VALENTE Pietro \u2013 DECEDUTO &#8211; Alleghe;<br \/>\n&#8211; CORTE CARLONE Giordano, residente ad Auronzo di Cadore;<br \/>\n&#8211; STRAGA\u2019 Silvestro, residente a Belluno;<br \/>\n&#8211; OLIVIER Ottorino \u2013 DECEDUTO &#8211; Castellavazzo;<br \/>\n&#8211; ANDREAZZA Olfeo \u2013 DECEDUTO &#8211; Feltre;<br \/>\n&#8211; CECCATO Angelo \u2013 DECEDUTO &#8211; Feltre;<br \/>\n&#8211; VENTURIN Giuseppe \u2013 DECEDUTO- Lentiai;<br \/>\n&#8211; SUSANNA Rinaldo \u2013 DECEDUTO &#8211; Mel;<br \/>\n&#8211; GALLON Giuseppe \u2013 DECEDUTO &#8211; Mel;<br \/>\n&#8211; DORO Angelo \u2013 DECEDUTO &#8211; Pieve di Cadore;<br \/>\n&#8211; SOPRACOLLE Lucio \u2013 residente a Pieve di Cadore;<br \/>\n&#8211; MONDIN Elvira, residente a Quero;<br \/>\n&#8211; RECH Ester &#8211; DECEDUTA- Seren del Grappa;<br \/>\n&#8211; RECH Giovanna &#8211; DECEDUTA &#8211; Seren del Grappa;<br \/>\n&#8211; RECH Idalma, residente a Seren del Grappa;<br \/>\n&#8211; BONA Lucillo \u2013 DECEDUTO &#8211; Tambre;<br \/>\n&#8211; COSTA Rissieri \u2013 DECEDUTO &#8211; Tambre;<br \/>\n&#8211; COSTA Vincenzo \u2013 DECEDUTO &#8211; Tambre;<br \/>\n&#8211; DE PRA Umberto &#8211; DECEDUTO &#8211; Tambre;<br \/>\n&#8211; FACCHIN Attilio \u2013 DECEDUTO &#8211; Tambre;<br \/>\n&#8211; FACCHIN Primo \u2013 DECEDUTO \u2013 Tambre.<\/p>","protected":false},"excerpt":{"rendered":"<p>Il ricordo dello sterminio e delle persecuzioni del popolo ebraico e degli italiani che hanno subito la deportazione nei campi nazisti, reso solenne dall\u2019istituzione, nel 2000, del Giorno della Memoria, sar\u00e0 celebrato quest\u2019anno dalla Prefettura e dall\u2019Archivio di Stato con due eventi, idealmente collegati, che testimoniano i fatti e le vicende dell\u2019epoca e ne onorano [&hellip;]<\/p>\n","protected":false},"author":2,"featured_media":0,"comment_status":"closed","ping_status":"open","sticky":false,"template":"","format":"standard","meta":{"footnotes":""},"categories":[27,3,26],"tags":[],"class_list":["post-34377","post","type-post","status-publish","format-standard","category-appuntamenti","category-arte-cultura-spettacoli-scienza-archivi","category-prima-pagina"],"yoast_head":"<!-- This site is optimized with the Yoast SEO plugin v28.4 - https:\/\/yoast.com\/product\/yoast-seo-wordpress\/ -->\n<title>Giorno della Memoria: mercoled\u00ec l&#039;inaugurazione della mostra nella Chiesa di Santa Maria dei Battuti  - Bellunopress - Dolomiti<\/title>\n<meta name=\"robots\" content=\"index, follow, max-snippet:-1, max-image-preview:large, max-video-preview:-1\" \/>\n<link rel=\"canonical\" href=\"https:\/\/www.bellunopress.it\/fr\/2012\/01\/23\/giorno-della-memoria-mercoledi-linaugurazione-della-mostra-nella-chiesa-di-santa-maria-dei-battuti\/\" \/>\n<meta property=\"og:locale\" content=\"fr_FR\" \/>\n<meta property=\"og:type\" content=\"article\" \/>\n<meta property=\"og:title\" content=\"Giorno della Memoria: mercoled\u00ec l&#039;inaugurazione della mostra nella Chiesa di Santa Maria dei Battuti  - Bellunopress - Dolomiti\" \/>\n<meta property=\"og:description\" content=\"Il ricordo dello sterminio e delle persecuzioni del popolo ebraico e degli italiani che hanno subito la deportazione nei campi nazisti, reso solenne dall\u2019istituzione, nel 2000, del Giorno della Memoria, sar\u00e0 celebrato quest\u2019anno dalla Prefettura e dall\u2019Archivio di Stato con due eventi, idealmente collegati, che testimoniano i fatti e le vicende dell\u2019epoca e ne onorano [&hellip;]\" \/>\n<meta property=\"og:url\" content=\"https:\/\/www.bellunopress.it\/fr\/2012\/01\/23\/giorno-della-memoria-mercoledi-linaugurazione-della-mostra-nella-chiesa-di-santa-maria-dei-battuti\/\" \/>\n<meta property=\"og:site_name\" content=\"Bellunopress - Dolomiti\" \/>\n<meta property=\"article:publisher\" content=\"https:\/\/www.facebook.com\/profile.php?id=100008943462799\" \/>\n<meta property=\"article:published_time\" content=\"2012-01-23T11:18:10+00:00\" \/>\n<meta property=\"og:image\" content=\"http:\/\/www.bellunopress.it\/wp-content\/uploads\/2010\/04\/interno-chiesa-santa-maria-dei-battuti.jpg\" \/>\n<meta name=\"author\" content=\"redazione\" \/>\n<meta name=\"twitter:card\" content=\"summary_large_image\" \/>\n<meta name=\"twitter:creator\" content=\"@bellunopress\" \/>\n<meta name=\"twitter:site\" content=\"@bellunopress\" \/>\n<meta name=\"twitter:label1\" content=\"Written by\" \/>\n\t<meta name=\"twitter:data1\" content=\"redazione\" \/>\n\t<meta name=\"twitter:label2\" content=\"Est. reading time\" \/>\n\t<meta name=\"twitter:data2\" content=\"2 minutes\" \/>\n<script type=\"application\/ld+json\" class=\"yoast-schema-graph\">{\"@context\":\"https:\\\/\\\/schema.org\",\"@graph\":[{\"@type\":\"Article\",\"@id\":\"https:\\\/\\\/www.bellunopress.it\\\/2012\\\/01\\\/23\\\/giorno-della-memoria-mercoledi-linaugurazione-della-mostra-nella-chiesa-di-santa-maria-dei-battuti\\\/#article\",\"isPartOf\":{\"@id\":\"https:\\\/\\\/www.bellunopress.it\\\/2012\\\/01\\\/23\\\/giorno-della-memoria-mercoledi-linaugurazione-della-mostra-nella-chiesa-di-santa-maria-dei-battuti\\\/\"},\"author\":{\"name\":\"redazione\",\"@id\":\"https:\\\/\\\/www.bellunopress.it\\\/#\\\/schema\\\/person\\\/79bb06722b37ece1c03d3e94beb30d73\"},\"headline\":\"Giorno della Memoria: mercoled\u00ec l&#8217;inaugurazione della mostra nella Chiesa di Santa Maria dei Battuti\",\"datePublished\":\"2012-01-23T11:18:10+00:00\",\"mainEntityOfPage\":{\"@id\":\"https:\\\/\\\/www.bellunopress.it\\\/2012\\\/01\\\/23\\\/giorno-della-memoria-mercoledi-linaugurazione-della-mostra-nella-chiesa-di-santa-maria-dei-battuti\\\/\"},\"wordCount\":486,\"publisher\":{\"@id\":\"https:\\\/\\\/www.bellunopress.it\\\/#organization\"},\"image\":{\"@id\":\"https:\\\/\\\/www.bellunopress.it\\\/2012\\\/01\\\/23\\\/giorno-della-memoria-mercoledi-linaugurazione-della-mostra-nella-chiesa-di-santa-maria-dei-battuti\\\/#primaryimage\"},\"thumbnailUrl\":\"http:\\\/\\\/www.bellunopress.it\\\/wp-content\\\/uploads\\\/2010\\\/04\\\/interno-chiesa-santa-maria-dei-battuti.jpg\",\"articleSection\":[\"Appuntamenti, Eventi\",\"Arte, Cultura, Spettacoli, Scienza\",\"Prima Pagina\"],\"inLanguage\":\"fr-FR\"},{\"@type\":\"WebPage\",\"@id\":\"https:\\\/\\\/www.bellunopress.it\\\/2012\\\/01\\\/23\\\/giorno-della-memoria-mercoledi-linaugurazione-della-mostra-nella-chiesa-di-santa-maria-dei-battuti\\\/\",\"url\":\"https:\\\/\\\/www.bellunopress.it\\\/2012\\\/01\\\/23\\\/giorno-della-memoria-mercoledi-linaugurazione-della-mostra-nella-chiesa-di-santa-maria-dei-battuti\\\/\",\"name\":\"Giorno della Memoria: mercoled\u00ec l'inaugurazione della mostra nella Chiesa di Santa Maria dei Battuti - Bellunopress - Dolomiti\",\"isPartOf\":{\"@id\":\"https:\\\/\\\/www.bellunopress.it\\\/#website\"},\"primaryImageOfPage\":{\"@id\":\"https:\\\/\\\/www.bellunopress.it\\\/2012\\\/01\\\/23\\\/giorno-della-memoria-mercoledi-linaugurazione-della-mostra-nella-chiesa-di-santa-maria-dei-battuti\\\/#primaryimage\"},\"image\":{\"@id\":\"https:\\\/\\\/www.bellunopress.it\\\/2012\\\/01\\\/23\\\/giorno-della-memoria-mercoledi-linaugurazione-della-mostra-nella-chiesa-di-santa-maria-dei-battuti\\\/#primaryimage\"},\"thumbnailUrl\":\"http:\\\/\\\/www.bellunopress.it\\\/wp-content\\\/uploads\\\/2010\\\/04\\\/interno-chiesa-santa-maria-dei-battuti.jpg\",\"datePublished\":\"2012-01-23T11:18:10+00:00\",\"breadcrumb\":{\"@id\":\"https:\\\/\\\/www.bellunopress.it\\\/2012\\\/01\\\/23\\\/giorno-della-memoria-mercoledi-linaugurazione-della-mostra-nella-chiesa-di-santa-maria-dei-battuti\\\/#breadcrumb\"},\"inLanguage\":\"fr-FR\",\"potentialAction\":[{\"@type\":\"ReadAction\",\"target\":[\"https:\\\/\\\/www.bellunopress.it\\\/2012\\\/01\\\/23\\\/giorno-della-memoria-mercoledi-linaugurazione-della-mostra-nella-chiesa-di-santa-maria-dei-battuti\\\/\"]}]},{\"@type\":\"ImageObject\",\"inLanguage\":\"fr-FR\",\"@id\":\"https:\\\/\\\/www.bellunopress.it\\\/2012\\\/01\\\/23\\\/giorno-della-memoria-mercoledi-linaugurazione-della-mostra-nella-chiesa-di-santa-maria-dei-battuti\\\/#primaryimage\",\"url\":\"http:\\\/\\\/www.bellunopress.it\\\/wp-content\\\/uploads\\\/2010\\\/04\\\/interno-chiesa-santa-maria-dei-battuti.jpg\",\"contentUrl\":\"http:\\\/\\\/www.bellunopress.it\\\/wp-content\\\/uploads\\\/2010\\\/04\\\/interno-chiesa-santa-maria-dei-battuti.jpg\"},{\"@type\":\"BreadcrumbList\",\"@id\":\"https:\\\/\\\/www.bellunopress.it\\\/2012\\\/01\\\/23\\\/giorno-della-memoria-mercoledi-linaugurazione-della-mostra-nella-chiesa-di-santa-maria-dei-battuti\\\/#breadcrumb\",\"itemListElement\":[{\"@type\":\"ListItem\",\"position\":1,\"name\":\"Home\",\"item\":\"https:\\\/\\\/www.bellunopress.it\\\/\"},{\"@type\":\"ListItem\",\"position\":2,\"name\":\"Giorno della Memoria: mercoled\u00ec l&#8217;inaugurazione della mostra nella Chiesa di Santa Maria dei Battuti\"}]},{\"@type\":\"WebSite\",\"@id\":\"https:\\\/\\\/www.bellunopress.it\\\/#website\",\"url\":\"https:\\\/\\\/www.bellunopress.it\\\/\",\"name\":\"Bellunopress - Dolomiti\",\"description\":\"e-mail: redazione@bellunopress.it\",\"publisher\":{\"@id\":\"https:\\\/\\\/www.bellunopress.it\\\/#organization\"},\"potentialAction\":[{\"@type\":\"SearchAction\",\"target\":{\"@type\":\"EntryPoint\",\"urlTemplate\":\"https:\\\/\\\/www.bellunopress.it\\\/?s={search_term_string}\"},\"query-input\":{\"@type\":\"PropertyValueSpecification\",\"valueRequired\":true,\"valueName\":\"search_term_string\"}}],\"inLanguage\":\"fr-FR\"},{\"@type\":\"Organization\",\"@id\":\"https:\\\/\\\/www.bellunopress.it\\\/#organization\",\"name\":\"Bellunopress\",\"url\":\"https:\\\/\\\/www.bellunopress.it\\\/\",\"logo\":{\"@type\":\"ImageObject\",\"inLanguage\":\"fr-FR\",\"@id\":\"https:\\\/\\\/www.bellunopress.it\\\/#\\\/schema\\\/logo\\\/image\\\/\",\"url\":\"https:\\\/\\\/www.bellunopress.it\\\/wp-content\\\/uploads\\\/2011\\\/05\\\/cropped-logo-bellunopress-.jpg\",\"contentUrl\":\"https:\\\/\\\/www.bellunopress.it\\\/wp-content\\\/uploads\\\/2011\\\/05\\\/cropped-logo-bellunopress-.jpg\",\"width\":512,\"height\":512,\"caption\":\"Bellunopress\"},\"image\":{\"@id\":\"https:\\\/\\\/www.bellunopress.it\\\/#\\\/schema\\\/logo\\\/image\\\/\"},\"sameAs\":[\"https:\\\/\\\/www.facebook.com\\\/profile.php?id=100008943462799\",\"https:\\\/\\\/x.com\\\/bellunopress\",\"https:\\\/\\\/www.linkedin.com\\\/hp\\\/?dnr=JBzUWaJfMUw8vbXJJ2tVW5-I3jZKvC4wsoxE&amp;amp;amp;amp;amp;amp;trk=nav_responsive_tab_home\",\"https:\\\/\\\/www.youtube.com\\\/channel\\\/UCxL0wu1uN0_3_7hGG0306cw\"]},{\"@type\":\"Person\",\"@id\":\"https:\\\/\\\/www.bellunopress.it\\\/#\\\/schema\\\/person\\\/79bb06722b37ece1c03d3e94beb30d73\",\"name\":\"redazione\",\"image\":{\"@type\":\"ImageObject\",\"inLanguage\":\"fr-FR\",\"@id\":\"https:\\\/\\\/secure.gravatar.com\\\/avatar\\\/37d968a2e67a6fd04c169c4bdef102d0bc5d31b2546345219e348575eb80e9a0?s=96&d=mm&r=g\",\"url\":\"https:\\\/\\\/secure.gravatar.com\\\/avatar\\\/37d968a2e67a6fd04c169c4bdef102d0bc5d31b2546345219e348575eb80e9a0?s=96&d=mm&r=g\",\"contentUrl\":\"https:\\\/\\\/secure.gravatar.com\\\/avatar\\\/37d968a2e67a6fd04c169c4bdef102d0bc5d31b2546345219e348575eb80e9a0?s=96&d=mm&r=g\",\"caption\":\"redazione\"},\"sameAs\":[\"http:\\\/\\\/www.bellunopress.it\",\"https:\\\/\\\/x.com\\\/bellunopress\"],\"url\":\"https:\\\/\\\/www.bellunopress.it\\\/fr\\\/author\\\/redazione\\\/\"}]}<\/script>\n<!-- \/ Yoast SEO plugin. -->","yoast_head_json":{"title":"Giorno della Memoria: mercoled\u00ec l'inaugurazione della mostra nella Chiesa di Santa Maria dei Battuti  - Bellunopress - Dolomiti","robots":{"index":"index","follow":"follow","max-snippet":"max-snippet:-1","max-image-preview":"max-image-preview:large","max-video-preview":"max-video-preview:-1"},"canonical":"https:\/\/www.bellunopress.it\/fr\/2012\/01\/23\/giorno-della-memoria-mercoledi-linaugurazione-della-mostra-nella-chiesa-di-santa-maria-dei-battuti\/","og_locale":"fr_FR","og_type":"article","og_title":"Giorno della Memoria: mercoled\u00ec l'inaugurazione della mostra nella Chiesa di Santa Maria dei Battuti  - Bellunopress - Dolomiti","og_description":"Il ricordo dello sterminio e delle persecuzioni del popolo ebraico e degli italiani che hanno subito la deportazione nei campi nazisti, reso solenne dall\u2019istituzione, nel 2000, del Giorno della Memoria, sar\u00e0 celebrato quest\u2019anno dalla Prefettura e dall\u2019Archivio di Stato con due eventi, idealmente collegati, che testimoniano i fatti e le vicende dell\u2019epoca e ne onorano [&hellip;]","og_url":"https:\/\/www.bellunopress.it\/fr\/2012\/01\/23\/giorno-della-memoria-mercoledi-linaugurazione-della-mostra-nella-chiesa-di-santa-maria-dei-battuti\/","og_site_name":"Bellunopress - Dolomiti","article_publisher":"https:\/\/www.facebook.com\/profile.php?id=100008943462799","article_published_time":"2012-01-23T11:18:10+00:00","og_image":[{"url":"http:\/\/www.bellunopress.it\/wp-content\/uploads\/2010\/04\/interno-chiesa-santa-maria-dei-battuti.jpg","type":"","width":"","height":""}],"author":"redazione","twitter_card":"summary_large_image","twitter_creator":"@bellunopress","twitter_site":"@bellunopress","twitter_misc":{"Written by":"redazione","Est. reading time":"2 minutes"},"schema":{"@context":"https:\/\/schema.org","@graph":[{"@type":"Article","@id":"https:\/\/www.bellunopress.it\/2012\/01\/23\/giorno-della-memoria-mercoledi-linaugurazione-della-mostra-nella-chiesa-di-santa-maria-dei-battuti\/#article","isPartOf":{"@id":"https:\/\/www.bellunopress.it\/2012\/01\/23\/giorno-della-memoria-mercoledi-linaugurazione-della-mostra-nella-chiesa-di-santa-maria-dei-battuti\/"},"author":{"name":"redazione","@id":"https:\/\/www.bellunopress.it\/#\/schema\/person\/79bb06722b37ece1c03d3e94beb30d73"},"headline":"Giorno della Memoria: mercoled\u00ec l&#8217;inaugurazione della mostra nella Chiesa di Santa Maria dei Battuti","datePublished":"2012-01-23T11:18:10+00:00","mainEntityOfPage":{"@id":"https:\/\/www.bellunopress.it\/2012\/01\/23\/giorno-della-memoria-mercoledi-linaugurazione-della-mostra-nella-chiesa-di-santa-maria-dei-battuti\/"},"wordCount":486,"publisher":{"@id":"https:\/\/www.bellunopress.it\/#organization"},"image":{"@id":"https:\/\/www.bellunopress.it\/2012\/01\/23\/giorno-della-memoria-mercoledi-linaugurazione-della-mostra-nella-chiesa-di-santa-maria-dei-battuti\/#primaryimage"},"thumbnailUrl":"http:\/\/www.bellunopress.it\/wp-content\/uploads\/2010\/04\/interno-chiesa-santa-maria-dei-battuti.jpg","articleSection":["Appuntamenti, Eventi","Arte, Cultura, Spettacoli, Scienza","Prima Pagina"],"inLanguage":"fr-FR"},{"@type":"WebPage","@id":"https:\/\/www.bellunopress.it\/2012\/01\/23\/giorno-della-memoria-mercoledi-linaugurazione-della-mostra-nella-chiesa-di-santa-maria-dei-battuti\/","url":"https:\/\/www.bellunopress.it\/2012\/01\/23\/giorno-della-memoria-mercoledi-linaugurazione-della-mostra-nella-chiesa-di-santa-maria-dei-battuti\/","name":"Giorno della Memoria: mercoled\u00ec l'inaugurazione della mostra nella Chiesa di Santa Maria dei Battuti - Bellunopress - Dolomiti","isPartOf":{"@id":"https:\/\/www.bellunopress.it\/#website"},"primaryImageOfPage":{"@id":"https:\/\/www.bellunopress.it\/2012\/01\/23\/giorno-della-memoria-mercoledi-linaugurazione-della-mostra-nella-chiesa-di-santa-maria-dei-battuti\/#primaryimage"},"image":{"@id":"https:\/\/www.bellunopress.it\/2012\/01\/23\/giorno-della-memoria-mercoledi-linaugurazione-della-mostra-nella-chiesa-di-santa-maria-dei-battuti\/#primaryimage"},"thumbnailUrl":"http:\/\/www.bellunopress.it\/wp-content\/uploads\/2010\/04\/interno-chiesa-santa-maria-dei-battuti.jpg","datePublished":"2012-01-23T11:18:10+00:00","breadcrumb":{"@id":"https:\/\/www.bellunopress.it\/2012\/01\/23\/giorno-della-memoria-mercoledi-linaugurazione-della-mostra-nella-chiesa-di-santa-maria-dei-battuti\/#breadcrumb"},"inLanguage":"fr-FR","potentialAction":[{"@type":"ReadAction","target":["https:\/\/www.bellunopress.it\/2012\/01\/23\/giorno-della-memoria-mercoledi-linaugurazione-della-mostra-nella-chiesa-di-santa-maria-dei-battuti\/"]}]},{"@type":"ImageObject","inLanguage":"fr-FR","@id":"https:\/\/www.bellunopress.it\/2012\/01\/23\/giorno-della-memoria-mercoledi-linaugurazione-della-mostra-nella-chiesa-di-santa-maria-dei-battuti\/#primaryimage","url":"http:\/\/www.bellunopress.it\/wp-content\/uploads\/2010\/04\/interno-chiesa-santa-maria-dei-battuti.jpg","contentUrl":"http:\/\/www.bellunopress.it\/wp-content\/uploads\/2010\/04\/interno-chiesa-santa-maria-dei-battuti.jpg"},{"@type":"BreadcrumbList","@id":"https:\/\/www.bellunopress.it\/2012\/01\/23\/giorno-della-memoria-mercoledi-linaugurazione-della-mostra-nella-chiesa-di-santa-maria-dei-battuti\/#breadcrumb","itemListElement":[{"@type":"ListItem","position":1,"name":"Home","item":"https:\/\/www.bellunopress.it\/"},{"@type":"ListItem","position":2,"name":"Giorno della Memoria: mercoled\u00ec l&#8217;inaugurazione della mostra nella Chiesa di Santa Maria dei Battuti"}]},{"@type":"WebSite","@id":"https:\/\/www.bellunopress.it\/#website","url":"https:\/\/www.bellunopress.it\/","name":"Bellunopress - Dolomiti","description":"e-mail: redazione@bellunopress.it","publisher":{"@id":"https:\/\/www.bellunopress.it\/#organization"},"potentialAction":[{"@type":"SearchAction","target":{"@type":"EntryPoint","urlTemplate":"https:\/\/www.bellunopress.it\/?s={search_term_string}"},"query-input":{"@type":"PropertyValueSpecification","valueRequired":true,"valueName":"search_term_string"}}],"inLanguage":"fr-FR"},{"@type":"Organization","@id":"https:\/\/www.bellunopress.it\/#organization","name":"Bellunopress","url":"https:\/\/www.bellunopress.it\/","logo":{"@type":"ImageObject","inLanguage":"fr-FR","@id":"https:\/\/www.bellunopress.it\/#\/schema\/logo\/image\/","url":"https:\/\/www.bellunopress.it\/wp-content\/uploads\/2011\/05\/cropped-logo-bellunopress-.jpg","contentUrl":"https:\/\/www.bellunopress.it\/wp-content\/uploads\/2011\/05\/cropped-logo-bellunopress-.jpg","width":512,"height":512,"caption":"Bellunopress"},"image":{"@id":"https:\/\/www.bellunopress.it\/#\/schema\/logo\/image\/"},"sameAs":["https:\/\/www.facebook.com\/profile.php?id=100008943462799","https:\/\/x.com\/bellunopress","https:\/\/www.linkedin.com\/hp\/?dnr=JBzUWaJfMUw8vbXJJ2tVW5-I3jZKvC4wsoxE&amp;amp;amp;amp;amp;amp;trk=nav_responsive_tab_home","https:\/\/www.youtube.com\/channel\/UCxL0wu1uN0_3_7hGG0306cw"]},{"@type":"Person","@id":"https:\/\/www.bellunopress.it\/#\/schema\/person\/79bb06722b37ece1c03d3e94beb30d73","name":"r\u00e9daction","image":{"@type":"ImageObject","inLanguage":"fr-FR","@id":"https:\/\/secure.gravatar.com\/avatar\/37d968a2e67a6fd04c169c4bdef102d0bc5d31b2546345219e348575eb80e9a0?s=96&d=mm&r=g","url":"https:\/\/secure.gravatar.com\/avatar\/37d968a2e67a6fd04c169c4bdef102d0bc5d31b2546345219e348575eb80e9a0?s=96&d=mm&r=g","contentUrl":"https:\/\/secure.gravatar.com\/avatar\/37d968a2e67a6fd04c169c4bdef102d0bc5d31b2546345219e348575eb80e9a0?s=96&d=mm&r=g","caption":"redazione"},"sameAs":["http:\/\/www.bellunopress.it","https:\/\/x.com\/bellunopress"],"url":"https:\/\/www.bellunopress.it\/fr\/author\/redazione\/"}]}},"_links":{"self":[{"href":"https:\/\/www.bellunopress.it\/fr\/wp-json\/wp\/v2\/posts\/34377","targetHints":{"allow":["GET"]}}],"collection":[{"href":"https:\/\/www.bellunopress.it\/fr\/wp-json\/wp\/v2\/posts"}],"about":[{"href":"https:\/\/www.bellunopress.it\/fr\/wp-json\/wp\/v2\/types\/post"}],"author":[{"embeddable":true,"href":"https:\/\/www.bellunopress.it\/fr\/wp-json\/wp\/v2\/users\/2"}],"replies":[{"embeddable":true,"href":"https:\/\/www.bellunopress.it\/fr\/wp-json\/wp\/v2\/comments?post=34377"}],"version-history":[{"count":1,"href":"https:\/\/www.bellunopress.it\/fr\/wp-json\/wp\/v2\/posts\/34377\/revisions"}],"predecessor-version":[{"id":34378,"href":"https:\/\/www.bellunopress.it\/fr\/wp-json\/wp\/v2\/posts\/34377\/revisions\/34378"}],"wp:attachment":[{"href":"https:\/\/www.bellunopress.it\/fr\/wp-json\/wp\/v2\/media?parent=34377"}],"wp:term":[{"taxonomy":"category","embeddable":true,"href":"https:\/\/www.bellunopress.it\/fr\/wp-json\/wp\/v2\/categories?post=34377"},{"taxonomy":"post_tag","embeddable":true,"href":"https:\/\/www.bellunopress.it\/fr\/wp-json\/wp\/v2\/tags?post=34377"}],"curies":[{"name":"wp","href":"https:\/\/api.w.org\/{rel}","templated":true}]}}