{"id":34357,"date":"2012-01-22T17:59:57","date_gmt":"2012-01-22T16:59:57","guid":{"rendered":"http:\/\/www.bellunopress.it\/?p=34357"},"modified":"2012-01-22T18:00:55","modified_gmt":"2012-01-22T17:00:55","slug":"comune-di-santa-giustina-entro-il-29-febbraio-la-domanda-per-il-contributo-allasilo-nido","status":"publish","type":"post","link":"https:\/\/www.bellunopress.it\/fr\/2012\/01\/22\/comune-di-santa-giustina-entro-il-29-febbraio-la-domanda-per-il-contributo-allasilo-nido\/","title":{"rendered":"Comune di Santa Giustina: entro il 29 febbraio la domanda per il contributo all&#8217;asilo nido"},"content":{"rendered":"<p><a href=\"http:\/\/www.bellunopress.it\/wp-content\/uploads\/2012\/01\/santa-giustina.gif\"><img loading=\"lazy\" decoding=\"async\" class=\"alignleft size-full wp-image-34358\" title=\"santa giustina\" src=\"http:\/\/www.bellunopress.it\/wp-content\/uploads\/2012\/01\/santa-giustina.gif\" alt=\"\" width=\"114\" height=\"150\" \/><\/a>Al fine di dare un sostegno alle famiglie con figli, l\u2019 Amministrazione Comunale di Santa Giustina ricorda che scadr\u00e0 il 29 febbraio 2012 il bando per l\u2019 assegnazione di contributi alle famiglie per spese di frequenza asilo nido. Sono ammessi all\u2019assegnazione dei contributi i cittadini residenti nel Comune di Santa Giustina che durante l\u2019anno 2011 abbiano sostenuto spese per il pagamento della retta di frequenza dei propri figli di et\u00e0 inferiore ai 3 anni presso asili nido o servizi per la prima infanzia. Per poter beneficiare dei contributi \u00e8 necessario che la spesa sostenuta per il pagamento delle rette di frequenza sia stata pari almeno a 1.000,00 euro annui, che non siano stati ottenuti altri contributi a tale scopo e che il nucleo familiare del richiedente abbia percepito un reddito ISEE, nell\u2019anno 2010 non superiore ad \u20ac 35.000,00. La residenza a Santa Giustina inoltre deve essere mantenuta per tutto l\u2019anno di frequenza all\u2019asilo del bambino e fino alla data di scadenza del bando. Si specifica, inoltre che il requisito dell\u2019et\u00e0 inferiore ai tre anni del proprio figlio\/i deve sussistere per l\u2019intero periodo per il quale si chiede il contributo. \u00a0Il contributo verr\u00e0 erogato in base a tre fasce di reddito e nel caso in cui le somme disponibili non siano sufficienti a far fronte a tutte le richieste degli aventi diritto, l&#8217;Ente si riserva di diminuire proporzionalmente il contributo.<\/p>","protected":false},"excerpt":{"rendered":"<p>Al fine di dare un sostegno alle famiglie con figli, l\u2019 Amministrazione Comunale di Santa Giustina ricorda che scadr\u00e0 il 29 febbraio 2012 il bando per l\u2019 assegnazione di contributi alle famiglie per spese di frequenza asilo nido. Sono ammessi all\u2019assegnazione dei contributi i cittadini residenti nel Comune di Santa Giustina che durante l\u2019anno 2011 [&hellip;]<\/p>\n","protected":false},"author":2,"featured_media":0,"comment_status":"closed","ping_status":"open","sticky":false,"template":"","format":"standard","meta":{"footnotes":""},"categories":[26,8],"tags":[],"class_list":["post-34357","post","type-post","status-publish","format-standard","category-prima-pagina","category-societa-istituzioni"],"yoast_head":"<!-- This site is optimized with the Yoast SEO plugin v28.4 - https:\/\/yoast.com\/product\/yoast-seo-wordpress\/ -->\n<title>Comune di Santa Giustina: entro il 29 febbraio la domanda per il contributo all&#039;asilo nido - Bellunopress - Dolomiti<\/title>\n<meta name=\"robots\" content=\"index, follow, max-snippet:-1, max-image-preview:large, max-video-preview:-1\" \/>\n<link rel=\"canonical\" href=\"https:\/\/www.bellunopress.it\/fr\/2012\/01\/22\/comune-di-santa-giustina-entro-il-29-febbraio-la-domanda-per-il-contributo-allasilo-nido\/\" \/>\n<meta property=\"og:locale\" content=\"fr_FR\" \/>\n<meta property=\"og:type\" content=\"article\" \/>\n<meta property=\"og:title\" content=\"Comune di Santa Giustina: entro il 29 febbraio la domanda per il contributo all&#039;asilo nido - Bellunopress - Dolomiti\" \/>\n<meta property=\"og:description\" content=\"Al fine di dare un sostegno alle famiglie con figli, l\u2019 Amministrazione Comunale di Santa Giustina ricorda che scadr\u00e0 il 29 febbraio 2012 il bando per l\u2019 assegnazione di contributi alle famiglie per spese di frequenza asilo nido. Sono ammessi all\u2019assegnazione dei contributi i cittadini residenti nel Comune di Santa Giustina che durante l\u2019anno 2011 [&hellip;]\" \/>\n<meta property=\"og:url\" content=\"https:\/\/www.bellunopress.it\/fr\/2012\/01\/22\/comune-di-santa-giustina-entro-il-29-febbraio-la-domanda-per-il-contributo-allasilo-nido\/\" \/>\n<meta property=\"og:site_name\" content=\"Bellunopress - Dolomiti\" \/>\n<meta property=\"article:publisher\" content=\"https:\/\/www.facebook.com\/profile.php?id=100008943462799\" \/>\n<meta property=\"article:published_time\" content=\"2012-01-22T16:59:57+00:00\" \/>\n<meta property=\"article:modified_time\" content=\"2012-01-22T17:00:55+00:00\" \/>\n<meta property=\"og:image\" content=\"http:\/\/www.bellunopress.it\/wp-content\/uploads\/2012\/01\/santa-giustina.gif\" \/>\n<meta name=\"author\" content=\"redazione\" \/>\n<meta name=\"twitter:card\" content=\"summary_large_image\" \/>\n<meta name=\"twitter:creator\" content=\"@bellunopress\" \/>\n<meta name=\"twitter:site\" content=\"@bellunopress\" \/>\n<meta name=\"twitter:label1\" content=\"\u00c9crit par\" \/>\n\t<meta name=\"twitter:data1\" content=\"redazione\" \/>\n\t<meta name=\"twitter:label2\" content=\"Dur\u00e9e de lecture estim\u00e9e\" \/>\n\t<meta name=\"twitter:data2\" content=\"1 minute\" \/>\n<script type=\"application\/ld+json\" class=\"yoast-schema-graph\">{\"@context\":\"https:\\\/\\\/schema.org\",\"@graph\":[{\"@type\":\"Article\",\"@id\":\"https:\\\/\\\/www.bellunopress.it\\\/2012\\\/01\\\/22\\\/comune-di-santa-giustina-entro-il-29-febbraio-la-domanda-per-il-contributo-allasilo-nido\\\/#article\",\"isPartOf\":{\"@id\":\"https:\\\/\\\/www.bellunopress.it\\\/2012\\\/01\\\/22\\\/comune-di-santa-giustina-entro-il-29-febbraio-la-domanda-per-il-contributo-allasilo-nido\\\/\"},\"author\":{\"name\":\"redazione\",\"@id\":\"https:\\\/\\\/www.bellunopress.it\\\/#\\\/schema\\\/person\\\/79bb06722b37ece1c03d3e94beb30d73\"},\"headline\":\"Comune di Santa Giustina: entro il 29 febbraio la domanda per il contributo all&#8217;asilo nido\",\"datePublished\":\"2012-01-22T16:59:57+00:00\",\"dateModified\":\"2012-01-22T17:00:55+00:00\",\"mainEntityOfPage\":{\"@id\":\"https:\\\/\\\/www.bellunopress.it\\\/2012\\\/01\\\/22\\\/comune-di-santa-giustina-entro-il-29-febbraio-la-domanda-per-il-contributo-allasilo-nido\\\/\"},\"wordCount\":244,\"publisher\":{\"@id\":\"https:\\\/\\\/www.bellunopress.it\\\/#organization\"},\"image\":{\"@id\":\"https:\\\/\\\/www.bellunopress.it\\\/2012\\\/01\\\/22\\\/comune-di-santa-giustina-entro-il-29-febbraio-la-domanda-per-il-contributo-allasilo-nido\\\/#primaryimage\"},\"thumbnailUrl\":\"http:\\\/\\\/www.bellunopress.it\\\/wp-content\\\/uploads\\\/2012\\\/01\\\/santa-giustina.gif\",\"articleSection\":[\"Prima Pagina\",\"Societ\u00e0, Associazioni, Istituzioni\"],\"inLanguage\":\"fr-FR\"},{\"@type\":\"WebPage\",\"@id\":\"https:\\\/\\\/www.bellunopress.it\\\/2012\\\/01\\\/22\\\/comune-di-santa-giustina-entro-il-29-febbraio-la-domanda-per-il-contributo-allasilo-nido\\\/\",\"url\":\"https:\\\/\\\/www.bellunopress.it\\\/2012\\\/01\\\/22\\\/comune-di-santa-giustina-entro-il-29-febbraio-la-domanda-per-il-contributo-allasilo-nido\\\/\",\"name\":\"Comune di Santa Giustina: entro il 29 febbraio la domanda per il contributo all'asilo nido - Bellunopress - Dolomiti\",\"isPartOf\":{\"@id\":\"https:\\\/\\\/www.bellunopress.it\\\/#website\"},\"primaryImageOfPage\":{\"@id\":\"https:\\\/\\\/www.bellunopress.it\\\/2012\\\/01\\\/22\\\/comune-di-santa-giustina-entro-il-29-febbraio-la-domanda-per-il-contributo-allasilo-nido\\\/#primaryimage\"},\"image\":{\"@id\":\"https:\\\/\\\/www.bellunopress.it\\\/2012\\\/01\\\/22\\\/comune-di-santa-giustina-entro-il-29-febbraio-la-domanda-per-il-contributo-allasilo-nido\\\/#primaryimage\"},\"thumbnailUrl\":\"http:\\\/\\\/www.bellunopress.it\\\/wp-content\\\/uploads\\\/2012\\\/01\\\/santa-giustina.gif\",\"datePublished\":\"2012-01-22T16:59:57+00:00\",\"dateModified\":\"2012-01-22T17:00:55+00:00\",\"breadcrumb\":{\"@id\":\"https:\\\/\\\/www.bellunopress.it\\\/2012\\\/01\\\/22\\\/comune-di-santa-giustina-entro-il-29-febbraio-la-domanda-per-il-contributo-allasilo-nido\\\/#breadcrumb\"},\"inLanguage\":\"fr-FR\",\"potentialAction\":[{\"@type\":\"ReadAction\",\"target\":[\"https:\\\/\\\/www.bellunopress.it\\\/2012\\\/01\\\/22\\\/comune-di-santa-giustina-entro-il-29-febbraio-la-domanda-per-il-contributo-allasilo-nido\\\/\"]}]},{\"@type\":\"ImageObject\",\"inLanguage\":\"fr-FR\",\"@id\":\"https:\\\/\\\/www.bellunopress.it\\\/2012\\\/01\\\/22\\\/comune-di-santa-giustina-entro-il-29-febbraio-la-domanda-per-il-contributo-allasilo-nido\\\/#primaryimage\",\"url\":\"http:\\\/\\\/www.bellunopress.it\\\/wp-content\\\/uploads\\\/2012\\\/01\\\/santa-giustina.gif\",\"contentUrl\":\"http:\\\/\\\/www.bellunopress.it\\\/wp-content\\\/uploads\\\/2012\\\/01\\\/santa-giustina.gif\"},{\"@type\":\"BreadcrumbList\",\"@id\":\"https:\\\/\\\/www.bellunopress.it\\\/2012\\\/01\\\/22\\\/comune-di-santa-giustina-entro-il-29-febbraio-la-domanda-per-il-contributo-allasilo-nido\\\/#breadcrumb\",\"itemListElement\":[{\"@type\":\"ListItem\",\"position\":1,\"name\":\"Home\",\"item\":\"https:\\\/\\\/www.bellunopress.it\\\/\"},{\"@type\":\"ListItem\",\"position\":2,\"name\":\"Comune di Santa Giustina: entro il 29 febbraio la domanda per il contributo all&#8217;asilo nido\"}]},{\"@type\":\"WebSite\",\"@id\":\"https:\\\/\\\/www.bellunopress.it\\\/#website\",\"url\":\"https:\\\/\\\/www.bellunopress.it\\\/\",\"name\":\"Bellunopress - Dolomiti\",\"description\":\"e-mail: redazione@bellunopress.it\",\"publisher\":{\"@id\":\"https:\\\/\\\/www.bellunopress.it\\\/#organization\"},\"potentialAction\":[{\"@type\":\"SearchAction\",\"target\":{\"@type\":\"EntryPoint\",\"urlTemplate\":\"https:\\\/\\\/www.bellunopress.it\\\/?s={search_term_string}\"},\"query-input\":{\"@type\":\"PropertyValueSpecification\",\"valueRequired\":true,\"valueName\":\"search_term_string\"}}],\"inLanguage\":\"fr-FR\"},{\"@type\":\"Organization\",\"@id\":\"https:\\\/\\\/www.bellunopress.it\\\/#organization\",\"name\":\"Bellunopress\",\"url\":\"https:\\\/\\\/www.bellunopress.it\\\/\",\"logo\":{\"@type\":\"ImageObject\",\"inLanguage\":\"fr-FR\",\"@id\":\"https:\\\/\\\/www.bellunopress.it\\\/#\\\/schema\\\/logo\\\/image\\\/\",\"url\":\"https:\\\/\\\/www.bellunopress.it\\\/wp-content\\\/uploads\\\/2011\\\/05\\\/cropped-logo-bellunopress-.jpg\",\"contentUrl\":\"https:\\\/\\\/www.bellunopress.it\\\/wp-content\\\/uploads\\\/2011\\\/05\\\/cropped-logo-bellunopress-.jpg\",\"width\":512,\"height\":512,\"caption\":\"Bellunopress\"},\"image\":{\"@id\":\"https:\\\/\\\/www.bellunopress.it\\\/#\\\/schema\\\/logo\\\/image\\\/\"},\"sameAs\":[\"https:\\\/\\\/www.facebook.com\\\/profile.php?id=100008943462799\",\"https:\\\/\\\/x.com\\\/bellunopress\",\"https:\\\/\\\/www.linkedin.com\\\/hp\\\/?dnr=JBzUWaJfMUw8vbXJJ2tVW5-I3jZKvC4wsoxE&amp;amp;amp;amp;amp;amp;trk=nav_responsive_tab_home\",\"https:\\\/\\\/www.youtube.com\\\/channel\\\/UCxL0wu1uN0_3_7hGG0306cw\"]},{\"@type\":\"Person\",\"@id\":\"https:\\\/\\\/www.bellunopress.it\\\/#\\\/schema\\\/person\\\/79bb06722b37ece1c03d3e94beb30d73\",\"name\":\"redazione\",\"image\":{\"@type\":\"ImageObject\",\"inLanguage\":\"fr-FR\",\"@id\":\"https:\\\/\\\/secure.gravatar.com\\\/avatar\\\/37d968a2e67a6fd04c169c4bdef102d0bc5d31b2546345219e348575eb80e9a0?s=96&d=mm&r=g\",\"url\":\"https:\\\/\\\/secure.gravatar.com\\\/avatar\\\/37d968a2e67a6fd04c169c4bdef102d0bc5d31b2546345219e348575eb80e9a0?s=96&d=mm&r=g\",\"contentUrl\":\"https:\\\/\\\/secure.gravatar.com\\\/avatar\\\/37d968a2e67a6fd04c169c4bdef102d0bc5d31b2546345219e348575eb80e9a0?s=96&d=mm&r=g\",\"caption\":\"redazione\"},\"sameAs\":[\"http:\\\/\\\/www.bellunopress.it\",\"https:\\\/\\\/x.com\\\/bellunopress\"],\"url\":\"https:\\\/\\\/www.bellunopress.it\\\/fr\\\/author\\\/redazione\\\/\"}]}<\/script>\n<!-- \/ Yoast SEO plugin. -->","yoast_head_json":{"title":"Comune di Santa Giustina: entro il 29 febbraio la domanda per il contributo all'asilo nido - Bellunopress - Dolomiti","robots":{"index":"index","follow":"follow","max-snippet":"max-snippet:-1","max-image-preview":"max-image-preview:large","max-video-preview":"max-video-preview:-1"},"canonical":"https:\/\/www.bellunopress.it\/fr\/2012\/01\/22\/comune-di-santa-giustina-entro-il-29-febbraio-la-domanda-per-il-contributo-allasilo-nido\/","og_locale":"fr_FR","og_type":"article","og_title":"Comune di Santa Giustina: entro il 29 febbraio la domanda per il contributo all'asilo nido - Bellunopress - Dolomiti","og_description":"Al fine di dare un sostegno alle famiglie con figli, l\u2019 Amministrazione Comunale di Santa Giustina ricorda che scadr\u00e0 il 29 febbraio 2012 il bando per l\u2019 assegnazione di contributi alle famiglie per spese di frequenza asilo nido. Sono ammessi all\u2019assegnazione dei contributi i cittadini residenti nel Comune di Santa Giustina che durante l\u2019anno 2011 [&hellip;]","og_url":"https:\/\/www.bellunopress.it\/fr\/2012\/01\/22\/comune-di-santa-giustina-entro-il-29-febbraio-la-domanda-per-il-contributo-allasilo-nido\/","og_site_name":"Bellunopress - Dolomiti","article_publisher":"https:\/\/www.facebook.com\/profile.php?id=100008943462799","article_published_time":"2012-01-22T16:59:57+00:00","article_modified_time":"2012-01-22T17:00:55+00:00","og_image":[{"url":"http:\/\/www.bellunopress.it\/wp-content\/uploads\/2012\/01\/santa-giustina.gif","type":"","width":"","height":""}],"author":"redazione","twitter_card":"summary_large_image","twitter_creator":"@bellunopress","twitter_site":"@bellunopress","twitter_misc":{"\u00c9crit par":"redazione","Dur\u00e9e de lecture estim\u00e9e":"1 minute"},"schema":{"@context":"https:\/\/schema.org","@graph":[{"@type":"Article","@id":"https:\/\/www.bellunopress.it\/2012\/01\/22\/comune-di-santa-giustina-entro-il-29-febbraio-la-domanda-per-il-contributo-allasilo-nido\/#article","isPartOf":{"@id":"https:\/\/www.bellunopress.it\/2012\/01\/22\/comune-di-santa-giustina-entro-il-29-febbraio-la-domanda-per-il-contributo-allasilo-nido\/"},"author":{"name":"redazione","@id":"https:\/\/www.bellunopress.it\/#\/schema\/person\/79bb06722b37ece1c03d3e94beb30d73"},"headline":"Comune di Santa Giustina: entro il 29 febbraio la domanda per il contributo all&#8217;asilo nido","datePublished":"2012-01-22T16:59:57+00:00","dateModified":"2012-01-22T17:00:55+00:00","mainEntityOfPage":{"@id":"https:\/\/www.bellunopress.it\/2012\/01\/22\/comune-di-santa-giustina-entro-il-29-febbraio-la-domanda-per-il-contributo-allasilo-nido\/"},"wordCount":244,"publisher":{"@id":"https:\/\/www.bellunopress.it\/#organization"},"image":{"@id":"https:\/\/www.bellunopress.it\/2012\/01\/22\/comune-di-santa-giustina-entro-il-29-febbraio-la-domanda-per-il-contributo-allasilo-nido\/#primaryimage"},"thumbnailUrl":"http:\/\/www.bellunopress.it\/wp-content\/uploads\/2012\/01\/santa-giustina.gif","articleSection":["Prima Pagina","Societ\u00e0, Associazioni, Istituzioni"],"inLanguage":"fr-FR"},{"@type":"WebPage","@id":"https:\/\/www.bellunopress.it\/2012\/01\/22\/comune-di-santa-giustina-entro-il-29-febbraio-la-domanda-per-il-contributo-allasilo-nido\/","url":"https:\/\/www.bellunopress.it\/2012\/01\/22\/comune-di-santa-giustina-entro-il-29-febbraio-la-domanda-per-il-contributo-allasilo-nido\/","name":"Comune di Santa Giustina: entro il 29 febbraio la domanda per il contributo all'asilo nido - Bellunopress - Dolomiti","isPartOf":{"@id":"https:\/\/www.bellunopress.it\/#website"},"primaryImageOfPage":{"@id":"https:\/\/www.bellunopress.it\/2012\/01\/22\/comune-di-santa-giustina-entro-il-29-febbraio-la-domanda-per-il-contributo-allasilo-nido\/#primaryimage"},"image":{"@id":"https:\/\/www.bellunopress.it\/2012\/01\/22\/comune-di-santa-giustina-entro-il-29-febbraio-la-domanda-per-il-contributo-allasilo-nido\/#primaryimage"},"thumbnailUrl":"http:\/\/www.bellunopress.it\/wp-content\/uploads\/2012\/01\/santa-giustina.gif","datePublished":"2012-01-22T16:59:57+00:00","dateModified":"2012-01-22T17:00:55+00:00","breadcrumb":{"@id":"https:\/\/www.bellunopress.it\/2012\/01\/22\/comune-di-santa-giustina-entro-il-29-febbraio-la-domanda-per-il-contributo-allasilo-nido\/#breadcrumb"},"inLanguage":"fr-FR","potentialAction":[{"@type":"ReadAction","target":["https:\/\/www.bellunopress.it\/2012\/01\/22\/comune-di-santa-giustina-entro-il-29-febbraio-la-domanda-per-il-contributo-allasilo-nido\/"]}]},{"@type":"ImageObject","inLanguage":"fr-FR","@id":"https:\/\/www.bellunopress.it\/2012\/01\/22\/comune-di-santa-giustina-entro-il-29-febbraio-la-domanda-per-il-contributo-allasilo-nido\/#primaryimage","url":"http:\/\/www.bellunopress.it\/wp-content\/uploads\/2012\/01\/santa-giustina.gif","contentUrl":"http:\/\/www.bellunopress.it\/wp-content\/uploads\/2012\/01\/santa-giustina.gif"},{"@type":"BreadcrumbList","@id":"https:\/\/www.bellunopress.it\/2012\/01\/22\/comune-di-santa-giustina-entro-il-29-febbraio-la-domanda-per-il-contributo-allasilo-nido\/#breadcrumb","itemListElement":[{"@type":"ListItem","position":1,"name":"Home","item":"https:\/\/www.bellunopress.it\/"},{"@type":"ListItem","position":2,"name":"Comune di Santa Giustina: entro il 29 febbraio la domanda per il contributo all&#8217;asilo nido"}]},{"@type":"WebSite","@id":"https:\/\/www.bellunopress.it\/#website","url":"https:\/\/www.bellunopress.it\/","name":"Bellunopress - Dolomiti","description":"e-mail: redazione@bellunopress.it","publisher":{"@id":"https:\/\/www.bellunopress.it\/#organization"},"potentialAction":[{"@type":"SearchAction","target":{"@type":"EntryPoint","urlTemplate":"https:\/\/www.bellunopress.it\/?s={search_term_string}"},"query-input":{"@type":"PropertyValueSpecification","valueRequired":true,"valueName":"search_term_string"}}],"inLanguage":"fr-FR"},{"@type":"Organization","@id":"https:\/\/www.bellunopress.it\/#organization","name":"Bellunopress","url":"https:\/\/www.bellunopress.it\/","logo":{"@type":"ImageObject","inLanguage":"fr-FR","@id":"https:\/\/www.bellunopress.it\/#\/schema\/logo\/image\/","url":"https:\/\/www.bellunopress.it\/wp-content\/uploads\/2011\/05\/cropped-logo-bellunopress-.jpg","contentUrl":"https:\/\/www.bellunopress.it\/wp-content\/uploads\/2011\/05\/cropped-logo-bellunopress-.jpg","width":512,"height":512,"caption":"Bellunopress"},"image":{"@id":"https:\/\/www.bellunopress.it\/#\/schema\/logo\/image\/"},"sameAs":["https:\/\/www.facebook.com\/profile.php?id=100008943462799","https:\/\/x.com\/bellunopress","https:\/\/www.linkedin.com\/hp\/?dnr=JBzUWaJfMUw8vbXJJ2tVW5-I3jZKvC4wsoxE&amp;amp;amp;amp;amp;amp;trk=nav_responsive_tab_home","https:\/\/www.youtube.com\/channel\/UCxL0wu1uN0_3_7hGG0306cw"]},{"@type":"Person","@id":"https:\/\/www.bellunopress.it\/#\/schema\/person\/79bb06722b37ece1c03d3e94beb30d73","name":"r\u00e9daction","image":{"@type":"ImageObject","inLanguage":"fr-FR","@id":"https:\/\/secure.gravatar.com\/avatar\/37d968a2e67a6fd04c169c4bdef102d0bc5d31b2546345219e348575eb80e9a0?s=96&d=mm&r=g","url":"https:\/\/secure.gravatar.com\/avatar\/37d968a2e67a6fd04c169c4bdef102d0bc5d31b2546345219e348575eb80e9a0?s=96&d=mm&r=g","contentUrl":"https:\/\/secure.gravatar.com\/avatar\/37d968a2e67a6fd04c169c4bdef102d0bc5d31b2546345219e348575eb80e9a0?s=96&d=mm&r=g","caption":"redazione"},"sameAs":["http:\/\/www.bellunopress.it","https:\/\/x.com\/bellunopress"],"url":"https:\/\/www.bellunopress.it\/fr\/author\/redazione\/"}]}},"_links":{"self":[{"href":"https:\/\/www.bellunopress.it\/fr\/wp-json\/wp\/v2\/posts\/34357","targetHints":{"allow":["GET"]}}],"collection":[{"href":"https:\/\/www.bellunopress.it\/fr\/wp-json\/wp\/v2\/posts"}],"about":[{"href":"https:\/\/www.bellunopress.it\/fr\/wp-json\/wp\/v2\/types\/post"}],"author":[{"embeddable":true,"href":"https:\/\/www.bellunopress.it\/fr\/wp-json\/wp\/v2\/users\/2"}],"replies":[{"embeddable":true,"href":"https:\/\/www.bellunopress.it\/fr\/wp-json\/wp\/v2\/comments?post=34357"}],"version-history":[{"count":2,"href":"https:\/\/www.bellunopress.it\/fr\/wp-json\/wp\/v2\/posts\/34357\/revisions"}],"predecessor-version":[{"id":34360,"href":"https:\/\/www.bellunopress.it\/fr\/wp-json\/wp\/v2\/posts\/34357\/revisions\/34360"}],"wp:attachment":[{"href":"https:\/\/www.bellunopress.it\/fr\/wp-json\/wp\/v2\/media?parent=34357"}],"wp:term":[{"taxonomy":"category","embeddable":true,"href":"https:\/\/www.bellunopress.it\/fr\/wp-json\/wp\/v2\/categories?post=34357"},{"taxonomy":"post_tag","embeddable":true,"href":"https:\/\/www.bellunopress.it\/fr\/wp-json\/wp\/v2\/tags?post=34357"}],"curies":[{"name":"wp","href":"https:\/\/api.w.org\/{rel}","templated":true}]}}