{"id":34344,"date":"2012-01-22T17:05:16","date_gmt":"2012-01-22T16:05:16","guid":{"rendered":"http:\/\/www.bellunopress.it\/?p=34344"},"modified":"2012-01-22T17:05:17","modified_gmt":"2012-01-22T16:05:17","slug":"lunedi-ad-auronzo-apre-la-mostra-fotografica-sullemigrazione-io-sono-bellunese","status":"publish","type":"post","link":"https:\/\/www.bellunopress.it\/fr\/2012\/01\/22\/lunedi-ad-auronzo-apre-la-mostra-fotografica-sullemigrazione-io-sono-bellunese\/","title":{"rendered":"Luned\u00ec ad Auronzo apre la mostra fotografica sull&#8217;emigrazione  &#8220;Io sono bellunese&#8221;"},"content":{"rendered":"<p>La mostra fotografica \u201cIo sono bellunese, voci e volti di migranti\u201d approda ad Auronzo. L\u2019esposizione, che racconta storie positive di integrazione di immigrati stranieri sul territorio provinciale, sar\u00e0 ospitata dal 23 gennaio al 22 febbraio presso il Municipio del comune della Val d\u2019Ansiei. L\u2019 inaugurazione \u00e8 prevista luned\u00ec prossimo, 23 gennaio, alle 11 e la mostra sar\u00e0 a disposizione dei visitatori fino a mercoled\u00ec 22 febbraio con orari di apertura: luned\u00ec, mercoled&#8217; e venerd\u00ec dalle 11 alle 12.30 e dalle 17 alle 19 &#8211; marted\u00ec e gioved\u00ec dalle 11 alle 12,30 e sabato dalle 8,30 alle 12,30. La mostra \u00e8 organizzata dalle associazioni Alba Azione di Gioia, Ucraina pi\u00f9 e Diaspora, dal Comune di Auronzo e Circolo fotografico bellunese. L\u2019iniziativa gode del patrocinio della Provincia di Belluno e del Comitato d\u2019Intesa e del contributo della Conferenza dei Sindaci dell\u2019Ulss 1, oltre alla collaborazione di altri Enti e associazioni bellunesi.<\/p>","protected":false},"excerpt":{"rendered":"<p>La mostra fotografica \u201cIo sono bellunese, voci e volti di migranti\u201d approda ad Auronzo. L\u2019esposizione, che racconta storie positive di integrazione di immigrati stranieri sul territorio provinciale, sar\u00e0 ospitata dal 23 gennaio al 22 febbraio presso il Municipio del comune della Val d\u2019Ansiei. L\u2019 inaugurazione \u00e8 prevista luned\u00ec prossimo, 23 gennaio, alle 11 e la [&hellip;]<\/p>\n","protected":false},"author":2,"featured_media":0,"comment_status":"closed","ping_status":"open","sticky":false,"template":"","format":"standard","meta":{"footnotes":""},"categories":[27,25],"tags":[],"class_list":["post-34344","post","type-post","status-publish","format-standard","category-appuntamenti","category-pausa-caffe"],"yoast_head":"<!-- This site is optimized with the Yoast SEO plugin v28.4 - https:\/\/yoast.com\/product\/yoast-seo-wordpress\/ -->\n<title>Luned\u00ec ad Auronzo apre la mostra fotografica sull&#039;emigrazione &quot;Io sono bellunese&quot; - Bellunopress - Dolomiti<\/title>\n<meta name=\"robots\" content=\"index, follow, max-snippet:-1, max-image-preview:large, max-video-preview:-1\" \/>\n<link rel=\"canonical\" href=\"https:\/\/www.bellunopress.it\/fr\/2012\/01\/22\/lunedi-ad-auronzo-apre-la-mostra-fotografica-sullemigrazione-io-sono-bellunese\/\" \/>\n<meta property=\"og:locale\" content=\"fr_FR\" \/>\n<meta property=\"og:type\" content=\"article\" \/>\n<meta property=\"og:title\" content=\"Luned\u00ec ad Auronzo apre la mostra fotografica sull&#039;emigrazione &quot;Io sono bellunese&quot; - Bellunopress - Dolomiti\" \/>\n<meta property=\"og:description\" content=\"La mostra fotografica \u201cIo sono bellunese, voci e volti di migranti\u201d approda ad Auronzo. L\u2019esposizione, che racconta storie positive di integrazione di immigrati stranieri sul territorio provinciale, sar\u00e0 ospitata dal 23 gennaio al 22 febbraio presso il Municipio del comune della Val d\u2019Ansiei. L\u2019 inaugurazione \u00e8 prevista luned\u00ec prossimo, 23 gennaio, alle 11 e la [&hellip;]\" \/>\n<meta property=\"og:url\" content=\"https:\/\/www.bellunopress.it\/fr\/2012\/01\/22\/lunedi-ad-auronzo-apre-la-mostra-fotografica-sullemigrazione-io-sono-bellunese\/\" \/>\n<meta property=\"og:site_name\" content=\"Bellunopress - Dolomiti\" \/>\n<meta property=\"article:publisher\" content=\"https:\/\/www.facebook.com\/profile.php?id=100008943462799\" \/>\n<meta property=\"article:published_time\" content=\"2012-01-22T16:05:16+00:00\" \/>\n<meta property=\"article:modified_time\" content=\"2012-01-22T16:05:17+00:00\" \/>\n<meta property=\"og:image\" content=\"http:\/\/www.bellunopress.it\/wp-content\/uploads\/2012\/07\/logo-bellunopress-250x250-2012.jpg\" \/>\n<meta name=\"author\" content=\"redazione\" \/>\n<meta name=\"twitter:card\" content=\"summary_large_image\" \/>\n<meta name=\"twitter:creator\" content=\"@bellunopress\" \/>\n<meta name=\"twitter:site\" content=\"@bellunopress\" \/>\n<meta name=\"twitter:label1\" content=\"\u00c9crit par\" \/>\n\t<meta name=\"twitter:data1\" content=\"redazione\" \/>\n\t<meta name=\"twitter:label2\" content=\"Dur\u00e9e de lecture estim\u00e9e\" \/>\n\t<meta name=\"twitter:data2\" content=\"1 minute\" \/>\n<script type=\"application\/ld+json\" class=\"yoast-schema-graph\">{\"@context\":\"https:\\\/\\\/schema.org\",\"@graph\":[{\"@type\":\"Article\",\"@id\":\"https:\\\/\\\/www.bellunopress.it\\\/2012\\\/01\\\/22\\\/lunedi-ad-auronzo-apre-la-mostra-fotografica-sullemigrazione-io-sono-bellunese\\\/#article\",\"isPartOf\":{\"@id\":\"https:\\\/\\\/www.bellunopress.it\\\/2012\\\/01\\\/22\\\/lunedi-ad-auronzo-apre-la-mostra-fotografica-sullemigrazione-io-sono-bellunese\\\/\"},\"author\":{\"name\":\"redazione\",\"@id\":\"https:\\\/\\\/www.bellunopress.it\\\/#\\\/schema\\\/person\\\/79bb06722b37ece1c03d3e94beb30d73\"},\"headline\":\"Luned\u00ec ad Auronzo apre la mostra fotografica sull&#8217;emigrazione &#8220;Io sono bellunese&#8221;\",\"datePublished\":\"2012-01-22T16:05:16+00:00\",\"dateModified\":\"2012-01-22T16:05:17+00:00\",\"mainEntityOfPage\":{\"@id\":\"https:\\\/\\\/www.bellunopress.it\\\/2012\\\/01\\\/22\\\/lunedi-ad-auronzo-apre-la-mostra-fotografica-sullemigrazione-io-sono-bellunese\\\/\"},\"wordCount\":150,\"publisher\":{\"@id\":\"https:\\\/\\\/www.bellunopress.it\\\/#organization\"},\"articleSection\":[\"Appuntamenti, Eventi\",\"Pausa Caff\u00e8\"],\"inLanguage\":\"fr-FR\"},{\"@type\":\"WebPage\",\"@id\":\"https:\\\/\\\/www.bellunopress.it\\\/2012\\\/01\\\/22\\\/lunedi-ad-auronzo-apre-la-mostra-fotografica-sullemigrazione-io-sono-bellunese\\\/\",\"url\":\"https:\\\/\\\/www.bellunopress.it\\\/2012\\\/01\\\/22\\\/lunedi-ad-auronzo-apre-la-mostra-fotografica-sullemigrazione-io-sono-bellunese\\\/\",\"name\":\"Luned\u00ec ad Auronzo apre la mostra fotografica sull'emigrazione \\\"Io sono bellunese\\\" - Bellunopress - Dolomiti\",\"isPartOf\":{\"@id\":\"https:\\\/\\\/www.bellunopress.it\\\/#website\"},\"datePublished\":\"2012-01-22T16:05:16+00:00\",\"dateModified\":\"2012-01-22T16:05:17+00:00\",\"breadcrumb\":{\"@id\":\"https:\\\/\\\/www.bellunopress.it\\\/2012\\\/01\\\/22\\\/lunedi-ad-auronzo-apre-la-mostra-fotografica-sullemigrazione-io-sono-bellunese\\\/#breadcrumb\"},\"inLanguage\":\"fr-FR\",\"potentialAction\":[{\"@type\":\"ReadAction\",\"target\":[\"https:\\\/\\\/www.bellunopress.it\\\/2012\\\/01\\\/22\\\/lunedi-ad-auronzo-apre-la-mostra-fotografica-sullemigrazione-io-sono-bellunese\\\/\"]}]},{\"@type\":\"BreadcrumbList\",\"@id\":\"https:\\\/\\\/www.bellunopress.it\\\/2012\\\/01\\\/22\\\/lunedi-ad-auronzo-apre-la-mostra-fotografica-sullemigrazione-io-sono-bellunese\\\/#breadcrumb\",\"itemListElement\":[{\"@type\":\"ListItem\",\"position\":1,\"name\":\"Home\",\"item\":\"https:\\\/\\\/www.bellunopress.it\\\/\"},{\"@type\":\"ListItem\",\"position\":2,\"name\":\"Luned\u00ec ad Auronzo apre la mostra fotografica sull&#8217;emigrazione &#8220;Io sono bellunese&#8221;\"}]},{\"@type\":\"WebSite\",\"@id\":\"https:\\\/\\\/www.bellunopress.it\\\/#website\",\"url\":\"https:\\\/\\\/www.bellunopress.it\\\/\",\"name\":\"Bellunopress - Dolomiti\",\"description\":\"e-mail: redazione@bellunopress.it\",\"publisher\":{\"@id\":\"https:\\\/\\\/www.bellunopress.it\\\/#organization\"},\"potentialAction\":[{\"@type\":\"SearchAction\",\"target\":{\"@type\":\"EntryPoint\",\"urlTemplate\":\"https:\\\/\\\/www.bellunopress.it\\\/?s={search_term_string}\"},\"query-input\":{\"@type\":\"PropertyValueSpecification\",\"valueRequired\":true,\"valueName\":\"search_term_string\"}}],\"inLanguage\":\"fr-FR\"},{\"@type\":\"Organization\",\"@id\":\"https:\\\/\\\/www.bellunopress.it\\\/#organization\",\"name\":\"Bellunopress\",\"url\":\"https:\\\/\\\/www.bellunopress.it\\\/\",\"logo\":{\"@type\":\"ImageObject\",\"inLanguage\":\"fr-FR\",\"@id\":\"https:\\\/\\\/www.bellunopress.it\\\/#\\\/schema\\\/logo\\\/image\\\/\",\"url\":\"https:\\\/\\\/www.bellunopress.it\\\/wp-content\\\/uploads\\\/2011\\\/05\\\/cropped-logo-bellunopress-.jpg\",\"contentUrl\":\"https:\\\/\\\/www.bellunopress.it\\\/wp-content\\\/uploads\\\/2011\\\/05\\\/cropped-logo-bellunopress-.jpg\",\"width\":512,\"height\":512,\"caption\":\"Bellunopress\"},\"image\":{\"@id\":\"https:\\\/\\\/www.bellunopress.it\\\/#\\\/schema\\\/logo\\\/image\\\/\"},\"sameAs\":[\"https:\\\/\\\/www.facebook.com\\\/profile.php?id=100008943462799\",\"https:\\\/\\\/x.com\\\/bellunopress\",\"https:\\\/\\\/www.linkedin.com\\\/hp\\\/?dnr=JBzUWaJfMUw8vbXJJ2tVW5-I3jZKvC4wsoxE&amp;amp;amp;amp;amp;amp;trk=nav_responsive_tab_home\",\"https:\\\/\\\/www.youtube.com\\\/channel\\\/UCxL0wu1uN0_3_7hGG0306cw\"]},{\"@type\":\"Person\",\"@id\":\"https:\\\/\\\/www.bellunopress.it\\\/#\\\/schema\\\/person\\\/79bb06722b37ece1c03d3e94beb30d73\",\"name\":\"redazione\",\"image\":{\"@type\":\"ImageObject\",\"inLanguage\":\"fr-FR\",\"@id\":\"https:\\\/\\\/secure.gravatar.com\\\/avatar\\\/37d968a2e67a6fd04c169c4bdef102d0bc5d31b2546345219e348575eb80e9a0?s=96&d=mm&r=g\",\"url\":\"https:\\\/\\\/secure.gravatar.com\\\/avatar\\\/37d968a2e67a6fd04c169c4bdef102d0bc5d31b2546345219e348575eb80e9a0?s=96&d=mm&r=g\",\"contentUrl\":\"https:\\\/\\\/secure.gravatar.com\\\/avatar\\\/37d968a2e67a6fd04c169c4bdef102d0bc5d31b2546345219e348575eb80e9a0?s=96&d=mm&r=g\",\"caption\":\"redazione\"},\"sameAs\":[\"http:\\\/\\\/www.bellunopress.it\",\"https:\\\/\\\/x.com\\\/bellunopress\"],\"url\":\"https:\\\/\\\/www.bellunopress.it\\\/fr\\\/author\\\/redazione\\\/\"}]}<\/script>\n<!-- \/ Yoast SEO plugin. -->","yoast_head_json":{"title":"Luned\u00ec ad Auronzo apre la mostra fotografica sull'emigrazione \"Io sono bellunese\" - Bellunopress - Dolomiti","robots":{"index":"index","follow":"follow","max-snippet":"max-snippet:-1","max-image-preview":"max-image-preview:large","max-video-preview":"max-video-preview:-1"},"canonical":"https:\/\/www.bellunopress.it\/fr\/2012\/01\/22\/lunedi-ad-auronzo-apre-la-mostra-fotografica-sullemigrazione-io-sono-bellunese\/","og_locale":"fr_FR","og_type":"article","og_title":"Luned\u00ec ad Auronzo apre la mostra fotografica sull'emigrazione \"Io sono bellunese\" - Bellunopress - Dolomiti","og_description":"La mostra fotografica \u201cIo sono bellunese, voci e volti di migranti\u201d approda ad Auronzo. L\u2019esposizione, che racconta storie positive di integrazione di immigrati stranieri sul territorio provinciale, sar\u00e0 ospitata dal 23 gennaio al 22 febbraio presso il Municipio del comune della Val d\u2019Ansiei. L\u2019 inaugurazione \u00e8 prevista luned\u00ec prossimo, 23 gennaio, alle 11 e la [&hellip;]","og_url":"https:\/\/www.bellunopress.it\/fr\/2012\/01\/22\/lunedi-ad-auronzo-apre-la-mostra-fotografica-sullemigrazione-io-sono-bellunese\/","og_site_name":"Bellunopress - Dolomiti","article_publisher":"https:\/\/www.facebook.com\/profile.php?id=100008943462799","article_published_time":"2012-01-22T16:05:16+00:00","article_modified_time":"2012-01-22T16:05:17+00:00","og_image":[{"url":"http:\/\/www.bellunopress.it\/wp-content\/uploads\/2012\/07\/logo-bellunopress-250x250-2012.jpg","type":"","width":"","height":""}],"author":"redazione","twitter_card":"summary_large_image","twitter_creator":"@bellunopress","twitter_site":"@bellunopress","twitter_misc":{"\u00c9crit par":"redazione","Dur\u00e9e de lecture estim\u00e9e":"1 minute"},"schema":{"@context":"https:\/\/schema.org","@graph":[{"@type":"Article","@id":"https:\/\/www.bellunopress.it\/2012\/01\/22\/lunedi-ad-auronzo-apre-la-mostra-fotografica-sullemigrazione-io-sono-bellunese\/#article","isPartOf":{"@id":"https:\/\/www.bellunopress.it\/2012\/01\/22\/lunedi-ad-auronzo-apre-la-mostra-fotografica-sullemigrazione-io-sono-bellunese\/"},"author":{"name":"redazione","@id":"https:\/\/www.bellunopress.it\/#\/schema\/person\/79bb06722b37ece1c03d3e94beb30d73"},"headline":"Luned\u00ec ad Auronzo apre la mostra fotografica sull&#8217;emigrazione &#8220;Io sono bellunese&#8221;","datePublished":"2012-01-22T16:05:16+00:00","dateModified":"2012-01-22T16:05:17+00:00","mainEntityOfPage":{"@id":"https:\/\/www.bellunopress.it\/2012\/01\/22\/lunedi-ad-auronzo-apre-la-mostra-fotografica-sullemigrazione-io-sono-bellunese\/"},"wordCount":150,"publisher":{"@id":"https:\/\/www.bellunopress.it\/#organization"},"articleSection":["Appuntamenti, Eventi","Pausa Caff\u00e8"],"inLanguage":"fr-FR"},{"@type":"WebPage","@id":"https:\/\/www.bellunopress.it\/2012\/01\/22\/lunedi-ad-auronzo-apre-la-mostra-fotografica-sullemigrazione-io-sono-bellunese\/","url":"https:\/\/www.bellunopress.it\/2012\/01\/22\/lunedi-ad-auronzo-apre-la-mostra-fotografica-sullemigrazione-io-sono-bellunese\/","name":"Luned\u00ec ad Auronzo apre la mostra fotografica sull'emigrazione \"Io sono bellunese\" - Bellunopress - Dolomiti","isPartOf":{"@id":"https:\/\/www.bellunopress.it\/#website"},"datePublished":"2012-01-22T16:05:16+00:00","dateModified":"2012-01-22T16:05:17+00:00","breadcrumb":{"@id":"https:\/\/www.bellunopress.it\/2012\/01\/22\/lunedi-ad-auronzo-apre-la-mostra-fotografica-sullemigrazione-io-sono-bellunese\/#breadcrumb"},"inLanguage":"fr-FR","potentialAction":[{"@type":"ReadAction","target":["https:\/\/www.bellunopress.it\/2012\/01\/22\/lunedi-ad-auronzo-apre-la-mostra-fotografica-sullemigrazione-io-sono-bellunese\/"]}]},{"@type":"BreadcrumbList","@id":"https:\/\/www.bellunopress.it\/2012\/01\/22\/lunedi-ad-auronzo-apre-la-mostra-fotografica-sullemigrazione-io-sono-bellunese\/#breadcrumb","itemListElement":[{"@type":"ListItem","position":1,"name":"Home","item":"https:\/\/www.bellunopress.it\/"},{"@type":"ListItem","position":2,"name":"Luned\u00ec ad Auronzo apre la mostra fotografica sull&#8217;emigrazione &#8220;Io sono bellunese&#8221;"}]},{"@type":"WebSite","@id":"https:\/\/www.bellunopress.it\/#website","url":"https:\/\/www.bellunopress.it\/","name":"Bellunopress - Dolomiti","description":"e-mail: redazione@bellunopress.it","publisher":{"@id":"https:\/\/www.bellunopress.it\/#organization"},"potentialAction":[{"@type":"SearchAction","target":{"@type":"EntryPoint","urlTemplate":"https:\/\/www.bellunopress.it\/?s={search_term_string}"},"query-input":{"@type":"PropertyValueSpecification","valueRequired":true,"valueName":"search_term_string"}}],"inLanguage":"fr-FR"},{"@type":"Organization","@id":"https:\/\/www.bellunopress.it\/#organization","name":"Bellunopress","url":"https:\/\/www.bellunopress.it\/","logo":{"@type":"ImageObject","inLanguage":"fr-FR","@id":"https:\/\/www.bellunopress.it\/#\/schema\/logo\/image\/","url":"https:\/\/www.bellunopress.it\/wp-content\/uploads\/2011\/05\/cropped-logo-bellunopress-.jpg","contentUrl":"https:\/\/www.bellunopress.it\/wp-content\/uploads\/2011\/05\/cropped-logo-bellunopress-.jpg","width":512,"height":512,"caption":"Bellunopress"},"image":{"@id":"https:\/\/www.bellunopress.it\/#\/schema\/logo\/image\/"},"sameAs":["https:\/\/www.facebook.com\/profile.php?id=100008943462799","https:\/\/x.com\/bellunopress","https:\/\/www.linkedin.com\/hp\/?dnr=JBzUWaJfMUw8vbXJJ2tVW5-I3jZKvC4wsoxE&amp;amp;amp;amp;amp;amp;trk=nav_responsive_tab_home","https:\/\/www.youtube.com\/channel\/UCxL0wu1uN0_3_7hGG0306cw"]},{"@type":"Person","@id":"https:\/\/www.bellunopress.it\/#\/schema\/person\/79bb06722b37ece1c03d3e94beb30d73","name":"r\u00e9daction","image":{"@type":"ImageObject","inLanguage":"fr-FR","@id":"https:\/\/secure.gravatar.com\/avatar\/37d968a2e67a6fd04c169c4bdef102d0bc5d31b2546345219e348575eb80e9a0?s=96&d=mm&r=g","url":"https:\/\/secure.gravatar.com\/avatar\/37d968a2e67a6fd04c169c4bdef102d0bc5d31b2546345219e348575eb80e9a0?s=96&d=mm&r=g","contentUrl":"https:\/\/secure.gravatar.com\/avatar\/37d968a2e67a6fd04c169c4bdef102d0bc5d31b2546345219e348575eb80e9a0?s=96&d=mm&r=g","caption":"redazione"},"sameAs":["http:\/\/www.bellunopress.it","https:\/\/x.com\/bellunopress"],"url":"https:\/\/www.bellunopress.it\/fr\/author\/redazione\/"}]}},"_links":{"self":[{"href":"https:\/\/www.bellunopress.it\/fr\/wp-json\/wp\/v2\/posts\/34344","targetHints":{"allow":["GET"]}}],"collection":[{"href":"https:\/\/www.bellunopress.it\/fr\/wp-json\/wp\/v2\/posts"}],"about":[{"href":"https:\/\/www.bellunopress.it\/fr\/wp-json\/wp\/v2\/types\/post"}],"author":[{"embeddable":true,"href":"https:\/\/www.bellunopress.it\/fr\/wp-json\/wp\/v2\/users\/2"}],"replies":[{"embeddable":true,"href":"https:\/\/www.bellunopress.it\/fr\/wp-json\/wp\/v2\/comments?post=34344"}],"version-history":[{"count":3,"href":"https:\/\/www.bellunopress.it\/fr\/wp-json\/wp\/v2\/posts\/34344\/revisions"}],"predecessor-version":[{"id":34347,"href":"https:\/\/www.bellunopress.it\/fr\/wp-json\/wp\/v2\/posts\/34344\/revisions\/34347"}],"wp:attachment":[{"href":"https:\/\/www.bellunopress.it\/fr\/wp-json\/wp\/v2\/media?parent=34344"}],"wp:term":[{"taxonomy":"category","embeddable":true,"href":"https:\/\/www.bellunopress.it\/fr\/wp-json\/wp\/v2\/categories?post=34344"},{"taxonomy":"post_tag","embeddable":true,"href":"https:\/\/www.bellunopress.it\/fr\/wp-json\/wp\/v2\/tags?post=34344"}],"curies":[{"name":"wp","href":"https:\/\/api.w.org\/{rel}","templated":true}]}}