{"id":34342,"date":"2012-01-22T13:46:20","date_gmt":"2012-01-22T12:46:20","guid":{"rendered":"http:\/\/www.bellunopress.it\/?p=34342"},"modified":"2012-01-22T13:46:20","modified_gmt":"2012-01-22T12:46:20","slug":"comitato-no-altanon-ce-troppa-fretta-di-chiudere-la-partita","status":"publish","type":"post","link":"https:\/\/www.bellunopress.it\/fr\/2012\/01\/22\/comitato-no-altanon-ce-troppa-fretta-di-chiudere-la-partita\/","title":{"rendered":"Comitato No Altanon: &#8220;C&#8217;\u00e8 troppa fretta di chiudere la partita&#8221;"},"content":{"rendered":"<p align=\"LEFT\"><a href=\"http:\/\/www.bellunopress.it\/wp-content\/uploads\/2011\/07\/altanon-palizzata.jpg\"><img loading=\"lazy\" decoding=\"async\" class=\"alignleft size-full wp-image-29073\" title=\"altanon palizzata\" src=\"http:\/\/www.bellunopress.it\/wp-content\/uploads\/2011\/07\/altanon-palizzata.jpg\" alt=\"\" width=\"280\" height=\"210\" \/><\/a>&#8220;Prendiamo atto, purtroppo, che l\u2019Amministrazione comunale, per la seconda volta, ha fretta di chiudere la partita dell\u2019Altanon. &#8211; lo scrive in una nota il Comitato No Altanon di Feltre &#8211;\u00a0\u00a0Non ne comprendiamo appieno le motivazioni ma le possiamo immaginare. Sicuramente da queste motivazioni sfuggono gli interessi della citt\u00e0. Siamo infatti fermamente convinti che la citt\u00e0 avrebbe bisogno d\u2019altro e non di una nuova colata di cemento, che come abbiamo avuto poi modo di dimostrare \u00e8 perfino superiore alla \u201ccolata Chipperfield\u201d. Fatta la doverosa premessa entriamo nel merito della decisione presa dal primo cittadino di porre alla discussione del prossimo cons. com. il mandato di partecipare alla conferenza dei servizi in Regione, con pieni poteri che tradotto significa sostenere e promuovere il progetto. Ammettiamo che non finiamo di sorprenderci. Abbiamo ripetutamente chiesto, ai forum, sulla stampa, nelle interviste, nei confronti pubblici, ovunque ne abbiamo avuto la possibilit\u00e0 di farlo, che era (ed \u00e8) necessario coinvolgere la citt\u00e0 nel suo insieme per decidere il tipo di intervento da fare in quell\u2019area. Abbiamo ripetuto fino alla nausea che questo progetto non lo si pu\u00f2 far passare sopra la testa dei cittadini. Abbiamo implorato fino ad essere esausti che si dovevano e devono dare tutte le informazioni necessarie, che bisogna essere chiari, che tutti devono sapere esattamente cosa si propone di realizzare in quel luogo perch\u00e9 saranno scaricati migliaia di metri cubi di cemento, si modificher\u00e0 la struttura urbanistica della citt\u00e0, si incider\u00e0 pesantemente nella mobilit\u00e0, in parole povere si trasformer\u00e0 radicalmente tutto. Nella premessa abbiamo chiaramente detto che questa trasformazione la riteniamo inutile anzi dannosa, ma non \u00e8 questo il punto. Il punto ora in discussione \u00e8 che si sta di fatto esautorando la citt\u00e0 in una decisione che la riguarda. Non si \u00e8 fatto nulla per informare correttamente, non si \u00e8 fatto nulla per coinvolgere, non si \u00e8 fatto nulla per approfondire, non si \u00e8 fatto nulla per spiegare. Alla fine si \u00e8 perfino arrivati a scegliere la strada della conferenza dei servizi da tenersi a Venezia giustificando questa scelta con la necessit\u00e0 di abbreviare i tempi, e non capiamo perch\u00e9, o per chi, questi tempi dovrebbero essere abbreviati. L\u2019amministrazione \u00e8 giunta al punto di sostenere che questo progetto, e sfidiamo chiunque a dimostrare progetto alla mano che ci\u00f2 corrisponde a verit\u00e0, ha con s\u00e9 elementi di interesse pubblico, particolare necessario ai fini dell\u2019accettazione da parte della Regione per decretare il progetto soggetto a corsia preferenziale. Atteggiamento d\u2019attenzione, deontologicamente corretto, vorrebbe che un consiglio comunale in scadenza non si prendesse la responsabilit\u00e0 di decidere su una vicenda cos\u00ec delicata ed importante che, come dimostrano tre ricorsi al TAR (di cui uno praticamente collettivo), sul precedente progetto ha coinvolto profondamente i cittadini feltrini. Questo vorremmo avvenisse al prossimo consiglio. Confidiamo\u00a0 nel fatto che i consiglieri comunali dimostrino la loro autonomia e non diano carta bianca al sindaco ma richiedano con una voce sola che la decisione non sia presa a Venezia ma sia presa nella sua sede naturale, Feltre con la sua comunit\u00e0.\u00a0Cittadini\u00a0 feltrini &#8211; conclude la nota &#8211; \u00a0vi invitiamo a partecipare numerosi\u00a0 al prossimo Consiglio comunale&#8221;.<\/p>\n<p align=\"LEFT\">\n<p align=\"LEFT\">","protected":false},"excerpt":{"rendered":"<p>&#8220;Prendiamo atto, purtroppo, che l\u2019Amministrazione comunale, per la seconda volta, ha fretta di chiudere la partita dell\u2019Altanon. &#8211; lo scrive in una nota il Comitato No Altanon di Feltre &#8211;\u00a0\u00a0Non ne comprendiamo appieno le motivazioni ma le possiamo immaginare. Sicuramente da queste motivazioni sfuggono gli interessi della citt\u00e0. Siamo infatti fermamente convinti che la citt\u00e0 [&hellip;]<\/p>\n","protected":false},"author":2,"featured_media":0,"comment_status":"closed","ping_status":"open","sticky":false,"template":"","format":"standard","meta":{"footnotes":""},"categories":[1,26],"tags":[],"class_list":["post-34342","post","type-post","status-publish","format-standard","category-leo","category-prima-pagina"],"yoast_head":"<!-- This site is optimized with the Yoast SEO plugin v28.4 - https:\/\/yoast.com\/product\/yoast-seo-wordpress\/ -->\n<title>Comitato No Altanon: &quot;C&#039;\u00e8 troppa fretta di chiudere la partita&quot; - Bellunopress - Dolomiti<\/title>\n<meta name=\"robots\" content=\"index, follow, max-snippet:-1, max-image-preview:large, max-video-preview:-1\" \/>\n<link rel=\"canonical\" href=\"https:\/\/www.bellunopress.it\/fr\/2012\/01\/22\/comitato-no-altanon-ce-troppa-fretta-di-chiudere-la-partita\/\" \/>\n<meta property=\"og:locale\" content=\"fr_FR\" \/>\n<meta property=\"og:type\" content=\"article\" \/>\n<meta property=\"og:title\" content=\"Comitato No Altanon: &quot;C&#039;\u00e8 troppa fretta di chiudere la partita&quot; - Bellunopress - Dolomiti\" \/>\n<meta property=\"og:description\" content=\"&#8220;Prendiamo atto, purtroppo, che l\u2019Amministrazione comunale, per la seconda volta, ha fretta di chiudere la partita dell\u2019Altanon. &#8211; lo scrive in una nota il Comitato No Altanon di Feltre &#8211;\u00a0\u00a0Non ne comprendiamo appieno le motivazioni ma le possiamo immaginare. Sicuramente da queste motivazioni sfuggono gli interessi della citt\u00e0. Siamo infatti fermamente convinti che la citt\u00e0 [&hellip;]\" \/>\n<meta property=\"og:url\" content=\"https:\/\/www.bellunopress.it\/fr\/2012\/01\/22\/comitato-no-altanon-ce-troppa-fretta-di-chiudere-la-partita\/\" \/>\n<meta property=\"og:site_name\" content=\"Bellunopress - Dolomiti\" \/>\n<meta property=\"article:publisher\" content=\"https:\/\/www.facebook.com\/profile.php?id=100008943462799\" \/>\n<meta property=\"article:published_time\" content=\"2012-01-22T12:46:20+00:00\" \/>\n<meta property=\"og:image\" content=\"http:\/\/www.bellunopress.it\/wp-content\/uploads\/2011\/07\/altanon-palizzata.jpg\" \/>\n<meta name=\"author\" content=\"redazione\" \/>\n<meta name=\"twitter:card\" content=\"summary_large_image\" \/>\n<meta name=\"twitter:creator\" content=\"@bellunopress\" \/>\n<meta name=\"twitter:site\" content=\"@bellunopress\" \/>\n<meta name=\"twitter:label1\" content=\"\u00c9crit par\" \/>\n\t<meta name=\"twitter:data1\" content=\"redazione\" \/>\n\t<meta name=\"twitter:label2\" content=\"Dur\u00e9e de lecture estim\u00e9e\" \/>\n\t<meta name=\"twitter:data2\" content=\"3 minutes\" \/>\n<script type=\"application\/ld+json\" class=\"yoast-schema-graph\">{\"@context\":\"https:\\\/\\\/schema.org\",\"@graph\":[{\"@type\":\"Article\",\"@id\":\"https:\\\/\\\/www.bellunopress.it\\\/2012\\\/01\\\/22\\\/comitato-no-altanon-ce-troppa-fretta-di-chiudere-la-partita\\\/#article\",\"isPartOf\":{\"@id\":\"https:\\\/\\\/www.bellunopress.it\\\/2012\\\/01\\\/22\\\/comitato-no-altanon-ce-troppa-fretta-di-chiudere-la-partita\\\/\"},\"author\":{\"name\":\"redazione\",\"@id\":\"https:\\\/\\\/www.bellunopress.it\\\/#\\\/schema\\\/person\\\/79bb06722b37ece1c03d3e94beb30d73\"},\"headline\":\"Comitato No Altanon: &#8220;C&#8217;\u00e8 troppa fretta di chiudere la partita&#8221;\",\"datePublished\":\"2012-01-22T12:46:20+00:00\",\"mainEntityOfPage\":{\"@id\":\"https:\\\/\\\/www.bellunopress.it\\\/2012\\\/01\\\/22\\\/comitato-no-altanon-ce-troppa-fretta-di-chiudere-la-partita\\\/\"},\"wordCount\":524,\"publisher\":{\"@id\":\"https:\\\/\\\/www.bellunopress.it\\\/#organization\"},\"image\":{\"@id\":\"https:\\\/\\\/www.bellunopress.it\\\/2012\\\/01\\\/22\\\/comitato-no-altanon-ce-troppa-fretta-di-chiudere-la-partita\\\/#primaryimage\"},\"thumbnailUrl\":\"http:\\\/\\\/www.bellunopress.it\\\/wp-content\\\/uploads\\\/2011\\\/07\\\/altanon-palizzata.jpg\",\"articleSection\":[\"Lettere Opinioni\",\"Prima Pagina\"],\"inLanguage\":\"fr-FR\"},{\"@type\":\"WebPage\",\"@id\":\"https:\\\/\\\/www.bellunopress.it\\\/2012\\\/01\\\/22\\\/comitato-no-altanon-ce-troppa-fretta-di-chiudere-la-partita\\\/\",\"url\":\"https:\\\/\\\/www.bellunopress.it\\\/2012\\\/01\\\/22\\\/comitato-no-altanon-ce-troppa-fretta-di-chiudere-la-partita\\\/\",\"name\":\"Comitato No Altanon: \\\"C'\u00e8 troppa fretta di chiudere la partita\\\" - Bellunopress - Dolomiti\",\"isPartOf\":{\"@id\":\"https:\\\/\\\/www.bellunopress.it\\\/#website\"},\"primaryImageOfPage\":{\"@id\":\"https:\\\/\\\/www.bellunopress.it\\\/2012\\\/01\\\/22\\\/comitato-no-altanon-ce-troppa-fretta-di-chiudere-la-partita\\\/#primaryimage\"},\"image\":{\"@id\":\"https:\\\/\\\/www.bellunopress.it\\\/2012\\\/01\\\/22\\\/comitato-no-altanon-ce-troppa-fretta-di-chiudere-la-partita\\\/#primaryimage\"},\"thumbnailUrl\":\"http:\\\/\\\/www.bellunopress.it\\\/wp-content\\\/uploads\\\/2011\\\/07\\\/altanon-palizzata.jpg\",\"datePublished\":\"2012-01-22T12:46:20+00:00\",\"breadcrumb\":{\"@id\":\"https:\\\/\\\/www.bellunopress.it\\\/2012\\\/01\\\/22\\\/comitato-no-altanon-ce-troppa-fretta-di-chiudere-la-partita\\\/#breadcrumb\"},\"inLanguage\":\"fr-FR\",\"potentialAction\":[{\"@type\":\"ReadAction\",\"target\":[\"https:\\\/\\\/www.bellunopress.it\\\/2012\\\/01\\\/22\\\/comitato-no-altanon-ce-troppa-fretta-di-chiudere-la-partita\\\/\"]}]},{\"@type\":\"ImageObject\",\"inLanguage\":\"fr-FR\",\"@id\":\"https:\\\/\\\/www.bellunopress.it\\\/2012\\\/01\\\/22\\\/comitato-no-altanon-ce-troppa-fretta-di-chiudere-la-partita\\\/#primaryimage\",\"url\":\"http:\\\/\\\/www.bellunopress.it\\\/wp-content\\\/uploads\\\/2011\\\/07\\\/altanon-palizzata.jpg\",\"contentUrl\":\"http:\\\/\\\/www.bellunopress.it\\\/wp-content\\\/uploads\\\/2011\\\/07\\\/altanon-palizzata.jpg\"},{\"@type\":\"BreadcrumbList\",\"@id\":\"https:\\\/\\\/www.bellunopress.it\\\/2012\\\/01\\\/22\\\/comitato-no-altanon-ce-troppa-fretta-di-chiudere-la-partita\\\/#breadcrumb\",\"itemListElement\":[{\"@type\":\"ListItem\",\"position\":1,\"name\":\"Home\",\"item\":\"https:\\\/\\\/www.bellunopress.it\\\/\"},{\"@type\":\"ListItem\",\"position\":2,\"name\":\"Comitato No Altanon: &#8220;C&#8217;\u00e8 troppa fretta di chiudere la partita&#8221;\"}]},{\"@type\":\"WebSite\",\"@id\":\"https:\\\/\\\/www.bellunopress.it\\\/#website\",\"url\":\"https:\\\/\\\/www.bellunopress.it\\\/\",\"name\":\"Bellunopress - Dolomiti\",\"description\":\"e-mail: redazione@bellunopress.it\",\"publisher\":{\"@id\":\"https:\\\/\\\/www.bellunopress.it\\\/#organization\"},\"potentialAction\":[{\"@type\":\"SearchAction\",\"target\":{\"@type\":\"EntryPoint\",\"urlTemplate\":\"https:\\\/\\\/www.bellunopress.it\\\/?s={search_term_string}\"},\"query-input\":{\"@type\":\"PropertyValueSpecification\",\"valueRequired\":true,\"valueName\":\"search_term_string\"}}],\"inLanguage\":\"fr-FR\"},{\"@type\":\"Organization\",\"@id\":\"https:\\\/\\\/www.bellunopress.it\\\/#organization\",\"name\":\"Bellunopress\",\"url\":\"https:\\\/\\\/www.bellunopress.it\\\/\",\"logo\":{\"@type\":\"ImageObject\",\"inLanguage\":\"fr-FR\",\"@id\":\"https:\\\/\\\/www.bellunopress.it\\\/#\\\/schema\\\/logo\\\/image\\\/\",\"url\":\"https:\\\/\\\/www.bellunopress.it\\\/wp-content\\\/uploads\\\/2011\\\/05\\\/cropped-logo-bellunopress-.jpg\",\"contentUrl\":\"https:\\\/\\\/www.bellunopress.it\\\/wp-content\\\/uploads\\\/2011\\\/05\\\/cropped-logo-bellunopress-.jpg\",\"width\":512,\"height\":512,\"caption\":\"Bellunopress\"},\"image\":{\"@id\":\"https:\\\/\\\/www.bellunopress.it\\\/#\\\/schema\\\/logo\\\/image\\\/\"},\"sameAs\":[\"https:\\\/\\\/www.facebook.com\\\/profile.php?id=100008943462799\",\"https:\\\/\\\/x.com\\\/bellunopress\",\"https:\\\/\\\/www.linkedin.com\\\/hp\\\/?dnr=JBzUWaJfMUw8vbXJJ2tVW5-I3jZKvC4wsoxE&amp;amp;amp;amp;amp;amp;trk=nav_responsive_tab_home\",\"https:\\\/\\\/www.youtube.com\\\/channel\\\/UCxL0wu1uN0_3_7hGG0306cw\"]},{\"@type\":\"Person\",\"@id\":\"https:\\\/\\\/www.bellunopress.it\\\/#\\\/schema\\\/person\\\/79bb06722b37ece1c03d3e94beb30d73\",\"name\":\"redazione\",\"image\":{\"@type\":\"ImageObject\",\"inLanguage\":\"fr-FR\",\"@id\":\"https:\\\/\\\/secure.gravatar.com\\\/avatar\\\/37d968a2e67a6fd04c169c4bdef102d0bc5d31b2546345219e348575eb80e9a0?s=96&d=mm&r=g\",\"url\":\"https:\\\/\\\/secure.gravatar.com\\\/avatar\\\/37d968a2e67a6fd04c169c4bdef102d0bc5d31b2546345219e348575eb80e9a0?s=96&d=mm&r=g\",\"contentUrl\":\"https:\\\/\\\/secure.gravatar.com\\\/avatar\\\/37d968a2e67a6fd04c169c4bdef102d0bc5d31b2546345219e348575eb80e9a0?s=96&d=mm&r=g\",\"caption\":\"redazione\"},\"sameAs\":[\"http:\\\/\\\/www.bellunopress.it\",\"https:\\\/\\\/x.com\\\/bellunopress\"],\"url\":\"https:\\\/\\\/www.bellunopress.it\\\/fr\\\/author\\\/redazione\\\/\"}]}<\/script>\n<!-- \/ Yoast SEO plugin. -->","yoast_head_json":{"title":"Comitato No Altanon: \"C'\u00e8 troppa fretta di chiudere la partita\" - Bellunopress - Dolomiti","robots":{"index":"index","follow":"follow","max-snippet":"max-snippet:-1","max-image-preview":"max-image-preview:large","max-video-preview":"max-video-preview:-1"},"canonical":"https:\/\/www.bellunopress.it\/fr\/2012\/01\/22\/comitato-no-altanon-ce-troppa-fretta-di-chiudere-la-partita\/","og_locale":"fr_FR","og_type":"article","og_title":"Comitato No Altanon: \"C'\u00e8 troppa fretta di chiudere la partita\" - Bellunopress - Dolomiti","og_description":"&#8220;Prendiamo atto, purtroppo, che l\u2019Amministrazione comunale, per la seconda volta, ha fretta di chiudere la partita dell\u2019Altanon. &#8211; lo scrive in una nota il Comitato No Altanon di Feltre &#8211;\u00a0\u00a0Non ne comprendiamo appieno le motivazioni ma le possiamo immaginare. Sicuramente da queste motivazioni sfuggono gli interessi della citt\u00e0. Siamo infatti fermamente convinti che la citt\u00e0 [&hellip;]","og_url":"https:\/\/www.bellunopress.it\/fr\/2012\/01\/22\/comitato-no-altanon-ce-troppa-fretta-di-chiudere-la-partita\/","og_site_name":"Bellunopress - Dolomiti","article_publisher":"https:\/\/www.facebook.com\/profile.php?id=100008943462799","article_published_time":"2012-01-22T12:46:20+00:00","og_image":[{"url":"http:\/\/www.bellunopress.it\/wp-content\/uploads\/2011\/07\/altanon-palizzata.jpg","type":"","width":"","height":""}],"author":"redazione","twitter_card":"summary_large_image","twitter_creator":"@bellunopress","twitter_site":"@bellunopress","twitter_misc":{"\u00c9crit par":"redazione","Dur\u00e9e de lecture estim\u00e9e":"3 minutes"},"schema":{"@context":"https:\/\/schema.org","@graph":[{"@type":"Article","@id":"https:\/\/www.bellunopress.it\/2012\/01\/22\/comitato-no-altanon-ce-troppa-fretta-di-chiudere-la-partita\/#article","isPartOf":{"@id":"https:\/\/www.bellunopress.it\/2012\/01\/22\/comitato-no-altanon-ce-troppa-fretta-di-chiudere-la-partita\/"},"author":{"name":"redazione","@id":"https:\/\/www.bellunopress.it\/#\/schema\/person\/79bb06722b37ece1c03d3e94beb30d73"},"headline":"Comitato No Altanon: &#8220;C&#8217;\u00e8 troppa fretta di chiudere la partita&#8221;","datePublished":"2012-01-22T12:46:20+00:00","mainEntityOfPage":{"@id":"https:\/\/www.bellunopress.it\/2012\/01\/22\/comitato-no-altanon-ce-troppa-fretta-di-chiudere-la-partita\/"},"wordCount":524,"publisher":{"@id":"https:\/\/www.bellunopress.it\/#organization"},"image":{"@id":"https:\/\/www.bellunopress.it\/2012\/01\/22\/comitato-no-altanon-ce-troppa-fretta-di-chiudere-la-partita\/#primaryimage"},"thumbnailUrl":"http:\/\/www.bellunopress.it\/wp-content\/uploads\/2011\/07\/altanon-palizzata.jpg","articleSection":["Lettere Opinioni","Prima Pagina"],"inLanguage":"fr-FR"},{"@type":"WebPage","@id":"https:\/\/www.bellunopress.it\/2012\/01\/22\/comitato-no-altanon-ce-troppa-fretta-di-chiudere-la-partita\/","url":"https:\/\/www.bellunopress.it\/2012\/01\/22\/comitato-no-altanon-ce-troppa-fretta-di-chiudere-la-partita\/","name":"Comitato No Altanon: \"C'\u00e8 troppa fretta di chiudere la partita\" - Bellunopress - Dolomiti","isPartOf":{"@id":"https:\/\/www.bellunopress.it\/#website"},"primaryImageOfPage":{"@id":"https:\/\/www.bellunopress.it\/2012\/01\/22\/comitato-no-altanon-ce-troppa-fretta-di-chiudere-la-partita\/#primaryimage"},"image":{"@id":"https:\/\/www.bellunopress.it\/2012\/01\/22\/comitato-no-altanon-ce-troppa-fretta-di-chiudere-la-partita\/#primaryimage"},"thumbnailUrl":"http:\/\/www.bellunopress.it\/wp-content\/uploads\/2011\/07\/altanon-palizzata.jpg","datePublished":"2012-01-22T12:46:20+00:00","breadcrumb":{"@id":"https:\/\/www.bellunopress.it\/2012\/01\/22\/comitato-no-altanon-ce-troppa-fretta-di-chiudere-la-partita\/#breadcrumb"},"inLanguage":"fr-FR","potentialAction":[{"@type":"ReadAction","target":["https:\/\/www.bellunopress.it\/2012\/01\/22\/comitato-no-altanon-ce-troppa-fretta-di-chiudere-la-partita\/"]}]},{"@type":"ImageObject","inLanguage":"fr-FR","@id":"https:\/\/www.bellunopress.it\/2012\/01\/22\/comitato-no-altanon-ce-troppa-fretta-di-chiudere-la-partita\/#primaryimage","url":"http:\/\/www.bellunopress.it\/wp-content\/uploads\/2011\/07\/altanon-palizzata.jpg","contentUrl":"http:\/\/www.bellunopress.it\/wp-content\/uploads\/2011\/07\/altanon-palizzata.jpg"},{"@type":"BreadcrumbList","@id":"https:\/\/www.bellunopress.it\/2012\/01\/22\/comitato-no-altanon-ce-troppa-fretta-di-chiudere-la-partita\/#breadcrumb","itemListElement":[{"@type":"ListItem","position":1,"name":"Home","item":"https:\/\/www.bellunopress.it\/"},{"@type":"ListItem","position":2,"name":"Comitato No Altanon: &#8220;C&#8217;\u00e8 troppa fretta di chiudere la partita&#8221;"}]},{"@type":"WebSite","@id":"https:\/\/www.bellunopress.it\/#website","url":"https:\/\/www.bellunopress.it\/","name":"Bellunopress - Dolomiti","description":"e-mail: redazione@bellunopress.it","publisher":{"@id":"https:\/\/www.bellunopress.it\/#organization"},"potentialAction":[{"@type":"SearchAction","target":{"@type":"EntryPoint","urlTemplate":"https:\/\/www.bellunopress.it\/?s={search_term_string}"},"query-input":{"@type":"PropertyValueSpecification","valueRequired":true,"valueName":"search_term_string"}}],"inLanguage":"fr-FR"},{"@type":"Organization","@id":"https:\/\/www.bellunopress.it\/#organization","name":"Bellunopress","url":"https:\/\/www.bellunopress.it\/","logo":{"@type":"ImageObject","inLanguage":"fr-FR","@id":"https:\/\/www.bellunopress.it\/#\/schema\/logo\/image\/","url":"https:\/\/www.bellunopress.it\/wp-content\/uploads\/2011\/05\/cropped-logo-bellunopress-.jpg","contentUrl":"https:\/\/www.bellunopress.it\/wp-content\/uploads\/2011\/05\/cropped-logo-bellunopress-.jpg","width":512,"height":512,"caption":"Bellunopress"},"image":{"@id":"https:\/\/www.bellunopress.it\/#\/schema\/logo\/image\/"},"sameAs":["https:\/\/www.facebook.com\/profile.php?id=100008943462799","https:\/\/x.com\/bellunopress","https:\/\/www.linkedin.com\/hp\/?dnr=JBzUWaJfMUw8vbXJJ2tVW5-I3jZKvC4wsoxE&amp;amp;amp;amp;amp;amp;trk=nav_responsive_tab_home","https:\/\/www.youtube.com\/channel\/UCxL0wu1uN0_3_7hGG0306cw"]},{"@type":"Person","@id":"https:\/\/www.bellunopress.it\/#\/schema\/person\/79bb06722b37ece1c03d3e94beb30d73","name":"r\u00e9daction","image":{"@type":"ImageObject","inLanguage":"fr-FR","@id":"https:\/\/secure.gravatar.com\/avatar\/37d968a2e67a6fd04c169c4bdef102d0bc5d31b2546345219e348575eb80e9a0?s=96&d=mm&r=g","url":"https:\/\/secure.gravatar.com\/avatar\/37d968a2e67a6fd04c169c4bdef102d0bc5d31b2546345219e348575eb80e9a0?s=96&d=mm&r=g","contentUrl":"https:\/\/secure.gravatar.com\/avatar\/37d968a2e67a6fd04c169c4bdef102d0bc5d31b2546345219e348575eb80e9a0?s=96&d=mm&r=g","caption":"redazione"},"sameAs":["http:\/\/www.bellunopress.it","https:\/\/x.com\/bellunopress"],"url":"https:\/\/www.bellunopress.it\/fr\/author\/redazione\/"}]}},"_links":{"self":[{"href":"https:\/\/www.bellunopress.it\/fr\/wp-json\/wp\/v2\/posts\/34342","targetHints":{"allow":["GET"]}}],"collection":[{"href":"https:\/\/www.bellunopress.it\/fr\/wp-json\/wp\/v2\/posts"}],"about":[{"href":"https:\/\/www.bellunopress.it\/fr\/wp-json\/wp\/v2\/types\/post"}],"author":[{"embeddable":true,"href":"https:\/\/www.bellunopress.it\/fr\/wp-json\/wp\/v2\/users\/2"}],"replies":[{"embeddable":true,"href":"https:\/\/www.bellunopress.it\/fr\/wp-json\/wp\/v2\/comments?post=34342"}],"version-history":[{"count":1,"href":"https:\/\/www.bellunopress.it\/fr\/wp-json\/wp\/v2\/posts\/34342\/revisions"}],"predecessor-version":[{"id":34343,"href":"https:\/\/www.bellunopress.it\/fr\/wp-json\/wp\/v2\/posts\/34342\/revisions\/34343"}],"wp:attachment":[{"href":"https:\/\/www.bellunopress.it\/fr\/wp-json\/wp\/v2\/media?parent=34342"}],"wp:term":[{"taxonomy":"category","embeddable":true,"href":"https:\/\/www.bellunopress.it\/fr\/wp-json\/wp\/v2\/categories?post=34342"},{"taxonomy":"post_tag","embeddable":true,"href":"https:\/\/www.bellunopress.it\/fr\/wp-json\/wp\/v2\/tags?post=34342"}],"curies":[{"name":"wp","href":"https:\/\/api.w.org\/{rel}","templated":true}]}}