{"id":34339,"date":"2012-01-22T12:00:32","date_gmt":"2012-01-22T11:00:32","guid":{"rendered":"http:\/\/www.bellunopress.it\/?p=34339"},"modified":"2012-01-22T12:00:32","modified_gmt":"2012-01-22T11:00:32","slug":"amministrative-2012-belluno-il-patto-per-belluno-per-ora-non-ha-siglato-alcun-accordo","status":"publish","type":"post","link":"https:\/\/www.bellunopress.it\/fr\/2012\/01\/22\/amministrative-2012-belluno-il-patto-per-belluno-per-ora-non-ha-siglato-alcun-accordo\/","title":{"rendered":"Amministrative 2012 Belluno. Il Patto per Belluno per ora non ha siglato alcun accordo"},"content":{"rendered":"<figure id=\"attachment_419\" aria-describedby=\"caption-attachment-419\" style=\"width: 181px\" class=\"wp-caption alignleft\"><a href=\"http:\/\/www.bellunopress.it\/wp-content\/uploads\/2009\/02\/celeste-balcon.jpg\"><img loading=\"lazy\" decoding=\"async\" class=\"size-full wp-image-419\" title=\"celeste-balcon\" src=\"http:\/\/www.bellunopress.it\/wp-content\/uploads\/2009\/02\/celeste-balcon.jpg\" alt=\"\" width=\"181\" height=\"241\" \/><\/a><figcaption id=\"caption-attachment-419\" class=\"wp-caption-text\">Celeste Balcon, Patto per Belluno<\/figcaption><\/figure>\n<p>Il direttivo del Patto per Belluno interviene per una precisazione. &#8220;In questi giorni, con insistenza, dai media si viene a conoscenza di un piano per un raggruppamento di moderati cui farebbe parte il Patto per Belluno. Notizie che creano perplessit\u00e0 e confusione non solo nella cittadinanza ma anche all&#8217;interno del Patto per Belluno per cui \u00e8 doveroso fare chiarezza.Nulla da eccepire sulle intenzioni dell&#8217;UDC, col quale il Patto per Belluno ha partecipato con risultato alle elezioni provinciali 2009 e col quale, anche alla luce di tale esperienza, si \u00e8 avuto qualche incontro informale in vista delle prossime elezioni comunali. Incontri interlocutori nei quali \u00e8 stato fatto presente il nostro modo di pensare e di agire, evidenziando anche eventuali riserve. Ma tra il dialogare e fare\u00a0 accordi c&#8217;\u00e8 una bella differenza. Le linee politiche e le strategie del Patto per Belluno, come da regolamento interno, vengono decise dall&#8217;assemblea del Patto stesso e da nessun altro.Il Patto per Belluno dialoga in prima persona e senza intermediari con le forze politiche che ritiene incontrare. Come gi\u00e0 annunciato mesi addietro &#8211; conclude la nota del direttivo &#8211; \u00a0il Patto per Belluno potrebbe correre tanto da solo con un proprio candidato Sindaco che in coalizione, certamente senza essere condizionato e subalterno a nessuno&#8221;.<\/p>","protected":false},"excerpt":{"rendered":"<p>Il direttivo del Patto per Belluno interviene per una precisazione. &#8220;In questi giorni, con insistenza, dai media si viene a conoscenza di un piano per un raggruppamento di moderati cui farebbe parte il Patto per Belluno. Notizie che creano perplessit\u00e0 e confusione non solo nella cittadinanza ma anche all&#8217;interno del Patto per Belluno per cui [&hellip;]<\/p>\n","protected":false},"author":2,"featured_media":0,"comment_status":"closed","ping_status":"open","sticky":false,"template":"","format":"standard","meta":{"footnotes":""},"categories":[1],"tags":[],"class_list":["post-34339","post","type-post","status-publish","format-standard","category-leo"],"yoast_head":"<!-- This site is optimized with the Yoast SEO plugin v28.4 - https:\/\/yoast.com\/product\/yoast-seo-wordpress\/ -->\n<title>Amministrative 2012 Belluno. Il Patto per Belluno per ora non ha siglato alcun accordo - Bellunopress - Dolomiti<\/title>\n<meta name=\"robots\" content=\"index, follow, max-snippet:-1, max-image-preview:large, max-video-preview:-1\" \/>\n<link rel=\"canonical\" href=\"https:\/\/www.bellunopress.it\/fr\/2012\/01\/22\/amministrative-2012-belluno-il-patto-per-belluno-per-ora-non-ha-siglato-alcun-accordo\/\" \/>\n<meta property=\"og:locale\" content=\"fr_FR\" \/>\n<meta property=\"og:type\" content=\"article\" \/>\n<meta property=\"og:title\" content=\"Amministrative 2012 Belluno. Il Patto per Belluno per ora non ha siglato alcun accordo - Bellunopress - Dolomiti\" \/>\n<meta property=\"og:description\" content=\"Il direttivo del Patto per Belluno interviene per una precisazione. &#8220;In questi giorni, con insistenza, dai media si viene a conoscenza di un piano per un raggruppamento di moderati cui farebbe parte il Patto per Belluno. Notizie che creano perplessit\u00e0 e confusione non solo nella cittadinanza ma anche all&#8217;interno del Patto per Belluno per cui [&hellip;]\" \/>\n<meta property=\"og:url\" content=\"https:\/\/www.bellunopress.it\/fr\/2012\/01\/22\/amministrative-2012-belluno-il-patto-per-belluno-per-ora-non-ha-siglato-alcun-accordo\/\" \/>\n<meta property=\"og:site_name\" content=\"Bellunopress - Dolomiti\" \/>\n<meta property=\"article:publisher\" content=\"https:\/\/www.facebook.com\/profile.php?id=100008943462799\" \/>\n<meta property=\"article:published_time\" content=\"2012-01-22T11:00:32+00:00\" \/>\n<meta property=\"og:image\" content=\"http:\/\/www.bellunopress.it\/wp-content\/uploads\/2009\/02\/celeste-balcon.jpg\" \/>\n<meta name=\"author\" content=\"redazione\" \/>\n<meta name=\"twitter:card\" content=\"summary_large_image\" \/>\n<meta name=\"twitter:creator\" content=\"@bellunopress\" \/>\n<meta name=\"twitter:site\" content=\"@bellunopress\" \/>\n<meta name=\"twitter:label1\" content=\"\u00c9crit par\" \/>\n\t<meta name=\"twitter:data1\" content=\"redazione\" \/>\n\t<meta name=\"twitter:label2\" content=\"Dur\u00e9e de lecture estim\u00e9e\" \/>\n\t<meta name=\"twitter:data2\" content=\"1 minute\" \/>\n<script type=\"application\/ld+json\" class=\"yoast-schema-graph\">{\"@context\":\"https:\\\/\\\/schema.org\",\"@graph\":[{\"@type\":\"Article\",\"@id\":\"https:\\\/\\\/www.bellunopress.it\\\/2012\\\/01\\\/22\\\/amministrative-2012-belluno-il-patto-per-belluno-per-ora-non-ha-siglato-alcun-accordo\\\/#article\",\"isPartOf\":{\"@id\":\"https:\\\/\\\/www.bellunopress.it\\\/2012\\\/01\\\/22\\\/amministrative-2012-belluno-il-patto-per-belluno-per-ora-non-ha-siglato-alcun-accordo\\\/\"},\"author\":{\"name\":\"redazione\",\"@id\":\"https:\\\/\\\/www.bellunopress.it\\\/#\\\/schema\\\/person\\\/79bb06722b37ece1c03d3e94beb30d73\"},\"headline\":\"Amministrative 2012 Belluno. Il Patto per Belluno per ora non ha siglato alcun accordo\",\"datePublished\":\"2012-01-22T11:00:32+00:00\",\"mainEntityOfPage\":{\"@id\":\"https:\\\/\\\/www.bellunopress.it\\\/2012\\\/01\\\/22\\\/amministrative-2012-belluno-il-patto-per-belluno-per-ora-non-ha-siglato-alcun-accordo\\\/\"},\"wordCount\":235,\"publisher\":{\"@id\":\"https:\\\/\\\/www.bellunopress.it\\\/#organization\"},\"image\":{\"@id\":\"https:\\\/\\\/www.bellunopress.it\\\/2012\\\/01\\\/22\\\/amministrative-2012-belluno-il-patto-per-belluno-per-ora-non-ha-siglato-alcun-accordo\\\/#primaryimage\"},\"thumbnailUrl\":\"http:\\\/\\\/www.bellunopress.it\\\/wp-content\\\/uploads\\\/2009\\\/02\\\/celeste-balcon.jpg\",\"articleSection\":[\"Lettere Opinioni\"],\"inLanguage\":\"fr-FR\"},{\"@type\":\"WebPage\",\"@id\":\"https:\\\/\\\/www.bellunopress.it\\\/2012\\\/01\\\/22\\\/amministrative-2012-belluno-il-patto-per-belluno-per-ora-non-ha-siglato-alcun-accordo\\\/\",\"url\":\"https:\\\/\\\/www.bellunopress.it\\\/2012\\\/01\\\/22\\\/amministrative-2012-belluno-il-patto-per-belluno-per-ora-non-ha-siglato-alcun-accordo\\\/\",\"name\":\"Amministrative 2012 Belluno. Il Patto per Belluno per ora non ha siglato alcun accordo - Bellunopress - Dolomiti\",\"isPartOf\":{\"@id\":\"https:\\\/\\\/www.bellunopress.it\\\/#website\"},\"primaryImageOfPage\":{\"@id\":\"https:\\\/\\\/www.bellunopress.it\\\/2012\\\/01\\\/22\\\/amministrative-2012-belluno-il-patto-per-belluno-per-ora-non-ha-siglato-alcun-accordo\\\/#primaryimage\"},\"image\":{\"@id\":\"https:\\\/\\\/www.bellunopress.it\\\/2012\\\/01\\\/22\\\/amministrative-2012-belluno-il-patto-per-belluno-per-ora-non-ha-siglato-alcun-accordo\\\/#primaryimage\"},\"thumbnailUrl\":\"http:\\\/\\\/www.bellunopress.it\\\/wp-content\\\/uploads\\\/2009\\\/02\\\/celeste-balcon.jpg\",\"datePublished\":\"2012-01-22T11:00:32+00:00\",\"breadcrumb\":{\"@id\":\"https:\\\/\\\/www.bellunopress.it\\\/2012\\\/01\\\/22\\\/amministrative-2012-belluno-il-patto-per-belluno-per-ora-non-ha-siglato-alcun-accordo\\\/#breadcrumb\"},\"inLanguage\":\"fr-FR\",\"potentialAction\":[{\"@type\":\"ReadAction\",\"target\":[\"https:\\\/\\\/www.bellunopress.it\\\/2012\\\/01\\\/22\\\/amministrative-2012-belluno-il-patto-per-belluno-per-ora-non-ha-siglato-alcun-accordo\\\/\"]}]},{\"@type\":\"ImageObject\",\"inLanguage\":\"fr-FR\",\"@id\":\"https:\\\/\\\/www.bellunopress.it\\\/2012\\\/01\\\/22\\\/amministrative-2012-belluno-il-patto-per-belluno-per-ora-non-ha-siglato-alcun-accordo\\\/#primaryimage\",\"url\":\"http:\\\/\\\/www.bellunopress.it\\\/wp-content\\\/uploads\\\/2009\\\/02\\\/celeste-balcon.jpg\",\"contentUrl\":\"http:\\\/\\\/www.bellunopress.it\\\/wp-content\\\/uploads\\\/2009\\\/02\\\/celeste-balcon.jpg\"},{\"@type\":\"BreadcrumbList\",\"@id\":\"https:\\\/\\\/www.bellunopress.it\\\/2012\\\/01\\\/22\\\/amministrative-2012-belluno-il-patto-per-belluno-per-ora-non-ha-siglato-alcun-accordo\\\/#breadcrumb\",\"itemListElement\":[{\"@type\":\"ListItem\",\"position\":1,\"name\":\"Home\",\"item\":\"https:\\\/\\\/www.bellunopress.it\\\/\"},{\"@type\":\"ListItem\",\"position\":2,\"name\":\"Amministrative 2012 Belluno. Il Patto per Belluno per ora non ha siglato alcun accordo\"}]},{\"@type\":\"WebSite\",\"@id\":\"https:\\\/\\\/www.bellunopress.it\\\/#website\",\"url\":\"https:\\\/\\\/www.bellunopress.it\\\/\",\"name\":\"Bellunopress - Dolomiti\",\"description\":\"e-mail: redazione@bellunopress.it\",\"publisher\":{\"@id\":\"https:\\\/\\\/www.bellunopress.it\\\/#organization\"},\"potentialAction\":[{\"@type\":\"SearchAction\",\"target\":{\"@type\":\"EntryPoint\",\"urlTemplate\":\"https:\\\/\\\/www.bellunopress.it\\\/?s={search_term_string}\"},\"query-input\":{\"@type\":\"PropertyValueSpecification\",\"valueRequired\":true,\"valueName\":\"search_term_string\"}}],\"inLanguage\":\"fr-FR\"},{\"@type\":\"Organization\",\"@id\":\"https:\\\/\\\/www.bellunopress.it\\\/#organization\",\"name\":\"Bellunopress\",\"url\":\"https:\\\/\\\/www.bellunopress.it\\\/\",\"logo\":{\"@type\":\"ImageObject\",\"inLanguage\":\"fr-FR\",\"@id\":\"https:\\\/\\\/www.bellunopress.it\\\/#\\\/schema\\\/logo\\\/image\\\/\",\"url\":\"https:\\\/\\\/www.bellunopress.it\\\/wp-content\\\/uploads\\\/2011\\\/05\\\/cropped-logo-bellunopress-.jpg\",\"contentUrl\":\"https:\\\/\\\/www.bellunopress.it\\\/wp-content\\\/uploads\\\/2011\\\/05\\\/cropped-logo-bellunopress-.jpg\",\"width\":512,\"height\":512,\"caption\":\"Bellunopress\"},\"image\":{\"@id\":\"https:\\\/\\\/www.bellunopress.it\\\/#\\\/schema\\\/logo\\\/image\\\/\"},\"sameAs\":[\"https:\\\/\\\/www.facebook.com\\\/profile.php?id=100008943462799\",\"https:\\\/\\\/x.com\\\/bellunopress\",\"https:\\\/\\\/www.linkedin.com\\\/hp\\\/?dnr=JBzUWaJfMUw8vbXJJ2tVW5-I3jZKvC4wsoxE&amp;amp;amp;amp;amp;amp;trk=nav_responsive_tab_home\",\"https:\\\/\\\/www.youtube.com\\\/channel\\\/UCxL0wu1uN0_3_7hGG0306cw\"]},{\"@type\":\"Person\",\"@id\":\"https:\\\/\\\/www.bellunopress.it\\\/#\\\/schema\\\/person\\\/79bb06722b37ece1c03d3e94beb30d73\",\"name\":\"redazione\",\"image\":{\"@type\":\"ImageObject\",\"inLanguage\":\"fr-FR\",\"@id\":\"https:\\\/\\\/secure.gravatar.com\\\/avatar\\\/37d968a2e67a6fd04c169c4bdef102d0bc5d31b2546345219e348575eb80e9a0?s=96&d=mm&r=g\",\"url\":\"https:\\\/\\\/secure.gravatar.com\\\/avatar\\\/37d968a2e67a6fd04c169c4bdef102d0bc5d31b2546345219e348575eb80e9a0?s=96&d=mm&r=g\",\"contentUrl\":\"https:\\\/\\\/secure.gravatar.com\\\/avatar\\\/37d968a2e67a6fd04c169c4bdef102d0bc5d31b2546345219e348575eb80e9a0?s=96&d=mm&r=g\",\"caption\":\"redazione\"},\"sameAs\":[\"http:\\\/\\\/www.bellunopress.it\",\"https:\\\/\\\/x.com\\\/bellunopress\"],\"url\":\"https:\\\/\\\/www.bellunopress.it\\\/fr\\\/author\\\/redazione\\\/\"}]}<\/script>\n<!-- \/ Yoast SEO plugin. -->","yoast_head_json":{"title":"Amministrative 2012 Belluno. Il Patto per Belluno per ora non ha siglato alcun accordo - Bellunopress - Dolomiti","robots":{"index":"index","follow":"follow","max-snippet":"max-snippet:-1","max-image-preview":"max-image-preview:large","max-video-preview":"max-video-preview:-1"},"canonical":"https:\/\/www.bellunopress.it\/fr\/2012\/01\/22\/amministrative-2012-belluno-il-patto-per-belluno-per-ora-non-ha-siglato-alcun-accordo\/","og_locale":"fr_FR","og_type":"article","og_title":"Amministrative 2012 Belluno. Il Patto per Belluno per ora non ha siglato alcun accordo - Bellunopress - Dolomiti","og_description":"Il direttivo del Patto per Belluno interviene per una precisazione. &#8220;In questi giorni, con insistenza, dai media si viene a conoscenza di un piano per un raggruppamento di moderati cui farebbe parte il Patto per Belluno. Notizie che creano perplessit\u00e0 e confusione non solo nella cittadinanza ma anche all&#8217;interno del Patto per Belluno per cui [&hellip;]","og_url":"https:\/\/www.bellunopress.it\/fr\/2012\/01\/22\/amministrative-2012-belluno-il-patto-per-belluno-per-ora-non-ha-siglato-alcun-accordo\/","og_site_name":"Bellunopress - Dolomiti","article_publisher":"https:\/\/www.facebook.com\/profile.php?id=100008943462799","article_published_time":"2012-01-22T11:00:32+00:00","og_image":[{"url":"http:\/\/www.bellunopress.it\/wp-content\/uploads\/2009\/02\/celeste-balcon.jpg","type":"","width":"","height":""}],"author":"redazione","twitter_card":"summary_large_image","twitter_creator":"@bellunopress","twitter_site":"@bellunopress","twitter_misc":{"\u00c9crit par":"redazione","Dur\u00e9e de lecture estim\u00e9e":"1 minute"},"schema":{"@context":"https:\/\/schema.org","@graph":[{"@type":"Article","@id":"https:\/\/www.bellunopress.it\/2012\/01\/22\/amministrative-2012-belluno-il-patto-per-belluno-per-ora-non-ha-siglato-alcun-accordo\/#article","isPartOf":{"@id":"https:\/\/www.bellunopress.it\/2012\/01\/22\/amministrative-2012-belluno-il-patto-per-belluno-per-ora-non-ha-siglato-alcun-accordo\/"},"author":{"name":"redazione","@id":"https:\/\/www.bellunopress.it\/#\/schema\/person\/79bb06722b37ece1c03d3e94beb30d73"},"headline":"Amministrative 2012 Belluno. Il Patto per Belluno per ora non ha siglato alcun accordo","datePublished":"2012-01-22T11:00:32+00:00","mainEntityOfPage":{"@id":"https:\/\/www.bellunopress.it\/2012\/01\/22\/amministrative-2012-belluno-il-patto-per-belluno-per-ora-non-ha-siglato-alcun-accordo\/"},"wordCount":235,"publisher":{"@id":"https:\/\/www.bellunopress.it\/#organization"},"image":{"@id":"https:\/\/www.bellunopress.it\/2012\/01\/22\/amministrative-2012-belluno-il-patto-per-belluno-per-ora-non-ha-siglato-alcun-accordo\/#primaryimage"},"thumbnailUrl":"http:\/\/www.bellunopress.it\/wp-content\/uploads\/2009\/02\/celeste-balcon.jpg","articleSection":["Lettere Opinioni"],"inLanguage":"fr-FR"},{"@type":"WebPage","@id":"https:\/\/www.bellunopress.it\/2012\/01\/22\/amministrative-2012-belluno-il-patto-per-belluno-per-ora-non-ha-siglato-alcun-accordo\/","url":"https:\/\/www.bellunopress.it\/2012\/01\/22\/amministrative-2012-belluno-il-patto-per-belluno-per-ora-non-ha-siglato-alcun-accordo\/","name":"Amministrative 2012 Belluno. Il Patto per Belluno per ora non ha siglato alcun accordo - Bellunopress - Dolomiti","isPartOf":{"@id":"https:\/\/www.bellunopress.it\/#website"},"primaryImageOfPage":{"@id":"https:\/\/www.bellunopress.it\/2012\/01\/22\/amministrative-2012-belluno-il-patto-per-belluno-per-ora-non-ha-siglato-alcun-accordo\/#primaryimage"},"image":{"@id":"https:\/\/www.bellunopress.it\/2012\/01\/22\/amministrative-2012-belluno-il-patto-per-belluno-per-ora-non-ha-siglato-alcun-accordo\/#primaryimage"},"thumbnailUrl":"http:\/\/www.bellunopress.it\/wp-content\/uploads\/2009\/02\/celeste-balcon.jpg","datePublished":"2012-01-22T11:00:32+00:00","breadcrumb":{"@id":"https:\/\/www.bellunopress.it\/2012\/01\/22\/amministrative-2012-belluno-il-patto-per-belluno-per-ora-non-ha-siglato-alcun-accordo\/#breadcrumb"},"inLanguage":"fr-FR","potentialAction":[{"@type":"ReadAction","target":["https:\/\/www.bellunopress.it\/2012\/01\/22\/amministrative-2012-belluno-il-patto-per-belluno-per-ora-non-ha-siglato-alcun-accordo\/"]}]},{"@type":"ImageObject","inLanguage":"fr-FR","@id":"https:\/\/www.bellunopress.it\/2012\/01\/22\/amministrative-2012-belluno-il-patto-per-belluno-per-ora-non-ha-siglato-alcun-accordo\/#primaryimage","url":"http:\/\/www.bellunopress.it\/wp-content\/uploads\/2009\/02\/celeste-balcon.jpg","contentUrl":"http:\/\/www.bellunopress.it\/wp-content\/uploads\/2009\/02\/celeste-balcon.jpg"},{"@type":"BreadcrumbList","@id":"https:\/\/www.bellunopress.it\/2012\/01\/22\/amministrative-2012-belluno-il-patto-per-belluno-per-ora-non-ha-siglato-alcun-accordo\/#breadcrumb","itemListElement":[{"@type":"ListItem","position":1,"name":"Home","item":"https:\/\/www.bellunopress.it\/"},{"@type":"ListItem","position":2,"name":"Amministrative 2012 Belluno. Il Patto per Belluno per ora non ha siglato alcun accordo"}]},{"@type":"WebSite","@id":"https:\/\/www.bellunopress.it\/#website","url":"https:\/\/www.bellunopress.it\/","name":"Bellunopress - Dolomiti","description":"e-mail: redazione@bellunopress.it","publisher":{"@id":"https:\/\/www.bellunopress.it\/#organization"},"potentialAction":[{"@type":"SearchAction","target":{"@type":"EntryPoint","urlTemplate":"https:\/\/www.bellunopress.it\/?s={search_term_string}"},"query-input":{"@type":"PropertyValueSpecification","valueRequired":true,"valueName":"search_term_string"}}],"inLanguage":"fr-FR"},{"@type":"Organization","@id":"https:\/\/www.bellunopress.it\/#organization","name":"Bellunopress","url":"https:\/\/www.bellunopress.it\/","logo":{"@type":"ImageObject","inLanguage":"fr-FR","@id":"https:\/\/www.bellunopress.it\/#\/schema\/logo\/image\/","url":"https:\/\/www.bellunopress.it\/wp-content\/uploads\/2011\/05\/cropped-logo-bellunopress-.jpg","contentUrl":"https:\/\/www.bellunopress.it\/wp-content\/uploads\/2011\/05\/cropped-logo-bellunopress-.jpg","width":512,"height":512,"caption":"Bellunopress"},"image":{"@id":"https:\/\/www.bellunopress.it\/#\/schema\/logo\/image\/"},"sameAs":["https:\/\/www.facebook.com\/profile.php?id=100008943462799","https:\/\/x.com\/bellunopress","https:\/\/www.linkedin.com\/hp\/?dnr=JBzUWaJfMUw8vbXJJ2tVW5-I3jZKvC4wsoxE&amp;amp;amp;amp;amp;amp;trk=nav_responsive_tab_home","https:\/\/www.youtube.com\/channel\/UCxL0wu1uN0_3_7hGG0306cw"]},{"@type":"Person","@id":"https:\/\/www.bellunopress.it\/#\/schema\/person\/79bb06722b37ece1c03d3e94beb30d73","name":"r\u00e9daction","image":{"@type":"ImageObject","inLanguage":"fr-FR","@id":"https:\/\/secure.gravatar.com\/avatar\/37d968a2e67a6fd04c169c4bdef102d0bc5d31b2546345219e348575eb80e9a0?s=96&d=mm&r=g","url":"https:\/\/secure.gravatar.com\/avatar\/37d968a2e67a6fd04c169c4bdef102d0bc5d31b2546345219e348575eb80e9a0?s=96&d=mm&r=g","contentUrl":"https:\/\/secure.gravatar.com\/avatar\/37d968a2e67a6fd04c169c4bdef102d0bc5d31b2546345219e348575eb80e9a0?s=96&d=mm&r=g","caption":"redazione"},"sameAs":["http:\/\/www.bellunopress.it","https:\/\/x.com\/bellunopress"],"url":"https:\/\/www.bellunopress.it\/fr\/author\/redazione\/"}]}},"_links":{"self":[{"href":"https:\/\/www.bellunopress.it\/fr\/wp-json\/wp\/v2\/posts\/34339","targetHints":{"allow":["GET"]}}],"collection":[{"href":"https:\/\/www.bellunopress.it\/fr\/wp-json\/wp\/v2\/posts"}],"about":[{"href":"https:\/\/www.bellunopress.it\/fr\/wp-json\/wp\/v2\/types\/post"}],"author":[{"embeddable":true,"href":"https:\/\/www.bellunopress.it\/fr\/wp-json\/wp\/v2\/users\/2"}],"replies":[{"embeddable":true,"href":"https:\/\/www.bellunopress.it\/fr\/wp-json\/wp\/v2\/comments?post=34339"}],"version-history":[{"count":2,"href":"https:\/\/www.bellunopress.it\/fr\/wp-json\/wp\/v2\/posts\/34339\/revisions"}],"predecessor-version":[{"id":34341,"href":"https:\/\/www.bellunopress.it\/fr\/wp-json\/wp\/v2\/posts\/34339\/revisions\/34341"}],"wp:attachment":[{"href":"https:\/\/www.bellunopress.it\/fr\/wp-json\/wp\/v2\/media?parent=34339"}],"wp:term":[{"taxonomy":"category","embeddable":true,"href":"https:\/\/www.bellunopress.it\/fr\/wp-json\/wp\/v2\/categories?post=34339"},{"taxonomy":"post_tag","embeddable":true,"href":"https:\/\/www.bellunopress.it\/fr\/wp-json\/wp\/v2\/tags?post=34339"}],"curies":[{"name":"wp","href":"https:\/\/api.w.org\/{rel}","templated":true}]}}