{"id":34333,"date":"2012-01-21T16:04:36","date_gmt":"2012-01-21T15:04:36","guid":{"rendered":"http:\/\/www.bellunopress.it\/?p=34333"},"modified":"2012-01-22T21:50:09","modified_gmt":"2012-01-22T20:50:09","slug":"jacopo-massaro-lascia-il-pd-e-corre-con-una-lista-civica-nel-pd-non-ce-piu-quel-progetto-di-rinnovamento-di-un-tempo","status":"publish","type":"post","link":"https:\/\/www.bellunopress.it\/fr\/2012\/01\/21\/jacopo-massaro-lascia-il-pd-e-corre-con-una-lista-civica-nel-pd-non-ce-piu-quel-progetto-di-rinnovamento-di-un-tempo\/","title":{"rendered":"Jacopo Massaro lascia il Pd e corre con una lista civica: \u00abNel Pd non c&#8217;\u00e8 pi\u00f9 quel progetto di rinnovamento di un tempo\u00bb"},"content":{"rendered":"<p><a href=\"http:\/\/www.bellunopress.it\/wp-content\/uploads\/2012\/01\/Jacopo-Massaro-2.jpg\"><img loading=\"lazy\" decoding=\"async\" class=\"alignleft size-full wp-image-34335\" title=\"Jacopo Massaro (2)\" src=\"http:\/\/www.bellunopress.it\/wp-content\/uploads\/2012\/01\/Jacopo-Massaro-2.jpg\" alt=\"\" width=\"229\" height=\"280\" \/><\/a>Jacopo Massaro continuer\u00e0 il suo impegno politico, ma fuori dal Partito democratico. E dunque in una lista civica di prossima costituzione. La sua uscita dal partito verr\u00e0 formalizzata nelle prossime ore con una comunicazione ufficiale. Lo ha dichiarato lo stesso Massaro nel corso di una conferenza stampa che si \u00e8 tenuta oggi (sabato 21 gennaio) al Centro Giovanni 23mo di Belluno nella quale ha spiegato le ragioni della sua scelta. \u00abOggi sono venuti meno i motivi che mi avevano spinto ad entrare nel Pd. Ossia far parte di un partito riformista e di rinnovamento\u00bb. Nulla di personale, dunque, non esiste nessun \u201ccaso Massaro\u201d, non \u00e8 l&#8217;uomo politico che ha cambiato posizione, ma \u00e8 il partito che nel tempo ha modificato il suo progetto riformista. \u00abNella classe dirigente del Pd di oggi \u2013 sostiene Massaro \u2013 si vede una corresponsabilit\u00e0 nell&#8217;affievolimento dei diritti. E dunque, se il progetto politico \u00e8 cambiato, significa che \u00e8 cambiato il partito. Il progetto non \u00e8 pi\u00f9 il mio e quindi \u00e8 venuto meno il mio impegno nel Pd\u00bb. Sulla questione delle primarie non fatte, Massaro chiarisce: \u00abIo non me ne vado perch\u00e9 non sono state fatte le primarie! Certo, sono dispiaciuto, perch\u00e9 esse erano contemplate nel progetto originario del Pd e dunque questo \u00e8 un sintomo del quadro complessivo che dimostra che il progetto \u00e8 cambiato\u00bb. Sul fatto che qualcosa sia cambiato in corso d&#8217;opera, non ci sono dubbi. La cronologia degli fatti \u00e8 impietosa: all&#8217;inizio il Pd doveva fare le primarie per dare la possibilit\u00e0 alla base dell&#8217;elettorato di scegliere il proprio candidato. Nel frattempo per\u00f2 viene commissionato un sondaggio dal quale sarebbero usciti favoriti\u00a0Claudia Bettiol e Marco Perale. A Jacopo Massaro, per\u00f2, il sondaggio attribuisce la maggior capacit\u00e0 di crescita, di consenso elettorale. Jacopo Massaro annuncia la sua candidatura. I vertici del Pd decidono di non fare le primarie e delegano l&#8217;assemblea alla scelta del candidato sindaco. Si candidano in tre: Claudia Bettiol, Quinto Piol che si ritira prima del voto e una politicamente sconosciuta Cristina De Don\u00e0. Esito scontato, insomma. Questi i fatti in estrema sintesi che hanno portato al divorzio di Massaro dal Pd. \u00abA parlare sono i fatti politici \u2013 sostiene Massaro \u2013\u00a0 essi dimostrano che non c&#8217;\u00e8 rinnovamento. E dunque mi impegner\u00f2 in un progetto di rinnovamento fuori del Pd, un&#8217;idea che prescinde da Jacopo Massaro\u00bb. Ci\u00f2 significa che questa nascente lista civica conterr\u00e0 certamente il nome di Massaro, ma che non sar\u00e0 necessariamente lui il candidato sindaco di quella lista. \u00abA Belluno \u2013 conclude l&#8217;oramai ex capogruppo Pd in consiglio comunale \u2013 il Pd aveva la possibilit\u00e0 di fare uno scatto in avanti, ma non lo ha fatto\u00bb.<\/p>","protected":false},"excerpt":{"rendered":"<p>Jacopo Massaro continuer\u00e0 il suo impegno politico, ma fuori dal Partito democratico. E dunque in una lista civica di prossima costituzione. La sua uscita dal partito verr\u00e0 formalizzata nelle prossime ore con una comunicazione ufficiale. Lo ha dichiarato lo stesso Massaro nel corso di una conferenza stampa che si \u00e8 tenuta oggi (sabato 21 gennaio) [&hellip;]<\/p>\n","protected":false},"author":2,"featured_media":0,"comment_status":"closed","ping_status":"open","sticky":false,"template":"","format":"standard","meta":{"footnotes":""},"categories":[5,26],"tags":[],"class_list":["post-34333","post","type-post","status-publish","format-standard","category-cronaca","category-prima-pagina"],"yoast_head":"<!-- This site is optimized with the Yoast SEO plugin v28.4 - https:\/\/yoast.com\/product\/yoast-seo-wordpress\/ -->\n<title>Jacopo Massaro lascia il Pd e corre con una lista civica: \u00abNel Pd non c&#039;\u00e8 pi\u00f9 quel progetto di rinnovamento di un tempo\u00bb  - Bellunopress - Dolomiti<\/title>\n<meta name=\"robots\" content=\"index, follow, max-snippet:-1, max-image-preview:large, max-video-preview:-1\" \/>\n<link rel=\"canonical\" href=\"https:\/\/www.bellunopress.it\/fr\/2012\/01\/21\/jacopo-massaro-lascia-il-pd-e-corre-con-una-lista-civica-nel-pd-non-ce-piu-quel-progetto-di-rinnovamento-di-un-tempo\/\" \/>\n<meta property=\"og:locale\" content=\"fr_FR\" \/>\n<meta property=\"og:type\" content=\"article\" \/>\n<meta property=\"og:title\" content=\"Jacopo Massaro lascia il Pd e corre con una lista civica: \u00abNel Pd non c&#039;\u00e8 pi\u00f9 quel progetto di rinnovamento di un tempo\u00bb  - Bellunopress - Dolomiti\" \/>\n<meta property=\"og:description\" content=\"Jacopo Massaro continuer\u00e0 il suo impegno politico, ma fuori dal Partito democratico. E dunque in una lista civica di prossima costituzione. La sua uscita dal partito verr\u00e0 formalizzata nelle prossime ore con una comunicazione ufficiale. Lo ha dichiarato lo stesso Massaro nel corso di una conferenza stampa che si \u00e8 tenuta oggi (sabato 21 gennaio) [&hellip;]\" \/>\n<meta property=\"og:url\" content=\"https:\/\/www.bellunopress.it\/fr\/2012\/01\/21\/jacopo-massaro-lascia-il-pd-e-corre-con-una-lista-civica-nel-pd-non-ce-piu-quel-progetto-di-rinnovamento-di-un-tempo\/\" \/>\n<meta property=\"og:site_name\" content=\"Bellunopress - Dolomiti\" \/>\n<meta property=\"article:publisher\" content=\"https:\/\/www.facebook.com\/profile.php?id=100008943462799\" \/>\n<meta property=\"article:published_time\" content=\"2012-01-21T15:04:36+00:00\" \/>\n<meta property=\"article:modified_time\" content=\"2012-01-22T20:50:09+00:00\" \/>\n<meta property=\"og:image\" content=\"http:\/\/www.bellunopress.it\/wp-content\/uploads\/2012\/01\/Jacopo-Massaro-2.jpg\" \/>\n<meta name=\"author\" content=\"redazione\" \/>\n<meta name=\"twitter:card\" content=\"summary_large_image\" \/>\n<meta name=\"twitter:creator\" content=\"@bellunopress\" \/>\n<meta name=\"twitter:site\" content=\"@bellunopress\" \/>\n<meta name=\"twitter:label1\" content=\"\u00c9crit par\" \/>\n\t<meta name=\"twitter:data1\" content=\"redazione\" \/>\n\t<meta name=\"twitter:label2\" content=\"Dur\u00e9e de lecture estim\u00e9e\" \/>\n\t<meta name=\"twitter:data2\" content=\"2 minutes\" \/>\n<script type=\"application\/ld+json\" class=\"yoast-schema-graph\">{\"@context\":\"https:\\\/\\\/schema.org\",\"@graph\":[{\"@type\":\"Article\",\"@id\":\"https:\\\/\\\/www.bellunopress.it\\\/2012\\\/01\\\/21\\\/jacopo-massaro-lascia-il-pd-e-corre-con-una-lista-civica-nel-pd-non-ce-piu-quel-progetto-di-rinnovamento-di-un-tempo\\\/#article\",\"isPartOf\":{\"@id\":\"https:\\\/\\\/www.bellunopress.it\\\/2012\\\/01\\\/21\\\/jacopo-massaro-lascia-il-pd-e-corre-con-una-lista-civica-nel-pd-non-ce-piu-quel-progetto-di-rinnovamento-di-un-tempo\\\/\"},\"author\":{\"name\":\"redazione\",\"@id\":\"https:\\\/\\\/www.bellunopress.it\\\/#\\\/schema\\\/person\\\/79bb06722b37ece1c03d3e94beb30d73\"},\"headline\":\"Jacopo Massaro lascia il Pd e corre con una lista civica: \u00abNel Pd non c&#8217;\u00e8 pi\u00f9 quel progetto di rinnovamento di un tempo\u00bb\",\"datePublished\":\"2012-01-21T15:04:36+00:00\",\"dateModified\":\"2012-01-22T20:50:09+00:00\",\"mainEntityOfPage\":{\"@id\":\"https:\\\/\\\/www.bellunopress.it\\\/2012\\\/01\\\/21\\\/jacopo-massaro-lascia-il-pd-e-corre-con-una-lista-civica-nel-pd-non-ce-piu-quel-progetto-di-rinnovamento-di-un-tempo\\\/\"},\"wordCount\":455,\"publisher\":{\"@id\":\"https:\\\/\\\/www.bellunopress.it\\\/#organization\"},\"image\":{\"@id\":\"https:\\\/\\\/www.bellunopress.it\\\/2012\\\/01\\\/21\\\/jacopo-massaro-lascia-il-pd-e-corre-con-una-lista-civica-nel-pd-non-ce-piu-quel-progetto-di-rinnovamento-di-un-tempo\\\/#primaryimage\"},\"thumbnailUrl\":\"http:\\\/\\\/www.bellunopress.it\\\/wp-content\\\/uploads\\\/2012\\\/01\\\/Jacopo-Massaro-2.jpg\",\"articleSection\":[\"Cronaca\\\/Politica\",\"Prima Pagina\"],\"inLanguage\":\"fr-FR\"},{\"@type\":\"WebPage\",\"@id\":\"https:\\\/\\\/www.bellunopress.it\\\/2012\\\/01\\\/21\\\/jacopo-massaro-lascia-il-pd-e-corre-con-una-lista-civica-nel-pd-non-ce-piu-quel-progetto-di-rinnovamento-di-un-tempo\\\/\",\"url\":\"https:\\\/\\\/www.bellunopress.it\\\/2012\\\/01\\\/21\\\/jacopo-massaro-lascia-il-pd-e-corre-con-una-lista-civica-nel-pd-non-ce-piu-quel-progetto-di-rinnovamento-di-un-tempo\\\/\",\"name\":\"Jacopo Massaro lascia il Pd e corre con una lista civica: \u00abNel Pd non c'\u00e8 pi\u00f9 quel progetto di rinnovamento di un tempo\u00bb - Bellunopress - Dolomiti\",\"isPartOf\":{\"@id\":\"https:\\\/\\\/www.bellunopress.it\\\/#website\"},\"primaryImageOfPage\":{\"@id\":\"https:\\\/\\\/www.bellunopress.it\\\/2012\\\/01\\\/21\\\/jacopo-massaro-lascia-il-pd-e-corre-con-una-lista-civica-nel-pd-non-ce-piu-quel-progetto-di-rinnovamento-di-un-tempo\\\/#primaryimage\"},\"image\":{\"@id\":\"https:\\\/\\\/www.bellunopress.it\\\/2012\\\/01\\\/21\\\/jacopo-massaro-lascia-il-pd-e-corre-con-una-lista-civica-nel-pd-non-ce-piu-quel-progetto-di-rinnovamento-di-un-tempo\\\/#primaryimage\"},\"thumbnailUrl\":\"http:\\\/\\\/www.bellunopress.it\\\/wp-content\\\/uploads\\\/2012\\\/01\\\/Jacopo-Massaro-2.jpg\",\"datePublished\":\"2012-01-21T15:04:36+00:00\",\"dateModified\":\"2012-01-22T20:50:09+00:00\",\"breadcrumb\":{\"@id\":\"https:\\\/\\\/www.bellunopress.it\\\/2012\\\/01\\\/21\\\/jacopo-massaro-lascia-il-pd-e-corre-con-una-lista-civica-nel-pd-non-ce-piu-quel-progetto-di-rinnovamento-di-un-tempo\\\/#breadcrumb\"},\"inLanguage\":\"fr-FR\",\"potentialAction\":[{\"@type\":\"ReadAction\",\"target\":[\"https:\\\/\\\/www.bellunopress.it\\\/2012\\\/01\\\/21\\\/jacopo-massaro-lascia-il-pd-e-corre-con-una-lista-civica-nel-pd-non-ce-piu-quel-progetto-di-rinnovamento-di-un-tempo\\\/\"]}]},{\"@type\":\"ImageObject\",\"inLanguage\":\"fr-FR\",\"@id\":\"https:\\\/\\\/www.bellunopress.it\\\/2012\\\/01\\\/21\\\/jacopo-massaro-lascia-il-pd-e-corre-con-una-lista-civica-nel-pd-non-ce-piu-quel-progetto-di-rinnovamento-di-un-tempo\\\/#primaryimage\",\"url\":\"http:\\\/\\\/www.bellunopress.it\\\/wp-content\\\/uploads\\\/2012\\\/01\\\/Jacopo-Massaro-2.jpg\",\"contentUrl\":\"http:\\\/\\\/www.bellunopress.it\\\/wp-content\\\/uploads\\\/2012\\\/01\\\/Jacopo-Massaro-2.jpg\"},{\"@type\":\"BreadcrumbList\",\"@id\":\"https:\\\/\\\/www.bellunopress.it\\\/2012\\\/01\\\/21\\\/jacopo-massaro-lascia-il-pd-e-corre-con-una-lista-civica-nel-pd-non-ce-piu-quel-progetto-di-rinnovamento-di-un-tempo\\\/#breadcrumb\",\"itemListElement\":[{\"@type\":\"ListItem\",\"position\":1,\"name\":\"Home\",\"item\":\"https:\\\/\\\/www.bellunopress.it\\\/\"},{\"@type\":\"ListItem\",\"position\":2,\"name\":\"Jacopo Massaro lascia il Pd e corre con una lista civica: \u00abNel Pd non c&#8217;\u00e8 pi\u00f9 quel progetto di rinnovamento di un tempo\u00bb\"}]},{\"@type\":\"WebSite\",\"@id\":\"https:\\\/\\\/www.bellunopress.it\\\/#website\",\"url\":\"https:\\\/\\\/www.bellunopress.it\\\/\",\"name\":\"Bellunopress - Dolomiti\",\"description\":\"e-mail: redazione@bellunopress.it\",\"publisher\":{\"@id\":\"https:\\\/\\\/www.bellunopress.it\\\/#organization\"},\"potentialAction\":[{\"@type\":\"SearchAction\",\"target\":{\"@type\":\"EntryPoint\",\"urlTemplate\":\"https:\\\/\\\/www.bellunopress.it\\\/?s={search_term_string}\"},\"query-input\":{\"@type\":\"PropertyValueSpecification\",\"valueRequired\":true,\"valueName\":\"search_term_string\"}}],\"inLanguage\":\"fr-FR\"},{\"@type\":\"Organization\",\"@id\":\"https:\\\/\\\/www.bellunopress.it\\\/#organization\",\"name\":\"Bellunopress\",\"url\":\"https:\\\/\\\/www.bellunopress.it\\\/\",\"logo\":{\"@type\":\"ImageObject\",\"inLanguage\":\"fr-FR\",\"@id\":\"https:\\\/\\\/www.bellunopress.it\\\/#\\\/schema\\\/logo\\\/image\\\/\",\"url\":\"https:\\\/\\\/www.bellunopress.it\\\/wp-content\\\/uploads\\\/2011\\\/05\\\/cropped-logo-bellunopress-.jpg\",\"contentUrl\":\"https:\\\/\\\/www.bellunopress.it\\\/wp-content\\\/uploads\\\/2011\\\/05\\\/cropped-logo-bellunopress-.jpg\",\"width\":512,\"height\":512,\"caption\":\"Bellunopress\"},\"image\":{\"@id\":\"https:\\\/\\\/www.bellunopress.it\\\/#\\\/schema\\\/logo\\\/image\\\/\"},\"sameAs\":[\"https:\\\/\\\/www.facebook.com\\\/profile.php?id=100008943462799\",\"https:\\\/\\\/x.com\\\/bellunopress\",\"https:\\\/\\\/www.linkedin.com\\\/hp\\\/?dnr=JBzUWaJfMUw8vbXJJ2tVW5-I3jZKvC4wsoxE&amp;amp;amp;amp;amp;amp;trk=nav_responsive_tab_home\",\"https:\\\/\\\/www.youtube.com\\\/channel\\\/UCxL0wu1uN0_3_7hGG0306cw\"]},{\"@type\":\"Person\",\"@id\":\"https:\\\/\\\/www.bellunopress.it\\\/#\\\/schema\\\/person\\\/79bb06722b37ece1c03d3e94beb30d73\",\"name\":\"redazione\",\"image\":{\"@type\":\"ImageObject\",\"inLanguage\":\"fr-FR\",\"@id\":\"https:\\\/\\\/secure.gravatar.com\\\/avatar\\\/37d968a2e67a6fd04c169c4bdef102d0bc5d31b2546345219e348575eb80e9a0?s=96&d=mm&r=g\",\"url\":\"https:\\\/\\\/secure.gravatar.com\\\/avatar\\\/37d968a2e67a6fd04c169c4bdef102d0bc5d31b2546345219e348575eb80e9a0?s=96&d=mm&r=g\",\"contentUrl\":\"https:\\\/\\\/secure.gravatar.com\\\/avatar\\\/37d968a2e67a6fd04c169c4bdef102d0bc5d31b2546345219e348575eb80e9a0?s=96&d=mm&r=g\",\"caption\":\"redazione\"},\"sameAs\":[\"http:\\\/\\\/www.bellunopress.it\",\"https:\\\/\\\/x.com\\\/bellunopress\"],\"url\":\"https:\\\/\\\/www.bellunopress.it\\\/fr\\\/author\\\/redazione\\\/\"}]}<\/script>\n<!-- \/ Yoast SEO plugin. -->","yoast_head_json":{"title":"Jacopo Massaro lascia il Pd e corre con una lista civica: \u00abNel Pd non c'\u00e8 pi\u00f9 quel progetto di rinnovamento di un tempo\u00bb  - Bellunopress - Dolomiti","robots":{"index":"index","follow":"follow","max-snippet":"max-snippet:-1","max-image-preview":"max-image-preview:large","max-video-preview":"max-video-preview:-1"},"canonical":"https:\/\/www.bellunopress.it\/fr\/2012\/01\/21\/jacopo-massaro-lascia-il-pd-e-corre-con-una-lista-civica-nel-pd-non-ce-piu-quel-progetto-di-rinnovamento-di-un-tempo\/","og_locale":"fr_FR","og_type":"article","og_title":"Jacopo Massaro lascia il Pd e corre con una lista civica: \u00abNel Pd non c'\u00e8 pi\u00f9 quel progetto di rinnovamento di un tempo\u00bb  - Bellunopress - Dolomiti","og_description":"Jacopo Massaro continuer\u00e0 il suo impegno politico, ma fuori dal Partito democratico. E dunque in una lista civica di prossima costituzione. La sua uscita dal partito verr\u00e0 formalizzata nelle prossime ore con una comunicazione ufficiale. Lo ha dichiarato lo stesso Massaro nel corso di una conferenza stampa che si \u00e8 tenuta oggi (sabato 21 gennaio) [&hellip;]","og_url":"https:\/\/www.bellunopress.it\/fr\/2012\/01\/21\/jacopo-massaro-lascia-il-pd-e-corre-con-una-lista-civica-nel-pd-non-ce-piu-quel-progetto-di-rinnovamento-di-un-tempo\/","og_site_name":"Bellunopress - Dolomiti","article_publisher":"https:\/\/www.facebook.com\/profile.php?id=100008943462799","article_published_time":"2012-01-21T15:04:36+00:00","article_modified_time":"2012-01-22T20:50:09+00:00","og_image":[{"url":"http:\/\/www.bellunopress.it\/wp-content\/uploads\/2012\/01\/Jacopo-Massaro-2.jpg","type":"","width":"","height":""}],"author":"redazione","twitter_card":"summary_large_image","twitter_creator":"@bellunopress","twitter_site":"@bellunopress","twitter_misc":{"\u00c9crit par":"redazione","Dur\u00e9e de lecture estim\u00e9e":"2 minutes"},"schema":{"@context":"https:\/\/schema.org","@graph":[{"@type":"Article","@id":"https:\/\/www.bellunopress.it\/2012\/01\/21\/jacopo-massaro-lascia-il-pd-e-corre-con-una-lista-civica-nel-pd-non-ce-piu-quel-progetto-di-rinnovamento-di-un-tempo\/#article","isPartOf":{"@id":"https:\/\/www.bellunopress.it\/2012\/01\/21\/jacopo-massaro-lascia-il-pd-e-corre-con-una-lista-civica-nel-pd-non-ce-piu-quel-progetto-di-rinnovamento-di-un-tempo\/"},"author":{"name":"redazione","@id":"https:\/\/www.bellunopress.it\/#\/schema\/person\/79bb06722b37ece1c03d3e94beb30d73"},"headline":"Jacopo Massaro lascia il Pd e corre con una lista civica: \u00abNel Pd non c&#8217;\u00e8 pi\u00f9 quel progetto di rinnovamento di un tempo\u00bb","datePublished":"2012-01-21T15:04:36+00:00","dateModified":"2012-01-22T20:50:09+00:00","mainEntityOfPage":{"@id":"https:\/\/www.bellunopress.it\/2012\/01\/21\/jacopo-massaro-lascia-il-pd-e-corre-con-una-lista-civica-nel-pd-non-ce-piu-quel-progetto-di-rinnovamento-di-un-tempo\/"},"wordCount":455,"publisher":{"@id":"https:\/\/www.bellunopress.it\/#organization"},"image":{"@id":"https:\/\/www.bellunopress.it\/2012\/01\/21\/jacopo-massaro-lascia-il-pd-e-corre-con-una-lista-civica-nel-pd-non-ce-piu-quel-progetto-di-rinnovamento-di-un-tempo\/#primaryimage"},"thumbnailUrl":"http:\/\/www.bellunopress.it\/wp-content\/uploads\/2012\/01\/Jacopo-Massaro-2.jpg","articleSection":["Cronaca\/Politica","Prima Pagina"],"inLanguage":"fr-FR"},{"@type":"WebPage","@id":"https:\/\/www.bellunopress.it\/2012\/01\/21\/jacopo-massaro-lascia-il-pd-e-corre-con-una-lista-civica-nel-pd-non-ce-piu-quel-progetto-di-rinnovamento-di-un-tempo\/","url":"https:\/\/www.bellunopress.it\/2012\/01\/21\/jacopo-massaro-lascia-il-pd-e-corre-con-una-lista-civica-nel-pd-non-ce-piu-quel-progetto-di-rinnovamento-di-un-tempo\/","name":"Jacopo Massaro lascia il Pd e corre con una lista civica: \u00abNel Pd non c'\u00e8 pi\u00f9 quel progetto di rinnovamento di un tempo\u00bb - Bellunopress - Dolomiti","isPartOf":{"@id":"https:\/\/www.bellunopress.it\/#website"},"primaryImageOfPage":{"@id":"https:\/\/www.bellunopress.it\/2012\/01\/21\/jacopo-massaro-lascia-il-pd-e-corre-con-una-lista-civica-nel-pd-non-ce-piu-quel-progetto-di-rinnovamento-di-un-tempo\/#primaryimage"},"image":{"@id":"https:\/\/www.bellunopress.it\/2012\/01\/21\/jacopo-massaro-lascia-il-pd-e-corre-con-una-lista-civica-nel-pd-non-ce-piu-quel-progetto-di-rinnovamento-di-un-tempo\/#primaryimage"},"thumbnailUrl":"http:\/\/www.bellunopress.it\/wp-content\/uploads\/2012\/01\/Jacopo-Massaro-2.jpg","datePublished":"2012-01-21T15:04:36+00:00","dateModified":"2012-01-22T20:50:09+00:00","breadcrumb":{"@id":"https:\/\/www.bellunopress.it\/2012\/01\/21\/jacopo-massaro-lascia-il-pd-e-corre-con-una-lista-civica-nel-pd-non-ce-piu-quel-progetto-di-rinnovamento-di-un-tempo\/#breadcrumb"},"inLanguage":"fr-FR","potentialAction":[{"@type":"ReadAction","target":["https:\/\/www.bellunopress.it\/2012\/01\/21\/jacopo-massaro-lascia-il-pd-e-corre-con-una-lista-civica-nel-pd-non-ce-piu-quel-progetto-di-rinnovamento-di-un-tempo\/"]}]},{"@type":"ImageObject","inLanguage":"fr-FR","@id":"https:\/\/www.bellunopress.it\/2012\/01\/21\/jacopo-massaro-lascia-il-pd-e-corre-con-una-lista-civica-nel-pd-non-ce-piu-quel-progetto-di-rinnovamento-di-un-tempo\/#primaryimage","url":"http:\/\/www.bellunopress.it\/wp-content\/uploads\/2012\/01\/Jacopo-Massaro-2.jpg","contentUrl":"http:\/\/www.bellunopress.it\/wp-content\/uploads\/2012\/01\/Jacopo-Massaro-2.jpg"},{"@type":"BreadcrumbList","@id":"https:\/\/www.bellunopress.it\/2012\/01\/21\/jacopo-massaro-lascia-il-pd-e-corre-con-una-lista-civica-nel-pd-non-ce-piu-quel-progetto-di-rinnovamento-di-un-tempo\/#breadcrumb","itemListElement":[{"@type":"ListItem","position":1,"name":"Home","item":"https:\/\/www.bellunopress.it\/"},{"@type":"ListItem","position":2,"name":"Jacopo Massaro lascia il Pd e corre con una lista civica: \u00abNel Pd non c&#8217;\u00e8 pi\u00f9 quel progetto di rinnovamento di un tempo\u00bb"}]},{"@type":"WebSite","@id":"https:\/\/www.bellunopress.it\/#website","url":"https:\/\/www.bellunopress.it\/","name":"Bellunopress - Dolomiti","description":"e-mail: redazione@bellunopress.it","publisher":{"@id":"https:\/\/www.bellunopress.it\/#organization"},"potentialAction":[{"@type":"SearchAction","target":{"@type":"EntryPoint","urlTemplate":"https:\/\/www.bellunopress.it\/?s={search_term_string}"},"query-input":{"@type":"PropertyValueSpecification","valueRequired":true,"valueName":"search_term_string"}}],"inLanguage":"fr-FR"},{"@type":"Organization","@id":"https:\/\/www.bellunopress.it\/#organization","name":"Bellunopress","url":"https:\/\/www.bellunopress.it\/","logo":{"@type":"ImageObject","inLanguage":"fr-FR","@id":"https:\/\/www.bellunopress.it\/#\/schema\/logo\/image\/","url":"https:\/\/www.bellunopress.it\/wp-content\/uploads\/2011\/05\/cropped-logo-bellunopress-.jpg","contentUrl":"https:\/\/www.bellunopress.it\/wp-content\/uploads\/2011\/05\/cropped-logo-bellunopress-.jpg","width":512,"height":512,"caption":"Bellunopress"},"image":{"@id":"https:\/\/www.bellunopress.it\/#\/schema\/logo\/image\/"},"sameAs":["https:\/\/www.facebook.com\/profile.php?id=100008943462799","https:\/\/x.com\/bellunopress","https:\/\/www.linkedin.com\/hp\/?dnr=JBzUWaJfMUw8vbXJJ2tVW5-I3jZKvC4wsoxE&amp;amp;amp;amp;amp;amp;trk=nav_responsive_tab_home","https:\/\/www.youtube.com\/channel\/UCxL0wu1uN0_3_7hGG0306cw"]},{"@type":"Person","@id":"https:\/\/www.bellunopress.it\/#\/schema\/person\/79bb06722b37ece1c03d3e94beb30d73","name":"r\u00e9daction","image":{"@type":"ImageObject","inLanguage":"fr-FR","@id":"https:\/\/secure.gravatar.com\/avatar\/37d968a2e67a6fd04c169c4bdef102d0bc5d31b2546345219e348575eb80e9a0?s=96&d=mm&r=g","url":"https:\/\/secure.gravatar.com\/avatar\/37d968a2e67a6fd04c169c4bdef102d0bc5d31b2546345219e348575eb80e9a0?s=96&d=mm&r=g","contentUrl":"https:\/\/secure.gravatar.com\/avatar\/37d968a2e67a6fd04c169c4bdef102d0bc5d31b2546345219e348575eb80e9a0?s=96&d=mm&r=g","caption":"redazione"},"sameAs":["http:\/\/www.bellunopress.it","https:\/\/x.com\/bellunopress"],"url":"https:\/\/www.bellunopress.it\/fr\/author\/redazione\/"}]}},"_links":{"self":[{"href":"https:\/\/www.bellunopress.it\/fr\/wp-json\/wp\/v2\/posts\/34333","targetHints":{"allow":["GET"]}}],"collection":[{"href":"https:\/\/www.bellunopress.it\/fr\/wp-json\/wp\/v2\/posts"}],"about":[{"href":"https:\/\/www.bellunopress.it\/fr\/wp-json\/wp\/v2\/types\/post"}],"author":[{"embeddable":true,"href":"https:\/\/www.bellunopress.it\/fr\/wp-json\/wp\/v2\/users\/2"}],"replies":[{"embeddable":true,"href":"https:\/\/www.bellunopress.it\/fr\/wp-json\/wp\/v2\/comments?post=34333"}],"version-history":[{"count":3,"href":"https:\/\/www.bellunopress.it\/fr\/wp-json\/wp\/v2\/posts\/34333\/revisions"}],"predecessor-version":[{"id":34361,"href":"https:\/\/www.bellunopress.it\/fr\/wp-json\/wp\/v2\/posts\/34333\/revisions\/34361"}],"wp:attachment":[{"href":"https:\/\/www.bellunopress.it\/fr\/wp-json\/wp\/v2\/media?parent=34333"}],"wp:term":[{"taxonomy":"category","embeddable":true,"href":"https:\/\/www.bellunopress.it\/fr\/wp-json\/wp\/v2\/categories?post=34333"},{"taxonomy":"post_tag","embeddable":true,"href":"https:\/\/www.bellunopress.it\/fr\/wp-json\/wp\/v2\/tags?post=34333"}],"curies":[{"name":"wp","href":"https:\/\/api.w.org\/{rel}","templated":true}]}}