{"id":34325,"date":"2012-01-21T08:17:08","date_gmt":"2012-01-21T07:17:08","guid":{"rendered":"http:\/\/www.bellunopress.it\/?p=34325"},"modified":"2012-01-21T08:17:08","modified_gmt":"2012-01-21T07:17:08","slug":"le-grandi-manovre-per-palazzo-rosso-si-preparano-claudia-bettiol-e-antonio-prade-oggi-pomeriggio-i-dettagli-sulla-scelta-di-jacopo-massaro","status":"publish","type":"post","link":"https:\/\/www.bellunopress.it\/fr\/2012\/01\/21\/le-grandi-manovre-per-palazzo-rosso-si-preparano-claudia-bettiol-e-antonio-prade-oggi-pomeriggio-i-dettagli-sulla-scelta-di-jacopo-massaro\/","title":{"rendered":"Le grandi manovre per Palazzo Rosso: si preparano Claudia Bettiol e Antonio Prade. Oggi pomeriggio i dettagli sulla scelta di Jacopo Massaro"},"content":{"rendered":"<figure id=\"attachment_11092\" aria-describedby=\"caption-attachment-11092\" style=\"width: 218px\" class=\"wp-caption alignleft\"><a href=\"http:\/\/www.bellunopress.it\/wp-content\/uploads\/2009\/12\/palazzo-rosso-280x220.jpg\"><img loading=\"lazy\" decoding=\"async\" class=\"size-full wp-image-11092\" title=\"palazzo-rosso-280x220\" src=\"http:\/\/www.bellunopress.it\/wp-content\/uploads\/2009\/12\/palazzo-rosso-280x220.jpg\" alt=\"\" width=\"218\" height=\"290\" \/><\/a><figcaption id=\"caption-attachment-11092\" class=\"wp-caption-text\">Palazzo Rosso, sede del Comune di Belluno<\/figcaption><\/figure>\n<p>Nel primo pomeriggio di oggi, sabato 21 genaio, Jacopo Massaro render\u00e0 noti i motivi che hanno determinato la sua uscita dal Pd. Nel frattempo registriamo la soddisfazione del Pd per l&#8217;ampio consenso accordato dal partito a Claudia Bettiol. Un consenso non proprio ampissimo per la verit\u00e0, visto che nell&#8217;assemblea del Pd di gioved\u00ec sera vi sono stati 28 voti a favore, 11 astenuti e 2 voti a Cristina De Don\u00e0. Ora la candidatura di Claudia Bettiol verr\u00e0 presentata agli alleati della coalizione per l&#8217;ultimo formale ok a quello che diventer\u00e0 il candidato sindaco del centrosinistra. Ad oggi, quindi cominciano a delinearsi i contorni della sfida per Palazzo Rosso, con Claudia Bettiol per la coalizione di centrosinistra, Antonio Prade per il Pdl sostenuto dall&#8217;onorevole Maurizio Paniz, e\u00a0 Francesco La Grua per La Destra. Non si conosce ancora il nome del leader del Movimento 5 Stelle, che si presenta con una stima di consensi dal 4% al 7% . Per la Lega Nord \u00e8 probabile la candidatura dell&#8217;attuale vicesindaco Leonardo Colle. Vi saranno certamente altre liste civiche come potrebbero essere quelle con Jacopo Massaro, Orlando Dal Farra, Celeste Balcon, Luigi Roccon. Cosa faranno fuoriusciti dall&#8217;una e dall&#8217;altra parte? i dissidenti? Maria Cristina Zoleo correr\u00e0 con una sua lista? Insomma, da qui a maggio avremo modo di tenervi aggiornati su tutti i balletti e i salti mortali della politica bellunese.\u00a0 Nel pomeriggio di oggi i dettagli sul \u201ccaso Massaro\u201d.<\/p>","protected":false},"excerpt":{"rendered":"<p>Nel primo pomeriggio di oggi, sabato 21 genaio, Jacopo Massaro render\u00e0 noti i motivi che hanno determinato la sua uscita dal Pd. Nel frattempo registriamo la soddisfazione del Pd per l&#8217;ampio consenso accordato dal partito a Claudia Bettiol. Un consenso non proprio ampissimo per la verit\u00e0, visto che nell&#8217;assemblea del Pd di gioved\u00ec sera vi [&hellip;]<\/p>\n","protected":false},"author":2,"featured_media":0,"comment_status":"closed","ping_status":"open","sticky":false,"template":"","format":"standard","meta":{"footnotes":""},"categories":[1],"tags":[],"class_list":["post-34325","post","type-post","status-publish","format-standard","category-leo"],"yoast_head":"<!-- This site is optimized with the Yoast SEO plugin v28.4 - https:\/\/yoast.com\/product\/yoast-seo-wordpress\/ -->\n<title>Le grandi manovre per Palazzo Rosso: si preparano Claudia Bettiol e Antonio Prade. Oggi pomeriggio i dettagli sulla scelta di Jacopo Massaro  - Bellunopress - Dolomiti<\/title>\n<meta name=\"robots\" content=\"index, follow, max-snippet:-1, max-image-preview:large, max-video-preview:-1\" \/>\n<link rel=\"canonical\" href=\"https:\/\/www.bellunopress.it\/fr\/2012\/01\/21\/le-grandi-manovre-per-palazzo-rosso-si-preparano-claudia-bettiol-e-antonio-prade-oggi-pomeriggio-i-dettagli-sulla-scelta-di-jacopo-massaro\/\" \/>\n<meta property=\"og:locale\" content=\"fr_FR\" \/>\n<meta property=\"og:type\" content=\"article\" \/>\n<meta property=\"og:title\" content=\"Le grandi manovre per Palazzo Rosso: si preparano Claudia Bettiol e Antonio Prade. Oggi pomeriggio i dettagli sulla scelta di Jacopo Massaro  - Bellunopress - Dolomiti\" \/>\n<meta property=\"og:description\" content=\"Nel primo pomeriggio di oggi, sabato 21 genaio, Jacopo Massaro render\u00e0 noti i motivi che hanno determinato la sua uscita dal Pd. Nel frattempo registriamo la soddisfazione del Pd per l&#8217;ampio consenso accordato dal partito a Claudia Bettiol. Un consenso non proprio ampissimo per la verit\u00e0, visto che nell&#8217;assemblea del Pd di gioved\u00ec sera vi [&hellip;]\" \/>\n<meta property=\"og:url\" content=\"https:\/\/www.bellunopress.it\/fr\/2012\/01\/21\/le-grandi-manovre-per-palazzo-rosso-si-preparano-claudia-bettiol-e-antonio-prade-oggi-pomeriggio-i-dettagli-sulla-scelta-di-jacopo-massaro\/\" \/>\n<meta property=\"og:site_name\" content=\"Bellunopress - Dolomiti\" \/>\n<meta property=\"article:publisher\" content=\"https:\/\/www.facebook.com\/profile.php?id=100008943462799\" \/>\n<meta property=\"article:published_time\" content=\"2012-01-21T07:17:08+00:00\" \/>\n<meta property=\"og:image\" content=\"http:\/\/www.bellunopress.it\/wp-content\/uploads\/2009\/12\/palazzo-rosso-280x220.jpg\" \/>\n<meta name=\"author\" content=\"redazione\" \/>\n<meta name=\"twitter:card\" content=\"summary_large_image\" \/>\n<meta name=\"twitter:creator\" content=\"@bellunopress\" \/>\n<meta name=\"twitter:site\" content=\"@bellunopress\" \/>\n<meta name=\"twitter:label1\" content=\"\u00c9crit par\" \/>\n\t<meta name=\"twitter:data1\" content=\"redazione\" \/>\n\t<meta name=\"twitter:label2\" content=\"Dur\u00e9e de lecture estim\u00e9e\" \/>\n\t<meta name=\"twitter:data2\" content=\"1 minute\" \/>\n<script type=\"application\/ld+json\" class=\"yoast-schema-graph\">{\"@context\":\"https:\\\/\\\/schema.org\",\"@graph\":[{\"@type\":\"Article\",\"@id\":\"https:\\\/\\\/www.bellunopress.it\\\/2012\\\/01\\\/21\\\/le-grandi-manovre-per-palazzo-rosso-si-preparano-claudia-bettiol-e-antonio-prade-oggi-pomeriggio-i-dettagli-sulla-scelta-di-jacopo-massaro\\\/#article\",\"isPartOf\":{\"@id\":\"https:\\\/\\\/www.bellunopress.it\\\/2012\\\/01\\\/21\\\/le-grandi-manovre-per-palazzo-rosso-si-preparano-claudia-bettiol-e-antonio-prade-oggi-pomeriggio-i-dettagli-sulla-scelta-di-jacopo-massaro\\\/\"},\"author\":{\"name\":\"redazione\",\"@id\":\"https:\\\/\\\/www.bellunopress.it\\\/#\\\/schema\\\/person\\\/79bb06722b37ece1c03d3e94beb30d73\"},\"headline\":\"Le grandi manovre per Palazzo Rosso: si preparano Claudia Bettiol e Antonio Prade. Oggi pomeriggio i dettagli sulla scelta di Jacopo Massaro\",\"datePublished\":\"2012-01-21T07:17:08+00:00\",\"mainEntityOfPage\":{\"@id\":\"https:\\\/\\\/www.bellunopress.it\\\/2012\\\/01\\\/21\\\/le-grandi-manovre-per-palazzo-rosso-si-preparano-claudia-bettiol-e-antonio-prade-oggi-pomeriggio-i-dettagli-sulla-scelta-di-jacopo-massaro\\\/\"},\"wordCount\":271,\"publisher\":{\"@id\":\"https:\\\/\\\/www.bellunopress.it\\\/#organization\"},\"image\":{\"@id\":\"https:\\\/\\\/www.bellunopress.it\\\/2012\\\/01\\\/21\\\/le-grandi-manovre-per-palazzo-rosso-si-preparano-claudia-bettiol-e-antonio-prade-oggi-pomeriggio-i-dettagli-sulla-scelta-di-jacopo-massaro\\\/#primaryimage\"},\"thumbnailUrl\":\"http:\\\/\\\/www.bellunopress.it\\\/wp-content\\\/uploads\\\/2009\\\/12\\\/palazzo-rosso-280x220.jpg\",\"articleSection\":[\"Lettere Opinioni\"],\"inLanguage\":\"fr-FR\"},{\"@type\":\"WebPage\",\"@id\":\"https:\\\/\\\/www.bellunopress.it\\\/2012\\\/01\\\/21\\\/le-grandi-manovre-per-palazzo-rosso-si-preparano-claudia-bettiol-e-antonio-prade-oggi-pomeriggio-i-dettagli-sulla-scelta-di-jacopo-massaro\\\/\",\"url\":\"https:\\\/\\\/www.bellunopress.it\\\/2012\\\/01\\\/21\\\/le-grandi-manovre-per-palazzo-rosso-si-preparano-claudia-bettiol-e-antonio-prade-oggi-pomeriggio-i-dettagli-sulla-scelta-di-jacopo-massaro\\\/\",\"name\":\"Le grandi manovre per Palazzo Rosso: si preparano Claudia Bettiol e Antonio Prade. Oggi pomeriggio i dettagli sulla scelta di Jacopo Massaro - Bellunopress - Dolomiti\",\"isPartOf\":{\"@id\":\"https:\\\/\\\/www.bellunopress.it\\\/#website\"},\"primaryImageOfPage\":{\"@id\":\"https:\\\/\\\/www.bellunopress.it\\\/2012\\\/01\\\/21\\\/le-grandi-manovre-per-palazzo-rosso-si-preparano-claudia-bettiol-e-antonio-prade-oggi-pomeriggio-i-dettagli-sulla-scelta-di-jacopo-massaro\\\/#primaryimage\"},\"image\":{\"@id\":\"https:\\\/\\\/www.bellunopress.it\\\/2012\\\/01\\\/21\\\/le-grandi-manovre-per-palazzo-rosso-si-preparano-claudia-bettiol-e-antonio-prade-oggi-pomeriggio-i-dettagli-sulla-scelta-di-jacopo-massaro\\\/#primaryimage\"},\"thumbnailUrl\":\"http:\\\/\\\/www.bellunopress.it\\\/wp-content\\\/uploads\\\/2009\\\/12\\\/palazzo-rosso-280x220.jpg\",\"datePublished\":\"2012-01-21T07:17:08+00:00\",\"breadcrumb\":{\"@id\":\"https:\\\/\\\/www.bellunopress.it\\\/2012\\\/01\\\/21\\\/le-grandi-manovre-per-palazzo-rosso-si-preparano-claudia-bettiol-e-antonio-prade-oggi-pomeriggio-i-dettagli-sulla-scelta-di-jacopo-massaro\\\/#breadcrumb\"},\"inLanguage\":\"fr-FR\",\"potentialAction\":[{\"@type\":\"ReadAction\",\"target\":[\"https:\\\/\\\/www.bellunopress.it\\\/2012\\\/01\\\/21\\\/le-grandi-manovre-per-palazzo-rosso-si-preparano-claudia-bettiol-e-antonio-prade-oggi-pomeriggio-i-dettagli-sulla-scelta-di-jacopo-massaro\\\/\"]}]},{\"@type\":\"ImageObject\",\"inLanguage\":\"fr-FR\",\"@id\":\"https:\\\/\\\/www.bellunopress.it\\\/2012\\\/01\\\/21\\\/le-grandi-manovre-per-palazzo-rosso-si-preparano-claudia-bettiol-e-antonio-prade-oggi-pomeriggio-i-dettagli-sulla-scelta-di-jacopo-massaro\\\/#primaryimage\",\"url\":\"http:\\\/\\\/www.bellunopress.it\\\/wp-content\\\/uploads\\\/2009\\\/12\\\/palazzo-rosso-280x220.jpg\",\"contentUrl\":\"http:\\\/\\\/www.bellunopress.it\\\/wp-content\\\/uploads\\\/2009\\\/12\\\/palazzo-rosso-280x220.jpg\"},{\"@type\":\"BreadcrumbList\",\"@id\":\"https:\\\/\\\/www.bellunopress.it\\\/2012\\\/01\\\/21\\\/le-grandi-manovre-per-palazzo-rosso-si-preparano-claudia-bettiol-e-antonio-prade-oggi-pomeriggio-i-dettagli-sulla-scelta-di-jacopo-massaro\\\/#breadcrumb\",\"itemListElement\":[{\"@type\":\"ListItem\",\"position\":1,\"name\":\"Home\",\"item\":\"https:\\\/\\\/www.bellunopress.it\\\/\"},{\"@type\":\"ListItem\",\"position\":2,\"name\":\"Le grandi manovre per Palazzo Rosso: si preparano Claudia Bettiol e Antonio Prade. Oggi pomeriggio i dettagli sulla scelta di Jacopo Massaro\"}]},{\"@type\":\"WebSite\",\"@id\":\"https:\\\/\\\/www.bellunopress.it\\\/#website\",\"url\":\"https:\\\/\\\/www.bellunopress.it\\\/\",\"name\":\"Bellunopress - Dolomiti\",\"description\":\"e-mail: redazione@bellunopress.it\",\"publisher\":{\"@id\":\"https:\\\/\\\/www.bellunopress.it\\\/#organization\"},\"potentialAction\":[{\"@type\":\"SearchAction\",\"target\":{\"@type\":\"EntryPoint\",\"urlTemplate\":\"https:\\\/\\\/www.bellunopress.it\\\/?s={search_term_string}\"},\"query-input\":{\"@type\":\"PropertyValueSpecification\",\"valueRequired\":true,\"valueName\":\"search_term_string\"}}],\"inLanguage\":\"fr-FR\"},{\"@type\":\"Organization\",\"@id\":\"https:\\\/\\\/www.bellunopress.it\\\/#organization\",\"name\":\"Bellunopress\",\"url\":\"https:\\\/\\\/www.bellunopress.it\\\/\",\"logo\":{\"@type\":\"ImageObject\",\"inLanguage\":\"fr-FR\",\"@id\":\"https:\\\/\\\/www.bellunopress.it\\\/#\\\/schema\\\/logo\\\/image\\\/\",\"url\":\"https:\\\/\\\/www.bellunopress.it\\\/wp-content\\\/uploads\\\/2011\\\/05\\\/cropped-logo-bellunopress-.jpg\",\"contentUrl\":\"https:\\\/\\\/www.bellunopress.it\\\/wp-content\\\/uploads\\\/2011\\\/05\\\/cropped-logo-bellunopress-.jpg\",\"width\":512,\"height\":512,\"caption\":\"Bellunopress\"},\"image\":{\"@id\":\"https:\\\/\\\/www.bellunopress.it\\\/#\\\/schema\\\/logo\\\/image\\\/\"},\"sameAs\":[\"https:\\\/\\\/www.facebook.com\\\/profile.php?id=100008943462799\",\"https:\\\/\\\/x.com\\\/bellunopress\",\"https:\\\/\\\/www.linkedin.com\\\/hp\\\/?dnr=JBzUWaJfMUw8vbXJJ2tVW5-I3jZKvC4wsoxE&amp;amp;amp;amp;amp;amp;trk=nav_responsive_tab_home\",\"https:\\\/\\\/www.youtube.com\\\/channel\\\/UCxL0wu1uN0_3_7hGG0306cw\"]},{\"@type\":\"Person\",\"@id\":\"https:\\\/\\\/www.bellunopress.it\\\/#\\\/schema\\\/person\\\/79bb06722b37ece1c03d3e94beb30d73\",\"name\":\"redazione\",\"image\":{\"@type\":\"ImageObject\",\"inLanguage\":\"fr-FR\",\"@id\":\"https:\\\/\\\/secure.gravatar.com\\\/avatar\\\/37d968a2e67a6fd04c169c4bdef102d0bc5d31b2546345219e348575eb80e9a0?s=96&d=mm&r=g\",\"url\":\"https:\\\/\\\/secure.gravatar.com\\\/avatar\\\/37d968a2e67a6fd04c169c4bdef102d0bc5d31b2546345219e348575eb80e9a0?s=96&d=mm&r=g\",\"contentUrl\":\"https:\\\/\\\/secure.gravatar.com\\\/avatar\\\/37d968a2e67a6fd04c169c4bdef102d0bc5d31b2546345219e348575eb80e9a0?s=96&d=mm&r=g\",\"caption\":\"redazione\"},\"sameAs\":[\"http:\\\/\\\/www.bellunopress.it\",\"https:\\\/\\\/x.com\\\/bellunopress\"],\"url\":\"https:\\\/\\\/www.bellunopress.it\\\/fr\\\/author\\\/redazione\\\/\"}]}<\/script>\n<!-- \/ Yoast SEO plugin. -->","yoast_head_json":{"title":"Le grandi manovre per Palazzo Rosso: si preparano Claudia Bettiol e Antonio Prade. Oggi pomeriggio i dettagli sulla scelta di Jacopo Massaro  - Bellunopress - Dolomiti","robots":{"index":"index","follow":"follow","max-snippet":"max-snippet:-1","max-image-preview":"max-image-preview:large","max-video-preview":"max-video-preview:-1"},"canonical":"https:\/\/www.bellunopress.it\/fr\/2012\/01\/21\/le-grandi-manovre-per-palazzo-rosso-si-preparano-claudia-bettiol-e-antonio-prade-oggi-pomeriggio-i-dettagli-sulla-scelta-di-jacopo-massaro\/","og_locale":"fr_FR","og_type":"article","og_title":"Le grandi manovre per Palazzo Rosso: si preparano Claudia Bettiol e Antonio Prade. Oggi pomeriggio i dettagli sulla scelta di Jacopo Massaro  - Bellunopress - Dolomiti","og_description":"Nel primo pomeriggio di oggi, sabato 21 genaio, Jacopo Massaro render\u00e0 noti i motivi che hanno determinato la sua uscita dal Pd. Nel frattempo registriamo la soddisfazione del Pd per l&#8217;ampio consenso accordato dal partito a Claudia Bettiol. Un consenso non proprio ampissimo per la verit\u00e0, visto che nell&#8217;assemblea del Pd di gioved\u00ec sera vi [&hellip;]","og_url":"https:\/\/www.bellunopress.it\/fr\/2012\/01\/21\/le-grandi-manovre-per-palazzo-rosso-si-preparano-claudia-bettiol-e-antonio-prade-oggi-pomeriggio-i-dettagli-sulla-scelta-di-jacopo-massaro\/","og_site_name":"Bellunopress - Dolomiti","article_publisher":"https:\/\/www.facebook.com\/profile.php?id=100008943462799","article_published_time":"2012-01-21T07:17:08+00:00","og_image":[{"url":"http:\/\/www.bellunopress.it\/wp-content\/uploads\/2009\/12\/palazzo-rosso-280x220.jpg","type":"","width":"","height":""}],"author":"redazione","twitter_card":"summary_large_image","twitter_creator":"@bellunopress","twitter_site":"@bellunopress","twitter_misc":{"\u00c9crit par":"redazione","Dur\u00e9e de lecture estim\u00e9e":"1 minute"},"schema":{"@context":"https:\/\/schema.org","@graph":[{"@type":"Article","@id":"https:\/\/www.bellunopress.it\/2012\/01\/21\/le-grandi-manovre-per-palazzo-rosso-si-preparano-claudia-bettiol-e-antonio-prade-oggi-pomeriggio-i-dettagli-sulla-scelta-di-jacopo-massaro\/#article","isPartOf":{"@id":"https:\/\/www.bellunopress.it\/2012\/01\/21\/le-grandi-manovre-per-palazzo-rosso-si-preparano-claudia-bettiol-e-antonio-prade-oggi-pomeriggio-i-dettagli-sulla-scelta-di-jacopo-massaro\/"},"author":{"name":"redazione","@id":"https:\/\/www.bellunopress.it\/#\/schema\/person\/79bb06722b37ece1c03d3e94beb30d73"},"headline":"Le grandi manovre per Palazzo Rosso: si preparano Claudia Bettiol e Antonio Prade. Oggi pomeriggio i dettagli sulla scelta di Jacopo Massaro","datePublished":"2012-01-21T07:17:08+00:00","mainEntityOfPage":{"@id":"https:\/\/www.bellunopress.it\/2012\/01\/21\/le-grandi-manovre-per-palazzo-rosso-si-preparano-claudia-bettiol-e-antonio-prade-oggi-pomeriggio-i-dettagli-sulla-scelta-di-jacopo-massaro\/"},"wordCount":271,"publisher":{"@id":"https:\/\/www.bellunopress.it\/#organization"},"image":{"@id":"https:\/\/www.bellunopress.it\/2012\/01\/21\/le-grandi-manovre-per-palazzo-rosso-si-preparano-claudia-bettiol-e-antonio-prade-oggi-pomeriggio-i-dettagli-sulla-scelta-di-jacopo-massaro\/#primaryimage"},"thumbnailUrl":"http:\/\/www.bellunopress.it\/wp-content\/uploads\/2009\/12\/palazzo-rosso-280x220.jpg","articleSection":["Lettere Opinioni"],"inLanguage":"fr-FR"},{"@type":"WebPage","@id":"https:\/\/www.bellunopress.it\/2012\/01\/21\/le-grandi-manovre-per-palazzo-rosso-si-preparano-claudia-bettiol-e-antonio-prade-oggi-pomeriggio-i-dettagli-sulla-scelta-di-jacopo-massaro\/","url":"https:\/\/www.bellunopress.it\/2012\/01\/21\/le-grandi-manovre-per-palazzo-rosso-si-preparano-claudia-bettiol-e-antonio-prade-oggi-pomeriggio-i-dettagli-sulla-scelta-di-jacopo-massaro\/","name":"Le grandi manovre per Palazzo Rosso: si preparano Claudia Bettiol e Antonio Prade. Oggi pomeriggio i dettagli sulla scelta di Jacopo Massaro - Bellunopress - Dolomiti","isPartOf":{"@id":"https:\/\/www.bellunopress.it\/#website"},"primaryImageOfPage":{"@id":"https:\/\/www.bellunopress.it\/2012\/01\/21\/le-grandi-manovre-per-palazzo-rosso-si-preparano-claudia-bettiol-e-antonio-prade-oggi-pomeriggio-i-dettagli-sulla-scelta-di-jacopo-massaro\/#primaryimage"},"image":{"@id":"https:\/\/www.bellunopress.it\/2012\/01\/21\/le-grandi-manovre-per-palazzo-rosso-si-preparano-claudia-bettiol-e-antonio-prade-oggi-pomeriggio-i-dettagli-sulla-scelta-di-jacopo-massaro\/#primaryimage"},"thumbnailUrl":"http:\/\/www.bellunopress.it\/wp-content\/uploads\/2009\/12\/palazzo-rosso-280x220.jpg","datePublished":"2012-01-21T07:17:08+00:00","breadcrumb":{"@id":"https:\/\/www.bellunopress.it\/2012\/01\/21\/le-grandi-manovre-per-palazzo-rosso-si-preparano-claudia-bettiol-e-antonio-prade-oggi-pomeriggio-i-dettagli-sulla-scelta-di-jacopo-massaro\/#breadcrumb"},"inLanguage":"fr-FR","potentialAction":[{"@type":"ReadAction","target":["https:\/\/www.bellunopress.it\/2012\/01\/21\/le-grandi-manovre-per-palazzo-rosso-si-preparano-claudia-bettiol-e-antonio-prade-oggi-pomeriggio-i-dettagli-sulla-scelta-di-jacopo-massaro\/"]}]},{"@type":"ImageObject","inLanguage":"fr-FR","@id":"https:\/\/www.bellunopress.it\/2012\/01\/21\/le-grandi-manovre-per-palazzo-rosso-si-preparano-claudia-bettiol-e-antonio-prade-oggi-pomeriggio-i-dettagli-sulla-scelta-di-jacopo-massaro\/#primaryimage","url":"http:\/\/www.bellunopress.it\/wp-content\/uploads\/2009\/12\/palazzo-rosso-280x220.jpg","contentUrl":"http:\/\/www.bellunopress.it\/wp-content\/uploads\/2009\/12\/palazzo-rosso-280x220.jpg"},{"@type":"BreadcrumbList","@id":"https:\/\/www.bellunopress.it\/2012\/01\/21\/le-grandi-manovre-per-palazzo-rosso-si-preparano-claudia-bettiol-e-antonio-prade-oggi-pomeriggio-i-dettagli-sulla-scelta-di-jacopo-massaro\/#breadcrumb","itemListElement":[{"@type":"ListItem","position":1,"name":"Home","item":"https:\/\/www.bellunopress.it\/"},{"@type":"ListItem","position":2,"name":"Le grandi manovre per Palazzo Rosso: si preparano Claudia Bettiol e Antonio Prade. Oggi pomeriggio i dettagli sulla scelta di Jacopo Massaro"}]},{"@type":"WebSite","@id":"https:\/\/www.bellunopress.it\/#website","url":"https:\/\/www.bellunopress.it\/","name":"Bellunopress - Dolomiti","description":"e-mail: redazione@bellunopress.it","publisher":{"@id":"https:\/\/www.bellunopress.it\/#organization"},"potentialAction":[{"@type":"SearchAction","target":{"@type":"EntryPoint","urlTemplate":"https:\/\/www.bellunopress.it\/?s={search_term_string}"},"query-input":{"@type":"PropertyValueSpecification","valueRequired":true,"valueName":"search_term_string"}}],"inLanguage":"fr-FR"},{"@type":"Organization","@id":"https:\/\/www.bellunopress.it\/#organization","name":"Bellunopress","url":"https:\/\/www.bellunopress.it\/","logo":{"@type":"ImageObject","inLanguage":"fr-FR","@id":"https:\/\/www.bellunopress.it\/#\/schema\/logo\/image\/","url":"https:\/\/www.bellunopress.it\/wp-content\/uploads\/2011\/05\/cropped-logo-bellunopress-.jpg","contentUrl":"https:\/\/www.bellunopress.it\/wp-content\/uploads\/2011\/05\/cropped-logo-bellunopress-.jpg","width":512,"height":512,"caption":"Bellunopress"},"image":{"@id":"https:\/\/www.bellunopress.it\/#\/schema\/logo\/image\/"},"sameAs":["https:\/\/www.facebook.com\/profile.php?id=100008943462799","https:\/\/x.com\/bellunopress","https:\/\/www.linkedin.com\/hp\/?dnr=JBzUWaJfMUw8vbXJJ2tVW5-I3jZKvC4wsoxE&amp;amp;amp;amp;amp;amp;trk=nav_responsive_tab_home","https:\/\/www.youtube.com\/channel\/UCxL0wu1uN0_3_7hGG0306cw"]},{"@type":"Person","@id":"https:\/\/www.bellunopress.it\/#\/schema\/person\/79bb06722b37ece1c03d3e94beb30d73","name":"r\u00e9daction","image":{"@type":"ImageObject","inLanguage":"fr-FR","@id":"https:\/\/secure.gravatar.com\/avatar\/37d968a2e67a6fd04c169c4bdef102d0bc5d31b2546345219e348575eb80e9a0?s=96&d=mm&r=g","url":"https:\/\/secure.gravatar.com\/avatar\/37d968a2e67a6fd04c169c4bdef102d0bc5d31b2546345219e348575eb80e9a0?s=96&d=mm&r=g","contentUrl":"https:\/\/secure.gravatar.com\/avatar\/37d968a2e67a6fd04c169c4bdef102d0bc5d31b2546345219e348575eb80e9a0?s=96&d=mm&r=g","caption":"redazione"},"sameAs":["http:\/\/www.bellunopress.it","https:\/\/x.com\/bellunopress"],"url":"https:\/\/www.bellunopress.it\/fr\/author\/redazione\/"}]}},"_links":{"self":[{"href":"https:\/\/www.bellunopress.it\/fr\/wp-json\/wp\/v2\/posts\/34325","targetHints":{"allow":["GET"]}}],"collection":[{"href":"https:\/\/www.bellunopress.it\/fr\/wp-json\/wp\/v2\/posts"}],"about":[{"href":"https:\/\/www.bellunopress.it\/fr\/wp-json\/wp\/v2\/types\/post"}],"author":[{"embeddable":true,"href":"https:\/\/www.bellunopress.it\/fr\/wp-json\/wp\/v2\/users\/2"}],"replies":[{"embeddable":true,"href":"https:\/\/www.bellunopress.it\/fr\/wp-json\/wp\/v2\/comments?post=34325"}],"version-history":[{"count":1,"href":"https:\/\/www.bellunopress.it\/fr\/wp-json\/wp\/v2\/posts\/34325\/revisions"}],"predecessor-version":[{"id":34326,"href":"https:\/\/www.bellunopress.it\/fr\/wp-json\/wp\/v2\/posts\/34325\/revisions\/34326"}],"wp:attachment":[{"href":"https:\/\/www.bellunopress.it\/fr\/wp-json\/wp\/v2\/media?parent=34325"}],"wp:term":[{"taxonomy":"category","embeddable":true,"href":"https:\/\/www.bellunopress.it\/fr\/wp-json\/wp\/v2\/categories?post=34325"},{"taxonomy":"post_tag","embeddable":true,"href":"https:\/\/www.bellunopress.it\/fr\/wp-json\/wp\/v2\/tags?post=34325"}],"curies":[{"name":"wp","href":"https:\/\/api.w.org\/{rel}","templated":true}]}}