{"id":34319,"date":"2012-01-20T23:06:55","date_gmt":"2012-01-20T22:06:55","guid":{"rendered":"http:\/\/www.bellunopress.it\/?p=34319"},"modified":"2012-01-20T23:06:55","modified_gmt":"2012-01-20T22:06:55","slug":"grand-prix-falcade-2012-sabato-e-domenica-campioni-dello-sport-e-vip-si-sfidano-al-falcade-ice-kart","status":"publish","type":"post","link":"https:\/\/www.bellunopress.it\/fr\/2012\/01\/20\/grand-prix-falcade-2012-sabato-e-domenica-campioni-dello-sport-e-vip-si-sfidano-al-falcade-ice-kart\/","title":{"rendered":"Grand prix Falcade 2012: sabato e domenica campioni dello sport e vip si sfidano al Falcade Ice Kart"},"content":{"rendered":"<p>Weekend all\u2019insegna del binomio celebrit\u00e0-motori a Falcade. Sulla splendida pista di Ice Kart disegnata sulla piana della nota localit\u00e0 turistica del territorio di Dolomiti Stars, infatti, sabato 21 e domenica 22 gennaio andr\u00e0 in scena \u201cGrand Prix Falcade 2012\u201d, un evento sensazionale che prevede la sfida tra i piloti schierati nelle due squadre \u201cFormula 1\u201d e \u201cMoto GP\u201d delle quali faranno parte numerosi sportivi e personaggi del mondo dello spettacolo. Le sfide sotto forma di inseguimenti, comprenderanno attivit\u00e0 motoristiche con go-kart e auto dove i protagonisti delle due e quattro ruote si confronteranno mediante dei \u201ctesta a testa accattivanti\u201d. Inoltre ci saranno dei momenti dedicati agli enti di beneficenza, dove, i bambini e\/o giovani disabili, potranno affiancare i piloti professionisti partecipanti su go kart biposto e auto. Hanno gi\u00e0 confermato la loro presenza i giornalisti Claudia Peroni e Guido Meda, i piloti Mattia Pasini, Marco Lucchinelli, Giorgio Pantano, Jhonny Ceccotto e Stefano Livio, gli attori Franco Trentalance e Elena Galliano, Lisandra Silva Rodriguez, ovvero Madre Natura nel programma Ciao Darwin di Paolo Bonolis, Ferdi, il vincitore del Grande Fratello 2009, nonch\u00e9 Capitan Ventosa e il Gongolo di Striscia la Notizia e la iena Gip. L\u2019obiettivo dell\u2019iniziativa, realizzata in collaborazione con il Ministero delle Infrastrutture e dei Trasporti, l\u2019ANIA e le associazioni disabili in seguito a incidenti stradali, \u00e8 quello di promuovere i temi della prevenzione e dell\u2019 educazione stradale soprattutto tra i pi\u00f9 giovani.<\/p>\n<p>&nbsp;<\/p>\n<p>&nbsp;<\/p>\n<p>&nbsp;<\/p>\n<p>&nbsp;<\/p>","protected":false},"excerpt":{"rendered":"<p>Weekend all\u2019insegna del binomio celebrit\u00e0-motori a Falcade. Sulla splendida pista di Ice Kart disegnata sulla piana della nota localit\u00e0 turistica del territorio di Dolomiti Stars, infatti, sabato 21 e domenica 22 gennaio andr\u00e0 in scena \u201cGrand Prix Falcade 2012\u201d, un evento sensazionale che prevede la sfida tra i piloti schierati nelle due squadre \u201cFormula 1\u201d [&hellip;]<\/p>\n","protected":false},"author":2,"featured_media":0,"comment_status":"closed","ping_status":"open","sticky":false,"template":"","format":"standard","meta":{"footnotes":""},"categories":[25,8,4],"tags":[],"class_list":["post-34319","post","type-post","status-publish","format-standard","category-pausa-caffe","category-societa-istituzioni","category-sport"],"yoast_head":"<!-- This site is optimized with the Yoast SEO plugin v28.4 - https:\/\/yoast.com\/product\/yoast-seo-wordpress\/ -->\n<title>Grand prix Falcade 2012: sabato e domenica campioni dello sport e vip si sfidano al Falcade Ice Kart - Bellunopress - Dolomiti<\/title>\n<meta name=\"robots\" content=\"index, follow, max-snippet:-1, max-image-preview:large, max-video-preview:-1\" \/>\n<link rel=\"canonical\" href=\"https:\/\/www.bellunopress.it\/fr\/2012\/01\/20\/grand-prix-falcade-2012-sabato-e-domenica-campioni-dello-sport-e-vip-si-sfidano-al-falcade-ice-kart\/\" \/>\n<meta property=\"og:locale\" content=\"fr_FR\" \/>\n<meta property=\"og:type\" content=\"article\" \/>\n<meta property=\"og:title\" content=\"Grand prix Falcade 2012: sabato e domenica campioni dello sport e vip si sfidano al Falcade Ice Kart - Bellunopress - Dolomiti\" \/>\n<meta property=\"og:description\" content=\"Weekend all\u2019insegna del binomio celebrit\u00e0-motori a Falcade. Sulla splendida pista di Ice Kart disegnata sulla piana della nota localit\u00e0 turistica del territorio di Dolomiti Stars, infatti, sabato 21 e domenica 22 gennaio andr\u00e0 in scena \u201cGrand Prix Falcade 2012\u201d, un evento sensazionale che prevede la sfida tra i piloti schierati nelle due squadre \u201cFormula 1\u201d [&hellip;]\" \/>\n<meta property=\"og:url\" content=\"https:\/\/www.bellunopress.it\/fr\/2012\/01\/20\/grand-prix-falcade-2012-sabato-e-domenica-campioni-dello-sport-e-vip-si-sfidano-al-falcade-ice-kart\/\" \/>\n<meta property=\"og:site_name\" content=\"Bellunopress - Dolomiti\" \/>\n<meta property=\"article:publisher\" content=\"https:\/\/www.facebook.com\/profile.php?id=100008943462799\" \/>\n<meta property=\"article:published_time\" content=\"2012-01-20T22:06:55+00:00\" \/>\n<meta property=\"og:image\" content=\"http:\/\/www.bellunopress.it\/wp-content\/uploads\/2012\/07\/logo-bellunopress-250x250-2012.jpg\" \/>\n<meta name=\"author\" content=\"redazione\" \/>\n<meta name=\"twitter:card\" content=\"summary_large_image\" \/>\n<meta name=\"twitter:creator\" content=\"@bellunopress\" \/>\n<meta name=\"twitter:site\" content=\"@bellunopress\" \/>\n<meta name=\"twitter:label1\" content=\"\u00c9crit par\" \/>\n\t<meta name=\"twitter:data1\" content=\"redazione\" \/>\n\t<meta name=\"twitter:label2\" content=\"Dur\u00e9e de lecture estim\u00e9e\" \/>\n\t<meta name=\"twitter:data2\" content=\"1 minute\" \/>\n<script type=\"application\/ld+json\" class=\"yoast-schema-graph\">{\"@context\":\"https:\\\/\\\/schema.org\",\"@graph\":[{\"@type\":\"Article\",\"@id\":\"https:\\\/\\\/www.bellunopress.it\\\/2012\\\/01\\\/20\\\/grand-prix-falcade-2012-sabato-e-domenica-campioni-dello-sport-e-vip-si-sfidano-al-falcade-ice-kart\\\/#article\",\"isPartOf\":{\"@id\":\"https:\\\/\\\/www.bellunopress.it\\\/2012\\\/01\\\/20\\\/grand-prix-falcade-2012-sabato-e-domenica-campioni-dello-sport-e-vip-si-sfidano-al-falcade-ice-kart\\\/\"},\"author\":{\"name\":\"redazione\",\"@id\":\"https:\\\/\\\/www.bellunopress.it\\\/#\\\/schema\\\/person\\\/79bb06722b37ece1c03d3e94beb30d73\"},\"headline\":\"Grand prix Falcade 2012: sabato e domenica campioni dello sport e vip si sfidano al Falcade Ice Kart\",\"datePublished\":\"2012-01-20T22:06:55+00:00\",\"mainEntityOfPage\":{\"@id\":\"https:\\\/\\\/www.bellunopress.it\\\/2012\\\/01\\\/20\\\/grand-prix-falcade-2012-sabato-e-domenica-campioni-dello-sport-e-vip-si-sfidano-al-falcade-ice-kart\\\/\"},\"wordCount\":255,\"publisher\":{\"@id\":\"https:\\\/\\\/www.bellunopress.it\\\/#organization\"},\"articleSection\":[\"Pausa Caff\u00e8\",\"Societ\u00e0, Associazioni, Istituzioni\",\"Sport, tempo libero\"],\"inLanguage\":\"fr-FR\"},{\"@type\":\"WebPage\",\"@id\":\"https:\\\/\\\/www.bellunopress.it\\\/2012\\\/01\\\/20\\\/grand-prix-falcade-2012-sabato-e-domenica-campioni-dello-sport-e-vip-si-sfidano-al-falcade-ice-kart\\\/\",\"url\":\"https:\\\/\\\/www.bellunopress.it\\\/2012\\\/01\\\/20\\\/grand-prix-falcade-2012-sabato-e-domenica-campioni-dello-sport-e-vip-si-sfidano-al-falcade-ice-kart\\\/\",\"name\":\"Grand prix Falcade 2012: sabato e domenica campioni dello sport e vip si sfidano al Falcade Ice Kart - Bellunopress - Dolomiti\",\"isPartOf\":{\"@id\":\"https:\\\/\\\/www.bellunopress.it\\\/#website\"},\"datePublished\":\"2012-01-20T22:06:55+00:00\",\"breadcrumb\":{\"@id\":\"https:\\\/\\\/www.bellunopress.it\\\/2012\\\/01\\\/20\\\/grand-prix-falcade-2012-sabato-e-domenica-campioni-dello-sport-e-vip-si-sfidano-al-falcade-ice-kart\\\/#breadcrumb\"},\"inLanguage\":\"fr-FR\",\"potentialAction\":[{\"@type\":\"ReadAction\",\"target\":[\"https:\\\/\\\/www.bellunopress.it\\\/2012\\\/01\\\/20\\\/grand-prix-falcade-2012-sabato-e-domenica-campioni-dello-sport-e-vip-si-sfidano-al-falcade-ice-kart\\\/\"]}]},{\"@type\":\"BreadcrumbList\",\"@id\":\"https:\\\/\\\/www.bellunopress.it\\\/2012\\\/01\\\/20\\\/grand-prix-falcade-2012-sabato-e-domenica-campioni-dello-sport-e-vip-si-sfidano-al-falcade-ice-kart\\\/#breadcrumb\",\"itemListElement\":[{\"@type\":\"ListItem\",\"position\":1,\"name\":\"Home\",\"item\":\"https:\\\/\\\/www.bellunopress.it\\\/\"},{\"@type\":\"ListItem\",\"position\":2,\"name\":\"Grand prix Falcade 2012: sabato e domenica campioni dello sport e vip si sfidano al Falcade Ice Kart\"}]},{\"@type\":\"WebSite\",\"@id\":\"https:\\\/\\\/www.bellunopress.it\\\/#website\",\"url\":\"https:\\\/\\\/www.bellunopress.it\\\/\",\"name\":\"Bellunopress - Dolomiti\",\"description\":\"e-mail: redazione@bellunopress.it\",\"publisher\":{\"@id\":\"https:\\\/\\\/www.bellunopress.it\\\/#organization\"},\"potentialAction\":[{\"@type\":\"SearchAction\",\"target\":{\"@type\":\"EntryPoint\",\"urlTemplate\":\"https:\\\/\\\/www.bellunopress.it\\\/?s={search_term_string}\"},\"query-input\":{\"@type\":\"PropertyValueSpecification\",\"valueRequired\":true,\"valueName\":\"search_term_string\"}}],\"inLanguage\":\"fr-FR\"},{\"@type\":\"Organization\",\"@id\":\"https:\\\/\\\/www.bellunopress.it\\\/#organization\",\"name\":\"Bellunopress\",\"url\":\"https:\\\/\\\/www.bellunopress.it\\\/\",\"logo\":{\"@type\":\"ImageObject\",\"inLanguage\":\"fr-FR\",\"@id\":\"https:\\\/\\\/www.bellunopress.it\\\/#\\\/schema\\\/logo\\\/image\\\/\",\"url\":\"https:\\\/\\\/www.bellunopress.it\\\/wp-content\\\/uploads\\\/2011\\\/05\\\/cropped-logo-bellunopress-.jpg\",\"contentUrl\":\"https:\\\/\\\/www.bellunopress.it\\\/wp-content\\\/uploads\\\/2011\\\/05\\\/cropped-logo-bellunopress-.jpg\",\"width\":512,\"height\":512,\"caption\":\"Bellunopress\"},\"image\":{\"@id\":\"https:\\\/\\\/www.bellunopress.it\\\/#\\\/schema\\\/logo\\\/image\\\/\"},\"sameAs\":[\"https:\\\/\\\/www.facebook.com\\\/profile.php?id=100008943462799\",\"https:\\\/\\\/x.com\\\/bellunopress\",\"https:\\\/\\\/www.linkedin.com\\\/hp\\\/?dnr=JBzUWaJfMUw8vbXJJ2tVW5-I3jZKvC4wsoxE&amp;amp;amp;amp;amp;amp;trk=nav_responsive_tab_home\",\"https:\\\/\\\/www.youtube.com\\\/channel\\\/UCxL0wu1uN0_3_7hGG0306cw\"]},{\"@type\":\"Person\",\"@id\":\"https:\\\/\\\/www.bellunopress.it\\\/#\\\/schema\\\/person\\\/79bb06722b37ece1c03d3e94beb30d73\",\"name\":\"redazione\",\"image\":{\"@type\":\"ImageObject\",\"inLanguage\":\"fr-FR\",\"@id\":\"https:\\\/\\\/secure.gravatar.com\\\/avatar\\\/37d968a2e67a6fd04c169c4bdef102d0bc5d31b2546345219e348575eb80e9a0?s=96&d=mm&r=g\",\"url\":\"https:\\\/\\\/secure.gravatar.com\\\/avatar\\\/37d968a2e67a6fd04c169c4bdef102d0bc5d31b2546345219e348575eb80e9a0?s=96&d=mm&r=g\",\"contentUrl\":\"https:\\\/\\\/secure.gravatar.com\\\/avatar\\\/37d968a2e67a6fd04c169c4bdef102d0bc5d31b2546345219e348575eb80e9a0?s=96&d=mm&r=g\",\"caption\":\"redazione\"},\"sameAs\":[\"http:\\\/\\\/www.bellunopress.it\",\"https:\\\/\\\/x.com\\\/bellunopress\"],\"url\":\"https:\\\/\\\/www.bellunopress.it\\\/fr\\\/author\\\/redazione\\\/\"}]}<\/script>\n<!-- \/ Yoast SEO plugin. -->","yoast_head_json":{"title":"Grand prix Falcade 2012: sabato e domenica campioni dello sport e vip si sfidano al Falcade Ice Kart - Bellunopress - Dolomiti","robots":{"index":"index","follow":"follow","max-snippet":"max-snippet:-1","max-image-preview":"max-image-preview:large","max-video-preview":"max-video-preview:-1"},"canonical":"https:\/\/www.bellunopress.it\/fr\/2012\/01\/20\/grand-prix-falcade-2012-sabato-e-domenica-campioni-dello-sport-e-vip-si-sfidano-al-falcade-ice-kart\/","og_locale":"fr_FR","og_type":"article","og_title":"Grand prix Falcade 2012: sabato e domenica campioni dello sport e vip si sfidano al Falcade Ice Kart - Bellunopress - Dolomiti","og_description":"Weekend all\u2019insegna del binomio celebrit\u00e0-motori a Falcade. Sulla splendida pista di Ice Kart disegnata sulla piana della nota localit\u00e0 turistica del territorio di Dolomiti Stars, infatti, sabato 21 e domenica 22 gennaio andr\u00e0 in scena \u201cGrand Prix Falcade 2012\u201d, un evento sensazionale che prevede la sfida tra i piloti schierati nelle due squadre \u201cFormula 1\u201d [&hellip;]","og_url":"https:\/\/www.bellunopress.it\/fr\/2012\/01\/20\/grand-prix-falcade-2012-sabato-e-domenica-campioni-dello-sport-e-vip-si-sfidano-al-falcade-ice-kart\/","og_site_name":"Bellunopress - Dolomiti","article_publisher":"https:\/\/www.facebook.com\/profile.php?id=100008943462799","article_published_time":"2012-01-20T22:06:55+00:00","og_image":[{"url":"http:\/\/www.bellunopress.it\/wp-content\/uploads\/2012\/07\/logo-bellunopress-250x250-2012.jpg","type":"","width":"","height":""}],"author":"redazione","twitter_card":"summary_large_image","twitter_creator":"@bellunopress","twitter_site":"@bellunopress","twitter_misc":{"\u00c9crit par":"redazione","Dur\u00e9e de lecture estim\u00e9e":"1 minute"},"schema":{"@context":"https:\/\/schema.org","@graph":[{"@type":"Article","@id":"https:\/\/www.bellunopress.it\/2012\/01\/20\/grand-prix-falcade-2012-sabato-e-domenica-campioni-dello-sport-e-vip-si-sfidano-al-falcade-ice-kart\/#article","isPartOf":{"@id":"https:\/\/www.bellunopress.it\/2012\/01\/20\/grand-prix-falcade-2012-sabato-e-domenica-campioni-dello-sport-e-vip-si-sfidano-al-falcade-ice-kart\/"},"author":{"name":"redazione","@id":"https:\/\/www.bellunopress.it\/#\/schema\/person\/79bb06722b37ece1c03d3e94beb30d73"},"headline":"Grand prix Falcade 2012: sabato e domenica campioni dello sport e vip si sfidano al Falcade Ice Kart","datePublished":"2012-01-20T22:06:55+00:00","mainEntityOfPage":{"@id":"https:\/\/www.bellunopress.it\/2012\/01\/20\/grand-prix-falcade-2012-sabato-e-domenica-campioni-dello-sport-e-vip-si-sfidano-al-falcade-ice-kart\/"},"wordCount":255,"publisher":{"@id":"https:\/\/www.bellunopress.it\/#organization"},"articleSection":["Pausa Caff\u00e8","Societ\u00e0, Associazioni, Istituzioni","Sport, tempo libero"],"inLanguage":"fr-FR"},{"@type":"WebPage","@id":"https:\/\/www.bellunopress.it\/2012\/01\/20\/grand-prix-falcade-2012-sabato-e-domenica-campioni-dello-sport-e-vip-si-sfidano-al-falcade-ice-kart\/","url":"https:\/\/www.bellunopress.it\/2012\/01\/20\/grand-prix-falcade-2012-sabato-e-domenica-campioni-dello-sport-e-vip-si-sfidano-al-falcade-ice-kart\/","name":"Grand prix Falcade 2012: sabato e domenica campioni dello sport e vip si sfidano al Falcade Ice Kart - Bellunopress - Dolomiti","isPartOf":{"@id":"https:\/\/www.bellunopress.it\/#website"},"datePublished":"2012-01-20T22:06:55+00:00","breadcrumb":{"@id":"https:\/\/www.bellunopress.it\/2012\/01\/20\/grand-prix-falcade-2012-sabato-e-domenica-campioni-dello-sport-e-vip-si-sfidano-al-falcade-ice-kart\/#breadcrumb"},"inLanguage":"fr-FR","potentialAction":[{"@type":"ReadAction","target":["https:\/\/www.bellunopress.it\/2012\/01\/20\/grand-prix-falcade-2012-sabato-e-domenica-campioni-dello-sport-e-vip-si-sfidano-al-falcade-ice-kart\/"]}]},{"@type":"BreadcrumbList","@id":"https:\/\/www.bellunopress.it\/2012\/01\/20\/grand-prix-falcade-2012-sabato-e-domenica-campioni-dello-sport-e-vip-si-sfidano-al-falcade-ice-kart\/#breadcrumb","itemListElement":[{"@type":"ListItem","position":1,"name":"Home","item":"https:\/\/www.bellunopress.it\/"},{"@type":"ListItem","position":2,"name":"Grand prix Falcade 2012: sabato e domenica campioni dello sport e vip si sfidano al Falcade Ice Kart"}]},{"@type":"WebSite","@id":"https:\/\/www.bellunopress.it\/#website","url":"https:\/\/www.bellunopress.it\/","name":"Bellunopress - Dolomiti","description":"e-mail: redazione@bellunopress.it","publisher":{"@id":"https:\/\/www.bellunopress.it\/#organization"},"potentialAction":[{"@type":"SearchAction","target":{"@type":"EntryPoint","urlTemplate":"https:\/\/www.bellunopress.it\/?s={search_term_string}"},"query-input":{"@type":"PropertyValueSpecification","valueRequired":true,"valueName":"search_term_string"}}],"inLanguage":"fr-FR"},{"@type":"Organization","@id":"https:\/\/www.bellunopress.it\/#organization","name":"Bellunopress","url":"https:\/\/www.bellunopress.it\/","logo":{"@type":"ImageObject","inLanguage":"fr-FR","@id":"https:\/\/www.bellunopress.it\/#\/schema\/logo\/image\/","url":"https:\/\/www.bellunopress.it\/wp-content\/uploads\/2011\/05\/cropped-logo-bellunopress-.jpg","contentUrl":"https:\/\/www.bellunopress.it\/wp-content\/uploads\/2011\/05\/cropped-logo-bellunopress-.jpg","width":512,"height":512,"caption":"Bellunopress"},"image":{"@id":"https:\/\/www.bellunopress.it\/#\/schema\/logo\/image\/"},"sameAs":["https:\/\/www.facebook.com\/profile.php?id=100008943462799","https:\/\/x.com\/bellunopress","https:\/\/www.linkedin.com\/hp\/?dnr=JBzUWaJfMUw8vbXJJ2tVW5-I3jZKvC4wsoxE&amp;amp;amp;amp;amp;amp;trk=nav_responsive_tab_home","https:\/\/www.youtube.com\/channel\/UCxL0wu1uN0_3_7hGG0306cw"]},{"@type":"Person","@id":"https:\/\/www.bellunopress.it\/#\/schema\/person\/79bb06722b37ece1c03d3e94beb30d73","name":"r\u00e9daction","image":{"@type":"ImageObject","inLanguage":"fr-FR","@id":"https:\/\/secure.gravatar.com\/avatar\/37d968a2e67a6fd04c169c4bdef102d0bc5d31b2546345219e348575eb80e9a0?s=96&d=mm&r=g","url":"https:\/\/secure.gravatar.com\/avatar\/37d968a2e67a6fd04c169c4bdef102d0bc5d31b2546345219e348575eb80e9a0?s=96&d=mm&r=g","contentUrl":"https:\/\/secure.gravatar.com\/avatar\/37d968a2e67a6fd04c169c4bdef102d0bc5d31b2546345219e348575eb80e9a0?s=96&d=mm&r=g","caption":"redazione"},"sameAs":["http:\/\/www.bellunopress.it","https:\/\/x.com\/bellunopress"],"url":"https:\/\/www.bellunopress.it\/fr\/author\/redazione\/"}]}},"_links":{"self":[{"href":"https:\/\/www.bellunopress.it\/fr\/wp-json\/wp\/v2\/posts\/34319","targetHints":{"allow":["GET"]}}],"collection":[{"href":"https:\/\/www.bellunopress.it\/fr\/wp-json\/wp\/v2\/posts"}],"about":[{"href":"https:\/\/www.bellunopress.it\/fr\/wp-json\/wp\/v2\/types\/post"}],"author":[{"embeddable":true,"href":"https:\/\/www.bellunopress.it\/fr\/wp-json\/wp\/v2\/users\/2"}],"replies":[{"embeddable":true,"href":"https:\/\/www.bellunopress.it\/fr\/wp-json\/wp\/v2\/comments?post=34319"}],"version-history":[{"count":1,"href":"https:\/\/www.bellunopress.it\/fr\/wp-json\/wp\/v2\/posts\/34319\/revisions"}],"predecessor-version":[{"id":34320,"href":"https:\/\/www.bellunopress.it\/fr\/wp-json\/wp\/v2\/posts\/34319\/revisions\/34320"}],"wp:attachment":[{"href":"https:\/\/www.bellunopress.it\/fr\/wp-json\/wp\/v2\/media?parent=34319"}],"wp:term":[{"taxonomy":"category","embeddable":true,"href":"https:\/\/www.bellunopress.it\/fr\/wp-json\/wp\/v2\/categories?post=34319"},{"taxonomy":"post_tag","embeddable":true,"href":"https:\/\/www.bellunopress.it\/fr\/wp-json\/wp\/v2\/tags?post=34319"}],"curies":[{"name":"wp","href":"https:\/\/api.w.org\/{rel}","templated":true}]}}