{"id":34317,"date":"2012-01-20T22:43:15","date_gmt":"2012-01-20T21:43:15","guid":{"rendered":"http:\/\/www.bellunopress.it\/?p=34317"},"modified":"2012-01-20T22:43:15","modified_gmt":"2012-01-20T21:43:15","slug":"scuole-protagoniste-al-teatro-comunale-di-bellluno-per-la-stagione-di-teatro-per-linfanzia-e-la-gioventu-comincio-dai-3%c2%94","status":"publish","type":"post","link":"https:\/\/www.bellunopress.it\/fr\/2012\/01\/20\/scuole-protagoniste-al-teatro-comunale-di-bellluno-per-la-stagione-di-teatro-per-linfanzia-e-la-gioventu-comincio-dai-3%c2%94\/","title":{"rendered":"Scuole protagoniste al Teatro comunale di Bellluno per la Stagione di teatro per l&#8217;infanzia e la giovent\u00f9 Comincio dai 3\u0094"},"content":{"rendered":"<p>Nuovo anno, nuove rilevanti proposte teatrali per i piccoli alunni delle scuole dell\u0092infanzia e primarie in cartellone per la seconda parte della diciannovesima edizione della Stagione di Teatro per l\u0092Infanzia e la Giovent\u00f9 COMINCIO DAI 3. In linea con il binomia educazione e cultura, che da sempre anima l\u0092impegno di Tib Teatro per le scuole di tutto il territorio provinciale, la gi\u00e0 ricca settimana di spettacoli dedicati ai pi\u00f9 piccoli, tutti peraltro caratterizzati dal TUTTO ESAURITO, si \u00e8 arricchita di repliche aggiuntive, assicurate dalla cooperativa bellunese per poter soddisfare le numerose richieste giunte dai diversi Istituti.<\/p>\n<p><a href=\"http:\/\/www.bellunopress.it\/wp-content\/uploads\/2011\/12\/teatro-comunale-notte.jpg\"><img loading=\"lazy\" decoding=\"async\" class=\"alignleft size-full wp-image-33329\" title=\"teatro comunale notte\" src=\"http:\/\/www.bellunopress.it\/wp-content\/uploads\/2011\/12\/teatro-comunale-notte.jpg\" alt=\"\" width=\"290\" height=\"238\" \/><\/a>Apre la programmazione, da luned\u00ec 23 a mercoled\u00ec 25 gennaio, la compagnia Eventi Culturali Teatri Comunicanti che presenter\u00e0, per le scuole primarie, ACQUA ALTA alla ricerca del tappo del mondo, la storia di un\u0092inedita alleanza tra uomini, animali e mezzi meccanici, di una lunghissima corda che passando di mano in mano traversa popoli e nazioni, come fossero perle di una collana, per riuscire a stappare il grande tappo del mondo e salvare la terra inondata dall\u0092acqua. La storia della pi\u00f9 poetica e stralunata cordata mai scesa in campo; mussulmani, ind\u00f9, cattolici, eschimesi, manager, cavalli, trattori, camion, trabiccoli. La storia dell\u0092umanit\u00e0 e della sua voglia di riscatto, la storia di un tappo che lentamente si solleva, dell\u0092acqua che se ne va, delle nuvole nel cielo, degli uomini e delle donne di questo mondo e della loro voglia di continuare a viverci! Questo spettacolo portatore di un forte messaggio di fratellanza, nel giugno 2008 si \u00e8 aggiudicato il Premio Gianni Rodari per il Teatro, Festival Nazionale Teatro Ragazzi Lucciole e Lanterne Roma, Villa Pamphilj\\Casa dei Teatri. Il testo \u00e8 di Marco Renzi, in scena Oberdan Cesanelli e Marco Renzi, musiche originali Enrico Biciocchi, scene e costumi Paolo De Santi, immagini video Corrado Virgili, oggetti e marchingegni Federico Mancini, regia Giacomo Zito.<\/p>\n<p>A seguire, gioved\u00ec 26 e venerd\u00ec 27 gennaio, JACK E IL FAGIOLO MAGICO liberamente tratto da Jack e il fagiolo magico di Joseph Jacobs, della compagnia Fratelli di Taglia, un classico della fiaba proposto alle scuole dell\u0092infanzia. Jack \u00e8 bambino distratto e furbo ma anche un po\u0092 sciocco, che vive con la madre, Donna Mary, in campagna. Il loro unico sostentamento \u00e8 la mucca Bianchina che, purtroppo, un giorno smette di dare latte e Jack \u00e8 costretto a portarla al mercato per venderla. L\u0092avventura prende l\u0092avvio dall\u0092incontro con un vecchio stravagante, che distrae Jack con alcuni indovinelli e lo convince a barattare la mucca con 5 fagioli magici. Questa scelta fa molto arrabbiare sua madre, che lo manda a letto senza cena e getta i fagioli dalla finestra. Solo allora si scopre che quei fagioli sono veramente magici e durante la notte iniziano a crescere salendo verso le stelle. La curiosit\u00e0 e la fame spingono Jack ad arrampicarsi sulla pianta di fagiolo per scoprire cosa c\u0092\u00e8 sopra le nuvole dove trova un castello, dimora dell\u0092Orco e dell\u0092Orchessa\u0085 Un caleidoscopio di personaggi e situazioni divertenti, colpi di scena e canzoni, una sorprendente scenografia mobile, omaggi a Chaplin e Tot\u00f2, al teatro di figura e alla Commedia dell\u0092Arte, delicati giochi di luci, colori e ombre accompagnano Jack nella ricerca di una soluzione ai suoi problemi. Il bambino trover\u00e0 le riposte che cerca in un altro mondo, superando prove e vincendo la paura dell\u0092Orco per essere ricompensato generosamente e riconquistare la fiducia della madre. Lo spettacolo \u00e8 un progetto di Daniele Dainelli e Giovanni Ferma, con Daniele Dainelli e Patrizia Signorini, regia di Marina Signorini e Giovanni Ferma, musiche di Leonardo Militi, luci e fonica Stefano Tampieri e Davide Servadei.<\/p>\n<p>COMINCIO DAI 3 proseguir\u00e0 in febbraio con l\u0092attesissimo appuntamento per le famiglie ANIMA BLU dedicato a Marc Chagall (domenica 5 febbraio ore 17:30 \u0096 info e prenotazioni 0437-950555) della compagnia Tam Teatromusica, spettacolo vincitore del premio\u00a0 Eolo Awards\u00a0 per il miglior spettacolo di Teatro Ragazzi Italiano e del premio Festival Feten 2009 \u0096 Gijon (Spagna) per la migliore scenografia. Uno spettacolo magico, in cui l\u0092incontro tra i corpi dei due attori e le immagini pittoriche dar\u00e0 agli esseri che popolano le tele del celebre pittore bielorusso, restituendo un racconto fatto di ritmo, visivo e sonoro, di colori e forme plastiche incantevoli.<\/p>\n<p>La Stagione di Teatro per l\u0092Infanzia e la Giovent\u00f9 COMINCIO DAI 3 \u00e8 organizzata da Tib Teatro, per la direzione artistica di Daniela Nicosia, con la Fondazione Teatri delle Dolomiti e il Comune di Belluno, la manifestazione \u00e8 realizzata nell\u0092ambito dell\u0092accordo di programma Regione del Veneto-Province del Veneto-Reteventi Cultura 2011-Provincia di Belluno, con il Ministero per i Beni e le Attivit\u00e0 Culturali, e con Il patrocinio della Regione del Veneto, MIUR\u0096USR del Veneto\u0096Ufficio Scolastico Provinciale di Belluno e Agiscuola.<\/p>\n<p>INFO 0437-950555 <a href=\"http:\/\/www.tibteatro.it\">www.tibteatro.it<\/a><\/p>","protected":false},"excerpt":{"rendered":"<p>Nuovo anno, nuove rilevanti proposte teatrali per i piccoli alunni delle scuole dell\u0092infanzia e primarie in cartellone per la seconda parte della diciannovesima edizione della Stagione di Teatro per l\u0092Infanzia e la Giovent\u00f9 COMINCIO DAI 3. In linea con il binomia educazione e cultura, che da sempre anima l\u0092impegno di Tib Teatro per le scuole [&hellip;]<\/p>\n","protected":false},"author":2,"featured_media":0,"comment_status":"closed","ping_status":"open","sticky":false,"template":"","format":"standard","meta":{"footnotes":""},"categories":[3,25],"tags":[],"class_list":["post-34317","post","type-post","status-publish","format-standard","category-arte-cultura-spettacoli-scienza-archivi","category-pausa-caffe"],"yoast_head":"<!-- This site is optimized with the Yoast SEO plugin v28.4 - https:\/\/yoast.com\/product\/yoast-seo-wordpress\/ -->\n<title>Scuole protagoniste al Teatro comunale di Bellluno per la Stagione di teatro per l&#039;infanzia e la giovent\u00f9 Comincio dai 3\u0094 - Bellunopress - Dolomiti<\/title>\n<meta name=\"robots\" content=\"index, follow, max-snippet:-1, max-image-preview:large, max-video-preview:-1\" \/>\n<link rel=\"canonical\" href=\"https:\/\/www.bellunopress.it\/fr\/2012\/01\/20\/scuole-protagoniste-al-teatro-comunale-di-bellluno-per-la-stagione-di-teatro-per-linfanzia-e-la-gioventu-comincio-dai-3\u0094\/\" \/>\n<meta property=\"og:locale\" content=\"fr_FR\" \/>\n<meta property=\"og:type\" content=\"article\" \/>\n<meta property=\"og:title\" content=\"Scuole protagoniste al Teatro comunale di Bellluno per la Stagione di teatro per l&#039;infanzia e la giovent\u00f9 Comincio dai 3\u0094 - Bellunopress - Dolomiti\" \/>\n<meta property=\"og:description\" content=\"Nuovo anno, nuove rilevanti proposte teatrali per i piccoli alunni delle scuole dell\u0092infanzia e primarie in cartellone per la seconda parte della diciannovesima edizione della Stagione di Teatro per l\u0092Infanzia e la Giovent\u00f9 COMINCIO DAI 3. In linea con il binomia educazione e cultura, che da sempre anima l\u0092impegno di Tib Teatro per le scuole [&hellip;]\" \/>\n<meta property=\"og:url\" content=\"https:\/\/www.bellunopress.it\/fr\/2012\/01\/20\/scuole-protagoniste-al-teatro-comunale-di-bellluno-per-la-stagione-di-teatro-per-linfanzia-e-la-gioventu-comincio-dai-3\u0094\/\" \/>\n<meta property=\"og:site_name\" content=\"Bellunopress - Dolomiti\" \/>\n<meta property=\"article:publisher\" content=\"https:\/\/www.facebook.com\/profile.php?id=100008943462799\" \/>\n<meta property=\"article:published_time\" content=\"2012-01-20T21:43:15+00:00\" \/>\n<meta property=\"og:image\" content=\"http:\/\/www.bellunopress.it\/wp-content\/uploads\/2011\/12\/teatro-comunale-notte.jpg\" \/>\n<meta name=\"author\" content=\"redazione\" \/>\n<meta name=\"twitter:card\" content=\"summary_large_image\" \/>\n<meta name=\"twitter:creator\" content=\"@bellunopress\" \/>\n<meta name=\"twitter:site\" content=\"@bellunopress\" \/>\n<meta name=\"twitter:label1\" content=\"Written by\" \/>\n\t<meta name=\"twitter:data1\" content=\"redazione\" \/>\n\t<meta name=\"twitter:label2\" content=\"Est. reading time\" \/>\n\t<meta name=\"twitter:data2\" content=\"4 minutes\" \/>\n<script type=\"application\/ld+json\" class=\"yoast-schema-graph\">{\"@context\":\"https:\\\/\\\/schema.org\",\"@graph\":[{\"@type\":\"Article\",\"@id\":\"https:\\\/\\\/www.bellunopress.it\\\/2012\\\/01\\\/20\\\/scuole-protagoniste-al-teatro-comunale-di-bellluno-per-la-stagione-di-teatro-per-linfanzia-e-la-gioventu-comincio-dai-3%c2%94\\\/#article\",\"isPartOf\":{\"@id\":\"https:\\\/\\\/www.bellunopress.it\\\/2012\\\/01\\\/20\\\/scuole-protagoniste-al-teatro-comunale-di-bellluno-per-la-stagione-di-teatro-per-linfanzia-e-la-gioventu-comincio-dai-3%c2%94\\\/\"},\"author\":{\"name\":\"redazione\",\"@id\":\"https:\\\/\\\/www.bellunopress.it\\\/#\\\/schema\\\/person\\\/79bb06722b37ece1c03d3e94beb30d73\"},\"headline\":\"Scuole protagoniste al Teatro comunale di Bellluno per la Stagione di teatro per l&#8217;infanzia e la giovent\u00f9 Comincio dai 3\u0094\",\"datePublished\":\"2012-01-20T21:43:15+00:00\",\"mainEntityOfPage\":{\"@id\":\"https:\\\/\\\/www.bellunopress.it\\\/2012\\\/01\\\/20\\\/scuole-protagoniste-al-teatro-comunale-di-bellluno-per-la-stagione-di-teatro-per-linfanzia-e-la-gioventu-comincio-dai-3%c2%94\\\/\"},\"wordCount\":797,\"publisher\":{\"@id\":\"https:\\\/\\\/www.bellunopress.it\\\/#organization\"},\"image\":{\"@id\":\"https:\\\/\\\/www.bellunopress.it\\\/2012\\\/01\\\/20\\\/scuole-protagoniste-al-teatro-comunale-di-bellluno-per-la-stagione-di-teatro-per-linfanzia-e-la-gioventu-comincio-dai-3%c2%94\\\/#primaryimage\"},\"thumbnailUrl\":\"http:\\\/\\\/www.bellunopress.it\\\/wp-content\\\/uploads\\\/2011\\\/12\\\/teatro-comunale-notte.jpg\",\"articleSection\":[\"Arte, Cultura, Spettacoli, Scienza\",\"Pausa Caff\u00e8\"],\"inLanguage\":\"fr-FR\"},{\"@type\":\"WebPage\",\"@id\":\"https:\\\/\\\/www.bellunopress.it\\\/2012\\\/01\\\/20\\\/scuole-protagoniste-al-teatro-comunale-di-bellluno-per-la-stagione-di-teatro-per-linfanzia-e-la-gioventu-comincio-dai-3%c2%94\\\/\",\"url\":\"https:\\\/\\\/www.bellunopress.it\\\/2012\\\/01\\\/20\\\/scuole-protagoniste-al-teatro-comunale-di-bellluno-per-la-stagione-di-teatro-per-linfanzia-e-la-gioventu-comincio-dai-3%c2%94\\\/\",\"name\":\"Scuole protagoniste al Teatro comunale di Bellluno per la Stagione di teatro per l'infanzia e la giovent\u00f9 Comincio dai 3\u0094 - Bellunopress - Dolomiti\",\"isPartOf\":{\"@id\":\"https:\\\/\\\/www.bellunopress.it\\\/#website\"},\"primaryImageOfPage\":{\"@id\":\"https:\\\/\\\/www.bellunopress.it\\\/2012\\\/01\\\/20\\\/scuole-protagoniste-al-teatro-comunale-di-bellluno-per-la-stagione-di-teatro-per-linfanzia-e-la-gioventu-comincio-dai-3%c2%94\\\/#primaryimage\"},\"image\":{\"@id\":\"https:\\\/\\\/www.bellunopress.it\\\/2012\\\/01\\\/20\\\/scuole-protagoniste-al-teatro-comunale-di-bellluno-per-la-stagione-di-teatro-per-linfanzia-e-la-gioventu-comincio-dai-3%c2%94\\\/#primaryimage\"},\"thumbnailUrl\":\"http:\\\/\\\/www.bellunopress.it\\\/wp-content\\\/uploads\\\/2011\\\/12\\\/teatro-comunale-notte.jpg\",\"datePublished\":\"2012-01-20T21:43:15+00:00\",\"breadcrumb\":{\"@id\":\"https:\\\/\\\/www.bellunopress.it\\\/2012\\\/01\\\/20\\\/scuole-protagoniste-al-teatro-comunale-di-bellluno-per-la-stagione-di-teatro-per-linfanzia-e-la-gioventu-comincio-dai-3%c2%94\\\/#breadcrumb\"},\"inLanguage\":\"fr-FR\",\"potentialAction\":[{\"@type\":\"ReadAction\",\"target\":[\"https:\\\/\\\/www.bellunopress.it\\\/2012\\\/01\\\/20\\\/scuole-protagoniste-al-teatro-comunale-di-bellluno-per-la-stagione-di-teatro-per-linfanzia-e-la-gioventu-comincio-dai-3%c2%94\\\/\"]}]},{\"@type\":\"ImageObject\",\"inLanguage\":\"fr-FR\",\"@id\":\"https:\\\/\\\/www.bellunopress.it\\\/2012\\\/01\\\/20\\\/scuole-protagoniste-al-teatro-comunale-di-bellluno-per-la-stagione-di-teatro-per-linfanzia-e-la-gioventu-comincio-dai-3%c2%94\\\/#primaryimage\",\"url\":\"http:\\\/\\\/www.bellunopress.it\\\/wp-content\\\/uploads\\\/2011\\\/12\\\/teatro-comunale-notte.jpg\",\"contentUrl\":\"http:\\\/\\\/www.bellunopress.it\\\/wp-content\\\/uploads\\\/2011\\\/12\\\/teatro-comunale-notte.jpg\"},{\"@type\":\"BreadcrumbList\",\"@id\":\"https:\\\/\\\/www.bellunopress.it\\\/2012\\\/01\\\/20\\\/scuole-protagoniste-al-teatro-comunale-di-bellluno-per-la-stagione-di-teatro-per-linfanzia-e-la-gioventu-comincio-dai-3%c2%94\\\/#breadcrumb\",\"itemListElement\":[{\"@type\":\"ListItem\",\"position\":1,\"name\":\"Home\",\"item\":\"https:\\\/\\\/www.bellunopress.it\\\/\"},{\"@type\":\"ListItem\",\"position\":2,\"name\":\"Scuole protagoniste al Teatro comunale di Bellluno per la Stagione di teatro per l&#8217;infanzia e la giovent\u00f9 Comincio dai 3\u0094\"}]},{\"@type\":\"WebSite\",\"@id\":\"https:\\\/\\\/www.bellunopress.it\\\/#website\",\"url\":\"https:\\\/\\\/www.bellunopress.it\\\/\",\"name\":\"Bellunopress - Dolomiti\",\"description\":\"e-mail: redazione@bellunopress.it\",\"publisher\":{\"@id\":\"https:\\\/\\\/www.bellunopress.it\\\/#organization\"},\"potentialAction\":[{\"@type\":\"SearchAction\",\"target\":{\"@type\":\"EntryPoint\",\"urlTemplate\":\"https:\\\/\\\/www.bellunopress.it\\\/?s={search_term_string}\"},\"query-input\":{\"@type\":\"PropertyValueSpecification\",\"valueRequired\":true,\"valueName\":\"search_term_string\"}}],\"inLanguage\":\"fr-FR\"},{\"@type\":\"Organization\",\"@id\":\"https:\\\/\\\/www.bellunopress.it\\\/#organization\",\"name\":\"Bellunopress\",\"url\":\"https:\\\/\\\/www.bellunopress.it\\\/\",\"logo\":{\"@type\":\"ImageObject\",\"inLanguage\":\"fr-FR\",\"@id\":\"https:\\\/\\\/www.bellunopress.it\\\/#\\\/schema\\\/logo\\\/image\\\/\",\"url\":\"https:\\\/\\\/www.bellunopress.it\\\/wp-content\\\/uploads\\\/2011\\\/05\\\/cropped-logo-bellunopress-.jpg\",\"contentUrl\":\"https:\\\/\\\/www.bellunopress.it\\\/wp-content\\\/uploads\\\/2011\\\/05\\\/cropped-logo-bellunopress-.jpg\",\"width\":512,\"height\":512,\"caption\":\"Bellunopress\"},\"image\":{\"@id\":\"https:\\\/\\\/www.bellunopress.it\\\/#\\\/schema\\\/logo\\\/image\\\/\"},\"sameAs\":[\"https:\\\/\\\/www.facebook.com\\\/profile.php?id=100008943462799\",\"https:\\\/\\\/x.com\\\/bellunopress\",\"https:\\\/\\\/www.linkedin.com\\\/hp\\\/?dnr=JBzUWaJfMUw8vbXJJ2tVW5-I3jZKvC4wsoxE&amp;amp;amp;amp;amp;amp;trk=nav_responsive_tab_home\",\"https:\\\/\\\/www.youtube.com\\\/channel\\\/UCxL0wu1uN0_3_7hGG0306cw\"]},{\"@type\":\"Person\",\"@id\":\"https:\\\/\\\/www.bellunopress.it\\\/#\\\/schema\\\/person\\\/79bb06722b37ece1c03d3e94beb30d73\",\"name\":\"redazione\",\"image\":{\"@type\":\"ImageObject\",\"inLanguage\":\"fr-FR\",\"@id\":\"https:\\\/\\\/secure.gravatar.com\\\/avatar\\\/37d968a2e67a6fd04c169c4bdef102d0bc5d31b2546345219e348575eb80e9a0?s=96&d=mm&r=g\",\"url\":\"https:\\\/\\\/secure.gravatar.com\\\/avatar\\\/37d968a2e67a6fd04c169c4bdef102d0bc5d31b2546345219e348575eb80e9a0?s=96&d=mm&r=g\",\"contentUrl\":\"https:\\\/\\\/secure.gravatar.com\\\/avatar\\\/37d968a2e67a6fd04c169c4bdef102d0bc5d31b2546345219e348575eb80e9a0?s=96&d=mm&r=g\",\"caption\":\"redazione\"},\"sameAs\":[\"http:\\\/\\\/www.bellunopress.it\",\"https:\\\/\\\/x.com\\\/bellunopress\"],\"url\":\"https:\\\/\\\/www.bellunopress.it\\\/fr\\\/author\\\/redazione\\\/\"}]}<\/script>\n<!-- \/ Yoast SEO plugin. -->","yoast_head_json":{"title":"Scuole protagoniste al Teatro comunale di Bellluno per la Stagione di teatro per l'infanzia e la giovent\u00f9 Comincio dai 3\u0094 - Bellunopress - Dolomiti","robots":{"index":"index","follow":"follow","max-snippet":"max-snippet:-1","max-image-preview":"max-image-preview:large","max-video-preview":"max-video-preview:-1"},"canonical":"https:\/\/www.bellunopress.it\/fr\/2012\/01\/20\/scuole-protagoniste-al-teatro-comunale-di-bellluno-per-la-stagione-di-teatro-per-linfanzia-e-la-gioventu-comincio-dai-3\u0094\/","og_locale":"fr_FR","og_type":"article","og_title":"Scuole protagoniste al Teatro comunale di Bellluno per la Stagione di teatro per l'infanzia e la giovent\u00f9 Comincio dai 3\u0094 - Bellunopress - Dolomiti","og_description":"Nuovo anno, nuove rilevanti proposte teatrali per i piccoli alunni delle scuole dell\u0092infanzia e primarie in cartellone per la seconda parte della diciannovesima edizione della Stagione di Teatro per l\u0092Infanzia e la Giovent\u00f9 COMINCIO DAI 3. In linea con il binomia educazione e cultura, che da sempre anima l\u0092impegno di Tib Teatro per le scuole [&hellip;]","og_url":"https:\/\/www.bellunopress.it\/fr\/2012\/01\/20\/scuole-protagoniste-al-teatro-comunale-di-bellluno-per-la-stagione-di-teatro-per-linfanzia-e-la-gioventu-comincio-dai-3\u0094\/","og_site_name":"Bellunopress - Dolomiti","article_publisher":"https:\/\/www.facebook.com\/profile.php?id=100008943462799","article_published_time":"2012-01-20T21:43:15+00:00","og_image":[{"url":"http:\/\/www.bellunopress.it\/wp-content\/uploads\/2011\/12\/teatro-comunale-notte.jpg","type":"","width":"","height":""}],"author":"redazione","twitter_card":"summary_large_image","twitter_creator":"@bellunopress","twitter_site":"@bellunopress","twitter_misc":{"Written by":"redazione","Est. reading time":"4 minutes"},"schema":{"@context":"https:\/\/schema.org","@graph":[{"@type":"Article","@id":"https:\/\/www.bellunopress.it\/2012\/01\/20\/scuole-protagoniste-al-teatro-comunale-di-bellluno-per-la-stagione-di-teatro-per-linfanzia-e-la-gioventu-comincio-dai-3%c2%94\/#article","isPartOf":{"@id":"https:\/\/www.bellunopress.it\/2012\/01\/20\/scuole-protagoniste-al-teatro-comunale-di-bellluno-per-la-stagione-di-teatro-per-linfanzia-e-la-gioventu-comincio-dai-3%c2%94\/"},"author":{"name":"redazione","@id":"https:\/\/www.bellunopress.it\/#\/schema\/person\/79bb06722b37ece1c03d3e94beb30d73"},"headline":"Scuole protagoniste al Teatro comunale di Bellluno per la Stagione di teatro per l&#8217;infanzia e la giovent\u00f9 Comincio dai 3\u0094","datePublished":"2012-01-20T21:43:15+00:00","mainEntityOfPage":{"@id":"https:\/\/www.bellunopress.it\/2012\/01\/20\/scuole-protagoniste-al-teatro-comunale-di-bellluno-per-la-stagione-di-teatro-per-linfanzia-e-la-gioventu-comincio-dai-3%c2%94\/"},"wordCount":797,"publisher":{"@id":"https:\/\/www.bellunopress.it\/#organization"},"image":{"@id":"https:\/\/www.bellunopress.it\/2012\/01\/20\/scuole-protagoniste-al-teatro-comunale-di-bellluno-per-la-stagione-di-teatro-per-linfanzia-e-la-gioventu-comincio-dai-3%c2%94\/#primaryimage"},"thumbnailUrl":"http:\/\/www.bellunopress.it\/wp-content\/uploads\/2011\/12\/teatro-comunale-notte.jpg","articleSection":["Arte, Cultura, Spettacoli, Scienza","Pausa Caff\u00e8"],"inLanguage":"fr-FR"},{"@type":"WebPage","@id":"https:\/\/www.bellunopress.it\/2012\/01\/20\/scuole-protagoniste-al-teatro-comunale-di-bellluno-per-la-stagione-di-teatro-per-linfanzia-e-la-gioventu-comincio-dai-3%c2%94\/","url":"https:\/\/www.bellunopress.it\/2012\/01\/20\/scuole-protagoniste-al-teatro-comunale-di-bellluno-per-la-stagione-di-teatro-per-linfanzia-e-la-gioventu-comincio-dai-3%c2%94\/","name":"Scuole protagoniste al Teatro comunale di Bellluno per la Stagione di teatro per l'infanzia e la giovent\u00f9 Comincio dai 3\u0094 - Bellunopress - Dolomiti","isPartOf":{"@id":"https:\/\/www.bellunopress.it\/#website"},"primaryImageOfPage":{"@id":"https:\/\/www.bellunopress.it\/2012\/01\/20\/scuole-protagoniste-al-teatro-comunale-di-bellluno-per-la-stagione-di-teatro-per-linfanzia-e-la-gioventu-comincio-dai-3%c2%94\/#primaryimage"},"image":{"@id":"https:\/\/www.bellunopress.it\/2012\/01\/20\/scuole-protagoniste-al-teatro-comunale-di-bellluno-per-la-stagione-di-teatro-per-linfanzia-e-la-gioventu-comincio-dai-3%c2%94\/#primaryimage"},"thumbnailUrl":"http:\/\/www.bellunopress.it\/wp-content\/uploads\/2011\/12\/teatro-comunale-notte.jpg","datePublished":"2012-01-20T21:43:15+00:00","breadcrumb":{"@id":"https:\/\/www.bellunopress.it\/2012\/01\/20\/scuole-protagoniste-al-teatro-comunale-di-bellluno-per-la-stagione-di-teatro-per-linfanzia-e-la-gioventu-comincio-dai-3%c2%94\/#breadcrumb"},"inLanguage":"fr-FR","potentialAction":[{"@type":"ReadAction","target":["https:\/\/www.bellunopress.it\/2012\/01\/20\/scuole-protagoniste-al-teatro-comunale-di-bellluno-per-la-stagione-di-teatro-per-linfanzia-e-la-gioventu-comincio-dai-3%c2%94\/"]}]},{"@type":"ImageObject","inLanguage":"fr-FR","@id":"https:\/\/www.bellunopress.it\/2012\/01\/20\/scuole-protagoniste-al-teatro-comunale-di-bellluno-per-la-stagione-di-teatro-per-linfanzia-e-la-gioventu-comincio-dai-3%c2%94\/#primaryimage","url":"http:\/\/www.bellunopress.it\/wp-content\/uploads\/2011\/12\/teatro-comunale-notte.jpg","contentUrl":"http:\/\/www.bellunopress.it\/wp-content\/uploads\/2011\/12\/teatro-comunale-notte.jpg"},{"@type":"BreadcrumbList","@id":"https:\/\/www.bellunopress.it\/2012\/01\/20\/scuole-protagoniste-al-teatro-comunale-di-bellluno-per-la-stagione-di-teatro-per-linfanzia-e-la-gioventu-comincio-dai-3%c2%94\/#breadcrumb","itemListElement":[{"@type":"ListItem","position":1,"name":"Home","item":"https:\/\/www.bellunopress.it\/"},{"@type":"ListItem","position":2,"name":"Scuole protagoniste al Teatro comunale di Bellluno per la Stagione di teatro per l&#8217;infanzia e la giovent\u00f9 Comincio dai 3\u0094"}]},{"@type":"WebSite","@id":"https:\/\/www.bellunopress.it\/#website","url":"https:\/\/www.bellunopress.it\/","name":"Bellunopress - Dolomiti","description":"e-mail: redazione@bellunopress.it","publisher":{"@id":"https:\/\/www.bellunopress.it\/#organization"},"potentialAction":[{"@type":"SearchAction","target":{"@type":"EntryPoint","urlTemplate":"https:\/\/www.bellunopress.it\/?s={search_term_string}"},"query-input":{"@type":"PropertyValueSpecification","valueRequired":true,"valueName":"search_term_string"}}],"inLanguage":"fr-FR"},{"@type":"Organization","@id":"https:\/\/www.bellunopress.it\/#organization","name":"Bellunopress","url":"https:\/\/www.bellunopress.it\/","logo":{"@type":"ImageObject","inLanguage":"fr-FR","@id":"https:\/\/www.bellunopress.it\/#\/schema\/logo\/image\/","url":"https:\/\/www.bellunopress.it\/wp-content\/uploads\/2011\/05\/cropped-logo-bellunopress-.jpg","contentUrl":"https:\/\/www.bellunopress.it\/wp-content\/uploads\/2011\/05\/cropped-logo-bellunopress-.jpg","width":512,"height":512,"caption":"Bellunopress"},"image":{"@id":"https:\/\/www.bellunopress.it\/#\/schema\/logo\/image\/"},"sameAs":["https:\/\/www.facebook.com\/profile.php?id=100008943462799","https:\/\/x.com\/bellunopress","https:\/\/www.linkedin.com\/hp\/?dnr=JBzUWaJfMUw8vbXJJ2tVW5-I3jZKvC4wsoxE&amp;amp;amp;amp;amp;amp;trk=nav_responsive_tab_home","https:\/\/www.youtube.com\/channel\/UCxL0wu1uN0_3_7hGG0306cw"]},{"@type":"Person","@id":"https:\/\/www.bellunopress.it\/#\/schema\/person\/79bb06722b37ece1c03d3e94beb30d73","name":"r\u00e9daction","image":{"@type":"ImageObject","inLanguage":"fr-FR","@id":"https:\/\/secure.gravatar.com\/avatar\/37d968a2e67a6fd04c169c4bdef102d0bc5d31b2546345219e348575eb80e9a0?s=96&d=mm&r=g","url":"https:\/\/secure.gravatar.com\/avatar\/37d968a2e67a6fd04c169c4bdef102d0bc5d31b2546345219e348575eb80e9a0?s=96&d=mm&r=g","contentUrl":"https:\/\/secure.gravatar.com\/avatar\/37d968a2e67a6fd04c169c4bdef102d0bc5d31b2546345219e348575eb80e9a0?s=96&d=mm&r=g","caption":"redazione"},"sameAs":["http:\/\/www.bellunopress.it","https:\/\/x.com\/bellunopress"],"url":"https:\/\/www.bellunopress.it\/fr\/author\/redazione\/"}]}},"_links":{"self":[{"href":"https:\/\/www.bellunopress.it\/fr\/wp-json\/wp\/v2\/posts\/34317","targetHints":{"allow":["GET"]}}],"collection":[{"href":"https:\/\/www.bellunopress.it\/fr\/wp-json\/wp\/v2\/posts"}],"about":[{"href":"https:\/\/www.bellunopress.it\/fr\/wp-json\/wp\/v2\/types\/post"}],"author":[{"embeddable":true,"href":"https:\/\/www.bellunopress.it\/fr\/wp-json\/wp\/v2\/users\/2"}],"replies":[{"embeddable":true,"href":"https:\/\/www.bellunopress.it\/fr\/wp-json\/wp\/v2\/comments?post=34317"}],"version-history":[{"count":1,"href":"https:\/\/www.bellunopress.it\/fr\/wp-json\/wp\/v2\/posts\/34317\/revisions"}],"predecessor-version":[{"id":34318,"href":"https:\/\/www.bellunopress.it\/fr\/wp-json\/wp\/v2\/posts\/34317\/revisions\/34318"}],"wp:attachment":[{"href":"https:\/\/www.bellunopress.it\/fr\/wp-json\/wp\/v2\/media?parent=34317"}],"wp:term":[{"taxonomy":"category","embeddable":true,"href":"https:\/\/www.bellunopress.it\/fr\/wp-json\/wp\/v2\/categories?post=34317"},{"taxonomy":"post_tag","embeddable":true,"href":"https:\/\/www.bellunopress.it\/fr\/wp-json\/wp\/v2\/tags?post=34317"}],"curies":[{"name":"wp","href":"https:\/\/api.w.org\/{rel}","templated":true}]}}